{"id":13429,"date":"2023-09-08T14:16:42","date_gmt":"2023-09-08T14:16:42","guid":{"rendered":"https:\/\/kibrisdakik.com\/index.php\/2023\/09\/08\/cumhuriyet-meclisi-baskani-tore-nusaybin-cocuk-gelisim-merkezinden-cocuklari-kabul-etti\/"},"modified":"2023-09-08T14:16:42","modified_gmt":"2023-09-08T14:16:42","slug":"cumhuriyet-meclisi-baskani-tore-nusaybin-cocuk-gelisim-merkezinden-cocuklari-kabul-etti","status":"publish","type":"post","link":"https:\/\/kibrisdakik.com\/?p=13429","title":{"rendered":"Cumhuriyet Meclisi Ba\u015fkan\u0131 T\u00f6re, Nusaybin \u00c7ocuk Geli\u015fim Merkezi\u2019nden \u00e7ocuklar\u0131 kabul etti"},"content":{"rendered":"<p><\/p>\n<div>\n<div class=\"mariselle-image-container center\">\n                <img width=\"1800\" height=\"1200\" class=\"lazy-image\" alt=\"\" decoding=\"async\" loading=\"lazy\" sizes=\"auto, (max-width: 1800px) 100vw, 1800px\" src=\"https:\/\/brtk.net\/wp-content\/uploads\/2023\/09\/08\/0B5A2466.JPG.jpg?ver=344089496ed98ded372e49d1dfb52175\" srcset=\"https:\/\/brtk.net\/wp-content\/uploads\/2023\/09\/08\/0B5A2466.JPG.jpg?ver=344089496ed98ded372e49d1dfb52175 1800w, https:\/\/brtk.net\/wp-content\/uploads\/2023\/09\/08\/0B5A2466.JPG-300x200.jpg?ver=344089496ed98ded372e49d1dfb52175 300w, https:\/\/brtk.net\/wp-content\/uploads\/2023\/09\/08\/0B5A2466.JPG-1024x683.jpg?ver=7336f97c49c147eda45a606948f63694 1024w, https:\/\/brtk.net\/wp-content\/uploads\/2023\/09\/08\/0B5A2466.JPG-768x512.jpg?ver=7336f97c49c147eda45a606948f63694 768w, https:\/\/brtk.net\/wp-content\/uploads\/2023\/09\/08\/0B5A2466.JPG-1536x1024.jpg?ver=8fec887d35495e9d416ebd6eef8493dd 1536w\"\/>                            <\/div>\n<p>Cumhuriyet Meclisi Ba\u015fkan\u0131 Zorlu T\u00f6re, Ba\u015fbakan \u00dcnal \u00dcstel himayelerinde \u00fclkede bulunan T\u00fcrkiye\u2019nin Mardin ili Nusaybin \u0130l\u00e7esi \u00c7ocuk Geli\u015fim Merkezi\u2019nden \u00e7ocuklar\u0131 kabul etti. <\/p>\n<p>Meclis Zalihe \u00c7avu\u015fo\u011flu Toplant\u0131 Salonunda yer alan kabulde \u00e7ocuklara hitap eden T\u00f6re, <a href=\"https:\/\/brtk.net\/\">KKTC<\/a>\u2019nin onlar\u0131n da vatan\u0131 oldu\u011funa de\u011finerek tarihi ve ya\u015fan\u0131lanlar\u0131 \u00e7ok iyi bilmelerini istedi. <\/p>\n<p>K\u0131br\u0131s T\u00fcrklerinin T\u00fcrk milletinin mensuplar\u0131 oldu\u011funa i\u015faret eden T\u00f6re, <a href=\"https:\/\/brtk.net\/\">KKTC<\/a>\u2019nin \u015fehitlerin ve gazilerin verdi\u011fi m\u00fccadele ile kuruldu\u011funu s\u00f6yledi. <\/p>\n<p>T\u00fcrkiye\u2019nin kendilerinin Anavatan\u0131 oldu\u011funu ifade eden Ba\u015fkan T\u00f6re, Atat\u00fcrk\u2019\u00fcn \u201cNe mutlu T\u00fcrk\u00fcm diyene\u201d s\u00f6z\u00fcnde birle\u015ftiklerini kaydetti. <\/p>\n<p>Vatan\u0131n daha ileriye gitmesi i\u00e7in herkesin m\u00fccadele verdi\u011fini vurgulayan T\u00f6re, \u00e7ocuklar\u0131n da bayra\u011f\u0131na ve devletine sahip \u00e7\u0131karak daha iyisini yapmak i\u00e7in \u00e7al\u0131\u015fmas\u0131n\u0131 diledi. <\/p>\n<p>T\u00f6re, kabulde \u00e7ocuklar\u0131n sordu\u011fu sorular\u0131 da yan\u0131tlad\u0131.<\/p>\n<\/p><\/div>\n","protected":false},"excerpt":{"rendered":"<p>Cumhuriyet Meclisi Ba\u015fkan\u0131 Zorlu T\u00f6re, Ba\u015fbakan \u00dcnal \u00dcstel himayelerinde \u00fclkede bulunan T\u00fcrkiye\u2019nin Mardin ili Nusaybin \u0130l\u00e7esi \u00c7ocuk Geli\u015fim Merkezi\u2019nden \u00e7ocuklar\u0131 kabul etti. Meclis Zalihe \u00c7avu\u015fo\u011flu Toplant\u0131 Salonunda yer alan kabulde \u00e7ocuklara hitap eden T\u00f6re, KKTC\u2019nin onlar\u0131n da vatan\u0131 oldu\u011funa de\u011finerek tarihi ve ya\u015fan\u0131lanlar\u0131 \u00e7ok iyi bilmelerini istedi. K\u0131br\u0131s T\u00fcrklerinin T\u00fcrk milletinin mensuplar\u0131 oldu\u011funa i\u015faret eden<\/p>\n","protected":false},"author":1,"featured_media":13430,"comment_status":"open","ping_status":"open","sticky":false,"template":"","format":"standard","meta":{"footnotes":""},"categories":[1],"tags":[],"class_list":["post-13429","post","type-post","status-publish","format-standard","has-post-thumbnail","hentry","category-gundem"],"yoast_head":"<!-- This site is optimized with the Yoast SEO plugin v27.5 - https:\/\/yoast.com\/product\/yoast-seo-wordpress\/ -->\n<title>Cumhuriyet Meclisi Ba\u015fkan\u0131 T\u00f6re, Nusaybin \u00c7ocuk Geli\u015fim Merkezi\u2019nden \u00e7ocuklar\u0131 kabul etti -<\/title>\n<meta name=\"robots\" content=\"index, follow, max-snippet:-1, max-image-preview:large, max-video-preview:-1\" \/>\n<link rel=\"canonical\" href=\"https:\/\/kibrisdakik.com\/?p=13429\" \/>\n<meta property=\"og:locale\" content=\"tr_TR\" \/>\n<meta property=\"og:type\" content=\"article\" \/>\n<meta property=\"og:title\" content=\"Cumhuriyet Meclisi Ba\u015fkan\u0131 T\u00f6re, Nusaybin \u00c7ocuk Geli\u015fim Merkezi\u2019nden \u00e7ocuklar\u0131 kabul etti -\" \/>\n<meta property=\"og:description\" content=\"Cumhuriyet Meclisi Ba\u015fkan\u0131 Zorlu T\u00f6re, Ba\u015fbakan \u00dcnal \u00dcstel himayelerinde \u00fclkede bulunan T\u00fcrkiye\u2019nin Mardin ili Nusaybin \u0130l\u00e7esi \u00c7ocuk Geli\u015fim Merkezi\u2019nden \u00e7ocuklar\u0131 kabul etti. Meclis Zalihe \u00c7avu\u015fo\u011flu Toplant\u0131 Salonunda yer alan kabulde \u00e7ocuklara hitap eden T\u00f6re, KKTC\u2019nin onlar\u0131n da vatan\u0131 oldu\u011funa de\u011finerek tarihi ve ya\u015fan\u0131lanlar\u0131 \u00e7ok iyi bilmelerini istedi. K\u0131br\u0131s T\u00fcrklerinin T\u00fcrk milletinin mensuplar\u0131 oldu\u011funa i\u015faret eden\" \/>\n<meta property=\"og:url\" content=\"https:\/\/kibrisdakik.com\/?p=13429\" \/>\n<meta property=\"article:published_time\" content=\"2023-09-08T14:16:42+00:00\" \/>\n<meta property=\"og:image\" content=\"https:\/\/kibrisdakik.com\/wp-content\/uploads\/2023\/09\/0B5A2466.JPG-740x420.jpg\" \/>\n\t<meta property=\"og:image:width\" content=\"1800\" \/>\n\t<meta property=\"og:image:height\" content=\"1200\" \/>\n\t<meta property=\"og:image:type\" content=\"image\/jpeg\" \/>\n<meta name=\"author\" content=\"admin\" \/>\n<meta name=\"twitter:card\" content=\"summary_large_image\" \/>\n<meta name=\"twitter:label1\" content=\"Yazan:\" \/>\n\t<meta name=\"twitter:data1\" content=\"admin\" \/>\n\t<meta name=\"twitter:label2\" content=\"Tahmini okuma s\u00fcresi\" \/>\n\t<meta name=\"twitter:data2\" content=\"1 dakika\" \/>\n<script type=\"application\/ld+json\" class=\"yoast-schema-graph\">{\"@context\":\"https:\\\/\\\/schema.org\",\"@graph\":[{\"@type\":\"Article\",\"@id\":\"https:\\\/\\\/kibrisdakik.com\\\/?p=13429#article\",\"isPartOf\":{\"@id\":\"https:\\\/\\\/kibrisdakik.com\\\/?p=13429\"},\"author\":{\"name\":\"admin\",\"@id\":\"https:\\\/\\\/kibrisdakik.com\\\/#\\\/schema\\\/person\\\/9cd9d437bbb44f72b73ba127e06d8e79\"},\"headline\":\"Cumhuriyet Meclisi Ba\u015fkan\u0131 T\u00f6re, Nusaybin \u00c7ocuk Geli\u015fim Merkezi\u2019nden \u00e7ocuklar\u0131 kabul etti\",\"datePublished\":\"2023-09-08T14:16:42+00:00\",\"mainEntityOfPage\":{\"@id\":\"https:\\\/\\\/kibrisdakik.com\\\/?p=13429\"},\"wordCount\":181,\"commentCount\":0,\"image\":{\"@id\":\"https:\\\/\\\/kibrisdakik.com\\\/?p=13429#primaryimage\"},\"thumbnailUrl\":\"https:\\\/\\\/kibrisdakik.com\\\/wp-content\\\/uploads\\\/2023\\\/09\\\/0B5A2466.JPG-740x420.jpg\",\"articleSection\":[\"G\u00fcndem\"],\"inLanguage\":\"tr\",\"potentialAction\":[{\"@type\":\"CommentAction\",\"name\":\"Comment\",\"target\":[\"https:\\\/\\\/kibrisdakik.com\\\/?p=13429#respond\"]}]},{\"@type\":\"WebPage\",\"@id\":\"https:\\\/\\\/kibrisdakik.com\\\/?p=13429\",\"url\":\"https:\\\/\\\/kibrisdakik.com\\\/?p=13429\",\"name\":\"Cumhuriyet Meclisi Ba\u015fkan\u0131 T\u00f6re, Nusaybin \u00c7ocuk Geli\u015fim Merkezi\u2019nden \u00e7ocuklar\u0131 kabul etti -\",\"isPartOf\":{\"@id\":\"https:\\\/\\\/kibrisdakik.com\\\/#website\"},\"primaryImageOfPage\":{\"@id\":\"https:\\\/\\\/kibrisdakik.com\\\/?p=13429#primaryimage\"},\"image\":{\"@id\":\"https:\\\/\\\/kibrisdakik.com\\\/?p=13429#primaryimage\"},\"thumbnailUrl\":\"https:\\\/\\\/kibrisdakik.com\\\/wp-content\\\/uploads\\\/2023\\\/09\\\/0B5A2466.JPG-740x420.jpg\",\"datePublished\":\"2023-09-08T14:16:42+00:00\",\"author\":{\"@id\":\"https:\\\/\\\/kibrisdakik.com\\\/#\\\/schema\\\/person\\\/9cd9d437bbb44f72b73ba127e06d8e79\"},\"breadcrumb\":{\"@id\":\"https:\\\/\\\/kibrisdakik.com\\\/?p=13429#breadcrumb\"},\"inLanguage\":\"tr\",\"potentialAction\":[{\"@type\":\"ReadAction\",\"target\":[\"https:\\\/\\\/kibrisdakik.com\\\/?p=13429\"]}]},{\"@type\":\"ImageObject\",\"inLanguage\":\"tr\",\"@id\":\"https:\\\/\\\/kibrisdakik.com\\\/?p=13429#primaryimage\",\"url\":\"https:\\\/\\\/kibrisdakik.com\\\/wp-content\\\/uploads\\\/2023\\\/09\\\/0B5A2466.JPG-740x420.jpg\",\"contentUrl\":\"https:\\\/\\\/kibrisdakik.com\\\/wp-content\\\/uploads\\\/2023\\\/09\\\/0B5A2466.JPG-740x420.jpg\",\"width\":1800,\"height\":1200},{\"@type\":\"BreadcrumbList\",\"@id\":\"https:\\\/\\\/kibrisdakik.com\\\/?p=13429#breadcrumb\",\"itemListElement\":[{\"@type\":\"ListItem\",\"position\":1,\"name\":\"Home\",\"item\":\"https:\\\/\\\/kibrisdakik.com\\\/\"},{\"@type\":\"ListItem\",\"position\":2,\"name\":\"Cumhuriyet Meclisi Ba\u015fkan\u0131 T\u00f6re, Nusaybin \u00c7ocuk Geli\u015fim Merkezi\u2019nden \u00e7ocuklar\u0131 kabul etti\"}]},{\"@type\":\"WebSite\",\"@id\":\"https:\\\/\\\/kibrisdakik.com\\\/#website\",\"url\":\"https:\\\/\\\/kibrisdakik.com\\\/\",\"name\":\"\",\"description\":\"Tam vaktinde haber\",\"potentialAction\":[{\"@type\":\"SearchAction\",\"target\":{\"@type\":\"EntryPoint\",\"urlTemplate\":\"https:\\\/\\\/kibrisdakik.com\\\/?s={search_term_string}\"},\"query-input\":{\"@type\":\"PropertyValueSpecification\",\"valueRequired\":true,\"valueName\":\"search_term_string\"}}],\"inLanguage\":\"tr\"},{\"@type\":\"Person\",\"@id\":\"https:\\\/\\\/kibrisdakik.com\\\/#\\\/schema\\\/person\\\/9cd9d437bbb44f72b73ba127e06d8e79\",\"name\":\"admin\",\"image\":{\"@type\":\"ImageObject\",\"inLanguage\":\"tr\",\"@id\":\"https:\\\/\\\/secure.gravatar.com\\\/avatar\\\/ccc17943b9d660506c869530f897617f7cb1c21a4bf30023f252596d83e1f007?s=96&d=mm&r=g\",\"url\":\"https:\\\/\\\/secure.gravatar.com\\\/avatar\\\/ccc17943b9d660506c869530f897617f7cb1c21a4bf30023f252596d83e1f007?s=96&d=mm&r=g\",\"contentUrl\":\"https:\\\/\\\/secure.gravatar.com\\\/avatar\\\/ccc17943b9d660506c869530f897617f7cb1c21a4bf30023f252596d83e1f007?s=96&d=mm&r=g\",\"caption\":\"admin\"},\"sameAs\":[\"https:\\\/\\\/kibrisdakik.com\"],\"url\":\"https:\\\/\\\/kibrisdakik.com\\\/?author=1\"}]}<\/script>\n<!-- \/ Yoast SEO plugin. -->","yoast_head_json":{"title":"Cumhuriyet Meclisi Ba\u015fkan\u0131 T\u00f6re, Nusaybin \u00c7ocuk Geli\u015fim Merkezi\u2019nden \u00e7ocuklar\u0131 kabul etti -","robots":{"index":"index","follow":"follow","max-snippet":"max-snippet:-1","max-image-preview":"max-image-preview:large","max-video-preview":"max-video-preview:-1"},"canonical":"https:\/\/kibrisdakik.com\/?p=13429","og_locale":"tr_TR","og_type":"article","og_title":"Cumhuriyet Meclisi Ba\u015fkan\u0131 T\u00f6re, Nusaybin \u00c7ocuk Geli\u015fim Merkezi\u2019nden \u00e7ocuklar\u0131 kabul etti -","og_description":"Cumhuriyet Meclisi Ba\u015fkan\u0131 Zorlu T\u00f6re, Ba\u015fbakan \u00dcnal \u00dcstel himayelerinde \u00fclkede bulunan T\u00fcrkiye\u2019nin Mardin ili Nusaybin \u0130l\u00e7esi \u00c7ocuk Geli\u015fim Merkezi\u2019nden \u00e7ocuklar\u0131 kabul etti. Meclis Zalihe \u00c7avu\u015fo\u011flu Toplant\u0131 Salonunda yer alan kabulde \u00e7ocuklara hitap eden T\u00f6re, KKTC\u2019nin onlar\u0131n da vatan\u0131 oldu\u011funa de\u011finerek tarihi ve ya\u015fan\u0131lanlar\u0131 \u00e7ok iyi bilmelerini istedi. K\u0131br\u0131s T\u00fcrklerinin T\u00fcrk milletinin mensuplar\u0131 oldu\u011funa i\u015faret eden","og_url":"https:\/\/kibrisdakik.com\/?p=13429","article_published_time":"2023-09-08T14:16:42+00:00","og_image":[{"width":1800,"height":1200,"url":"https:\/\/kibrisdakik.com\/wp-content\/uploads\/2023\/09\/0B5A2466.JPG-740x420.jpg","type":"image\/jpeg"}],"author":"admin","twitter_card":"summary_large_image","twitter_misc":{"Yazan:":"admin","Tahmini okuma s\u00fcresi":"1 dakika"},"schema":{"@context":"https:\/\/schema.org","@graph":[{"@type":"Article","@id":"https:\/\/kibrisdakik.com\/?p=13429#article","isPartOf":{"@id":"https:\/\/kibrisdakik.com\/?p=13429"},"author":{"name":"admin","@id":"https:\/\/kibrisdakik.com\/#\/schema\/person\/9cd9d437bbb44f72b73ba127e06d8e79"},"headline":"Cumhuriyet Meclisi Ba\u015fkan\u0131 T\u00f6re, Nusaybin \u00c7ocuk Geli\u015fim Merkezi\u2019nden \u00e7ocuklar\u0131 kabul etti","datePublished":"2023-09-08T14:16:42+00:00","mainEntityOfPage":{"@id":"https:\/\/kibrisdakik.com\/?p=13429"},"wordCount":181,"commentCount":0,"image":{"@id":"https:\/\/kibrisdakik.com\/?p=13429#primaryimage"},"thumbnailUrl":"https:\/\/kibrisdakik.com\/wp-content\/uploads\/2023\/09\/0B5A2466.JPG-740x420.jpg","articleSection":["G\u00fcndem"],"inLanguage":"tr","potentialAction":[{"@type":"CommentAction","name":"Comment","target":["https:\/\/kibrisdakik.com\/?p=13429#respond"]}]},{"@type":"WebPage","@id":"https:\/\/kibrisdakik.com\/?p=13429","url":"https:\/\/kibrisdakik.com\/?p=13429","name":"Cumhuriyet Meclisi Ba\u015fkan\u0131 T\u00f6re, Nusaybin \u00c7ocuk Geli\u015fim Merkezi\u2019nden \u00e7ocuklar\u0131 kabul etti -","isPartOf":{"@id":"https:\/\/kibrisdakik.com\/#website"},"primaryImageOfPage":{"@id":"https:\/\/kibrisdakik.com\/?p=13429#primaryimage"},"image":{"@id":"https:\/\/kibrisdakik.com\/?p=13429#primaryimage"},"thumbnailUrl":"https:\/\/kibrisdakik.com\/wp-content\/uploads\/2023\/09\/0B5A2466.JPG-740x420.jpg","datePublished":"2023-09-08T14:16:42+00:00","author":{"@id":"https:\/\/kibrisdakik.com\/#\/schema\/person\/9cd9d437bbb44f72b73ba127e06d8e79"},"breadcrumb":{"@id":"https:\/\/kibrisdakik.com\/?p=13429#breadcrumb"},"inLanguage":"tr","potentialAction":[{"@type":"ReadAction","target":["https:\/\/kibrisdakik.com\/?p=13429"]}]},{"@type":"ImageObject","inLanguage":"tr","@id":"https:\/\/kibrisdakik.com\/?p=13429#primaryimage","url":"https:\/\/kibrisdakik.com\/wp-content\/uploads\/2023\/09\/0B5A2466.JPG-740x420.jpg","contentUrl":"https:\/\/kibrisdakik.com\/wp-content\/uploads\/2023\/09\/0B5A2466.JPG-740x420.jpg","width":1800,"height":1200},{"@type":"BreadcrumbList","@id":"https:\/\/kibrisdakik.com\/?p=13429#breadcrumb","itemListElement":[{"@type":"ListItem","position":1,"name":"Home","item":"https:\/\/kibrisdakik.com\/"},{"@type":"ListItem","position":2,"name":"Cumhuriyet Meclisi Ba\u015fkan\u0131 T\u00f6re, Nusaybin \u00c7ocuk Geli\u015fim Merkezi\u2019nden \u00e7ocuklar\u0131 kabul etti"}]},{"@type":"WebSite","@id":"https:\/\/kibrisdakik.com\/#website","url":"https:\/\/kibrisdakik.com\/","name":"","description":"Tam vaktinde haber","potentialAction":[{"@type":"SearchAction","target":{"@type":"EntryPoint","urlTemplate":"https:\/\/kibrisdakik.com\/?s={search_term_string}"},"query-input":{"@type":"PropertyValueSpecification","valueRequired":true,"valueName":"search_term_string"}}],"inLanguage":"tr"},{"@type":"Person","@id":"https:\/\/kibrisdakik.com\/#\/schema\/person\/9cd9d437bbb44f72b73ba127e06d8e79","name":"admin","image":{"@type":"ImageObject","inLanguage":"tr","@id":"https:\/\/secure.gravatar.com\/avatar\/ccc17943b9d660506c869530f897617f7cb1c21a4bf30023f252596d83e1f007?s=96&d=mm&r=g","url":"https:\/\/secure.gravatar.com\/avatar\/ccc17943b9d660506c869530f897617f7cb1c21a4bf30023f252596d83e1f007?s=96&d=mm&r=g","contentUrl":"https:\/\/secure.gravatar.com\/avatar\/ccc17943b9d660506c869530f897617f7cb1c21a4bf30023f252596d83e1f007?s=96&d=mm&r=g","caption":"admin"},"sameAs":["https:\/\/kibrisdakik.com"],"url":"https:\/\/kibrisdakik.com\/?author=1"}]}},"_links":{"self":[{"href":"https:\/\/kibrisdakik.com\/index.php?rest_route=\/wp\/v2\/posts\/13429","targetHints":{"allow":["GET"]}}],"collection":[{"href":"https:\/\/kibrisdakik.com\/index.php?rest_route=\/wp\/v2\/posts"}],"about":[{"href":"https:\/\/kibrisdakik.com\/index.php?rest_route=\/wp\/v2\/types\/post"}],"author":[{"embeddable":true,"href":"https:\/\/kibrisdakik.com\/index.php?rest_route=\/wp\/v2\/users\/1"}],"replies":[{"embeddable":true,"href":"https:\/\/kibrisdakik.com\/index.php?rest_route=%2Fwp%2Fv2%2Fcomments&post=13429"}],"version-history":[{"count":0,"href":"https:\/\/kibrisdakik.com\/index.php?rest_route=\/wp\/v2\/posts\/13429\/revisions"}],"wp:featuredmedia":[{"embeddable":true,"href":"https:\/\/kibrisdakik.com\/index.php?rest_route=\/wp\/v2\/media\/13430"}],"wp:attachment":[{"href":"https:\/\/kibrisdakik.com\/index.php?rest_route=%2Fwp%2Fv2%2Fmedia&parent=13429"}],"wp:term":[{"taxonomy":"category","embeddable":true,"href":"https:\/\/kibrisdakik.com\/index.php?rest_route=%2Fwp%2Fv2%2Fcategories&post=13429"},{"taxonomy":"post_tag","embeddable":true,"href":"https:\/\/kibrisdakik.com\/index.php?rest_route=%2Fwp%2Fv2%2Ftags&post=13429"}],"curies":[{"name":"wp","href":"https:\/\/api.w.org\/{rel}","templated":true}]}}