{"id":13460,"date":"2023-09-09T05:36:37","date_gmt":"2023-09-09T05:36:37","guid":{"rendered":"https:\/\/kibrisdakik.com\/index.php\/2023\/09\/09\/lapta-alsancak-camlibel-belediyesinin-duzenledigi-7-deniz-festivali-basladi\/"},"modified":"2023-09-09T05:36:37","modified_gmt":"2023-09-09T05:36:37","slug":"lapta-alsancak-camlibel-belediyesinin-duzenledigi-7-deniz-festivali-basladi","status":"publish","type":"post","link":"https:\/\/kibrisdakik.com\/?p=13460","title":{"rendered":"Lapta Alsancak \u00c7aml\u0131bel Belediyesi\u2019nin d\u00fczenledi\u011fi  7.Deniz Festivali ba\u015flad\u0131"},"content":{"rendered":"<p><\/p>\n<div>\n<div class=\"mariselle-image-container center\">\n                <img width=\"2560\" height=\"1438\" class=\"lazy-image\" alt=\"\" decoding=\"async\" loading=\"lazy\" sizes=\"auto, (max-width: 2560px) 100vw, 2560px\" src=\"https:\/\/brtk.net\/wp-content\/uploads\/2023\/09\/09\/dk555hh-scaled.jpg?ver=90ce3cc0e36bc81609f514e6a1650d2f\" srcset=\"https:\/\/brtk.net\/wp-content\/uploads\/2023\/09\/09\/dk555hh-scaled.jpg?ver=90ce3cc0e36bc81609f514e6a1650d2f 2560w, https:\/\/brtk.net\/wp-content\/uploads\/2023\/09\/09\/dk555hh-300x169.jpg?ver=5c40d7d471ba03c59066cfd711334492 300w, https:\/\/brtk.net\/wp-content\/uploads\/2023\/09\/09\/dk555hh-1024x575.jpg?ver=014e035cb40a989671096e05ec64a587 1024w, https:\/\/brtk.net\/wp-content\/uploads\/2023\/09\/09\/dk555hh-768x431.jpg?ver=014e035cb40a989671096e05ec64a587 768w, https:\/\/brtk.net\/wp-content\/uploads\/2023\/09\/09\/dk555hh-1536x863.jpg?ver=1cfc902563691679500644a3da8d5e13 1536w, https:\/\/brtk.net\/wp-content\/uploads\/2023\/09\/09\/dk555hh-2048x1150.jpg?ver=5bdfe68665beaf507f6738ce934e7529 2048w\"\/>                            <\/div>\n<p>Lapta Alsancak \u00c7aml\u0131bel Belediyesi taraf\u0131ndan d\u00fczenlenen 7.Deniz Festivali ba\u015flad\u0131. <\/p>\n<p>Alsancak merkezinde yer alan festivalin a\u00e7\u0131l\u0131\u015f etkinli\u011fi \u00e7er\u00e7evesinde kortej ve K\u0131br\u0131s evinin a\u00e7\u0131l\u0131\u015f\u0131ger\u00e7ekle\u015ftirildi. <\/p>\n<p>Lapta Alsacak \u00c7aml\u0131bel Belediye Ba\u015fkan\u0131 F\u0131rat Ataser gecede yapt\u0131\u011f\u0131 konu\u015fmada, Belediye\u2019nin geni\u015f bir alana yay\u0131ld\u0131\u011f\u0131n\u0131 belirterek t\u00fcm b\u00f6lgeye en iyi hizmeti g\u00f6t\u00fcrmek i\u00e7in b\u00fcy\u00fck bir \u00f6zveri g\u00f6steren belediye \u00e7al\u0131\u015fanlar\u0131na te\u015fekk\u00fcr etti. <\/p>\n<p>Okullar\u0131n a\u00e7\u0131lmas\u0131na az bir zaman kala b\u00f6lge okullar\u0131n\u0131n yeni e\u011fitim y\u0131l\u0131na haz\u0131r olmas\u0131 i\u00e7in \u00e7al\u0131\u015ft\u0131klar\u0131n\u0131 dile getiren Ataserama\u00e7lar\u0131n\u0131n \u00f6\u011frencilerin en iyi \u015fartlarda e\u011fitim almas\u0131 oldu\u011funu ifade etti.<\/p>\n<p>B\u00f6lgenin kozmopolit yap\u0131s\u0131na da de\u011finen F\u0131rat Ataser, d\u00fczenlenen festivalin zengin i\u00e7eri\u011fiyle b\u00f6lgede ya\u015fayan herkese hitap etti\u011fini vurgulad\u0131. <\/p>\n<p>Dolu dolu 3 g\u00fcn ya\u015fanaca\u011f\u0131n\u0131 s\u00f6zlerine ekleyen Ataser, vatanda\u015flar\u0131 festivale kat\u0131lmaya \u00e7a\u011f\u0131rd\u0131. <\/p>\n<p>Festival halk danslar\u0131 g\u00f6sterileri ile devam etti\u2026 <\/p>\n<p>Yiyecek, i\u00e7ecek, el sanatlar\u0131 ve Hediyelik e\u015fya sat\u0131\u015f\u0131n\u0131n yap\u0131ld\u0131\u011f\u0131 festival kapsam\u0131nda bug\u00fcn Sara ishak ve grup sos\u2019in konserleri yer alacak. <\/p>\n<p>Festival Pazar g\u00fcn\u00fc Koray Avc\u0131 konseriyle sona erecek<\/p>\n<\/p><\/div>\n","protected":false},"excerpt":{"rendered":"<p>Lapta Alsancak \u00c7aml\u0131bel Belediyesi taraf\u0131ndan d\u00fczenlenen 7.Deniz Festivali ba\u015flad\u0131. Alsancak merkezinde yer alan festivalin a\u00e7\u0131l\u0131\u015f etkinli\u011fi \u00e7er\u00e7evesinde kortej ve K\u0131br\u0131s evinin a\u00e7\u0131l\u0131\u015f\u0131ger\u00e7ekle\u015ftirildi. Lapta Alsacak \u00c7aml\u0131bel Belediye Ba\u015fkan\u0131 F\u0131rat Ataser gecede yapt\u0131\u011f\u0131 konu\u015fmada, Belediye\u2019nin geni\u015f bir alana yay\u0131ld\u0131\u011f\u0131n\u0131 belirterek t\u00fcm b\u00f6lgeye en iyi hizmeti g\u00f6t\u00fcrmek i\u00e7in b\u00fcy\u00fck bir \u00f6zveri g\u00f6steren belediye \u00e7al\u0131\u015fanlar\u0131na te\u015fekk\u00fcr etti. Okullar\u0131n a\u00e7\u0131lmas\u0131na<\/p>\n","protected":false},"author":1,"featured_media":13461,"comment_status":"open","ping_status":"open","sticky":false,"template":"","format":"standard","meta":{"footnotes":""},"categories":[1],"tags":[],"class_list":["post-13460","post","type-post","status-publish","format-standard","has-post-thumbnail","hentry","category-gundem"],"yoast_head":"<!-- This site is optimized with the Yoast SEO plugin v27.5 - https:\/\/yoast.com\/product\/yoast-seo-wordpress\/ -->\n<title>Lapta Alsancak \u00c7aml\u0131bel Belediyesi\u2019nin d\u00fczenledi\u011fi 7.Deniz Festivali ba\u015flad\u0131 -<\/title>\n<meta name=\"robots\" content=\"index, follow, max-snippet:-1, max-image-preview:large, max-video-preview:-1\" \/>\n<link rel=\"canonical\" href=\"https:\/\/kibrisdakik.com\/?p=13460\" \/>\n<meta property=\"og:locale\" content=\"tr_TR\" \/>\n<meta property=\"og:type\" content=\"article\" \/>\n<meta property=\"og:title\" content=\"Lapta Alsancak \u00c7aml\u0131bel Belediyesi\u2019nin d\u00fczenledi\u011fi 7.Deniz Festivali ba\u015flad\u0131 -\" \/>\n<meta property=\"og:description\" content=\"Lapta Alsancak \u00c7aml\u0131bel Belediyesi taraf\u0131ndan d\u00fczenlenen 7.Deniz Festivali ba\u015flad\u0131. Alsancak merkezinde yer alan festivalin a\u00e7\u0131l\u0131\u015f etkinli\u011fi \u00e7er\u00e7evesinde kortej ve K\u0131br\u0131s evinin a\u00e7\u0131l\u0131\u015f\u0131ger\u00e7ekle\u015ftirildi. Lapta Alsacak \u00c7aml\u0131bel Belediye Ba\u015fkan\u0131 F\u0131rat Ataser gecede yapt\u0131\u011f\u0131 konu\u015fmada, Belediye\u2019nin geni\u015f bir alana yay\u0131ld\u0131\u011f\u0131n\u0131 belirterek t\u00fcm b\u00f6lgeye en iyi hizmeti g\u00f6t\u00fcrmek i\u00e7in b\u00fcy\u00fck bir \u00f6zveri g\u00f6steren belediye \u00e7al\u0131\u015fanlar\u0131na te\u015fekk\u00fcr etti. Okullar\u0131n a\u00e7\u0131lmas\u0131na\" \/>\n<meta property=\"og:url\" content=\"https:\/\/kibrisdakik.com\/?p=13460\" \/>\n<meta property=\"article:published_time\" content=\"2023-09-09T05:36:37+00:00\" \/>\n<meta property=\"og:image\" content=\"https:\/\/kibrisdakik.com\/wp-content\/uploads\/2023\/09\/dk555hh-scaled-740x420.jpg\" \/>\n\t<meta property=\"og:image:width\" content=\"2560\" \/>\n\t<meta property=\"og:image:height\" content=\"1438\" \/>\n\t<meta property=\"og:image:type\" content=\"image\/jpeg\" \/>\n<meta name=\"author\" content=\"admin\" \/>\n<meta name=\"twitter:card\" content=\"summary_large_image\" \/>\n<meta name=\"twitter:label1\" content=\"Yazan:\" \/>\n\t<meta name=\"twitter:data1\" content=\"admin\" \/>\n\t<meta name=\"twitter:label2\" content=\"Tahmini okuma s\u00fcresi\" \/>\n\t<meta name=\"twitter:data2\" content=\"1 dakika\" \/>\n<script type=\"application\/ld+json\" class=\"yoast-schema-graph\">{\"@context\":\"https:\\\/\\\/schema.org\",\"@graph\":[{\"@type\":\"Article\",\"@id\":\"https:\\\/\\\/kibrisdakik.com\\\/?p=13460#article\",\"isPartOf\":{\"@id\":\"https:\\\/\\\/kibrisdakik.com\\\/?p=13460\"},\"author\":{\"name\":\"admin\",\"@id\":\"https:\\\/\\\/kibrisdakik.com\\\/#\\\/schema\\\/person\\\/9cd9d437bbb44f72b73ba127e06d8e79\"},\"headline\":\"Lapta Alsancak \u00c7aml\u0131bel Belediyesi\u2019nin d\u00fczenledi\u011fi 7.Deniz Festivali ba\u015flad\u0131\",\"datePublished\":\"2023-09-09T05:36:37+00:00\",\"mainEntityOfPage\":{\"@id\":\"https:\\\/\\\/kibrisdakik.com\\\/?p=13460\"},\"wordCount\":235,\"commentCount\":0,\"image\":{\"@id\":\"https:\\\/\\\/kibrisdakik.com\\\/?p=13460#primaryimage\"},\"thumbnailUrl\":\"https:\\\/\\\/kibrisdakik.com\\\/wp-content\\\/uploads\\\/2023\\\/09\\\/dk555hh-scaled-740x420.jpg\",\"articleSection\":[\"G\u00fcndem\"],\"inLanguage\":\"tr\",\"potentialAction\":[{\"@type\":\"CommentAction\",\"name\":\"Comment\",\"target\":[\"https:\\\/\\\/kibrisdakik.com\\\/?p=13460#respond\"]}]},{\"@type\":\"WebPage\",\"@id\":\"https:\\\/\\\/kibrisdakik.com\\\/?p=13460\",\"url\":\"https:\\\/\\\/kibrisdakik.com\\\/?p=13460\",\"name\":\"Lapta Alsancak \u00c7aml\u0131bel Belediyesi\u2019nin d\u00fczenledi\u011fi 7.Deniz Festivali ba\u015flad\u0131 -\",\"isPartOf\":{\"@id\":\"https:\\\/\\\/kibrisdakik.com\\\/#website\"},\"primaryImageOfPage\":{\"@id\":\"https:\\\/\\\/kibrisdakik.com\\\/?p=13460#primaryimage\"},\"image\":{\"@id\":\"https:\\\/\\\/kibrisdakik.com\\\/?p=13460#primaryimage\"},\"thumbnailUrl\":\"https:\\\/\\\/kibrisdakik.com\\\/wp-content\\\/uploads\\\/2023\\\/09\\\/dk555hh-scaled-740x420.jpg\",\"datePublished\":\"2023-09-09T05:36:37+00:00\",\"author\":{\"@id\":\"https:\\\/\\\/kibrisdakik.com\\\/#\\\/schema\\\/person\\\/9cd9d437bbb44f72b73ba127e06d8e79\"},\"breadcrumb\":{\"@id\":\"https:\\\/\\\/kibrisdakik.com\\\/?p=13460#breadcrumb\"},\"inLanguage\":\"tr\",\"potentialAction\":[{\"@type\":\"ReadAction\",\"target\":[\"https:\\\/\\\/kibrisdakik.com\\\/?p=13460\"]}]},{\"@type\":\"ImageObject\",\"inLanguage\":\"tr\",\"@id\":\"https:\\\/\\\/kibrisdakik.com\\\/?p=13460#primaryimage\",\"url\":\"https:\\\/\\\/kibrisdakik.com\\\/wp-content\\\/uploads\\\/2023\\\/09\\\/dk555hh-scaled-740x420.jpg\",\"contentUrl\":\"https:\\\/\\\/kibrisdakik.com\\\/wp-content\\\/uploads\\\/2023\\\/09\\\/dk555hh-scaled-740x420.jpg\",\"width\":2560,\"height\":1438},{\"@type\":\"BreadcrumbList\",\"@id\":\"https:\\\/\\\/kibrisdakik.com\\\/?p=13460#breadcrumb\",\"itemListElement\":[{\"@type\":\"ListItem\",\"position\":1,\"name\":\"Home\",\"item\":\"https:\\\/\\\/kibrisdakik.com\\\/\"},{\"@type\":\"ListItem\",\"position\":2,\"name\":\"Lapta Alsancak \u00c7aml\u0131bel Belediyesi\u2019nin d\u00fczenledi\u011fi 7.Deniz Festivali ba\u015flad\u0131\"}]},{\"@type\":\"WebSite\",\"@id\":\"https:\\\/\\\/kibrisdakik.com\\\/#website\",\"url\":\"https:\\\/\\\/kibrisdakik.com\\\/\",\"name\":\"\",\"description\":\"Tam vaktinde haber\",\"potentialAction\":[{\"@type\":\"SearchAction\",\"target\":{\"@type\":\"EntryPoint\",\"urlTemplate\":\"https:\\\/\\\/kibrisdakik.com\\\/?s={search_term_string}\"},\"query-input\":{\"@type\":\"PropertyValueSpecification\",\"valueRequired\":true,\"valueName\":\"search_term_string\"}}],\"inLanguage\":\"tr\"},{\"@type\":\"Person\",\"@id\":\"https:\\\/\\\/kibrisdakik.com\\\/#\\\/schema\\\/person\\\/9cd9d437bbb44f72b73ba127e06d8e79\",\"name\":\"admin\",\"image\":{\"@type\":\"ImageObject\",\"inLanguage\":\"tr\",\"@id\":\"https:\\\/\\\/secure.gravatar.com\\\/avatar\\\/ccc17943b9d660506c869530f897617f7cb1c21a4bf30023f252596d83e1f007?s=96&d=mm&r=g\",\"url\":\"https:\\\/\\\/secure.gravatar.com\\\/avatar\\\/ccc17943b9d660506c869530f897617f7cb1c21a4bf30023f252596d83e1f007?s=96&d=mm&r=g\",\"contentUrl\":\"https:\\\/\\\/secure.gravatar.com\\\/avatar\\\/ccc17943b9d660506c869530f897617f7cb1c21a4bf30023f252596d83e1f007?s=96&d=mm&r=g\",\"caption\":\"admin\"},\"sameAs\":[\"https:\\\/\\\/kibrisdakik.com\"],\"url\":\"https:\\\/\\\/kibrisdakik.com\\\/?author=1\"}]}<\/script>\n<!-- \/ Yoast SEO plugin. -->","yoast_head_json":{"title":"Lapta Alsancak \u00c7aml\u0131bel Belediyesi\u2019nin d\u00fczenledi\u011fi 7.Deniz Festivali ba\u015flad\u0131 -","robots":{"index":"index","follow":"follow","max-snippet":"max-snippet:-1","max-image-preview":"max-image-preview:large","max-video-preview":"max-video-preview:-1"},"canonical":"https:\/\/kibrisdakik.com\/?p=13460","og_locale":"tr_TR","og_type":"article","og_title":"Lapta Alsancak \u00c7aml\u0131bel Belediyesi\u2019nin d\u00fczenledi\u011fi 7.Deniz Festivali ba\u015flad\u0131 -","og_description":"Lapta Alsancak \u00c7aml\u0131bel Belediyesi taraf\u0131ndan d\u00fczenlenen 7.Deniz Festivali ba\u015flad\u0131. Alsancak merkezinde yer alan festivalin a\u00e7\u0131l\u0131\u015f etkinli\u011fi \u00e7er\u00e7evesinde kortej ve K\u0131br\u0131s evinin a\u00e7\u0131l\u0131\u015f\u0131ger\u00e7ekle\u015ftirildi. Lapta Alsacak \u00c7aml\u0131bel Belediye Ba\u015fkan\u0131 F\u0131rat Ataser gecede yapt\u0131\u011f\u0131 konu\u015fmada, Belediye\u2019nin geni\u015f bir alana yay\u0131ld\u0131\u011f\u0131n\u0131 belirterek t\u00fcm b\u00f6lgeye en iyi hizmeti g\u00f6t\u00fcrmek i\u00e7in b\u00fcy\u00fck bir \u00f6zveri g\u00f6steren belediye \u00e7al\u0131\u015fanlar\u0131na te\u015fekk\u00fcr etti. Okullar\u0131n a\u00e7\u0131lmas\u0131na","og_url":"https:\/\/kibrisdakik.com\/?p=13460","article_published_time":"2023-09-09T05:36:37+00:00","og_image":[{"width":2560,"height":1438,"url":"https:\/\/kibrisdakik.com\/wp-content\/uploads\/2023\/09\/dk555hh-scaled-740x420.jpg","type":"image\/jpeg"}],"author":"admin","twitter_card":"summary_large_image","twitter_misc":{"Yazan:":"admin","Tahmini okuma s\u00fcresi":"1 dakika"},"schema":{"@context":"https:\/\/schema.org","@graph":[{"@type":"Article","@id":"https:\/\/kibrisdakik.com\/?p=13460#article","isPartOf":{"@id":"https:\/\/kibrisdakik.com\/?p=13460"},"author":{"name":"admin","@id":"https:\/\/kibrisdakik.com\/#\/schema\/person\/9cd9d437bbb44f72b73ba127e06d8e79"},"headline":"Lapta Alsancak \u00c7aml\u0131bel Belediyesi\u2019nin d\u00fczenledi\u011fi 7.Deniz Festivali ba\u015flad\u0131","datePublished":"2023-09-09T05:36:37+00:00","mainEntityOfPage":{"@id":"https:\/\/kibrisdakik.com\/?p=13460"},"wordCount":235,"commentCount":0,"image":{"@id":"https:\/\/kibrisdakik.com\/?p=13460#primaryimage"},"thumbnailUrl":"https:\/\/kibrisdakik.com\/wp-content\/uploads\/2023\/09\/dk555hh-scaled-740x420.jpg","articleSection":["G\u00fcndem"],"inLanguage":"tr","potentialAction":[{"@type":"CommentAction","name":"Comment","target":["https:\/\/kibrisdakik.com\/?p=13460#respond"]}]},{"@type":"WebPage","@id":"https:\/\/kibrisdakik.com\/?p=13460","url":"https:\/\/kibrisdakik.com\/?p=13460","name":"Lapta Alsancak \u00c7aml\u0131bel Belediyesi\u2019nin d\u00fczenledi\u011fi 7.Deniz Festivali ba\u015flad\u0131 -","isPartOf":{"@id":"https:\/\/kibrisdakik.com\/#website"},"primaryImageOfPage":{"@id":"https:\/\/kibrisdakik.com\/?p=13460#primaryimage"},"image":{"@id":"https:\/\/kibrisdakik.com\/?p=13460#primaryimage"},"thumbnailUrl":"https:\/\/kibrisdakik.com\/wp-content\/uploads\/2023\/09\/dk555hh-scaled-740x420.jpg","datePublished":"2023-09-09T05:36:37+00:00","author":{"@id":"https:\/\/kibrisdakik.com\/#\/schema\/person\/9cd9d437bbb44f72b73ba127e06d8e79"},"breadcrumb":{"@id":"https:\/\/kibrisdakik.com\/?p=13460#breadcrumb"},"inLanguage":"tr","potentialAction":[{"@type":"ReadAction","target":["https:\/\/kibrisdakik.com\/?p=13460"]}]},{"@type":"ImageObject","inLanguage":"tr","@id":"https:\/\/kibrisdakik.com\/?p=13460#primaryimage","url":"https:\/\/kibrisdakik.com\/wp-content\/uploads\/2023\/09\/dk555hh-scaled-740x420.jpg","contentUrl":"https:\/\/kibrisdakik.com\/wp-content\/uploads\/2023\/09\/dk555hh-scaled-740x420.jpg","width":2560,"height":1438},{"@type":"BreadcrumbList","@id":"https:\/\/kibrisdakik.com\/?p=13460#breadcrumb","itemListElement":[{"@type":"ListItem","position":1,"name":"Home","item":"https:\/\/kibrisdakik.com\/"},{"@type":"ListItem","position":2,"name":"Lapta Alsancak \u00c7aml\u0131bel Belediyesi\u2019nin d\u00fczenledi\u011fi 7.Deniz Festivali ba\u015flad\u0131"}]},{"@type":"WebSite","@id":"https:\/\/kibrisdakik.com\/#website","url":"https:\/\/kibrisdakik.com\/","name":"","description":"Tam vaktinde haber","potentialAction":[{"@type":"SearchAction","target":{"@type":"EntryPoint","urlTemplate":"https:\/\/kibrisdakik.com\/?s={search_term_string}"},"query-input":{"@type":"PropertyValueSpecification","valueRequired":true,"valueName":"search_term_string"}}],"inLanguage":"tr"},{"@type":"Person","@id":"https:\/\/kibrisdakik.com\/#\/schema\/person\/9cd9d437bbb44f72b73ba127e06d8e79","name":"admin","image":{"@type":"ImageObject","inLanguage":"tr","@id":"https:\/\/secure.gravatar.com\/avatar\/ccc17943b9d660506c869530f897617f7cb1c21a4bf30023f252596d83e1f007?s=96&d=mm&r=g","url":"https:\/\/secure.gravatar.com\/avatar\/ccc17943b9d660506c869530f897617f7cb1c21a4bf30023f252596d83e1f007?s=96&d=mm&r=g","contentUrl":"https:\/\/secure.gravatar.com\/avatar\/ccc17943b9d660506c869530f897617f7cb1c21a4bf30023f252596d83e1f007?s=96&d=mm&r=g","caption":"admin"},"sameAs":["https:\/\/kibrisdakik.com"],"url":"https:\/\/kibrisdakik.com\/?author=1"}]}},"_links":{"self":[{"href":"https:\/\/kibrisdakik.com\/index.php?rest_route=\/wp\/v2\/posts\/13460","targetHints":{"allow":["GET"]}}],"collection":[{"href":"https:\/\/kibrisdakik.com\/index.php?rest_route=\/wp\/v2\/posts"}],"about":[{"href":"https:\/\/kibrisdakik.com\/index.php?rest_route=\/wp\/v2\/types\/post"}],"author":[{"embeddable":true,"href":"https:\/\/kibrisdakik.com\/index.php?rest_route=\/wp\/v2\/users\/1"}],"replies":[{"embeddable":true,"href":"https:\/\/kibrisdakik.com\/index.php?rest_route=%2Fwp%2Fv2%2Fcomments&post=13460"}],"version-history":[{"count":0,"href":"https:\/\/kibrisdakik.com\/index.php?rest_route=\/wp\/v2\/posts\/13460\/revisions"}],"wp:featuredmedia":[{"embeddable":true,"href":"https:\/\/kibrisdakik.com\/index.php?rest_route=\/wp\/v2\/media\/13461"}],"wp:attachment":[{"href":"https:\/\/kibrisdakik.com\/index.php?rest_route=%2Fwp%2Fv2%2Fmedia&parent=13460"}],"wp:term":[{"taxonomy":"category","embeddable":true,"href":"https:\/\/kibrisdakik.com\/index.php?rest_route=%2Fwp%2Fv2%2Fcategories&post=13460"},{"taxonomy":"post_tag","embeddable":true,"href":"https:\/\/kibrisdakik.com\/index.php?rest_route=%2Fwp%2Fv2%2Ftags&post=13460"}],"curies":[{"name":"wp","href":"https:\/\/api.w.org\/{rel}","templated":true}]}}