{"id":13466,"date":"2023-09-09T07:25:54","date_gmt":"2023-09-09T07:25:54","guid":{"rendered":"https:\/\/kibrisdakik.com\/index.php\/2023\/09\/09\/yilmazkoy-serhatkoy-arasinda-zincirleme-kaza1i-agir-3-yarali\/"},"modified":"2023-09-09T07:25:54","modified_gmt":"2023-09-09T07:25:54","slug":"yilmazkoy-serhatkoy-arasinda-zincirleme-kaza1i-agir-3-yarali","status":"publish","type":"post","link":"https:\/\/kibrisdakik.com\/?p=13466","title":{"rendered":"Y\u0131lmazk\u00f6y-Serhatk\u00f6y aras\u0131nda zincirleme kaza\u20261\u2019i a\u011f\u0131r 3 yaral\u0131"},"content":{"rendered":"<p><\/p>\n<div>\n<div class=\"mariselle-image-container center\">\n                <img width=\"2048\" height=\"1536\" class=\"lazy-image\" alt=\"\" decoding=\"async\" loading=\"lazy\" sizes=\"auto, (max-width: 2048px) 100vw, 2048px\" src=\"https:\/\/brtk.net\/wp-content\/uploads\/2023\/09\/09\/yilmazkoy-cikisindaki-kaza-3-.jpg?ver=5baa44e14f2291d93aaba3109f502b71\" srcset=\"https:\/\/brtk.net\/wp-content\/uploads\/2023\/09\/09\/yilmazkoy-cikisindaki-kaza-3-.jpg?ver=5baa44e14f2291d93aaba3109f502b71 2048w, https:\/\/brtk.net\/wp-content\/uploads\/2023\/09\/09\/yilmazkoy-cikisindaki-kaza-3--300x225.jpg?ver=5baa44e14f2291d93aaba3109f502b71 300w, https:\/\/brtk.net\/wp-content\/uploads\/2023\/09\/09\/yilmazkoy-cikisindaki-kaza-3--1024x768.jpg?ver=4079a52f1b9de2ee6929737d3956240b 1024w, https:\/\/brtk.net\/wp-content\/uploads\/2023\/09\/09\/yilmazkoy-cikisindaki-kaza-3--768x576.jpg?ver=4079a52f1b9de2ee6929737d3956240b 768w, https:\/\/brtk.net\/wp-content\/uploads\/2023\/09\/09\/yilmazkoy-cikisindaki-kaza-3--1536x1152.jpg?ver=62c37d0998a7af70d1382e7307b23b0b 1536w\"\/>                            <\/div>\n<p>Lefko\u015fa-G\u00fczelyurt anayolunda (Y\u0131lmazk\u00f6y-Serhatk\u00f6y aras\u0131) bu sabah meydana gelen zincirleme trafik kazas\u0131nda 1\u2019i a\u011f\u0131r 3 ki\u015fi yaraland\u0131.<\/p>\n<p>Polisten verilen bilgiye g\u00f6re, saat 03.30 s\u0131ralar\u0131nda, Sami Gen\u00e7 (E-26), y\u00f6netimindeki PK 270 plakal\u0131 salon ara\u00e7la G\u00fczelyurt\u2019a do\u011fru dikkatsizce seyretti\u011fi s\u0131rada, gidi\u015fine g\u00f6re sola meyilli viraj\u0131 ge\u00e7tikten sonra direksiyon hakimiyetini kaybederek yolun solunda \u00e7\u0131k\u0131p ta\u015f \u00f6rg\u00fc duvara \u00e7arparak kontrols\u00fczce yol i\u00e7erisine savrulup durdu.<\/p>\n<p>Kazan\u0131n hemen ard\u0131ndan saat 03.40 s\u0131ralar\u0131nda ayn\u0131 g\u00fczergah \u00fczerinde, Ya\u015far \u0130zge (E-71) y\u00f6netimindeki JS 285 plakal\u0131 salon ara\u00e7la G\u00fczelyurt istikametine do\u011fru seyretti\u011fi s\u0131rada daha \u00f6nceden meydana gelen trafik kazas\u0131 sonras\u0131 yolun sol \u015feridi i\u00e7erisinde hasarl\u0131 olarak durmakta olan PK 270 plakal\u0131 araca \u00e7arpt\u0131.<\/p>\n<p>Her iki kaza sonras\u0131 yaralanan ara\u00e7 s\u00fcr\u00fcc\u00fcleri ile JS 285 plakal\u0131 ara\u00e7ta yolcu olarak bulunan Zehra \u0130zge (K-65), Lefko\u015fa Dr. Burhan Nalbanto\u011flu Devlet Hastanesine kald\u0131r\u0131ld\u0131. Kazada a\u011f\u0131r yaralanan Sami Gen\u00e7 yap\u0131lan m\u00fcdahalenin ard\u0131ndan yo\u011fun bak\u0131m servisinde g\u00f6zetim alt\u0131na al\u0131n\u0131rken, kazada hafif yaralanan Ya\u015far \u0130zge ve Zehra \u0130zge\u2019nin tedavilerine Acil Serviste devam edildi\u011fi belirtildi.<\/p>\n<p>Polisin kazayla ilgili soru\u015fturmas\u0131 s\u00fcr\u00fcyor.<\/p>\n<p><strong>-Alkoll\u00fc s\u00fcr\u00fcc\u00fc evin \u00f6n\u00fcnde park halindeki araca \u00e7arpt\u0131\u2026<\/strong><\/p>\n<p>\u00d6te yandan, saat 00.30 s\u0131ralar\u0131nda, Lefko\u015fa\u2019da Rauf Denkta\u015f Caddesi \u00fczerinde, Serkan Servet (E-31), 305 mlgr alkoll\u00fc i\u00e7ki tesiri alt\u0131nda y\u00f6netimindeki PU 905 salon ara\u00e7 ile g\u00fcney istikametine do\u011fru seyretti\u011fi s\u0131rada, yolun sol k\u0131sm\u0131nda bulunan bir evin \u00f6n\u00fcnde park halindeki UM 710 plakal\u0131 salon araca \u00e7arpt\u0131. Kaza sonucu yaralanan olmad\u0131. Ara\u00e7 s\u00fcr\u00fcc\u00fcs\u00fc Serkan Servet tutuklan\u0131rken, soru\u015fturma devam ediyor.<\/p>\n<\/p><\/div>\n","protected":false},"excerpt":{"rendered":"<p>Lefko\u015fa-G\u00fczelyurt anayolunda (Y\u0131lmazk\u00f6y-Serhatk\u00f6y aras\u0131) bu sabah meydana gelen zincirleme trafik kazas\u0131nda 1\u2019i a\u011f\u0131r 3 ki\u015fi yaraland\u0131. Polisten verilen bilgiye g\u00f6re, saat 03.30 s\u0131ralar\u0131nda, Sami Gen\u00e7 (E-26), y\u00f6netimindeki PK 270 plakal\u0131 salon ara\u00e7la G\u00fczelyurt\u2019a do\u011fru dikkatsizce seyretti\u011fi s\u0131rada, gidi\u015fine g\u00f6re sola meyilli viraj\u0131 ge\u00e7tikten sonra direksiyon hakimiyetini kaybederek yolun solunda \u00e7\u0131k\u0131p ta\u015f \u00f6rg\u00fc duvara \u00e7arparak kontrols\u00fczce<\/p>\n","protected":false},"author":1,"featured_media":13467,"comment_status":"open","ping_status":"open","sticky":false,"template":"","format":"standard","meta":{"footnotes":""},"categories":[1],"tags":[],"class_list":["post-13466","post","type-post","status-publish","format-standard","has-post-thumbnail","hentry","category-gundem"],"yoast_head":"<!-- This site is optimized with the Yoast SEO plugin v27.5 - https:\/\/yoast.com\/product\/yoast-seo-wordpress\/ -->\n<title>Y\u0131lmazk\u00f6y-Serhatk\u00f6y aras\u0131nda zincirleme kaza\u20261\u2019i a\u011f\u0131r 3 yaral\u0131 -<\/title>\n<meta name=\"robots\" content=\"index, follow, max-snippet:-1, max-image-preview:large, max-video-preview:-1\" \/>\n<link rel=\"canonical\" href=\"https:\/\/kibrisdakik.com\/?p=13466\" \/>\n<meta property=\"og:locale\" content=\"tr_TR\" \/>\n<meta property=\"og:type\" content=\"article\" \/>\n<meta property=\"og:title\" content=\"Y\u0131lmazk\u00f6y-Serhatk\u00f6y aras\u0131nda zincirleme kaza\u20261\u2019i a\u011f\u0131r 3 yaral\u0131 -\" \/>\n<meta property=\"og:description\" content=\"Lefko\u015fa-G\u00fczelyurt anayolunda (Y\u0131lmazk\u00f6y-Serhatk\u00f6y aras\u0131) bu sabah meydana gelen zincirleme trafik kazas\u0131nda 1\u2019i a\u011f\u0131r 3 ki\u015fi yaraland\u0131. Polisten verilen bilgiye g\u00f6re, saat 03.30 s\u0131ralar\u0131nda, Sami Gen\u00e7 (E-26), y\u00f6netimindeki PK 270 plakal\u0131 salon ara\u00e7la G\u00fczelyurt\u2019a do\u011fru dikkatsizce seyretti\u011fi s\u0131rada, gidi\u015fine g\u00f6re sola meyilli viraj\u0131 ge\u00e7tikten sonra direksiyon hakimiyetini kaybederek yolun solunda \u00e7\u0131k\u0131p ta\u015f \u00f6rg\u00fc duvara \u00e7arparak kontrols\u00fczce\" \/>\n<meta property=\"og:url\" content=\"https:\/\/kibrisdakik.com\/?p=13466\" \/>\n<meta property=\"article:published_time\" content=\"2023-09-09T07:25:54+00:00\" \/>\n<meta property=\"og:image\" content=\"https:\/\/kibrisdakik.com\/wp-content\/uploads\/2023\/09\/yilmazkoy-cikisindaki-kaza-3--740x420.jpg\" \/>\n\t<meta property=\"og:image:width\" content=\"2048\" \/>\n\t<meta property=\"og:image:height\" content=\"1536\" \/>\n\t<meta property=\"og:image:type\" content=\"image\/jpeg\" \/>\n<meta name=\"author\" content=\"admin\" \/>\n<meta name=\"twitter:card\" content=\"summary_large_image\" \/>\n<meta name=\"twitter:label1\" content=\"Yazan:\" \/>\n\t<meta name=\"twitter:data1\" content=\"admin\" \/>\n\t<meta name=\"twitter:label2\" content=\"Tahmini okuma s\u00fcresi\" \/>\n\t<meta name=\"twitter:data2\" content=\"1 dakika\" \/>\n<script type=\"application\/ld+json\" class=\"yoast-schema-graph\">{\"@context\":\"https:\\\/\\\/schema.org\",\"@graph\":[{\"@type\":\"Article\",\"@id\":\"https:\\\/\\\/kibrisdakik.com\\\/?p=13466#article\",\"isPartOf\":{\"@id\":\"https:\\\/\\\/kibrisdakik.com\\\/?p=13466\"},\"author\":{\"name\":\"admin\",\"@id\":\"https:\\\/\\\/kibrisdakik.com\\\/#\\\/schema\\\/person\\\/9cd9d437bbb44f72b73ba127e06d8e79\"},\"headline\":\"Y\u0131lmazk\u00f6y-Serhatk\u00f6y aras\u0131nda zincirleme kaza\u20261\u2019i a\u011f\u0131r 3 yaral\u0131\",\"datePublished\":\"2023-09-09T07:25:54+00:00\",\"mainEntityOfPage\":{\"@id\":\"https:\\\/\\\/kibrisdakik.com\\\/?p=13466\"},\"wordCount\":309,\"commentCount\":0,\"image\":{\"@id\":\"https:\\\/\\\/kibrisdakik.com\\\/?p=13466#primaryimage\"},\"thumbnailUrl\":\"https:\\\/\\\/kibrisdakik.com\\\/wp-content\\\/uploads\\\/2023\\\/09\\\/yilmazkoy-cikisindaki-kaza-3--740x420.jpg\",\"articleSection\":[\"G\u00fcndem\"],\"inLanguage\":\"tr\",\"potentialAction\":[{\"@type\":\"CommentAction\",\"name\":\"Comment\",\"target\":[\"https:\\\/\\\/kibrisdakik.com\\\/?p=13466#respond\"]}]},{\"@type\":\"WebPage\",\"@id\":\"https:\\\/\\\/kibrisdakik.com\\\/?p=13466\",\"url\":\"https:\\\/\\\/kibrisdakik.com\\\/?p=13466\",\"name\":\"Y\u0131lmazk\u00f6y-Serhatk\u00f6y aras\u0131nda zincirleme kaza\u20261\u2019i a\u011f\u0131r 3 yaral\u0131 -\",\"isPartOf\":{\"@id\":\"https:\\\/\\\/kibrisdakik.com\\\/#website\"},\"primaryImageOfPage\":{\"@id\":\"https:\\\/\\\/kibrisdakik.com\\\/?p=13466#primaryimage\"},\"image\":{\"@id\":\"https:\\\/\\\/kibrisdakik.com\\\/?p=13466#primaryimage\"},\"thumbnailUrl\":\"https:\\\/\\\/kibrisdakik.com\\\/wp-content\\\/uploads\\\/2023\\\/09\\\/yilmazkoy-cikisindaki-kaza-3--740x420.jpg\",\"datePublished\":\"2023-09-09T07:25:54+00:00\",\"author\":{\"@id\":\"https:\\\/\\\/kibrisdakik.com\\\/#\\\/schema\\\/person\\\/9cd9d437bbb44f72b73ba127e06d8e79\"},\"breadcrumb\":{\"@id\":\"https:\\\/\\\/kibrisdakik.com\\\/?p=13466#breadcrumb\"},\"inLanguage\":\"tr\",\"potentialAction\":[{\"@type\":\"ReadAction\",\"target\":[\"https:\\\/\\\/kibrisdakik.com\\\/?p=13466\"]}]},{\"@type\":\"ImageObject\",\"inLanguage\":\"tr\",\"@id\":\"https:\\\/\\\/kibrisdakik.com\\\/?p=13466#primaryimage\",\"url\":\"https:\\\/\\\/kibrisdakik.com\\\/wp-content\\\/uploads\\\/2023\\\/09\\\/yilmazkoy-cikisindaki-kaza-3--740x420.jpg\",\"contentUrl\":\"https:\\\/\\\/kibrisdakik.com\\\/wp-content\\\/uploads\\\/2023\\\/09\\\/yilmazkoy-cikisindaki-kaza-3--740x420.jpg\",\"width\":2048,\"height\":1536},{\"@type\":\"BreadcrumbList\",\"@id\":\"https:\\\/\\\/kibrisdakik.com\\\/?p=13466#breadcrumb\",\"itemListElement\":[{\"@type\":\"ListItem\",\"position\":1,\"name\":\"Home\",\"item\":\"https:\\\/\\\/kibrisdakik.com\\\/\"},{\"@type\":\"ListItem\",\"position\":2,\"name\":\"Y\u0131lmazk\u00f6y-Serhatk\u00f6y aras\u0131nda zincirleme kaza\u20261\u2019i a\u011f\u0131r 3 yaral\u0131\"}]},{\"@type\":\"WebSite\",\"@id\":\"https:\\\/\\\/kibrisdakik.com\\\/#website\",\"url\":\"https:\\\/\\\/kibrisdakik.com\\\/\",\"name\":\"\",\"description\":\"Tam vaktinde haber\",\"potentialAction\":[{\"@type\":\"SearchAction\",\"target\":{\"@type\":\"EntryPoint\",\"urlTemplate\":\"https:\\\/\\\/kibrisdakik.com\\\/?s={search_term_string}\"},\"query-input\":{\"@type\":\"PropertyValueSpecification\",\"valueRequired\":true,\"valueName\":\"search_term_string\"}}],\"inLanguage\":\"tr\"},{\"@type\":\"Person\",\"@id\":\"https:\\\/\\\/kibrisdakik.com\\\/#\\\/schema\\\/person\\\/9cd9d437bbb44f72b73ba127e06d8e79\",\"name\":\"admin\",\"image\":{\"@type\":\"ImageObject\",\"inLanguage\":\"tr\",\"@id\":\"https:\\\/\\\/secure.gravatar.com\\\/avatar\\\/ccc17943b9d660506c869530f897617f7cb1c21a4bf30023f252596d83e1f007?s=96&d=mm&r=g\",\"url\":\"https:\\\/\\\/secure.gravatar.com\\\/avatar\\\/ccc17943b9d660506c869530f897617f7cb1c21a4bf30023f252596d83e1f007?s=96&d=mm&r=g\",\"contentUrl\":\"https:\\\/\\\/secure.gravatar.com\\\/avatar\\\/ccc17943b9d660506c869530f897617f7cb1c21a4bf30023f252596d83e1f007?s=96&d=mm&r=g\",\"caption\":\"admin\"},\"sameAs\":[\"https:\\\/\\\/kibrisdakik.com\"],\"url\":\"https:\\\/\\\/kibrisdakik.com\\\/?author=1\"}]}<\/script>\n<!-- \/ Yoast SEO plugin. -->","yoast_head_json":{"title":"Y\u0131lmazk\u00f6y-Serhatk\u00f6y aras\u0131nda zincirleme kaza\u20261\u2019i a\u011f\u0131r 3 yaral\u0131 -","robots":{"index":"index","follow":"follow","max-snippet":"max-snippet:-1","max-image-preview":"max-image-preview:large","max-video-preview":"max-video-preview:-1"},"canonical":"https:\/\/kibrisdakik.com\/?p=13466","og_locale":"tr_TR","og_type":"article","og_title":"Y\u0131lmazk\u00f6y-Serhatk\u00f6y aras\u0131nda zincirleme kaza\u20261\u2019i a\u011f\u0131r 3 yaral\u0131 -","og_description":"Lefko\u015fa-G\u00fczelyurt anayolunda (Y\u0131lmazk\u00f6y-Serhatk\u00f6y aras\u0131) bu sabah meydana gelen zincirleme trafik kazas\u0131nda 1\u2019i a\u011f\u0131r 3 ki\u015fi yaraland\u0131. Polisten verilen bilgiye g\u00f6re, saat 03.30 s\u0131ralar\u0131nda, Sami Gen\u00e7 (E-26), y\u00f6netimindeki PK 270 plakal\u0131 salon ara\u00e7la G\u00fczelyurt\u2019a do\u011fru dikkatsizce seyretti\u011fi s\u0131rada, gidi\u015fine g\u00f6re sola meyilli viraj\u0131 ge\u00e7tikten sonra direksiyon hakimiyetini kaybederek yolun solunda \u00e7\u0131k\u0131p ta\u015f \u00f6rg\u00fc duvara \u00e7arparak kontrols\u00fczce","og_url":"https:\/\/kibrisdakik.com\/?p=13466","article_published_time":"2023-09-09T07:25:54+00:00","og_image":[{"width":2048,"height":1536,"url":"https:\/\/kibrisdakik.com\/wp-content\/uploads\/2023\/09\/yilmazkoy-cikisindaki-kaza-3--740x420.jpg","type":"image\/jpeg"}],"author":"admin","twitter_card":"summary_large_image","twitter_misc":{"Yazan:":"admin","Tahmini okuma s\u00fcresi":"1 dakika"},"schema":{"@context":"https:\/\/schema.org","@graph":[{"@type":"Article","@id":"https:\/\/kibrisdakik.com\/?p=13466#article","isPartOf":{"@id":"https:\/\/kibrisdakik.com\/?p=13466"},"author":{"name":"admin","@id":"https:\/\/kibrisdakik.com\/#\/schema\/person\/9cd9d437bbb44f72b73ba127e06d8e79"},"headline":"Y\u0131lmazk\u00f6y-Serhatk\u00f6y aras\u0131nda zincirleme kaza\u20261\u2019i a\u011f\u0131r 3 yaral\u0131","datePublished":"2023-09-09T07:25:54+00:00","mainEntityOfPage":{"@id":"https:\/\/kibrisdakik.com\/?p=13466"},"wordCount":309,"commentCount":0,"image":{"@id":"https:\/\/kibrisdakik.com\/?p=13466#primaryimage"},"thumbnailUrl":"https:\/\/kibrisdakik.com\/wp-content\/uploads\/2023\/09\/yilmazkoy-cikisindaki-kaza-3--740x420.jpg","articleSection":["G\u00fcndem"],"inLanguage":"tr","potentialAction":[{"@type":"CommentAction","name":"Comment","target":["https:\/\/kibrisdakik.com\/?p=13466#respond"]}]},{"@type":"WebPage","@id":"https:\/\/kibrisdakik.com\/?p=13466","url":"https:\/\/kibrisdakik.com\/?p=13466","name":"Y\u0131lmazk\u00f6y-Serhatk\u00f6y aras\u0131nda zincirleme kaza\u20261\u2019i a\u011f\u0131r 3 yaral\u0131 -","isPartOf":{"@id":"https:\/\/kibrisdakik.com\/#website"},"primaryImageOfPage":{"@id":"https:\/\/kibrisdakik.com\/?p=13466#primaryimage"},"image":{"@id":"https:\/\/kibrisdakik.com\/?p=13466#primaryimage"},"thumbnailUrl":"https:\/\/kibrisdakik.com\/wp-content\/uploads\/2023\/09\/yilmazkoy-cikisindaki-kaza-3--740x420.jpg","datePublished":"2023-09-09T07:25:54+00:00","author":{"@id":"https:\/\/kibrisdakik.com\/#\/schema\/person\/9cd9d437bbb44f72b73ba127e06d8e79"},"breadcrumb":{"@id":"https:\/\/kibrisdakik.com\/?p=13466#breadcrumb"},"inLanguage":"tr","potentialAction":[{"@type":"ReadAction","target":["https:\/\/kibrisdakik.com\/?p=13466"]}]},{"@type":"ImageObject","inLanguage":"tr","@id":"https:\/\/kibrisdakik.com\/?p=13466#primaryimage","url":"https:\/\/kibrisdakik.com\/wp-content\/uploads\/2023\/09\/yilmazkoy-cikisindaki-kaza-3--740x420.jpg","contentUrl":"https:\/\/kibrisdakik.com\/wp-content\/uploads\/2023\/09\/yilmazkoy-cikisindaki-kaza-3--740x420.jpg","width":2048,"height":1536},{"@type":"BreadcrumbList","@id":"https:\/\/kibrisdakik.com\/?p=13466#breadcrumb","itemListElement":[{"@type":"ListItem","position":1,"name":"Home","item":"https:\/\/kibrisdakik.com\/"},{"@type":"ListItem","position":2,"name":"Y\u0131lmazk\u00f6y-Serhatk\u00f6y aras\u0131nda zincirleme kaza\u20261\u2019i a\u011f\u0131r 3 yaral\u0131"}]},{"@type":"WebSite","@id":"https:\/\/kibrisdakik.com\/#website","url":"https:\/\/kibrisdakik.com\/","name":"","description":"Tam vaktinde haber","potentialAction":[{"@type":"SearchAction","target":{"@type":"EntryPoint","urlTemplate":"https:\/\/kibrisdakik.com\/?s={search_term_string}"},"query-input":{"@type":"PropertyValueSpecification","valueRequired":true,"valueName":"search_term_string"}}],"inLanguage":"tr"},{"@type":"Person","@id":"https:\/\/kibrisdakik.com\/#\/schema\/person\/9cd9d437bbb44f72b73ba127e06d8e79","name":"admin","image":{"@type":"ImageObject","inLanguage":"tr","@id":"https:\/\/secure.gravatar.com\/avatar\/ccc17943b9d660506c869530f897617f7cb1c21a4bf30023f252596d83e1f007?s=96&d=mm&r=g","url":"https:\/\/secure.gravatar.com\/avatar\/ccc17943b9d660506c869530f897617f7cb1c21a4bf30023f252596d83e1f007?s=96&d=mm&r=g","contentUrl":"https:\/\/secure.gravatar.com\/avatar\/ccc17943b9d660506c869530f897617f7cb1c21a4bf30023f252596d83e1f007?s=96&d=mm&r=g","caption":"admin"},"sameAs":["https:\/\/kibrisdakik.com"],"url":"https:\/\/kibrisdakik.com\/?author=1"}]}},"_links":{"self":[{"href":"https:\/\/kibrisdakik.com\/index.php?rest_route=\/wp\/v2\/posts\/13466","targetHints":{"allow":["GET"]}}],"collection":[{"href":"https:\/\/kibrisdakik.com\/index.php?rest_route=\/wp\/v2\/posts"}],"about":[{"href":"https:\/\/kibrisdakik.com\/index.php?rest_route=\/wp\/v2\/types\/post"}],"author":[{"embeddable":true,"href":"https:\/\/kibrisdakik.com\/index.php?rest_route=\/wp\/v2\/users\/1"}],"replies":[{"embeddable":true,"href":"https:\/\/kibrisdakik.com\/index.php?rest_route=%2Fwp%2Fv2%2Fcomments&post=13466"}],"version-history":[{"count":0,"href":"https:\/\/kibrisdakik.com\/index.php?rest_route=\/wp\/v2\/posts\/13466\/revisions"}],"wp:featuredmedia":[{"embeddable":true,"href":"https:\/\/kibrisdakik.com\/index.php?rest_route=\/wp\/v2\/media\/13467"}],"wp:attachment":[{"href":"https:\/\/kibrisdakik.com\/index.php?rest_route=%2Fwp%2Fv2%2Fmedia&parent=13466"}],"wp:term":[{"taxonomy":"category","embeddable":true,"href":"https:\/\/kibrisdakik.com\/index.php?rest_route=%2Fwp%2Fv2%2Fcategories&post=13466"},{"taxonomy":"post_tag","embeddable":true,"href":"https:\/\/kibrisdakik.com\/index.php?rest_route=%2Fwp%2Fv2%2Ftags&post=13466"}],"curies":[{"name":"wp","href":"https:\/\/api.w.org\/{rel}","templated":true}]}}