{"id":13491,"date":"2023-09-09T15:57:46","date_gmt":"2023-09-09T15:57:46","guid":{"rendered":"https:\/\/kibrisdakik.com\/index.php\/2023\/09\/09\/tatar-harnuba-sahip-cikilmali-ve-tanitimi-yapilmali\/"},"modified":"2023-09-09T15:57:46","modified_gmt":"2023-09-09T15:57:46","slug":"tatar-harnuba-sahip-cikilmali-ve-tanitimi-yapilmali","status":"publish","type":"post","link":"https:\/\/kibrisdakik.com\/?p=13491","title":{"rendered":"Tatar: Harnuba sahip \u00e7\u0131k\u0131lmal\u0131 ve tan\u0131t\u0131m\u0131 yap\u0131lmal\u0131"},"content":{"rendered":"<p><\/p>\n<div>\n<div class=\"mariselle-image-container center\">\n                <img width=\"1600\" height=\"1066\" class=\"lazy-image\" alt=\"\" decoding=\"async\" loading=\"lazy\" sizes=\"auto, (max-width: 1600px) 100vw, 1600px\" src=\"https:\/\/brtk.net\/wp-content\/uploads\/2023\/09\/09\/tatar-2-25.jpg?ver=8d5054faf6bb6dfe211b820fc39f2a2e\" srcset=\"https:\/\/brtk.net\/wp-content\/uploads\/2023\/09\/09\/tatar-2-25.jpg?ver=8d5054faf6bb6dfe211b820fc39f2a2e 1600w, https:\/\/brtk.net\/wp-content\/uploads\/2023\/09\/09\/tatar-2-25-300x200.jpg?ver=8d5054faf6bb6dfe211b820fc39f2a2e 300w, https:\/\/brtk.net\/wp-content\/uploads\/2023\/09\/09\/tatar-2-25-1024x682.jpg?ver=8d5054faf6bb6dfe211b820fc39f2a2e 1024w, https:\/\/brtk.net\/wp-content\/uploads\/2023\/09\/09\/tatar-2-25-768x512.jpg?ver=8d5054faf6bb6dfe211b820fc39f2a2e 768w, https:\/\/brtk.net\/wp-content\/uploads\/2023\/09\/09\/tatar-2-25-1536x1023.jpg?ver=848f44d33970671e3afa38fe3d7c8410 1536w\"\/>                            <\/div>\n<p>Cumhurba\u015fkan\u0131 <a href=\"https:\/\/brtk.net\/\" target=\"_blank\" rel=\"noopener\">Ersin <\/a><a href=\"https:\/\/brtk.net\/\"\/><a href=\"https:\/\/brtk.net\/\"\/><a href=\"https:\/\/brtk.net\/\"\/><a href=\"https:\/\/brtk.net\/\"\/><a href=\"https:\/\/brtk.net\/\"\/><a href=\"https:\/\/brtk.net\/\">Tatar<\/a>, Tatl\u0131su Belediyesi\u2019nin d\u00fczenledi\u011fi 16. Uluslararas\u0131 Tatl\u0131su Harnup Festivali\u2019ne kat\u0131ld\u0131.<br \/>Cumhurba\u015fkanl\u0131\u011f\u0131ndan verilen bilgiye g\u00f6re, <a href=\"https:\/\/brtk.net\/\"\/><a href=\"https:\/\/brtk.net\/\"\/><a href=\"https:\/\/brtk.net\/\"\/><a href=\"https:\/\/brtk.net\/\"\/><a href=\"https:\/\/brtk.net\/\"\/><a href=\"https:\/\/brtk.net\/\">Tatar<\/a> Festivalde yapt\u0131\u011f\u0131 a\u00e7\u0131klamada, Tatl\u0131su b\u00f6lgesinde ya\u015fanan geli\u015fmelerin kendisini mutlu etti\u011fini s\u00f6yledi ve do\u011fal g\u00fczellikleri, harnup, zeytin ve di\u011fer tar\u0131msal \u00fcr\u00fcnleriyle b\u00f6lgede g\u00fc\u00e7l\u00fc bir ziraat potansiyeli oldu\u011funa i\u015faret etti.<\/p>\n<p>Son y\u0131llarda harnup fiyat\u0131yla ilgili \u00e7al\u0131\u015fmalar oldu\u011funu ve iyi netice al\u0131naca\u011f\u0131na inand\u0131\u011f\u0131n\u0131 anlatan Cumhurba\u015fkan\u0131 <a href=\"https:\/\/brtk.net\/\"\/><a href=\"https:\/\/brtk.net\/\"\/><a href=\"https:\/\/brtk.net\/\"\/><a href=\"https:\/\/brtk.net\/\"\/><a href=\"https:\/\/brtk.net\/\"\/><a href=\"https:\/\/brtk.net\/\">Tatar<\/a>, harnuba sahip \u00e7\u0131k\u0131l\u0131p, yeni ekimler yap\u0131lmas\u0131n\u0131n \u00f6nemine dikkat \u00e7ekti.<\/p>\n<p>\u00dclkede d\u00fcnyan\u0131n en kaliteli harnuplar\u0131n bulundu\u011funu belirten <a href=\"https:\/\/brtk.net\/\"\/><a href=\"https:\/\/brtk.net\/\"\/><a href=\"https:\/\/brtk.net\/\"\/><a href=\"https:\/\/brtk.net\/\"\/><a href=\"https:\/\/brtk.net\/\"\/><a href=\"https:\/\/brtk.net\/\">Tatar<\/a>, harnup festivali gibi etkinliklerde, harnuba sahip \u00e7\u0131k\u0131p ve tan\u0131t\u0131m yapman\u0131n Tar\u0131m Bakanl\u0131\u011f\u0131 yan\u0131nda di\u011fer sivil toplum \u00f6rg\u00fctlerinin de g\u00f6revi oldu\u011funu dile getirdi.<\/p>\n<p>Tatl\u0131su Belediyesi himayelerinde farkl\u0131 k\u00fclt\u00fcrel etkinliklerin de yap\u0131ld\u0131\u011f\u0131n\u0131 belirten <a href=\"https:\/\/brtk.net\/\"\/><a href=\"https:\/\/brtk.net\/\"\/><a href=\"https:\/\/brtk.net\/\"\/><a href=\"https:\/\/brtk.net\/\"\/><a href=\"https:\/\/brtk.net\/\"\/><a href=\"https:\/\/brtk.net\/\">Tatar<\/a>, harnup festivalinin, esnaf\u0131n ve b\u00f6lge halk\u0131n\u0131n bulu\u015fmas\u0131, \u00fcretilenlerin sergilenmesi ve sat\u0131\u015f\u0131 a\u00e7\u0131s\u0131ndan da \u00f6nemli oldu\u011funu kaydetti.<\/p>\n<p>Cumhurba\u015fkan\u0131 <a href=\"https:\/\/brtk.net\/\"\/><a href=\"https:\/\/brtk.net\/\"\/><a href=\"https:\/\/brtk.net\/\"\/><a href=\"https:\/\/brtk.net\/\"\/><a href=\"https:\/\/brtk.net\/\"\/><a href=\"https:\/\/brtk.net\/\">Tatar<\/a>, Cumhurba\u015fkanl\u0131\u011f\u0131 himayelerinde Tatl\u0131su Belediyesi ile ortak \u00e7al\u0131\u015fmalarda yapt\u0131klar\u0131n\u0131 hat\u0131rlatarak \u201cs\u0131f\u0131r at\u0131k\u201d projesiyle geri d\u00f6n\u00fc\u015f\u00fcm ve kullan\u0131mla ilgili y\u00fcr\u00fct\u00fclen projeye \u00f6nem verdiklerini vurgulad\u0131.<\/p>\n<p><a href=\"https:\/\/brtk.net\/\">KKTC<\/a>\u2019nin en g\u00fczel yerlerinden biri olan Tatl\u0131su b\u00f6lgesinde in\u015faat sekt\u00f6r\u00fcnde yap\u0131lan yat\u0131r\u0131mlarla ekonomik olarak geli\u015fimeler ya\u015fand\u0131\u011f\u0131na da i\u015faret eden Cumhurba\u015fkan\u0131 <a href=\"https:\/\/brtk.net\/\"\/><a href=\"https:\/\/brtk.net\/\"\/><a href=\"https:\/\/brtk.net\/\"\/><a href=\"https:\/\/brtk.net\/\"\/><a href=\"https:\/\/brtk.net\/\"\/><a href=\"https:\/\/brtk.net\/\">Tatar<\/a>, imar yasalar\u0131na uygun olarak kontroll\u00fc bir \u015fekilde geli\u015fmeyle, \u00e7evreye duyarl\u0131 olarak kalk\u0131nman\u0131n gerekti\u011fini belirtti.<\/p>\n<\/p><\/div>\n","protected":false},"excerpt":{"rendered":"<p>Cumhurba\u015fkan\u0131 Ersin Tatar, Tatl\u0131su Belediyesi\u2019nin d\u00fczenledi\u011fi 16. Uluslararas\u0131 Tatl\u0131su Harnup Festivali\u2019ne kat\u0131ld\u0131.Cumhurba\u015fkanl\u0131\u011f\u0131ndan verilen bilgiye g\u00f6re, Tatar Festivalde yapt\u0131\u011f\u0131 a\u00e7\u0131klamada, Tatl\u0131su b\u00f6lgesinde ya\u015fanan geli\u015fmelerin kendisini mutlu etti\u011fini s\u00f6yledi ve do\u011fal g\u00fczellikleri, harnup, zeytin ve di\u011fer tar\u0131msal \u00fcr\u00fcnleriyle b\u00f6lgede g\u00fc\u00e7l\u00fc bir ziraat potansiyeli oldu\u011funa i\u015faret etti. Son y\u0131llarda harnup fiyat\u0131yla ilgili \u00e7al\u0131\u015fmalar oldu\u011funu ve iyi netice al\u0131naca\u011f\u0131na<\/p>\n","protected":false},"author":1,"featured_media":13492,"comment_status":"open","ping_status":"open","sticky":false,"template":"","format":"standard","meta":{"footnotes":""},"categories":[1],"tags":[],"class_list":["post-13491","post","type-post","status-publish","format-standard","has-post-thumbnail","hentry","category-gundem"],"yoast_head":"<!-- This site is optimized with the Yoast SEO plugin v27.5 - https:\/\/yoast.com\/product\/yoast-seo-wordpress\/ -->\n<title>Tatar: Harnuba sahip \u00e7\u0131k\u0131lmal\u0131 ve tan\u0131t\u0131m\u0131 yap\u0131lmal\u0131 -<\/title>\n<meta name=\"robots\" content=\"index, follow, max-snippet:-1, max-image-preview:large, max-video-preview:-1\" \/>\n<link rel=\"canonical\" href=\"https:\/\/kibrisdakik.com\/?p=13491\" \/>\n<meta property=\"og:locale\" content=\"tr_TR\" \/>\n<meta property=\"og:type\" content=\"article\" \/>\n<meta property=\"og:title\" content=\"Tatar: Harnuba sahip \u00e7\u0131k\u0131lmal\u0131 ve tan\u0131t\u0131m\u0131 yap\u0131lmal\u0131 -\" \/>\n<meta property=\"og:description\" content=\"Cumhurba\u015fkan\u0131 Ersin Tatar, Tatl\u0131su Belediyesi\u2019nin d\u00fczenledi\u011fi 16. Uluslararas\u0131 Tatl\u0131su Harnup Festivali\u2019ne kat\u0131ld\u0131.Cumhurba\u015fkanl\u0131\u011f\u0131ndan verilen bilgiye g\u00f6re, Tatar Festivalde yapt\u0131\u011f\u0131 a\u00e7\u0131klamada, Tatl\u0131su b\u00f6lgesinde ya\u015fanan geli\u015fmelerin kendisini mutlu etti\u011fini s\u00f6yledi ve do\u011fal g\u00fczellikleri, harnup, zeytin ve di\u011fer tar\u0131msal \u00fcr\u00fcnleriyle b\u00f6lgede g\u00fc\u00e7l\u00fc bir ziraat potansiyeli oldu\u011funa i\u015faret etti. Son y\u0131llarda harnup fiyat\u0131yla ilgili \u00e7al\u0131\u015fmalar oldu\u011funu ve iyi netice al\u0131naca\u011f\u0131na\" \/>\n<meta property=\"og:url\" content=\"https:\/\/kibrisdakik.com\/?p=13491\" \/>\n<meta property=\"article:published_time\" content=\"2023-09-09T15:57:46+00:00\" \/>\n<meta property=\"og:image\" content=\"https:\/\/kibrisdakik.com\/wp-content\/uploads\/2023\/09\/tatar-2-25-740x420.jpg\" \/>\n\t<meta property=\"og:image:width\" content=\"1600\" \/>\n\t<meta property=\"og:image:height\" content=\"1066\" \/>\n\t<meta property=\"og:image:type\" content=\"image\/jpeg\" \/>\n<meta name=\"author\" content=\"admin\" \/>\n<meta name=\"twitter:card\" content=\"summary_large_image\" \/>\n<meta name=\"twitter:label1\" content=\"Yazan:\" \/>\n\t<meta name=\"twitter:data1\" content=\"admin\" \/>\n\t<meta name=\"twitter:label2\" content=\"Tahmini okuma s\u00fcresi\" \/>\n\t<meta name=\"twitter:data2\" content=\"1 dakika\" \/>\n<script type=\"application\/ld+json\" class=\"yoast-schema-graph\">{\"@context\":\"https:\\\/\\\/schema.org\",\"@graph\":[{\"@type\":\"Article\",\"@id\":\"https:\\\/\\\/kibrisdakik.com\\\/?p=13491#article\",\"isPartOf\":{\"@id\":\"https:\\\/\\\/kibrisdakik.com\\\/?p=13491\"},\"author\":{\"name\":\"admin\",\"@id\":\"https:\\\/\\\/kibrisdakik.com\\\/#\\\/schema\\\/person\\\/9cd9d437bbb44f72b73ba127e06d8e79\"},\"headline\":\"Tatar: Harnuba sahip \u00e7\u0131k\u0131lmal\u0131 ve tan\u0131t\u0131m\u0131 yap\u0131lmal\u0131\",\"datePublished\":\"2023-09-09T15:57:46+00:00\",\"mainEntityOfPage\":{\"@id\":\"https:\\\/\\\/kibrisdakik.com\\\/?p=13491\"},\"wordCount\":297,\"commentCount\":0,\"image\":{\"@id\":\"https:\\\/\\\/kibrisdakik.com\\\/?p=13491#primaryimage\"},\"thumbnailUrl\":\"https:\\\/\\\/kibrisdakik.com\\\/wp-content\\\/uploads\\\/2023\\\/09\\\/tatar-2-25-740x420.jpg\",\"articleSection\":[\"G\u00fcndem\"],\"inLanguage\":\"tr\",\"potentialAction\":[{\"@type\":\"CommentAction\",\"name\":\"Comment\",\"target\":[\"https:\\\/\\\/kibrisdakik.com\\\/?p=13491#respond\"]}]},{\"@type\":\"WebPage\",\"@id\":\"https:\\\/\\\/kibrisdakik.com\\\/?p=13491\",\"url\":\"https:\\\/\\\/kibrisdakik.com\\\/?p=13491\",\"name\":\"Tatar: Harnuba sahip \u00e7\u0131k\u0131lmal\u0131 ve tan\u0131t\u0131m\u0131 yap\u0131lmal\u0131 -\",\"isPartOf\":{\"@id\":\"https:\\\/\\\/kibrisdakik.com\\\/#website\"},\"primaryImageOfPage\":{\"@id\":\"https:\\\/\\\/kibrisdakik.com\\\/?p=13491#primaryimage\"},\"image\":{\"@id\":\"https:\\\/\\\/kibrisdakik.com\\\/?p=13491#primaryimage\"},\"thumbnailUrl\":\"https:\\\/\\\/kibrisdakik.com\\\/wp-content\\\/uploads\\\/2023\\\/09\\\/tatar-2-25-740x420.jpg\",\"datePublished\":\"2023-09-09T15:57:46+00:00\",\"author\":{\"@id\":\"https:\\\/\\\/kibrisdakik.com\\\/#\\\/schema\\\/person\\\/9cd9d437bbb44f72b73ba127e06d8e79\"},\"breadcrumb\":{\"@id\":\"https:\\\/\\\/kibrisdakik.com\\\/?p=13491#breadcrumb\"},\"inLanguage\":\"tr\",\"potentialAction\":[{\"@type\":\"ReadAction\",\"target\":[\"https:\\\/\\\/kibrisdakik.com\\\/?p=13491\"]}]},{\"@type\":\"ImageObject\",\"inLanguage\":\"tr\",\"@id\":\"https:\\\/\\\/kibrisdakik.com\\\/?p=13491#primaryimage\",\"url\":\"https:\\\/\\\/kibrisdakik.com\\\/wp-content\\\/uploads\\\/2023\\\/09\\\/tatar-2-25-740x420.jpg\",\"contentUrl\":\"https:\\\/\\\/kibrisdakik.com\\\/wp-content\\\/uploads\\\/2023\\\/09\\\/tatar-2-25-740x420.jpg\",\"width\":1600,\"height\":1066},{\"@type\":\"BreadcrumbList\",\"@id\":\"https:\\\/\\\/kibrisdakik.com\\\/?p=13491#breadcrumb\",\"itemListElement\":[{\"@type\":\"ListItem\",\"position\":1,\"name\":\"Home\",\"item\":\"https:\\\/\\\/kibrisdakik.com\\\/\"},{\"@type\":\"ListItem\",\"position\":2,\"name\":\"Tatar: Harnuba sahip \u00e7\u0131k\u0131lmal\u0131 ve tan\u0131t\u0131m\u0131 yap\u0131lmal\u0131\"}]},{\"@type\":\"WebSite\",\"@id\":\"https:\\\/\\\/kibrisdakik.com\\\/#website\",\"url\":\"https:\\\/\\\/kibrisdakik.com\\\/\",\"name\":\"\",\"description\":\"Tam vaktinde haber\",\"potentialAction\":[{\"@type\":\"SearchAction\",\"target\":{\"@type\":\"EntryPoint\",\"urlTemplate\":\"https:\\\/\\\/kibrisdakik.com\\\/?s={search_term_string}\"},\"query-input\":{\"@type\":\"PropertyValueSpecification\",\"valueRequired\":true,\"valueName\":\"search_term_string\"}}],\"inLanguage\":\"tr\"},{\"@type\":\"Person\",\"@id\":\"https:\\\/\\\/kibrisdakik.com\\\/#\\\/schema\\\/person\\\/9cd9d437bbb44f72b73ba127e06d8e79\",\"name\":\"admin\",\"image\":{\"@type\":\"ImageObject\",\"inLanguage\":\"tr\",\"@id\":\"https:\\\/\\\/secure.gravatar.com\\\/avatar\\\/ccc17943b9d660506c869530f897617f7cb1c21a4bf30023f252596d83e1f007?s=96&d=mm&r=g\",\"url\":\"https:\\\/\\\/secure.gravatar.com\\\/avatar\\\/ccc17943b9d660506c869530f897617f7cb1c21a4bf30023f252596d83e1f007?s=96&d=mm&r=g\",\"contentUrl\":\"https:\\\/\\\/secure.gravatar.com\\\/avatar\\\/ccc17943b9d660506c869530f897617f7cb1c21a4bf30023f252596d83e1f007?s=96&d=mm&r=g\",\"caption\":\"admin\"},\"sameAs\":[\"https:\\\/\\\/kibrisdakik.com\"],\"url\":\"https:\\\/\\\/kibrisdakik.com\\\/?author=1\"}]}<\/script>\n<!-- \/ Yoast SEO plugin. -->","yoast_head_json":{"title":"Tatar: Harnuba sahip \u00e7\u0131k\u0131lmal\u0131 ve tan\u0131t\u0131m\u0131 yap\u0131lmal\u0131 -","robots":{"index":"index","follow":"follow","max-snippet":"max-snippet:-1","max-image-preview":"max-image-preview:large","max-video-preview":"max-video-preview:-1"},"canonical":"https:\/\/kibrisdakik.com\/?p=13491","og_locale":"tr_TR","og_type":"article","og_title":"Tatar: Harnuba sahip \u00e7\u0131k\u0131lmal\u0131 ve tan\u0131t\u0131m\u0131 yap\u0131lmal\u0131 -","og_description":"Cumhurba\u015fkan\u0131 Ersin Tatar, Tatl\u0131su Belediyesi\u2019nin d\u00fczenledi\u011fi 16. Uluslararas\u0131 Tatl\u0131su Harnup Festivali\u2019ne kat\u0131ld\u0131.Cumhurba\u015fkanl\u0131\u011f\u0131ndan verilen bilgiye g\u00f6re, Tatar Festivalde yapt\u0131\u011f\u0131 a\u00e7\u0131klamada, Tatl\u0131su b\u00f6lgesinde ya\u015fanan geli\u015fmelerin kendisini mutlu etti\u011fini s\u00f6yledi ve do\u011fal g\u00fczellikleri, harnup, zeytin ve di\u011fer tar\u0131msal \u00fcr\u00fcnleriyle b\u00f6lgede g\u00fc\u00e7l\u00fc bir ziraat potansiyeli oldu\u011funa i\u015faret etti. Son y\u0131llarda harnup fiyat\u0131yla ilgili \u00e7al\u0131\u015fmalar oldu\u011funu ve iyi netice al\u0131naca\u011f\u0131na","og_url":"https:\/\/kibrisdakik.com\/?p=13491","article_published_time":"2023-09-09T15:57:46+00:00","og_image":[{"width":1600,"height":1066,"url":"https:\/\/kibrisdakik.com\/wp-content\/uploads\/2023\/09\/tatar-2-25-740x420.jpg","type":"image\/jpeg"}],"author":"admin","twitter_card":"summary_large_image","twitter_misc":{"Yazan:":"admin","Tahmini okuma s\u00fcresi":"1 dakika"},"schema":{"@context":"https:\/\/schema.org","@graph":[{"@type":"Article","@id":"https:\/\/kibrisdakik.com\/?p=13491#article","isPartOf":{"@id":"https:\/\/kibrisdakik.com\/?p=13491"},"author":{"name":"admin","@id":"https:\/\/kibrisdakik.com\/#\/schema\/person\/9cd9d437bbb44f72b73ba127e06d8e79"},"headline":"Tatar: Harnuba sahip \u00e7\u0131k\u0131lmal\u0131 ve tan\u0131t\u0131m\u0131 yap\u0131lmal\u0131","datePublished":"2023-09-09T15:57:46+00:00","mainEntityOfPage":{"@id":"https:\/\/kibrisdakik.com\/?p=13491"},"wordCount":297,"commentCount":0,"image":{"@id":"https:\/\/kibrisdakik.com\/?p=13491#primaryimage"},"thumbnailUrl":"https:\/\/kibrisdakik.com\/wp-content\/uploads\/2023\/09\/tatar-2-25-740x420.jpg","articleSection":["G\u00fcndem"],"inLanguage":"tr","potentialAction":[{"@type":"CommentAction","name":"Comment","target":["https:\/\/kibrisdakik.com\/?p=13491#respond"]}]},{"@type":"WebPage","@id":"https:\/\/kibrisdakik.com\/?p=13491","url":"https:\/\/kibrisdakik.com\/?p=13491","name":"Tatar: Harnuba sahip \u00e7\u0131k\u0131lmal\u0131 ve tan\u0131t\u0131m\u0131 yap\u0131lmal\u0131 -","isPartOf":{"@id":"https:\/\/kibrisdakik.com\/#website"},"primaryImageOfPage":{"@id":"https:\/\/kibrisdakik.com\/?p=13491#primaryimage"},"image":{"@id":"https:\/\/kibrisdakik.com\/?p=13491#primaryimage"},"thumbnailUrl":"https:\/\/kibrisdakik.com\/wp-content\/uploads\/2023\/09\/tatar-2-25-740x420.jpg","datePublished":"2023-09-09T15:57:46+00:00","author":{"@id":"https:\/\/kibrisdakik.com\/#\/schema\/person\/9cd9d437bbb44f72b73ba127e06d8e79"},"breadcrumb":{"@id":"https:\/\/kibrisdakik.com\/?p=13491#breadcrumb"},"inLanguage":"tr","potentialAction":[{"@type":"ReadAction","target":["https:\/\/kibrisdakik.com\/?p=13491"]}]},{"@type":"ImageObject","inLanguage":"tr","@id":"https:\/\/kibrisdakik.com\/?p=13491#primaryimage","url":"https:\/\/kibrisdakik.com\/wp-content\/uploads\/2023\/09\/tatar-2-25-740x420.jpg","contentUrl":"https:\/\/kibrisdakik.com\/wp-content\/uploads\/2023\/09\/tatar-2-25-740x420.jpg","width":1600,"height":1066},{"@type":"BreadcrumbList","@id":"https:\/\/kibrisdakik.com\/?p=13491#breadcrumb","itemListElement":[{"@type":"ListItem","position":1,"name":"Home","item":"https:\/\/kibrisdakik.com\/"},{"@type":"ListItem","position":2,"name":"Tatar: Harnuba sahip \u00e7\u0131k\u0131lmal\u0131 ve tan\u0131t\u0131m\u0131 yap\u0131lmal\u0131"}]},{"@type":"WebSite","@id":"https:\/\/kibrisdakik.com\/#website","url":"https:\/\/kibrisdakik.com\/","name":"","description":"Tam vaktinde haber","potentialAction":[{"@type":"SearchAction","target":{"@type":"EntryPoint","urlTemplate":"https:\/\/kibrisdakik.com\/?s={search_term_string}"},"query-input":{"@type":"PropertyValueSpecification","valueRequired":true,"valueName":"search_term_string"}}],"inLanguage":"tr"},{"@type":"Person","@id":"https:\/\/kibrisdakik.com\/#\/schema\/person\/9cd9d437bbb44f72b73ba127e06d8e79","name":"admin","image":{"@type":"ImageObject","inLanguage":"tr","@id":"https:\/\/secure.gravatar.com\/avatar\/ccc17943b9d660506c869530f897617f7cb1c21a4bf30023f252596d83e1f007?s=96&d=mm&r=g","url":"https:\/\/secure.gravatar.com\/avatar\/ccc17943b9d660506c869530f897617f7cb1c21a4bf30023f252596d83e1f007?s=96&d=mm&r=g","contentUrl":"https:\/\/secure.gravatar.com\/avatar\/ccc17943b9d660506c869530f897617f7cb1c21a4bf30023f252596d83e1f007?s=96&d=mm&r=g","caption":"admin"},"sameAs":["https:\/\/kibrisdakik.com"],"url":"https:\/\/kibrisdakik.com\/?author=1"}]}},"_links":{"self":[{"href":"https:\/\/kibrisdakik.com\/index.php?rest_route=\/wp\/v2\/posts\/13491","targetHints":{"allow":["GET"]}}],"collection":[{"href":"https:\/\/kibrisdakik.com\/index.php?rest_route=\/wp\/v2\/posts"}],"about":[{"href":"https:\/\/kibrisdakik.com\/index.php?rest_route=\/wp\/v2\/types\/post"}],"author":[{"embeddable":true,"href":"https:\/\/kibrisdakik.com\/index.php?rest_route=\/wp\/v2\/users\/1"}],"replies":[{"embeddable":true,"href":"https:\/\/kibrisdakik.com\/index.php?rest_route=%2Fwp%2Fv2%2Fcomments&post=13491"}],"version-history":[{"count":0,"href":"https:\/\/kibrisdakik.com\/index.php?rest_route=\/wp\/v2\/posts\/13491\/revisions"}],"wp:featuredmedia":[{"embeddable":true,"href":"https:\/\/kibrisdakik.com\/index.php?rest_route=\/wp\/v2\/media\/13492"}],"wp:attachment":[{"href":"https:\/\/kibrisdakik.com\/index.php?rest_route=%2Fwp%2Fv2%2Fmedia&parent=13491"}],"wp:term":[{"taxonomy":"category","embeddable":true,"href":"https:\/\/kibrisdakik.com\/index.php?rest_route=%2Fwp%2Fv2%2Fcategories&post=13491"},{"taxonomy":"post_tag","embeddable":true,"href":"https:\/\/kibrisdakik.com\/index.php?rest_route=%2Fwp%2Fv2%2Ftags&post=13491"}],"curies":[{"name":"wp","href":"https:\/\/api.w.org\/{rel}","templated":true}]}}