{"id":13528,"date":"2023-09-10T11:25:12","date_gmt":"2023-09-10T11:25:12","guid":{"rendered":"https:\/\/kibrisdakik.com\/index.php\/2023\/09\/10\/yuzbasi-cengiz-topel-akdeniz-firtinasi-tatbikati-2023-yarin-basliyor\/"},"modified":"2023-09-10T11:25:12","modified_gmt":"2023-09-10T11:25:12","slug":"yuzbasi-cengiz-topel-akdeniz-firtinasi-tatbikati-2023-yarin-basliyor","status":"publish","type":"post","link":"https:\/\/kibrisdakik.com\/?p=13528","title":{"rendered":"Y\u00fczba\u015f\u0131 Cengiz Topel Akdeniz F\u0131rt\u0131nas\u0131 Tatbikat\u0131-2023 yar\u0131n ba\u015fl\u0131yor"},"content":{"rendered":"<p><\/p>\n<div>\n<div class=\"mariselle-image-container none\">\n                <img width=\"605\" height=\"410\" class=\"lazy-image\" alt=\"\" decoding=\"async\" loading=\"lazy\" sizes=\"auto, (max-width: 605px) 100vw, 605px\" src=\"https:\/\/brtk.net\/wp-content\/uploads\/2023\/09\/10\/ekran-alintisi47.jpg?ver=cf87a17fce45b474f2c1b01fd86dda13\" srcset=\"https:\/\/brtk.net\/wp-content\/uploads\/2023\/09\/10\/ekran-alintisi47.jpg?ver=cf87a17fce45b474f2c1b01fd86dda13 605w, https:\/\/brtk.net\/wp-content\/uploads\/2023\/09\/10\/ekran-alintisi47-300x203.jpg?ver=cf87a17fce45b474f2c1b01fd86dda13 300w\"\/>                            <\/div>\n<p style=\"font-weight: 300;\">T\u00fcrkiye ve Kuzey K\u0131br\u0131s T\u00fcrk Cumhuriyeti\u2019nin kat\u0131l\u0131m\u0131yla, 4 g\u00fcn s\u00fcrecek \u015eehit Y\u00fczba\u015f\u0131 Cengiz Topel Akdeniz F\u0131rt\u0131nas\u0131 Tatbikat\u0131-2023, yar\u0131n ba\u015fl\u0131yor.<\/p>\n<p style=\"font-weight: 300;\">G\u00fcvenlik Kuvvetleri Komutanl\u0131\u011f\u0131\u2019ndan yap\u0131lan a\u00e7\u0131klamaya g\u00f6re tatbikat, K\u0131br\u0131s T\u00fcrk Bar\u0131\u015f Kuvvetleri Komutanl\u0131\u011f\u0131 ile\u00a0 G\u00fcvenlik Kuvvetleri Komutanl\u0131\u011f\u0131 aras\u0131nda kar\u015f\u0131l\u0131kl\u0131 e\u011fitim, i\u015f birli\u011fi ve birlikte \u00e7al\u0131\u015fabilirli\u011fi geli\u015ftirmeyi ama\u00e7l\u0131yor.<\/p>\n<p style=\"font-weight: 300;\">Tatbikata, T\u00fcrkiye ve <a href=\"https:\/\/brtk.net\/\">KKTC<\/a>\u2019den kara, hava ve deniz unsurlar\u0131 i\u015ftirak edecek. <a href=\"https:\/\/brtk.net\/\">KKTC<\/a>\u2018de icra edilecek tatbikat 15 Eyl\u00fcl\u2019de tamamlanacak.<\/p>\n<p>TAK\/<a href=\"https:\/\/brtk.net\/\">BRT<\/a><\/p>\n<\/p><\/div>\n","protected":false},"excerpt":{"rendered":"<p>T\u00fcrkiye ve Kuzey K\u0131br\u0131s T\u00fcrk Cumhuriyeti\u2019nin kat\u0131l\u0131m\u0131yla, 4 g\u00fcn s\u00fcrecek \u015eehit Y\u00fczba\u015f\u0131 Cengiz Topel Akdeniz F\u0131rt\u0131nas\u0131 Tatbikat\u0131-2023, yar\u0131n ba\u015fl\u0131yor. G\u00fcvenlik Kuvvetleri Komutanl\u0131\u011f\u0131\u2019ndan yap\u0131lan a\u00e7\u0131klamaya g\u00f6re tatbikat, K\u0131br\u0131s T\u00fcrk Bar\u0131\u015f Kuvvetleri Komutanl\u0131\u011f\u0131 ile\u00a0 G\u00fcvenlik Kuvvetleri Komutanl\u0131\u011f\u0131 aras\u0131nda kar\u015f\u0131l\u0131kl\u0131 e\u011fitim, i\u015f birli\u011fi ve birlikte \u00e7al\u0131\u015fabilirli\u011fi geli\u015ftirmeyi ama\u00e7l\u0131yor. Tatbikata, T\u00fcrkiye ve KKTC\u2019den kara, hava ve deniz unsurlar\u0131 i\u015ftirak<\/p>\n","protected":false},"author":1,"featured_media":13529,"comment_status":"open","ping_status":"open","sticky":false,"template":"","format":"standard","meta":{"footnotes":""},"categories":[1],"tags":[],"class_list":["post-13528","post","type-post","status-publish","format-standard","has-post-thumbnail","hentry","category-gundem"],"yoast_head":"<!-- This site is optimized with the Yoast SEO plugin v27.5 - https:\/\/yoast.com\/product\/yoast-seo-wordpress\/ -->\n<title>Y\u00fczba\u015f\u0131 Cengiz Topel Akdeniz F\u0131rt\u0131nas\u0131 Tatbikat\u0131-2023 yar\u0131n ba\u015fl\u0131yor -<\/title>\n<meta name=\"robots\" content=\"index, follow, max-snippet:-1, max-image-preview:large, max-video-preview:-1\" \/>\n<link rel=\"canonical\" href=\"https:\/\/kibrisdakik.com\/?p=13528\" \/>\n<meta property=\"og:locale\" content=\"tr_TR\" \/>\n<meta property=\"og:type\" content=\"article\" \/>\n<meta property=\"og:title\" content=\"Y\u00fczba\u015f\u0131 Cengiz Topel Akdeniz F\u0131rt\u0131nas\u0131 Tatbikat\u0131-2023 yar\u0131n ba\u015fl\u0131yor -\" \/>\n<meta property=\"og:description\" content=\"T\u00fcrkiye ve Kuzey K\u0131br\u0131s T\u00fcrk Cumhuriyeti\u2019nin kat\u0131l\u0131m\u0131yla, 4 g\u00fcn s\u00fcrecek \u015eehit Y\u00fczba\u015f\u0131 Cengiz Topel Akdeniz F\u0131rt\u0131nas\u0131 Tatbikat\u0131-2023, yar\u0131n ba\u015fl\u0131yor. G\u00fcvenlik Kuvvetleri Komutanl\u0131\u011f\u0131\u2019ndan yap\u0131lan a\u00e7\u0131klamaya g\u00f6re tatbikat, K\u0131br\u0131s T\u00fcrk Bar\u0131\u015f Kuvvetleri Komutanl\u0131\u011f\u0131 ile\u00a0 G\u00fcvenlik Kuvvetleri Komutanl\u0131\u011f\u0131 aras\u0131nda kar\u015f\u0131l\u0131kl\u0131 e\u011fitim, i\u015f birli\u011fi ve birlikte \u00e7al\u0131\u015fabilirli\u011fi geli\u015ftirmeyi ama\u00e7l\u0131yor. Tatbikata, T\u00fcrkiye ve KKTC\u2019den kara, hava ve deniz unsurlar\u0131 i\u015ftirak\" \/>\n<meta property=\"og:url\" content=\"https:\/\/kibrisdakik.com\/?p=13528\" \/>\n<meta property=\"article:published_time\" content=\"2023-09-10T11:25:12+00:00\" \/>\n<meta property=\"og:image\" content=\"https:\/\/kibrisdakik.com\/wp-content\/uploads\/2023\/09\/ekran-alintisi47.jpg\" \/>\n\t<meta property=\"og:image:width\" content=\"605\" \/>\n\t<meta property=\"og:image:height\" content=\"410\" \/>\n\t<meta property=\"og:image:type\" content=\"image\/jpeg\" \/>\n<meta name=\"author\" content=\"admin\" \/>\n<meta name=\"twitter:card\" content=\"summary_large_image\" \/>\n<meta name=\"twitter:label1\" content=\"Yazan:\" \/>\n\t<meta name=\"twitter:data1\" content=\"admin\" \/>\n\t<meta name=\"twitter:label2\" content=\"Tahmini okuma s\u00fcresi\" \/>\n\t<meta name=\"twitter:data2\" content=\"1 dakika\" \/>\n<script type=\"application\/ld+json\" class=\"yoast-schema-graph\">{\"@context\":\"https:\\\/\\\/schema.org\",\"@graph\":[{\"@type\":\"Article\",\"@id\":\"https:\\\/\\\/kibrisdakik.com\\\/?p=13528#article\",\"isPartOf\":{\"@id\":\"https:\\\/\\\/kibrisdakik.com\\\/?p=13528\"},\"author\":{\"name\":\"admin\",\"@id\":\"https:\\\/\\\/kibrisdakik.com\\\/#\\\/schema\\\/person\\\/9cd9d437bbb44f72b73ba127e06d8e79\"},\"headline\":\"Y\u00fczba\u015f\u0131 Cengiz Topel Akdeniz F\u0131rt\u0131nas\u0131 Tatbikat\u0131-2023 yar\u0131n ba\u015fl\u0131yor\",\"datePublished\":\"2023-09-10T11:25:12+00:00\",\"mainEntityOfPage\":{\"@id\":\"https:\\\/\\\/kibrisdakik.com\\\/?p=13528\"},\"wordCount\":120,\"commentCount\":0,\"image\":{\"@id\":\"https:\\\/\\\/kibrisdakik.com\\\/?p=13528#primaryimage\"},\"thumbnailUrl\":\"https:\\\/\\\/kibrisdakik.com\\\/wp-content\\\/uploads\\\/2023\\\/09\\\/ekran-alintisi47.jpg\",\"articleSection\":[\"G\u00fcndem\"],\"inLanguage\":\"tr\",\"potentialAction\":[{\"@type\":\"CommentAction\",\"name\":\"Comment\",\"target\":[\"https:\\\/\\\/kibrisdakik.com\\\/?p=13528#respond\"]}]},{\"@type\":\"WebPage\",\"@id\":\"https:\\\/\\\/kibrisdakik.com\\\/?p=13528\",\"url\":\"https:\\\/\\\/kibrisdakik.com\\\/?p=13528\",\"name\":\"Y\u00fczba\u015f\u0131 Cengiz Topel Akdeniz F\u0131rt\u0131nas\u0131 Tatbikat\u0131-2023 yar\u0131n ba\u015fl\u0131yor -\",\"isPartOf\":{\"@id\":\"https:\\\/\\\/kibrisdakik.com\\\/#website\"},\"primaryImageOfPage\":{\"@id\":\"https:\\\/\\\/kibrisdakik.com\\\/?p=13528#primaryimage\"},\"image\":{\"@id\":\"https:\\\/\\\/kibrisdakik.com\\\/?p=13528#primaryimage\"},\"thumbnailUrl\":\"https:\\\/\\\/kibrisdakik.com\\\/wp-content\\\/uploads\\\/2023\\\/09\\\/ekran-alintisi47.jpg\",\"datePublished\":\"2023-09-10T11:25:12+00:00\",\"author\":{\"@id\":\"https:\\\/\\\/kibrisdakik.com\\\/#\\\/schema\\\/person\\\/9cd9d437bbb44f72b73ba127e06d8e79\"},\"breadcrumb\":{\"@id\":\"https:\\\/\\\/kibrisdakik.com\\\/?p=13528#breadcrumb\"},\"inLanguage\":\"tr\",\"potentialAction\":[{\"@type\":\"ReadAction\",\"target\":[\"https:\\\/\\\/kibrisdakik.com\\\/?p=13528\"]}]},{\"@type\":\"ImageObject\",\"inLanguage\":\"tr\",\"@id\":\"https:\\\/\\\/kibrisdakik.com\\\/?p=13528#primaryimage\",\"url\":\"https:\\\/\\\/kibrisdakik.com\\\/wp-content\\\/uploads\\\/2023\\\/09\\\/ekran-alintisi47.jpg\",\"contentUrl\":\"https:\\\/\\\/kibrisdakik.com\\\/wp-content\\\/uploads\\\/2023\\\/09\\\/ekran-alintisi47.jpg\",\"width\":605,\"height\":410},{\"@type\":\"BreadcrumbList\",\"@id\":\"https:\\\/\\\/kibrisdakik.com\\\/?p=13528#breadcrumb\",\"itemListElement\":[{\"@type\":\"ListItem\",\"position\":1,\"name\":\"Home\",\"item\":\"https:\\\/\\\/kibrisdakik.com\\\/\"},{\"@type\":\"ListItem\",\"position\":2,\"name\":\"Y\u00fczba\u015f\u0131 Cengiz Topel Akdeniz F\u0131rt\u0131nas\u0131 Tatbikat\u0131-2023 yar\u0131n ba\u015fl\u0131yor\"}]},{\"@type\":\"WebSite\",\"@id\":\"https:\\\/\\\/kibrisdakik.com\\\/#website\",\"url\":\"https:\\\/\\\/kibrisdakik.com\\\/\",\"name\":\"\",\"description\":\"Tam vaktinde haber\",\"potentialAction\":[{\"@type\":\"SearchAction\",\"target\":{\"@type\":\"EntryPoint\",\"urlTemplate\":\"https:\\\/\\\/kibrisdakik.com\\\/?s={search_term_string}\"},\"query-input\":{\"@type\":\"PropertyValueSpecification\",\"valueRequired\":true,\"valueName\":\"search_term_string\"}}],\"inLanguage\":\"tr\"},{\"@type\":\"Person\",\"@id\":\"https:\\\/\\\/kibrisdakik.com\\\/#\\\/schema\\\/person\\\/9cd9d437bbb44f72b73ba127e06d8e79\",\"name\":\"admin\",\"image\":{\"@type\":\"ImageObject\",\"inLanguage\":\"tr\",\"@id\":\"https:\\\/\\\/secure.gravatar.com\\\/avatar\\\/ccc17943b9d660506c869530f897617f7cb1c21a4bf30023f252596d83e1f007?s=96&d=mm&r=g\",\"url\":\"https:\\\/\\\/secure.gravatar.com\\\/avatar\\\/ccc17943b9d660506c869530f897617f7cb1c21a4bf30023f252596d83e1f007?s=96&d=mm&r=g\",\"contentUrl\":\"https:\\\/\\\/secure.gravatar.com\\\/avatar\\\/ccc17943b9d660506c869530f897617f7cb1c21a4bf30023f252596d83e1f007?s=96&d=mm&r=g\",\"caption\":\"admin\"},\"sameAs\":[\"https:\\\/\\\/kibrisdakik.com\"],\"url\":\"https:\\\/\\\/kibrisdakik.com\\\/?author=1\"}]}<\/script>\n<!-- \/ Yoast SEO plugin. -->","yoast_head_json":{"title":"Y\u00fczba\u015f\u0131 Cengiz Topel Akdeniz F\u0131rt\u0131nas\u0131 Tatbikat\u0131-2023 yar\u0131n ba\u015fl\u0131yor -","robots":{"index":"index","follow":"follow","max-snippet":"max-snippet:-1","max-image-preview":"max-image-preview:large","max-video-preview":"max-video-preview:-1"},"canonical":"https:\/\/kibrisdakik.com\/?p=13528","og_locale":"tr_TR","og_type":"article","og_title":"Y\u00fczba\u015f\u0131 Cengiz Topel Akdeniz F\u0131rt\u0131nas\u0131 Tatbikat\u0131-2023 yar\u0131n ba\u015fl\u0131yor -","og_description":"T\u00fcrkiye ve Kuzey K\u0131br\u0131s T\u00fcrk Cumhuriyeti\u2019nin kat\u0131l\u0131m\u0131yla, 4 g\u00fcn s\u00fcrecek \u015eehit Y\u00fczba\u015f\u0131 Cengiz Topel Akdeniz F\u0131rt\u0131nas\u0131 Tatbikat\u0131-2023, yar\u0131n ba\u015fl\u0131yor. G\u00fcvenlik Kuvvetleri Komutanl\u0131\u011f\u0131\u2019ndan yap\u0131lan a\u00e7\u0131klamaya g\u00f6re tatbikat, K\u0131br\u0131s T\u00fcrk Bar\u0131\u015f Kuvvetleri Komutanl\u0131\u011f\u0131 ile\u00a0 G\u00fcvenlik Kuvvetleri Komutanl\u0131\u011f\u0131 aras\u0131nda kar\u015f\u0131l\u0131kl\u0131 e\u011fitim, i\u015f birli\u011fi ve birlikte \u00e7al\u0131\u015fabilirli\u011fi geli\u015ftirmeyi ama\u00e7l\u0131yor. Tatbikata, T\u00fcrkiye ve KKTC\u2019den kara, hava ve deniz unsurlar\u0131 i\u015ftirak","og_url":"https:\/\/kibrisdakik.com\/?p=13528","article_published_time":"2023-09-10T11:25:12+00:00","og_image":[{"width":605,"height":410,"url":"https:\/\/kibrisdakik.com\/wp-content\/uploads\/2023\/09\/ekran-alintisi47.jpg","type":"image\/jpeg"}],"author":"admin","twitter_card":"summary_large_image","twitter_misc":{"Yazan:":"admin","Tahmini okuma s\u00fcresi":"1 dakika"},"schema":{"@context":"https:\/\/schema.org","@graph":[{"@type":"Article","@id":"https:\/\/kibrisdakik.com\/?p=13528#article","isPartOf":{"@id":"https:\/\/kibrisdakik.com\/?p=13528"},"author":{"name":"admin","@id":"https:\/\/kibrisdakik.com\/#\/schema\/person\/9cd9d437bbb44f72b73ba127e06d8e79"},"headline":"Y\u00fczba\u015f\u0131 Cengiz Topel Akdeniz F\u0131rt\u0131nas\u0131 Tatbikat\u0131-2023 yar\u0131n ba\u015fl\u0131yor","datePublished":"2023-09-10T11:25:12+00:00","mainEntityOfPage":{"@id":"https:\/\/kibrisdakik.com\/?p=13528"},"wordCount":120,"commentCount":0,"image":{"@id":"https:\/\/kibrisdakik.com\/?p=13528#primaryimage"},"thumbnailUrl":"https:\/\/kibrisdakik.com\/wp-content\/uploads\/2023\/09\/ekran-alintisi47.jpg","articleSection":["G\u00fcndem"],"inLanguage":"tr","potentialAction":[{"@type":"CommentAction","name":"Comment","target":["https:\/\/kibrisdakik.com\/?p=13528#respond"]}]},{"@type":"WebPage","@id":"https:\/\/kibrisdakik.com\/?p=13528","url":"https:\/\/kibrisdakik.com\/?p=13528","name":"Y\u00fczba\u015f\u0131 Cengiz Topel Akdeniz F\u0131rt\u0131nas\u0131 Tatbikat\u0131-2023 yar\u0131n ba\u015fl\u0131yor -","isPartOf":{"@id":"https:\/\/kibrisdakik.com\/#website"},"primaryImageOfPage":{"@id":"https:\/\/kibrisdakik.com\/?p=13528#primaryimage"},"image":{"@id":"https:\/\/kibrisdakik.com\/?p=13528#primaryimage"},"thumbnailUrl":"https:\/\/kibrisdakik.com\/wp-content\/uploads\/2023\/09\/ekran-alintisi47.jpg","datePublished":"2023-09-10T11:25:12+00:00","author":{"@id":"https:\/\/kibrisdakik.com\/#\/schema\/person\/9cd9d437bbb44f72b73ba127e06d8e79"},"breadcrumb":{"@id":"https:\/\/kibrisdakik.com\/?p=13528#breadcrumb"},"inLanguage":"tr","potentialAction":[{"@type":"ReadAction","target":["https:\/\/kibrisdakik.com\/?p=13528"]}]},{"@type":"ImageObject","inLanguage":"tr","@id":"https:\/\/kibrisdakik.com\/?p=13528#primaryimage","url":"https:\/\/kibrisdakik.com\/wp-content\/uploads\/2023\/09\/ekran-alintisi47.jpg","contentUrl":"https:\/\/kibrisdakik.com\/wp-content\/uploads\/2023\/09\/ekran-alintisi47.jpg","width":605,"height":410},{"@type":"BreadcrumbList","@id":"https:\/\/kibrisdakik.com\/?p=13528#breadcrumb","itemListElement":[{"@type":"ListItem","position":1,"name":"Home","item":"https:\/\/kibrisdakik.com\/"},{"@type":"ListItem","position":2,"name":"Y\u00fczba\u015f\u0131 Cengiz Topel Akdeniz F\u0131rt\u0131nas\u0131 Tatbikat\u0131-2023 yar\u0131n ba\u015fl\u0131yor"}]},{"@type":"WebSite","@id":"https:\/\/kibrisdakik.com\/#website","url":"https:\/\/kibrisdakik.com\/","name":"","description":"Tam vaktinde haber","potentialAction":[{"@type":"SearchAction","target":{"@type":"EntryPoint","urlTemplate":"https:\/\/kibrisdakik.com\/?s={search_term_string}"},"query-input":{"@type":"PropertyValueSpecification","valueRequired":true,"valueName":"search_term_string"}}],"inLanguage":"tr"},{"@type":"Person","@id":"https:\/\/kibrisdakik.com\/#\/schema\/person\/9cd9d437bbb44f72b73ba127e06d8e79","name":"admin","image":{"@type":"ImageObject","inLanguage":"tr","@id":"https:\/\/secure.gravatar.com\/avatar\/ccc17943b9d660506c869530f897617f7cb1c21a4bf30023f252596d83e1f007?s=96&d=mm&r=g","url":"https:\/\/secure.gravatar.com\/avatar\/ccc17943b9d660506c869530f897617f7cb1c21a4bf30023f252596d83e1f007?s=96&d=mm&r=g","contentUrl":"https:\/\/secure.gravatar.com\/avatar\/ccc17943b9d660506c869530f897617f7cb1c21a4bf30023f252596d83e1f007?s=96&d=mm&r=g","caption":"admin"},"sameAs":["https:\/\/kibrisdakik.com"],"url":"https:\/\/kibrisdakik.com\/?author=1"}]}},"_links":{"self":[{"href":"https:\/\/kibrisdakik.com\/index.php?rest_route=\/wp\/v2\/posts\/13528","targetHints":{"allow":["GET"]}}],"collection":[{"href":"https:\/\/kibrisdakik.com\/index.php?rest_route=\/wp\/v2\/posts"}],"about":[{"href":"https:\/\/kibrisdakik.com\/index.php?rest_route=\/wp\/v2\/types\/post"}],"author":[{"embeddable":true,"href":"https:\/\/kibrisdakik.com\/index.php?rest_route=\/wp\/v2\/users\/1"}],"replies":[{"embeddable":true,"href":"https:\/\/kibrisdakik.com\/index.php?rest_route=%2Fwp%2Fv2%2Fcomments&post=13528"}],"version-history":[{"count":0,"href":"https:\/\/kibrisdakik.com\/index.php?rest_route=\/wp\/v2\/posts\/13528\/revisions"}],"wp:featuredmedia":[{"embeddable":true,"href":"https:\/\/kibrisdakik.com\/index.php?rest_route=\/wp\/v2\/media\/13529"}],"wp:attachment":[{"href":"https:\/\/kibrisdakik.com\/index.php?rest_route=%2Fwp%2Fv2%2Fmedia&parent=13528"}],"wp:term":[{"taxonomy":"category","embeddable":true,"href":"https:\/\/kibrisdakik.com\/index.php?rest_route=%2Fwp%2Fv2%2Fcategories&post=13528"},{"taxonomy":"post_tag","embeddable":true,"href":"https:\/\/kibrisdakik.com\/index.php?rest_route=%2Fwp%2Fv2%2Ftags&post=13528"}],"curies":[{"name":"wp","href":"https:\/\/api.w.org\/{rel}","templated":true}]}}