{"id":13624,"date":"2023-09-12T08:44:14","date_gmt":"2023-09-12T08:44:14","guid":{"rendered":"https:\/\/kibrisdakik.com\/index.php\/2023\/09\/12\/tatar-metehan-kara-giris-kapisinda-yasanan-yogunluk-nedeniyle-yerinde-incelemelerde-bulundu-polis-genel-mudurunden-bilgi-aldi\/"},"modified":"2023-09-12T08:44:14","modified_gmt":"2023-09-12T08:44:14","slug":"tatar-metehan-kara-giris-kapisinda-yasanan-yogunluk-nedeniyle-yerinde-incelemelerde-bulundu-polis-genel-mudurunden-bilgi-aldi","status":"publish","type":"post","link":"https:\/\/kibrisdakik.com\/?p=13624","title":{"rendered":"Tatar, Metehan Kara Giri\u015f Kap\u0131s\u0131\u2019nda ya\u015fanan yo\u011funluk nedeniyle yerinde incelemelerde bulundu, Polis Genel M\u00fcd\u00fcr\u00fc\u2019nden bilgi ald\u0131"},"content":{"rendered":"<p><\/p>\n<div>\n<div class=\"mariselle-image-container center\">\n                <img width=\"1472\" height=\"696\" class=\"lazy-image\" alt=\"\" decoding=\"async\" loading=\"lazy\" sizes=\"auto, (max-width: 1472px) 100vw, 1472px\" src=\"https:\/\/brtk.net\/wp-content\/uploads\/2023\/09\/12\/256.jpg?ver=694ef011057327191ffd57a4d4969eaf\" srcset=\"https:\/\/brtk.net\/wp-content\/uploads\/2023\/09\/12\/256.jpg?ver=694ef011057327191ffd57a4d4969eaf 1472w, https:\/\/brtk.net\/wp-content\/uploads\/2023\/09\/12\/256-300x142.jpg?ver=694ef011057327191ffd57a4d4969eaf 300w, https:\/\/brtk.net\/wp-content\/uploads\/2023\/09\/12\/256-1024x484.jpg?ver=a8e9eef19f161828326029da49681db6 1024w, https:\/\/brtk.net\/wp-content\/uploads\/2023\/09\/12\/256-768x363.jpg?ver=a8e9eef19f161828326029da49681db6 768w\"\/>                            <\/div>\n<p>Lefko\u015fa\u2019da ara\u00e7l\u0131 ge\u00e7i\u015flerin yap\u0131ld\u0131\u011f\u0131 Metehan Kara Giri\u015f Kap\u0131s\u0131\u2019ndaki ge\u00e7i\u015flerin h\u0131zland\u0131r\u0131lmas\u0131 i\u00e7in yap\u0131lmas\u0131 gerekenlerle ilgili \u00f6nceki g\u00fcn incelemelerde bulunan Cumhurba\u015fkan\u0131 <a href=\"https:\/\/brtk.net\/\">Tatar<\/a>, yapt\u0131\u011f\u0131 incelemenin ard\u0131ndan d\u00fcn Polis Genel M\u00fcd\u00fcr\u00fc Kas\u0131m Kuni\u2019den detayl\u0131 bilgi ald\u0131.<\/p>\n<div class=\"mariselle-image-container center\">\n                <img width=\"1567\" height=\"627\" class=\"lazy-image\" alt=\"\" decoding=\"async\" loading=\"lazy\" sizes=\"auto, (max-width: 1567px) 100vw, 1567px\" src=\"https:\/\/brtk.net\/wp-content\/uploads\/2023\/09\/12\/22385.jpg?ver=0eafb532497084f7c1cf0c304ebfd8c7\" srcset=\"https:\/\/brtk.net\/wp-content\/uploads\/2023\/09\/12\/22385.jpg?ver=0eafb532497084f7c1cf0c304ebfd8c7 1567w, https:\/\/brtk.net\/wp-content\/uploads\/2023\/09\/12\/22385-300x120.jpg?ver=0eafb532497084f7c1cf0c304ebfd8c7 300w, https:\/\/brtk.net\/wp-content\/uploads\/2023\/09\/12\/22385-1024x410.jpg?ver=0eafb532497084f7c1cf0c304ebfd8c7 1024w, https:\/\/brtk.net\/wp-content\/uploads\/2023\/09\/12\/22385-768x307.jpg?ver=1a0808eecea558c71d71901a62dd56c0 768w, https:\/\/brtk.net\/wp-content\/uploads\/2023\/09\/12\/22385-1536x615.jpg?ver=1a0808eecea558c71d71901a62dd56c0 1536w\"\/>                            <\/div>\n<p>Polis Genel M\u00fcd\u00fcr\u00fc Kas\u0131m Kuni, Metehan Kara Giri\u015f Kap\u0131s\u0131\u2019ndaki Kuzey K\u0131br\u0131s T\u00fcrk Cumhuriyeti ge\u00e7i\u015f noktas\u0131nda bulunan t\u00fcm kabinlerde, <a href=\"https:\/\/brtk.net\/\">KKTC<\/a> Polis Genel M\u00fcd\u00fcrl\u00fc\u011f\u00fc personeli taraf\u0131ndan 24 saat kesintisiz olarak muhaceret hizmeti verildi\u011fi, hem kuzeyden g\u00fcneye, hem de g\u00fcneyden kuzeye ge\u00e7ecek olan ara\u00e7lar i\u00e7in gerekti\u011finde mevcut olan \u00fc\u00e7 kabinden (\u00fc\u00e7 \u015feritten) muhaceret i\u015flemi yap\u0131lmakta oldu\u011funu belirtti.<\/p>\n<p>Metehan Kara Giri\u015f Kap\u0131s\u0131nda olu\u015fan ara\u00e7 yo\u011funlu\u011funu azaltmak ve ara\u00e7lar\u0131 ile kar\u015f\u0131l\u0131kl\u0131 ge\u00e7i\u015f yapacak olan \u015fah\u0131slar\u0131n muhaceret i\u015flemlerini h\u0131zland\u0131rmak maksad\u0131yla, gidi\u015f ve geli\u015f i\u00e7in mevcut yolun geni\u015fletilmesi ve ara\u00e7 park yerinin iyile\u015ftirmesi i\u00e7in ba\u015flat\u0131lan \u00e7al\u0131\u015fmalar\u0131n s\u00fcrd\u00fc\u011f\u00fc ifade edildi.<\/p>\n<p><a href=\"https:\/\/brtk.net\/\">KKTC<\/a> Polis Genel M\u00fcd\u00fcrl\u00fc\u011f\u00fc taraf\u0131ndan al\u0131nan t\u00fcm \u00f6nlemlere ra\u011fmen, zaman zaman Metehan Kara Giri\u015f Kap\u0131s\u0131\u2019n\u0131n GKRY B\u00f6lgesinde bulunan ge\u00e7i\u015f noktalar\u0131ndaki kontrol\u00fcn tek \u015feride d\u00fc\u015f\u00fcr\u00fclmesi nedeniyle, kap\u0131da uzun ara\u00e7 kuyruklar\u0131 olu\u015fmas\u0131na ve kar\u015f\u0131l\u0131kl\u0131 ge\u00e7i\u015f yapacak olan \u015fah\u0131slar\u0131n uzun s\u00fcre beklemesine sebep oldu\u011fu aktar\u0131ld\u0131.<\/p>\n<p>Cumhurba\u015fkan\u0131 <a href=\"https:\/\/brtk.net\/\" target=\"_blank\" rel=\"noopener\">Ersin <\/a><a href=\"https:\/\/brtk.net\/\">Tatar<\/a>, ilgili taraflarla g\u00f6r\u00fc\u015fmelerin s\u00fcrece\u011fi, ge\u00e7i\u015flerin daha h\u0131zl\u0131 bir \u015fekilde yap\u0131labilmesi i\u00e7in  konunun takip\u00e7isi olaca\u011f\u0131n\u0131 belirtti.<\/p>\n<\/p><\/div>\n","protected":false},"excerpt":{"rendered":"<p>Lefko\u015fa\u2019da ara\u00e7l\u0131 ge\u00e7i\u015flerin yap\u0131ld\u0131\u011f\u0131 Metehan Kara Giri\u015f Kap\u0131s\u0131\u2019ndaki ge\u00e7i\u015flerin h\u0131zland\u0131r\u0131lmas\u0131 i\u00e7in yap\u0131lmas\u0131 gerekenlerle ilgili \u00f6nceki g\u00fcn incelemelerde bulunan Cumhurba\u015fkan\u0131 Tatar, yapt\u0131\u011f\u0131 incelemenin ard\u0131ndan d\u00fcn Polis Genel M\u00fcd\u00fcr\u00fc Kas\u0131m Kuni\u2019den detayl\u0131 bilgi ald\u0131. Polis Genel M\u00fcd\u00fcr\u00fc Kas\u0131m Kuni, Metehan Kara Giri\u015f Kap\u0131s\u0131\u2019ndaki Kuzey K\u0131br\u0131s T\u00fcrk Cumhuriyeti ge\u00e7i\u015f noktas\u0131nda bulunan t\u00fcm kabinlerde, KKTC Polis Genel M\u00fcd\u00fcrl\u00fc\u011f\u00fc personeli<\/p>\n","protected":false},"author":1,"featured_media":13625,"comment_status":"open","ping_status":"open","sticky":false,"template":"","format":"standard","meta":{"footnotes":""},"categories":[1],"tags":[],"class_list":["post-13624","post","type-post","status-publish","format-standard","has-post-thumbnail","hentry","category-gundem"],"yoast_head":"<!-- This site is optimized with the Yoast SEO plugin v27.5 - https:\/\/yoast.com\/product\/yoast-seo-wordpress\/ -->\n<title>Tatar, Metehan Kara Giri\u015f Kap\u0131s\u0131\u2019nda ya\u015fanan yo\u011funluk nedeniyle yerinde incelemelerde bulundu, Polis Genel M\u00fcd\u00fcr\u00fc\u2019nden bilgi ald\u0131 -<\/title>\n<meta name=\"robots\" content=\"index, follow, max-snippet:-1, max-image-preview:large, max-video-preview:-1\" \/>\n<link rel=\"canonical\" href=\"https:\/\/kibrisdakik.com\/?p=13624\" \/>\n<meta property=\"og:locale\" content=\"tr_TR\" \/>\n<meta property=\"og:type\" content=\"article\" \/>\n<meta property=\"og:title\" content=\"Tatar, Metehan Kara Giri\u015f Kap\u0131s\u0131\u2019nda ya\u015fanan yo\u011funluk nedeniyle yerinde incelemelerde bulundu, Polis Genel M\u00fcd\u00fcr\u00fc\u2019nden bilgi ald\u0131 -\" \/>\n<meta property=\"og:description\" content=\"Lefko\u015fa\u2019da ara\u00e7l\u0131 ge\u00e7i\u015flerin yap\u0131ld\u0131\u011f\u0131 Metehan Kara Giri\u015f Kap\u0131s\u0131\u2019ndaki ge\u00e7i\u015flerin h\u0131zland\u0131r\u0131lmas\u0131 i\u00e7in yap\u0131lmas\u0131 gerekenlerle ilgili \u00f6nceki g\u00fcn incelemelerde bulunan Cumhurba\u015fkan\u0131 Tatar, yapt\u0131\u011f\u0131 incelemenin ard\u0131ndan d\u00fcn Polis Genel M\u00fcd\u00fcr\u00fc Kas\u0131m Kuni\u2019den detayl\u0131 bilgi ald\u0131. Polis Genel M\u00fcd\u00fcr\u00fc Kas\u0131m Kuni, Metehan Kara Giri\u015f Kap\u0131s\u0131\u2019ndaki Kuzey K\u0131br\u0131s T\u00fcrk Cumhuriyeti ge\u00e7i\u015f noktas\u0131nda bulunan t\u00fcm kabinlerde, KKTC Polis Genel M\u00fcd\u00fcrl\u00fc\u011f\u00fc personeli\" \/>\n<meta property=\"og:url\" content=\"https:\/\/kibrisdakik.com\/?p=13624\" \/>\n<meta property=\"article:published_time\" content=\"2023-09-12T08:44:14+00:00\" \/>\n<meta property=\"og:image\" content=\"https:\/\/kibrisdakik.com\/wp-content\/uploads\/2023\/09\/256-740x420.jpg\" \/>\n\t<meta property=\"og:image:width\" content=\"1472\" \/>\n\t<meta property=\"og:image:height\" content=\"696\" \/>\n\t<meta property=\"og:image:type\" content=\"image\/jpeg\" \/>\n<meta name=\"author\" content=\"admin\" \/>\n<meta name=\"twitter:card\" content=\"summary_large_image\" \/>\n<meta name=\"twitter:label1\" content=\"Yazan:\" \/>\n\t<meta name=\"twitter:data1\" content=\"admin\" \/>\n\t<meta name=\"twitter:label2\" content=\"Tahmini okuma s\u00fcresi\" \/>\n\t<meta name=\"twitter:data2\" content=\"1 dakika\" \/>\n<script type=\"application\/ld+json\" class=\"yoast-schema-graph\">{\"@context\":\"https:\\\/\\\/schema.org\",\"@graph\":[{\"@type\":\"Article\",\"@id\":\"https:\\\/\\\/kibrisdakik.com\\\/?p=13624#article\",\"isPartOf\":{\"@id\":\"https:\\\/\\\/kibrisdakik.com\\\/?p=13624\"},\"author\":{\"name\":\"admin\",\"@id\":\"https:\\\/\\\/kibrisdakik.com\\\/#\\\/schema\\\/person\\\/9cd9d437bbb44f72b73ba127e06d8e79\"},\"headline\":\"Tatar, Metehan Kara Giri\u015f Kap\u0131s\u0131\u2019nda ya\u015fanan yo\u011funluk nedeniyle yerinde incelemelerde bulundu, Polis Genel M\u00fcd\u00fcr\u00fc\u2019nden bilgi ald\u0131\",\"datePublished\":\"2023-09-12T08:44:14+00:00\",\"mainEntityOfPage\":{\"@id\":\"https:\\\/\\\/kibrisdakik.com\\\/?p=13624\"},\"wordCount\":313,\"commentCount\":0,\"image\":{\"@id\":\"https:\\\/\\\/kibrisdakik.com\\\/?p=13624#primaryimage\"},\"thumbnailUrl\":\"https:\\\/\\\/kibrisdakik.com\\\/wp-content\\\/uploads\\\/2023\\\/09\\\/256-740x420.jpg\",\"articleSection\":[\"G\u00fcndem\"],\"inLanguage\":\"tr\",\"potentialAction\":[{\"@type\":\"CommentAction\",\"name\":\"Comment\",\"target\":[\"https:\\\/\\\/kibrisdakik.com\\\/?p=13624#respond\"]}]},{\"@type\":\"WebPage\",\"@id\":\"https:\\\/\\\/kibrisdakik.com\\\/?p=13624\",\"url\":\"https:\\\/\\\/kibrisdakik.com\\\/?p=13624\",\"name\":\"Tatar, Metehan Kara Giri\u015f Kap\u0131s\u0131\u2019nda ya\u015fanan yo\u011funluk nedeniyle yerinde incelemelerde bulundu, Polis Genel M\u00fcd\u00fcr\u00fc\u2019nden bilgi ald\u0131 -\",\"isPartOf\":{\"@id\":\"https:\\\/\\\/kibrisdakik.com\\\/#website\"},\"primaryImageOfPage\":{\"@id\":\"https:\\\/\\\/kibrisdakik.com\\\/?p=13624#primaryimage\"},\"image\":{\"@id\":\"https:\\\/\\\/kibrisdakik.com\\\/?p=13624#primaryimage\"},\"thumbnailUrl\":\"https:\\\/\\\/kibrisdakik.com\\\/wp-content\\\/uploads\\\/2023\\\/09\\\/256-740x420.jpg\",\"datePublished\":\"2023-09-12T08:44:14+00:00\",\"author\":{\"@id\":\"https:\\\/\\\/kibrisdakik.com\\\/#\\\/schema\\\/person\\\/9cd9d437bbb44f72b73ba127e06d8e79\"},\"breadcrumb\":{\"@id\":\"https:\\\/\\\/kibrisdakik.com\\\/?p=13624#breadcrumb\"},\"inLanguage\":\"tr\",\"potentialAction\":[{\"@type\":\"ReadAction\",\"target\":[\"https:\\\/\\\/kibrisdakik.com\\\/?p=13624\"]}]},{\"@type\":\"ImageObject\",\"inLanguage\":\"tr\",\"@id\":\"https:\\\/\\\/kibrisdakik.com\\\/?p=13624#primaryimage\",\"url\":\"https:\\\/\\\/kibrisdakik.com\\\/wp-content\\\/uploads\\\/2023\\\/09\\\/256-740x420.jpg\",\"contentUrl\":\"https:\\\/\\\/kibrisdakik.com\\\/wp-content\\\/uploads\\\/2023\\\/09\\\/256-740x420.jpg\",\"width\":1472,\"height\":696},{\"@type\":\"BreadcrumbList\",\"@id\":\"https:\\\/\\\/kibrisdakik.com\\\/?p=13624#breadcrumb\",\"itemListElement\":[{\"@type\":\"ListItem\",\"position\":1,\"name\":\"Home\",\"item\":\"https:\\\/\\\/kibrisdakik.com\\\/\"},{\"@type\":\"ListItem\",\"position\":2,\"name\":\"Tatar, Metehan Kara Giri\u015f Kap\u0131s\u0131\u2019nda ya\u015fanan yo\u011funluk nedeniyle yerinde incelemelerde bulundu, Polis Genel M\u00fcd\u00fcr\u00fc\u2019nden bilgi ald\u0131\"}]},{\"@type\":\"WebSite\",\"@id\":\"https:\\\/\\\/kibrisdakik.com\\\/#website\",\"url\":\"https:\\\/\\\/kibrisdakik.com\\\/\",\"name\":\"\",\"description\":\"Tam vaktinde haber\",\"potentialAction\":[{\"@type\":\"SearchAction\",\"target\":{\"@type\":\"EntryPoint\",\"urlTemplate\":\"https:\\\/\\\/kibrisdakik.com\\\/?s={search_term_string}\"},\"query-input\":{\"@type\":\"PropertyValueSpecification\",\"valueRequired\":true,\"valueName\":\"search_term_string\"}}],\"inLanguage\":\"tr\"},{\"@type\":\"Person\",\"@id\":\"https:\\\/\\\/kibrisdakik.com\\\/#\\\/schema\\\/person\\\/9cd9d437bbb44f72b73ba127e06d8e79\",\"name\":\"admin\",\"image\":{\"@type\":\"ImageObject\",\"inLanguage\":\"tr\",\"@id\":\"https:\\\/\\\/secure.gravatar.com\\\/avatar\\\/ccc17943b9d660506c869530f897617f7cb1c21a4bf30023f252596d83e1f007?s=96&d=mm&r=g\",\"url\":\"https:\\\/\\\/secure.gravatar.com\\\/avatar\\\/ccc17943b9d660506c869530f897617f7cb1c21a4bf30023f252596d83e1f007?s=96&d=mm&r=g\",\"contentUrl\":\"https:\\\/\\\/secure.gravatar.com\\\/avatar\\\/ccc17943b9d660506c869530f897617f7cb1c21a4bf30023f252596d83e1f007?s=96&d=mm&r=g\",\"caption\":\"admin\"},\"sameAs\":[\"https:\\\/\\\/kibrisdakik.com\"],\"url\":\"https:\\\/\\\/kibrisdakik.com\\\/?author=1\"}]}<\/script>\n<!-- \/ Yoast SEO plugin. -->","yoast_head_json":{"title":"Tatar, Metehan Kara Giri\u015f Kap\u0131s\u0131\u2019nda ya\u015fanan yo\u011funluk nedeniyle yerinde incelemelerde bulundu, Polis Genel M\u00fcd\u00fcr\u00fc\u2019nden bilgi ald\u0131 -","robots":{"index":"index","follow":"follow","max-snippet":"max-snippet:-1","max-image-preview":"max-image-preview:large","max-video-preview":"max-video-preview:-1"},"canonical":"https:\/\/kibrisdakik.com\/?p=13624","og_locale":"tr_TR","og_type":"article","og_title":"Tatar, Metehan Kara Giri\u015f Kap\u0131s\u0131\u2019nda ya\u015fanan yo\u011funluk nedeniyle yerinde incelemelerde bulundu, Polis Genel M\u00fcd\u00fcr\u00fc\u2019nden bilgi ald\u0131 -","og_description":"Lefko\u015fa\u2019da ara\u00e7l\u0131 ge\u00e7i\u015flerin yap\u0131ld\u0131\u011f\u0131 Metehan Kara Giri\u015f Kap\u0131s\u0131\u2019ndaki ge\u00e7i\u015flerin h\u0131zland\u0131r\u0131lmas\u0131 i\u00e7in yap\u0131lmas\u0131 gerekenlerle ilgili \u00f6nceki g\u00fcn incelemelerde bulunan Cumhurba\u015fkan\u0131 Tatar, yapt\u0131\u011f\u0131 incelemenin ard\u0131ndan d\u00fcn Polis Genel M\u00fcd\u00fcr\u00fc Kas\u0131m Kuni\u2019den detayl\u0131 bilgi ald\u0131. Polis Genel M\u00fcd\u00fcr\u00fc Kas\u0131m Kuni, Metehan Kara Giri\u015f Kap\u0131s\u0131\u2019ndaki Kuzey K\u0131br\u0131s T\u00fcrk Cumhuriyeti ge\u00e7i\u015f noktas\u0131nda bulunan t\u00fcm kabinlerde, KKTC Polis Genel M\u00fcd\u00fcrl\u00fc\u011f\u00fc personeli","og_url":"https:\/\/kibrisdakik.com\/?p=13624","article_published_time":"2023-09-12T08:44:14+00:00","og_image":[{"width":1472,"height":696,"url":"https:\/\/kibrisdakik.com\/wp-content\/uploads\/2023\/09\/256-740x420.jpg","type":"image\/jpeg"}],"author":"admin","twitter_card":"summary_large_image","twitter_misc":{"Yazan:":"admin","Tahmini okuma s\u00fcresi":"1 dakika"},"schema":{"@context":"https:\/\/schema.org","@graph":[{"@type":"Article","@id":"https:\/\/kibrisdakik.com\/?p=13624#article","isPartOf":{"@id":"https:\/\/kibrisdakik.com\/?p=13624"},"author":{"name":"admin","@id":"https:\/\/kibrisdakik.com\/#\/schema\/person\/9cd9d437bbb44f72b73ba127e06d8e79"},"headline":"Tatar, Metehan Kara Giri\u015f Kap\u0131s\u0131\u2019nda ya\u015fanan yo\u011funluk nedeniyle yerinde incelemelerde bulundu, Polis Genel M\u00fcd\u00fcr\u00fc\u2019nden bilgi ald\u0131","datePublished":"2023-09-12T08:44:14+00:00","mainEntityOfPage":{"@id":"https:\/\/kibrisdakik.com\/?p=13624"},"wordCount":313,"commentCount":0,"image":{"@id":"https:\/\/kibrisdakik.com\/?p=13624#primaryimage"},"thumbnailUrl":"https:\/\/kibrisdakik.com\/wp-content\/uploads\/2023\/09\/256-740x420.jpg","articleSection":["G\u00fcndem"],"inLanguage":"tr","potentialAction":[{"@type":"CommentAction","name":"Comment","target":["https:\/\/kibrisdakik.com\/?p=13624#respond"]}]},{"@type":"WebPage","@id":"https:\/\/kibrisdakik.com\/?p=13624","url":"https:\/\/kibrisdakik.com\/?p=13624","name":"Tatar, Metehan Kara Giri\u015f Kap\u0131s\u0131\u2019nda ya\u015fanan yo\u011funluk nedeniyle yerinde incelemelerde bulundu, Polis Genel M\u00fcd\u00fcr\u00fc\u2019nden bilgi ald\u0131 -","isPartOf":{"@id":"https:\/\/kibrisdakik.com\/#website"},"primaryImageOfPage":{"@id":"https:\/\/kibrisdakik.com\/?p=13624#primaryimage"},"image":{"@id":"https:\/\/kibrisdakik.com\/?p=13624#primaryimage"},"thumbnailUrl":"https:\/\/kibrisdakik.com\/wp-content\/uploads\/2023\/09\/256-740x420.jpg","datePublished":"2023-09-12T08:44:14+00:00","author":{"@id":"https:\/\/kibrisdakik.com\/#\/schema\/person\/9cd9d437bbb44f72b73ba127e06d8e79"},"breadcrumb":{"@id":"https:\/\/kibrisdakik.com\/?p=13624#breadcrumb"},"inLanguage":"tr","potentialAction":[{"@type":"ReadAction","target":["https:\/\/kibrisdakik.com\/?p=13624"]}]},{"@type":"ImageObject","inLanguage":"tr","@id":"https:\/\/kibrisdakik.com\/?p=13624#primaryimage","url":"https:\/\/kibrisdakik.com\/wp-content\/uploads\/2023\/09\/256-740x420.jpg","contentUrl":"https:\/\/kibrisdakik.com\/wp-content\/uploads\/2023\/09\/256-740x420.jpg","width":1472,"height":696},{"@type":"BreadcrumbList","@id":"https:\/\/kibrisdakik.com\/?p=13624#breadcrumb","itemListElement":[{"@type":"ListItem","position":1,"name":"Home","item":"https:\/\/kibrisdakik.com\/"},{"@type":"ListItem","position":2,"name":"Tatar, Metehan Kara Giri\u015f Kap\u0131s\u0131\u2019nda ya\u015fanan yo\u011funluk nedeniyle yerinde incelemelerde bulundu, Polis Genel M\u00fcd\u00fcr\u00fc\u2019nden bilgi ald\u0131"}]},{"@type":"WebSite","@id":"https:\/\/kibrisdakik.com\/#website","url":"https:\/\/kibrisdakik.com\/","name":"","description":"Tam vaktinde haber","potentialAction":[{"@type":"SearchAction","target":{"@type":"EntryPoint","urlTemplate":"https:\/\/kibrisdakik.com\/?s={search_term_string}"},"query-input":{"@type":"PropertyValueSpecification","valueRequired":true,"valueName":"search_term_string"}}],"inLanguage":"tr"},{"@type":"Person","@id":"https:\/\/kibrisdakik.com\/#\/schema\/person\/9cd9d437bbb44f72b73ba127e06d8e79","name":"admin","image":{"@type":"ImageObject","inLanguage":"tr","@id":"https:\/\/secure.gravatar.com\/avatar\/ccc17943b9d660506c869530f897617f7cb1c21a4bf30023f252596d83e1f007?s=96&d=mm&r=g","url":"https:\/\/secure.gravatar.com\/avatar\/ccc17943b9d660506c869530f897617f7cb1c21a4bf30023f252596d83e1f007?s=96&d=mm&r=g","contentUrl":"https:\/\/secure.gravatar.com\/avatar\/ccc17943b9d660506c869530f897617f7cb1c21a4bf30023f252596d83e1f007?s=96&d=mm&r=g","caption":"admin"},"sameAs":["https:\/\/kibrisdakik.com"],"url":"https:\/\/kibrisdakik.com\/?author=1"}]}},"_links":{"self":[{"href":"https:\/\/kibrisdakik.com\/index.php?rest_route=\/wp\/v2\/posts\/13624","targetHints":{"allow":["GET"]}}],"collection":[{"href":"https:\/\/kibrisdakik.com\/index.php?rest_route=\/wp\/v2\/posts"}],"about":[{"href":"https:\/\/kibrisdakik.com\/index.php?rest_route=\/wp\/v2\/types\/post"}],"author":[{"embeddable":true,"href":"https:\/\/kibrisdakik.com\/index.php?rest_route=\/wp\/v2\/users\/1"}],"replies":[{"embeddable":true,"href":"https:\/\/kibrisdakik.com\/index.php?rest_route=%2Fwp%2Fv2%2Fcomments&post=13624"}],"version-history":[{"count":0,"href":"https:\/\/kibrisdakik.com\/index.php?rest_route=\/wp\/v2\/posts\/13624\/revisions"}],"wp:featuredmedia":[{"embeddable":true,"href":"https:\/\/kibrisdakik.com\/index.php?rest_route=\/wp\/v2\/media\/13625"}],"wp:attachment":[{"href":"https:\/\/kibrisdakik.com\/index.php?rest_route=%2Fwp%2Fv2%2Fmedia&parent=13624"}],"wp:term":[{"taxonomy":"category","embeddable":true,"href":"https:\/\/kibrisdakik.com\/index.php?rest_route=%2Fwp%2Fv2%2Fcategories&post=13624"},{"taxonomy":"post_tag","embeddable":true,"href":"https:\/\/kibrisdakik.com\/index.php?rest_route=%2Fwp%2Fv2%2Ftags&post=13624"}],"curies":[{"name":"wp","href":"https:\/\/api.w.org\/{rel}","templated":true}]}}