{"id":13705,"date":"2023-09-13T12:34:48","date_gmt":"2023-09-13T12:34:48","guid":{"rendered":"https:\/\/kibrisdakik.com\/index.php\/2023\/09\/13\/potada-gozler-bassavcilikta\/"},"modified":"2023-09-13T12:34:48","modified_gmt":"2023-09-13T12:34:48","slug":"potada-gozler-bassavcilikta","status":"publish","type":"post","link":"https:\/\/kibrisdakik.com\/?p=13705","title":{"rendered":"Potada g\u00f6zler Ba\u015fsavc\u0131l\u0131kta"},"content":{"rendered":"<p> <br \/>\n<\/p>\n<div>\n<div class=\"mariselle-image-container center\">\n                <img width=\"2048\" height=\"1536\" class=\"lazy-image\" alt=\"\" decoding=\"async\" loading=\"lazy\" sizes=\"auto, (max-width: 2048px) 100vw, 2048px\" src=\"https:\/\/brtk.net\/wp-content\/uploads\/2023\/09\/13\/BASKET.jpg?ver=2c3c8c83b7378718e9bcfae4f509efa4\" srcset=\"https:\/\/brtk.net\/wp-content\/uploads\/2023\/09\/13\/BASKET.jpg?ver=2c3c8c83b7378718e9bcfae4f509efa4 2048w, https:\/\/brtk.net\/wp-content\/uploads\/2023\/09\/13\/BASKET-300x225.jpg?ver=142a3610d9979ac2dade19535057f4d0 300w, https:\/\/brtk.net\/wp-content\/uploads\/2023\/09\/13\/BASKET-1024x768.jpg?ver=142a3610d9979ac2dade19535057f4d0 1024w, https:\/\/brtk.net\/wp-content\/uploads\/2023\/09\/13\/BASKET-768x576.jpg?ver=5e291649cfe35ea5d2774700579a71f4 768w, https:\/\/brtk.net\/wp-content\/uploads\/2023\/09\/13\/BASKET-1536x1152.jpg?ver=5e291649cfe35ea5d2774700579a71f4 1536w\"\/>                            <\/div>\n<p>Basketbol Federasyonu\u2019nun t\u00fcz\u00fck de\u011fi\u015fikli\u011fiyle ilgili yaz\u0131 Spor Dairesi\u2019nden Bassavc\u0131l\u0131\u011fa iletildi.<br \/>Ba\u015fsavc\u0131l\u0131ktan gelecek karara g\u00f6re Spor Dairesi\u2019nden a\u00e7\u0131klama bekleniyor.<br \/>\u00d6te yandan, Federasyonun idaresini y\u00fcr\u00fcten Divan Kurulu d\u00fcn yapt\u0131\u011f\u0131 a\u00e7\u0131klamayla; 6 Eyl\u00fcl\u2019de yap\u0131lan Ola\u011fan Genel Kurul\u2019da ba\u015fkan aday\u0131 olmamas\u0131ndan \u00f6t\u00fcr\u00fc ba\u015fkanl\u0131k se\u00e7iminin 27 Eyl\u00fcl\u2019de saat 18.00\u2019de K\u0131br\u0131s T\u00fcrk Futbol Federasyonu\u2019nda yap\u0131laca\u011f\u0131n\u0131 bir kez daha duyurdu. Divan, aday olacak isimler i\u00e7in son ba\u015fvuru tarihinin 26 Eyl\u00fcl oldu\u011funu da ekledi.<\/p>\n<\/p><\/div>\n<p><br \/>\n<br \/><a href=\"https:\/\/brtk.net\/potada-gozler-bassavcilikta\/\"> <\/a><\/p>\n","protected":false},"excerpt":{"rendered":"<p>Basketbol Federasyonu\u2019nun t\u00fcz\u00fck de\u011fi\u015fikli\u011fiyle ilgili yaz\u0131 Spor Dairesi\u2019nden Bassavc\u0131l\u0131\u011fa iletildi.Ba\u015fsavc\u0131l\u0131ktan gelecek karara g\u00f6re Spor Dairesi\u2019nden a\u00e7\u0131klama bekleniyor.\u00d6te yandan, Federasyonun idaresini y\u00fcr\u00fcten Divan Kurulu d\u00fcn yapt\u0131\u011f\u0131 a\u00e7\u0131klamayla; 6 Eyl\u00fcl\u2019de yap\u0131lan Ola\u011fan Genel Kurul\u2019da ba\u015fkan aday\u0131 olmamas\u0131ndan \u00f6t\u00fcr\u00fc ba\u015fkanl\u0131k se\u00e7iminin 27 Eyl\u00fcl\u2019de saat 18.00\u2019de K\u0131br\u0131s T\u00fcrk Futbol Federasyonu\u2019nda yap\u0131laca\u011f\u0131n\u0131 bir kez daha duyurdu. Divan, aday olacak isimler<\/p>\n","protected":false},"author":1,"featured_media":13706,"comment_status":"open","ping_status":"open","sticky":false,"template":"","format":"standard","meta":{"footnotes":""},"categories":[85],"tags":[],"class_list":["post-13705","post","type-post","status-publish","format-standard","has-post-thumbnail","hentry","category-spor"],"yoast_head":"<!-- This site is optimized with the Yoast SEO plugin v27.5 - https:\/\/yoast.com\/product\/yoast-seo-wordpress\/ -->\n<title>Potada g\u00f6zler Ba\u015fsavc\u0131l\u0131kta -<\/title>\n<meta name=\"robots\" content=\"index, follow, max-snippet:-1, max-image-preview:large, max-video-preview:-1\" \/>\n<link rel=\"canonical\" href=\"https:\/\/kibrisdakik.com\/?p=13705\" \/>\n<meta property=\"og:locale\" content=\"tr_TR\" \/>\n<meta property=\"og:type\" content=\"article\" \/>\n<meta property=\"og:title\" content=\"Potada g\u00f6zler Ba\u015fsavc\u0131l\u0131kta -\" \/>\n<meta property=\"og:description\" content=\"Basketbol Federasyonu\u2019nun t\u00fcz\u00fck de\u011fi\u015fikli\u011fiyle ilgili yaz\u0131 Spor Dairesi\u2019nden Bassavc\u0131l\u0131\u011fa iletildi.Ba\u015fsavc\u0131l\u0131ktan gelecek karara g\u00f6re Spor Dairesi\u2019nden a\u00e7\u0131klama bekleniyor.\u00d6te yandan, Federasyonun idaresini y\u00fcr\u00fcten Divan Kurulu d\u00fcn yapt\u0131\u011f\u0131 a\u00e7\u0131klamayla; 6 Eyl\u00fcl\u2019de yap\u0131lan Ola\u011fan Genel Kurul\u2019da ba\u015fkan aday\u0131 olmamas\u0131ndan \u00f6t\u00fcr\u00fc ba\u015fkanl\u0131k se\u00e7iminin 27 Eyl\u00fcl\u2019de saat 18.00\u2019de K\u0131br\u0131s T\u00fcrk Futbol Federasyonu\u2019nda yap\u0131laca\u011f\u0131n\u0131 bir kez daha duyurdu. Divan, aday olacak isimler\" \/>\n<meta property=\"og:url\" content=\"https:\/\/kibrisdakik.com\/?p=13705\" \/>\n<meta property=\"article:published_time\" content=\"2023-09-13T12:34:48+00:00\" \/>\n<meta property=\"og:image\" content=\"https:\/\/kibrisdakik.com\/wp-content\/uploads\/2023\/09\/1694608491_BASKET-740x420.jpg\" \/>\n\t<meta property=\"og:image:width\" content=\"2048\" \/>\n\t<meta property=\"og:image:height\" content=\"1536\" \/>\n\t<meta property=\"og:image:type\" content=\"image\/jpeg\" \/>\n<meta name=\"author\" content=\"admin\" \/>\n<meta name=\"twitter:card\" content=\"summary_large_image\" \/>\n<meta name=\"twitter:label1\" content=\"Yazan:\" \/>\n\t<meta name=\"twitter:data1\" content=\"admin\" \/>\n\t<meta name=\"twitter:label2\" content=\"Tahmini okuma s\u00fcresi\" \/>\n\t<meta name=\"twitter:data2\" content=\"1 dakika\" \/>\n<script type=\"application\/ld+json\" class=\"yoast-schema-graph\">{\"@context\":\"https:\\\/\\\/schema.org\",\"@graph\":[{\"@type\":\"Article\",\"@id\":\"https:\\\/\\\/kibrisdakik.com\\\/?p=13705#article\",\"isPartOf\":{\"@id\":\"https:\\\/\\\/kibrisdakik.com\\\/?p=13705\"},\"author\":{\"name\":\"admin\",\"@id\":\"https:\\\/\\\/kibrisdakik.com\\\/#\\\/schema\\\/person\\\/9cd9d437bbb44f72b73ba127e06d8e79\"},\"headline\":\"Potada g\u00f6zler Ba\u015fsavc\u0131l\u0131kta\",\"datePublished\":\"2023-09-13T12:34:48+00:00\",\"mainEntityOfPage\":{\"@id\":\"https:\\\/\\\/kibrisdakik.com\\\/?p=13705\"},\"wordCount\":114,\"commentCount\":0,\"image\":{\"@id\":\"https:\\\/\\\/kibrisdakik.com\\\/?p=13705#primaryimage\"},\"thumbnailUrl\":\"https:\\\/\\\/kibrisdakik.com\\\/wp-content\\\/uploads\\\/2023\\\/09\\\/1694608491_BASKET-740x420.jpg\",\"articleSection\":[\"Spor\"],\"inLanguage\":\"tr\",\"potentialAction\":[{\"@type\":\"CommentAction\",\"name\":\"Comment\",\"target\":[\"https:\\\/\\\/kibrisdakik.com\\\/?p=13705#respond\"]}]},{\"@type\":\"WebPage\",\"@id\":\"https:\\\/\\\/kibrisdakik.com\\\/?p=13705\",\"url\":\"https:\\\/\\\/kibrisdakik.com\\\/?p=13705\",\"name\":\"Potada g\u00f6zler Ba\u015fsavc\u0131l\u0131kta -\",\"isPartOf\":{\"@id\":\"https:\\\/\\\/kibrisdakik.com\\\/#website\"},\"primaryImageOfPage\":{\"@id\":\"https:\\\/\\\/kibrisdakik.com\\\/?p=13705#primaryimage\"},\"image\":{\"@id\":\"https:\\\/\\\/kibrisdakik.com\\\/?p=13705#primaryimage\"},\"thumbnailUrl\":\"https:\\\/\\\/kibrisdakik.com\\\/wp-content\\\/uploads\\\/2023\\\/09\\\/1694608491_BASKET-740x420.jpg\",\"datePublished\":\"2023-09-13T12:34:48+00:00\",\"author\":{\"@id\":\"https:\\\/\\\/kibrisdakik.com\\\/#\\\/schema\\\/person\\\/9cd9d437bbb44f72b73ba127e06d8e79\"},\"breadcrumb\":{\"@id\":\"https:\\\/\\\/kibrisdakik.com\\\/?p=13705#breadcrumb\"},\"inLanguage\":\"tr\",\"potentialAction\":[{\"@type\":\"ReadAction\",\"target\":[\"https:\\\/\\\/kibrisdakik.com\\\/?p=13705\"]}]},{\"@type\":\"ImageObject\",\"inLanguage\":\"tr\",\"@id\":\"https:\\\/\\\/kibrisdakik.com\\\/?p=13705#primaryimage\",\"url\":\"https:\\\/\\\/kibrisdakik.com\\\/wp-content\\\/uploads\\\/2023\\\/09\\\/1694608491_BASKET-740x420.jpg\",\"contentUrl\":\"https:\\\/\\\/kibrisdakik.com\\\/wp-content\\\/uploads\\\/2023\\\/09\\\/1694608491_BASKET-740x420.jpg\",\"width\":2048,\"height\":1536},{\"@type\":\"BreadcrumbList\",\"@id\":\"https:\\\/\\\/kibrisdakik.com\\\/?p=13705#breadcrumb\",\"itemListElement\":[{\"@type\":\"ListItem\",\"position\":1,\"name\":\"Home\",\"item\":\"https:\\\/\\\/kibrisdakik.com\\\/\"},{\"@type\":\"ListItem\",\"position\":2,\"name\":\"Potada g\u00f6zler Ba\u015fsavc\u0131l\u0131kta\"}]},{\"@type\":\"WebSite\",\"@id\":\"https:\\\/\\\/kibrisdakik.com\\\/#website\",\"url\":\"https:\\\/\\\/kibrisdakik.com\\\/\",\"name\":\"\",\"description\":\"Tam vaktinde haber\",\"potentialAction\":[{\"@type\":\"SearchAction\",\"target\":{\"@type\":\"EntryPoint\",\"urlTemplate\":\"https:\\\/\\\/kibrisdakik.com\\\/?s={search_term_string}\"},\"query-input\":{\"@type\":\"PropertyValueSpecification\",\"valueRequired\":true,\"valueName\":\"search_term_string\"}}],\"inLanguage\":\"tr\"},{\"@type\":\"Person\",\"@id\":\"https:\\\/\\\/kibrisdakik.com\\\/#\\\/schema\\\/person\\\/9cd9d437bbb44f72b73ba127e06d8e79\",\"name\":\"admin\",\"image\":{\"@type\":\"ImageObject\",\"inLanguage\":\"tr\",\"@id\":\"https:\\\/\\\/secure.gravatar.com\\\/avatar\\\/ccc17943b9d660506c869530f897617f7cb1c21a4bf30023f252596d83e1f007?s=96&d=mm&r=g\",\"url\":\"https:\\\/\\\/secure.gravatar.com\\\/avatar\\\/ccc17943b9d660506c869530f897617f7cb1c21a4bf30023f252596d83e1f007?s=96&d=mm&r=g\",\"contentUrl\":\"https:\\\/\\\/secure.gravatar.com\\\/avatar\\\/ccc17943b9d660506c869530f897617f7cb1c21a4bf30023f252596d83e1f007?s=96&d=mm&r=g\",\"caption\":\"admin\"},\"sameAs\":[\"https:\\\/\\\/kibrisdakik.com\"],\"url\":\"https:\\\/\\\/kibrisdakik.com\\\/?author=1\"}]}<\/script>\n<!-- \/ Yoast SEO plugin. -->","yoast_head_json":{"title":"Potada g\u00f6zler Ba\u015fsavc\u0131l\u0131kta -","robots":{"index":"index","follow":"follow","max-snippet":"max-snippet:-1","max-image-preview":"max-image-preview:large","max-video-preview":"max-video-preview:-1"},"canonical":"https:\/\/kibrisdakik.com\/?p=13705","og_locale":"tr_TR","og_type":"article","og_title":"Potada g\u00f6zler Ba\u015fsavc\u0131l\u0131kta -","og_description":"Basketbol Federasyonu\u2019nun t\u00fcz\u00fck de\u011fi\u015fikli\u011fiyle ilgili yaz\u0131 Spor Dairesi\u2019nden Bassavc\u0131l\u0131\u011fa iletildi.Ba\u015fsavc\u0131l\u0131ktan gelecek karara g\u00f6re Spor Dairesi\u2019nden a\u00e7\u0131klama bekleniyor.\u00d6te yandan, Federasyonun idaresini y\u00fcr\u00fcten Divan Kurulu d\u00fcn yapt\u0131\u011f\u0131 a\u00e7\u0131klamayla; 6 Eyl\u00fcl\u2019de yap\u0131lan Ola\u011fan Genel Kurul\u2019da ba\u015fkan aday\u0131 olmamas\u0131ndan \u00f6t\u00fcr\u00fc ba\u015fkanl\u0131k se\u00e7iminin 27 Eyl\u00fcl\u2019de saat 18.00\u2019de K\u0131br\u0131s T\u00fcrk Futbol Federasyonu\u2019nda yap\u0131laca\u011f\u0131n\u0131 bir kez daha duyurdu. Divan, aday olacak isimler","og_url":"https:\/\/kibrisdakik.com\/?p=13705","article_published_time":"2023-09-13T12:34:48+00:00","og_image":[{"width":2048,"height":1536,"url":"https:\/\/kibrisdakik.com\/wp-content\/uploads\/2023\/09\/1694608491_BASKET-740x420.jpg","type":"image\/jpeg"}],"author":"admin","twitter_card":"summary_large_image","twitter_misc":{"Yazan:":"admin","Tahmini okuma s\u00fcresi":"1 dakika"},"schema":{"@context":"https:\/\/schema.org","@graph":[{"@type":"Article","@id":"https:\/\/kibrisdakik.com\/?p=13705#article","isPartOf":{"@id":"https:\/\/kibrisdakik.com\/?p=13705"},"author":{"name":"admin","@id":"https:\/\/kibrisdakik.com\/#\/schema\/person\/9cd9d437bbb44f72b73ba127e06d8e79"},"headline":"Potada g\u00f6zler Ba\u015fsavc\u0131l\u0131kta","datePublished":"2023-09-13T12:34:48+00:00","mainEntityOfPage":{"@id":"https:\/\/kibrisdakik.com\/?p=13705"},"wordCount":114,"commentCount":0,"image":{"@id":"https:\/\/kibrisdakik.com\/?p=13705#primaryimage"},"thumbnailUrl":"https:\/\/kibrisdakik.com\/wp-content\/uploads\/2023\/09\/1694608491_BASKET-740x420.jpg","articleSection":["Spor"],"inLanguage":"tr","potentialAction":[{"@type":"CommentAction","name":"Comment","target":["https:\/\/kibrisdakik.com\/?p=13705#respond"]}]},{"@type":"WebPage","@id":"https:\/\/kibrisdakik.com\/?p=13705","url":"https:\/\/kibrisdakik.com\/?p=13705","name":"Potada g\u00f6zler Ba\u015fsavc\u0131l\u0131kta -","isPartOf":{"@id":"https:\/\/kibrisdakik.com\/#website"},"primaryImageOfPage":{"@id":"https:\/\/kibrisdakik.com\/?p=13705#primaryimage"},"image":{"@id":"https:\/\/kibrisdakik.com\/?p=13705#primaryimage"},"thumbnailUrl":"https:\/\/kibrisdakik.com\/wp-content\/uploads\/2023\/09\/1694608491_BASKET-740x420.jpg","datePublished":"2023-09-13T12:34:48+00:00","author":{"@id":"https:\/\/kibrisdakik.com\/#\/schema\/person\/9cd9d437bbb44f72b73ba127e06d8e79"},"breadcrumb":{"@id":"https:\/\/kibrisdakik.com\/?p=13705#breadcrumb"},"inLanguage":"tr","potentialAction":[{"@type":"ReadAction","target":["https:\/\/kibrisdakik.com\/?p=13705"]}]},{"@type":"ImageObject","inLanguage":"tr","@id":"https:\/\/kibrisdakik.com\/?p=13705#primaryimage","url":"https:\/\/kibrisdakik.com\/wp-content\/uploads\/2023\/09\/1694608491_BASKET-740x420.jpg","contentUrl":"https:\/\/kibrisdakik.com\/wp-content\/uploads\/2023\/09\/1694608491_BASKET-740x420.jpg","width":2048,"height":1536},{"@type":"BreadcrumbList","@id":"https:\/\/kibrisdakik.com\/?p=13705#breadcrumb","itemListElement":[{"@type":"ListItem","position":1,"name":"Home","item":"https:\/\/kibrisdakik.com\/"},{"@type":"ListItem","position":2,"name":"Potada g\u00f6zler Ba\u015fsavc\u0131l\u0131kta"}]},{"@type":"WebSite","@id":"https:\/\/kibrisdakik.com\/#website","url":"https:\/\/kibrisdakik.com\/","name":"","description":"Tam vaktinde haber","potentialAction":[{"@type":"SearchAction","target":{"@type":"EntryPoint","urlTemplate":"https:\/\/kibrisdakik.com\/?s={search_term_string}"},"query-input":{"@type":"PropertyValueSpecification","valueRequired":true,"valueName":"search_term_string"}}],"inLanguage":"tr"},{"@type":"Person","@id":"https:\/\/kibrisdakik.com\/#\/schema\/person\/9cd9d437bbb44f72b73ba127e06d8e79","name":"admin","image":{"@type":"ImageObject","inLanguage":"tr","@id":"https:\/\/secure.gravatar.com\/avatar\/ccc17943b9d660506c869530f897617f7cb1c21a4bf30023f252596d83e1f007?s=96&d=mm&r=g","url":"https:\/\/secure.gravatar.com\/avatar\/ccc17943b9d660506c869530f897617f7cb1c21a4bf30023f252596d83e1f007?s=96&d=mm&r=g","contentUrl":"https:\/\/secure.gravatar.com\/avatar\/ccc17943b9d660506c869530f897617f7cb1c21a4bf30023f252596d83e1f007?s=96&d=mm&r=g","caption":"admin"},"sameAs":["https:\/\/kibrisdakik.com"],"url":"https:\/\/kibrisdakik.com\/?author=1"}]}},"_links":{"self":[{"href":"https:\/\/kibrisdakik.com\/index.php?rest_route=\/wp\/v2\/posts\/13705","targetHints":{"allow":["GET"]}}],"collection":[{"href":"https:\/\/kibrisdakik.com\/index.php?rest_route=\/wp\/v2\/posts"}],"about":[{"href":"https:\/\/kibrisdakik.com\/index.php?rest_route=\/wp\/v2\/types\/post"}],"author":[{"embeddable":true,"href":"https:\/\/kibrisdakik.com\/index.php?rest_route=\/wp\/v2\/users\/1"}],"replies":[{"embeddable":true,"href":"https:\/\/kibrisdakik.com\/index.php?rest_route=%2Fwp%2Fv2%2Fcomments&post=13705"}],"version-history":[{"count":0,"href":"https:\/\/kibrisdakik.com\/index.php?rest_route=\/wp\/v2\/posts\/13705\/revisions"}],"wp:featuredmedia":[{"embeddable":true,"href":"https:\/\/kibrisdakik.com\/index.php?rest_route=\/wp\/v2\/media\/13706"}],"wp:attachment":[{"href":"https:\/\/kibrisdakik.com\/index.php?rest_route=%2Fwp%2Fv2%2Fmedia&parent=13705"}],"wp:term":[{"taxonomy":"category","embeddable":true,"href":"https:\/\/kibrisdakik.com\/index.php?rest_route=%2Fwp%2Fv2%2Fcategories&post=13705"},{"taxonomy":"post_tag","embeddable":true,"href":"https:\/\/kibrisdakik.com\/index.php?rest_route=%2Fwp%2Fv2%2Ftags&post=13705"}],"curies":[{"name":"wp","href":"https:\/\/api.w.org\/{rel}","templated":true}]}}