{"id":13803,"date":"2023-09-14T17:08:05","date_gmt":"2023-09-14T17:08:05","guid":{"rendered":"https:\/\/kibrisdakik.com\/index.php\/2023\/09\/14\/kktc-bayragi-tdtde-dalgalaniyor\/"},"modified":"2023-09-14T17:08:05","modified_gmt":"2023-09-14T17:08:05","slug":"kktc-bayragi-tdtde-dalgalaniyor","status":"publish","type":"post","link":"https:\/\/kibrisdakik.com\/?p=13803","title":{"rendered":"KKTC bayra\u011f\u0131 TDT\u2019de dalgalan\u0131yor"},"content":{"rendered":"<p><\/p>\n<div>\n<div class=\"mariselle-image-container center\">\n                <img width=\"1024\" height=\"768\" class=\"lazy-image\" alt=\"\" decoding=\"async\" loading=\"lazy\" sizes=\"auto, (max-width: 1024px) 100vw, 1024px\" src=\"https:\/\/brtk.net\/wp-content\/uploads\/2023\/09\/14\/amcaoglu-4-.jpeg?ver=04d493c4121c38ae9b42ed6358db3529\" srcset=\"https:\/\/brtk.net\/wp-content\/uploads\/2023\/09\/14\/amcaoglu-4-.jpeg?ver=04d493c4121c38ae9b42ed6358db3529 1024w, https:\/\/brtk.net\/wp-content\/uploads\/2023\/09\/14\/amcaoglu-4--300x225.jpeg?ver=04d493c4121c38ae9b42ed6358db3529 300w, https:\/\/brtk.net\/wp-content\/uploads\/2023\/09\/14\/amcaoglu-4--768x576.jpeg?ver=84aee6e692044276f7c8e8a32652aec4 768w\"\/>                            <\/div>\n<p>T\u00fcrk Devletleri Te\u015fkilat\u0131 Ekonomi ve Ticaretten Sorumlu Bakanlar 12. Toplant\u0131s\u0131 \u0130stanbul\u2019da ger\u00e7ekle\u015ftirildi. <\/p>\n<p>Ekonomi ve Enerji Bakan\u0131 Olgun Amcao\u011flu\u2019nun da kat\u0131ld\u0131\u011f\u0131 Bakanlar Toplant\u0131s\u0131, T\u00fcrkiye Cumhuriyeti Ticaret Bakan\u0131 Prof. Dr. \u00d6mer Bolat\u2019\u0131n ev sahipli\u011finde d\u00fczenlendi.<\/p>\n<div class=\"mariselle-image-container center\">\n                <img width=\"1024\" height=\"513\" class=\"lazy-image\" alt=\"\" decoding=\"async\" loading=\"lazy\" sizes=\"auto, (max-width: 1024px) 100vw, 1024px\" src=\"https:\/\/brtk.net\/wp-content\/uploads\/2023\/09\/14\/amcaoglu-2-.jpeg?ver=f652f33b8ab509b5265bce52134324c9\" srcset=\"https:\/\/brtk.net\/wp-content\/uploads\/2023\/09\/14\/amcaoglu-2-.jpeg?ver=f652f33b8ab509b5265bce52134324c9 1024w, https:\/\/brtk.net\/wp-content\/uploads\/2023\/09\/14\/amcaoglu-2--300x150.jpeg?ver=f652f33b8ab509b5265bce52134324c9 300w, https:\/\/brtk.net\/wp-content\/uploads\/2023\/09\/14\/amcaoglu-2--768x385.jpeg?ver=f652f33b8ab509b5265bce52134324c9 768w, https:\/\/brtk.net\/wp-content\/uploads\/2023\/09\/14\/amcaoglu-2--720x360.jpeg?ver=9d537677a891f77af3c477b660756c02 720w\"\/>                            <\/div>\n<p>TDT \u00fcye \u00fclkeleri ve g\u00f6zlemcileri, toplant\u0131da bakan veya bakan yard\u0131mc\u0131s\u0131 seviyesinde temsil edildi. <\/p>\n<p>Toplant\u0131n\u0131n ger\u00e7ekle\u015fti\u011fi salonda ve aile foto\u011fraf\u0131 \u00e7ekimleri s\u0131ras\u0131nda <a href=\"https:\/\/brtk.net\/\">KKTC<\/a> Bayra\u011f\u0131 da di\u011fer TDT \u00fcyesi devletlerin ve g\u00f6zlemci \u00fcye Macaristan\u2019\u0131n bayraklar\u0131 ile birlikte yer ald\u0131. <\/p>\n<div class=\"mariselle-image-container center\">\n                <img width=\"1600\" height=\"1200\" class=\"lazy-image\" alt=\"\" decoding=\"async\" loading=\"lazy\" sizes=\"auto, (max-width: 1600px) 100vw, 1600px\" src=\"https:\/\/brtk.net\/wp-content\/uploads\/2023\/09\/14\/eebab8b7-9c0a-4ebd-9d79-b643afc1b08c.jpg?ver=d9fbf8d34ac518ff02ea11b090e849d3\" srcset=\"https:\/\/brtk.net\/wp-content\/uploads\/2023\/09\/14\/eebab8b7-9c0a-4ebd-9d79-b643afc1b08c.jpg?ver=d9fbf8d34ac518ff02ea11b090e849d3 1600w, https:\/\/brtk.net\/wp-content\/uploads\/2023\/09\/14\/eebab8b7-9c0a-4ebd-9d79-b643afc1b08c-300x225.jpg?ver=d9fbf8d34ac518ff02ea11b090e849d3 300w, https:\/\/brtk.net\/wp-content\/uploads\/2023\/09\/14\/eebab8b7-9c0a-4ebd-9d79-b643afc1b08c-1024x768.jpg?ver=d9fbf8d34ac518ff02ea11b090e849d3 1024w, https:\/\/brtk.net\/wp-content\/uploads\/2023\/09\/14\/eebab8b7-9c0a-4ebd-9d79-b643afc1b08c-768x576.jpg?ver=d9fbf8d34ac518ff02ea11b090e849d3 768w, https:\/\/brtk.net\/wp-content\/uploads\/2023\/09\/14\/eebab8b7-9c0a-4ebd-9d79-b643afc1b08c-1536x1152.jpg?ver=9a640749e53dc0be68b26cdd126c886e 1536w\"\/>                            <\/div>\n<p>Bakan Amcao\u011flu, toplant\u0131da yapti\u011fi konu\u015fmada, \u201cKuzey K\u0131br\u0131s T\u00fcrk Cumhuriyeti halk\u0131 ve H\u00fck\u00fcmeti\u2019nin en i\u00e7ten selamlar\u0131n\u0131 ve \u00f6ncelikle, T\u00fcrkiye Cumhuriyeti Cumhurba\u015fkan\u0131 Recep Tayyip Erdo\u011fan\u2019a Kuzey K\u0131br\u0131s T\u00fcrk Cumhuriyeti\u2019ne verdi\u011fi destekten dolay\u0131 en derin \u015f\u00fckranlar\u0131m\u0131 sunar\u0131m\u201d dedi\u2026<\/p>\n<p>\u00d6ncelikle TDT \u00fcyesi \u00fclkelerle ili\u015fkilerin t\u00fcm alanlarda peki\u015ftirilmesinin, d\u0131\u015f politikalar\u0131n\u0131n temel \u00f6nceliklerinden oldu\u011funu s\u00f6yleyen Bakan Amcao\u011flu, T\u00fcrk d\u00fcnyas\u0131n\u0131n ekonomik ve manevi anlamda birle\u015fmesinin bir\u00e7ok \u00fclkeye de ilham verdi\u011finin alt\u0131n \u00e7izdi ve \u201cBiz T\u00fcrk d\u00fcnyas\u0131n\u0131n birli\u011fi emeline sad\u0131k kalaca\u011f\u0131z ve bu hedefe ilerlemek i\u00e7in b\u00fct\u00fcn g\u00fcc\u00fcm\u00fczle \u00e7al\u0131\u015faca\u011f\u0131z\u201d dedi.<br \/>Bakan Amcao\u011flu, \u201cT\u00fcrk d\u00fcnyas\u0131 200 milyondan fazla insan\u0131n ya\u015fad\u0131\u011f\u0131 geni\u015f bir co\u011frafyay\u0131 kaps\u0131yor, b\u00fcy\u00fck ekonomik potansiyeli ve bir\u00e7ok ortak k\u00fclt\u00fcre sahip. B\u00f6yle bir potansiyelden enerji, turizm, tar\u0131m gibi bir\u00e7ok sekt\u00f6rde g\u00fc\u00e7l\u00fc i\u015fbirlikleri \u00e7\u0131kmas\u0131 \u00e7ok do\u011fal olacakt\u0131r\u201d diyerek, ortak vizyon \u00e7er\u00e7evesinde ulusal \u00e7\u0131karlar g\u00f6z \u00f6n\u00fcnde bulundurularak olu\u015fturulacak \u00fclkesel vizyonlar\u0131, kar\u015f\u0131l\u0131kl\u0131 destek ve dayan\u0131\u015fma ile birle\u015firse, T\u00fcrk d\u00fcnyas\u0131n\u0131n orta ve uzun vadede \u00e7ok g\u00fc\u00e7l\u00fc ekonomik ve siyasi bir g\u00fc\u00e7 olmas\u0131n\u0131n ka\u00e7\u0131n\u0131lmaz olaca\u011f\u0131n\u0131 kaydetti.<\/p>\n<div class=\"mariselle-image-container center\">\n                <img width=\"1024\" height=\"576\" class=\"lazy-image\" alt=\"\" decoding=\"async\" loading=\"lazy\" sizes=\"auto, (max-width: 1024px) 100vw, 1024px\" src=\"https:\/\/brtk.net\/wp-content\/uploads\/2023\/09\/14\/amcaoglu-3-.jpeg?ver=6b575584460454ea6616680882569ac6\" srcset=\"https:\/\/brtk.net\/wp-content\/uploads\/2023\/09\/14\/amcaoglu-3-.jpeg?ver=6b575584460454ea6616680882569ac6 1024w, https:\/\/brtk.net\/wp-content\/uploads\/2023\/09\/14\/amcaoglu-3--300x169.jpeg?ver=6b575584460454ea6616680882569ac6 300w, https:\/\/brtk.net\/wp-content\/uploads\/2023\/09\/14\/amcaoglu-3--768x432.jpeg?ver=b6667f0baa3ce1adae2ac2de9b7e90da 768w\"\/>                            <\/div>\n<p>\u201c\u00d6zellikle dijitalle\u015fme ve ileri teknoloji alanlar\u0131ndaki b\u00f6lgesel yat\u0131r\u0131mlar\u0131n g\u00fcc\u00fcm\u00fcze g\u00fc\u00e7 katacakt\u0131r\u201d ifadelerini kullanan Amcao\u011flu, Kuzey K\u0131br\u0131s T\u00fcrk Cumhuriyeti olarak b\u00f6yle bir vizyona hizmet etmek istediklerini vurgulad\u0131\u2026<\/p>\n<p>Amcao\u011flu, \u201cEkonomik olarak k\u00fc\u00e7\u00fck bir \u00f6l\u00e7ekte olsak da D\u00fcnya\u2019da takdir g\u00f6ren \u00fcniversitelerimiz ve 35 \u00fclkeden 120 binden fazla \u00f6\u011frencimiz ile \u00f6zellikle ileri teknoloji ve AR-GE alanlar\u0131nda baz\u0131 projelerde, merkezi ba\u011flant\u0131y\u0131 sa\u011flayacak bir hub olma potansiyelimiz \u00e7ok y\u00fcksektir. Turizm ve m\u00fchendislik alanlar\u0131nda vizyonumuza uygun mesleki ve teknik e\u011fitimleri \u00fclkemizde ger\u00e7ekle\u015ftirebiliriz\u201d dedi<\/p>\n<div class=\"mariselle-image-container center\">\n                <img width=\"1024\" height=\"826\" class=\"lazy-image\" alt=\"\" decoding=\"async\" loading=\"lazy\" sizes=\"auto, (max-width: 1024px) 100vw, 1024px\" src=\"https:\/\/brtk.net\/wp-content\/uploads\/2023\/09\/14\/amcaoglu-5-.jpeg?ver=9d537677a891f77af3c477b660756c02\" srcset=\"https:\/\/brtk.net\/wp-content\/uploads\/2023\/09\/14\/amcaoglu-5-.jpeg?ver=9d537677a891f77af3c477b660756c02 1024w, https:\/\/brtk.net\/wp-content\/uploads\/2023\/09\/14\/amcaoglu-5--300x242.jpeg?ver=b090fe5f2bed760bb83fbcd8fa63df75 300w, https:\/\/brtk.net\/wp-content\/uploads\/2023\/09\/14\/amcaoglu-5--768x620.jpeg?ver=b090fe5f2bed760bb83fbcd8fa63df75 768w\"\/>                            <\/div>\n<\/p><\/div>\n","protected":false},"excerpt":{"rendered":"<p>T\u00fcrk Devletleri Te\u015fkilat\u0131 Ekonomi ve Ticaretten Sorumlu Bakanlar 12. Toplant\u0131s\u0131 \u0130stanbul\u2019da ger\u00e7ekle\u015ftirildi. Ekonomi ve Enerji Bakan\u0131 Olgun Amcao\u011flu\u2019nun da kat\u0131ld\u0131\u011f\u0131 Bakanlar Toplant\u0131s\u0131, T\u00fcrkiye Cumhuriyeti Ticaret Bakan\u0131 Prof. Dr. \u00d6mer Bolat\u2019\u0131n ev sahipli\u011finde d\u00fczenlendi. TDT \u00fcye \u00fclkeleri ve g\u00f6zlemcileri, toplant\u0131da bakan veya bakan yard\u0131mc\u0131s\u0131 seviyesinde temsil edildi. Toplant\u0131n\u0131n ger\u00e7ekle\u015fti\u011fi salonda ve aile foto\u011fraf\u0131 \u00e7ekimleri s\u0131ras\u0131nda KKTC<\/p>\n","protected":false},"author":1,"featured_media":13804,"comment_status":"open","ping_status":"open","sticky":false,"template":"","format":"standard","meta":{"footnotes":""},"categories":[1],"tags":[],"class_list":["post-13803","post","type-post","status-publish","format-standard","has-post-thumbnail","hentry","category-gundem"],"yoast_head":"<!-- This site is optimized with the Yoast SEO plugin v27.5 - https:\/\/yoast.com\/product\/yoast-seo-wordpress\/ -->\n<title>KKTC bayra\u011f\u0131 TDT\u2019de dalgalan\u0131yor -<\/title>\n<meta name=\"robots\" content=\"index, follow, max-snippet:-1, max-image-preview:large, max-video-preview:-1\" \/>\n<link rel=\"canonical\" href=\"https:\/\/kibrisdakik.com\/?p=13803\" \/>\n<meta property=\"og:locale\" content=\"tr_TR\" \/>\n<meta property=\"og:type\" content=\"article\" \/>\n<meta property=\"og:title\" content=\"KKTC bayra\u011f\u0131 TDT\u2019de dalgalan\u0131yor -\" \/>\n<meta property=\"og:description\" content=\"T\u00fcrk Devletleri Te\u015fkilat\u0131 Ekonomi ve Ticaretten Sorumlu Bakanlar 12. Toplant\u0131s\u0131 \u0130stanbul\u2019da ger\u00e7ekle\u015ftirildi. Ekonomi ve Enerji Bakan\u0131 Olgun Amcao\u011flu\u2019nun da kat\u0131ld\u0131\u011f\u0131 Bakanlar Toplant\u0131s\u0131, T\u00fcrkiye Cumhuriyeti Ticaret Bakan\u0131 Prof. Dr. \u00d6mer Bolat\u2019\u0131n ev sahipli\u011finde d\u00fczenlendi. TDT \u00fcye \u00fclkeleri ve g\u00f6zlemcileri, toplant\u0131da bakan veya bakan yard\u0131mc\u0131s\u0131 seviyesinde temsil edildi. Toplant\u0131n\u0131n ger\u00e7ekle\u015fti\u011fi salonda ve aile foto\u011fraf\u0131 \u00e7ekimleri s\u0131ras\u0131nda KKTC\" \/>\n<meta property=\"og:url\" content=\"https:\/\/kibrisdakik.com\/?p=13803\" \/>\n<meta property=\"article:published_time\" content=\"2023-09-14T17:08:05+00:00\" \/>\n<meta property=\"og:image\" content=\"https:\/\/kibrisdakik.com\/wp-content\/uploads\/2023\/09\/amcaoglu-4--740x420.jpeg\" \/>\n\t<meta property=\"og:image:width\" content=\"1024\" \/>\n\t<meta property=\"og:image:height\" content=\"768\" \/>\n\t<meta property=\"og:image:type\" content=\"image\/jpeg\" \/>\n<meta name=\"author\" content=\"admin\" \/>\n<meta name=\"twitter:card\" content=\"summary_large_image\" \/>\n<meta name=\"twitter:label1\" content=\"Yazan:\" \/>\n\t<meta name=\"twitter:data1\" content=\"admin\" \/>\n\t<meta name=\"twitter:label2\" content=\"Tahmini okuma s\u00fcresi\" \/>\n\t<meta name=\"twitter:data2\" content=\"2 dakika\" \/>\n<script type=\"application\/ld+json\" class=\"yoast-schema-graph\">{\"@context\":\"https:\\\/\\\/schema.org\",\"@graph\":[{\"@type\":\"Article\",\"@id\":\"https:\\\/\\\/kibrisdakik.com\\\/?p=13803#article\",\"isPartOf\":{\"@id\":\"https:\\\/\\\/kibrisdakik.com\\\/?p=13803\"},\"author\":{\"name\":\"admin\",\"@id\":\"https:\\\/\\\/kibrisdakik.com\\\/#\\\/schema\\\/person\\\/9cd9d437bbb44f72b73ba127e06d8e79\"},\"headline\":\"KKTC bayra\u011f\u0131 TDT\u2019de dalgalan\u0131yor\",\"datePublished\":\"2023-09-14T17:08:05+00:00\",\"mainEntityOfPage\":{\"@id\":\"https:\\\/\\\/kibrisdakik.com\\\/?p=13803\"},\"wordCount\":453,\"commentCount\":0,\"image\":{\"@id\":\"https:\\\/\\\/kibrisdakik.com\\\/?p=13803#primaryimage\"},\"thumbnailUrl\":\"https:\\\/\\\/kibrisdakik.com\\\/wp-content\\\/uploads\\\/2023\\\/09\\\/amcaoglu-4--740x420.jpeg\",\"articleSection\":[\"G\u00fcndem\"],\"inLanguage\":\"tr\",\"potentialAction\":[{\"@type\":\"CommentAction\",\"name\":\"Comment\",\"target\":[\"https:\\\/\\\/kibrisdakik.com\\\/?p=13803#respond\"]}]},{\"@type\":\"WebPage\",\"@id\":\"https:\\\/\\\/kibrisdakik.com\\\/?p=13803\",\"url\":\"https:\\\/\\\/kibrisdakik.com\\\/?p=13803\",\"name\":\"KKTC bayra\u011f\u0131 TDT\u2019de dalgalan\u0131yor -\",\"isPartOf\":{\"@id\":\"https:\\\/\\\/kibrisdakik.com\\\/#website\"},\"primaryImageOfPage\":{\"@id\":\"https:\\\/\\\/kibrisdakik.com\\\/?p=13803#primaryimage\"},\"image\":{\"@id\":\"https:\\\/\\\/kibrisdakik.com\\\/?p=13803#primaryimage\"},\"thumbnailUrl\":\"https:\\\/\\\/kibrisdakik.com\\\/wp-content\\\/uploads\\\/2023\\\/09\\\/amcaoglu-4--740x420.jpeg\",\"datePublished\":\"2023-09-14T17:08:05+00:00\",\"author\":{\"@id\":\"https:\\\/\\\/kibrisdakik.com\\\/#\\\/schema\\\/person\\\/9cd9d437bbb44f72b73ba127e06d8e79\"},\"breadcrumb\":{\"@id\":\"https:\\\/\\\/kibrisdakik.com\\\/?p=13803#breadcrumb\"},\"inLanguage\":\"tr\",\"potentialAction\":[{\"@type\":\"ReadAction\",\"target\":[\"https:\\\/\\\/kibrisdakik.com\\\/?p=13803\"]}]},{\"@type\":\"ImageObject\",\"inLanguage\":\"tr\",\"@id\":\"https:\\\/\\\/kibrisdakik.com\\\/?p=13803#primaryimage\",\"url\":\"https:\\\/\\\/kibrisdakik.com\\\/wp-content\\\/uploads\\\/2023\\\/09\\\/amcaoglu-4--740x420.jpeg\",\"contentUrl\":\"https:\\\/\\\/kibrisdakik.com\\\/wp-content\\\/uploads\\\/2023\\\/09\\\/amcaoglu-4--740x420.jpeg\",\"width\":1024,\"height\":768},{\"@type\":\"BreadcrumbList\",\"@id\":\"https:\\\/\\\/kibrisdakik.com\\\/?p=13803#breadcrumb\",\"itemListElement\":[{\"@type\":\"ListItem\",\"position\":1,\"name\":\"Home\",\"item\":\"https:\\\/\\\/kibrisdakik.com\\\/\"},{\"@type\":\"ListItem\",\"position\":2,\"name\":\"KKTC bayra\u011f\u0131 TDT\u2019de dalgalan\u0131yor\"}]},{\"@type\":\"WebSite\",\"@id\":\"https:\\\/\\\/kibrisdakik.com\\\/#website\",\"url\":\"https:\\\/\\\/kibrisdakik.com\\\/\",\"name\":\"\",\"description\":\"Tam vaktinde haber\",\"potentialAction\":[{\"@type\":\"SearchAction\",\"target\":{\"@type\":\"EntryPoint\",\"urlTemplate\":\"https:\\\/\\\/kibrisdakik.com\\\/?s={search_term_string}\"},\"query-input\":{\"@type\":\"PropertyValueSpecification\",\"valueRequired\":true,\"valueName\":\"search_term_string\"}}],\"inLanguage\":\"tr\"},{\"@type\":\"Person\",\"@id\":\"https:\\\/\\\/kibrisdakik.com\\\/#\\\/schema\\\/person\\\/9cd9d437bbb44f72b73ba127e06d8e79\",\"name\":\"admin\",\"image\":{\"@type\":\"ImageObject\",\"inLanguage\":\"tr\",\"@id\":\"https:\\\/\\\/secure.gravatar.com\\\/avatar\\\/ccc17943b9d660506c869530f897617f7cb1c21a4bf30023f252596d83e1f007?s=96&d=mm&r=g\",\"url\":\"https:\\\/\\\/secure.gravatar.com\\\/avatar\\\/ccc17943b9d660506c869530f897617f7cb1c21a4bf30023f252596d83e1f007?s=96&d=mm&r=g\",\"contentUrl\":\"https:\\\/\\\/secure.gravatar.com\\\/avatar\\\/ccc17943b9d660506c869530f897617f7cb1c21a4bf30023f252596d83e1f007?s=96&d=mm&r=g\",\"caption\":\"admin\"},\"sameAs\":[\"https:\\\/\\\/kibrisdakik.com\"],\"url\":\"https:\\\/\\\/kibrisdakik.com\\\/?author=1\"}]}<\/script>\n<!-- \/ Yoast SEO plugin. -->","yoast_head_json":{"title":"KKTC bayra\u011f\u0131 TDT\u2019de dalgalan\u0131yor -","robots":{"index":"index","follow":"follow","max-snippet":"max-snippet:-1","max-image-preview":"max-image-preview:large","max-video-preview":"max-video-preview:-1"},"canonical":"https:\/\/kibrisdakik.com\/?p=13803","og_locale":"tr_TR","og_type":"article","og_title":"KKTC bayra\u011f\u0131 TDT\u2019de dalgalan\u0131yor -","og_description":"T\u00fcrk Devletleri Te\u015fkilat\u0131 Ekonomi ve Ticaretten Sorumlu Bakanlar 12. Toplant\u0131s\u0131 \u0130stanbul\u2019da ger\u00e7ekle\u015ftirildi. Ekonomi ve Enerji Bakan\u0131 Olgun Amcao\u011flu\u2019nun da kat\u0131ld\u0131\u011f\u0131 Bakanlar Toplant\u0131s\u0131, T\u00fcrkiye Cumhuriyeti Ticaret Bakan\u0131 Prof. Dr. \u00d6mer Bolat\u2019\u0131n ev sahipli\u011finde d\u00fczenlendi. TDT \u00fcye \u00fclkeleri ve g\u00f6zlemcileri, toplant\u0131da bakan veya bakan yard\u0131mc\u0131s\u0131 seviyesinde temsil edildi. Toplant\u0131n\u0131n ger\u00e7ekle\u015fti\u011fi salonda ve aile foto\u011fraf\u0131 \u00e7ekimleri s\u0131ras\u0131nda KKTC","og_url":"https:\/\/kibrisdakik.com\/?p=13803","article_published_time":"2023-09-14T17:08:05+00:00","og_image":[{"width":1024,"height":768,"url":"https:\/\/kibrisdakik.com\/wp-content\/uploads\/2023\/09\/amcaoglu-4--740x420.jpeg","type":"image\/jpeg"}],"author":"admin","twitter_card":"summary_large_image","twitter_misc":{"Yazan:":"admin","Tahmini okuma s\u00fcresi":"2 dakika"},"schema":{"@context":"https:\/\/schema.org","@graph":[{"@type":"Article","@id":"https:\/\/kibrisdakik.com\/?p=13803#article","isPartOf":{"@id":"https:\/\/kibrisdakik.com\/?p=13803"},"author":{"name":"admin","@id":"https:\/\/kibrisdakik.com\/#\/schema\/person\/9cd9d437bbb44f72b73ba127e06d8e79"},"headline":"KKTC bayra\u011f\u0131 TDT\u2019de dalgalan\u0131yor","datePublished":"2023-09-14T17:08:05+00:00","mainEntityOfPage":{"@id":"https:\/\/kibrisdakik.com\/?p=13803"},"wordCount":453,"commentCount":0,"image":{"@id":"https:\/\/kibrisdakik.com\/?p=13803#primaryimage"},"thumbnailUrl":"https:\/\/kibrisdakik.com\/wp-content\/uploads\/2023\/09\/amcaoglu-4--740x420.jpeg","articleSection":["G\u00fcndem"],"inLanguage":"tr","potentialAction":[{"@type":"CommentAction","name":"Comment","target":["https:\/\/kibrisdakik.com\/?p=13803#respond"]}]},{"@type":"WebPage","@id":"https:\/\/kibrisdakik.com\/?p=13803","url":"https:\/\/kibrisdakik.com\/?p=13803","name":"KKTC bayra\u011f\u0131 TDT\u2019de dalgalan\u0131yor -","isPartOf":{"@id":"https:\/\/kibrisdakik.com\/#website"},"primaryImageOfPage":{"@id":"https:\/\/kibrisdakik.com\/?p=13803#primaryimage"},"image":{"@id":"https:\/\/kibrisdakik.com\/?p=13803#primaryimage"},"thumbnailUrl":"https:\/\/kibrisdakik.com\/wp-content\/uploads\/2023\/09\/amcaoglu-4--740x420.jpeg","datePublished":"2023-09-14T17:08:05+00:00","author":{"@id":"https:\/\/kibrisdakik.com\/#\/schema\/person\/9cd9d437bbb44f72b73ba127e06d8e79"},"breadcrumb":{"@id":"https:\/\/kibrisdakik.com\/?p=13803#breadcrumb"},"inLanguage":"tr","potentialAction":[{"@type":"ReadAction","target":["https:\/\/kibrisdakik.com\/?p=13803"]}]},{"@type":"ImageObject","inLanguage":"tr","@id":"https:\/\/kibrisdakik.com\/?p=13803#primaryimage","url":"https:\/\/kibrisdakik.com\/wp-content\/uploads\/2023\/09\/amcaoglu-4--740x420.jpeg","contentUrl":"https:\/\/kibrisdakik.com\/wp-content\/uploads\/2023\/09\/amcaoglu-4--740x420.jpeg","width":1024,"height":768},{"@type":"BreadcrumbList","@id":"https:\/\/kibrisdakik.com\/?p=13803#breadcrumb","itemListElement":[{"@type":"ListItem","position":1,"name":"Home","item":"https:\/\/kibrisdakik.com\/"},{"@type":"ListItem","position":2,"name":"KKTC bayra\u011f\u0131 TDT\u2019de dalgalan\u0131yor"}]},{"@type":"WebSite","@id":"https:\/\/kibrisdakik.com\/#website","url":"https:\/\/kibrisdakik.com\/","name":"","description":"Tam vaktinde haber","potentialAction":[{"@type":"SearchAction","target":{"@type":"EntryPoint","urlTemplate":"https:\/\/kibrisdakik.com\/?s={search_term_string}"},"query-input":{"@type":"PropertyValueSpecification","valueRequired":true,"valueName":"search_term_string"}}],"inLanguage":"tr"},{"@type":"Person","@id":"https:\/\/kibrisdakik.com\/#\/schema\/person\/9cd9d437bbb44f72b73ba127e06d8e79","name":"admin","image":{"@type":"ImageObject","inLanguage":"tr","@id":"https:\/\/secure.gravatar.com\/avatar\/ccc17943b9d660506c869530f897617f7cb1c21a4bf30023f252596d83e1f007?s=96&d=mm&r=g","url":"https:\/\/secure.gravatar.com\/avatar\/ccc17943b9d660506c869530f897617f7cb1c21a4bf30023f252596d83e1f007?s=96&d=mm&r=g","contentUrl":"https:\/\/secure.gravatar.com\/avatar\/ccc17943b9d660506c869530f897617f7cb1c21a4bf30023f252596d83e1f007?s=96&d=mm&r=g","caption":"admin"},"sameAs":["https:\/\/kibrisdakik.com"],"url":"https:\/\/kibrisdakik.com\/?author=1"}]}},"_links":{"self":[{"href":"https:\/\/kibrisdakik.com\/index.php?rest_route=\/wp\/v2\/posts\/13803","targetHints":{"allow":["GET"]}}],"collection":[{"href":"https:\/\/kibrisdakik.com\/index.php?rest_route=\/wp\/v2\/posts"}],"about":[{"href":"https:\/\/kibrisdakik.com\/index.php?rest_route=\/wp\/v2\/types\/post"}],"author":[{"embeddable":true,"href":"https:\/\/kibrisdakik.com\/index.php?rest_route=\/wp\/v2\/users\/1"}],"replies":[{"embeddable":true,"href":"https:\/\/kibrisdakik.com\/index.php?rest_route=%2Fwp%2Fv2%2Fcomments&post=13803"}],"version-history":[{"count":0,"href":"https:\/\/kibrisdakik.com\/index.php?rest_route=\/wp\/v2\/posts\/13803\/revisions"}],"wp:featuredmedia":[{"embeddable":true,"href":"https:\/\/kibrisdakik.com\/index.php?rest_route=\/wp\/v2\/media\/13804"}],"wp:attachment":[{"href":"https:\/\/kibrisdakik.com\/index.php?rest_route=%2Fwp%2Fv2%2Fmedia&parent=13803"}],"wp:term":[{"taxonomy":"category","embeddable":true,"href":"https:\/\/kibrisdakik.com\/index.php?rest_route=%2Fwp%2Fv2%2Fcategories&post=13803"},{"taxonomy":"post_tag","embeddable":true,"href":"https:\/\/kibrisdakik.com\/index.php?rest_route=%2Fwp%2Fv2%2Ftags&post=13803"}],"curies":[{"name":"wp","href":"https:\/\/api.w.org\/{rel}","templated":true}]}}