{"id":13829,"date":"2023-09-15T05:51:34","date_gmt":"2023-09-15T05:51:34","guid":{"rendered":"https:\/\/kibrisdakik.com\/index.php\/2023\/09\/15\/meclis-baskani-tore-yozgatta-temaslarda-bulunuyor\/"},"modified":"2023-09-15T05:51:34","modified_gmt":"2023-09-15T05:51:34","slug":"meclis-baskani-tore-yozgatta-temaslarda-bulunuyor","status":"publish","type":"post","link":"https:\/\/kibrisdakik.com\/?p=13829","title":{"rendered":"Meclis Ba\u015fkan\u0131 T\u00f6re, Yozgat\u2019ta temaslarda bulunuyor"},"content":{"rendered":"<p><\/p>\n<div>\n<div class=\"mariselle-image-container center\">\n                <img width=\"1800\" height=\"1200\" class=\"lazy-image\" alt=\"\" decoding=\"async\" loading=\"lazy\" sizes=\"auto, (max-width: 1800px) 100vw, 1800px\" src=\"https:\/\/brtk.net\/wp-content\/uploads\/2023\/09\/14\/tore-yozgat-belediyesi-1-.jpg?ver=9f694335aceb35071e3e56e710faf57d\" srcset=\"https:\/\/brtk.net\/wp-content\/uploads\/2023\/09\/14\/tore-yozgat-belediyesi-1-.jpg?ver=9f694335aceb35071e3e56e710faf57d 1800w, https:\/\/brtk.net\/wp-content\/uploads\/2023\/09\/14\/tore-yozgat-belediyesi-1--300x200.jpg?ver=9f694335aceb35071e3e56e710faf57d 300w, https:\/\/brtk.net\/wp-content\/uploads\/2023\/09\/14\/tore-yozgat-belediyesi-1--1024x683.jpg?ver=982569297c9641cda8f11e8b0fef755e 1024w, https:\/\/brtk.net\/wp-content\/uploads\/2023\/09\/14\/tore-yozgat-belediyesi-1--768x512.jpg?ver=982569297c9641cda8f11e8b0fef755e 768w, https:\/\/brtk.net\/wp-content\/uploads\/2023\/09\/14\/tore-yozgat-belediyesi-1--1536x1024.jpg?ver=982569297c9641cda8f11e8b0fef755e 1536w\"\/>                            <\/div>\n<p>Cumhuriyet Meclisi Ba\u015fkan\u0131 Zorlu T\u00f6re, temaslarda bulunmak amac\u0131yla gitti\u011fi T\u00fcrkiye\u2019de Ankara\u2019dan Yozgat\u2019a ge\u00e7erek ziyaretler ger\u00e7ekle\u015ftirdi.<\/p>\n<p>Ba\u015fkan T\u00f6re ilk ziyaretini Yozgat Valili\u011fi\u2019ne yaparak Vali Mehmet Ali \u00d6zkan\u2019la bir araya geldi.<\/p>\n<p>T\u00f6re, ziyarette gazetecilere yapt\u0131\u011f\u0131 a\u00e7\u0131klamada, K\u0131br\u0131s Adas\u0131n\u0131n Do\u011fu Akdeniz b\u00f6lgesinde T\u00fcrk Milleti i\u00e7in \u00e7ok \u00f6nemli oldu\u011funu s\u00f6yledi.<\/p>\n<p>Do\u011fu Akdeniz\u2019de K\u0131br\u0131s davas\u0131n\u0131n \u00e7ok ileri boyutlarda savunuldu\u011funu anlatan T\u00f6re, \u201cMilli davan\u0131n gere\u011fi olarak da biz orada <a href=\"https:\/\/brtk.net\/\"\/><a href=\"https:\/\/brtk.net\/\"\/><a href=\"https:\/\/brtk.net\/\"\/><a href=\"https:\/\/brtk.net\/\">KKTC<\/a> devletini ilan ettik ve bu devlete \u2018Ne Mutlu T\u00fcrk\u2019\u00fcm\u2019 diyen herkesin sahip \u00e7\u0131kmas\u0131 laz\u0131m ve y\u00fcre\u011finde \u2018Ne mutlu T\u00fcrk\u2019\u00fcm diyene\u2019 ifadesini ta\u015f\u0131yan insanlar\u0131n <a href=\"https:\/\/brtk.net\/\"\/><a href=\"https:\/\/brtk.net\/\"\/><a href=\"https:\/\/brtk.net\/\"\/><a href=\"https:\/\/brtk.net\/\">KKTC<\/a>\u2018yi ziyaret etmesini bekliyoruz. Milli davam\u0131z da K\u0131br\u0131s\u2019ta ileri boyutlarda hem Cumhurba\u015fkan\u0131m\u0131z taraf\u0131ndan hem ana vatan T\u00fcrkiye\u2019nin Cumhurba\u015fkan\u0131, h\u00fck\u00fcmetimiz taraf\u0131ndan ciddi bir \u015fekilde desteklenmektedir. Davam\u0131z birdir, \u00fclk\u00fcm\u00fcz birdir. \u0130n\u015fallah T\u00fcrkiye \u00e7ok daha g\u00fc\u00e7l\u00fc olacak.\u201d \u015feklinde konu\u015ftu.<\/p>\n<div class=\"mariselle-image-container center\">\n                <img width=\"1800\" height=\"1200\" class=\"lazy-image\" alt=\"\" decoding=\"async\" loading=\"lazy\" sizes=\"auto, (max-width: 1800px) 100vw, 1800px\" src=\"https:\/\/brtk.net\/wp-content\/uploads\/2023\/09\/14\/tore-yozgat-belediyesi-2-.jpg?ver=3d96c6a36cc3f59f3847ae36859ecc25\" srcset=\"https:\/\/brtk.net\/wp-content\/uploads\/2023\/09\/14\/tore-yozgat-belediyesi-2-.jpg?ver=3d96c6a36cc3f59f3847ae36859ecc25 1800w, https:\/\/brtk.net\/wp-content\/uploads\/2023\/09\/14\/tore-yozgat-belediyesi-2--300x200.jpg?ver=601e54d044741369e76b053ca9791472 300w, https:\/\/brtk.net\/wp-content\/uploads\/2023\/09\/14\/tore-yozgat-belediyesi-2--1024x683.jpg?ver=601e54d044741369e76b053ca9791472 1024w, https:\/\/brtk.net\/wp-content\/uploads\/2023\/09\/14\/tore-yozgat-belediyesi-2--768x512.jpg?ver=601e54d044741369e76b053ca9791472 768w, https:\/\/brtk.net\/wp-content\/uploads\/2023\/09\/14\/tore-yozgat-belediyesi-2--1536x1024.jpg?ver=c562724c00899b744dccea0ddb913784 1536w\"\/>                            <\/div>\n<p>T\u00f6re, K\u0131br\u0131s\u2019taki milli davay\u0131 canlar\u0131yla kanlar\u0131yla buralara getirdiklerini vurgulayarak, \u015funlar\u0131 kaydetti:<\/p>\n<p>\u201c96 y\u0131l Mehmet\u00e7i\u011fin K\u0131br\u0131s\u2019a \u00e7\u0131kmas\u0131n\u0131 bekledik. 1878\u2019den 96 y\u0131l sonra T\u00fcrkiye adaya yeniden Mehmet\u00e7iklerini g\u00f6nderdi. T\u00fcrk ordusu adaya geldi. 20 Temmuz sabah\u0131 \u015fafak vakti geldiler. Art\u0131k adadan ayr\u0131lmayacaklar. B\u00fct\u00fcn d\u00fcnya T\u00fcrk ordusunun Adadan \u00e7\u0131kmas\u0131 i\u00e7in u\u011fra\u015f\u0131yor. Ama T\u00fcrk ordusu art\u0131k Adada ev sahibidir. Garanti ve \u0130ttifak Anla\u015fmalar\u0131 \u00e7er\u00e7evesinde T\u00fcrk ordusu Adadad\u0131r. <a href=\"https:\/\/brtk.net\/\"\/><a href=\"https:\/\/brtk.net\/\"\/><a href=\"https:\/\/brtk.net\/\"\/><a href=\"https:\/\/brtk.net\/\">KKTC<\/a> de bizim milli devletimizdir, bu devletimizden vazge\u00e7memiz art\u0131k s\u00f6z konusu de\u011fildir. Dolay\u0131s\u0131yla hem devletimize hem ordumuza sahip \u00e7\u0131karak ve denizlerde de haklar\u0131m\u0131z\u0131 koruyarak K\u0131br\u0131s Adas\u0131nda da haklar\u0131m\u0131z\u0131 koruyarak yola devam edece\u011fiz. B\u00fct\u00fcn d\u00fcnya u\u011fra\u015fs\u0131n, dursun. Bizim i\u00e7in anavatan T\u00fcrkiye\u2019dir. Ne BM G\u00fcvenlik Konseyi\u2019dir ne Avrupa Birli\u011fi\u2019dir. En b\u00fcy\u00fck T\u00fcrkiye\u2019dir ve T\u00fcrk d\u00fcnyas\u0131n\u0131n birlikteli\u011fidir, beraberli\u011fidir. Yola devam edece\u011fiz. Nerelerden ge\u00e7tik, nerelere geldik, bundan sonras\u0131 daha kolayd\u0131r diye inan\u0131yorum.\u201d<\/p>\n<p>Yozgat Valisi \u00d6zkan da T\u00f6re\u2019yi misafir etmekten mutluluk duydu\u011funu belirterek, \u201c<a href=\"https:\/\/brtk.net\/\"\/><a href=\"https:\/\/brtk.net\/\"\/><a href=\"https:\/\/brtk.net\/\"\/><a href=\"https:\/\/brtk.net\/\">KKTC<\/a> bizlerin bir par\u00e7as\u0131, kalbi, bizlerin bir yan\u0131d\u0131r. <a href=\"https:\/\/brtk.net\/\"\/><a href=\"https:\/\/brtk.net\/\"\/><a href=\"https:\/\/brtk.net\/\"\/><a href=\"https:\/\/brtk.net\/\">KKTC<\/a>\u2018nin bug\u00fcnlerinde eme\u011fi olanlara te\u015fekk\u00fcr ediyorum.\u201d ifadesini kulland\u0131.<\/p>\n<div class=\"mariselle-image-container center\">\n                <img width=\"1800\" height=\"1200\" class=\"lazy-image\" alt=\"\" decoding=\"async\" loading=\"lazy\" sizes=\"auto, (max-width: 1800px) 100vw, 1800px\" src=\"https:\/\/brtk.net\/wp-content\/uploads\/2023\/09\/14\/tore-yozgat-sehitligi-1-.jpg?ver=decb16cf6f3c3347c1d314cca227cd18\" srcset=\"https:\/\/brtk.net\/wp-content\/uploads\/2023\/09\/14\/tore-yozgat-sehitligi-1-.jpg?ver=decb16cf6f3c3347c1d314cca227cd18 1800w, https:\/\/brtk.net\/wp-content\/uploads\/2023\/09\/14\/tore-yozgat-sehitligi-1--300x200.jpg?ver=b2c73db420347b84a1a4f6993f5189d4 300w, https:\/\/brtk.net\/wp-content\/uploads\/2023\/09\/14\/tore-yozgat-sehitligi-1--1024x683.jpg?ver=b2c73db420347b84a1a4f6993f5189d4 1024w, https:\/\/brtk.net\/wp-content\/uploads\/2023\/09\/14\/tore-yozgat-sehitligi-1--768x512.jpg?ver=b2c73db420347b84a1a4f6993f5189d4 768w, https:\/\/brtk.net\/wp-content\/uploads\/2023\/09\/14\/tore-yozgat-sehitligi-1--1536x1024.jpg?ver=ae632c2ef4cf18cc12b6a860debbcf71 1536w\"\/>                            <\/div>\n<p>Zorlu T\u00f6re, Valilik ziyaretinin ard\u0131ndan Yozgat Belediyesi\u2019ne ge\u00e7erek Belediye Ba\u015fkan\u0131 Celal K\u00f6se ile g\u00f6r\u00fc\u015ft\u00fc.<\/p>\n<p>T\u00f6re, Yozgat temaslar\u0131 \u00e7er\u00e7evesinde Yozgat \u015eehitli\u011fi\u2019ni de ziyaret etti. T\u00f6re burada, \u015fehit kabirlerine \u00e7i\u00e7ek b\u0131rakarak dua okudu.<\/p>\n<p>Zorlu T\u00f6re, bir di\u011fer ziyaretini Yozgat Bozok \u00dcniversitesi\u2019ne yapt\u0131. Burada \u00dcniversite Rekt\u00f6r\u00fc Prof. Dr. Evren Ya\u015far ve yetkililer taraf\u0131ndan kar\u015f\u0131lanan T\u00f6re, \u00fcniversitenin \u00e7al\u0131\u015fmalar\u0131 hakk\u0131nda bilgiler ald\u0131.<\/p>\n<p>T\u00f6re, Yozgat\u2019tan yay\u0131n yapan \u201c\u00c7aml\u0131k TV\u201d canl\u0131 yay\u0131n\u0131na da kat\u0131ld\u0131.<\/p>\n<p>T\u00f6re\u2019nin yeniden Ankara\u2019ya d\u00f6nmesi ve yar\u0131n Kalecik il\u00e7esinde temaslar\u0131na devam etmesi bekleniyor.<\/p>\n<\/p><\/div>\n","protected":false},"excerpt":{"rendered":"<p>Cumhuriyet Meclisi Ba\u015fkan\u0131 Zorlu T\u00f6re, temaslarda bulunmak amac\u0131yla gitti\u011fi T\u00fcrkiye\u2019de Ankara\u2019dan Yozgat\u2019a ge\u00e7erek ziyaretler ger\u00e7ekle\u015ftirdi. Ba\u015fkan T\u00f6re ilk ziyaretini Yozgat Valili\u011fi\u2019ne yaparak Vali Mehmet Ali \u00d6zkan\u2019la bir araya geldi. T\u00f6re, ziyarette gazetecilere yapt\u0131\u011f\u0131 a\u00e7\u0131klamada, K\u0131br\u0131s Adas\u0131n\u0131n Do\u011fu Akdeniz b\u00f6lgesinde T\u00fcrk Milleti i\u00e7in \u00e7ok \u00f6nemli oldu\u011funu s\u00f6yledi. Do\u011fu Akdeniz\u2019de K\u0131br\u0131s davas\u0131n\u0131n \u00e7ok ileri boyutlarda savunuldu\u011funu anlatan<\/p>\n","protected":false},"author":1,"featured_media":13808,"comment_status":"open","ping_status":"open","sticky":false,"template":"","format":"standard","meta":{"footnotes":""},"categories":[86],"tags":[],"class_list":["post-13829","post","type-post","status-publish","format-standard","has-post-thumbnail","hentry","category-turkiye"],"yoast_head":"<!-- This site is optimized with the Yoast SEO plugin v27.4 - https:\/\/yoast.com\/product\/yoast-seo-wordpress\/ -->\n<title>Meclis Ba\u015fkan\u0131 T\u00f6re, Yozgat\u2019ta temaslarda bulunuyor -<\/title>\n<meta name=\"robots\" content=\"index, follow, max-snippet:-1, max-image-preview:large, max-video-preview:-1\" \/>\n<link rel=\"canonical\" href=\"https:\/\/kibrisdakik.com\/?p=13829\" \/>\n<meta property=\"og:locale\" content=\"tr_TR\" \/>\n<meta property=\"og:type\" content=\"article\" \/>\n<meta property=\"og:title\" content=\"Meclis Ba\u015fkan\u0131 T\u00f6re, Yozgat\u2019ta temaslarda bulunuyor -\" \/>\n<meta property=\"og:description\" content=\"Cumhuriyet Meclisi Ba\u015fkan\u0131 Zorlu T\u00f6re, temaslarda bulunmak amac\u0131yla gitti\u011fi T\u00fcrkiye\u2019de Ankara\u2019dan Yozgat\u2019a ge\u00e7erek ziyaretler ger\u00e7ekle\u015ftirdi. Ba\u015fkan T\u00f6re ilk ziyaretini Yozgat Valili\u011fi\u2019ne yaparak Vali Mehmet Ali \u00d6zkan\u2019la bir araya geldi. T\u00f6re, ziyarette gazetecilere yapt\u0131\u011f\u0131 a\u00e7\u0131klamada, K\u0131br\u0131s Adas\u0131n\u0131n Do\u011fu Akdeniz b\u00f6lgesinde T\u00fcrk Milleti i\u00e7in \u00e7ok \u00f6nemli oldu\u011funu s\u00f6yledi. Do\u011fu Akdeniz\u2019de K\u0131br\u0131s davas\u0131n\u0131n \u00e7ok ileri boyutlarda savunuldu\u011funu anlatan\" \/>\n<meta property=\"og:url\" content=\"https:\/\/kibrisdakik.com\/?p=13829\" \/>\n<meta property=\"article:published_time\" content=\"2023-09-15T05:51:34+00:00\" \/>\n<meta property=\"og:image\" content=\"https:\/\/kibrisdakik.com\/wp-content\/uploads\/2023\/09\/tore-yozgat-valiligi-2-scaled-740x420.jpg\" \/>\n\t<meta property=\"og:image:width\" content=\"2560\" \/>\n\t<meta property=\"og:image:height\" content=\"1707\" \/>\n\t<meta property=\"og:image:type\" content=\"image\/jpeg\" \/>\n<meta name=\"author\" content=\"admin\" \/>\n<meta name=\"twitter:card\" content=\"summary_large_image\" \/>\n<meta name=\"twitter:label1\" content=\"Yazan:\" \/>\n\t<meta name=\"twitter:data1\" content=\"admin\" \/>\n\t<meta name=\"twitter:label2\" content=\"Tahmini okuma s\u00fcresi\" \/>\n\t<meta name=\"twitter:data2\" content=\"3 dakika\" \/>\n<script type=\"application\/ld+json\" class=\"yoast-schema-graph\">{\"@context\":\"https:\\\/\\\/schema.org\",\"@graph\":[{\"@type\":\"Article\",\"@id\":\"https:\\\/\\\/kibrisdakik.com\\\/?p=13829#article\",\"isPartOf\":{\"@id\":\"https:\\\/\\\/kibrisdakik.com\\\/?p=13829\"},\"author\":{\"name\":\"admin\",\"@id\":\"https:\\\/\\\/kibrisdakik.com\\\/#\\\/schema\\\/person\\\/9cd9d437bbb44f72b73ba127e06d8e79\"},\"headline\":\"Meclis Ba\u015fkan\u0131 T\u00f6re, Yozgat\u2019ta temaslarda bulunuyor\",\"datePublished\":\"2023-09-15T05:51:34+00:00\",\"mainEntityOfPage\":{\"@id\":\"https:\\\/\\\/kibrisdakik.com\\\/?p=13829\"},\"wordCount\":557,\"commentCount\":0,\"image\":{\"@id\":\"https:\\\/\\\/kibrisdakik.com\\\/?p=13829#primaryimage\"},\"thumbnailUrl\":\"https:\\\/\\\/kibrisdakik.com\\\/wp-content\\\/uploads\\\/2023\\\/09\\\/tore-yozgat-valiligi-2-scaled-740x420.jpg\",\"articleSection\":[\"T\u00fcrkiye\"],\"inLanguage\":\"tr\",\"potentialAction\":[{\"@type\":\"CommentAction\",\"name\":\"Comment\",\"target\":[\"https:\\\/\\\/kibrisdakik.com\\\/?p=13829#respond\"]}]},{\"@type\":\"WebPage\",\"@id\":\"https:\\\/\\\/kibrisdakik.com\\\/?p=13829\",\"url\":\"https:\\\/\\\/kibrisdakik.com\\\/?p=13829\",\"name\":\"Meclis Ba\u015fkan\u0131 T\u00f6re, Yozgat\u2019ta temaslarda bulunuyor -\",\"isPartOf\":{\"@id\":\"https:\\\/\\\/kibrisdakik.com\\\/#website\"},\"primaryImageOfPage\":{\"@id\":\"https:\\\/\\\/kibrisdakik.com\\\/?p=13829#primaryimage\"},\"image\":{\"@id\":\"https:\\\/\\\/kibrisdakik.com\\\/?p=13829#primaryimage\"},\"thumbnailUrl\":\"https:\\\/\\\/kibrisdakik.com\\\/wp-content\\\/uploads\\\/2023\\\/09\\\/tore-yozgat-valiligi-2-scaled-740x420.jpg\",\"datePublished\":\"2023-09-15T05:51:34+00:00\",\"author\":{\"@id\":\"https:\\\/\\\/kibrisdakik.com\\\/#\\\/schema\\\/person\\\/9cd9d437bbb44f72b73ba127e06d8e79\"},\"breadcrumb\":{\"@id\":\"https:\\\/\\\/kibrisdakik.com\\\/?p=13829#breadcrumb\"},\"inLanguage\":\"tr\",\"potentialAction\":[{\"@type\":\"ReadAction\",\"target\":[\"https:\\\/\\\/kibrisdakik.com\\\/?p=13829\"]}]},{\"@type\":\"ImageObject\",\"inLanguage\":\"tr\",\"@id\":\"https:\\\/\\\/kibrisdakik.com\\\/?p=13829#primaryimage\",\"url\":\"https:\\\/\\\/kibrisdakik.com\\\/wp-content\\\/uploads\\\/2023\\\/09\\\/tore-yozgat-valiligi-2-scaled-740x420.jpg\",\"contentUrl\":\"https:\\\/\\\/kibrisdakik.com\\\/wp-content\\\/uploads\\\/2023\\\/09\\\/tore-yozgat-valiligi-2-scaled-740x420.jpg\",\"width\":2560,\"height\":1707},{\"@type\":\"BreadcrumbList\",\"@id\":\"https:\\\/\\\/kibrisdakik.com\\\/?p=13829#breadcrumb\",\"itemListElement\":[{\"@type\":\"ListItem\",\"position\":1,\"name\":\"Home\",\"item\":\"https:\\\/\\\/kibrisdakik.com\\\/\"},{\"@type\":\"ListItem\",\"position\":2,\"name\":\"Meclis Ba\u015fkan\u0131 T\u00f6re, Yozgat\u2019ta temaslarda bulunuyor\"}]},{\"@type\":\"WebSite\",\"@id\":\"https:\\\/\\\/kibrisdakik.com\\\/#website\",\"url\":\"https:\\\/\\\/kibrisdakik.com\\\/\",\"name\":\"\",\"description\":\"Tam vaktinde haber\",\"potentialAction\":[{\"@type\":\"SearchAction\",\"target\":{\"@type\":\"EntryPoint\",\"urlTemplate\":\"https:\\\/\\\/kibrisdakik.com\\\/?s={search_term_string}\"},\"query-input\":{\"@type\":\"PropertyValueSpecification\",\"valueRequired\":true,\"valueName\":\"search_term_string\"}}],\"inLanguage\":\"tr\"},{\"@type\":\"Person\",\"@id\":\"https:\\\/\\\/kibrisdakik.com\\\/#\\\/schema\\\/person\\\/9cd9d437bbb44f72b73ba127e06d8e79\",\"name\":\"admin\",\"image\":{\"@type\":\"ImageObject\",\"inLanguage\":\"tr\",\"@id\":\"https:\\\/\\\/secure.gravatar.com\\\/avatar\\\/ccc17943b9d660506c869530f897617f7cb1c21a4bf30023f252596d83e1f007?s=96&d=mm&r=g\",\"url\":\"https:\\\/\\\/secure.gravatar.com\\\/avatar\\\/ccc17943b9d660506c869530f897617f7cb1c21a4bf30023f252596d83e1f007?s=96&d=mm&r=g\",\"contentUrl\":\"https:\\\/\\\/secure.gravatar.com\\\/avatar\\\/ccc17943b9d660506c869530f897617f7cb1c21a4bf30023f252596d83e1f007?s=96&d=mm&r=g\",\"caption\":\"admin\"},\"sameAs\":[\"https:\\\/\\\/kibrisdakik.com\"],\"url\":\"https:\\\/\\\/kibrisdakik.com\\\/?author=1\"}]}<\/script>\n<!-- \/ Yoast SEO plugin. -->","yoast_head_json":{"title":"Meclis Ba\u015fkan\u0131 T\u00f6re, Yozgat\u2019ta temaslarda bulunuyor -","robots":{"index":"index","follow":"follow","max-snippet":"max-snippet:-1","max-image-preview":"max-image-preview:large","max-video-preview":"max-video-preview:-1"},"canonical":"https:\/\/kibrisdakik.com\/?p=13829","og_locale":"tr_TR","og_type":"article","og_title":"Meclis Ba\u015fkan\u0131 T\u00f6re, Yozgat\u2019ta temaslarda bulunuyor -","og_description":"Cumhuriyet Meclisi Ba\u015fkan\u0131 Zorlu T\u00f6re, temaslarda bulunmak amac\u0131yla gitti\u011fi T\u00fcrkiye\u2019de Ankara\u2019dan Yozgat\u2019a ge\u00e7erek ziyaretler ger\u00e7ekle\u015ftirdi. Ba\u015fkan T\u00f6re ilk ziyaretini Yozgat Valili\u011fi\u2019ne yaparak Vali Mehmet Ali \u00d6zkan\u2019la bir araya geldi. T\u00f6re, ziyarette gazetecilere yapt\u0131\u011f\u0131 a\u00e7\u0131klamada, K\u0131br\u0131s Adas\u0131n\u0131n Do\u011fu Akdeniz b\u00f6lgesinde T\u00fcrk Milleti i\u00e7in \u00e7ok \u00f6nemli oldu\u011funu s\u00f6yledi. Do\u011fu Akdeniz\u2019de K\u0131br\u0131s davas\u0131n\u0131n \u00e7ok ileri boyutlarda savunuldu\u011funu anlatan","og_url":"https:\/\/kibrisdakik.com\/?p=13829","article_published_time":"2023-09-15T05:51:34+00:00","og_image":[{"width":2560,"height":1707,"url":"https:\/\/kibrisdakik.com\/wp-content\/uploads\/2023\/09\/tore-yozgat-valiligi-2-scaled-740x420.jpg","type":"image\/jpeg"}],"author":"admin","twitter_card":"summary_large_image","twitter_misc":{"Yazan:":"admin","Tahmini okuma s\u00fcresi":"3 dakika"},"schema":{"@context":"https:\/\/schema.org","@graph":[{"@type":"Article","@id":"https:\/\/kibrisdakik.com\/?p=13829#article","isPartOf":{"@id":"https:\/\/kibrisdakik.com\/?p=13829"},"author":{"name":"admin","@id":"https:\/\/kibrisdakik.com\/#\/schema\/person\/9cd9d437bbb44f72b73ba127e06d8e79"},"headline":"Meclis Ba\u015fkan\u0131 T\u00f6re, Yozgat\u2019ta temaslarda bulunuyor","datePublished":"2023-09-15T05:51:34+00:00","mainEntityOfPage":{"@id":"https:\/\/kibrisdakik.com\/?p=13829"},"wordCount":557,"commentCount":0,"image":{"@id":"https:\/\/kibrisdakik.com\/?p=13829#primaryimage"},"thumbnailUrl":"https:\/\/kibrisdakik.com\/wp-content\/uploads\/2023\/09\/tore-yozgat-valiligi-2-scaled-740x420.jpg","articleSection":["T\u00fcrkiye"],"inLanguage":"tr","potentialAction":[{"@type":"CommentAction","name":"Comment","target":["https:\/\/kibrisdakik.com\/?p=13829#respond"]}]},{"@type":"WebPage","@id":"https:\/\/kibrisdakik.com\/?p=13829","url":"https:\/\/kibrisdakik.com\/?p=13829","name":"Meclis Ba\u015fkan\u0131 T\u00f6re, Yozgat\u2019ta temaslarda bulunuyor -","isPartOf":{"@id":"https:\/\/kibrisdakik.com\/#website"},"primaryImageOfPage":{"@id":"https:\/\/kibrisdakik.com\/?p=13829#primaryimage"},"image":{"@id":"https:\/\/kibrisdakik.com\/?p=13829#primaryimage"},"thumbnailUrl":"https:\/\/kibrisdakik.com\/wp-content\/uploads\/2023\/09\/tore-yozgat-valiligi-2-scaled-740x420.jpg","datePublished":"2023-09-15T05:51:34+00:00","author":{"@id":"https:\/\/kibrisdakik.com\/#\/schema\/person\/9cd9d437bbb44f72b73ba127e06d8e79"},"breadcrumb":{"@id":"https:\/\/kibrisdakik.com\/?p=13829#breadcrumb"},"inLanguage":"tr","potentialAction":[{"@type":"ReadAction","target":["https:\/\/kibrisdakik.com\/?p=13829"]}]},{"@type":"ImageObject","inLanguage":"tr","@id":"https:\/\/kibrisdakik.com\/?p=13829#primaryimage","url":"https:\/\/kibrisdakik.com\/wp-content\/uploads\/2023\/09\/tore-yozgat-valiligi-2-scaled-740x420.jpg","contentUrl":"https:\/\/kibrisdakik.com\/wp-content\/uploads\/2023\/09\/tore-yozgat-valiligi-2-scaled-740x420.jpg","width":2560,"height":1707},{"@type":"BreadcrumbList","@id":"https:\/\/kibrisdakik.com\/?p=13829#breadcrumb","itemListElement":[{"@type":"ListItem","position":1,"name":"Home","item":"https:\/\/kibrisdakik.com\/"},{"@type":"ListItem","position":2,"name":"Meclis Ba\u015fkan\u0131 T\u00f6re, Yozgat\u2019ta temaslarda bulunuyor"}]},{"@type":"WebSite","@id":"https:\/\/kibrisdakik.com\/#website","url":"https:\/\/kibrisdakik.com\/","name":"","description":"Tam vaktinde haber","potentialAction":[{"@type":"SearchAction","target":{"@type":"EntryPoint","urlTemplate":"https:\/\/kibrisdakik.com\/?s={search_term_string}"},"query-input":{"@type":"PropertyValueSpecification","valueRequired":true,"valueName":"search_term_string"}}],"inLanguage":"tr"},{"@type":"Person","@id":"https:\/\/kibrisdakik.com\/#\/schema\/person\/9cd9d437bbb44f72b73ba127e06d8e79","name":"admin","image":{"@type":"ImageObject","inLanguage":"tr","@id":"https:\/\/secure.gravatar.com\/avatar\/ccc17943b9d660506c869530f897617f7cb1c21a4bf30023f252596d83e1f007?s=96&d=mm&r=g","url":"https:\/\/secure.gravatar.com\/avatar\/ccc17943b9d660506c869530f897617f7cb1c21a4bf30023f252596d83e1f007?s=96&d=mm&r=g","contentUrl":"https:\/\/secure.gravatar.com\/avatar\/ccc17943b9d660506c869530f897617f7cb1c21a4bf30023f252596d83e1f007?s=96&d=mm&r=g","caption":"admin"},"sameAs":["https:\/\/kibrisdakik.com"],"url":"https:\/\/kibrisdakik.com\/?author=1"}]}},"_links":{"self":[{"href":"https:\/\/kibrisdakik.com\/index.php?rest_route=\/wp\/v2\/posts\/13829","targetHints":{"allow":["GET"]}}],"collection":[{"href":"https:\/\/kibrisdakik.com\/index.php?rest_route=\/wp\/v2\/posts"}],"about":[{"href":"https:\/\/kibrisdakik.com\/index.php?rest_route=\/wp\/v2\/types\/post"}],"author":[{"embeddable":true,"href":"https:\/\/kibrisdakik.com\/index.php?rest_route=\/wp\/v2\/users\/1"}],"replies":[{"embeddable":true,"href":"https:\/\/kibrisdakik.com\/index.php?rest_route=%2Fwp%2Fv2%2Fcomments&post=13829"}],"version-history":[{"count":0,"href":"https:\/\/kibrisdakik.com\/index.php?rest_route=\/wp\/v2\/posts\/13829\/revisions"}],"wp:featuredmedia":[{"embeddable":true,"href":"https:\/\/kibrisdakik.com\/index.php?rest_route=\/wp\/v2\/media\/13808"}],"wp:attachment":[{"href":"https:\/\/kibrisdakik.com\/index.php?rest_route=%2Fwp%2Fv2%2Fmedia&parent=13829"}],"wp:term":[{"taxonomy":"category","embeddable":true,"href":"https:\/\/kibrisdakik.com\/index.php?rest_route=%2Fwp%2Fv2%2Fcategories&post=13829"},{"taxonomy":"post_tag","embeddable":true,"href":"https:\/\/kibrisdakik.com\/index.php?rest_route=%2Fwp%2Fv2%2Ftags&post=13829"}],"curies":[{"name":"wp","href":"https:\/\/api.w.org\/{rel}","templated":true}]}}