{"id":13834,"date":"2023-09-15T07:29:16","date_gmt":"2023-09-15T07:29:16","guid":{"rendered":"https:\/\/kibrisdakik.com\/index.php\/2023\/09\/15\/ercan-hoskara-yapilardaki-enerji-verimligi-ve-iklim-krizi-uzerine-konusacak\/"},"modified":"2023-09-15T07:29:16","modified_gmt":"2023-09-15T07:29:16","slug":"ercan-hoskara-yapilardaki-enerji-verimligi-ve-iklim-krizi-uzerine-konusacak","status":"publish","type":"post","link":"https:\/\/kibrisdakik.com\/?p=13834","title":{"rendered":"Ercan Ho\u015fkara, yap\u0131lardaki enerji verimli\u011fi ve iklim krizi \u00fczerine konu\u015facak"},"content":{"rendered":"<p><\/p>\n<div>\n<p>\u00a0<\/p>\n<p>\u00a0<\/p>\n<div class=\"mariselle-image-container center\">\n                <img width=\"1600\" height=\"900\" class=\"lazy-image\" alt=\"\" decoding=\"async\" loading=\"lazy\" sizes=\"auto, (max-width: 1600px) 100vw, 1600px\" src=\"https:\/\/brtk.net\/wp-content\/uploads\/2023\/09\/15\/evvvvvvvvvvvvvvvvvvvvvvvv.png?ver=875a20868283c9a3ff869568bf57772a\" srcset=\"https:\/\/brtk.net\/wp-content\/uploads\/2023\/09\/15\/evvvvvvvvvvvvvvvvvvvvvvvv.png?ver=875a20868283c9a3ff869568bf57772a 1600w, https:\/\/brtk.net\/wp-content\/uploads\/2023\/09\/15\/evvvvvvvvvvvvvvvvvvvvvvvv-300x169.png?ver=5b385fcf5291844aa6444efa6c8a2741 300w, https:\/\/brtk.net\/wp-content\/uploads\/2023\/09\/15\/evvvvvvvvvvvvvvvvvvvvvvvv-1024x576.png?ver=60528540d575ae93f0826541447919c1 1024w, https:\/\/brtk.net\/wp-content\/uploads\/2023\/09\/15\/evvvvvvvvvvvvvvvvvvvvvvvv-768x432.png?ver=d28cff83ee909e50b455c2456a12a0f4 768w, https:\/\/brtk.net\/wp-content\/uploads\/2023\/09\/15\/evvvvvvvvvvvvvvvvvvvvvvvv-1536x864.png?ver=b4601444944da0056f38d44f3ca25b3d 1536w\"\/>                            <\/div>\n<p style=\"font-weight: 300;\"><span style=\"font-weight: 300 !important;\">\u00a0Yap\u0131lardaki enerji verimlili\u011finin iklim krizini \u00f6nlemedeki rol\u00fc yar\u0131n Kocareis\u2019te d\u00fczenlenecek seminerde ele al\u0131nacak.<\/span><\/p>\n<p style=\"font-weight: 300;\"><span style=\"font-weight: 300 !important;\">Her Daim Dostlar\u2019\u0131n ev sahipli\u011finde ger\u00e7ekle\u015fecek seminer, Do\u00e7. Dr. Ercan Ho\u015fkara taraf\u0131ndan Kocareis k\u00fct\u00fcphanesinde 07.15 ile 08.15 saatleri aras\u0131nda verilecek.<\/span><\/p>\n<\/p><\/div>\n","protected":false},"excerpt":{"rendered":"<p>\u00a0 \u00a0 \u00a0Yap\u0131lardaki enerji verimlili\u011finin iklim krizini \u00f6nlemedeki rol\u00fc yar\u0131n Kocareis\u2019te d\u00fczenlenecek seminerde ele al\u0131nacak. Her Daim Dostlar\u2019\u0131n ev sahipli\u011finde ger\u00e7ekle\u015fecek seminer, Do\u00e7. Dr. Ercan Ho\u015fkara taraf\u0131ndan Kocareis k\u00fct\u00fcphanesinde 07.15 ile 08.15 saatleri aras\u0131nda verilecek.<\/p>\n","protected":false},"author":1,"featured_media":13835,"comment_status":"open","ping_status":"open","sticky":false,"template":"","format":"standard","meta":{"footnotes":""},"categories":[1],"tags":[],"class_list":["post-13834","post","type-post","status-publish","format-standard","has-post-thumbnail","hentry","category-gundem"],"yoast_head":"<!-- This site is optimized with the Yoast SEO plugin v27.5 - https:\/\/yoast.com\/product\/yoast-seo-wordpress\/ -->\n<title>Ercan Ho\u015fkara, yap\u0131lardaki enerji verimli\u011fi ve iklim krizi \u00fczerine konu\u015facak -<\/title>\n<meta name=\"robots\" content=\"index, follow, max-snippet:-1, max-image-preview:large, max-video-preview:-1\" \/>\n<link rel=\"canonical\" href=\"https:\/\/kibrisdakik.com\/?p=13834\" \/>\n<meta property=\"og:locale\" content=\"tr_TR\" \/>\n<meta property=\"og:type\" content=\"article\" \/>\n<meta property=\"og:title\" content=\"Ercan Ho\u015fkara, yap\u0131lardaki enerji verimli\u011fi ve iklim krizi \u00fczerine konu\u015facak -\" \/>\n<meta property=\"og:description\" content=\"\u00a0 \u00a0 \u00a0Yap\u0131lardaki enerji verimlili\u011finin iklim krizini \u00f6nlemedeki rol\u00fc yar\u0131n Kocareis\u2019te d\u00fczenlenecek seminerde ele al\u0131nacak. Her Daim Dostlar\u2019\u0131n ev sahipli\u011finde ger\u00e7ekle\u015fecek seminer, Do\u00e7. Dr. Ercan Ho\u015fkara taraf\u0131ndan Kocareis k\u00fct\u00fcphanesinde 07.15 ile 08.15 saatleri aras\u0131nda verilecek.\" \/>\n<meta property=\"og:url\" content=\"https:\/\/kibrisdakik.com\/?p=13834\" \/>\n<meta property=\"article:published_time\" content=\"2023-09-15T07:29:16+00:00\" \/>\n<meta property=\"og:image\" content=\"https:\/\/kibrisdakik.com\/wp-content\/uploads\/2023\/09\/evvvvvvvvvvvvvvvvvvvvvvvv-1024x576.png\" \/>\n\t<meta property=\"og:image:width\" content=\"1024\" \/>\n\t<meta property=\"og:image:height\" content=\"576\" \/>\n\t<meta property=\"og:image:type\" content=\"image\/png\" \/>\n<meta name=\"author\" content=\"admin\" \/>\n<meta name=\"twitter:card\" content=\"summary_large_image\" \/>\n<meta name=\"twitter:label1\" content=\"Yazan:\" \/>\n\t<meta name=\"twitter:data1\" content=\"admin\" \/>\n<script type=\"application\/ld+json\" class=\"yoast-schema-graph\">{\"@context\":\"https:\\\/\\\/schema.org\",\"@graph\":[{\"@type\":\"Article\",\"@id\":\"https:\\\/\\\/kibrisdakik.com\\\/?p=13834#article\",\"isPartOf\":{\"@id\":\"https:\\\/\\\/kibrisdakik.com\\\/?p=13834\"},\"author\":{\"name\":\"admin\",\"@id\":\"https:\\\/\\\/kibrisdakik.com\\\/#\\\/schema\\\/person\\\/9cd9d437bbb44f72b73ba127e06d8e79\"},\"headline\":\"Ercan Ho\u015fkara, yap\u0131lardaki enerji verimli\u011fi ve iklim krizi \u00fczerine konu\u015facak\",\"datePublished\":\"2023-09-15T07:29:16+00:00\",\"mainEntityOfPage\":{\"@id\":\"https:\\\/\\\/kibrisdakik.com\\\/?p=13834\"},\"wordCount\":60,\"commentCount\":0,\"image\":{\"@id\":\"https:\\\/\\\/kibrisdakik.com\\\/?p=13834#primaryimage\"},\"thumbnailUrl\":\"https:\\\/\\\/kibrisdakik.com\\\/wp-content\\\/uploads\\\/2023\\\/09\\\/evvvvvvvvvvvvvvvvvvvvvvvv-740x420.png\",\"articleSection\":[\"G\u00fcndem\"],\"inLanguage\":\"tr\",\"potentialAction\":[{\"@type\":\"CommentAction\",\"name\":\"Comment\",\"target\":[\"https:\\\/\\\/kibrisdakik.com\\\/?p=13834#respond\"]}]},{\"@type\":\"WebPage\",\"@id\":\"https:\\\/\\\/kibrisdakik.com\\\/?p=13834\",\"url\":\"https:\\\/\\\/kibrisdakik.com\\\/?p=13834\",\"name\":\"Ercan Ho\u015fkara, yap\u0131lardaki enerji verimli\u011fi ve iklim krizi \u00fczerine konu\u015facak -\",\"isPartOf\":{\"@id\":\"https:\\\/\\\/kibrisdakik.com\\\/#website\"},\"primaryImageOfPage\":{\"@id\":\"https:\\\/\\\/kibrisdakik.com\\\/?p=13834#primaryimage\"},\"image\":{\"@id\":\"https:\\\/\\\/kibrisdakik.com\\\/?p=13834#primaryimage\"},\"thumbnailUrl\":\"https:\\\/\\\/kibrisdakik.com\\\/wp-content\\\/uploads\\\/2023\\\/09\\\/evvvvvvvvvvvvvvvvvvvvvvvv-740x420.png\",\"datePublished\":\"2023-09-15T07:29:16+00:00\",\"author\":{\"@id\":\"https:\\\/\\\/kibrisdakik.com\\\/#\\\/schema\\\/person\\\/9cd9d437bbb44f72b73ba127e06d8e79\"},\"breadcrumb\":{\"@id\":\"https:\\\/\\\/kibrisdakik.com\\\/?p=13834#breadcrumb\"},\"inLanguage\":\"tr\",\"potentialAction\":[{\"@type\":\"ReadAction\",\"target\":[\"https:\\\/\\\/kibrisdakik.com\\\/?p=13834\"]}]},{\"@type\":\"ImageObject\",\"inLanguage\":\"tr\",\"@id\":\"https:\\\/\\\/kibrisdakik.com\\\/?p=13834#primaryimage\",\"url\":\"https:\\\/\\\/kibrisdakik.com\\\/wp-content\\\/uploads\\\/2023\\\/09\\\/evvvvvvvvvvvvvvvvvvvvvvvv-740x420.png\",\"contentUrl\":\"https:\\\/\\\/kibrisdakik.com\\\/wp-content\\\/uploads\\\/2023\\\/09\\\/evvvvvvvvvvvvvvvvvvvvvvvv-740x420.png\",\"width\":1600,\"height\":900},{\"@type\":\"BreadcrumbList\",\"@id\":\"https:\\\/\\\/kibrisdakik.com\\\/?p=13834#breadcrumb\",\"itemListElement\":[{\"@type\":\"ListItem\",\"position\":1,\"name\":\"Home\",\"item\":\"https:\\\/\\\/kibrisdakik.com\\\/\"},{\"@type\":\"ListItem\",\"position\":2,\"name\":\"Ercan Ho\u015fkara, yap\u0131lardaki enerji verimli\u011fi ve iklim krizi \u00fczerine konu\u015facak\"}]},{\"@type\":\"WebSite\",\"@id\":\"https:\\\/\\\/kibrisdakik.com\\\/#website\",\"url\":\"https:\\\/\\\/kibrisdakik.com\\\/\",\"name\":\"\",\"description\":\"Tam vaktinde haber\",\"potentialAction\":[{\"@type\":\"SearchAction\",\"target\":{\"@type\":\"EntryPoint\",\"urlTemplate\":\"https:\\\/\\\/kibrisdakik.com\\\/?s={search_term_string}\"},\"query-input\":{\"@type\":\"PropertyValueSpecification\",\"valueRequired\":true,\"valueName\":\"search_term_string\"}}],\"inLanguage\":\"tr\"},{\"@type\":\"Person\",\"@id\":\"https:\\\/\\\/kibrisdakik.com\\\/#\\\/schema\\\/person\\\/9cd9d437bbb44f72b73ba127e06d8e79\",\"name\":\"admin\",\"image\":{\"@type\":\"ImageObject\",\"inLanguage\":\"tr\",\"@id\":\"https:\\\/\\\/secure.gravatar.com\\\/avatar\\\/ccc17943b9d660506c869530f897617f7cb1c21a4bf30023f252596d83e1f007?s=96&d=mm&r=g\",\"url\":\"https:\\\/\\\/secure.gravatar.com\\\/avatar\\\/ccc17943b9d660506c869530f897617f7cb1c21a4bf30023f252596d83e1f007?s=96&d=mm&r=g\",\"contentUrl\":\"https:\\\/\\\/secure.gravatar.com\\\/avatar\\\/ccc17943b9d660506c869530f897617f7cb1c21a4bf30023f252596d83e1f007?s=96&d=mm&r=g\",\"caption\":\"admin\"},\"sameAs\":[\"https:\\\/\\\/kibrisdakik.com\"],\"url\":\"https:\\\/\\\/kibrisdakik.com\\\/?author=1\"}]}<\/script>\n<!-- \/ Yoast SEO plugin. -->","yoast_head_json":{"title":"Ercan Ho\u015fkara, yap\u0131lardaki enerji verimli\u011fi ve iklim krizi \u00fczerine konu\u015facak -","robots":{"index":"index","follow":"follow","max-snippet":"max-snippet:-1","max-image-preview":"max-image-preview:large","max-video-preview":"max-video-preview:-1"},"canonical":"https:\/\/kibrisdakik.com\/?p=13834","og_locale":"tr_TR","og_type":"article","og_title":"Ercan Ho\u015fkara, yap\u0131lardaki enerji verimli\u011fi ve iklim krizi \u00fczerine konu\u015facak -","og_description":"\u00a0 \u00a0 \u00a0Yap\u0131lardaki enerji verimlili\u011finin iklim krizini \u00f6nlemedeki rol\u00fc yar\u0131n Kocareis\u2019te d\u00fczenlenecek seminerde ele al\u0131nacak. Her Daim Dostlar\u2019\u0131n ev sahipli\u011finde ger\u00e7ekle\u015fecek seminer, Do\u00e7. Dr. Ercan Ho\u015fkara taraf\u0131ndan Kocareis k\u00fct\u00fcphanesinde 07.15 ile 08.15 saatleri aras\u0131nda verilecek.","og_url":"https:\/\/kibrisdakik.com\/?p=13834","article_published_time":"2023-09-15T07:29:16+00:00","og_image":[{"width":1024,"height":576,"url":"https:\/\/kibrisdakik.com\/wp-content\/uploads\/2023\/09\/evvvvvvvvvvvvvvvvvvvvvvvv-1024x576.png","type":"image\/png"}],"author":"admin","twitter_card":"summary_large_image","twitter_misc":{"Yazan:":"admin"},"schema":{"@context":"https:\/\/schema.org","@graph":[{"@type":"Article","@id":"https:\/\/kibrisdakik.com\/?p=13834#article","isPartOf":{"@id":"https:\/\/kibrisdakik.com\/?p=13834"},"author":{"name":"admin","@id":"https:\/\/kibrisdakik.com\/#\/schema\/person\/9cd9d437bbb44f72b73ba127e06d8e79"},"headline":"Ercan Ho\u015fkara, yap\u0131lardaki enerji verimli\u011fi ve iklim krizi \u00fczerine konu\u015facak","datePublished":"2023-09-15T07:29:16+00:00","mainEntityOfPage":{"@id":"https:\/\/kibrisdakik.com\/?p=13834"},"wordCount":60,"commentCount":0,"image":{"@id":"https:\/\/kibrisdakik.com\/?p=13834#primaryimage"},"thumbnailUrl":"https:\/\/kibrisdakik.com\/wp-content\/uploads\/2023\/09\/evvvvvvvvvvvvvvvvvvvvvvvv-740x420.png","articleSection":["G\u00fcndem"],"inLanguage":"tr","potentialAction":[{"@type":"CommentAction","name":"Comment","target":["https:\/\/kibrisdakik.com\/?p=13834#respond"]}]},{"@type":"WebPage","@id":"https:\/\/kibrisdakik.com\/?p=13834","url":"https:\/\/kibrisdakik.com\/?p=13834","name":"Ercan Ho\u015fkara, yap\u0131lardaki enerji verimli\u011fi ve iklim krizi \u00fczerine konu\u015facak -","isPartOf":{"@id":"https:\/\/kibrisdakik.com\/#website"},"primaryImageOfPage":{"@id":"https:\/\/kibrisdakik.com\/?p=13834#primaryimage"},"image":{"@id":"https:\/\/kibrisdakik.com\/?p=13834#primaryimage"},"thumbnailUrl":"https:\/\/kibrisdakik.com\/wp-content\/uploads\/2023\/09\/evvvvvvvvvvvvvvvvvvvvvvvv-740x420.png","datePublished":"2023-09-15T07:29:16+00:00","author":{"@id":"https:\/\/kibrisdakik.com\/#\/schema\/person\/9cd9d437bbb44f72b73ba127e06d8e79"},"breadcrumb":{"@id":"https:\/\/kibrisdakik.com\/?p=13834#breadcrumb"},"inLanguage":"tr","potentialAction":[{"@type":"ReadAction","target":["https:\/\/kibrisdakik.com\/?p=13834"]}]},{"@type":"ImageObject","inLanguage":"tr","@id":"https:\/\/kibrisdakik.com\/?p=13834#primaryimage","url":"https:\/\/kibrisdakik.com\/wp-content\/uploads\/2023\/09\/evvvvvvvvvvvvvvvvvvvvvvvv-740x420.png","contentUrl":"https:\/\/kibrisdakik.com\/wp-content\/uploads\/2023\/09\/evvvvvvvvvvvvvvvvvvvvvvvv-740x420.png","width":1600,"height":900},{"@type":"BreadcrumbList","@id":"https:\/\/kibrisdakik.com\/?p=13834#breadcrumb","itemListElement":[{"@type":"ListItem","position":1,"name":"Home","item":"https:\/\/kibrisdakik.com\/"},{"@type":"ListItem","position":2,"name":"Ercan Ho\u015fkara, yap\u0131lardaki enerji verimli\u011fi ve iklim krizi \u00fczerine konu\u015facak"}]},{"@type":"WebSite","@id":"https:\/\/kibrisdakik.com\/#website","url":"https:\/\/kibrisdakik.com\/","name":"","description":"Tam vaktinde haber","potentialAction":[{"@type":"SearchAction","target":{"@type":"EntryPoint","urlTemplate":"https:\/\/kibrisdakik.com\/?s={search_term_string}"},"query-input":{"@type":"PropertyValueSpecification","valueRequired":true,"valueName":"search_term_string"}}],"inLanguage":"tr"},{"@type":"Person","@id":"https:\/\/kibrisdakik.com\/#\/schema\/person\/9cd9d437bbb44f72b73ba127e06d8e79","name":"admin","image":{"@type":"ImageObject","inLanguage":"tr","@id":"https:\/\/secure.gravatar.com\/avatar\/ccc17943b9d660506c869530f897617f7cb1c21a4bf30023f252596d83e1f007?s=96&d=mm&r=g","url":"https:\/\/secure.gravatar.com\/avatar\/ccc17943b9d660506c869530f897617f7cb1c21a4bf30023f252596d83e1f007?s=96&d=mm&r=g","contentUrl":"https:\/\/secure.gravatar.com\/avatar\/ccc17943b9d660506c869530f897617f7cb1c21a4bf30023f252596d83e1f007?s=96&d=mm&r=g","caption":"admin"},"sameAs":["https:\/\/kibrisdakik.com"],"url":"https:\/\/kibrisdakik.com\/?author=1"}]}},"_links":{"self":[{"href":"https:\/\/kibrisdakik.com\/index.php?rest_route=\/wp\/v2\/posts\/13834","targetHints":{"allow":["GET"]}}],"collection":[{"href":"https:\/\/kibrisdakik.com\/index.php?rest_route=\/wp\/v2\/posts"}],"about":[{"href":"https:\/\/kibrisdakik.com\/index.php?rest_route=\/wp\/v2\/types\/post"}],"author":[{"embeddable":true,"href":"https:\/\/kibrisdakik.com\/index.php?rest_route=\/wp\/v2\/users\/1"}],"replies":[{"embeddable":true,"href":"https:\/\/kibrisdakik.com\/index.php?rest_route=%2Fwp%2Fv2%2Fcomments&post=13834"}],"version-history":[{"count":0,"href":"https:\/\/kibrisdakik.com\/index.php?rest_route=\/wp\/v2\/posts\/13834\/revisions"}],"wp:featuredmedia":[{"embeddable":true,"href":"https:\/\/kibrisdakik.com\/index.php?rest_route=\/wp\/v2\/media\/13835"}],"wp:attachment":[{"href":"https:\/\/kibrisdakik.com\/index.php?rest_route=%2Fwp%2Fv2%2Fmedia&parent=13834"}],"wp:term":[{"taxonomy":"category","embeddable":true,"href":"https:\/\/kibrisdakik.com\/index.php?rest_route=%2Fwp%2Fv2%2Fcategories&post=13834"},{"taxonomy":"post_tag","embeddable":true,"href":"https:\/\/kibrisdakik.com\/index.php?rest_route=%2Fwp%2Fv2%2Ftags&post=13834"}],"curies":[{"name":"wp","href":"https:\/\/api.w.org\/{rel}","templated":true}]}}