{"id":13874,"date":"2023-09-15T17:39:43","date_gmt":"2023-09-15T17:39:43","guid":{"rendered":"https:\/\/kibrisdakik.com\/index.php\/2023\/09\/15\/basbakan-ustel2023-avrupa-ve-kitalararasi-gtf-taekwondo-sampiyonasi-resmi-acilis-ve-odul-torenine-katildi\/"},"modified":"2023-09-15T17:39:43","modified_gmt":"2023-09-15T17:39:43","slug":"basbakan-ustel2023-avrupa-ve-kitalararasi-gtf-taekwondo-sampiyonasi-resmi-acilis-ve-odul-torenine-katildi","status":"publish","type":"post","link":"https:\/\/kibrisdakik.com\/?p=13874","title":{"rendered":"Ba\u015fbakan \u00dcstel,2023 Avrupa ve K\u0131talararas\u0131 GTF Taekwondo \u015eampiyonas\u0131 resmi a\u00e7\u0131l\u0131\u015f ve \u00f6d\u00fcl t\u00f6renine kat\u0131ld\u0131"},"content":{"rendered":"<p><\/p>\n<div>\n<div class=\"mariselle-image-container center\">\n                <img width=\"2560\" height=\"1439\" class=\"lazy-image\" alt=\"\" decoding=\"async\" loading=\"lazy\" sizes=\"auto, (max-width: 2560px) 100vw, 2560px\" src=\"https:\/\/brtk.net\/wp-content\/uploads\/2023\/09\/15\/InShot_20230915_200532263-scaled.jpg?ver=3bdad5af2e412b8a4bec394b437f111a\" srcset=\"https:\/\/brtk.net\/wp-content\/uploads\/2023\/09\/15\/InShot_20230915_200532263-scaled.jpg?ver=3bdad5af2e412b8a4bec394b437f111a 2560w, https:\/\/brtk.net\/wp-content\/uploads\/2023\/09\/15\/InShot_20230915_200532263-300x169.jpg?ver=3bdad5af2e412b8a4bec394b437f111a 300w, https:\/\/brtk.net\/wp-content\/uploads\/2023\/09\/15\/InShot_20230915_200532263-1024x576.jpg?ver=62fc05af0945945924a3d6ffb57d2e67 1024w, https:\/\/brtk.net\/wp-content\/uploads\/2023\/09\/15\/InShot_20230915_200532263-768x432.jpg?ver=62fc05af0945945924a3d6ffb57d2e67 768w, https:\/\/brtk.net\/wp-content\/uploads\/2023\/09\/15\/InShot_20230915_200532263-1536x863.jpg?ver=e08e8d24b4abc2e250d908618ba6e255 1536w, https:\/\/brtk.net\/wp-content\/uploads\/2023\/09\/15\/InShot_20230915_200532263-2048x1151.jpg?ver=ca11148d01dafa34c3ffe13242f13b2b 2048w\"\/>                            <\/div>\n<p>\u00a0<\/p>\n<p>Ba\u015fbakan \u00dcnal \u00dcstel, Global Taekwondo Federasyonu taraf\u0131ndan <a href=\"https:\/\/brtk.net\/\"\/><a href=\"https:\/\/brtk.net\/\">KKTC<\/a> Taekwondo Karate Judo Aikido Federasyonu evsahipli\u011finde <a href=\"https:\/\/brtk.net\/\"\/><a href=\"https:\/\/brtk.net\/\">KKTC<\/a>\u2019de organize edilen 2023 Avrupa ve K\u0131talararas\u0131 GTF Taekwondo \u015eampiyonas\u0131 resmi a\u00e7\u0131l\u0131\u015f ve \u00f6d\u00fcl t\u00f6renine kat\u0131ld\u0131.<\/p>\n<p>Ba\u015fbakan \u00dcnal \u00dcstel, m\u00fcsabakalarda ba\u015far\u0131 sa\u011flayarak dereceye giren <a href=\"https:\/\/brtk.net\/\"\/><a href=\"https:\/\/brtk.net\/\">KKTC<\/a>, Rusya ve Kazakistan tak\u0131mlar\u0131ndaki sporculara \u00f6d\u00fcllerini takdim etti.<\/p>\n<\/p><\/div>\n","protected":false},"excerpt":{"rendered":"<p>\u00a0 Ba\u015fbakan \u00dcnal \u00dcstel, Global Taekwondo Federasyonu taraf\u0131ndan KKTC Taekwondo Karate Judo Aikido Federasyonu evsahipli\u011finde KKTC\u2019de organize edilen 2023 Avrupa ve K\u0131talararas\u0131 GTF Taekwondo \u015eampiyonas\u0131 resmi a\u00e7\u0131l\u0131\u015f ve \u00f6d\u00fcl t\u00f6renine kat\u0131ld\u0131. Ba\u015fbakan \u00dcnal \u00dcstel, m\u00fcsabakalarda ba\u015far\u0131 sa\u011flayarak dereceye giren KKTC, Rusya ve Kazakistan tak\u0131mlar\u0131ndaki sporculara \u00f6d\u00fcllerini takdim etti.<\/p>\n","protected":false},"author":1,"featured_media":13875,"comment_status":"open","ping_status":"open","sticky":false,"template":"","format":"standard","meta":{"footnotes":""},"categories":[1],"tags":[],"class_list":["post-13874","post","type-post","status-publish","format-standard","has-post-thumbnail","hentry","category-gundem"],"yoast_head":"<!-- This site is optimized with the Yoast SEO plugin v27.4 - https:\/\/yoast.com\/product\/yoast-seo-wordpress\/ -->\n<title>Ba\u015fbakan \u00dcstel,2023 Avrupa ve K\u0131talararas\u0131 GTF Taekwondo \u015eampiyonas\u0131 resmi a\u00e7\u0131l\u0131\u015f ve \u00f6d\u00fcl t\u00f6renine kat\u0131ld\u0131 -<\/title>\n<meta name=\"robots\" content=\"index, follow, max-snippet:-1, max-image-preview:large, max-video-preview:-1\" \/>\n<link rel=\"canonical\" href=\"https:\/\/kibrisdakik.com\/?p=13874\" \/>\n<meta property=\"og:locale\" content=\"tr_TR\" \/>\n<meta property=\"og:type\" content=\"article\" \/>\n<meta property=\"og:title\" content=\"Ba\u015fbakan \u00dcstel,2023 Avrupa ve K\u0131talararas\u0131 GTF Taekwondo \u015eampiyonas\u0131 resmi a\u00e7\u0131l\u0131\u015f ve \u00f6d\u00fcl t\u00f6renine kat\u0131ld\u0131 -\" \/>\n<meta property=\"og:description\" content=\"\u00a0 Ba\u015fbakan \u00dcnal \u00dcstel, Global Taekwondo Federasyonu taraf\u0131ndan KKTC Taekwondo Karate Judo Aikido Federasyonu evsahipli\u011finde KKTC\u2019de organize edilen 2023 Avrupa ve K\u0131talararas\u0131 GTF Taekwondo \u015eampiyonas\u0131 resmi a\u00e7\u0131l\u0131\u015f ve \u00f6d\u00fcl t\u00f6renine kat\u0131ld\u0131. Ba\u015fbakan \u00dcnal \u00dcstel, m\u00fcsabakalarda ba\u015far\u0131 sa\u011flayarak dereceye giren KKTC, Rusya ve Kazakistan tak\u0131mlar\u0131ndaki sporculara \u00f6d\u00fcllerini takdim etti.\" \/>\n<meta property=\"og:url\" content=\"https:\/\/kibrisdakik.com\/?p=13874\" \/>\n<meta property=\"article:published_time\" content=\"2023-09-15T17:39:43+00:00\" \/>\n<meta property=\"og:image\" content=\"https:\/\/kibrisdakik.com\/wp-content\/uploads\/2023\/09\/InShot_20230915_200532263-scaled-740x420.jpg\" \/>\n\t<meta property=\"og:image:width\" content=\"2560\" \/>\n\t<meta property=\"og:image:height\" content=\"1439\" \/>\n\t<meta property=\"og:image:type\" content=\"image\/jpeg\" \/>\n<meta name=\"author\" content=\"admin\" \/>\n<meta name=\"twitter:card\" content=\"summary_large_image\" \/>\n<meta name=\"twitter:label1\" content=\"Yazan:\" \/>\n\t<meta name=\"twitter:data1\" content=\"admin\" \/>\n<script type=\"application\/ld+json\" class=\"yoast-schema-graph\">{\"@context\":\"https:\\\/\\\/schema.org\",\"@graph\":[{\"@type\":\"Article\",\"@id\":\"https:\\\/\\\/kibrisdakik.com\\\/?p=13874#article\",\"isPartOf\":{\"@id\":\"https:\\\/\\\/kibrisdakik.com\\\/?p=13874\"},\"author\":{\"name\":\"admin\",\"@id\":\"https:\\\/\\\/kibrisdakik.com\\\/#\\\/schema\\\/person\\\/9cd9d437bbb44f72b73ba127e06d8e79\"},\"headline\":\"Ba\u015fbakan \u00dcstel,2023 Avrupa ve K\u0131talararas\u0131 GTF Taekwondo \u015eampiyonas\u0131 resmi a\u00e7\u0131l\u0131\u015f ve \u00f6d\u00fcl t\u00f6renine kat\u0131ld\u0131\",\"datePublished\":\"2023-09-15T17:39:43+00:00\",\"mainEntityOfPage\":{\"@id\":\"https:\\\/\\\/kibrisdakik.com\\\/?p=13874\"},\"wordCount\":82,\"commentCount\":0,\"image\":{\"@id\":\"https:\\\/\\\/kibrisdakik.com\\\/?p=13874#primaryimage\"},\"thumbnailUrl\":\"https:\\\/\\\/kibrisdakik.com\\\/wp-content\\\/uploads\\\/2023\\\/09\\\/InShot_20230915_200532263-scaled-740x420.jpg\",\"articleSection\":[\"G\u00fcndem\"],\"inLanguage\":\"tr\",\"potentialAction\":[{\"@type\":\"CommentAction\",\"name\":\"Comment\",\"target\":[\"https:\\\/\\\/kibrisdakik.com\\\/?p=13874#respond\"]}]},{\"@type\":\"WebPage\",\"@id\":\"https:\\\/\\\/kibrisdakik.com\\\/?p=13874\",\"url\":\"https:\\\/\\\/kibrisdakik.com\\\/?p=13874\",\"name\":\"Ba\u015fbakan \u00dcstel,2023 Avrupa ve K\u0131talararas\u0131 GTF Taekwondo \u015eampiyonas\u0131 resmi a\u00e7\u0131l\u0131\u015f ve \u00f6d\u00fcl t\u00f6renine kat\u0131ld\u0131 -\",\"isPartOf\":{\"@id\":\"https:\\\/\\\/kibrisdakik.com\\\/#website\"},\"primaryImageOfPage\":{\"@id\":\"https:\\\/\\\/kibrisdakik.com\\\/?p=13874#primaryimage\"},\"image\":{\"@id\":\"https:\\\/\\\/kibrisdakik.com\\\/?p=13874#primaryimage\"},\"thumbnailUrl\":\"https:\\\/\\\/kibrisdakik.com\\\/wp-content\\\/uploads\\\/2023\\\/09\\\/InShot_20230915_200532263-scaled-740x420.jpg\",\"datePublished\":\"2023-09-15T17:39:43+00:00\",\"author\":{\"@id\":\"https:\\\/\\\/kibrisdakik.com\\\/#\\\/schema\\\/person\\\/9cd9d437bbb44f72b73ba127e06d8e79\"},\"breadcrumb\":{\"@id\":\"https:\\\/\\\/kibrisdakik.com\\\/?p=13874#breadcrumb\"},\"inLanguage\":\"tr\",\"potentialAction\":[{\"@type\":\"ReadAction\",\"target\":[\"https:\\\/\\\/kibrisdakik.com\\\/?p=13874\"]}]},{\"@type\":\"ImageObject\",\"inLanguage\":\"tr\",\"@id\":\"https:\\\/\\\/kibrisdakik.com\\\/?p=13874#primaryimage\",\"url\":\"https:\\\/\\\/kibrisdakik.com\\\/wp-content\\\/uploads\\\/2023\\\/09\\\/InShot_20230915_200532263-scaled-740x420.jpg\",\"contentUrl\":\"https:\\\/\\\/kibrisdakik.com\\\/wp-content\\\/uploads\\\/2023\\\/09\\\/InShot_20230915_200532263-scaled-740x420.jpg\",\"width\":2560,\"height\":1439},{\"@type\":\"BreadcrumbList\",\"@id\":\"https:\\\/\\\/kibrisdakik.com\\\/?p=13874#breadcrumb\",\"itemListElement\":[{\"@type\":\"ListItem\",\"position\":1,\"name\":\"Home\",\"item\":\"https:\\\/\\\/kibrisdakik.com\\\/\"},{\"@type\":\"ListItem\",\"position\":2,\"name\":\"Ba\u015fbakan \u00dcstel,2023 Avrupa ve K\u0131talararas\u0131 GTF Taekwondo \u015eampiyonas\u0131 resmi a\u00e7\u0131l\u0131\u015f ve \u00f6d\u00fcl t\u00f6renine kat\u0131ld\u0131\"}]},{\"@type\":\"WebSite\",\"@id\":\"https:\\\/\\\/kibrisdakik.com\\\/#website\",\"url\":\"https:\\\/\\\/kibrisdakik.com\\\/\",\"name\":\"\",\"description\":\"Tam vaktinde haber\",\"potentialAction\":[{\"@type\":\"SearchAction\",\"target\":{\"@type\":\"EntryPoint\",\"urlTemplate\":\"https:\\\/\\\/kibrisdakik.com\\\/?s={search_term_string}\"},\"query-input\":{\"@type\":\"PropertyValueSpecification\",\"valueRequired\":true,\"valueName\":\"search_term_string\"}}],\"inLanguage\":\"tr\"},{\"@type\":\"Person\",\"@id\":\"https:\\\/\\\/kibrisdakik.com\\\/#\\\/schema\\\/person\\\/9cd9d437bbb44f72b73ba127e06d8e79\",\"name\":\"admin\",\"image\":{\"@type\":\"ImageObject\",\"inLanguage\":\"tr\",\"@id\":\"https:\\\/\\\/secure.gravatar.com\\\/avatar\\\/ccc17943b9d660506c869530f897617f7cb1c21a4bf30023f252596d83e1f007?s=96&d=mm&r=g\",\"url\":\"https:\\\/\\\/secure.gravatar.com\\\/avatar\\\/ccc17943b9d660506c869530f897617f7cb1c21a4bf30023f252596d83e1f007?s=96&d=mm&r=g\",\"contentUrl\":\"https:\\\/\\\/secure.gravatar.com\\\/avatar\\\/ccc17943b9d660506c869530f897617f7cb1c21a4bf30023f252596d83e1f007?s=96&d=mm&r=g\",\"caption\":\"admin\"},\"sameAs\":[\"https:\\\/\\\/kibrisdakik.com\"],\"url\":\"https:\\\/\\\/kibrisdakik.com\\\/?author=1\"}]}<\/script>\n<!-- \/ Yoast SEO plugin. -->","yoast_head_json":{"title":"Ba\u015fbakan \u00dcstel,2023 Avrupa ve K\u0131talararas\u0131 GTF Taekwondo \u015eampiyonas\u0131 resmi a\u00e7\u0131l\u0131\u015f ve \u00f6d\u00fcl t\u00f6renine kat\u0131ld\u0131 -","robots":{"index":"index","follow":"follow","max-snippet":"max-snippet:-1","max-image-preview":"max-image-preview:large","max-video-preview":"max-video-preview:-1"},"canonical":"https:\/\/kibrisdakik.com\/?p=13874","og_locale":"tr_TR","og_type":"article","og_title":"Ba\u015fbakan \u00dcstel,2023 Avrupa ve K\u0131talararas\u0131 GTF Taekwondo \u015eampiyonas\u0131 resmi a\u00e7\u0131l\u0131\u015f ve \u00f6d\u00fcl t\u00f6renine kat\u0131ld\u0131 -","og_description":"\u00a0 Ba\u015fbakan \u00dcnal \u00dcstel, Global Taekwondo Federasyonu taraf\u0131ndan KKTC Taekwondo Karate Judo Aikido Federasyonu evsahipli\u011finde KKTC\u2019de organize edilen 2023 Avrupa ve K\u0131talararas\u0131 GTF Taekwondo \u015eampiyonas\u0131 resmi a\u00e7\u0131l\u0131\u015f ve \u00f6d\u00fcl t\u00f6renine kat\u0131ld\u0131. Ba\u015fbakan \u00dcnal \u00dcstel, m\u00fcsabakalarda ba\u015far\u0131 sa\u011flayarak dereceye giren KKTC, Rusya ve Kazakistan tak\u0131mlar\u0131ndaki sporculara \u00f6d\u00fcllerini takdim etti.","og_url":"https:\/\/kibrisdakik.com\/?p=13874","article_published_time":"2023-09-15T17:39:43+00:00","og_image":[{"width":2560,"height":1439,"url":"https:\/\/kibrisdakik.com\/wp-content\/uploads\/2023\/09\/InShot_20230915_200532263-scaled-740x420.jpg","type":"image\/jpeg"}],"author":"admin","twitter_card":"summary_large_image","twitter_misc":{"Yazan:":"admin"},"schema":{"@context":"https:\/\/schema.org","@graph":[{"@type":"Article","@id":"https:\/\/kibrisdakik.com\/?p=13874#article","isPartOf":{"@id":"https:\/\/kibrisdakik.com\/?p=13874"},"author":{"name":"admin","@id":"https:\/\/kibrisdakik.com\/#\/schema\/person\/9cd9d437bbb44f72b73ba127e06d8e79"},"headline":"Ba\u015fbakan \u00dcstel,2023 Avrupa ve K\u0131talararas\u0131 GTF Taekwondo \u015eampiyonas\u0131 resmi a\u00e7\u0131l\u0131\u015f ve \u00f6d\u00fcl t\u00f6renine kat\u0131ld\u0131","datePublished":"2023-09-15T17:39:43+00:00","mainEntityOfPage":{"@id":"https:\/\/kibrisdakik.com\/?p=13874"},"wordCount":82,"commentCount":0,"image":{"@id":"https:\/\/kibrisdakik.com\/?p=13874#primaryimage"},"thumbnailUrl":"https:\/\/kibrisdakik.com\/wp-content\/uploads\/2023\/09\/InShot_20230915_200532263-scaled-740x420.jpg","articleSection":["G\u00fcndem"],"inLanguage":"tr","potentialAction":[{"@type":"CommentAction","name":"Comment","target":["https:\/\/kibrisdakik.com\/?p=13874#respond"]}]},{"@type":"WebPage","@id":"https:\/\/kibrisdakik.com\/?p=13874","url":"https:\/\/kibrisdakik.com\/?p=13874","name":"Ba\u015fbakan \u00dcstel,2023 Avrupa ve K\u0131talararas\u0131 GTF Taekwondo \u015eampiyonas\u0131 resmi a\u00e7\u0131l\u0131\u015f ve \u00f6d\u00fcl t\u00f6renine kat\u0131ld\u0131 -","isPartOf":{"@id":"https:\/\/kibrisdakik.com\/#website"},"primaryImageOfPage":{"@id":"https:\/\/kibrisdakik.com\/?p=13874#primaryimage"},"image":{"@id":"https:\/\/kibrisdakik.com\/?p=13874#primaryimage"},"thumbnailUrl":"https:\/\/kibrisdakik.com\/wp-content\/uploads\/2023\/09\/InShot_20230915_200532263-scaled-740x420.jpg","datePublished":"2023-09-15T17:39:43+00:00","author":{"@id":"https:\/\/kibrisdakik.com\/#\/schema\/person\/9cd9d437bbb44f72b73ba127e06d8e79"},"breadcrumb":{"@id":"https:\/\/kibrisdakik.com\/?p=13874#breadcrumb"},"inLanguage":"tr","potentialAction":[{"@type":"ReadAction","target":["https:\/\/kibrisdakik.com\/?p=13874"]}]},{"@type":"ImageObject","inLanguage":"tr","@id":"https:\/\/kibrisdakik.com\/?p=13874#primaryimage","url":"https:\/\/kibrisdakik.com\/wp-content\/uploads\/2023\/09\/InShot_20230915_200532263-scaled-740x420.jpg","contentUrl":"https:\/\/kibrisdakik.com\/wp-content\/uploads\/2023\/09\/InShot_20230915_200532263-scaled-740x420.jpg","width":2560,"height":1439},{"@type":"BreadcrumbList","@id":"https:\/\/kibrisdakik.com\/?p=13874#breadcrumb","itemListElement":[{"@type":"ListItem","position":1,"name":"Home","item":"https:\/\/kibrisdakik.com\/"},{"@type":"ListItem","position":2,"name":"Ba\u015fbakan \u00dcstel,2023 Avrupa ve K\u0131talararas\u0131 GTF Taekwondo \u015eampiyonas\u0131 resmi a\u00e7\u0131l\u0131\u015f ve \u00f6d\u00fcl t\u00f6renine kat\u0131ld\u0131"}]},{"@type":"WebSite","@id":"https:\/\/kibrisdakik.com\/#website","url":"https:\/\/kibrisdakik.com\/","name":"","description":"Tam vaktinde haber","potentialAction":[{"@type":"SearchAction","target":{"@type":"EntryPoint","urlTemplate":"https:\/\/kibrisdakik.com\/?s={search_term_string}"},"query-input":{"@type":"PropertyValueSpecification","valueRequired":true,"valueName":"search_term_string"}}],"inLanguage":"tr"},{"@type":"Person","@id":"https:\/\/kibrisdakik.com\/#\/schema\/person\/9cd9d437bbb44f72b73ba127e06d8e79","name":"admin","image":{"@type":"ImageObject","inLanguage":"tr","@id":"https:\/\/secure.gravatar.com\/avatar\/ccc17943b9d660506c869530f897617f7cb1c21a4bf30023f252596d83e1f007?s=96&d=mm&r=g","url":"https:\/\/secure.gravatar.com\/avatar\/ccc17943b9d660506c869530f897617f7cb1c21a4bf30023f252596d83e1f007?s=96&d=mm&r=g","contentUrl":"https:\/\/secure.gravatar.com\/avatar\/ccc17943b9d660506c869530f897617f7cb1c21a4bf30023f252596d83e1f007?s=96&d=mm&r=g","caption":"admin"},"sameAs":["https:\/\/kibrisdakik.com"],"url":"https:\/\/kibrisdakik.com\/?author=1"}]}},"_links":{"self":[{"href":"https:\/\/kibrisdakik.com\/index.php?rest_route=\/wp\/v2\/posts\/13874","targetHints":{"allow":["GET"]}}],"collection":[{"href":"https:\/\/kibrisdakik.com\/index.php?rest_route=\/wp\/v2\/posts"}],"about":[{"href":"https:\/\/kibrisdakik.com\/index.php?rest_route=\/wp\/v2\/types\/post"}],"author":[{"embeddable":true,"href":"https:\/\/kibrisdakik.com\/index.php?rest_route=\/wp\/v2\/users\/1"}],"replies":[{"embeddable":true,"href":"https:\/\/kibrisdakik.com\/index.php?rest_route=%2Fwp%2Fv2%2Fcomments&post=13874"}],"version-history":[{"count":0,"href":"https:\/\/kibrisdakik.com\/index.php?rest_route=\/wp\/v2\/posts\/13874\/revisions"}],"wp:featuredmedia":[{"embeddable":true,"href":"https:\/\/kibrisdakik.com\/index.php?rest_route=\/wp\/v2\/media\/13875"}],"wp:attachment":[{"href":"https:\/\/kibrisdakik.com\/index.php?rest_route=%2Fwp%2Fv2%2Fmedia&parent=13874"}],"wp:term":[{"taxonomy":"category","embeddable":true,"href":"https:\/\/kibrisdakik.com\/index.php?rest_route=%2Fwp%2Fv2%2Fcategories&post=13874"},{"taxonomy":"post_tag","embeddable":true,"href":"https:\/\/kibrisdakik.com\/index.php?rest_route=%2Fwp%2Fv2%2Ftags&post=13874"}],"curies":[{"name":"wp","href":"https:\/\/api.w.org\/{rel}","templated":true}]}}