{"id":13918,"date":"2023-09-16T13:05:55","date_gmt":"2023-09-16T13:05:55","guid":{"rendered":"https:\/\/kibrisdakik.com\/index.php\/2023\/09\/16\/girnede-cevre-kirliligi-sorununa-cozum-uretmek-amaciyla-temiz-girne-hareketi-projesi-baslatildi\/"},"modified":"2023-09-16T13:05:55","modified_gmt":"2023-09-16T13:05:55","slug":"girnede-cevre-kirliligi-sorununa-cozum-uretmek-amaciyla-temiz-girne-hareketi-projesi-baslatildi","status":"publish","type":"post","link":"https:\/\/kibrisdakik.com\/?p=13918","title":{"rendered":"Girne\u2019de \u00e7evre kirlili\u011fi sorununa \u00e7\u00f6z\u00fcm \u00fcretmek amac\u0131yla Temiz Girne Hareketi Projesi ba\u015flat\u0131ld\u0131"},"content":{"rendered":"<p><\/p>\n<div>\n<div class=\"mariselle-image-container center\">\n                <img width=\"1280\" height=\"720\" class=\"lazy-image\" alt=\"\" decoding=\"async\" loading=\"lazy\" sizes=\"auto, (max-width: 1280px) 100vw, 1280px\" src=\"https:\/\/brtk.net\/wp-content\/uploads\/2023\/09\/16\/ekran-alintisi55.jpeg?ver=653ebd4f437282387e19ffc9deb7e59d\" srcset=\"https:\/\/brtk.net\/wp-content\/uploads\/2023\/09\/16\/ekran-alintisi55.jpeg?ver=653ebd4f437282387e19ffc9deb7e59d 1280w, https:\/\/brtk.net\/wp-content\/uploads\/2023\/09\/16\/ekran-alintisi55-300x169.jpeg?ver=3a31f11853bb521f5549bdaf4495f3f9 300w, https:\/\/brtk.net\/wp-content\/uploads\/2023\/09\/16\/ekran-alintisi55-1024x576.jpeg?ver=3a31f11853bb521f5549bdaf4495f3f9 1024w, https:\/\/brtk.net\/wp-content\/uploads\/2023\/09\/16\/ekran-alintisi55-768x432.jpeg?ver=3a31f11853bb521f5549bdaf4495f3f9 768w\"\/>                            <\/div>\n<p>Girne \u0130yilik G\u00f6n\u00fcll\u00fcleri, kentte bireylerin yaratt\u0131\u011f\u0131 ve gittik\u00e7e artan \u00e7evre kirlili\u011fi sorununa \u00e7\u00f6z\u00fcm \u00fcretmek amac\u0131yla Temiz Girne Hareketi Projesini ba\u015flatt\u0131\u011f\u0131n\u0131 duyurdu.<\/p>\n<p>Girne \u0130yilik G\u00f6n\u00fcll\u00fcleri\u2019nden yap\u0131lan yaz\u0131l\u0131 a\u00e7\u0131klamaya g\u00f6re Girne Kaymakaml\u0131\u011f\u0131, Girne \u00c7evre Dairesi, Girne Polis M\u00fcd\u00fcrl\u00fc\u011f\u00fc ve K\u0131br\u0131s Vak\u0131flar \u0130daresi\u2019nin payda\u015f olarak yer ald\u0131\u011f\u0131 ve destek verdi\u011fi proje, 27 Eyl\u00fcl \u00c7ar\u015famba g\u00fcn\u00fc saat 18.00\u2019da Girne Oscar Resort Otel\u2019de \u201cTemiz Girne \u00c7al\u0131\u015ftay\u0131\u201d ile ba\u015flayacak.<\/p>\n<p>\u0130lgili t\u00fcm kurum, kurulu\u015f, okul ve sivil toplum \u00f6rg\u00fctlerinin davet edildi\u011fi \u00e7al\u0131\u015ftayda, kat\u0131l\u0131mc\u0131 kesimler \u00e7evre bilincini art\u0131rmak ve \u00e7evre kirlili\u011fini \u00f6nlemek konusunda \u00f6neri ve katk\u0131lar\u0131n\u0131 sunacak.<\/p>\n<p>\u00c7al\u0131\u015ftay, kay\u0131tlar\u0131n yap\u0131lmas\u0131n\u0131n ard\u0131ndan saat 18.30\u2019da proje payda\u015flar\u0131 s\u00f6zc\u00fclerinin konu\u015fmalar\u0131 ile ba\u015flayacak. Kokteylin ard\u0131ndan \u00e7al\u0131\u015ftay, \u00e7al\u0131\u015fma gruplar\u0131n\u0131n \u00f6neri ve katk\u0131lar\u0131n\u0131n belirlenmesi ile devam edecek ve gruplar\u0131n raporlar\u0131n\u0131 sunmas\u0131 ile tamamlanacak.<\/p>\n<p>A\u00e7\u0131klamada, \u00e7al\u0131\u015ftayda elde edilecek verilerin pilot b\u00f6lge olarak se\u00e7ilen Girne\u2019de uygulamaya konulaca\u011f\u0131 belirtildi.<\/p>\n<p>A\u00e7\u0131klamada ayr\u0131ca, Temiz Girne Hareketi\u2019nin her y\u0131l farkl\u0131 bir \u00e7evre sorununun \u00e7\u00f6z\u00fcm\u00fcn\u00fc ama\u00e7layan projeler ile hareketin s\u00fcreklili\u011fini sa\u011flamay\u0131 ve di\u011fer b\u00f6lgelerdeki g\u00f6n\u00fcll\u00fc hareketlerle tecr\u00fcbelerini payla\u015fmay\u0131 ama\u00e7lad\u0131\u011f\u0131 da kaydedildi.<\/p>\n<\/p><\/div>\n","protected":false},"excerpt":{"rendered":"<p>Girne \u0130yilik G\u00f6n\u00fcll\u00fcleri, kentte bireylerin yaratt\u0131\u011f\u0131 ve gittik\u00e7e artan \u00e7evre kirlili\u011fi sorununa \u00e7\u00f6z\u00fcm \u00fcretmek amac\u0131yla Temiz Girne Hareketi Projesini ba\u015flatt\u0131\u011f\u0131n\u0131 duyurdu. Girne \u0130yilik G\u00f6n\u00fcll\u00fcleri\u2019nden yap\u0131lan yaz\u0131l\u0131 a\u00e7\u0131klamaya g\u00f6re Girne Kaymakaml\u0131\u011f\u0131, Girne \u00c7evre Dairesi, Girne Polis M\u00fcd\u00fcrl\u00fc\u011f\u00fc ve K\u0131br\u0131s Vak\u0131flar \u0130daresi\u2019nin payda\u015f olarak yer ald\u0131\u011f\u0131 ve destek verdi\u011fi proje, 27 Eyl\u00fcl \u00c7ar\u015famba g\u00fcn\u00fc saat 18.00\u2019da Girne<\/p>\n","protected":false},"author":1,"featured_media":13919,"comment_status":"open","ping_status":"open","sticky":false,"template":"","format":"standard","meta":{"footnotes":""},"categories":[1],"tags":[],"class_list":["post-13918","post","type-post","status-publish","format-standard","has-post-thumbnail","hentry","category-gundem"],"yoast_head":"<!-- This site is optimized with the Yoast SEO plugin v27.4 - https:\/\/yoast.com\/product\/yoast-seo-wordpress\/ -->\n<title>Girne\u2019de \u00e7evre kirlili\u011fi sorununa \u00e7\u00f6z\u00fcm \u00fcretmek amac\u0131yla Temiz Girne Hareketi Projesi ba\u015flat\u0131ld\u0131 -<\/title>\n<meta name=\"robots\" content=\"index, follow, max-snippet:-1, max-image-preview:large, max-video-preview:-1\" \/>\n<link rel=\"canonical\" href=\"https:\/\/kibrisdakik.com\/?p=13918\" \/>\n<meta property=\"og:locale\" content=\"tr_TR\" \/>\n<meta property=\"og:type\" content=\"article\" \/>\n<meta property=\"og:title\" content=\"Girne\u2019de \u00e7evre kirlili\u011fi sorununa \u00e7\u00f6z\u00fcm \u00fcretmek amac\u0131yla Temiz Girne Hareketi Projesi ba\u015flat\u0131ld\u0131 -\" \/>\n<meta property=\"og:description\" content=\"Girne \u0130yilik G\u00f6n\u00fcll\u00fcleri, kentte bireylerin yaratt\u0131\u011f\u0131 ve gittik\u00e7e artan \u00e7evre kirlili\u011fi sorununa \u00e7\u00f6z\u00fcm \u00fcretmek amac\u0131yla Temiz Girne Hareketi Projesini ba\u015flatt\u0131\u011f\u0131n\u0131 duyurdu. Girne \u0130yilik G\u00f6n\u00fcll\u00fcleri\u2019nden yap\u0131lan yaz\u0131l\u0131 a\u00e7\u0131klamaya g\u00f6re Girne Kaymakaml\u0131\u011f\u0131, Girne \u00c7evre Dairesi, Girne Polis M\u00fcd\u00fcrl\u00fc\u011f\u00fc ve K\u0131br\u0131s Vak\u0131flar \u0130daresi\u2019nin payda\u015f olarak yer ald\u0131\u011f\u0131 ve destek verdi\u011fi proje, 27 Eyl\u00fcl \u00c7ar\u015famba g\u00fcn\u00fc saat 18.00\u2019da Girne\" \/>\n<meta property=\"og:url\" content=\"https:\/\/kibrisdakik.com\/?p=13918\" \/>\n<meta property=\"article:published_time\" content=\"2023-09-16T13:05:55+00:00\" \/>\n<meta property=\"og:image\" content=\"https:\/\/kibrisdakik.com\/wp-content\/uploads\/2023\/09\/ekran-alintisi55-740x420.jpeg\" \/>\n\t<meta property=\"og:image:width\" content=\"1280\" \/>\n\t<meta property=\"og:image:height\" content=\"720\" \/>\n\t<meta property=\"og:image:type\" content=\"image\/jpeg\" \/>\n<meta name=\"author\" content=\"admin\" \/>\n<meta name=\"twitter:card\" content=\"summary_large_image\" \/>\n<meta name=\"twitter:label1\" content=\"Yazan:\" \/>\n\t<meta name=\"twitter:data1\" content=\"admin\" \/>\n\t<meta name=\"twitter:label2\" content=\"Tahmini okuma s\u00fcresi\" \/>\n\t<meta name=\"twitter:data2\" content=\"1 dakika\" \/>\n<script type=\"application\/ld+json\" class=\"yoast-schema-graph\">{\"@context\":\"https:\\\/\\\/schema.org\",\"@graph\":[{\"@type\":\"Article\",\"@id\":\"https:\\\/\\\/kibrisdakik.com\\\/?p=13918#article\",\"isPartOf\":{\"@id\":\"https:\\\/\\\/kibrisdakik.com\\\/?p=13918\"},\"author\":{\"name\":\"admin\",\"@id\":\"https:\\\/\\\/kibrisdakik.com\\\/#\\\/schema\\\/person\\\/9cd9d437bbb44f72b73ba127e06d8e79\"},\"headline\":\"Girne\u2019de \u00e7evre kirlili\u011fi sorununa \u00e7\u00f6z\u00fcm \u00fcretmek amac\u0131yla Temiz Girne Hareketi Projesi ba\u015flat\u0131ld\u0131\",\"datePublished\":\"2023-09-16T13:05:55+00:00\",\"mainEntityOfPage\":{\"@id\":\"https:\\\/\\\/kibrisdakik.com\\\/?p=13918\"},\"wordCount\":261,\"commentCount\":0,\"image\":{\"@id\":\"https:\\\/\\\/kibrisdakik.com\\\/?p=13918#primaryimage\"},\"thumbnailUrl\":\"https:\\\/\\\/kibrisdakik.com\\\/wp-content\\\/uploads\\\/2023\\\/09\\\/ekran-alintisi55-740x420.jpeg\",\"articleSection\":[\"G\u00fcndem\"],\"inLanguage\":\"tr\",\"potentialAction\":[{\"@type\":\"CommentAction\",\"name\":\"Comment\",\"target\":[\"https:\\\/\\\/kibrisdakik.com\\\/?p=13918#respond\"]}]},{\"@type\":\"WebPage\",\"@id\":\"https:\\\/\\\/kibrisdakik.com\\\/?p=13918\",\"url\":\"https:\\\/\\\/kibrisdakik.com\\\/?p=13918\",\"name\":\"Girne\u2019de \u00e7evre kirlili\u011fi sorununa \u00e7\u00f6z\u00fcm \u00fcretmek amac\u0131yla Temiz Girne Hareketi Projesi ba\u015flat\u0131ld\u0131 -\",\"isPartOf\":{\"@id\":\"https:\\\/\\\/kibrisdakik.com\\\/#website\"},\"primaryImageOfPage\":{\"@id\":\"https:\\\/\\\/kibrisdakik.com\\\/?p=13918#primaryimage\"},\"image\":{\"@id\":\"https:\\\/\\\/kibrisdakik.com\\\/?p=13918#primaryimage\"},\"thumbnailUrl\":\"https:\\\/\\\/kibrisdakik.com\\\/wp-content\\\/uploads\\\/2023\\\/09\\\/ekran-alintisi55-740x420.jpeg\",\"datePublished\":\"2023-09-16T13:05:55+00:00\",\"author\":{\"@id\":\"https:\\\/\\\/kibrisdakik.com\\\/#\\\/schema\\\/person\\\/9cd9d437bbb44f72b73ba127e06d8e79\"},\"breadcrumb\":{\"@id\":\"https:\\\/\\\/kibrisdakik.com\\\/?p=13918#breadcrumb\"},\"inLanguage\":\"tr\",\"potentialAction\":[{\"@type\":\"ReadAction\",\"target\":[\"https:\\\/\\\/kibrisdakik.com\\\/?p=13918\"]}]},{\"@type\":\"ImageObject\",\"inLanguage\":\"tr\",\"@id\":\"https:\\\/\\\/kibrisdakik.com\\\/?p=13918#primaryimage\",\"url\":\"https:\\\/\\\/kibrisdakik.com\\\/wp-content\\\/uploads\\\/2023\\\/09\\\/ekran-alintisi55-740x420.jpeg\",\"contentUrl\":\"https:\\\/\\\/kibrisdakik.com\\\/wp-content\\\/uploads\\\/2023\\\/09\\\/ekran-alintisi55-740x420.jpeg\",\"width\":1280,\"height\":720},{\"@type\":\"BreadcrumbList\",\"@id\":\"https:\\\/\\\/kibrisdakik.com\\\/?p=13918#breadcrumb\",\"itemListElement\":[{\"@type\":\"ListItem\",\"position\":1,\"name\":\"Home\",\"item\":\"https:\\\/\\\/kibrisdakik.com\\\/\"},{\"@type\":\"ListItem\",\"position\":2,\"name\":\"Girne\u2019de \u00e7evre kirlili\u011fi sorununa \u00e7\u00f6z\u00fcm \u00fcretmek amac\u0131yla Temiz Girne Hareketi Projesi ba\u015flat\u0131ld\u0131\"}]},{\"@type\":\"WebSite\",\"@id\":\"https:\\\/\\\/kibrisdakik.com\\\/#website\",\"url\":\"https:\\\/\\\/kibrisdakik.com\\\/\",\"name\":\"\",\"description\":\"Tam vaktinde haber\",\"potentialAction\":[{\"@type\":\"SearchAction\",\"target\":{\"@type\":\"EntryPoint\",\"urlTemplate\":\"https:\\\/\\\/kibrisdakik.com\\\/?s={search_term_string}\"},\"query-input\":{\"@type\":\"PropertyValueSpecification\",\"valueRequired\":true,\"valueName\":\"search_term_string\"}}],\"inLanguage\":\"tr\"},{\"@type\":\"Person\",\"@id\":\"https:\\\/\\\/kibrisdakik.com\\\/#\\\/schema\\\/person\\\/9cd9d437bbb44f72b73ba127e06d8e79\",\"name\":\"admin\",\"image\":{\"@type\":\"ImageObject\",\"inLanguage\":\"tr\",\"@id\":\"https:\\\/\\\/secure.gravatar.com\\\/avatar\\\/ccc17943b9d660506c869530f897617f7cb1c21a4bf30023f252596d83e1f007?s=96&d=mm&r=g\",\"url\":\"https:\\\/\\\/secure.gravatar.com\\\/avatar\\\/ccc17943b9d660506c869530f897617f7cb1c21a4bf30023f252596d83e1f007?s=96&d=mm&r=g\",\"contentUrl\":\"https:\\\/\\\/secure.gravatar.com\\\/avatar\\\/ccc17943b9d660506c869530f897617f7cb1c21a4bf30023f252596d83e1f007?s=96&d=mm&r=g\",\"caption\":\"admin\"},\"sameAs\":[\"https:\\\/\\\/kibrisdakik.com\"],\"url\":\"https:\\\/\\\/kibrisdakik.com\\\/?author=1\"}]}<\/script>\n<!-- \/ Yoast SEO plugin. -->","yoast_head_json":{"title":"Girne\u2019de \u00e7evre kirlili\u011fi sorununa \u00e7\u00f6z\u00fcm \u00fcretmek amac\u0131yla Temiz Girne Hareketi Projesi ba\u015flat\u0131ld\u0131 -","robots":{"index":"index","follow":"follow","max-snippet":"max-snippet:-1","max-image-preview":"max-image-preview:large","max-video-preview":"max-video-preview:-1"},"canonical":"https:\/\/kibrisdakik.com\/?p=13918","og_locale":"tr_TR","og_type":"article","og_title":"Girne\u2019de \u00e7evre kirlili\u011fi sorununa \u00e7\u00f6z\u00fcm \u00fcretmek amac\u0131yla Temiz Girne Hareketi Projesi ba\u015flat\u0131ld\u0131 -","og_description":"Girne \u0130yilik G\u00f6n\u00fcll\u00fcleri, kentte bireylerin yaratt\u0131\u011f\u0131 ve gittik\u00e7e artan \u00e7evre kirlili\u011fi sorununa \u00e7\u00f6z\u00fcm \u00fcretmek amac\u0131yla Temiz Girne Hareketi Projesini ba\u015flatt\u0131\u011f\u0131n\u0131 duyurdu. Girne \u0130yilik G\u00f6n\u00fcll\u00fcleri\u2019nden yap\u0131lan yaz\u0131l\u0131 a\u00e7\u0131klamaya g\u00f6re Girne Kaymakaml\u0131\u011f\u0131, Girne \u00c7evre Dairesi, Girne Polis M\u00fcd\u00fcrl\u00fc\u011f\u00fc ve K\u0131br\u0131s Vak\u0131flar \u0130daresi\u2019nin payda\u015f olarak yer ald\u0131\u011f\u0131 ve destek verdi\u011fi proje, 27 Eyl\u00fcl \u00c7ar\u015famba g\u00fcn\u00fc saat 18.00\u2019da Girne","og_url":"https:\/\/kibrisdakik.com\/?p=13918","article_published_time":"2023-09-16T13:05:55+00:00","og_image":[{"width":1280,"height":720,"url":"https:\/\/kibrisdakik.com\/wp-content\/uploads\/2023\/09\/ekran-alintisi55-740x420.jpeg","type":"image\/jpeg"}],"author":"admin","twitter_card":"summary_large_image","twitter_misc":{"Yazan:":"admin","Tahmini okuma s\u00fcresi":"1 dakika"},"schema":{"@context":"https:\/\/schema.org","@graph":[{"@type":"Article","@id":"https:\/\/kibrisdakik.com\/?p=13918#article","isPartOf":{"@id":"https:\/\/kibrisdakik.com\/?p=13918"},"author":{"name":"admin","@id":"https:\/\/kibrisdakik.com\/#\/schema\/person\/9cd9d437bbb44f72b73ba127e06d8e79"},"headline":"Girne\u2019de \u00e7evre kirlili\u011fi sorununa \u00e7\u00f6z\u00fcm \u00fcretmek amac\u0131yla Temiz Girne Hareketi Projesi ba\u015flat\u0131ld\u0131","datePublished":"2023-09-16T13:05:55+00:00","mainEntityOfPage":{"@id":"https:\/\/kibrisdakik.com\/?p=13918"},"wordCount":261,"commentCount":0,"image":{"@id":"https:\/\/kibrisdakik.com\/?p=13918#primaryimage"},"thumbnailUrl":"https:\/\/kibrisdakik.com\/wp-content\/uploads\/2023\/09\/ekran-alintisi55-740x420.jpeg","articleSection":["G\u00fcndem"],"inLanguage":"tr","potentialAction":[{"@type":"CommentAction","name":"Comment","target":["https:\/\/kibrisdakik.com\/?p=13918#respond"]}]},{"@type":"WebPage","@id":"https:\/\/kibrisdakik.com\/?p=13918","url":"https:\/\/kibrisdakik.com\/?p=13918","name":"Girne\u2019de \u00e7evre kirlili\u011fi sorununa \u00e7\u00f6z\u00fcm \u00fcretmek amac\u0131yla Temiz Girne Hareketi Projesi ba\u015flat\u0131ld\u0131 -","isPartOf":{"@id":"https:\/\/kibrisdakik.com\/#website"},"primaryImageOfPage":{"@id":"https:\/\/kibrisdakik.com\/?p=13918#primaryimage"},"image":{"@id":"https:\/\/kibrisdakik.com\/?p=13918#primaryimage"},"thumbnailUrl":"https:\/\/kibrisdakik.com\/wp-content\/uploads\/2023\/09\/ekran-alintisi55-740x420.jpeg","datePublished":"2023-09-16T13:05:55+00:00","author":{"@id":"https:\/\/kibrisdakik.com\/#\/schema\/person\/9cd9d437bbb44f72b73ba127e06d8e79"},"breadcrumb":{"@id":"https:\/\/kibrisdakik.com\/?p=13918#breadcrumb"},"inLanguage":"tr","potentialAction":[{"@type":"ReadAction","target":["https:\/\/kibrisdakik.com\/?p=13918"]}]},{"@type":"ImageObject","inLanguage":"tr","@id":"https:\/\/kibrisdakik.com\/?p=13918#primaryimage","url":"https:\/\/kibrisdakik.com\/wp-content\/uploads\/2023\/09\/ekran-alintisi55-740x420.jpeg","contentUrl":"https:\/\/kibrisdakik.com\/wp-content\/uploads\/2023\/09\/ekran-alintisi55-740x420.jpeg","width":1280,"height":720},{"@type":"BreadcrumbList","@id":"https:\/\/kibrisdakik.com\/?p=13918#breadcrumb","itemListElement":[{"@type":"ListItem","position":1,"name":"Home","item":"https:\/\/kibrisdakik.com\/"},{"@type":"ListItem","position":2,"name":"Girne\u2019de \u00e7evre kirlili\u011fi sorununa \u00e7\u00f6z\u00fcm \u00fcretmek amac\u0131yla Temiz Girne Hareketi Projesi ba\u015flat\u0131ld\u0131"}]},{"@type":"WebSite","@id":"https:\/\/kibrisdakik.com\/#website","url":"https:\/\/kibrisdakik.com\/","name":"","description":"Tam vaktinde haber","potentialAction":[{"@type":"SearchAction","target":{"@type":"EntryPoint","urlTemplate":"https:\/\/kibrisdakik.com\/?s={search_term_string}"},"query-input":{"@type":"PropertyValueSpecification","valueRequired":true,"valueName":"search_term_string"}}],"inLanguage":"tr"},{"@type":"Person","@id":"https:\/\/kibrisdakik.com\/#\/schema\/person\/9cd9d437bbb44f72b73ba127e06d8e79","name":"admin","image":{"@type":"ImageObject","inLanguage":"tr","@id":"https:\/\/secure.gravatar.com\/avatar\/ccc17943b9d660506c869530f897617f7cb1c21a4bf30023f252596d83e1f007?s=96&d=mm&r=g","url":"https:\/\/secure.gravatar.com\/avatar\/ccc17943b9d660506c869530f897617f7cb1c21a4bf30023f252596d83e1f007?s=96&d=mm&r=g","contentUrl":"https:\/\/secure.gravatar.com\/avatar\/ccc17943b9d660506c869530f897617f7cb1c21a4bf30023f252596d83e1f007?s=96&d=mm&r=g","caption":"admin"},"sameAs":["https:\/\/kibrisdakik.com"],"url":"https:\/\/kibrisdakik.com\/?author=1"}]}},"_links":{"self":[{"href":"https:\/\/kibrisdakik.com\/index.php?rest_route=\/wp\/v2\/posts\/13918","targetHints":{"allow":["GET"]}}],"collection":[{"href":"https:\/\/kibrisdakik.com\/index.php?rest_route=\/wp\/v2\/posts"}],"about":[{"href":"https:\/\/kibrisdakik.com\/index.php?rest_route=\/wp\/v2\/types\/post"}],"author":[{"embeddable":true,"href":"https:\/\/kibrisdakik.com\/index.php?rest_route=\/wp\/v2\/users\/1"}],"replies":[{"embeddable":true,"href":"https:\/\/kibrisdakik.com\/index.php?rest_route=%2Fwp%2Fv2%2Fcomments&post=13918"}],"version-history":[{"count":0,"href":"https:\/\/kibrisdakik.com\/index.php?rest_route=\/wp\/v2\/posts\/13918\/revisions"}],"wp:featuredmedia":[{"embeddable":true,"href":"https:\/\/kibrisdakik.com\/index.php?rest_route=\/wp\/v2\/media\/13919"}],"wp:attachment":[{"href":"https:\/\/kibrisdakik.com\/index.php?rest_route=%2Fwp%2Fv2%2Fmedia&parent=13918"}],"wp:term":[{"taxonomy":"category","embeddable":true,"href":"https:\/\/kibrisdakik.com\/index.php?rest_route=%2Fwp%2Fv2%2Fcategories&post=13918"},{"taxonomy":"post_tag","embeddable":true,"href":"https:\/\/kibrisdakik.com\/index.php?rest_route=%2Fwp%2Fv2%2Ftags&post=13918"}],"curies":[{"name":"wp","href":"https:\/\/api.w.org\/{rel}","templated":true}]}}