{"id":13928,"date":"2023-09-16T16:01:12","date_gmt":"2023-09-16T16:01:12","guid":{"rendered":"https:\/\/kibrisdakik.com\/index.php\/2023\/09\/16\/polis-haberleri-62-yasindaki-ruhi-yilmaz-hayatini-kaybetti\/"},"modified":"2023-09-16T16:01:12","modified_gmt":"2023-09-16T16:01:12","slug":"polis-haberleri-62-yasindaki-ruhi-yilmaz-hayatini-kaybetti","status":"publish","type":"post","link":"https:\/\/kibrisdakik.com\/?p=13928","title":{"rendered":"Polis Haberleri: 62 ya\u015f\u0131ndaki Ruhi Y\u0131lmaz hayat\u0131n\u0131 kaybetti"},"content":{"rendered":"<p><\/p>\n<div>\n<div class=\"mariselle-image-container none\">\n                <img width=\"886\" height=\"538\" class=\"lazy-image\" alt=\"\" decoding=\"async\" loading=\"lazy\" sizes=\"auto, (max-width: 886px) 100vw, 886px\" src=\"https:\/\/brtk.net\/wp-content\/uploads\/2023\/09\/16\/polis-958x53834-1.jpg?ver=d206c99c1bf8bfcd4a4b40fbe036b8d3\" srcset=\"https:\/\/brtk.net\/wp-content\/uploads\/2023\/09\/16\/polis-958x53834-1.jpg?ver=d206c99c1bf8bfcd4a4b40fbe036b8d3 886w, https:\/\/brtk.net\/wp-content\/uploads\/2023\/09\/16\/polis-958x53834-1-300x182.jpg?ver=d206c99c1bf8bfcd4a4b40fbe036b8d3 300w, https:\/\/brtk.net\/wp-content\/uploads\/2023\/09\/16\/polis-958x53834-1-768x466.jpg?ver=73d4e6d2d44c90d0291aa5480f399fcc 768w\"\/>                            <\/div>\n<p>Karao\u011flano\u011flu\u2019nda d\u00fcn 62 ya\u015f\u0131ndaki Ruhi Y\u0131lmaz, ikametgah\u0131 i\u00e7erisinde \u00f6l\u00fc olarak bulundu.<\/p>\n<p>Polis Bas\u0131n Subayl\u0131\u011f\u0131\u2019ndan yap\u0131lan a\u00e7\u0131klamaya g\u00f6re, Y\u0131lmaz\u2019\u0131n yap\u0131lan otopsisinde, \u00f6l\u00fcm sebebinin \u201ckalp yetmezli\u011fi ve kalp krizi\u201d oldu\u011fu tespit edildi.<\/p>\n<p>-Fehim Nevzat\u2019\u0131n kan ve doku \u00f6rnekleri al\u0131nd\u0131<\/p>\n<p>Beylerbeyi\u2019nde 13 Eyl\u00fcl\u2019de, kald\u0131\u011f\u0131 ikametgahta aniden rahats\u0131zlanarak ya\u015fam\u0131n\u0131 yitiren Fehim Nevzat\u2019\u0131n (E-82), \u00f6l\u00fcm sebebinin tespiti i\u00e7in kan ve doku \u00f6rnekleri al\u0131nd\u0131. Nevzat\u2019\u0131n, kesin \u00f6l\u00fcm sebebi yap\u0131lacak tetkiklerin ard\u0131ndan belli olacak.<\/p>\n<p>PGM\/<a href=\"https:\/\/brtk.net\/\">BRT<\/a><\/p>\n<\/p><\/div>\n","protected":false},"excerpt":{"rendered":"<p>Karao\u011flano\u011flu\u2019nda d\u00fcn 62 ya\u015f\u0131ndaki Ruhi Y\u0131lmaz, ikametgah\u0131 i\u00e7erisinde \u00f6l\u00fc olarak bulundu. Polis Bas\u0131n Subayl\u0131\u011f\u0131\u2019ndan yap\u0131lan a\u00e7\u0131klamaya g\u00f6re, Y\u0131lmaz\u2019\u0131n yap\u0131lan otopsisinde, \u00f6l\u00fcm sebebinin \u201ckalp yetmezli\u011fi ve kalp krizi\u201d oldu\u011fu tespit edildi. -Fehim Nevzat\u2019\u0131n kan ve doku \u00f6rnekleri al\u0131nd\u0131 Beylerbeyi\u2019nde 13 Eyl\u00fcl\u2019de, kald\u0131\u011f\u0131 ikametgahta aniden rahats\u0131zlanarak ya\u015fam\u0131n\u0131 yitiren Fehim Nevzat\u2019\u0131n (E-82), \u00f6l\u00fcm sebebinin tespiti i\u00e7in kan ve<\/p>\n","protected":false},"author":1,"featured_media":3996,"comment_status":"open","ping_status":"open","sticky":false,"template":"","format":"standard","meta":{"footnotes":""},"categories":[1],"tags":[],"class_list":["post-13928","post","type-post","status-publish","format-standard","has-post-thumbnail","hentry","category-gundem"],"yoast_head":"<!-- This site is optimized with the Yoast SEO plugin v27.4 - https:\/\/yoast.com\/product\/yoast-seo-wordpress\/ -->\n<title>Polis Haberleri: 62 ya\u015f\u0131ndaki Ruhi Y\u0131lmaz hayat\u0131n\u0131 kaybetti -<\/title>\n<meta name=\"robots\" content=\"index, follow, max-snippet:-1, max-image-preview:large, max-video-preview:-1\" \/>\n<link rel=\"canonical\" href=\"https:\/\/kibrisdakik.com\/?p=13928\" \/>\n<meta property=\"og:locale\" content=\"tr_TR\" \/>\n<meta property=\"og:type\" content=\"article\" \/>\n<meta property=\"og:title\" content=\"Polis Haberleri: 62 ya\u015f\u0131ndaki Ruhi Y\u0131lmaz hayat\u0131n\u0131 kaybetti -\" \/>\n<meta property=\"og:description\" content=\"Karao\u011flano\u011flu\u2019nda d\u00fcn 62 ya\u015f\u0131ndaki Ruhi Y\u0131lmaz, ikametgah\u0131 i\u00e7erisinde \u00f6l\u00fc olarak bulundu. Polis Bas\u0131n Subayl\u0131\u011f\u0131\u2019ndan yap\u0131lan a\u00e7\u0131klamaya g\u00f6re, Y\u0131lmaz\u2019\u0131n yap\u0131lan otopsisinde, \u00f6l\u00fcm sebebinin \u201ckalp yetmezli\u011fi ve kalp krizi\u201d oldu\u011fu tespit edildi. -Fehim Nevzat\u2019\u0131n kan ve doku \u00f6rnekleri al\u0131nd\u0131 Beylerbeyi\u2019nde 13 Eyl\u00fcl\u2019de, kald\u0131\u011f\u0131 ikametgahta aniden rahats\u0131zlanarak ya\u015fam\u0131n\u0131 yitiren Fehim Nevzat\u2019\u0131n (E-82), \u00f6l\u00fcm sebebinin tespiti i\u00e7in kan ve\" \/>\n<meta property=\"og:url\" content=\"https:\/\/kibrisdakik.com\/?p=13928\" \/>\n<meta property=\"article:published_time\" content=\"2023-09-16T16:01:12+00:00\" \/>\n<meta property=\"og:image\" content=\"https:\/\/kibrisdakik.com\/wp-content\/uploads\/2023\/03\/olum-222.jpg\" \/>\n\t<meta property=\"og:image:width\" content=\"695\" \/>\n\t<meta property=\"og:image:height\" content=\"367\" \/>\n\t<meta property=\"og:image:type\" content=\"image\/jpeg\" \/>\n<meta name=\"author\" content=\"admin\" \/>\n<meta name=\"twitter:card\" content=\"summary_large_image\" \/>\n<meta name=\"twitter:label1\" content=\"Yazan:\" \/>\n\t<meta name=\"twitter:data1\" content=\"admin\" \/>\n\t<meta name=\"twitter:label2\" content=\"Tahmini okuma s\u00fcresi\" \/>\n\t<meta name=\"twitter:data2\" content=\"1 dakika\" \/>\n<script type=\"application\/ld+json\" class=\"yoast-schema-graph\">{\"@context\":\"https:\\\/\\\/schema.org\",\"@graph\":[{\"@type\":\"Article\",\"@id\":\"https:\\\/\\\/kibrisdakik.com\\\/?p=13928#article\",\"isPartOf\":{\"@id\":\"https:\\\/\\\/kibrisdakik.com\\\/?p=13928\"},\"author\":{\"name\":\"admin\",\"@id\":\"https:\\\/\\\/kibrisdakik.com\\\/#\\\/schema\\\/person\\\/9cd9d437bbb44f72b73ba127e06d8e79\"},\"headline\":\"Polis Haberleri: 62 ya\u015f\u0131ndaki Ruhi Y\u0131lmaz hayat\u0131n\u0131 kaybetti\",\"datePublished\":\"2023-09-16T16:01:12+00:00\",\"mainEntityOfPage\":{\"@id\":\"https:\\\/\\\/kibrisdakik.com\\\/?p=13928\"},\"wordCount\":111,\"commentCount\":0,\"image\":{\"@id\":\"https:\\\/\\\/kibrisdakik.com\\\/?p=13928#primaryimage\"},\"thumbnailUrl\":\"https:\\\/\\\/kibrisdakik.com\\\/wp-content\\\/uploads\\\/2023\\\/03\\\/olum-222.jpg\",\"articleSection\":[\"G\u00fcndem\"],\"inLanguage\":\"tr\",\"potentialAction\":[{\"@type\":\"CommentAction\",\"name\":\"Comment\",\"target\":[\"https:\\\/\\\/kibrisdakik.com\\\/?p=13928#respond\"]}]},{\"@type\":\"WebPage\",\"@id\":\"https:\\\/\\\/kibrisdakik.com\\\/?p=13928\",\"url\":\"https:\\\/\\\/kibrisdakik.com\\\/?p=13928\",\"name\":\"Polis Haberleri: 62 ya\u015f\u0131ndaki Ruhi Y\u0131lmaz hayat\u0131n\u0131 kaybetti -\",\"isPartOf\":{\"@id\":\"https:\\\/\\\/kibrisdakik.com\\\/#website\"},\"primaryImageOfPage\":{\"@id\":\"https:\\\/\\\/kibrisdakik.com\\\/?p=13928#primaryimage\"},\"image\":{\"@id\":\"https:\\\/\\\/kibrisdakik.com\\\/?p=13928#primaryimage\"},\"thumbnailUrl\":\"https:\\\/\\\/kibrisdakik.com\\\/wp-content\\\/uploads\\\/2023\\\/03\\\/olum-222.jpg\",\"datePublished\":\"2023-09-16T16:01:12+00:00\",\"author\":{\"@id\":\"https:\\\/\\\/kibrisdakik.com\\\/#\\\/schema\\\/person\\\/9cd9d437bbb44f72b73ba127e06d8e79\"},\"breadcrumb\":{\"@id\":\"https:\\\/\\\/kibrisdakik.com\\\/?p=13928#breadcrumb\"},\"inLanguage\":\"tr\",\"potentialAction\":[{\"@type\":\"ReadAction\",\"target\":[\"https:\\\/\\\/kibrisdakik.com\\\/?p=13928\"]}]},{\"@type\":\"ImageObject\",\"inLanguage\":\"tr\",\"@id\":\"https:\\\/\\\/kibrisdakik.com\\\/?p=13928#primaryimage\",\"url\":\"https:\\\/\\\/kibrisdakik.com\\\/wp-content\\\/uploads\\\/2023\\\/03\\\/olum-222.jpg\",\"contentUrl\":\"https:\\\/\\\/kibrisdakik.com\\\/wp-content\\\/uploads\\\/2023\\\/03\\\/olum-222.jpg\",\"width\":695,\"height\":367},{\"@type\":\"BreadcrumbList\",\"@id\":\"https:\\\/\\\/kibrisdakik.com\\\/?p=13928#breadcrumb\",\"itemListElement\":[{\"@type\":\"ListItem\",\"position\":1,\"name\":\"Home\",\"item\":\"https:\\\/\\\/kibrisdakik.com\\\/\"},{\"@type\":\"ListItem\",\"position\":2,\"name\":\"Polis Haberleri: 62 ya\u015f\u0131ndaki Ruhi Y\u0131lmaz hayat\u0131n\u0131 kaybetti\"}]},{\"@type\":\"WebSite\",\"@id\":\"https:\\\/\\\/kibrisdakik.com\\\/#website\",\"url\":\"https:\\\/\\\/kibrisdakik.com\\\/\",\"name\":\"\",\"description\":\"Tam vaktinde haber\",\"potentialAction\":[{\"@type\":\"SearchAction\",\"target\":{\"@type\":\"EntryPoint\",\"urlTemplate\":\"https:\\\/\\\/kibrisdakik.com\\\/?s={search_term_string}\"},\"query-input\":{\"@type\":\"PropertyValueSpecification\",\"valueRequired\":true,\"valueName\":\"search_term_string\"}}],\"inLanguage\":\"tr\"},{\"@type\":\"Person\",\"@id\":\"https:\\\/\\\/kibrisdakik.com\\\/#\\\/schema\\\/person\\\/9cd9d437bbb44f72b73ba127e06d8e79\",\"name\":\"admin\",\"image\":{\"@type\":\"ImageObject\",\"inLanguage\":\"tr\",\"@id\":\"https:\\\/\\\/secure.gravatar.com\\\/avatar\\\/ccc17943b9d660506c869530f897617f7cb1c21a4bf30023f252596d83e1f007?s=96&d=mm&r=g\",\"url\":\"https:\\\/\\\/secure.gravatar.com\\\/avatar\\\/ccc17943b9d660506c869530f897617f7cb1c21a4bf30023f252596d83e1f007?s=96&d=mm&r=g\",\"contentUrl\":\"https:\\\/\\\/secure.gravatar.com\\\/avatar\\\/ccc17943b9d660506c869530f897617f7cb1c21a4bf30023f252596d83e1f007?s=96&d=mm&r=g\",\"caption\":\"admin\"},\"sameAs\":[\"https:\\\/\\\/kibrisdakik.com\"],\"url\":\"https:\\\/\\\/kibrisdakik.com\\\/?author=1\"}]}<\/script>\n<!-- \/ Yoast SEO plugin. -->","yoast_head_json":{"title":"Polis Haberleri: 62 ya\u015f\u0131ndaki Ruhi Y\u0131lmaz hayat\u0131n\u0131 kaybetti -","robots":{"index":"index","follow":"follow","max-snippet":"max-snippet:-1","max-image-preview":"max-image-preview:large","max-video-preview":"max-video-preview:-1"},"canonical":"https:\/\/kibrisdakik.com\/?p=13928","og_locale":"tr_TR","og_type":"article","og_title":"Polis Haberleri: 62 ya\u015f\u0131ndaki Ruhi Y\u0131lmaz hayat\u0131n\u0131 kaybetti -","og_description":"Karao\u011flano\u011flu\u2019nda d\u00fcn 62 ya\u015f\u0131ndaki Ruhi Y\u0131lmaz, ikametgah\u0131 i\u00e7erisinde \u00f6l\u00fc olarak bulundu. Polis Bas\u0131n Subayl\u0131\u011f\u0131\u2019ndan yap\u0131lan a\u00e7\u0131klamaya g\u00f6re, Y\u0131lmaz\u2019\u0131n yap\u0131lan otopsisinde, \u00f6l\u00fcm sebebinin \u201ckalp yetmezli\u011fi ve kalp krizi\u201d oldu\u011fu tespit edildi. -Fehim Nevzat\u2019\u0131n kan ve doku \u00f6rnekleri al\u0131nd\u0131 Beylerbeyi\u2019nde 13 Eyl\u00fcl\u2019de, kald\u0131\u011f\u0131 ikametgahta aniden rahats\u0131zlanarak ya\u015fam\u0131n\u0131 yitiren Fehim Nevzat\u2019\u0131n (E-82), \u00f6l\u00fcm sebebinin tespiti i\u00e7in kan ve","og_url":"https:\/\/kibrisdakik.com\/?p=13928","article_published_time":"2023-09-16T16:01:12+00:00","og_image":[{"width":695,"height":367,"url":"https:\/\/kibrisdakik.com\/wp-content\/uploads\/2023\/03\/olum-222.jpg","type":"image\/jpeg"}],"author":"admin","twitter_card":"summary_large_image","twitter_misc":{"Yazan:":"admin","Tahmini okuma s\u00fcresi":"1 dakika"},"schema":{"@context":"https:\/\/schema.org","@graph":[{"@type":"Article","@id":"https:\/\/kibrisdakik.com\/?p=13928#article","isPartOf":{"@id":"https:\/\/kibrisdakik.com\/?p=13928"},"author":{"name":"admin","@id":"https:\/\/kibrisdakik.com\/#\/schema\/person\/9cd9d437bbb44f72b73ba127e06d8e79"},"headline":"Polis Haberleri: 62 ya\u015f\u0131ndaki Ruhi Y\u0131lmaz hayat\u0131n\u0131 kaybetti","datePublished":"2023-09-16T16:01:12+00:00","mainEntityOfPage":{"@id":"https:\/\/kibrisdakik.com\/?p=13928"},"wordCount":111,"commentCount":0,"image":{"@id":"https:\/\/kibrisdakik.com\/?p=13928#primaryimage"},"thumbnailUrl":"https:\/\/kibrisdakik.com\/wp-content\/uploads\/2023\/03\/olum-222.jpg","articleSection":["G\u00fcndem"],"inLanguage":"tr","potentialAction":[{"@type":"CommentAction","name":"Comment","target":["https:\/\/kibrisdakik.com\/?p=13928#respond"]}]},{"@type":"WebPage","@id":"https:\/\/kibrisdakik.com\/?p=13928","url":"https:\/\/kibrisdakik.com\/?p=13928","name":"Polis Haberleri: 62 ya\u015f\u0131ndaki Ruhi Y\u0131lmaz hayat\u0131n\u0131 kaybetti -","isPartOf":{"@id":"https:\/\/kibrisdakik.com\/#website"},"primaryImageOfPage":{"@id":"https:\/\/kibrisdakik.com\/?p=13928#primaryimage"},"image":{"@id":"https:\/\/kibrisdakik.com\/?p=13928#primaryimage"},"thumbnailUrl":"https:\/\/kibrisdakik.com\/wp-content\/uploads\/2023\/03\/olum-222.jpg","datePublished":"2023-09-16T16:01:12+00:00","author":{"@id":"https:\/\/kibrisdakik.com\/#\/schema\/person\/9cd9d437bbb44f72b73ba127e06d8e79"},"breadcrumb":{"@id":"https:\/\/kibrisdakik.com\/?p=13928#breadcrumb"},"inLanguage":"tr","potentialAction":[{"@type":"ReadAction","target":["https:\/\/kibrisdakik.com\/?p=13928"]}]},{"@type":"ImageObject","inLanguage":"tr","@id":"https:\/\/kibrisdakik.com\/?p=13928#primaryimage","url":"https:\/\/kibrisdakik.com\/wp-content\/uploads\/2023\/03\/olum-222.jpg","contentUrl":"https:\/\/kibrisdakik.com\/wp-content\/uploads\/2023\/03\/olum-222.jpg","width":695,"height":367},{"@type":"BreadcrumbList","@id":"https:\/\/kibrisdakik.com\/?p=13928#breadcrumb","itemListElement":[{"@type":"ListItem","position":1,"name":"Home","item":"https:\/\/kibrisdakik.com\/"},{"@type":"ListItem","position":2,"name":"Polis Haberleri: 62 ya\u015f\u0131ndaki Ruhi Y\u0131lmaz hayat\u0131n\u0131 kaybetti"}]},{"@type":"WebSite","@id":"https:\/\/kibrisdakik.com\/#website","url":"https:\/\/kibrisdakik.com\/","name":"","description":"Tam vaktinde haber","potentialAction":[{"@type":"SearchAction","target":{"@type":"EntryPoint","urlTemplate":"https:\/\/kibrisdakik.com\/?s={search_term_string}"},"query-input":{"@type":"PropertyValueSpecification","valueRequired":true,"valueName":"search_term_string"}}],"inLanguage":"tr"},{"@type":"Person","@id":"https:\/\/kibrisdakik.com\/#\/schema\/person\/9cd9d437bbb44f72b73ba127e06d8e79","name":"admin","image":{"@type":"ImageObject","inLanguage":"tr","@id":"https:\/\/secure.gravatar.com\/avatar\/ccc17943b9d660506c869530f897617f7cb1c21a4bf30023f252596d83e1f007?s=96&d=mm&r=g","url":"https:\/\/secure.gravatar.com\/avatar\/ccc17943b9d660506c869530f897617f7cb1c21a4bf30023f252596d83e1f007?s=96&d=mm&r=g","contentUrl":"https:\/\/secure.gravatar.com\/avatar\/ccc17943b9d660506c869530f897617f7cb1c21a4bf30023f252596d83e1f007?s=96&d=mm&r=g","caption":"admin"},"sameAs":["https:\/\/kibrisdakik.com"],"url":"https:\/\/kibrisdakik.com\/?author=1"}]}},"_links":{"self":[{"href":"https:\/\/kibrisdakik.com\/index.php?rest_route=\/wp\/v2\/posts\/13928","targetHints":{"allow":["GET"]}}],"collection":[{"href":"https:\/\/kibrisdakik.com\/index.php?rest_route=\/wp\/v2\/posts"}],"about":[{"href":"https:\/\/kibrisdakik.com\/index.php?rest_route=\/wp\/v2\/types\/post"}],"author":[{"embeddable":true,"href":"https:\/\/kibrisdakik.com\/index.php?rest_route=\/wp\/v2\/users\/1"}],"replies":[{"embeddable":true,"href":"https:\/\/kibrisdakik.com\/index.php?rest_route=%2Fwp%2Fv2%2Fcomments&post=13928"}],"version-history":[{"count":0,"href":"https:\/\/kibrisdakik.com\/index.php?rest_route=\/wp\/v2\/posts\/13928\/revisions"}],"wp:featuredmedia":[{"embeddable":true,"href":"https:\/\/kibrisdakik.com\/index.php?rest_route=\/wp\/v2\/media\/3996"}],"wp:attachment":[{"href":"https:\/\/kibrisdakik.com\/index.php?rest_route=%2Fwp%2Fv2%2Fmedia&parent=13928"}],"wp:term":[{"taxonomy":"category","embeddable":true,"href":"https:\/\/kibrisdakik.com\/index.php?rest_route=%2Fwp%2Fv2%2Fcategories&post=13928"},{"taxonomy":"post_tag","embeddable":true,"href":"https:\/\/kibrisdakik.com\/index.php?rest_route=%2Fwp%2Fv2%2Ftags&post=13928"}],"curies":[{"name":"wp","href":"https:\/\/api.w.org\/{rel}","templated":true}]}}