{"id":13972,"date":"2023-09-17T11:51:48","date_gmt":"2023-09-17T11:51:48","guid":{"rendered":"https:\/\/kibrisdakik.com\/index.php\/2023\/09\/17\/cumhurbaskani-tatar-62-olum-yildonumunde-adnan-menderes-fatin-rustu-zorlu-ve-hasan-polatkani-andi\/"},"modified":"2023-09-17T11:51:48","modified_gmt":"2023-09-17T11:51:48","slug":"cumhurbaskani-tatar-62-olum-yildonumunde-adnan-menderes-fatin-rustu-zorlu-ve-hasan-polatkani-andi","status":"publish","type":"post","link":"https:\/\/kibrisdakik.com\/?p=13972","title":{"rendered":"Cumhurba\u015fkan\u0131 Tatar, 62. \u00f6l\u00fcm y\u0131ld\u00f6n\u00fcm\u00fcnde Adnan Menderes, Fatin R\u00fc\u015ft\u00fc Zorlu ve Hasan Polatkan\u2019\u0131 and\u0131"},"content":{"rendered":"<p><\/p>\n<div>\n<div class=\"mariselle-image-container center\">\n                <img width=\"1536\" height=\"900\" class=\"lazy-image\" alt=\"\" decoding=\"async\" loading=\"lazy\" sizes=\"auto, (max-width: 1536px) 100vw, 1536px\" src=\"https:\/\/brtk.net\/wp-content\/uploads\/2023\/01\/16\/ersin-tatar-YAZI-YAZARKEN-1536x900-1.jpeg?ver=907acafea3c6ebb02be600659a5d47e9\" srcset=\"https:\/\/brtk.net\/wp-content\/uploads\/2023\/01\/16\/ersin-tatar-YAZI-YAZARKEN-1536x900-1.jpeg?ver=907acafea3c6ebb02be600659a5d47e9 1536w, https:\/\/brtk.net\/wp-content\/uploads\/2023\/01\/16\/ersin-tatar-YAZI-YAZARKEN-1536x900-1-300x176.jpeg?ver=8f053bddbb1bd5912db5cf013d270459 300w, https:\/\/brtk.net\/wp-content\/uploads\/2023\/01\/16\/ersin-tatar-YAZI-YAZARKEN-1536x900-1-1024x600.jpeg?ver=2b5a2d732ed5a1cb86932c4613f2620a 1024w, https:\/\/brtk.net\/wp-content\/uploads\/2023\/01\/16\/ersin-tatar-YAZI-YAZARKEN-1536x900-1-768x450.jpeg?ver=2b5a2d732ed5a1cb86932c4613f2620a 768w, https:\/\/brtk.net\/wp-content\/uploads\/2023\/01\/16\/ersin-tatar-YAZI-YAZARKEN-1536x900-1-379x222.jpeg?ver=88b0be597889fff4aa756b6da4a73bcd 379w\"\/>                            <\/div>\n<p>Cumhurba\u015fkan\u0131 <a href=\"https:\/\/brtk.net\/\" target=\"_blank\" rel=\"noopener\"><a href=\"https:\/\/brtk.net\/\" target=\"_blank\" rel=\"noopener\">Ersin <\/a><a href=\"https:\/\/brtk.net\/\"\/><a href=\"https:\/\/brtk.net\/\">Tatar<\/a>, 62. \u00f6l\u00fcm y\u0131ld\u00f6n\u00fcm\u00fcnde Adnan Menderes, Fatin R\u00fc\u015ft\u00fc Zorlu ve Hasan Polatkan\u2019\u0131 and\u0131 <\/p>\n<p>Cumhurba\u015fkan\u0131 <a href=\"https:\/\/brtk.net\/\" target=\"_blank\" rel=\"noopener\"><a href=\"https:\/\/brtk.net\/\" target=\"_blank\" rel=\"noopener\">Ersin <\/a><a href=\"https:\/\/brtk.net\/\"\/><a href=\"https:\/\/brtk.net\/\">Tatar<\/a>, Ba\u015fbakan Adnan Menderes, D\u0131\u015fi\u015fleri Fatin R\u00fc\u015ft\u00fc Zorlu ve Maliye Bakan\u0131 Hasan Polatkan\u2019n\u0131n demokrasi \u015fehitleri olduklar\u0131n\u0131 belirtti. <\/p>\n<p>Cumhurba\u015fkan\u0131 <a href=\"https:\/\/brtk.net\/\"\/><a href=\"https:\/\/brtk.net\/\">Tatar<\/a>; \u201cDemokrasi \u015eehitleri olarak bilinen ve T\u00fcrkiye Cumhuriyeti\u2019nin yan\u0131nda K\u0131br\u0131s T\u00fcrk Milli M\u00fccadelesine \u00f6nemli katk\u0131lar\u0131 olan d\u00f6nemin Ba\u015fbakan\u0131 Adnan Menderes, D\u0131\u015fi\u015fleri Bakan\u0131 Fatin R\u00fc\u015ft\u00fc Zorlu ve Maliye Bakan\u0131 Hasan Polatkan inand\u0131klar\u0131 dava u\u011fruna T\u00fcrk Milletine hizmet etmi\u015f, hi\u00e7 kimseye boyun e\u011fmeden bu u\u011furda canlar\u0131 pahas\u0131na m\u00fccadele vermi\u015f Demokrasi \u015eehitleri\u2019dir.<br \/>D\u00f6nemin Ba\u015fbakan\u0131 Adnan Menderes ve D\u0131\u015fi\u015fleri Bakan\u0131 Fatin R\u00fc\u015ft\u00fc Zorlu, K\u0131br\u0131s T\u00fcrk\u00fc\u2019n\u00fcn en zor y\u0131llar\u0131nda d\u00fcnyay\u0131 kar\u015f\u0131lar\u0131na alarak TMT\u2019nin g\u00fc\u00e7l\u00fc kadrolar\u0131n\u0131n olu\u015fturulmas\u0131na destek sunmu\u015flard\u0131r. Uluslararas\u0131 arenada ise K\u0131br\u0131s T\u00fcrk\u00fc\u2019n\u00fcn haklar\u0131n\u0131 savunarak, 1960 y\u0131l\u0131nda kurulan K\u0131br\u0131s Cumhuriyeti\u2019nin kurucu antla\u015fmalar\u0131nda, adadaki K\u0131br\u0131s T\u00fcrk ve Rum halklar\u0131n\u0131n e\u015fit siyasi hak ve stat\u00fcs\u00fcn\u00fcn \u00f6zellikle antla\u015fmada yer almas\u0131 hususunu Liderimiz Dr. Faz\u0131l K\u00fc\u00e7\u00fck ve Kurucu Cumhurba\u015fkan\u0131m\u0131z Rauf Raif Denkta\u015f\u2019la birlikte ba\u015farm\u0131\u015flard\u0131r.<br \/>Hi\u00e7 ku\u015fkusuz ki en \u00f6nemli ba\u015far\u0131lar\u0131ndan birisi de kurucu antla\u015fmalar\u0131n i\u00e7inde yer alan Garanti ve \u0130ttifak antla\u015fmalar\u0131na; \u201c\u00dc\u00e7 garant\u00f6r devletten biri, birlikte veya birbirlerine dan\u0131\u015farak (i\u015fbirli\u011fi halinde) hareket etmek olana\u011f\u0131 bulunmad\u0131\u011f\u0131 taktirde, bu antla\u015fman\u0131n olu\u015fturdu\u011fu durumu (state of affairs) m\u00fcnhas\u0131ran yeniden olu\u015fturmak gayesi ile hareket etmek hakk\u0131n\u0131 korumaktad\u0131rlar\u201d maddesini eklettirmeleri olmu\u015ftur. Anavatan\u0131m\u0131z ve Garant\u00f6r\u00fcm\u00fcz T\u00fcrkiye Cumhuriyeti bu maddeye dayanarak 20 Temmuz 1974 tarihinde tek tarafl\u0131 m\u00fcdahale hakk\u0131n\u0131 kullanarak Mutlu Bar\u0131\u015f Harekat\u0131n\u0131 ger\u00e7ekle\u015ftirmi\u015f ve Yunan Cunta \u0130daresinin emrinde 15 Temmuz 1974 tarihinde ger\u00e7ekle\u015ftirilen askeri darbenin hedefi olan Ada\u2019n\u0131n Yunanistan\u2019a ba\u011flanmas\u0131n\u0131 engellemi\u015flerdir.<br \/>Maalesef 16-17 Eyl\u00fcl 1961 tarihinde ise Ba\u015fbakan Adnan Menderes, D\u0131\u015fi\u015fleri Bakan\u0131 Fatin R\u00fc\u015ft\u00fc Zorlu ve dava arkada\u015flar\u0131 Hasan Polatkan \u015fehadete ermi\u015flerdir.<\/p>\n<p>Aram\u0131zdan ayr\u0131l\u0131\u015flar\u0131n\u0131n y\u0131ld\u00f6n\u00fcm\u00fcnde Ba\u015fbakan Adnan Menderes\u2019i, D\u0131\u015fi\u015fleri Bakan\u0131 Fatin R\u00fc\u015ft\u00fc Zorlu\u2019yu ve dava arkada\u015flar\u0131 Maliye Bakan\u0131 Hasan Polatkan\u2019\u0131 sevgi, sayg\u0131 ve rahmetle an\u0131yorum\u201d dedi.<\/p>\n<\/p><\/div>\n","protected":false},"excerpt":{"rendered":"<p>Cumhurba\u015fkan\u0131 Ersin Tatar, 62. \u00f6l\u00fcm y\u0131ld\u00f6n\u00fcm\u00fcnde Adnan Menderes, Fatin R\u00fc\u015ft\u00fc Zorlu ve Hasan Polatkan\u2019\u0131 and\u0131 Cumhurba\u015fkan\u0131 Ersin Tatar, Ba\u015fbakan Adnan Menderes, D\u0131\u015fi\u015fleri Fatin R\u00fc\u015ft\u00fc Zorlu ve Maliye Bakan\u0131 Hasan Polatkan\u2019n\u0131n demokrasi \u015fehitleri olduklar\u0131n\u0131 belirtti. Cumhurba\u015fkan\u0131 Tatar; \u201cDemokrasi \u015eehitleri olarak bilinen ve T\u00fcrkiye Cumhuriyeti\u2019nin yan\u0131nda K\u0131br\u0131s T\u00fcrk Milli M\u00fccadelesine \u00f6nemli katk\u0131lar\u0131 olan d\u00f6nemin Ba\u015fbakan\u0131 Adnan Menderes,<\/p>\n","protected":false},"author":1,"featured_media":2895,"comment_status":"open","ping_status":"open","sticky":false,"template":"","format":"standard","meta":{"footnotes":""},"categories":[1],"tags":[],"class_list":["post-13972","post","type-post","status-publish","format-standard","has-post-thumbnail","hentry","category-gundem"],"yoast_head":"<!-- This site is optimized with the Yoast SEO plugin v27.4 - https:\/\/yoast.com\/product\/yoast-seo-wordpress\/ -->\n<title>Cumhurba\u015fkan\u0131 Tatar, 62. \u00f6l\u00fcm y\u0131ld\u00f6n\u00fcm\u00fcnde Adnan Menderes, Fatin R\u00fc\u015ft\u00fc Zorlu ve Hasan Polatkan\u2019\u0131 and\u0131 -<\/title>\n<meta name=\"robots\" content=\"index, follow, max-snippet:-1, max-image-preview:large, max-video-preview:-1\" \/>\n<link rel=\"canonical\" href=\"https:\/\/kibrisdakik.com\/?p=13972\" \/>\n<meta property=\"og:locale\" content=\"tr_TR\" \/>\n<meta property=\"og:type\" content=\"article\" \/>\n<meta property=\"og:title\" content=\"Cumhurba\u015fkan\u0131 Tatar, 62. \u00f6l\u00fcm y\u0131ld\u00f6n\u00fcm\u00fcnde Adnan Menderes, Fatin R\u00fc\u015ft\u00fc Zorlu ve Hasan Polatkan\u2019\u0131 and\u0131 -\" \/>\n<meta property=\"og:description\" content=\"Cumhurba\u015fkan\u0131 Ersin Tatar, 62. \u00f6l\u00fcm y\u0131ld\u00f6n\u00fcm\u00fcnde Adnan Menderes, Fatin R\u00fc\u015ft\u00fc Zorlu ve Hasan Polatkan\u2019\u0131 and\u0131 Cumhurba\u015fkan\u0131 Ersin Tatar, Ba\u015fbakan Adnan Menderes, D\u0131\u015fi\u015fleri Fatin R\u00fc\u015ft\u00fc Zorlu ve Maliye Bakan\u0131 Hasan Polatkan\u2019n\u0131n demokrasi \u015fehitleri olduklar\u0131n\u0131 belirtti. Cumhurba\u015fkan\u0131 Tatar; \u201cDemokrasi \u015eehitleri olarak bilinen ve T\u00fcrkiye Cumhuriyeti\u2019nin yan\u0131nda K\u0131br\u0131s T\u00fcrk Milli M\u00fccadelesine \u00f6nemli katk\u0131lar\u0131 olan d\u00f6nemin Ba\u015fbakan\u0131 Adnan Menderes,\" \/>\n<meta property=\"og:url\" content=\"https:\/\/kibrisdakik.com\/?p=13972\" \/>\n<meta property=\"article:published_time\" content=\"2023-09-17T11:51:48+00:00\" \/>\n<meta property=\"og:image\" content=\"https:\/\/kibrisdakik.com\/wp-content\/uploads\/2023\/03\/ersin-tatar-YAZI-YAZARKEN-1536x900-1-696x408-1.jpeg\" \/>\n\t<meta property=\"og:image:width\" content=\"696\" \/>\n\t<meta property=\"og:image:height\" content=\"408\" \/>\n\t<meta property=\"og:image:type\" content=\"image\/jpeg\" \/>\n<meta name=\"author\" content=\"admin\" \/>\n<meta name=\"twitter:card\" content=\"summary_large_image\" \/>\n<meta name=\"twitter:label1\" content=\"Yazan:\" \/>\n\t<meta name=\"twitter:data1\" content=\"admin\" \/>\n\t<meta name=\"twitter:label2\" content=\"Tahmini okuma s\u00fcresi\" \/>\n\t<meta name=\"twitter:data2\" content=\"2 dakika\" \/>\n<script type=\"application\/ld+json\" class=\"yoast-schema-graph\">{\"@context\":\"https:\\\/\\\/schema.org\",\"@graph\":[{\"@type\":\"Article\",\"@id\":\"https:\\\/\\\/kibrisdakik.com\\\/?p=13972#article\",\"isPartOf\":{\"@id\":\"https:\\\/\\\/kibrisdakik.com\\\/?p=13972\"},\"author\":{\"name\":\"admin\",\"@id\":\"https:\\\/\\\/kibrisdakik.com\\\/#\\\/schema\\\/person\\\/9cd9d437bbb44f72b73ba127e06d8e79\"},\"headline\":\"Cumhurba\u015fkan\u0131 Tatar, 62. \u00f6l\u00fcm y\u0131ld\u00f6n\u00fcm\u00fcnde Adnan Menderes, Fatin R\u00fc\u015ft\u00fc Zorlu ve Hasan Polatkan\u2019\u0131 and\u0131\",\"datePublished\":\"2023-09-17T11:51:48+00:00\",\"mainEntityOfPage\":{\"@id\":\"https:\\\/\\\/kibrisdakik.com\\\/?p=13972\"},\"wordCount\":455,\"commentCount\":0,\"image\":{\"@id\":\"https:\\\/\\\/kibrisdakik.com\\\/?p=13972#primaryimage\"},\"thumbnailUrl\":\"https:\\\/\\\/kibrisdakik.com\\\/wp-content\\\/uploads\\\/2023\\\/03\\\/ersin-tatar-YAZI-YAZARKEN-1536x900-1-696x408-1.jpeg\",\"articleSection\":[\"G\u00fcndem\"],\"inLanguage\":\"tr\",\"potentialAction\":[{\"@type\":\"CommentAction\",\"name\":\"Comment\",\"target\":[\"https:\\\/\\\/kibrisdakik.com\\\/?p=13972#respond\"]}]},{\"@type\":\"WebPage\",\"@id\":\"https:\\\/\\\/kibrisdakik.com\\\/?p=13972\",\"url\":\"https:\\\/\\\/kibrisdakik.com\\\/?p=13972\",\"name\":\"Cumhurba\u015fkan\u0131 Tatar, 62. \u00f6l\u00fcm y\u0131ld\u00f6n\u00fcm\u00fcnde Adnan Menderes, Fatin R\u00fc\u015ft\u00fc Zorlu ve Hasan Polatkan\u2019\u0131 and\u0131 -\",\"isPartOf\":{\"@id\":\"https:\\\/\\\/kibrisdakik.com\\\/#website\"},\"primaryImageOfPage\":{\"@id\":\"https:\\\/\\\/kibrisdakik.com\\\/?p=13972#primaryimage\"},\"image\":{\"@id\":\"https:\\\/\\\/kibrisdakik.com\\\/?p=13972#primaryimage\"},\"thumbnailUrl\":\"https:\\\/\\\/kibrisdakik.com\\\/wp-content\\\/uploads\\\/2023\\\/03\\\/ersin-tatar-YAZI-YAZARKEN-1536x900-1-696x408-1.jpeg\",\"datePublished\":\"2023-09-17T11:51:48+00:00\",\"author\":{\"@id\":\"https:\\\/\\\/kibrisdakik.com\\\/#\\\/schema\\\/person\\\/9cd9d437bbb44f72b73ba127e06d8e79\"},\"breadcrumb\":{\"@id\":\"https:\\\/\\\/kibrisdakik.com\\\/?p=13972#breadcrumb\"},\"inLanguage\":\"tr\",\"potentialAction\":[{\"@type\":\"ReadAction\",\"target\":[\"https:\\\/\\\/kibrisdakik.com\\\/?p=13972\"]}]},{\"@type\":\"ImageObject\",\"inLanguage\":\"tr\",\"@id\":\"https:\\\/\\\/kibrisdakik.com\\\/?p=13972#primaryimage\",\"url\":\"https:\\\/\\\/kibrisdakik.com\\\/wp-content\\\/uploads\\\/2023\\\/03\\\/ersin-tatar-YAZI-YAZARKEN-1536x900-1-696x408-1.jpeg\",\"contentUrl\":\"https:\\\/\\\/kibrisdakik.com\\\/wp-content\\\/uploads\\\/2023\\\/03\\\/ersin-tatar-YAZI-YAZARKEN-1536x900-1-696x408-1.jpeg\",\"width\":696,\"height\":408},{\"@type\":\"BreadcrumbList\",\"@id\":\"https:\\\/\\\/kibrisdakik.com\\\/?p=13972#breadcrumb\",\"itemListElement\":[{\"@type\":\"ListItem\",\"position\":1,\"name\":\"Home\",\"item\":\"https:\\\/\\\/kibrisdakik.com\\\/\"},{\"@type\":\"ListItem\",\"position\":2,\"name\":\"Cumhurba\u015fkan\u0131 Tatar, 62. \u00f6l\u00fcm y\u0131ld\u00f6n\u00fcm\u00fcnde Adnan Menderes, Fatin R\u00fc\u015ft\u00fc Zorlu ve Hasan Polatkan\u2019\u0131 and\u0131\"}]},{\"@type\":\"WebSite\",\"@id\":\"https:\\\/\\\/kibrisdakik.com\\\/#website\",\"url\":\"https:\\\/\\\/kibrisdakik.com\\\/\",\"name\":\"\",\"description\":\"Tam vaktinde haber\",\"potentialAction\":[{\"@type\":\"SearchAction\",\"target\":{\"@type\":\"EntryPoint\",\"urlTemplate\":\"https:\\\/\\\/kibrisdakik.com\\\/?s={search_term_string}\"},\"query-input\":{\"@type\":\"PropertyValueSpecification\",\"valueRequired\":true,\"valueName\":\"search_term_string\"}}],\"inLanguage\":\"tr\"},{\"@type\":\"Person\",\"@id\":\"https:\\\/\\\/kibrisdakik.com\\\/#\\\/schema\\\/person\\\/9cd9d437bbb44f72b73ba127e06d8e79\",\"name\":\"admin\",\"image\":{\"@type\":\"ImageObject\",\"inLanguage\":\"tr\",\"@id\":\"https:\\\/\\\/secure.gravatar.com\\\/avatar\\\/ccc17943b9d660506c869530f897617f7cb1c21a4bf30023f252596d83e1f007?s=96&d=mm&r=g\",\"url\":\"https:\\\/\\\/secure.gravatar.com\\\/avatar\\\/ccc17943b9d660506c869530f897617f7cb1c21a4bf30023f252596d83e1f007?s=96&d=mm&r=g\",\"contentUrl\":\"https:\\\/\\\/secure.gravatar.com\\\/avatar\\\/ccc17943b9d660506c869530f897617f7cb1c21a4bf30023f252596d83e1f007?s=96&d=mm&r=g\",\"caption\":\"admin\"},\"sameAs\":[\"https:\\\/\\\/kibrisdakik.com\"],\"url\":\"https:\\\/\\\/kibrisdakik.com\\\/?author=1\"}]}<\/script>\n<!-- \/ Yoast SEO plugin. -->","yoast_head_json":{"title":"Cumhurba\u015fkan\u0131 Tatar, 62. \u00f6l\u00fcm y\u0131ld\u00f6n\u00fcm\u00fcnde Adnan Menderes, Fatin R\u00fc\u015ft\u00fc Zorlu ve Hasan Polatkan\u2019\u0131 and\u0131 -","robots":{"index":"index","follow":"follow","max-snippet":"max-snippet:-1","max-image-preview":"max-image-preview:large","max-video-preview":"max-video-preview:-1"},"canonical":"https:\/\/kibrisdakik.com\/?p=13972","og_locale":"tr_TR","og_type":"article","og_title":"Cumhurba\u015fkan\u0131 Tatar, 62. \u00f6l\u00fcm y\u0131ld\u00f6n\u00fcm\u00fcnde Adnan Menderes, Fatin R\u00fc\u015ft\u00fc Zorlu ve Hasan Polatkan\u2019\u0131 and\u0131 -","og_description":"Cumhurba\u015fkan\u0131 Ersin Tatar, 62. \u00f6l\u00fcm y\u0131ld\u00f6n\u00fcm\u00fcnde Adnan Menderes, Fatin R\u00fc\u015ft\u00fc Zorlu ve Hasan Polatkan\u2019\u0131 and\u0131 Cumhurba\u015fkan\u0131 Ersin Tatar, Ba\u015fbakan Adnan Menderes, D\u0131\u015fi\u015fleri Fatin R\u00fc\u015ft\u00fc Zorlu ve Maliye Bakan\u0131 Hasan Polatkan\u2019n\u0131n demokrasi \u015fehitleri olduklar\u0131n\u0131 belirtti. Cumhurba\u015fkan\u0131 Tatar; \u201cDemokrasi \u015eehitleri olarak bilinen ve T\u00fcrkiye Cumhuriyeti\u2019nin yan\u0131nda K\u0131br\u0131s T\u00fcrk Milli M\u00fccadelesine \u00f6nemli katk\u0131lar\u0131 olan d\u00f6nemin Ba\u015fbakan\u0131 Adnan Menderes,","og_url":"https:\/\/kibrisdakik.com\/?p=13972","article_published_time":"2023-09-17T11:51:48+00:00","og_image":[{"width":696,"height":408,"url":"https:\/\/kibrisdakik.com\/wp-content\/uploads\/2023\/03\/ersin-tatar-YAZI-YAZARKEN-1536x900-1-696x408-1.jpeg","type":"image\/jpeg"}],"author":"admin","twitter_card":"summary_large_image","twitter_misc":{"Yazan:":"admin","Tahmini okuma s\u00fcresi":"2 dakika"},"schema":{"@context":"https:\/\/schema.org","@graph":[{"@type":"Article","@id":"https:\/\/kibrisdakik.com\/?p=13972#article","isPartOf":{"@id":"https:\/\/kibrisdakik.com\/?p=13972"},"author":{"name":"admin","@id":"https:\/\/kibrisdakik.com\/#\/schema\/person\/9cd9d437bbb44f72b73ba127e06d8e79"},"headline":"Cumhurba\u015fkan\u0131 Tatar, 62. \u00f6l\u00fcm y\u0131ld\u00f6n\u00fcm\u00fcnde Adnan Menderes, Fatin R\u00fc\u015ft\u00fc Zorlu ve Hasan Polatkan\u2019\u0131 and\u0131","datePublished":"2023-09-17T11:51:48+00:00","mainEntityOfPage":{"@id":"https:\/\/kibrisdakik.com\/?p=13972"},"wordCount":455,"commentCount":0,"image":{"@id":"https:\/\/kibrisdakik.com\/?p=13972#primaryimage"},"thumbnailUrl":"https:\/\/kibrisdakik.com\/wp-content\/uploads\/2023\/03\/ersin-tatar-YAZI-YAZARKEN-1536x900-1-696x408-1.jpeg","articleSection":["G\u00fcndem"],"inLanguage":"tr","potentialAction":[{"@type":"CommentAction","name":"Comment","target":["https:\/\/kibrisdakik.com\/?p=13972#respond"]}]},{"@type":"WebPage","@id":"https:\/\/kibrisdakik.com\/?p=13972","url":"https:\/\/kibrisdakik.com\/?p=13972","name":"Cumhurba\u015fkan\u0131 Tatar, 62. \u00f6l\u00fcm y\u0131ld\u00f6n\u00fcm\u00fcnde Adnan Menderes, Fatin R\u00fc\u015ft\u00fc Zorlu ve Hasan Polatkan\u2019\u0131 and\u0131 -","isPartOf":{"@id":"https:\/\/kibrisdakik.com\/#website"},"primaryImageOfPage":{"@id":"https:\/\/kibrisdakik.com\/?p=13972#primaryimage"},"image":{"@id":"https:\/\/kibrisdakik.com\/?p=13972#primaryimage"},"thumbnailUrl":"https:\/\/kibrisdakik.com\/wp-content\/uploads\/2023\/03\/ersin-tatar-YAZI-YAZARKEN-1536x900-1-696x408-1.jpeg","datePublished":"2023-09-17T11:51:48+00:00","author":{"@id":"https:\/\/kibrisdakik.com\/#\/schema\/person\/9cd9d437bbb44f72b73ba127e06d8e79"},"breadcrumb":{"@id":"https:\/\/kibrisdakik.com\/?p=13972#breadcrumb"},"inLanguage":"tr","potentialAction":[{"@type":"ReadAction","target":["https:\/\/kibrisdakik.com\/?p=13972"]}]},{"@type":"ImageObject","inLanguage":"tr","@id":"https:\/\/kibrisdakik.com\/?p=13972#primaryimage","url":"https:\/\/kibrisdakik.com\/wp-content\/uploads\/2023\/03\/ersin-tatar-YAZI-YAZARKEN-1536x900-1-696x408-1.jpeg","contentUrl":"https:\/\/kibrisdakik.com\/wp-content\/uploads\/2023\/03\/ersin-tatar-YAZI-YAZARKEN-1536x900-1-696x408-1.jpeg","width":696,"height":408},{"@type":"BreadcrumbList","@id":"https:\/\/kibrisdakik.com\/?p=13972#breadcrumb","itemListElement":[{"@type":"ListItem","position":1,"name":"Home","item":"https:\/\/kibrisdakik.com\/"},{"@type":"ListItem","position":2,"name":"Cumhurba\u015fkan\u0131 Tatar, 62. \u00f6l\u00fcm y\u0131ld\u00f6n\u00fcm\u00fcnde Adnan Menderes, Fatin R\u00fc\u015ft\u00fc Zorlu ve Hasan Polatkan\u2019\u0131 and\u0131"}]},{"@type":"WebSite","@id":"https:\/\/kibrisdakik.com\/#website","url":"https:\/\/kibrisdakik.com\/","name":"","description":"Tam vaktinde haber","potentialAction":[{"@type":"SearchAction","target":{"@type":"EntryPoint","urlTemplate":"https:\/\/kibrisdakik.com\/?s={search_term_string}"},"query-input":{"@type":"PropertyValueSpecification","valueRequired":true,"valueName":"search_term_string"}}],"inLanguage":"tr"},{"@type":"Person","@id":"https:\/\/kibrisdakik.com\/#\/schema\/person\/9cd9d437bbb44f72b73ba127e06d8e79","name":"admin","image":{"@type":"ImageObject","inLanguage":"tr","@id":"https:\/\/secure.gravatar.com\/avatar\/ccc17943b9d660506c869530f897617f7cb1c21a4bf30023f252596d83e1f007?s=96&d=mm&r=g","url":"https:\/\/secure.gravatar.com\/avatar\/ccc17943b9d660506c869530f897617f7cb1c21a4bf30023f252596d83e1f007?s=96&d=mm&r=g","contentUrl":"https:\/\/secure.gravatar.com\/avatar\/ccc17943b9d660506c869530f897617f7cb1c21a4bf30023f252596d83e1f007?s=96&d=mm&r=g","caption":"admin"},"sameAs":["https:\/\/kibrisdakik.com"],"url":"https:\/\/kibrisdakik.com\/?author=1"}]}},"_links":{"self":[{"href":"https:\/\/kibrisdakik.com\/index.php?rest_route=\/wp\/v2\/posts\/13972","targetHints":{"allow":["GET"]}}],"collection":[{"href":"https:\/\/kibrisdakik.com\/index.php?rest_route=\/wp\/v2\/posts"}],"about":[{"href":"https:\/\/kibrisdakik.com\/index.php?rest_route=\/wp\/v2\/types\/post"}],"author":[{"embeddable":true,"href":"https:\/\/kibrisdakik.com\/index.php?rest_route=\/wp\/v2\/users\/1"}],"replies":[{"embeddable":true,"href":"https:\/\/kibrisdakik.com\/index.php?rest_route=%2Fwp%2Fv2%2Fcomments&post=13972"}],"version-history":[{"count":0,"href":"https:\/\/kibrisdakik.com\/index.php?rest_route=\/wp\/v2\/posts\/13972\/revisions"}],"wp:featuredmedia":[{"embeddable":true,"href":"https:\/\/kibrisdakik.com\/index.php?rest_route=\/wp\/v2\/media\/2895"}],"wp:attachment":[{"href":"https:\/\/kibrisdakik.com\/index.php?rest_route=%2Fwp%2Fv2%2Fmedia&parent=13972"}],"wp:term":[{"taxonomy":"category","embeddable":true,"href":"https:\/\/kibrisdakik.com\/index.php?rest_route=%2Fwp%2Fv2%2Fcategories&post=13972"},{"taxonomy":"post_tag","embeddable":true,"href":"https:\/\/kibrisdakik.com\/index.php?rest_route=%2Fwp%2Fv2%2Ftags&post=13972"}],"curies":[{"name":"wp","href":"https:\/\/api.w.org\/{rel}","templated":true}]}}