{"id":13973,"date":"2023-09-17T12:03:26","date_gmt":"2023-09-17T12:03:26","guid":{"rendered":"https:\/\/kibrisdakik.com\/index.php\/2023\/09\/17\/masa-tenisinde-yeni-sezon-basladi\/"},"modified":"2023-09-17T12:03:26","modified_gmt":"2023-09-17T12:03:26","slug":"masa-tenisinde-yeni-sezon-basladi","status":"publish","type":"post","link":"https:\/\/kibrisdakik.com\/?p=13973","title":{"rendered":"Masa Tenisinde yeni sezon ba\u015flad\u0131"},"content":{"rendered":"<p> <br \/>\n<\/p>\n<div>\n<div class=\"mariselle-image-container center\">\n                <img width=\"2048\" height=\"1536\" class=\"lazy-image\" alt=\"\" decoding=\"async\" loading=\"lazy\" sizes=\"auto, (max-width: 2048px) 100vw, 2048px\" src=\"https:\/\/brtk.net\/wp-content\/uploads\/2023\/09\/17\/MASA-TENISI-FOTO-1.jpg?ver=f17200e0e984e4a1781c2cf50dcb486f\" srcset=\"https:\/\/brtk.net\/wp-content\/uploads\/2023\/09\/17\/MASA-TENISI-FOTO-1.jpg?ver=f17200e0e984e4a1781c2cf50dcb486f 2048w, https:\/\/brtk.net\/wp-content\/uploads\/2023\/09\/17\/MASA-TENISI-FOTO-1-300x225.jpg?ver=f17200e0e984e4a1781c2cf50dcb486f 300w, https:\/\/brtk.net\/wp-content\/uploads\/2023\/09\/17\/MASA-TENISI-FOTO-1-1024x768.jpg?ver=d0fe0def385d088c5336f3213a85269e 1024w, https:\/\/brtk.net\/wp-content\/uploads\/2023\/09\/17\/MASA-TENISI-FOTO-1-768x576.jpg?ver=d0fe0def385d088c5336f3213a85269e 768w, https:\/\/brtk.net\/wp-content\/uploads\/2023\/09\/17\/MASA-TENISI-FOTO-1-1536x1152.jpg?ver=75f42de1e4a2260d0395b77d3e54dbf9 1536w\"\/>                            <\/div>\n<p>Kuzey K\u0131br\u0131s Masa Tenisi Federasyonu, yeni sezonun ilk etkinli\u011fini ger\u00e7ekle\u015ftirdi.<\/p>\n<p>Federasyon sezonu, her y\u0131l geleneksel olarak yap\u0131lan ve bu y\u0131l Alpcans Construction ana sponsorlu\u011funda 23\u2019\u00fcnc\u00fcs\u00fc d\u00fczenlenen Ersin \u00d6rek \u00c7iftler \u015eampiyonas\u0131 ile a\u00e7t\u0131.<br \/>\u015eampiyonaya ilgi yo\u011fun olurken, kar\u015f\u0131la\u015fmalar \u00e7ift karmalar ve \u00e7ift erkekler kategorilerinde oynand\u0131.<\/p>\n<p>\u00c7ift karmalar kategorisinde ilk s\u0131ray\u0131 Cemal Kara-Elif T\u00f6re al\u0131rken, \u00e7ift erkekler kategorisinde de Cemal Kara-\u0130brahim Pekdo\u011fan ikilisi birinci oldu.<\/p>\n<\/p><\/div>\n<p><br \/>\n<br \/><a href=\"https:\/\/brtk.net\/masa-tenisinde-yeni-sezon-basladi\/\"> <\/a><\/p>\n","protected":false},"excerpt":{"rendered":"<p>Kuzey K\u0131br\u0131s Masa Tenisi Federasyonu, yeni sezonun ilk etkinli\u011fini ger\u00e7ekle\u015ftirdi. Federasyon sezonu, her y\u0131l geleneksel olarak yap\u0131lan ve bu y\u0131l Alpcans Construction ana sponsorlu\u011funda 23\u2019\u00fcnc\u00fcs\u00fc d\u00fczenlenen Ersin \u00d6rek \u00c7iftler \u015eampiyonas\u0131 ile a\u00e7t\u0131.\u015eampiyonaya ilgi yo\u011fun olurken, kar\u015f\u0131la\u015fmalar \u00e7ift karmalar ve \u00e7ift erkekler kategorilerinde oynand\u0131. \u00c7ift karmalar kategorisinde ilk s\u0131ray\u0131 Cemal Kara-Elif T\u00f6re al\u0131rken, \u00e7ift erkekler kategorisinde<\/p>\n","protected":false},"author":1,"featured_media":13974,"comment_status":"open","ping_status":"open","sticky":false,"template":"","format":"standard","meta":{"footnotes":""},"categories":[85],"tags":[],"class_list":["post-13973","post","type-post","status-publish","format-standard","has-post-thumbnail","hentry","category-spor"],"yoast_head":"<!-- This site is optimized with the Yoast SEO plugin v27.5 - https:\/\/yoast.com\/product\/yoast-seo-wordpress\/ -->\n<title>Masa Tenisinde yeni sezon ba\u015flad\u0131 -<\/title>\n<meta name=\"robots\" content=\"index, follow, max-snippet:-1, max-image-preview:large, max-video-preview:-1\" \/>\n<link rel=\"canonical\" href=\"https:\/\/kibrisdakik.com\/?p=13973\" \/>\n<meta property=\"og:locale\" content=\"tr_TR\" \/>\n<meta property=\"og:type\" content=\"article\" \/>\n<meta property=\"og:title\" content=\"Masa Tenisinde yeni sezon ba\u015flad\u0131 -\" \/>\n<meta property=\"og:description\" content=\"Kuzey K\u0131br\u0131s Masa Tenisi Federasyonu, yeni sezonun ilk etkinli\u011fini ger\u00e7ekle\u015ftirdi. Federasyon sezonu, her y\u0131l geleneksel olarak yap\u0131lan ve bu y\u0131l Alpcans Construction ana sponsorlu\u011funda 23\u2019\u00fcnc\u00fcs\u00fc d\u00fczenlenen Ersin \u00d6rek \u00c7iftler \u015eampiyonas\u0131 ile a\u00e7t\u0131.\u015eampiyonaya ilgi yo\u011fun olurken, kar\u015f\u0131la\u015fmalar \u00e7ift karmalar ve \u00e7ift erkekler kategorilerinde oynand\u0131. \u00c7ift karmalar kategorisinde ilk s\u0131ray\u0131 Cemal Kara-Elif T\u00f6re al\u0131rken, \u00e7ift erkekler kategorisinde\" \/>\n<meta property=\"og:url\" content=\"https:\/\/kibrisdakik.com\/?p=13973\" \/>\n<meta property=\"article:published_time\" content=\"2023-09-17T12:03:26+00:00\" \/>\n<meta property=\"og:image\" content=\"https:\/\/kibrisdakik.com\/wp-content\/uploads\/2023\/09\/MASA-TENISI-FOTO-740x420.jpg\" \/>\n\t<meta property=\"og:image:width\" content=\"2048\" \/>\n\t<meta property=\"og:image:height\" content=\"1536\" \/>\n\t<meta property=\"og:image:type\" content=\"image\/jpeg\" \/>\n<meta name=\"author\" content=\"admin\" \/>\n<meta name=\"twitter:card\" content=\"summary_large_image\" \/>\n<meta name=\"twitter:label1\" content=\"Yazan:\" \/>\n\t<meta name=\"twitter:data1\" content=\"admin\" \/>\n<script type=\"application\/ld+json\" class=\"yoast-schema-graph\">{\"@context\":\"https:\\\/\\\/schema.org\",\"@graph\":[{\"@type\":\"Article\",\"@id\":\"https:\\\/\\\/kibrisdakik.com\\\/?p=13973#article\",\"isPartOf\":{\"@id\":\"https:\\\/\\\/kibrisdakik.com\\\/?p=13973\"},\"author\":{\"name\":\"admin\",\"@id\":\"https:\\\/\\\/kibrisdakik.com\\\/#\\\/schema\\\/person\\\/9cd9d437bbb44f72b73ba127e06d8e79\"},\"headline\":\"Masa Tenisinde yeni sezon ba\u015flad\u0131\",\"datePublished\":\"2023-09-17T12:03:26+00:00\",\"mainEntityOfPage\":{\"@id\":\"https:\\\/\\\/kibrisdakik.com\\\/?p=13973\"},\"wordCount\":91,\"commentCount\":0,\"image\":{\"@id\":\"https:\\\/\\\/kibrisdakik.com\\\/?p=13973#primaryimage\"},\"thumbnailUrl\":\"https:\\\/\\\/kibrisdakik.com\\\/wp-content\\\/uploads\\\/2023\\\/09\\\/MASA-TENISI-FOTO-740x420.jpg\",\"articleSection\":[\"Spor\"],\"inLanguage\":\"tr\",\"potentialAction\":[{\"@type\":\"CommentAction\",\"name\":\"Comment\",\"target\":[\"https:\\\/\\\/kibrisdakik.com\\\/?p=13973#respond\"]}]},{\"@type\":\"WebPage\",\"@id\":\"https:\\\/\\\/kibrisdakik.com\\\/?p=13973\",\"url\":\"https:\\\/\\\/kibrisdakik.com\\\/?p=13973\",\"name\":\"Masa Tenisinde yeni sezon ba\u015flad\u0131 -\",\"isPartOf\":{\"@id\":\"https:\\\/\\\/kibrisdakik.com\\\/#website\"},\"primaryImageOfPage\":{\"@id\":\"https:\\\/\\\/kibrisdakik.com\\\/?p=13973#primaryimage\"},\"image\":{\"@id\":\"https:\\\/\\\/kibrisdakik.com\\\/?p=13973#primaryimage\"},\"thumbnailUrl\":\"https:\\\/\\\/kibrisdakik.com\\\/wp-content\\\/uploads\\\/2023\\\/09\\\/MASA-TENISI-FOTO-740x420.jpg\",\"datePublished\":\"2023-09-17T12:03:26+00:00\",\"author\":{\"@id\":\"https:\\\/\\\/kibrisdakik.com\\\/#\\\/schema\\\/person\\\/9cd9d437bbb44f72b73ba127e06d8e79\"},\"breadcrumb\":{\"@id\":\"https:\\\/\\\/kibrisdakik.com\\\/?p=13973#breadcrumb\"},\"inLanguage\":\"tr\",\"potentialAction\":[{\"@type\":\"ReadAction\",\"target\":[\"https:\\\/\\\/kibrisdakik.com\\\/?p=13973\"]}]},{\"@type\":\"ImageObject\",\"inLanguage\":\"tr\",\"@id\":\"https:\\\/\\\/kibrisdakik.com\\\/?p=13973#primaryimage\",\"url\":\"https:\\\/\\\/kibrisdakik.com\\\/wp-content\\\/uploads\\\/2023\\\/09\\\/MASA-TENISI-FOTO-740x420.jpg\",\"contentUrl\":\"https:\\\/\\\/kibrisdakik.com\\\/wp-content\\\/uploads\\\/2023\\\/09\\\/MASA-TENISI-FOTO-740x420.jpg\",\"width\":2048,\"height\":1536},{\"@type\":\"BreadcrumbList\",\"@id\":\"https:\\\/\\\/kibrisdakik.com\\\/?p=13973#breadcrumb\",\"itemListElement\":[{\"@type\":\"ListItem\",\"position\":1,\"name\":\"Home\",\"item\":\"https:\\\/\\\/kibrisdakik.com\\\/\"},{\"@type\":\"ListItem\",\"position\":2,\"name\":\"Masa Tenisinde yeni sezon ba\u015flad\u0131\"}]},{\"@type\":\"WebSite\",\"@id\":\"https:\\\/\\\/kibrisdakik.com\\\/#website\",\"url\":\"https:\\\/\\\/kibrisdakik.com\\\/\",\"name\":\"\",\"description\":\"Tam vaktinde haber\",\"potentialAction\":[{\"@type\":\"SearchAction\",\"target\":{\"@type\":\"EntryPoint\",\"urlTemplate\":\"https:\\\/\\\/kibrisdakik.com\\\/?s={search_term_string}\"},\"query-input\":{\"@type\":\"PropertyValueSpecification\",\"valueRequired\":true,\"valueName\":\"search_term_string\"}}],\"inLanguage\":\"tr\"},{\"@type\":\"Person\",\"@id\":\"https:\\\/\\\/kibrisdakik.com\\\/#\\\/schema\\\/person\\\/9cd9d437bbb44f72b73ba127e06d8e79\",\"name\":\"admin\",\"image\":{\"@type\":\"ImageObject\",\"inLanguage\":\"tr\",\"@id\":\"https:\\\/\\\/secure.gravatar.com\\\/avatar\\\/ccc17943b9d660506c869530f897617f7cb1c21a4bf30023f252596d83e1f007?s=96&d=mm&r=g\",\"url\":\"https:\\\/\\\/secure.gravatar.com\\\/avatar\\\/ccc17943b9d660506c869530f897617f7cb1c21a4bf30023f252596d83e1f007?s=96&d=mm&r=g\",\"contentUrl\":\"https:\\\/\\\/secure.gravatar.com\\\/avatar\\\/ccc17943b9d660506c869530f897617f7cb1c21a4bf30023f252596d83e1f007?s=96&d=mm&r=g\",\"caption\":\"admin\"},\"sameAs\":[\"https:\\\/\\\/kibrisdakik.com\"],\"url\":\"https:\\\/\\\/kibrisdakik.com\\\/?author=1\"}]}<\/script>\n<!-- \/ Yoast SEO plugin. -->","yoast_head_json":{"title":"Masa Tenisinde yeni sezon ba\u015flad\u0131 -","robots":{"index":"index","follow":"follow","max-snippet":"max-snippet:-1","max-image-preview":"max-image-preview:large","max-video-preview":"max-video-preview:-1"},"canonical":"https:\/\/kibrisdakik.com\/?p=13973","og_locale":"tr_TR","og_type":"article","og_title":"Masa Tenisinde yeni sezon ba\u015flad\u0131 -","og_description":"Kuzey K\u0131br\u0131s Masa Tenisi Federasyonu, yeni sezonun ilk etkinli\u011fini ger\u00e7ekle\u015ftirdi. Federasyon sezonu, her y\u0131l geleneksel olarak yap\u0131lan ve bu y\u0131l Alpcans Construction ana sponsorlu\u011funda 23\u2019\u00fcnc\u00fcs\u00fc d\u00fczenlenen Ersin \u00d6rek \u00c7iftler \u015eampiyonas\u0131 ile a\u00e7t\u0131.\u015eampiyonaya ilgi yo\u011fun olurken, kar\u015f\u0131la\u015fmalar \u00e7ift karmalar ve \u00e7ift erkekler kategorilerinde oynand\u0131. \u00c7ift karmalar kategorisinde ilk s\u0131ray\u0131 Cemal Kara-Elif T\u00f6re al\u0131rken, \u00e7ift erkekler kategorisinde","og_url":"https:\/\/kibrisdakik.com\/?p=13973","article_published_time":"2023-09-17T12:03:26+00:00","og_image":[{"width":2048,"height":1536,"url":"https:\/\/kibrisdakik.com\/wp-content\/uploads\/2023\/09\/MASA-TENISI-FOTO-740x420.jpg","type":"image\/jpeg"}],"author":"admin","twitter_card":"summary_large_image","twitter_misc":{"Yazan:":"admin"},"schema":{"@context":"https:\/\/schema.org","@graph":[{"@type":"Article","@id":"https:\/\/kibrisdakik.com\/?p=13973#article","isPartOf":{"@id":"https:\/\/kibrisdakik.com\/?p=13973"},"author":{"name":"admin","@id":"https:\/\/kibrisdakik.com\/#\/schema\/person\/9cd9d437bbb44f72b73ba127e06d8e79"},"headline":"Masa Tenisinde yeni sezon ba\u015flad\u0131","datePublished":"2023-09-17T12:03:26+00:00","mainEntityOfPage":{"@id":"https:\/\/kibrisdakik.com\/?p=13973"},"wordCount":91,"commentCount":0,"image":{"@id":"https:\/\/kibrisdakik.com\/?p=13973#primaryimage"},"thumbnailUrl":"https:\/\/kibrisdakik.com\/wp-content\/uploads\/2023\/09\/MASA-TENISI-FOTO-740x420.jpg","articleSection":["Spor"],"inLanguage":"tr","potentialAction":[{"@type":"CommentAction","name":"Comment","target":["https:\/\/kibrisdakik.com\/?p=13973#respond"]}]},{"@type":"WebPage","@id":"https:\/\/kibrisdakik.com\/?p=13973","url":"https:\/\/kibrisdakik.com\/?p=13973","name":"Masa Tenisinde yeni sezon ba\u015flad\u0131 -","isPartOf":{"@id":"https:\/\/kibrisdakik.com\/#website"},"primaryImageOfPage":{"@id":"https:\/\/kibrisdakik.com\/?p=13973#primaryimage"},"image":{"@id":"https:\/\/kibrisdakik.com\/?p=13973#primaryimage"},"thumbnailUrl":"https:\/\/kibrisdakik.com\/wp-content\/uploads\/2023\/09\/MASA-TENISI-FOTO-740x420.jpg","datePublished":"2023-09-17T12:03:26+00:00","author":{"@id":"https:\/\/kibrisdakik.com\/#\/schema\/person\/9cd9d437bbb44f72b73ba127e06d8e79"},"breadcrumb":{"@id":"https:\/\/kibrisdakik.com\/?p=13973#breadcrumb"},"inLanguage":"tr","potentialAction":[{"@type":"ReadAction","target":["https:\/\/kibrisdakik.com\/?p=13973"]}]},{"@type":"ImageObject","inLanguage":"tr","@id":"https:\/\/kibrisdakik.com\/?p=13973#primaryimage","url":"https:\/\/kibrisdakik.com\/wp-content\/uploads\/2023\/09\/MASA-TENISI-FOTO-740x420.jpg","contentUrl":"https:\/\/kibrisdakik.com\/wp-content\/uploads\/2023\/09\/MASA-TENISI-FOTO-740x420.jpg","width":2048,"height":1536},{"@type":"BreadcrumbList","@id":"https:\/\/kibrisdakik.com\/?p=13973#breadcrumb","itemListElement":[{"@type":"ListItem","position":1,"name":"Home","item":"https:\/\/kibrisdakik.com\/"},{"@type":"ListItem","position":2,"name":"Masa Tenisinde yeni sezon ba\u015flad\u0131"}]},{"@type":"WebSite","@id":"https:\/\/kibrisdakik.com\/#website","url":"https:\/\/kibrisdakik.com\/","name":"","description":"Tam vaktinde haber","potentialAction":[{"@type":"SearchAction","target":{"@type":"EntryPoint","urlTemplate":"https:\/\/kibrisdakik.com\/?s={search_term_string}"},"query-input":{"@type":"PropertyValueSpecification","valueRequired":true,"valueName":"search_term_string"}}],"inLanguage":"tr"},{"@type":"Person","@id":"https:\/\/kibrisdakik.com\/#\/schema\/person\/9cd9d437bbb44f72b73ba127e06d8e79","name":"admin","image":{"@type":"ImageObject","inLanguage":"tr","@id":"https:\/\/secure.gravatar.com\/avatar\/ccc17943b9d660506c869530f897617f7cb1c21a4bf30023f252596d83e1f007?s=96&d=mm&r=g","url":"https:\/\/secure.gravatar.com\/avatar\/ccc17943b9d660506c869530f897617f7cb1c21a4bf30023f252596d83e1f007?s=96&d=mm&r=g","contentUrl":"https:\/\/secure.gravatar.com\/avatar\/ccc17943b9d660506c869530f897617f7cb1c21a4bf30023f252596d83e1f007?s=96&d=mm&r=g","caption":"admin"},"sameAs":["https:\/\/kibrisdakik.com"],"url":"https:\/\/kibrisdakik.com\/?author=1"}]}},"_links":{"self":[{"href":"https:\/\/kibrisdakik.com\/index.php?rest_route=\/wp\/v2\/posts\/13973","targetHints":{"allow":["GET"]}}],"collection":[{"href":"https:\/\/kibrisdakik.com\/index.php?rest_route=\/wp\/v2\/posts"}],"about":[{"href":"https:\/\/kibrisdakik.com\/index.php?rest_route=\/wp\/v2\/types\/post"}],"author":[{"embeddable":true,"href":"https:\/\/kibrisdakik.com\/index.php?rest_route=\/wp\/v2\/users\/1"}],"replies":[{"embeddable":true,"href":"https:\/\/kibrisdakik.com\/index.php?rest_route=%2Fwp%2Fv2%2Fcomments&post=13973"}],"version-history":[{"count":0,"href":"https:\/\/kibrisdakik.com\/index.php?rest_route=\/wp\/v2\/posts\/13973\/revisions"}],"wp:featuredmedia":[{"embeddable":true,"href":"https:\/\/kibrisdakik.com\/index.php?rest_route=\/wp\/v2\/media\/13974"}],"wp:attachment":[{"href":"https:\/\/kibrisdakik.com\/index.php?rest_route=%2Fwp%2Fv2%2Fmedia&parent=13973"}],"wp:term":[{"taxonomy":"category","embeddable":true,"href":"https:\/\/kibrisdakik.com\/index.php?rest_route=%2Fwp%2Fv2%2Fcategories&post=13973"},{"taxonomy":"post_tag","embeddable":true,"href":"https:\/\/kibrisdakik.com\/index.php?rest_route=%2Fwp%2Fv2%2Ftags&post=13973"}],"curies":[{"name":"wp","href":"https:\/\/api.w.org\/{rel}","templated":true}]}}