{"id":13985,"date":"2023-09-17T14:40:51","date_gmt":"2023-09-17T14:40:51","guid":{"rendered":"https:\/\/kibrisdakik.com\/index.php\/2023\/09\/17\/alanyada-cikan-orman-yangini-devam-ediyor\/"},"modified":"2023-09-17T14:40:51","modified_gmt":"2023-09-17T14:40:51","slug":"alanyada-cikan-orman-yangini-devam-ediyor","status":"publish","type":"post","link":"https:\/\/kibrisdakik.com\/?p=13985","title":{"rendered":"Alanya\u2019da \u00e7\u0131kan orman yang\u0131n\u0131 devam ediyor"},"content":{"rendered":"<p><\/p>\n<div>\n<div class=\"mariselle-image-container center\">\n                <img width=\"1245\" height=\"675\" class=\"lazy-image\" alt=\"\" decoding=\"async\" loading=\"lazy\" sizes=\"auto, (max-width: 1245px) 100vw, 1245px\" src=\"https:\/\/brtk.net\/wp-content\/uploads\/2023\/09\/17\/a3.jpeg?ver=d2dbdd943ca63eb89aeac44da0d45944\" srcset=\"https:\/\/brtk.net\/wp-content\/uploads\/2023\/09\/17\/a3.jpeg?ver=d2dbdd943ca63eb89aeac44da0d45944 1245w, https:\/\/brtk.net\/wp-content\/uploads\/2023\/09\/17\/a3-300x163.jpeg?ver=d2dbdd943ca63eb89aeac44da0d45944 300w, https:\/\/brtk.net\/wp-content\/uploads\/2023\/09\/17\/a3-1024x555.jpeg?ver=d2dbdd943ca63eb89aeac44da0d45944 1024w, https:\/\/brtk.net\/wp-content\/uploads\/2023\/09\/17\/a3-768x416.jpeg?ver=d2dbdd943ca63eb89aeac44da0d45944 768w\"\/>                            <\/div>\n<p>Antalya\u2019n\u0131n Alanya il\u00e7esinde yerle\u015fim yerlerine yak\u0131n ormanl\u0131k alanda \u00e7\u0131kan yang\u0131na havadan ve karadan m\u00fcdahale ediliyor.<\/p>\n<p>\u00dcz\u00fcml\u00fc Mahallesi Dim Baraj\u0131 k\u0131y\u0131s\u0131nda bulunan Akk\u00f6pr\u00fc mevkisindeki ormanl\u0131k alanda hen\u00fcz belirlenemeyen nedenle yang\u0131n ba\u015flad\u0131. Yerle\u015fim yerlerine yak\u0131n b\u00f6lgede etkili olan alevler, k\u0131sa s\u00fcrede yay\u0131ld\u0131.<\/p>\n<p>\u0130hbar \u00fczerine b\u00f6lgeye Antalya Orman B\u00f6lge M\u00fcd\u00fcrl\u00fc\u011f\u00fc ve itfaiye ile \u00e7evre il ve il\u00e7elerden b\u00f6lgeye ekipler sevk edildi.<\/p>\n<p>R\u00fczgar\u0131n etkisiyle alevler G\u00fcm\u00fc\u015fkavak Mahallesi\u2019ne s\u0131\u00e7rad\u0131.<\/p>\n<p>Yang\u0131na 8 helikopter, 6 u\u00e7ak, 42 araz\u00f6z, 6 su tankeri, 10 ilk m\u00fcdahale arac\u0131, 4 dozer ve \u00e7ok say\u0131da ekiple m\u00fcdahale ediliyor.<\/p>\n<p>Alanya Kaymakam\u0131 Fatih \u00dcrkmezer, AA muhabirine, b\u00f6lgede oldu\u011funu belirterek yang\u0131n\u0131n birka\u00e7 noktada etkili oldu\u011funu s\u00f6yledi.<\/p>\n<p>Ekiplerin yo\u011fun m\u00fccadele verdi\u011fini aktaran \u00dcrkmezer, \u201cB\u00f6lgede evler var. Oradaki vatanda\u015flar tedbir ama\u00e7l\u0131 tahliye edildi. Tahliye edilen evler var, herhangi bir can kayb\u0131 yok. Tespit \u00e7al\u0131\u015fmalar\u0131m\u0131z s\u00fcr\u00fcyor.\u201d diye konu\u015ftu.<\/p>\n<\/p><\/div>\n","protected":false},"excerpt":{"rendered":"<p>Antalya\u2019n\u0131n Alanya il\u00e7esinde yerle\u015fim yerlerine yak\u0131n ormanl\u0131k alanda \u00e7\u0131kan yang\u0131na havadan ve karadan m\u00fcdahale ediliyor. \u00dcz\u00fcml\u00fc Mahallesi Dim Baraj\u0131 k\u0131y\u0131s\u0131nda bulunan Akk\u00f6pr\u00fc mevkisindeki ormanl\u0131k alanda hen\u00fcz belirlenemeyen nedenle yang\u0131n ba\u015flad\u0131. Yerle\u015fim yerlerine yak\u0131n b\u00f6lgede etkili olan alevler, k\u0131sa s\u00fcrede yay\u0131ld\u0131. \u0130hbar \u00fczerine b\u00f6lgeye Antalya Orman B\u00f6lge M\u00fcd\u00fcrl\u00fc\u011f\u00fc ve itfaiye ile \u00e7evre il ve il\u00e7elerden b\u00f6lgeye<\/p>\n","protected":false},"author":1,"featured_media":13986,"comment_status":"open","ping_status":"open","sticky":false,"template":"","format":"standard","meta":{"footnotes":""},"categories":[86],"tags":[],"class_list":["post-13985","post","type-post","status-publish","format-standard","has-post-thumbnail","hentry","category-turkiye"],"yoast_head":"<!-- This site is optimized with the Yoast SEO plugin v27.4 - https:\/\/yoast.com\/product\/yoast-seo-wordpress\/ -->\n<title>Alanya\u2019da \u00e7\u0131kan orman yang\u0131n\u0131 devam ediyor -<\/title>\n<meta name=\"robots\" content=\"index, follow, max-snippet:-1, max-image-preview:large, max-video-preview:-1\" \/>\n<link rel=\"canonical\" href=\"https:\/\/kibrisdakik.com\/?p=13985\" \/>\n<meta property=\"og:locale\" content=\"tr_TR\" \/>\n<meta property=\"og:type\" content=\"article\" \/>\n<meta property=\"og:title\" content=\"Alanya\u2019da \u00e7\u0131kan orman yang\u0131n\u0131 devam ediyor -\" \/>\n<meta property=\"og:description\" content=\"Antalya\u2019n\u0131n Alanya il\u00e7esinde yerle\u015fim yerlerine yak\u0131n ormanl\u0131k alanda \u00e7\u0131kan yang\u0131na havadan ve karadan m\u00fcdahale ediliyor. \u00dcz\u00fcml\u00fc Mahallesi Dim Baraj\u0131 k\u0131y\u0131s\u0131nda bulunan Akk\u00f6pr\u00fc mevkisindeki ormanl\u0131k alanda hen\u00fcz belirlenemeyen nedenle yang\u0131n ba\u015flad\u0131. Yerle\u015fim yerlerine yak\u0131n b\u00f6lgede etkili olan alevler, k\u0131sa s\u00fcrede yay\u0131ld\u0131. \u0130hbar \u00fczerine b\u00f6lgeye Antalya Orman B\u00f6lge M\u00fcd\u00fcrl\u00fc\u011f\u00fc ve itfaiye ile \u00e7evre il ve il\u00e7elerden b\u00f6lgeye\" \/>\n<meta property=\"og:url\" content=\"https:\/\/kibrisdakik.com\/?p=13985\" \/>\n<meta property=\"article:published_time\" content=\"2023-09-17T14:40:51+00:00\" \/>\n<meta property=\"og:image\" content=\"https:\/\/kibrisdakik.com\/wp-content\/uploads\/2023\/09\/a3-740x420.jpeg\" \/>\n\t<meta property=\"og:image:width\" content=\"1245\" \/>\n\t<meta property=\"og:image:height\" content=\"675\" \/>\n\t<meta property=\"og:image:type\" content=\"image\/jpeg\" \/>\n<meta name=\"author\" content=\"admin\" \/>\n<meta name=\"twitter:card\" content=\"summary_large_image\" \/>\n<meta name=\"twitter:label1\" content=\"Yazan:\" \/>\n\t<meta name=\"twitter:data1\" content=\"admin\" \/>\n\t<meta name=\"twitter:label2\" content=\"Tahmini okuma s\u00fcresi\" \/>\n\t<meta name=\"twitter:data2\" content=\"1 dakika\" \/>\n<script type=\"application\/ld+json\" class=\"yoast-schema-graph\">{\"@context\":\"https:\\\/\\\/schema.org\",\"@graph\":[{\"@type\":\"Article\",\"@id\":\"https:\\\/\\\/kibrisdakik.com\\\/?p=13985#article\",\"isPartOf\":{\"@id\":\"https:\\\/\\\/kibrisdakik.com\\\/?p=13985\"},\"author\":{\"name\":\"admin\",\"@id\":\"https:\\\/\\\/kibrisdakik.com\\\/#\\\/schema\\\/person\\\/9cd9d437bbb44f72b73ba127e06d8e79\"},\"headline\":\"Alanya\u2019da \u00e7\u0131kan orman yang\u0131n\u0131 devam ediyor\",\"datePublished\":\"2023-09-17T14:40:51+00:00\",\"mainEntityOfPage\":{\"@id\":\"https:\\\/\\\/kibrisdakik.com\\\/?p=13985\"},\"wordCount\":191,\"commentCount\":0,\"image\":{\"@id\":\"https:\\\/\\\/kibrisdakik.com\\\/?p=13985#primaryimage\"},\"thumbnailUrl\":\"https:\\\/\\\/kibrisdakik.com\\\/wp-content\\\/uploads\\\/2023\\\/09\\\/a3-740x420.jpeg\",\"articleSection\":[\"T\u00fcrkiye\"],\"inLanguage\":\"tr\",\"potentialAction\":[{\"@type\":\"CommentAction\",\"name\":\"Comment\",\"target\":[\"https:\\\/\\\/kibrisdakik.com\\\/?p=13985#respond\"]}]},{\"@type\":\"WebPage\",\"@id\":\"https:\\\/\\\/kibrisdakik.com\\\/?p=13985\",\"url\":\"https:\\\/\\\/kibrisdakik.com\\\/?p=13985\",\"name\":\"Alanya\u2019da \u00e7\u0131kan orman yang\u0131n\u0131 devam ediyor -\",\"isPartOf\":{\"@id\":\"https:\\\/\\\/kibrisdakik.com\\\/#website\"},\"primaryImageOfPage\":{\"@id\":\"https:\\\/\\\/kibrisdakik.com\\\/?p=13985#primaryimage\"},\"image\":{\"@id\":\"https:\\\/\\\/kibrisdakik.com\\\/?p=13985#primaryimage\"},\"thumbnailUrl\":\"https:\\\/\\\/kibrisdakik.com\\\/wp-content\\\/uploads\\\/2023\\\/09\\\/a3-740x420.jpeg\",\"datePublished\":\"2023-09-17T14:40:51+00:00\",\"author\":{\"@id\":\"https:\\\/\\\/kibrisdakik.com\\\/#\\\/schema\\\/person\\\/9cd9d437bbb44f72b73ba127e06d8e79\"},\"breadcrumb\":{\"@id\":\"https:\\\/\\\/kibrisdakik.com\\\/?p=13985#breadcrumb\"},\"inLanguage\":\"tr\",\"potentialAction\":[{\"@type\":\"ReadAction\",\"target\":[\"https:\\\/\\\/kibrisdakik.com\\\/?p=13985\"]}]},{\"@type\":\"ImageObject\",\"inLanguage\":\"tr\",\"@id\":\"https:\\\/\\\/kibrisdakik.com\\\/?p=13985#primaryimage\",\"url\":\"https:\\\/\\\/kibrisdakik.com\\\/wp-content\\\/uploads\\\/2023\\\/09\\\/a3-740x420.jpeg\",\"contentUrl\":\"https:\\\/\\\/kibrisdakik.com\\\/wp-content\\\/uploads\\\/2023\\\/09\\\/a3-740x420.jpeg\",\"width\":1245,\"height\":675},{\"@type\":\"BreadcrumbList\",\"@id\":\"https:\\\/\\\/kibrisdakik.com\\\/?p=13985#breadcrumb\",\"itemListElement\":[{\"@type\":\"ListItem\",\"position\":1,\"name\":\"Home\",\"item\":\"https:\\\/\\\/kibrisdakik.com\\\/\"},{\"@type\":\"ListItem\",\"position\":2,\"name\":\"Alanya\u2019da \u00e7\u0131kan orman yang\u0131n\u0131 devam ediyor\"}]},{\"@type\":\"WebSite\",\"@id\":\"https:\\\/\\\/kibrisdakik.com\\\/#website\",\"url\":\"https:\\\/\\\/kibrisdakik.com\\\/\",\"name\":\"\",\"description\":\"Tam vaktinde haber\",\"potentialAction\":[{\"@type\":\"SearchAction\",\"target\":{\"@type\":\"EntryPoint\",\"urlTemplate\":\"https:\\\/\\\/kibrisdakik.com\\\/?s={search_term_string}\"},\"query-input\":{\"@type\":\"PropertyValueSpecification\",\"valueRequired\":true,\"valueName\":\"search_term_string\"}}],\"inLanguage\":\"tr\"},{\"@type\":\"Person\",\"@id\":\"https:\\\/\\\/kibrisdakik.com\\\/#\\\/schema\\\/person\\\/9cd9d437bbb44f72b73ba127e06d8e79\",\"name\":\"admin\",\"image\":{\"@type\":\"ImageObject\",\"inLanguage\":\"tr\",\"@id\":\"https:\\\/\\\/secure.gravatar.com\\\/avatar\\\/ccc17943b9d660506c869530f897617f7cb1c21a4bf30023f252596d83e1f007?s=96&d=mm&r=g\",\"url\":\"https:\\\/\\\/secure.gravatar.com\\\/avatar\\\/ccc17943b9d660506c869530f897617f7cb1c21a4bf30023f252596d83e1f007?s=96&d=mm&r=g\",\"contentUrl\":\"https:\\\/\\\/secure.gravatar.com\\\/avatar\\\/ccc17943b9d660506c869530f897617f7cb1c21a4bf30023f252596d83e1f007?s=96&d=mm&r=g\",\"caption\":\"admin\"},\"sameAs\":[\"https:\\\/\\\/kibrisdakik.com\"],\"url\":\"https:\\\/\\\/kibrisdakik.com\\\/?author=1\"}]}<\/script>\n<!-- \/ Yoast SEO plugin. -->","yoast_head_json":{"title":"Alanya\u2019da \u00e7\u0131kan orman yang\u0131n\u0131 devam ediyor -","robots":{"index":"index","follow":"follow","max-snippet":"max-snippet:-1","max-image-preview":"max-image-preview:large","max-video-preview":"max-video-preview:-1"},"canonical":"https:\/\/kibrisdakik.com\/?p=13985","og_locale":"tr_TR","og_type":"article","og_title":"Alanya\u2019da \u00e7\u0131kan orman yang\u0131n\u0131 devam ediyor -","og_description":"Antalya\u2019n\u0131n Alanya il\u00e7esinde yerle\u015fim yerlerine yak\u0131n ormanl\u0131k alanda \u00e7\u0131kan yang\u0131na havadan ve karadan m\u00fcdahale ediliyor. \u00dcz\u00fcml\u00fc Mahallesi Dim Baraj\u0131 k\u0131y\u0131s\u0131nda bulunan Akk\u00f6pr\u00fc mevkisindeki ormanl\u0131k alanda hen\u00fcz belirlenemeyen nedenle yang\u0131n ba\u015flad\u0131. Yerle\u015fim yerlerine yak\u0131n b\u00f6lgede etkili olan alevler, k\u0131sa s\u00fcrede yay\u0131ld\u0131. \u0130hbar \u00fczerine b\u00f6lgeye Antalya Orman B\u00f6lge M\u00fcd\u00fcrl\u00fc\u011f\u00fc ve itfaiye ile \u00e7evre il ve il\u00e7elerden b\u00f6lgeye","og_url":"https:\/\/kibrisdakik.com\/?p=13985","article_published_time":"2023-09-17T14:40:51+00:00","og_image":[{"width":1245,"height":675,"url":"https:\/\/kibrisdakik.com\/wp-content\/uploads\/2023\/09\/a3-740x420.jpeg","type":"image\/jpeg"}],"author":"admin","twitter_card":"summary_large_image","twitter_misc":{"Yazan:":"admin","Tahmini okuma s\u00fcresi":"1 dakika"},"schema":{"@context":"https:\/\/schema.org","@graph":[{"@type":"Article","@id":"https:\/\/kibrisdakik.com\/?p=13985#article","isPartOf":{"@id":"https:\/\/kibrisdakik.com\/?p=13985"},"author":{"name":"admin","@id":"https:\/\/kibrisdakik.com\/#\/schema\/person\/9cd9d437bbb44f72b73ba127e06d8e79"},"headline":"Alanya\u2019da \u00e7\u0131kan orman yang\u0131n\u0131 devam ediyor","datePublished":"2023-09-17T14:40:51+00:00","mainEntityOfPage":{"@id":"https:\/\/kibrisdakik.com\/?p=13985"},"wordCount":191,"commentCount":0,"image":{"@id":"https:\/\/kibrisdakik.com\/?p=13985#primaryimage"},"thumbnailUrl":"https:\/\/kibrisdakik.com\/wp-content\/uploads\/2023\/09\/a3-740x420.jpeg","articleSection":["T\u00fcrkiye"],"inLanguage":"tr","potentialAction":[{"@type":"CommentAction","name":"Comment","target":["https:\/\/kibrisdakik.com\/?p=13985#respond"]}]},{"@type":"WebPage","@id":"https:\/\/kibrisdakik.com\/?p=13985","url":"https:\/\/kibrisdakik.com\/?p=13985","name":"Alanya\u2019da \u00e7\u0131kan orman yang\u0131n\u0131 devam ediyor -","isPartOf":{"@id":"https:\/\/kibrisdakik.com\/#website"},"primaryImageOfPage":{"@id":"https:\/\/kibrisdakik.com\/?p=13985#primaryimage"},"image":{"@id":"https:\/\/kibrisdakik.com\/?p=13985#primaryimage"},"thumbnailUrl":"https:\/\/kibrisdakik.com\/wp-content\/uploads\/2023\/09\/a3-740x420.jpeg","datePublished":"2023-09-17T14:40:51+00:00","author":{"@id":"https:\/\/kibrisdakik.com\/#\/schema\/person\/9cd9d437bbb44f72b73ba127e06d8e79"},"breadcrumb":{"@id":"https:\/\/kibrisdakik.com\/?p=13985#breadcrumb"},"inLanguage":"tr","potentialAction":[{"@type":"ReadAction","target":["https:\/\/kibrisdakik.com\/?p=13985"]}]},{"@type":"ImageObject","inLanguage":"tr","@id":"https:\/\/kibrisdakik.com\/?p=13985#primaryimage","url":"https:\/\/kibrisdakik.com\/wp-content\/uploads\/2023\/09\/a3-740x420.jpeg","contentUrl":"https:\/\/kibrisdakik.com\/wp-content\/uploads\/2023\/09\/a3-740x420.jpeg","width":1245,"height":675},{"@type":"BreadcrumbList","@id":"https:\/\/kibrisdakik.com\/?p=13985#breadcrumb","itemListElement":[{"@type":"ListItem","position":1,"name":"Home","item":"https:\/\/kibrisdakik.com\/"},{"@type":"ListItem","position":2,"name":"Alanya\u2019da \u00e7\u0131kan orman yang\u0131n\u0131 devam ediyor"}]},{"@type":"WebSite","@id":"https:\/\/kibrisdakik.com\/#website","url":"https:\/\/kibrisdakik.com\/","name":"","description":"Tam vaktinde haber","potentialAction":[{"@type":"SearchAction","target":{"@type":"EntryPoint","urlTemplate":"https:\/\/kibrisdakik.com\/?s={search_term_string}"},"query-input":{"@type":"PropertyValueSpecification","valueRequired":true,"valueName":"search_term_string"}}],"inLanguage":"tr"},{"@type":"Person","@id":"https:\/\/kibrisdakik.com\/#\/schema\/person\/9cd9d437bbb44f72b73ba127e06d8e79","name":"admin","image":{"@type":"ImageObject","inLanguage":"tr","@id":"https:\/\/secure.gravatar.com\/avatar\/ccc17943b9d660506c869530f897617f7cb1c21a4bf30023f252596d83e1f007?s=96&d=mm&r=g","url":"https:\/\/secure.gravatar.com\/avatar\/ccc17943b9d660506c869530f897617f7cb1c21a4bf30023f252596d83e1f007?s=96&d=mm&r=g","contentUrl":"https:\/\/secure.gravatar.com\/avatar\/ccc17943b9d660506c869530f897617f7cb1c21a4bf30023f252596d83e1f007?s=96&d=mm&r=g","caption":"admin"},"sameAs":["https:\/\/kibrisdakik.com"],"url":"https:\/\/kibrisdakik.com\/?author=1"}]}},"_links":{"self":[{"href":"https:\/\/kibrisdakik.com\/index.php?rest_route=\/wp\/v2\/posts\/13985","targetHints":{"allow":["GET"]}}],"collection":[{"href":"https:\/\/kibrisdakik.com\/index.php?rest_route=\/wp\/v2\/posts"}],"about":[{"href":"https:\/\/kibrisdakik.com\/index.php?rest_route=\/wp\/v2\/types\/post"}],"author":[{"embeddable":true,"href":"https:\/\/kibrisdakik.com\/index.php?rest_route=\/wp\/v2\/users\/1"}],"replies":[{"embeddable":true,"href":"https:\/\/kibrisdakik.com\/index.php?rest_route=%2Fwp%2Fv2%2Fcomments&post=13985"}],"version-history":[{"count":0,"href":"https:\/\/kibrisdakik.com\/index.php?rest_route=\/wp\/v2\/posts\/13985\/revisions"}],"wp:featuredmedia":[{"embeddable":true,"href":"https:\/\/kibrisdakik.com\/index.php?rest_route=\/wp\/v2\/media\/13986"}],"wp:attachment":[{"href":"https:\/\/kibrisdakik.com\/index.php?rest_route=%2Fwp%2Fv2%2Fmedia&parent=13985"}],"wp:term":[{"taxonomy":"category","embeddable":true,"href":"https:\/\/kibrisdakik.com\/index.php?rest_route=%2Fwp%2Fv2%2Fcategories&post=13985"},{"taxonomy":"post_tag","embeddable":true,"href":"https:\/\/kibrisdakik.com\/index.php?rest_route=%2Fwp%2Fv2%2Ftags&post=13985"}],"curies":[{"name":"wp","href":"https:\/\/api.w.org\/{rel}","templated":true}]}}