{"id":13998,"date":"2023-09-17T17:07:19","date_gmt":"2023-09-17T17:07:19","guid":{"rendered":"https:\/\/kibrisdakik.com\/index.php\/2023\/09\/17\/hasipogludunyanin-ve-ulkemizin-hakkaniyetli-bir-bmye-ihtiyaci-vardir\/"},"modified":"2023-09-17T17:07:19","modified_gmt":"2023-09-17T17:07:19","slug":"hasipogludunyanin-ve-ulkemizin-hakkaniyetli-bir-bmye-ihtiyaci-vardir","status":"publish","type":"post","link":"https:\/\/kibrisdakik.com\/?p=13998","title":{"rendered":"Hasipo\u011flu:D\u00fcnyan\u0131n ve \u00fclkemizin hakkaniyetli bir BM\u2019ye ihtiyac\u0131 vard\u0131r"},"content":{"rendered":"<p><\/p>\n<div class=\"mariselle-image-container center\">\n                <img width=\"930\" height=\"620\" class=\"lazy-image\" alt=\"\" loading=\"lazy\" data-src=\"https:\/\/brtk.net\/wp-content\/uploads\/2023\/03\/13\/oguzhan-hasipoglu-rop.jpg?ver=daa6001ae90ea801385b83768397218e\" data-srcset=\"https:\/\/brtk.net\/wp-content\/uploads\/2023\/03\/13\/oguzhan-hasipoglu-rop.jpg?ver=daa6001ae90ea801385b83768397218e 930w, https:\/\/brtk.net\/wp-content\/uploads\/2023\/03\/13\/oguzhan-hasipoglu-rop-300x200.jpg?ver=daa6001ae90ea801385b83768397218e 300w, https:\/\/brtk.net\/wp-content\/uploads\/2023\/03\/13\/oguzhan-hasipoglu-rop-768x512.jpg?ver=daa6001ae90ea801385b83768397218e 768w\" \/>                            <\/div>\n<p>Ulusal Birlik Partisi Genel Sekreteri O\u011fuzhan Hasipo\u011flu, yay\u0131mlad\u0131\u011f\u0131 mesaj\u0131nda Cumhurba\u015fkan\u0131 <a href=\"https:\/\/brtk.net\/\" target=\"_blank\" rel=\"noopener\">Ersin <a href=\"https:\/\/brtk.net\/\">Tatar<\/a><\/a> ile D\u0131\u015fi\u015fleri Bakan\u0131 Tahsin Ertu\u011frulo\u011flu\u2019na Birle\u015fmi\u015f Milletlerin Genel Kurulu \u00e7al\u0131\u015fmalar\u0131nda ba\u015far\u0131 dileklerini iletti.<\/p>\n<p><a href=\"https:\/\/brtk.net\/\">Tatar<\/a> ve Ertu\u011frulo\u011flu\u2019nun K\u0131br\u0131s T\u00fcrk\u00fc\u2019n\u00fcn hakl\u0131 davas\u0131n\u0131 g\u00fcndeme getirmelerinin yan\u0131nda, davan\u0131n Birle\u015fmi\u015f Milletler nezdinde daha adil bir zeminde tart\u0131\u015f\u0131labilmesi ad\u0131na Anavatan \u00f6nc\u00fcl\u00fc\u011f\u00fcnde BM&#8217;deki adil zemin ve i\u015flevselli\u011finde g\u00fcndeme ta\u015f\u0131nmas\u0131 gerekti\u011fi temennisinde bulunan Hasipo\u011flu, T\u00fcrkiye Cumhuriyeti Cumhurba\u015fkan\u0131 Erdo\u011fan&#8217;\u0131n &#8221;D\u00fcnya Be\u015ften B\u00fcy\u00fckt\u00fcr&#8221; s\u00f6z\u00fcnden hareketle Birle\u015fmi\u015f Milletlerdeki  tart\u0131\u015fman\u0131n ba\u015f\u0131n\u0131 \u00e7eken bir  lider olarak bu konudaki en ma\u011fdur \u00fclkenin Kuzey K\u0131br\u0131s T\u00fcrk Cumhuriyeti oldu\u011funu belirtti.<\/p>\n<p>Hasipo\u011flu, &#8221;bir \u00fclke d\u00fc\u015f\u00fcn\u00fcn b\u00fct\u00fcn \u00e7\u00f6z\u00fcm planlar\u0131na  &#8221;evet&#8221; desin,  K\u0131br\u0131s Rum taraf\u0131 her \u015feye &#8221;hay\u0131r&#8221; diyen taraf olarak Avrupa Birli\u011fi \u00fcyesi olsun.Bizler ise izolasyonlara ve k\u0131s\u0131tlamalara ma\u011fdur olmaya devam edelim.Birle\u015fmi\u015f Milletler gibi bir olu\u015fuma \u00fcye olan \u00fclkelerin \u00e7ocu\u011funun bu durumu i\u00e7lerine sindirebildiklerini d\u00fc\u015f\u00fcnm\u00fcyorum.G\u00fcvenlik Konseyi&#8217;nin Be\u015f daimi \u00fclkesinin kendi \u00e7\u0131karlar\u0131 gere\u011fi bu stat\u00fckonun devam\u0131ndan yana.Bu stat\u00fckodan dolay\u0131 2004 y\u0131l\u0131nda Annan plan\u0131 s\u00fcrecinden sonra, Rum taraf\u0131  Birle\u015fmi\u015f Milletlerin ve Avrupa Birli\u011fi&#8217;nin kendilerine yaratt\u0131\u011f\u0131 bu \u2018konfor alan\u0131ndan memnun ve \u00e7\u00f6z\u00fcme de ihtiya\u00e7lar\u0131 yok \u2018 ifadelerini kulland\u0131.<\/p>\n<p>Hasipo\u011flu \u015funlar\u0131 kaydetti: <\/p>\n<p>\u201cBirle\u015fmi\u015f Milletler G\u00fcvenlik Konseyi, ge\u00e7mi\u015f s\u00fcre\u00e7te,  adada ya\u015fanan baz\u0131 geli\u015fmelere g\u00f6zlerini kapay\u0131p, ger\u00e7ekten de Birle\u015fmi\u015f Milletler G\u00fcvenlik Konseyi\u2019nin kararlar\u0131n\u0131 bizim i\u00e7in sorgulat\u0131r hale gelmi\u015flerdir.  \u00d6rne\u011fin Adadaki 111 T\u00fcrk k\u00f6y\u00fcn\u00fc ya\u011fmalayan ve Rumlar\u0131n yapm\u0131\u015f olduklar\u0131 mezalimlikleri ortaya koyan Ortega raporu, ve keza y\u0131llar sonra \u00e7\u00f6z\u00fcm istemeyen taraf\u0131n Rumlar oldu\u011funu ve K\u0131br\u0131s T\u00fcrk halk\u0131na uygulanan izolasyonlar ve ambargolar\u0131n kalkmas\u0131 gerekti\u011fini rapor eden Kofi Annan\u0131n raporu tarihe tan\u0131kl\u0131k eden Genel Sekreter raporlard\u0131r. Bu raporlar neden G\u00fcvenlik Konseyi Karar\u0131na d\u00f6n\u00fc\u015fmemi\u015ftir? D\u00f6n\u00fc\u015fmemi\u015ftir \u00e7\u00fcnk\u00fc G\u00fcvenlik Konseyi kendi \u00e7\u0131karlar\u0131 \u00fczerine kurulu ve \u00e7\u00f6z\u00fcm \u00fcretemeyen, adalet da\u011f\u0131tamayan bir yap\u0131 haline d\u00f6n\u00fc\u015fm\u00fc\u015ft\u00fcr. \u00c7\u00f6z\u00fcm ve Bar\u0131\u015f i\u00e7in kurulan G\u00fcvenlik Konseyi Mekanizmas\u0131, sorun \u00e7\u00f6zen de\u011fil, sorun \u00fcretir hale gelmi\u015ftir. Pile ile al\u0131nan ilgili Birle\u015fmi\u015f Milletler G\u00fcvenlik Konseyi karar\u0131 da bu zihniyetin bir di\u011fer \u00f6rne\u011fi olmu\u015ftur. B\u00fct\u00e7esinin neredeyse yar\u0131s\u0131 G\u00fcney K\u0131br\u0131s Rum Y\u00f6netimi ve Yunanistan taraf\u0131ndan kar\u015f\u0131lanan Birle\u015fmi\u015f Milletler Bar\u0131\u015f G\u00fcc\u00fc\u2019n\u00fcn adadaki taraflara tarafs\u0131zl\u0131k ilkesi \u00e7er\u00e7evesinde bir tutum sergilemekten ne kadar uzak oldu\u011fu ve adada yaln\u0131zca bir taraf\u0131n s\u00f6zc\u00fcl\u00fc\u011f\u00fc g\u00f6revini \u00fcstlendi\u011fi g\u00f6stermi\u015ftir.D\u00fcnyan\u0131n ve \u00fclkemizin hakkaniyetli bir BM&#8217;ye ihtiyac\u0131 vard\u0131r.Bu genel kurumlardan beklentimiz, daha adil bir d\u00fcnya, hesap verebilir bir BM i\u00e7in BM genel kurulunda radikal de\u011fi\u015fimlerin g\u00fcndeme al\u0131n\u0131p, hayat bulmas\u0131d\u0131r.BM nezdinde daha adil bir d\u00fcnya d\u00fczenine ge\u00e7ebilmek i\u00e7in T\u00fcrkiye Cumhuriyeti\u2019nin ba\u015flatm\u0131\u015f m\u00fccadele sonucunda olu\u015facak adil bir d\u00fczen i\u00e7ersisinde hak etti\u011fimizi yeri alaca\u011f\u0131m\u0131zdan \u015f\u00fcphemiz yoktur.\u201d<\/p>\n","protected":false},"excerpt":{"rendered":"<p>Ulusal Birlik Partisi Genel Sekreteri O\u011fuzhan Hasipo\u011flu, yay\u0131mlad\u0131\u011f\u0131 mesaj\u0131nda Cumhurba\u015fkan\u0131 Ersin Tatar ile D\u0131\u015fi\u015fleri Bakan\u0131 Tahsin Ertu\u011frulo\u011flu\u2019na Birle\u015fmi\u015f Milletlerin Genel Kurulu \u00e7al\u0131\u015fmalar\u0131nda ba\u015far\u0131 dileklerini iletti. Tatar ve Ertu\u011frulo\u011flu\u2019nun K\u0131br\u0131s T\u00fcrk\u00fc\u2019n\u00fcn hakl\u0131 davas\u0131n\u0131 g\u00fcndeme getirmelerinin yan\u0131nda, davan\u0131n Birle\u015fmi\u015f Milletler nezdinde daha adil bir zeminde tart\u0131\u015f\u0131labilmesi ad\u0131na Anavatan \u00f6nc\u00fcl\u00fc\u011f\u00fcnde BM&#8217;deki adil zemin ve i\u015flevselli\u011finde g\u00fcndeme ta\u015f\u0131nmas\u0131 gerekti\u011fi<\/p>\n","protected":false},"author":1,"featured_media":13999,"comment_status":"open","ping_status":"open","sticky":false,"template":"","format":"standard","meta":{"footnotes":""},"categories":[1],"tags":[],"class_list":["post-13998","post","type-post","status-publish","format-standard","has-post-thumbnail","hentry","category-gundem"],"yoast_head":"<!-- This site is optimized with the Yoast SEO plugin v27.5 - https:\/\/yoast.com\/product\/yoast-seo-wordpress\/ -->\n<title>Hasipo\u011flu:D\u00fcnyan\u0131n ve \u00fclkemizin hakkaniyetli bir BM\u2019ye ihtiyac\u0131 vard\u0131r -<\/title>\n<meta name=\"robots\" content=\"index, follow, max-snippet:-1, max-image-preview:large, max-video-preview:-1\" \/>\n<link rel=\"canonical\" href=\"https:\/\/kibrisdakik.com\/?p=13998\" \/>\n<meta property=\"og:locale\" content=\"tr_TR\" \/>\n<meta property=\"og:type\" content=\"article\" \/>\n<meta property=\"og:title\" content=\"Hasipo\u011flu:D\u00fcnyan\u0131n ve \u00fclkemizin hakkaniyetli bir BM\u2019ye ihtiyac\u0131 vard\u0131r -\" \/>\n<meta property=\"og:description\" content=\"Ulusal Birlik Partisi Genel Sekreteri O\u011fuzhan Hasipo\u011flu, yay\u0131mlad\u0131\u011f\u0131 mesaj\u0131nda Cumhurba\u015fkan\u0131 Ersin Tatar ile D\u0131\u015fi\u015fleri Bakan\u0131 Tahsin Ertu\u011frulo\u011flu\u2019na Birle\u015fmi\u015f Milletlerin Genel Kurulu \u00e7al\u0131\u015fmalar\u0131nda ba\u015far\u0131 dileklerini iletti. Tatar ve Ertu\u011frulo\u011flu\u2019nun K\u0131br\u0131s T\u00fcrk\u00fc\u2019n\u00fcn hakl\u0131 davas\u0131n\u0131 g\u00fcndeme getirmelerinin yan\u0131nda, davan\u0131n Birle\u015fmi\u015f Milletler nezdinde daha adil bir zeminde tart\u0131\u015f\u0131labilmesi ad\u0131na Anavatan \u00f6nc\u00fcl\u00fc\u011f\u00fcnde BM&#8217;deki adil zemin ve i\u015flevselli\u011finde g\u00fcndeme ta\u015f\u0131nmas\u0131 gerekti\u011fi\" \/>\n<meta property=\"og:url\" content=\"https:\/\/kibrisdakik.com\/?p=13998\" \/>\n<meta property=\"article:published_time\" content=\"2023-09-17T17:07:19+00:00\" \/>\n<meta property=\"og:image\" content=\"https:\/\/kibrisdakik.com\/wp-content\/uploads\/2023\/09\/oguzhan-hasipoglu-rop-740x420.jpg\" \/>\n\t<meta property=\"og:image:width\" content=\"930\" \/>\n\t<meta property=\"og:image:height\" content=\"620\" \/>\n\t<meta property=\"og:image:type\" content=\"image\/jpeg\" \/>\n<meta name=\"author\" content=\"admin\" \/>\n<meta name=\"twitter:card\" content=\"summary_large_image\" \/>\n<meta name=\"twitter:label1\" content=\"Yazan:\" \/>\n\t<meta name=\"twitter:data1\" content=\"admin\" \/>\n\t<meta name=\"twitter:label2\" content=\"Tahmini okuma s\u00fcresi\" \/>\n\t<meta name=\"twitter:data2\" content=\"3 dakika\" \/>\n<script type=\"application\/ld+json\" class=\"yoast-schema-graph\">{\"@context\":\"https:\\\/\\\/schema.org\",\"@graph\":[{\"@type\":\"Article\",\"@id\":\"https:\\\/\\\/kibrisdakik.com\\\/?p=13998#article\",\"isPartOf\":{\"@id\":\"https:\\\/\\\/kibrisdakik.com\\\/?p=13998\"},\"author\":{\"name\":\"admin\",\"@id\":\"https:\\\/\\\/kibrisdakik.com\\\/#\\\/schema\\\/person\\\/9cd9d437bbb44f72b73ba127e06d8e79\"},\"headline\":\"Hasipo\u011flu:D\u00fcnyan\u0131n ve \u00fclkemizin hakkaniyetli bir BM\u2019ye ihtiyac\u0131 vard\u0131r\",\"datePublished\":\"2023-09-17T17:07:19+00:00\",\"mainEntityOfPage\":{\"@id\":\"https:\\\/\\\/kibrisdakik.com\\\/?p=13998\"},\"wordCount\":611,\"commentCount\":0,\"image\":{\"@id\":\"https:\\\/\\\/kibrisdakik.com\\\/?p=13998#primaryimage\"},\"thumbnailUrl\":\"https:\\\/\\\/kibrisdakik.com\\\/wp-content\\\/uploads\\\/2023\\\/09\\\/oguzhan-hasipoglu-rop-740x420.jpg\",\"articleSection\":[\"G\u00fcndem\"],\"inLanguage\":\"tr\",\"potentialAction\":[{\"@type\":\"CommentAction\",\"name\":\"Comment\",\"target\":[\"https:\\\/\\\/kibrisdakik.com\\\/?p=13998#respond\"]}]},{\"@type\":\"WebPage\",\"@id\":\"https:\\\/\\\/kibrisdakik.com\\\/?p=13998\",\"url\":\"https:\\\/\\\/kibrisdakik.com\\\/?p=13998\",\"name\":\"Hasipo\u011flu:D\u00fcnyan\u0131n ve \u00fclkemizin hakkaniyetli bir BM\u2019ye ihtiyac\u0131 vard\u0131r -\",\"isPartOf\":{\"@id\":\"https:\\\/\\\/kibrisdakik.com\\\/#website\"},\"primaryImageOfPage\":{\"@id\":\"https:\\\/\\\/kibrisdakik.com\\\/?p=13998#primaryimage\"},\"image\":{\"@id\":\"https:\\\/\\\/kibrisdakik.com\\\/?p=13998#primaryimage\"},\"thumbnailUrl\":\"https:\\\/\\\/kibrisdakik.com\\\/wp-content\\\/uploads\\\/2023\\\/09\\\/oguzhan-hasipoglu-rop-740x420.jpg\",\"datePublished\":\"2023-09-17T17:07:19+00:00\",\"author\":{\"@id\":\"https:\\\/\\\/kibrisdakik.com\\\/#\\\/schema\\\/person\\\/9cd9d437bbb44f72b73ba127e06d8e79\"},\"breadcrumb\":{\"@id\":\"https:\\\/\\\/kibrisdakik.com\\\/?p=13998#breadcrumb\"},\"inLanguage\":\"tr\",\"potentialAction\":[{\"@type\":\"ReadAction\",\"target\":[\"https:\\\/\\\/kibrisdakik.com\\\/?p=13998\"]}]},{\"@type\":\"ImageObject\",\"inLanguage\":\"tr\",\"@id\":\"https:\\\/\\\/kibrisdakik.com\\\/?p=13998#primaryimage\",\"url\":\"https:\\\/\\\/kibrisdakik.com\\\/wp-content\\\/uploads\\\/2023\\\/09\\\/oguzhan-hasipoglu-rop-740x420.jpg\",\"contentUrl\":\"https:\\\/\\\/kibrisdakik.com\\\/wp-content\\\/uploads\\\/2023\\\/09\\\/oguzhan-hasipoglu-rop-740x420.jpg\",\"width\":930,\"height\":620},{\"@type\":\"BreadcrumbList\",\"@id\":\"https:\\\/\\\/kibrisdakik.com\\\/?p=13998#breadcrumb\",\"itemListElement\":[{\"@type\":\"ListItem\",\"position\":1,\"name\":\"Home\",\"item\":\"https:\\\/\\\/kibrisdakik.com\\\/\"},{\"@type\":\"ListItem\",\"position\":2,\"name\":\"Hasipo\u011flu:D\u00fcnyan\u0131n ve \u00fclkemizin hakkaniyetli bir BM\u2019ye ihtiyac\u0131 vard\u0131r\"}]},{\"@type\":\"WebSite\",\"@id\":\"https:\\\/\\\/kibrisdakik.com\\\/#website\",\"url\":\"https:\\\/\\\/kibrisdakik.com\\\/\",\"name\":\"\",\"description\":\"Tam vaktinde haber\",\"potentialAction\":[{\"@type\":\"SearchAction\",\"target\":{\"@type\":\"EntryPoint\",\"urlTemplate\":\"https:\\\/\\\/kibrisdakik.com\\\/?s={search_term_string}\"},\"query-input\":{\"@type\":\"PropertyValueSpecification\",\"valueRequired\":true,\"valueName\":\"search_term_string\"}}],\"inLanguage\":\"tr\"},{\"@type\":\"Person\",\"@id\":\"https:\\\/\\\/kibrisdakik.com\\\/#\\\/schema\\\/person\\\/9cd9d437bbb44f72b73ba127e06d8e79\",\"name\":\"admin\",\"image\":{\"@type\":\"ImageObject\",\"inLanguage\":\"tr\",\"@id\":\"https:\\\/\\\/secure.gravatar.com\\\/avatar\\\/ccc17943b9d660506c869530f897617f7cb1c21a4bf30023f252596d83e1f007?s=96&d=mm&r=g\",\"url\":\"https:\\\/\\\/secure.gravatar.com\\\/avatar\\\/ccc17943b9d660506c869530f897617f7cb1c21a4bf30023f252596d83e1f007?s=96&d=mm&r=g\",\"contentUrl\":\"https:\\\/\\\/secure.gravatar.com\\\/avatar\\\/ccc17943b9d660506c869530f897617f7cb1c21a4bf30023f252596d83e1f007?s=96&d=mm&r=g\",\"caption\":\"admin\"},\"sameAs\":[\"https:\\\/\\\/kibrisdakik.com\"],\"url\":\"https:\\\/\\\/kibrisdakik.com\\\/?author=1\"}]}<\/script>\n<!-- \/ Yoast SEO plugin. -->","yoast_head_json":{"title":"Hasipo\u011flu:D\u00fcnyan\u0131n ve \u00fclkemizin hakkaniyetli bir BM\u2019ye ihtiyac\u0131 vard\u0131r -","robots":{"index":"index","follow":"follow","max-snippet":"max-snippet:-1","max-image-preview":"max-image-preview:large","max-video-preview":"max-video-preview:-1"},"canonical":"https:\/\/kibrisdakik.com\/?p=13998","og_locale":"tr_TR","og_type":"article","og_title":"Hasipo\u011flu:D\u00fcnyan\u0131n ve \u00fclkemizin hakkaniyetli bir BM\u2019ye ihtiyac\u0131 vard\u0131r -","og_description":"Ulusal Birlik Partisi Genel Sekreteri O\u011fuzhan Hasipo\u011flu, yay\u0131mlad\u0131\u011f\u0131 mesaj\u0131nda Cumhurba\u015fkan\u0131 Ersin Tatar ile D\u0131\u015fi\u015fleri Bakan\u0131 Tahsin Ertu\u011frulo\u011flu\u2019na Birle\u015fmi\u015f Milletlerin Genel Kurulu \u00e7al\u0131\u015fmalar\u0131nda ba\u015far\u0131 dileklerini iletti. Tatar ve Ertu\u011frulo\u011flu\u2019nun K\u0131br\u0131s T\u00fcrk\u00fc\u2019n\u00fcn hakl\u0131 davas\u0131n\u0131 g\u00fcndeme getirmelerinin yan\u0131nda, davan\u0131n Birle\u015fmi\u015f Milletler nezdinde daha adil bir zeminde tart\u0131\u015f\u0131labilmesi ad\u0131na Anavatan \u00f6nc\u00fcl\u00fc\u011f\u00fcnde BM&#8217;deki adil zemin ve i\u015flevselli\u011finde g\u00fcndeme ta\u015f\u0131nmas\u0131 gerekti\u011fi","og_url":"https:\/\/kibrisdakik.com\/?p=13998","article_published_time":"2023-09-17T17:07:19+00:00","og_image":[{"width":930,"height":620,"url":"https:\/\/kibrisdakik.com\/wp-content\/uploads\/2023\/09\/oguzhan-hasipoglu-rop-740x420.jpg","type":"image\/jpeg"}],"author":"admin","twitter_card":"summary_large_image","twitter_misc":{"Yazan:":"admin","Tahmini okuma s\u00fcresi":"3 dakika"},"schema":{"@context":"https:\/\/schema.org","@graph":[{"@type":"Article","@id":"https:\/\/kibrisdakik.com\/?p=13998#article","isPartOf":{"@id":"https:\/\/kibrisdakik.com\/?p=13998"},"author":{"name":"admin","@id":"https:\/\/kibrisdakik.com\/#\/schema\/person\/9cd9d437bbb44f72b73ba127e06d8e79"},"headline":"Hasipo\u011flu:D\u00fcnyan\u0131n ve \u00fclkemizin hakkaniyetli bir BM\u2019ye ihtiyac\u0131 vard\u0131r","datePublished":"2023-09-17T17:07:19+00:00","mainEntityOfPage":{"@id":"https:\/\/kibrisdakik.com\/?p=13998"},"wordCount":611,"commentCount":0,"image":{"@id":"https:\/\/kibrisdakik.com\/?p=13998#primaryimage"},"thumbnailUrl":"https:\/\/kibrisdakik.com\/wp-content\/uploads\/2023\/09\/oguzhan-hasipoglu-rop-740x420.jpg","articleSection":["G\u00fcndem"],"inLanguage":"tr","potentialAction":[{"@type":"CommentAction","name":"Comment","target":["https:\/\/kibrisdakik.com\/?p=13998#respond"]}]},{"@type":"WebPage","@id":"https:\/\/kibrisdakik.com\/?p=13998","url":"https:\/\/kibrisdakik.com\/?p=13998","name":"Hasipo\u011flu:D\u00fcnyan\u0131n ve \u00fclkemizin hakkaniyetli bir BM\u2019ye ihtiyac\u0131 vard\u0131r -","isPartOf":{"@id":"https:\/\/kibrisdakik.com\/#website"},"primaryImageOfPage":{"@id":"https:\/\/kibrisdakik.com\/?p=13998#primaryimage"},"image":{"@id":"https:\/\/kibrisdakik.com\/?p=13998#primaryimage"},"thumbnailUrl":"https:\/\/kibrisdakik.com\/wp-content\/uploads\/2023\/09\/oguzhan-hasipoglu-rop-740x420.jpg","datePublished":"2023-09-17T17:07:19+00:00","author":{"@id":"https:\/\/kibrisdakik.com\/#\/schema\/person\/9cd9d437bbb44f72b73ba127e06d8e79"},"breadcrumb":{"@id":"https:\/\/kibrisdakik.com\/?p=13998#breadcrumb"},"inLanguage":"tr","potentialAction":[{"@type":"ReadAction","target":["https:\/\/kibrisdakik.com\/?p=13998"]}]},{"@type":"ImageObject","inLanguage":"tr","@id":"https:\/\/kibrisdakik.com\/?p=13998#primaryimage","url":"https:\/\/kibrisdakik.com\/wp-content\/uploads\/2023\/09\/oguzhan-hasipoglu-rop-740x420.jpg","contentUrl":"https:\/\/kibrisdakik.com\/wp-content\/uploads\/2023\/09\/oguzhan-hasipoglu-rop-740x420.jpg","width":930,"height":620},{"@type":"BreadcrumbList","@id":"https:\/\/kibrisdakik.com\/?p=13998#breadcrumb","itemListElement":[{"@type":"ListItem","position":1,"name":"Home","item":"https:\/\/kibrisdakik.com\/"},{"@type":"ListItem","position":2,"name":"Hasipo\u011flu:D\u00fcnyan\u0131n ve \u00fclkemizin hakkaniyetli bir BM\u2019ye ihtiyac\u0131 vard\u0131r"}]},{"@type":"WebSite","@id":"https:\/\/kibrisdakik.com\/#website","url":"https:\/\/kibrisdakik.com\/","name":"","description":"Tam vaktinde haber","potentialAction":[{"@type":"SearchAction","target":{"@type":"EntryPoint","urlTemplate":"https:\/\/kibrisdakik.com\/?s={search_term_string}"},"query-input":{"@type":"PropertyValueSpecification","valueRequired":true,"valueName":"search_term_string"}}],"inLanguage":"tr"},{"@type":"Person","@id":"https:\/\/kibrisdakik.com\/#\/schema\/person\/9cd9d437bbb44f72b73ba127e06d8e79","name":"admin","image":{"@type":"ImageObject","inLanguage":"tr","@id":"https:\/\/secure.gravatar.com\/avatar\/ccc17943b9d660506c869530f897617f7cb1c21a4bf30023f252596d83e1f007?s=96&d=mm&r=g","url":"https:\/\/secure.gravatar.com\/avatar\/ccc17943b9d660506c869530f897617f7cb1c21a4bf30023f252596d83e1f007?s=96&d=mm&r=g","contentUrl":"https:\/\/secure.gravatar.com\/avatar\/ccc17943b9d660506c869530f897617f7cb1c21a4bf30023f252596d83e1f007?s=96&d=mm&r=g","caption":"admin"},"sameAs":["https:\/\/kibrisdakik.com"],"url":"https:\/\/kibrisdakik.com\/?author=1"}]}},"_links":{"self":[{"href":"https:\/\/kibrisdakik.com\/index.php?rest_route=\/wp\/v2\/posts\/13998","targetHints":{"allow":["GET"]}}],"collection":[{"href":"https:\/\/kibrisdakik.com\/index.php?rest_route=\/wp\/v2\/posts"}],"about":[{"href":"https:\/\/kibrisdakik.com\/index.php?rest_route=\/wp\/v2\/types\/post"}],"author":[{"embeddable":true,"href":"https:\/\/kibrisdakik.com\/index.php?rest_route=\/wp\/v2\/users\/1"}],"replies":[{"embeddable":true,"href":"https:\/\/kibrisdakik.com\/index.php?rest_route=%2Fwp%2Fv2%2Fcomments&post=13998"}],"version-history":[{"count":0,"href":"https:\/\/kibrisdakik.com\/index.php?rest_route=\/wp\/v2\/posts\/13998\/revisions"}],"wp:featuredmedia":[{"embeddable":true,"href":"https:\/\/kibrisdakik.com\/index.php?rest_route=\/wp\/v2\/media\/13999"}],"wp:attachment":[{"href":"https:\/\/kibrisdakik.com\/index.php?rest_route=%2Fwp%2Fv2%2Fmedia&parent=13998"}],"wp:term":[{"taxonomy":"category","embeddable":true,"href":"https:\/\/kibrisdakik.com\/index.php?rest_route=%2Fwp%2Fv2%2Fcategories&post=13998"},{"taxonomy":"post_tag","embeddable":true,"href":"https:\/\/kibrisdakik.com\/index.php?rest_route=%2Fwp%2Fv2%2Ftags&post=13998"}],"curies":[{"name":"wp","href":"https:\/\/api.w.org\/{rel}","templated":true}]}}