{"id":14103,"date":"2023-09-19T14:22:13","date_gmt":"2023-09-19T14:22:13","guid":{"rendered":"https:\/\/kibrisdakik.com\/index.php\/2023\/09\/19\/afet-ve-acil-durum-yonetimi-yasa-tasarisi-resmi-gazetede-yayimlandi\/"},"modified":"2023-09-19T14:22:13","modified_gmt":"2023-09-19T14:22:13","slug":"afet-ve-acil-durum-yonetimi-yasa-tasarisi-resmi-gazetede-yayimlandi","status":"publish","type":"post","link":"https:\/\/kibrisdakik.com\/?p=14103","title":{"rendered":"\u201cAfet ve Acil Durum Y\u00f6netimi Yasa Tasar\u0131s\u0131\u201d Resmi Gazete\u2019de yay\u0131mland\u0131"},"content":{"rendered":"<p><\/p>\n<div>\n<div class=\"mariselle-image-container none\">\n                <img width=\"880\" height=\"440\" class=\"lazy-image\" alt=\"\" decoding=\"async\" loading=\"lazy\" sizes=\"auto, (max-width: 880px) 100vw, 880px\" src=\"https:\/\/brtk.net\/wp-content\/uploads\/2023\/09\/19\/resmi-gazete86.jpg?ver=5de0580b859ec7b7734e9c7c2c918cfc\" srcset=\"https:\/\/brtk.net\/wp-content\/uploads\/2023\/09\/19\/resmi-gazete86.jpg?ver=5de0580b859ec7b7734e9c7c2c918cfc 880w, https:\/\/brtk.net\/wp-content\/uploads\/2023\/09\/19\/resmi-gazete86-300x150.jpg?ver=5de0580b859ec7b7734e9c7c2c918cfc 300w, https:\/\/brtk.net\/wp-content\/uploads\/2023\/09\/19\/resmi-gazete86-768x384.jpg?ver=5de0580b859ec7b7734e9c7c2c918cfc 768w, https:\/\/brtk.net\/wp-content\/uploads\/2023\/09\/19\/resmi-gazete86-720x360.jpg?ver=5de0580b859ec7b7734e9c7c2c918cfc 720w\"\/>                            <\/div>\n<p>Afet ve Acil Durum Y\u00f6netimi Yasa Tasar\u0131s\u0131, Resmi Gazete\u2019de yay\u0131mland\u0131.<\/p>\n<p>Afet ve Acil Durum Y\u00f6netimi Yasa Tasar\u0131s\u0131, \u00fclke genelinde olas\u0131 bir afet ve acil durumlara ili\u015fkin verilmesi zorunlu hizmetin kriz y\u00f6netimi s\u0131ras\u0131nda etkin bir \u015fekilde yerine getirilmesi konusunda gerekli \u00f6nlemlerin al\u0131nmas\u0131, \u00f6ncesinde afet ve acil duruma y\u00f6nelik haz\u0131rl\u0131k ve ortaya \u00e7\u0131kmas\u0131 muhtemel zararlar\u0131 \u00f6nlemeye veya azaltmaya y\u00f6nelik \u00e7al\u0131\u015fmalar yap\u0131lmas\u0131, herhangi bir afet ve acil durumunda m\u00fcdahalenin planlanmas\u0131 ve sonras\u0131nda\u00a0 ger\u00e7ekle\u015ftirilecek iyile\u015ftirme \u00e7al\u0131\u015fmalar\u0131n\u0131n y\u00fcr\u00fct\u00fclmesi ve t\u00fcm bu \u00e7al\u0131\u015fma ve planlama do\u011frultusunda di\u011fer ilgili kurum ve kuru\u015flarla koordinasyonun sa\u011fl\u0131kl\u0131 bir \u015fekilde sa\u011flanmas\u0131, s\u00f6z konusu hususlarla ilgili stratejik politikalar geli\u015ftirip y\u00fcr\u00fct\u00fclmesi ve uygulanmas\u0131 amac\u0131yla haz\u0131rland\u0131.<\/p>\n<p>Bu yasa tasar\u0131s\u0131 yan\u0131nda Kamu \u00c7al\u0131\u015fanlar\u0131n\u0131n Ayl\u0131k (Maa\u015f-\u00dccret) ve Di\u011fer \u00d6deneklerinin D\u00fczenlenmesi (De\u011fi\u015fiklik) Yasa Tasar\u0131s\u0131, Kamu G\u00f6revlileri (De\u011fi\u015fiklik) Yasa Tasar\u0131s\u0131 ile Kamu Sa\u011fl\u0131k \u00c7al\u0131\u015fanlar\u0131 (De\u011fi\u015fiklik) Yasa Tasar\u0131s\u0131 da yay\u0131mland\u0131.<\/p>\n<p>TAK\/<a href=\"https:\/\/brtk.net\/\">BRT<\/a><\/p>\n<\/p><\/div>\n","protected":false},"excerpt":{"rendered":"<p>Afet ve Acil Durum Y\u00f6netimi Yasa Tasar\u0131s\u0131, Resmi Gazete\u2019de yay\u0131mland\u0131. Afet ve Acil Durum Y\u00f6netimi Yasa Tasar\u0131s\u0131, \u00fclke genelinde olas\u0131 bir afet ve acil durumlara ili\u015fkin verilmesi zorunlu hizmetin kriz y\u00f6netimi s\u0131ras\u0131nda etkin bir \u015fekilde yerine getirilmesi konusunda gerekli \u00f6nlemlerin al\u0131nmas\u0131, \u00f6ncesinde afet ve acil duruma y\u00f6nelik haz\u0131rl\u0131k ve ortaya \u00e7\u0131kmas\u0131 muhtemel zararlar\u0131 \u00f6nlemeye veya<\/p>\n","protected":false},"author":1,"featured_media":14104,"comment_status":"open","ping_status":"open","sticky":false,"template":"","format":"standard","meta":{"footnotes":""},"categories":[1],"tags":[],"class_list":["post-14103","post","type-post","status-publish","format-standard","has-post-thumbnail","hentry","category-gundem"],"yoast_head":"<!-- This site is optimized with the Yoast SEO plugin v27.4 - https:\/\/yoast.com\/product\/yoast-seo-wordpress\/ -->\n<title>\u201cAfet ve Acil Durum Y\u00f6netimi Yasa Tasar\u0131s\u0131\u201d Resmi Gazete\u2019de yay\u0131mland\u0131 -<\/title>\n<meta name=\"robots\" content=\"index, follow, max-snippet:-1, max-image-preview:large, max-video-preview:-1\" \/>\n<link rel=\"canonical\" href=\"https:\/\/kibrisdakik.com\/?p=14103\" \/>\n<meta property=\"og:locale\" content=\"tr_TR\" \/>\n<meta property=\"og:type\" content=\"article\" \/>\n<meta property=\"og:title\" content=\"\u201cAfet ve Acil Durum Y\u00f6netimi Yasa Tasar\u0131s\u0131\u201d Resmi Gazete\u2019de yay\u0131mland\u0131 -\" \/>\n<meta property=\"og:description\" content=\"Afet ve Acil Durum Y\u00f6netimi Yasa Tasar\u0131s\u0131, Resmi Gazete\u2019de yay\u0131mland\u0131. Afet ve Acil Durum Y\u00f6netimi Yasa Tasar\u0131s\u0131, \u00fclke genelinde olas\u0131 bir afet ve acil durumlara ili\u015fkin verilmesi zorunlu hizmetin kriz y\u00f6netimi s\u0131ras\u0131nda etkin bir \u015fekilde yerine getirilmesi konusunda gerekli \u00f6nlemlerin al\u0131nmas\u0131, \u00f6ncesinde afet ve acil duruma y\u00f6nelik haz\u0131rl\u0131k ve ortaya \u00e7\u0131kmas\u0131 muhtemel zararlar\u0131 \u00f6nlemeye veya\" \/>\n<meta property=\"og:url\" content=\"https:\/\/kibrisdakik.com\/?p=14103\" \/>\n<meta property=\"article:published_time\" content=\"2023-09-19T14:22:13+00:00\" \/>\n<meta property=\"og:image\" content=\"https:\/\/kibrisdakik.com\/wp-content\/uploads\/2023\/09\/resmi-gazete86-740x420.jpg\" \/>\n\t<meta property=\"og:image:width\" content=\"880\" \/>\n\t<meta property=\"og:image:height\" content=\"440\" \/>\n\t<meta property=\"og:image:type\" content=\"image\/jpeg\" \/>\n<meta name=\"author\" content=\"admin\" \/>\n<meta name=\"twitter:card\" content=\"summary_large_image\" \/>\n<meta name=\"twitter:label1\" content=\"Yazan:\" \/>\n\t<meta name=\"twitter:data1\" content=\"admin\" \/>\n\t<meta name=\"twitter:label2\" content=\"Tahmini okuma s\u00fcresi\" \/>\n\t<meta name=\"twitter:data2\" content=\"1 dakika\" \/>\n<script type=\"application\/ld+json\" class=\"yoast-schema-graph\">{\"@context\":\"https:\\\/\\\/schema.org\",\"@graph\":[{\"@type\":\"Article\",\"@id\":\"https:\\\/\\\/kibrisdakik.com\\\/?p=14103#article\",\"isPartOf\":{\"@id\":\"https:\\\/\\\/kibrisdakik.com\\\/?p=14103\"},\"author\":{\"name\":\"admin\",\"@id\":\"https:\\\/\\\/kibrisdakik.com\\\/#\\\/schema\\\/person\\\/9cd9d437bbb44f72b73ba127e06d8e79\"},\"headline\":\"\u201cAfet ve Acil Durum Y\u00f6netimi Yasa Tasar\u0131s\u0131\u201d Resmi Gazete\u2019de yay\u0131mland\u0131\",\"datePublished\":\"2023-09-19T14:22:13+00:00\",\"mainEntityOfPage\":{\"@id\":\"https:\\\/\\\/kibrisdakik.com\\\/?p=14103\"},\"wordCount\":214,\"commentCount\":0,\"image\":{\"@id\":\"https:\\\/\\\/kibrisdakik.com\\\/?p=14103#primaryimage\"},\"thumbnailUrl\":\"https:\\\/\\\/kibrisdakik.com\\\/wp-content\\\/uploads\\\/2023\\\/09\\\/resmi-gazete86-740x420.jpg\",\"articleSection\":[\"G\u00fcndem\"],\"inLanguage\":\"tr\",\"potentialAction\":[{\"@type\":\"CommentAction\",\"name\":\"Comment\",\"target\":[\"https:\\\/\\\/kibrisdakik.com\\\/?p=14103#respond\"]}]},{\"@type\":\"WebPage\",\"@id\":\"https:\\\/\\\/kibrisdakik.com\\\/?p=14103\",\"url\":\"https:\\\/\\\/kibrisdakik.com\\\/?p=14103\",\"name\":\"\u201cAfet ve Acil Durum Y\u00f6netimi Yasa Tasar\u0131s\u0131\u201d Resmi Gazete\u2019de yay\u0131mland\u0131 -\",\"isPartOf\":{\"@id\":\"https:\\\/\\\/kibrisdakik.com\\\/#website\"},\"primaryImageOfPage\":{\"@id\":\"https:\\\/\\\/kibrisdakik.com\\\/?p=14103#primaryimage\"},\"image\":{\"@id\":\"https:\\\/\\\/kibrisdakik.com\\\/?p=14103#primaryimage\"},\"thumbnailUrl\":\"https:\\\/\\\/kibrisdakik.com\\\/wp-content\\\/uploads\\\/2023\\\/09\\\/resmi-gazete86-740x420.jpg\",\"datePublished\":\"2023-09-19T14:22:13+00:00\",\"author\":{\"@id\":\"https:\\\/\\\/kibrisdakik.com\\\/#\\\/schema\\\/person\\\/9cd9d437bbb44f72b73ba127e06d8e79\"},\"breadcrumb\":{\"@id\":\"https:\\\/\\\/kibrisdakik.com\\\/?p=14103#breadcrumb\"},\"inLanguage\":\"tr\",\"potentialAction\":[{\"@type\":\"ReadAction\",\"target\":[\"https:\\\/\\\/kibrisdakik.com\\\/?p=14103\"]}]},{\"@type\":\"ImageObject\",\"inLanguage\":\"tr\",\"@id\":\"https:\\\/\\\/kibrisdakik.com\\\/?p=14103#primaryimage\",\"url\":\"https:\\\/\\\/kibrisdakik.com\\\/wp-content\\\/uploads\\\/2023\\\/09\\\/resmi-gazete86-740x420.jpg\",\"contentUrl\":\"https:\\\/\\\/kibrisdakik.com\\\/wp-content\\\/uploads\\\/2023\\\/09\\\/resmi-gazete86-740x420.jpg\",\"width\":880,\"height\":440},{\"@type\":\"BreadcrumbList\",\"@id\":\"https:\\\/\\\/kibrisdakik.com\\\/?p=14103#breadcrumb\",\"itemListElement\":[{\"@type\":\"ListItem\",\"position\":1,\"name\":\"Home\",\"item\":\"https:\\\/\\\/kibrisdakik.com\\\/\"},{\"@type\":\"ListItem\",\"position\":2,\"name\":\"\u201cAfet ve Acil Durum Y\u00f6netimi Yasa Tasar\u0131s\u0131\u201d Resmi Gazete\u2019de yay\u0131mland\u0131\"}]},{\"@type\":\"WebSite\",\"@id\":\"https:\\\/\\\/kibrisdakik.com\\\/#website\",\"url\":\"https:\\\/\\\/kibrisdakik.com\\\/\",\"name\":\"\",\"description\":\"Tam vaktinde haber\",\"potentialAction\":[{\"@type\":\"SearchAction\",\"target\":{\"@type\":\"EntryPoint\",\"urlTemplate\":\"https:\\\/\\\/kibrisdakik.com\\\/?s={search_term_string}\"},\"query-input\":{\"@type\":\"PropertyValueSpecification\",\"valueRequired\":true,\"valueName\":\"search_term_string\"}}],\"inLanguage\":\"tr\"},{\"@type\":\"Person\",\"@id\":\"https:\\\/\\\/kibrisdakik.com\\\/#\\\/schema\\\/person\\\/9cd9d437bbb44f72b73ba127e06d8e79\",\"name\":\"admin\",\"image\":{\"@type\":\"ImageObject\",\"inLanguage\":\"tr\",\"@id\":\"https:\\\/\\\/secure.gravatar.com\\\/avatar\\\/ccc17943b9d660506c869530f897617f7cb1c21a4bf30023f252596d83e1f007?s=96&d=mm&r=g\",\"url\":\"https:\\\/\\\/secure.gravatar.com\\\/avatar\\\/ccc17943b9d660506c869530f897617f7cb1c21a4bf30023f252596d83e1f007?s=96&d=mm&r=g\",\"contentUrl\":\"https:\\\/\\\/secure.gravatar.com\\\/avatar\\\/ccc17943b9d660506c869530f897617f7cb1c21a4bf30023f252596d83e1f007?s=96&d=mm&r=g\",\"caption\":\"admin\"},\"sameAs\":[\"https:\\\/\\\/kibrisdakik.com\"],\"url\":\"https:\\\/\\\/kibrisdakik.com\\\/?author=1\"}]}<\/script>\n<!-- \/ Yoast SEO plugin. -->","yoast_head_json":{"title":"\u201cAfet ve Acil Durum Y\u00f6netimi Yasa Tasar\u0131s\u0131\u201d Resmi Gazete\u2019de yay\u0131mland\u0131 -","robots":{"index":"index","follow":"follow","max-snippet":"max-snippet:-1","max-image-preview":"max-image-preview:large","max-video-preview":"max-video-preview:-1"},"canonical":"https:\/\/kibrisdakik.com\/?p=14103","og_locale":"tr_TR","og_type":"article","og_title":"\u201cAfet ve Acil Durum Y\u00f6netimi Yasa Tasar\u0131s\u0131\u201d Resmi Gazete\u2019de yay\u0131mland\u0131 -","og_description":"Afet ve Acil Durum Y\u00f6netimi Yasa Tasar\u0131s\u0131, Resmi Gazete\u2019de yay\u0131mland\u0131. Afet ve Acil Durum Y\u00f6netimi Yasa Tasar\u0131s\u0131, \u00fclke genelinde olas\u0131 bir afet ve acil durumlara ili\u015fkin verilmesi zorunlu hizmetin kriz y\u00f6netimi s\u0131ras\u0131nda etkin bir \u015fekilde yerine getirilmesi konusunda gerekli \u00f6nlemlerin al\u0131nmas\u0131, \u00f6ncesinde afet ve acil duruma y\u00f6nelik haz\u0131rl\u0131k ve ortaya \u00e7\u0131kmas\u0131 muhtemel zararlar\u0131 \u00f6nlemeye veya","og_url":"https:\/\/kibrisdakik.com\/?p=14103","article_published_time":"2023-09-19T14:22:13+00:00","og_image":[{"width":880,"height":440,"url":"https:\/\/kibrisdakik.com\/wp-content\/uploads\/2023\/09\/resmi-gazete86-740x420.jpg","type":"image\/jpeg"}],"author":"admin","twitter_card":"summary_large_image","twitter_misc":{"Yazan:":"admin","Tahmini okuma s\u00fcresi":"1 dakika"},"schema":{"@context":"https:\/\/schema.org","@graph":[{"@type":"Article","@id":"https:\/\/kibrisdakik.com\/?p=14103#article","isPartOf":{"@id":"https:\/\/kibrisdakik.com\/?p=14103"},"author":{"name":"admin","@id":"https:\/\/kibrisdakik.com\/#\/schema\/person\/9cd9d437bbb44f72b73ba127e06d8e79"},"headline":"\u201cAfet ve Acil Durum Y\u00f6netimi Yasa Tasar\u0131s\u0131\u201d Resmi Gazete\u2019de yay\u0131mland\u0131","datePublished":"2023-09-19T14:22:13+00:00","mainEntityOfPage":{"@id":"https:\/\/kibrisdakik.com\/?p=14103"},"wordCount":214,"commentCount":0,"image":{"@id":"https:\/\/kibrisdakik.com\/?p=14103#primaryimage"},"thumbnailUrl":"https:\/\/kibrisdakik.com\/wp-content\/uploads\/2023\/09\/resmi-gazete86-740x420.jpg","articleSection":["G\u00fcndem"],"inLanguage":"tr","potentialAction":[{"@type":"CommentAction","name":"Comment","target":["https:\/\/kibrisdakik.com\/?p=14103#respond"]}]},{"@type":"WebPage","@id":"https:\/\/kibrisdakik.com\/?p=14103","url":"https:\/\/kibrisdakik.com\/?p=14103","name":"\u201cAfet ve Acil Durum Y\u00f6netimi Yasa Tasar\u0131s\u0131\u201d Resmi Gazete\u2019de yay\u0131mland\u0131 -","isPartOf":{"@id":"https:\/\/kibrisdakik.com\/#website"},"primaryImageOfPage":{"@id":"https:\/\/kibrisdakik.com\/?p=14103#primaryimage"},"image":{"@id":"https:\/\/kibrisdakik.com\/?p=14103#primaryimage"},"thumbnailUrl":"https:\/\/kibrisdakik.com\/wp-content\/uploads\/2023\/09\/resmi-gazete86-740x420.jpg","datePublished":"2023-09-19T14:22:13+00:00","author":{"@id":"https:\/\/kibrisdakik.com\/#\/schema\/person\/9cd9d437bbb44f72b73ba127e06d8e79"},"breadcrumb":{"@id":"https:\/\/kibrisdakik.com\/?p=14103#breadcrumb"},"inLanguage":"tr","potentialAction":[{"@type":"ReadAction","target":["https:\/\/kibrisdakik.com\/?p=14103"]}]},{"@type":"ImageObject","inLanguage":"tr","@id":"https:\/\/kibrisdakik.com\/?p=14103#primaryimage","url":"https:\/\/kibrisdakik.com\/wp-content\/uploads\/2023\/09\/resmi-gazete86-740x420.jpg","contentUrl":"https:\/\/kibrisdakik.com\/wp-content\/uploads\/2023\/09\/resmi-gazete86-740x420.jpg","width":880,"height":440},{"@type":"BreadcrumbList","@id":"https:\/\/kibrisdakik.com\/?p=14103#breadcrumb","itemListElement":[{"@type":"ListItem","position":1,"name":"Home","item":"https:\/\/kibrisdakik.com\/"},{"@type":"ListItem","position":2,"name":"\u201cAfet ve Acil Durum Y\u00f6netimi Yasa Tasar\u0131s\u0131\u201d Resmi Gazete\u2019de yay\u0131mland\u0131"}]},{"@type":"WebSite","@id":"https:\/\/kibrisdakik.com\/#website","url":"https:\/\/kibrisdakik.com\/","name":"","description":"Tam vaktinde haber","potentialAction":[{"@type":"SearchAction","target":{"@type":"EntryPoint","urlTemplate":"https:\/\/kibrisdakik.com\/?s={search_term_string}"},"query-input":{"@type":"PropertyValueSpecification","valueRequired":true,"valueName":"search_term_string"}}],"inLanguage":"tr"},{"@type":"Person","@id":"https:\/\/kibrisdakik.com\/#\/schema\/person\/9cd9d437bbb44f72b73ba127e06d8e79","name":"admin","image":{"@type":"ImageObject","inLanguage":"tr","@id":"https:\/\/secure.gravatar.com\/avatar\/ccc17943b9d660506c869530f897617f7cb1c21a4bf30023f252596d83e1f007?s=96&d=mm&r=g","url":"https:\/\/secure.gravatar.com\/avatar\/ccc17943b9d660506c869530f897617f7cb1c21a4bf30023f252596d83e1f007?s=96&d=mm&r=g","contentUrl":"https:\/\/secure.gravatar.com\/avatar\/ccc17943b9d660506c869530f897617f7cb1c21a4bf30023f252596d83e1f007?s=96&d=mm&r=g","caption":"admin"},"sameAs":["https:\/\/kibrisdakik.com"],"url":"https:\/\/kibrisdakik.com\/?author=1"}]}},"_links":{"self":[{"href":"https:\/\/kibrisdakik.com\/index.php?rest_route=\/wp\/v2\/posts\/14103","targetHints":{"allow":["GET"]}}],"collection":[{"href":"https:\/\/kibrisdakik.com\/index.php?rest_route=\/wp\/v2\/posts"}],"about":[{"href":"https:\/\/kibrisdakik.com\/index.php?rest_route=\/wp\/v2\/types\/post"}],"author":[{"embeddable":true,"href":"https:\/\/kibrisdakik.com\/index.php?rest_route=\/wp\/v2\/users\/1"}],"replies":[{"embeddable":true,"href":"https:\/\/kibrisdakik.com\/index.php?rest_route=%2Fwp%2Fv2%2Fcomments&post=14103"}],"version-history":[{"count":0,"href":"https:\/\/kibrisdakik.com\/index.php?rest_route=\/wp\/v2\/posts\/14103\/revisions"}],"wp:featuredmedia":[{"embeddable":true,"href":"https:\/\/kibrisdakik.com\/index.php?rest_route=\/wp\/v2\/media\/14104"}],"wp:attachment":[{"href":"https:\/\/kibrisdakik.com\/index.php?rest_route=%2Fwp%2Fv2%2Fmedia&parent=14103"}],"wp:term":[{"taxonomy":"category","embeddable":true,"href":"https:\/\/kibrisdakik.com\/index.php?rest_route=%2Fwp%2Fv2%2Fcategories&post=14103"},{"taxonomy":"post_tag","embeddable":true,"href":"https:\/\/kibrisdakik.com\/index.php?rest_route=%2Fwp%2Fv2%2Ftags&post=14103"}],"curies":[{"name":"wp","href":"https:\/\/api.w.org\/{rel}","templated":true}]}}