{"id":14145,"date":"2023-09-20T09:53:26","date_gmt":"2023-09-20T09:53:26","guid":{"rendered":"https:\/\/kibrisdakik.com\/index.php\/2023\/09\/20\/maliye-bakani-berova-merkezi-ihale-komisyonunu-ziyaret-etti\/"},"modified":"2023-09-20T09:53:26","modified_gmt":"2023-09-20T09:53:26","slug":"maliye-bakani-berova-merkezi-ihale-komisyonunu-ziyaret-etti","status":"publish","type":"post","link":"https:\/\/kibrisdakik.com\/?p=14145","title":{"rendered":"Maliye Bakan\u0131 Berova, Merkezi \u0130hale Komisyonu\u2019nu ziyaret etti"},"content":{"rendered":"<p><\/p>\n<div>\n<div class=\"mariselle-image-container center\">\n                <img width=\"1024\" height=\"412\" class=\"lazy-image\" alt=\"\" decoding=\"async\" loading=\"lazy\" sizes=\"auto, (max-width: 1024px) 100vw, 1024px\" src=\"https:\/\/brtk.net\/wp-content\/uploads\/2023\/09\/20\/slkdjaljka.jpg?ver=1cc700784fc444e37ae8854ff7814d1f\" srcset=\"https:\/\/brtk.net\/wp-content\/uploads\/2023\/09\/20\/slkdjaljka.jpg?ver=1cc700784fc444e37ae8854ff7814d1f 1024w, https:\/\/brtk.net\/wp-content\/uploads\/2023\/09\/20\/slkdjaljka-300x121.jpg?ver=0e45e9a75a845c16cfae25f050fb3da3 300w, https:\/\/brtk.net\/wp-content\/uploads\/2023\/09\/20\/slkdjaljka-768x309.jpg?ver=0e45e9a75a845c16cfae25f050fb3da3 768w\"\/>                            <\/div>\n<p> Maliye Bakan\u0131 Dr. \u00d6zdemir Berova, bakanl\u0131\u011f\u0131na ba\u011fl\u0131 Merkezi \u0130hale Komisyonu\u2019nu (M\u0130K) ziyaret etti. K\u0131sa s\u00fcreli\u011fine M\u0130K \u0130hale Toplant\u0131s\u0131na kat\u0131ld\u0131. <\/p>\n<p>Bakanl\u0131ktan verilen bilgiye g\u00f6re, M\u0130K Ba\u015fkan\u0131 Halis \u00dcresin\u2019den \u00e7al\u0131\u015fmalar hakk\u0131nda bilgiler alan Maliye Bakan Berova, burada yapt\u0131\u011f\u0131 a\u00e7\u0131klamada, hem komisyonun \u00e7al\u0131\u015fmalar\u0131n\u0131 yerinde incelemek, hem de emekliye ayr\u0131lacak olan M\u0130K Ba\u015fkan\u0131 Halis \u00dcresin\u2019e bundan sonraki hayat\u0131nda ba\u015far\u0131 dilemek ad\u0131na bug\u00fcn bu toplant\u0131ya kat\u0131ld\u0131\u011f\u0131n\u0131 belirtti.<\/p>\n<p>Berova; \u201cBirlikte \u00f6nemli g\u00f6revler icra etti\u011fimiz M\u0130K Ba\u015fkan\u0131 Halis \u00dcresin karde\u015fimiz emekliye ayr\u0131l\u0131yor. M\u0130K\u2019e verdi\u011fi hizmetler i\u00e7in kendisine \u00e7ok te\u015fekk\u00fcr ediyor, bundan sonraki hayat\u0131nda sa\u011fl\u0131k ve mutluluklar diliyorum\u201d diye konu\u015ftu.<\/p>\n<p>Merkezi \u0130hale Komisyonu\u2019nun olduk\u00e7a \u00f6nemli bir g\u00f6rev icra etti\u011fini de s\u00f6yleyen Berova, t\u00fcm komite \u00fcyelerine ve ihalelere kat\u0131lan i\u015f insanlar\u0131na hitaben; \u201cin\u015fallah bug\u00fcn de, hem devleti koruyucu, hem i\u015f insan\u0131m\u0131z\u0131 kazanca iten bir ihale s\u00fcreci ger\u00e7ekle\u015fir\u201d dedi.<\/p>\n<\/p><\/div>\n","protected":false},"excerpt":{"rendered":"<p>Maliye Bakan\u0131 Dr. \u00d6zdemir Berova, bakanl\u0131\u011f\u0131na ba\u011fl\u0131 Merkezi \u0130hale Komisyonu\u2019nu (M\u0130K) ziyaret etti. K\u0131sa s\u00fcreli\u011fine M\u0130K \u0130hale Toplant\u0131s\u0131na kat\u0131ld\u0131. Bakanl\u0131ktan verilen bilgiye g\u00f6re, M\u0130K Ba\u015fkan\u0131 Halis \u00dcresin\u2019den \u00e7al\u0131\u015fmalar hakk\u0131nda bilgiler alan Maliye Bakan Berova, burada yapt\u0131\u011f\u0131 a\u00e7\u0131klamada, hem komisyonun \u00e7al\u0131\u015fmalar\u0131n\u0131 yerinde incelemek, hem de emekliye ayr\u0131lacak olan M\u0130K Ba\u015fkan\u0131 Halis \u00dcresin\u2019e bundan sonraki hayat\u0131nda ba\u015far\u0131<\/p>\n","protected":false},"author":1,"featured_media":14146,"comment_status":"open","ping_status":"open","sticky":false,"template":"","format":"standard","meta":{"footnotes":""},"categories":[1],"tags":[],"class_list":["post-14145","post","type-post","status-publish","format-standard","has-post-thumbnail","hentry","category-gundem"],"yoast_head":"<!-- This site is optimized with the Yoast SEO plugin v27.5 - https:\/\/yoast.com\/product\/yoast-seo-wordpress\/ -->\n<title>Maliye Bakan\u0131 Berova, Merkezi \u0130hale Komisyonu\u2019nu ziyaret etti -<\/title>\n<meta name=\"robots\" content=\"index, follow, max-snippet:-1, max-image-preview:large, max-video-preview:-1\" \/>\n<link rel=\"canonical\" href=\"https:\/\/kibrisdakik.com\/?p=14145\" \/>\n<meta property=\"og:locale\" content=\"tr_TR\" \/>\n<meta property=\"og:type\" content=\"article\" \/>\n<meta property=\"og:title\" content=\"Maliye Bakan\u0131 Berova, Merkezi \u0130hale Komisyonu\u2019nu ziyaret etti -\" \/>\n<meta property=\"og:description\" content=\"Maliye Bakan\u0131 Dr. \u00d6zdemir Berova, bakanl\u0131\u011f\u0131na ba\u011fl\u0131 Merkezi \u0130hale Komisyonu\u2019nu (M\u0130K) ziyaret etti. K\u0131sa s\u00fcreli\u011fine M\u0130K \u0130hale Toplant\u0131s\u0131na kat\u0131ld\u0131. Bakanl\u0131ktan verilen bilgiye g\u00f6re, M\u0130K Ba\u015fkan\u0131 Halis \u00dcresin\u2019den \u00e7al\u0131\u015fmalar hakk\u0131nda bilgiler alan Maliye Bakan Berova, burada yapt\u0131\u011f\u0131 a\u00e7\u0131klamada, hem komisyonun \u00e7al\u0131\u015fmalar\u0131n\u0131 yerinde incelemek, hem de emekliye ayr\u0131lacak olan M\u0130K Ba\u015fkan\u0131 Halis \u00dcresin\u2019e bundan sonraki hayat\u0131nda ba\u015far\u0131\" \/>\n<meta property=\"og:url\" content=\"https:\/\/kibrisdakik.com\/?p=14145\" \/>\n<meta property=\"article:published_time\" content=\"2023-09-20T09:53:26+00:00\" \/>\n<meta property=\"og:image\" content=\"https:\/\/kibrisdakik.com\/wp-content\/uploads\/2023\/09\/slkdjaljka-740x412.jpg\" \/>\n\t<meta property=\"og:image:width\" content=\"1024\" \/>\n\t<meta property=\"og:image:height\" content=\"412\" \/>\n\t<meta property=\"og:image:type\" content=\"image\/jpeg\" \/>\n<meta name=\"author\" content=\"admin\" \/>\n<meta name=\"twitter:card\" content=\"summary_large_image\" \/>\n<meta name=\"twitter:label1\" content=\"Yazan:\" \/>\n\t<meta name=\"twitter:data1\" content=\"admin\" \/>\n\t<meta name=\"twitter:label2\" content=\"Tahmini okuma s\u00fcresi\" \/>\n\t<meta name=\"twitter:data2\" content=\"1 dakika\" \/>\n<script type=\"application\/ld+json\" class=\"yoast-schema-graph\">{\"@context\":\"https:\\\/\\\/schema.org\",\"@graph\":[{\"@type\":\"Article\",\"@id\":\"https:\\\/\\\/kibrisdakik.com\\\/?p=14145#article\",\"isPartOf\":{\"@id\":\"https:\\\/\\\/kibrisdakik.com\\\/?p=14145\"},\"author\":{\"name\":\"admin\",\"@id\":\"https:\\\/\\\/kibrisdakik.com\\\/#\\\/schema\\\/person\\\/9cd9d437bbb44f72b73ba127e06d8e79\"},\"headline\":\"Maliye Bakan\u0131 Berova, Merkezi \u0130hale Komisyonu\u2019nu ziyaret etti\",\"datePublished\":\"2023-09-20T09:53:26+00:00\",\"mainEntityOfPage\":{\"@id\":\"https:\\\/\\\/kibrisdakik.com\\\/?p=14145\"},\"wordCount\":202,\"commentCount\":0,\"image\":{\"@id\":\"https:\\\/\\\/kibrisdakik.com\\\/?p=14145#primaryimage\"},\"thumbnailUrl\":\"https:\\\/\\\/kibrisdakik.com\\\/wp-content\\\/uploads\\\/2023\\\/09\\\/slkdjaljka-740x412.jpg\",\"articleSection\":[\"G\u00fcndem\"],\"inLanguage\":\"tr\",\"potentialAction\":[{\"@type\":\"CommentAction\",\"name\":\"Comment\",\"target\":[\"https:\\\/\\\/kibrisdakik.com\\\/?p=14145#respond\"]}]},{\"@type\":\"WebPage\",\"@id\":\"https:\\\/\\\/kibrisdakik.com\\\/?p=14145\",\"url\":\"https:\\\/\\\/kibrisdakik.com\\\/?p=14145\",\"name\":\"Maliye Bakan\u0131 Berova, Merkezi \u0130hale Komisyonu\u2019nu ziyaret etti -\",\"isPartOf\":{\"@id\":\"https:\\\/\\\/kibrisdakik.com\\\/#website\"},\"primaryImageOfPage\":{\"@id\":\"https:\\\/\\\/kibrisdakik.com\\\/?p=14145#primaryimage\"},\"image\":{\"@id\":\"https:\\\/\\\/kibrisdakik.com\\\/?p=14145#primaryimage\"},\"thumbnailUrl\":\"https:\\\/\\\/kibrisdakik.com\\\/wp-content\\\/uploads\\\/2023\\\/09\\\/slkdjaljka-740x412.jpg\",\"datePublished\":\"2023-09-20T09:53:26+00:00\",\"author\":{\"@id\":\"https:\\\/\\\/kibrisdakik.com\\\/#\\\/schema\\\/person\\\/9cd9d437bbb44f72b73ba127e06d8e79\"},\"breadcrumb\":{\"@id\":\"https:\\\/\\\/kibrisdakik.com\\\/?p=14145#breadcrumb\"},\"inLanguage\":\"tr\",\"potentialAction\":[{\"@type\":\"ReadAction\",\"target\":[\"https:\\\/\\\/kibrisdakik.com\\\/?p=14145\"]}]},{\"@type\":\"ImageObject\",\"inLanguage\":\"tr\",\"@id\":\"https:\\\/\\\/kibrisdakik.com\\\/?p=14145#primaryimage\",\"url\":\"https:\\\/\\\/kibrisdakik.com\\\/wp-content\\\/uploads\\\/2023\\\/09\\\/slkdjaljka-740x412.jpg\",\"contentUrl\":\"https:\\\/\\\/kibrisdakik.com\\\/wp-content\\\/uploads\\\/2023\\\/09\\\/slkdjaljka-740x412.jpg\",\"width\":1024,\"height\":412},{\"@type\":\"BreadcrumbList\",\"@id\":\"https:\\\/\\\/kibrisdakik.com\\\/?p=14145#breadcrumb\",\"itemListElement\":[{\"@type\":\"ListItem\",\"position\":1,\"name\":\"Home\",\"item\":\"https:\\\/\\\/kibrisdakik.com\\\/\"},{\"@type\":\"ListItem\",\"position\":2,\"name\":\"Maliye Bakan\u0131 Berova, Merkezi \u0130hale Komisyonu\u2019nu ziyaret etti\"}]},{\"@type\":\"WebSite\",\"@id\":\"https:\\\/\\\/kibrisdakik.com\\\/#website\",\"url\":\"https:\\\/\\\/kibrisdakik.com\\\/\",\"name\":\"\",\"description\":\"Tam vaktinde haber\",\"potentialAction\":[{\"@type\":\"SearchAction\",\"target\":{\"@type\":\"EntryPoint\",\"urlTemplate\":\"https:\\\/\\\/kibrisdakik.com\\\/?s={search_term_string}\"},\"query-input\":{\"@type\":\"PropertyValueSpecification\",\"valueRequired\":true,\"valueName\":\"search_term_string\"}}],\"inLanguage\":\"tr\"},{\"@type\":\"Person\",\"@id\":\"https:\\\/\\\/kibrisdakik.com\\\/#\\\/schema\\\/person\\\/9cd9d437bbb44f72b73ba127e06d8e79\",\"name\":\"admin\",\"image\":{\"@type\":\"ImageObject\",\"inLanguage\":\"tr\",\"@id\":\"https:\\\/\\\/secure.gravatar.com\\\/avatar\\\/ccc17943b9d660506c869530f897617f7cb1c21a4bf30023f252596d83e1f007?s=96&d=mm&r=g\",\"url\":\"https:\\\/\\\/secure.gravatar.com\\\/avatar\\\/ccc17943b9d660506c869530f897617f7cb1c21a4bf30023f252596d83e1f007?s=96&d=mm&r=g\",\"contentUrl\":\"https:\\\/\\\/secure.gravatar.com\\\/avatar\\\/ccc17943b9d660506c869530f897617f7cb1c21a4bf30023f252596d83e1f007?s=96&d=mm&r=g\",\"caption\":\"admin\"},\"sameAs\":[\"https:\\\/\\\/kibrisdakik.com\"],\"url\":\"https:\\\/\\\/kibrisdakik.com\\\/?author=1\"}]}<\/script>\n<!-- \/ Yoast SEO plugin. -->","yoast_head_json":{"title":"Maliye Bakan\u0131 Berova, Merkezi \u0130hale Komisyonu\u2019nu ziyaret etti -","robots":{"index":"index","follow":"follow","max-snippet":"max-snippet:-1","max-image-preview":"max-image-preview:large","max-video-preview":"max-video-preview:-1"},"canonical":"https:\/\/kibrisdakik.com\/?p=14145","og_locale":"tr_TR","og_type":"article","og_title":"Maliye Bakan\u0131 Berova, Merkezi \u0130hale Komisyonu\u2019nu ziyaret etti -","og_description":"Maliye Bakan\u0131 Dr. \u00d6zdemir Berova, bakanl\u0131\u011f\u0131na ba\u011fl\u0131 Merkezi \u0130hale Komisyonu\u2019nu (M\u0130K) ziyaret etti. K\u0131sa s\u00fcreli\u011fine M\u0130K \u0130hale Toplant\u0131s\u0131na kat\u0131ld\u0131. Bakanl\u0131ktan verilen bilgiye g\u00f6re, M\u0130K Ba\u015fkan\u0131 Halis \u00dcresin\u2019den \u00e7al\u0131\u015fmalar hakk\u0131nda bilgiler alan Maliye Bakan Berova, burada yapt\u0131\u011f\u0131 a\u00e7\u0131klamada, hem komisyonun \u00e7al\u0131\u015fmalar\u0131n\u0131 yerinde incelemek, hem de emekliye ayr\u0131lacak olan M\u0130K Ba\u015fkan\u0131 Halis \u00dcresin\u2019e bundan sonraki hayat\u0131nda ba\u015far\u0131","og_url":"https:\/\/kibrisdakik.com\/?p=14145","article_published_time":"2023-09-20T09:53:26+00:00","og_image":[{"width":1024,"height":412,"url":"https:\/\/kibrisdakik.com\/wp-content\/uploads\/2023\/09\/slkdjaljka-740x412.jpg","type":"image\/jpeg"}],"author":"admin","twitter_card":"summary_large_image","twitter_misc":{"Yazan:":"admin","Tahmini okuma s\u00fcresi":"1 dakika"},"schema":{"@context":"https:\/\/schema.org","@graph":[{"@type":"Article","@id":"https:\/\/kibrisdakik.com\/?p=14145#article","isPartOf":{"@id":"https:\/\/kibrisdakik.com\/?p=14145"},"author":{"name":"admin","@id":"https:\/\/kibrisdakik.com\/#\/schema\/person\/9cd9d437bbb44f72b73ba127e06d8e79"},"headline":"Maliye Bakan\u0131 Berova, Merkezi \u0130hale Komisyonu\u2019nu ziyaret etti","datePublished":"2023-09-20T09:53:26+00:00","mainEntityOfPage":{"@id":"https:\/\/kibrisdakik.com\/?p=14145"},"wordCount":202,"commentCount":0,"image":{"@id":"https:\/\/kibrisdakik.com\/?p=14145#primaryimage"},"thumbnailUrl":"https:\/\/kibrisdakik.com\/wp-content\/uploads\/2023\/09\/slkdjaljka-740x412.jpg","articleSection":["G\u00fcndem"],"inLanguage":"tr","potentialAction":[{"@type":"CommentAction","name":"Comment","target":["https:\/\/kibrisdakik.com\/?p=14145#respond"]}]},{"@type":"WebPage","@id":"https:\/\/kibrisdakik.com\/?p=14145","url":"https:\/\/kibrisdakik.com\/?p=14145","name":"Maliye Bakan\u0131 Berova, Merkezi \u0130hale Komisyonu\u2019nu ziyaret etti -","isPartOf":{"@id":"https:\/\/kibrisdakik.com\/#website"},"primaryImageOfPage":{"@id":"https:\/\/kibrisdakik.com\/?p=14145#primaryimage"},"image":{"@id":"https:\/\/kibrisdakik.com\/?p=14145#primaryimage"},"thumbnailUrl":"https:\/\/kibrisdakik.com\/wp-content\/uploads\/2023\/09\/slkdjaljka-740x412.jpg","datePublished":"2023-09-20T09:53:26+00:00","author":{"@id":"https:\/\/kibrisdakik.com\/#\/schema\/person\/9cd9d437bbb44f72b73ba127e06d8e79"},"breadcrumb":{"@id":"https:\/\/kibrisdakik.com\/?p=14145#breadcrumb"},"inLanguage":"tr","potentialAction":[{"@type":"ReadAction","target":["https:\/\/kibrisdakik.com\/?p=14145"]}]},{"@type":"ImageObject","inLanguage":"tr","@id":"https:\/\/kibrisdakik.com\/?p=14145#primaryimage","url":"https:\/\/kibrisdakik.com\/wp-content\/uploads\/2023\/09\/slkdjaljka-740x412.jpg","contentUrl":"https:\/\/kibrisdakik.com\/wp-content\/uploads\/2023\/09\/slkdjaljka-740x412.jpg","width":1024,"height":412},{"@type":"BreadcrumbList","@id":"https:\/\/kibrisdakik.com\/?p=14145#breadcrumb","itemListElement":[{"@type":"ListItem","position":1,"name":"Home","item":"https:\/\/kibrisdakik.com\/"},{"@type":"ListItem","position":2,"name":"Maliye Bakan\u0131 Berova, Merkezi \u0130hale Komisyonu\u2019nu ziyaret etti"}]},{"@type":"WebSite","@id":"https:\/\/kibrisdakik.com\/#website","url":"https:\/\/kibrisdakik.com\/","name":"","description":"Tam vaktinde haber","potentialAction":[{"@type":"SearchAction","target":{"@type":"EntryPoint","urlTemplate":"https:\/\/kibrisdakik.com\/?s={search_term_string}"},"query-input":{"@type":"PropertyValueSpecification","valueRequired":true,"valueName":"search_term_string"}}],"inLanguage":"tr"},{"@type":"Person","@id":"https:\/\/kibrisdakik.com\/#\/schema\/person\/9cd9d437bbb44f72b73ba127e06d8e79","name":"admin","image":{"@type":"ImageObject","inLanguage":"tr","@id":"https:\/\/secure.gravatar.com\/avatar\/ccc17943b9d660506c869530f897617f7cb1c21a4bf30023f252596d83e1f007?s=96&d=mm&r=g","url":"https:\/\/secure.gravatar.com\/avatar\/ccc17943b9d660506c869530f897617f7cb1c21a4bf30023f252596d83e1f007?s=96&d=mm&r=g","contentUrl":"https:\/\/secure.gravatar.com\/avatar\/ccc17943b9d660506c869530f897617f7cb1c21a4bf30023f252596d83e1f007?s=96&d=mm&r=g","caption":"admin"},"sameAs":["https:\/\/kibrisdakik.com"],"url":"https:\/\/kibrisdakik.com\/?author=1"}]}},"_links":{"self":[{"href":"https:\/\/kibrisdakik.com\/index.php?rest_route=\/wp\/v2\/posts\/14145","targetHints":{"allow":["GET"]}}],"collection":[{"href":"https:\/\/kibrisdakik.com\/index.php?rest_route=\/wp\/v2\/posts"}],"about":[{"href":"https:\/\/kibrisdakik.com\/index.php?rest_route=\/wp\/v2\/types\/post"}],"author":[{"embeddable":true,"href":"https:\/\/kibrisdakik.com\/index.php?rest_route=\/wp\/v2\/users\/1"}],"replies":[{"embeddable":true,"href":"https:\/\/kibrisdakik.com\/index.php?rest_route=%2Fwp%2Fv2%2Fcomments&post=14145"}],"version-history":[{"count":0,"href":"https:\/\/kibrisdakik.com\/index.php?rest_route=\/wp\/v2\/posts\/14145\/revisions"}],"wp:featuredmedia":[{"embeddable":true,"href":"https:\/\/kibrisdakik.com\/index.php?rest_route=\/wp\/v2\/media\/14146"}],"wp:attachment":[{"href":"https:\/\/kibrisdakik.com\/index.php?rest_route=%2Fwp%2Fv2%2Fmedia&parent=14145"}],"wp:term":[{"taxonomy":"category","embeddable":true,"href":"https:\/\/kibrisdakik.com\/index.php?rest_route=%2Fwp%2Fv2%2Fcategories&post=14145"},{"taxonomy":"post_tag","embeddable":true,"href":"https:\/\/kibrisdakik.com\/index.php?rest_route=%2Fwp%2Fv2%2Ftags&post=14145"}],"curies":[{"name":"wp","href":"https:\/\/api.w.org\/{rel}","templated":true}]}}