{"id":14149,"date":"2023-09-20T10:56:23","date_gmt":"2023-09-20T10:56:23","guid":{"rendered":"https:\/\/kibrisdakik.com\/index.php\/2023\/09\/20\/ktoeosbina-guvenligi-olmayan-dr-fazil-kucuk-meslek-lisesinde-ogretmen-ve-ogrenciler-hayati-risk-altinda\/"},"modified":"2023-09-20T10:56:23","modified_gmt":"2023-09-20T10:56:23","slug":"ktoeosbina-guvenligi-olmayan-dr-fazil-kucuk-meslek-lisesinde-ogretmen-ve-ogrenciler-hayati-risk-altinda","status":"publish","type":"post","link":"https:\/\/kibrisdakik.com\/?p=14149","title":{"rendered":"KTOE\u00d6S:Bina g\u00fcvenli\u011fi olmayan Dr. Faz\u0131l K\u00fc\u00e7\u00fck Meslek Lisesi\u2019nde \u00f6\u011fretmen ve \u00f6\u011frenciler hayati risk alt\u0131nda"},"content":{"rendered":"<p><\/p>\n<div>\n<div class=\"mariselle-image-container center\">\n                <img width=\"1600\" height=\"1200\" class=\"lazy-image\" alt=\"\" decoding=\"async\" loading=\"lazy\" sizes=\"auto, (max-width: 1600px) 100vw, 1600px\" src=\"https:\/\/brtk.net\/wp-content\/uploads\/2023\/09\/20\/IMG-20230920-WA0008.jpg?ver=2823fd9cf20e43f1795f91a6bcc3ce7e\" srcset=\"https:\/\/brtk.net\/wp-content\/uploads\/2023\/09\/20\/IMG-20230920-WA0008.jpg?ver=2823fd9cf20e43f1795f91a6bcc3ce7e 1600w, https:\/\/brtk.net\/wp-content\/uploads\/2023\/09\/20\/IMG-20230920-WA0008-300x225.jpg?ver=2823fd9cf20e43f1795f91a6bcc3ce7e 300w, https:\/\/brtk.net\/wp-content\/uploads\/2023\/09\/20\/IMG-20230920-WA0008-1024x768.jpg?ver=988124589d24454a6f08b475645f1bdc 1024w, https:\/\/brtk.net\/wp-content\/uploads\/2023\/09\/20\/IMG-20230920-WA0008-768x576.jpg?ver=988124589d24454a6f08b475645f1bdc 768w, https:\/\/brtk.net\/wp-content\/uploads\/2023\/09\/20\/IMG-20230920-WA0008-1536x1152.jpg?ver=7390d22b9405b7859636541214f95173 1536w\"\/>                            <\/div>\n<p>K\u0131br\u0131s T\u00fcrk Orta E\u011fitim \u00d6\u011fretmenler Sendikas\u0131 (KTOE\u00d6S), \u201cbina g\u00fcvenli\u011fi olmayan\u201d  Gazima\u011fusa\u2019daki Dr. Faz\u0131l K\u00fc\u00e7\u00fck End\u00fcstri Meslek Lisesi\u2019nde iyile\u015ftirme konusunda hi\u00e7bir ad\u0131m at\u0131lmadan yeni e\u011fitim ve \u00f6\u011fretim y\u0131l\u0131na ba\u015fland\u0131\u011f\u0131n\u0131 belirterek, \u201cbu okuldaki \u00f6\u011fretmen ve \u00f6\u011frencilerin hayati risk alt\u0131nda oldu\u011funu\u201d a\u00e7\u0131klad\u0131.<\/p>\n<p>KTOE\u00d6S  Dr. Faz\u0131l K\u00fc\u00e7\u00fck End\u00fcstri Meslek Lisesi\u2019nde bu sabah bas\u0131n a\u00e7\u0131klamas\u0131 yapt\u0131.<\/p>\n<p>-Eylem<\/p>\n<p>KTOE\u00d6S Ba\u015fkan\u0131 Selma Eylem,  Dr. Faz\u0131l K\u00fc\u00e7\u00fck End\u00fcstri Meslek Lisesi\u2019nin ge\u00e7en y\u0131l, g\u00f6zle g\u00f6r\u00fclecek \u015fekilde  depreme dayan\u0131ks\u0131z oldu\u011fu tespit edilen okul oldu\u011funu belirterek, okulda, bina performans analizinden sonra sadece ana binada -idari bina ile \u00fczerindeki s\u0131n\u0131flar\u0131n- g\u00fc\u00e7lendirilmesiyle ilgili tespit s\u00f6z konusu oldu\u011funu belirtti.<\/p>\n<p>Eylem, bu bina d\u0131\u015f\u0131nda, esas riskli olan di\u011fer s\u0131n\u0131flar s\u0131van\u0131p boyanarak, \u00f6\u011fretmen ve \u00f6\u011frencilerin girmesinin \u00f6ng\u00f6r\u00fcld\u00fc\u011f\u00fcn\u00fc, yap\u0131lan iki prefabrik s\u0131n\u0131f\u0131n da yetersiz oldu\u011funu, \u00f6\u011fretmenlerin \u00e7ardakta bile ders yapmak zorunda kald\u0131\u011f\u0131n\u0131  ifade etti.<\/p>\n<p>Eylem, gelinen noktada kolonlar\u0131n ayr\u0131ld\u0131\u011f\u0131, g\u00f6zle g\u00f6r\u00fclecek \u015fekilde s\u0131k\u0131nt\u0131lar\u0131n devam etti\u011fi s\u0131n\u0131flara \u00f6\u011fretmen ve  \u00f6\u011frencilerin  girmek zorunda b\u0131rak\u0131ld\u0131\u011f\u0131n\u0131, hayati riskin s\u00f6z konusu oldu\u011funu kaydetti.<\/p>\n<p>Okulla ilgili raporun ne oldu\u011funun Bakanl\u0131k taraf\u0131ndan a\u00e7\u0131klanmas\u0131 gerekti\u011fini s\u00f6yleyen Eylem, \u201cBu insanlar\u0131 hayati tehlikeye atmaktan vazge\u00e7mesi laz\u0131m e\u011fer \u00f6yle  bir durum s\u00f6z konusuysa ki ge\u00e7ti\u011fimiz  y\u0131ldan buraya hi\u00e7bir \u015fey yap\u0131lmam\u0131\u015ft\u0131r. Bu okul  \u00e7ok daha \u00f6nceden birtak\u0131m s\u0131k\u0131nt\u0131lar ya\u015fam\u0131\u015ft\u0131r bina g\u00fcvenli\u011fiyle ilgili. Zaman zaman  tavandan s\u0131valar\u0131n \u00e7\u00f6kmesi s\u00f6z konusudur. Dolay\u0131s\u0131yla 6 \u015eubat\u2019tan  bu tarafa de\u011fil \u00e7ok daha \u00f6nceden bu tadilatlar ve tamiratlar\u0131n yap\u0131lmas\u0131 gerekirken Bakanl\u0131k bu konuda herhangi bir  ad\u0131m atmam\u0131\u015ft\u0131r\u201d dedi.<\/p>\n<p>Eylem 6 \u015eubat\u2019tan sonra okuldaki \u00f6\u011frenciler ve \u00f6\u011fretmenlerin 3\u2019e b\u00f6l\u00fcnerek farkl\u0131 yerlere da\u011f\u0131l\u0131p, bir k\u0131sm\u0131 da okulda kalarak e\u011fitime devam etmeye \u00e7al\u0131\u015ft\u0131\u011f\u0131n\u0131, bu e\u011fitim y\u0131l\u0131nda ise hi\u00e7bir \u015fey yap\u0131lmad\u0131\u011f\u0131n\u0131, sadece bah\u00e7eye iki konteyner konulup, hi\u00e7bir \u015fey yokmu\u015f gibi e\u011fitime devam edilmesinin istendi\u011fini s\u00f6yledi.<\/p>\n<p>\u201c-Hayati risk endi\u015felerimiz vard\u0131r\u201d<\/p>\n<p>Eylem, Dr. Faz\u0131l K\u00fc\u00e7\u00fck End\u00fcstri Meslek Lisesi\u2019nde bina g\u00fcvenli\u011fi konusunda hayati risk endi\u015feleri bulundu\u011funu vurgulayarak, Bakanl\u0131\u011f\u0131n bu konuda bir an \u00f6nce ad\u0131m artmas\u0131 gerekti\u011fini kaydetti.<\/p>\n<p>-Sendika \u00f6\u011fleden sonraki derslerin yap\u0131lmamas\u0131 konusunda karar ald\u0131<\/p>\n<p>Eylem bir soru \u00fczerine, KTOE\u00d6S Y\u00f6netim Kurulunun \u00f6n\u00fcm\u00fczdeki haftadan itibaren \u00f6\u011fleden sonraki derslerin yap\u0131lmamas\u0131 y\u00f6n\u00fcnde karar ald\u0131\u011f\u0131n\u0131 s\u00f6yledi.<\/p>\n<p>Eylem, \u201cyar\u0131m g\u00fcn e\u011fitimin dahi gerekti\u011fi gibi yap\u0131lamazken, \u00f6\u011fleden sonra ders yap\u0131lmas\u0131n\u0131n riskler ta\u015f\u0131d\u0131\u011f\u0131n\u0131\u201d kaydetti.<\/p>\n<p>Eylem, Dr. Faz\u0131l K\u00fc\u00e7\u00fck End\u00fcstri Meslek Lisesi\u2019ni \u00f6rnek g\u00f6stererek, okuldaki \u00f6\u011frencilerin sadece y\u00fczde 20\u2019sinin kantine gitti\u011fini kaydetti. \u00d6\u011fle aras\u0131nda okullardaki  \u00e7ocuklar\u0131n beslenme ihtiyac\u0131n\u0131 kar\u015f\u0131layamayaca\u011f\u0131 i\u00e7in a\u00e7 kalaca\u011f\u0131n\u0131,  ayr\u0131ca  tam g\u00fcn e\u011fitimin \u015fu a\u015famada  g\u00fcvenlik sorunu yarataca\u011f\u0131n\u0131 ifade etti.<\/p>\n<p>Eylem, ayr\u0131ca Dr. Faz\u0131l K\u00fc\u00e7\u00fck End\u00fcstri Meslek Lisesi\u2019nde kantin fiyatlar\u0131n\u0131n denetlenmedi\u011fi, fiyatlar\u0131n  d\u0131\u015far\u0131dan daha pahal\u0131 oldu\u011fu konusundaki \u015fikayetleri de dile getirdi.<\/p>\n<p>-G\u00f6k\u00e7ebel<\/p>\n<p>KTOE\u00d6S Genel Sekreteri Tahir G\u00f6k\u00e7ebel de,  Milli E\u011fitim Bakan\u0131\u2019n\u0131n \u0131srarla  toplumu yanl\u0131\u015f bilgilendirdi\u011fini, alg\u0131 olu\u015fturmaya, topu ba\u015fkalar\u0131na atmaya \u00e7al\u0131\u015ft\u0131\u011f\u0131n\u0131 iddia etti.<\/p>\n<p>Bakan\u2019\u0131n atmad\u0131\u011f\u0131 ad\u0131mlarla \u00e7ocuklar\u0131 ve \u00f6\u011fretmenleri risk alt\u0131nda b\u0131rakt\u0131\u011f\u0131n\u0131 iddia eden  G\u00f6k\u00e7ebel, bunun vebalinin Milli  E\u011fitim Bakan\u0131\u2019n\u0131n omuzlar\u0131nda oldu\u011funu s\u00f6yledi.<\/p>\n<p>G\u00f6k\u00e7ebel,  Dr. Faz\u0131l K\u00fc\u00e7\u00fck End\u00fcstri Meslek Lisesi\u2019nde  bina risk analiz raporu sonucunda \u201ckullan\u0131lamaz\u201d denilen ana  binan\u0131n bug\u00fcn  g\u00fcnl\u00fck ihtiya\u00e7lar i\u00e7in kullan\u0131ld\u0131\u011f\u0131n\u0131 belirterek, \u201d Bir \u00e7ivi bile \u00e7ak\u0131lmad\u0131 hi\u00e7bir  haz\u0131rl\u0131k yap\u0131lmad\u0131\u201d dedi.<\/p>\n<p>E\u011fitim ve \u00e7ocuklar\u0131 g\u00f6zden \u00e7\u0131karan bir h\u00fck\u00fcmet  anlay\u0131\u015f\u0131 ile  kar\u015f\u0131 kar\u015f\u0131ya olduklar\u0131n\u0131 savunan G\u00f6k\u00e7ebel,  s\u00f6z konusu okulda binayla ilgili sorunlar\u0131n 4 y\u0131l \u00f6ncesine dayand\u0131\u011f\u0131n\u0131 s\u00f6yledi.<\/p>\n<p>G\u00f6k\u00e7ebel, Bakan\u2019\u0131n toplumun karakteri, ya\u015fam bi\u00e7imi ve rit\u00fcelleriyle oynamaya devam etti\u011fini, alg\u0131 yaratt\u0131\u011f\u0131n\u0131 ve makamda oturmaya devam etti\u011fini \u00f6ne s\u00fcrerek, \u201cB\u00f6yle bir anlay\u0131\u015f  kabul edilemezdir.  \u00d6\u011fretmene ve \u00f6\u011frenciye bi\u00e7ilen bu e\u011fitim anlay\u0131\u015f\u0131 bir kader de\u011fildir. Bu anlay\u0131\u015f\u0131n sorumlulu\u011fu istifad\u0131r ve art\u0131k istifas\u0131n\u0131 bekliyoruz. E\u011fitim Bakan\u0131  sorun \u00e7\u00f6zme becerisini yitirmi\u015ftir\u201d  dedi.<\/p>\n<p>G\u00f6k\u00e7ebel Gazima\u011fusa\u2019da bina g\u00fcvenli\u011fi a\u00e7s\u0131ndan risk ta\u015f\u0131d\u0131\u011f\u0131 tespit edilen okullara yenilerinin de eklendi\u011fini belirterek,  Bakanl\u0131\u011f\u0131n sorunu konteyner ile \u00e7\u00f6zmeye \u00e7al\u0131\u015ft\u0131\u011f\u0131n\u0131 kaydetti.<\/p>\n<p>G\u00f6k\u00e7ebel, \u00f6\u011fretmenin; \u00e7ocuklar\u0131n ve e\u011fitimin riske at\u0131ld\u0131\u011f\u0131 bir ortamda sinip kalmayaca\u011f\u0131n\u0131 \u201chesab\u0131n\u0131 sormak i\u00e7in her y\u00f6ntemi deneyece\u011fini\u201d s\u00f6yledi.<\/p>\n<p>G\u00f6k\u00e7ebel, \u201cBiz gelece\u011fimiz i\u00e7in m\u00fccadele ediyoruz. Biz bug\u00fcn\u00fc kurtarmak i\u00e7in u\u011fra\u015fm\u0131yoruz, reklam yapm\u0131yoruz, siyaset, makam, pe\u015finde de\u011filiz\u201d dedi.<\/p>\n<\/p><\/div>\n","protected":false},"excerpt":{"rendered":"<p>K\u0131br\u0131s T\u00fcrk Orta E\u011fitim \u00d6\u011fretmenler Sendikas\u0131 (KTOE\u00d6S), \u201cbina g\u00fcvenli\u011fi olmayan\u201d Gazima\u011fusa\u2019daki Dr. Faz\u0131l K\u00fc\u00e7\u00fck End\u00fcstri Meslek Lisesi\u2019nde iyile\u015ftirme konusunda hi\u00e7bir ad\u0131m at\u0131lmadan yeni e\u011fitim ve \u00f6\u011fretim y\u0131l\u0131na ba\u015fland\u0131\u011f\u0131n\u0131 belirterek, \u201cbu okuldaki \u00f6\u011fretmen ve \u00f6\u011frencilerin hayati risk alt\u0131nda oldu\u011funu\u201d a\u00e7\u0131klad\u0131. KTOE\u00d6S Dr. Faz\u0131l K\u00fc\u00e7\u00fck End\u00fcstri Meslek Lisesi\u2019nde bu sabah bas\u0131n a\u00e7\u0131klamas\u0131 yapt\u0131. -Eylem KTOE\u00d6S Ba\u015fkan\u0131 Selma<\/p>\n","protected":false},"author":1,"featured_media":14150,"comment_status":"open","ping_status":"open","sticky":false,"template":"","format":"standard","meta":{"footnotes":""},"categories":[1],"tags":[],"class_list":["post-14149","post","type-post","status-publish","format-standard","has-post-thumbnail","hentry","category-gundem"],"yoast_head":"<!-- This site is optimized with the Yoast SEO plugin v27.5 - https:\/\/yoast.com\/product\/yoast-seo-wordpress\/ -->\n<title>KTOE\u00d6S:Bina g\u00fcvenli\u011fi olmayan Dr. Faz\u0131l K\u00fc\u00e7\u00fck Meslek Lisesi\u2019nde \u00f6\u011fretmen ve \u00f6\u011frenciler hayati risk alt\u0131nda -<\/title>\n<meta name=\"robots\" content=\"index, follow, max-snippet:-1, max-image-preview:large, max-video-preview:-1\" \/>\n<link rel=\"canonical\" href=\"https:\/\/kibrisdakik.com\/?p=14149\" \/>\n<meta property=\"og:locale\" content=\"tr_TR\" \/>\n<meta property=\"og:type\" content=\"article\" \/>\n<meta property=\"og:title\" content=\"KTOE\u00d6S:Bina g\u00fcvenli\u011fi olmayan Dr. Faz\u0131l K\u00fc\u00e7\u00fck Meslek Lisesi\u2019nde \u00f6\u011fretmen ve \u00f6\u011frenciler hayati risk alt\u0131nda -\" \/>\n<meta property=\"og:description\" content=\"K\u0131br\u0131s T\u00fcrk Orta E\u011fitim \u00d6\u011fretmenler Sendikas\u0131 (KTOE\u00d6S), \u201cbina g\u00fcvenli\u011fi olmayan\u201d Gazima\u011fusa\u2019daki Dr. Faz\u0131l K\u00fc\u00e7\u00fck End\u00fcstri Meslek Lisesi\u2019nde iyile\u015ftirme konusunda hi\u00e7bir ad\u0131m at\u0131lmadan yeni e\u011fitim ve \u00f6\u011fretim y\u0131l\u0131na ba\u015fland\u0131\u011f\u0131n\u0131 belirterek, \u201cbu okuldaki \u00f6\u011fretmen ve \u00f6\u011frencilerin hayati risk alt\u0131nda oldu\u011funu\u201d a\u00e7\u0131klad\u0131. KTOE\u00d6S Dr. Faz\u0131l K\u00fc\u00e7\u00fck End\u00fcstri Meslek Lisesi\u2019nde bu sabah bas\u0131n a\u00e7\u0131klamas\u0131 yapt\u0131. -Eylem KTOE\u00d6S Ba\u015fkan\u0131 Selma\" \/>\n<meta property=\"og:url\" content=\"https:\/\/kibrisdakik.com\/?p=14149\" \/>\n<meta property=\"article:published_time\" content=\"2023-09-20T10:56:23+00:00\" \/>\n<meta property=\"og:image\" content=\"https:\/\/kibrisdakik.com\/wp-content\/uploads\/2023\/09\/IMG-20230920-WA0008-740x420.jpg\" \/>\n\t<meta property=\"og:image:width\" content=\"1600\" \/>\n\t<meta property=\"og:image:height\" content=\"1200\" \/>\n\t<meta property=\"og:image:type\" content=\"image\/jpeg\" \/>\n<meta name=\"author\" content=\"admin\" \/>\n<meta name=\"twitter:card\" content=\"summary_large_image\" \/>\n<meta name=\"twitter:label1\" content=\"Yazan:\" \/>\n\t<meta name=\"twitter:data1\" content=\"admin\" \/>\n\t<meta name=\"twitter:label2\" content=\"Tahmini okuma s\u00fcresi\" \/>\n\t<meta name=\"twitter:data2\" content=\"5 dakika\" \/>\n<script type=\"application\/ld+json\" class=\"yoast-schema-graph\">{\"@context\":\"https:\\\/\\\/schema.org\",\"@graph\":[{\"@type\":\"Article\",\"@id\":\"https:\\\/\\\/kibrisdakik.com\\\/?p=14149#article\",\"isPartOf\":{\"@id\":\"https:\\\/\\\/kibrisdakik.com\\\/?p=14149\"},\"author\":{\"name\":\"admin\",\"@id\":\"https:\\\/\\\/kibrisdakik.com\\\/#\\\/schema\\\/person\\\/9cd9d437bbb44f72b73ba127e06d8e79\"},\"headline\":\"KTOE\u00d6S:Bina g\u00fcvenli\u011fi olmayan Dr. Faz\u0131l K\u00fc\u00e7\u00fck Meslek Lisesi\u2019nde \u00f6\u011fretmen ve \u00f6\u011frenciler hayati risk alt\u0131nda\",\"datePublished\":\"2023-09-20T10:56:23+00:00\",\"mainEntityOfPage\":{\"@id\":\"https:\\\/\\\/kibrisdakik.com\\\/?p=14149\"},\"wordCount\":944,\"commentCount\":0,\"image\":{\"@id\":\"https:\\\/\\\/kibrisdakik.com\\\/?p=14149#primaryimage\"},\"thumbnailUrl\":\"https:\\\/\\\/kibrisdakik.com\\\/wp-content\\\/uploads\\\/2023\\\/09\\\/IMG-20230920-WA0008-740x420.jpg\",\"articleSection\":[\"G\u00fcndem\"],\"inLanguage\":\"tr\",\"potentialAction\":[{\"@type\":\"CommentAction\",\"name\":\"Comment\",\"target\":[\"https:\\\/\\\/kibrisdakik.com\\\/?p=14149#respond\"]}]},{\"@type\":\"WebPage\",\"@id\":\"https:\\\/\\\/kibrisdakik.com\\\/?p=14149\",\"url\":\"https:\\\/\\\/kibrisdakik.com\\\/?p=14149\",\"name\":\"KTOE\u00d6S:Bina g\u00fcvenli\u011fi olmayan Dr. Faz\u0131l K\u00fc\u00e7\u00fck Meslek Lisesi\u2019nde \u00f6\u011fretmen ve \u00f6\u011frenciler hayati risk alt\u0131nda -\",\"isPartOf\":{\"@id\":\"https:\\\/\\\/kibrisdakik.com\\\/#website\"},\"primaryImageOfPage\":{\"@id\":\"https:\\\/\\\/kibrisdakik.com\\\/?p=14149#primaryimage\"},\"image\":{\"@id\":\"https:\\\/\\\/kibrisdakik.com\\\/?p=14149#primaryimage\"},\"thumbnailUrl\":\"https:\\\/\\\/kibrisdakik.com\\\/wp-content\\\/uploads\\\/2023\\\/09\\\/IMG-20230920-WA0008-740x420.jpg\",\"datePublished\":\"2023-09-20T10:56:23+00:00\",\"author\":{\"@id\":\"https:\\\/\\\/kibrisdakik.com\\\/#\\\/schema\\\/person\\\/9cd9d437bbb44f72b73ba127e06d8e79\"},\"breadcrumb\":{\"@id\":\"https:\\\/\\\/kibrisdakik.com\\\/?p=14149#breadcrumb\"},\"inLanguage\":\"tr\",\"potentialAction\":[{\"@type\":\"ReadAction\",\"target\":[\"https:\\\/\\\/kibrisdakik.com\\\/?p=14149\"]}]},{\"@type\":\"ImageObject\",\"inLanguage\":\"tr\",\"@id\":\"https:\\\/\\\/kibrisdakik.com\\\/?p=14149#primaryimage\",\"url\":\"https:\\\/\\\/kibrisdakik.com\\\/wp-content\\\/uploads\\\/2023\\\/09\\\/IMG-20230920-WA0008-740x420.jpg\",\"contentUrl\":\"https:\\\/\\\/kibrisdakik.com\\\/wp-content\\\/uploads\\\/2023\\\/09\\\/IMG-20230920-WA0008-740x420.jpg\",\"width\":1600,\"height\":1200},{\"@type\":\"BreadcrumbList\",\"@id\":\"https:\\\/\\\/kibrisdakik.com\\\/?p=14149#breadcrumb\",\"itemListElement\":[{\"@type\":\"ListItem\",\"position\":1,\"name\":\"Home\",\"item\":\"https:\\\/\\\/kibrisdakik.com\\\/\"},{\"@type\":\"ListItem\",\"position\":2,\"name\":\"KTOE\u00d6S:Bina g\u00fcvenli\u011fi olmayan Dr. Faz\u0131l K\u00fc\u00e7\u00fck Meslek Lisesi\u2019nde \u00f6\u011fretmen ve \u00f6\u011frenciler hayati risk alt\u0131nda\"}]},{\"@type\":\"WebSite\",\"@id\":\"https:\\\/\\\/kibrisdakik.com\\\/#website\",\"url\":\"https:\\\/\\\/kibrisdakik.com\\\/\",\"name\":\"\",\"description\":\"Tam vaktinde haber\",\"potentialAction\":[{\"@type\":\"SearchAction\",\"target\":{\"@type\":\"EntryPoint\",\"urlTemplate\":\"https:\\\/\\\/kibrisdakik.com\\\/?s={search_term_string}\"},\"query-input\":{\"@type\":\"PropertyValueSpecification\",\"valueRequired\":true,\"valueName\":\"search_term_string\"}}],\"inLanguage\":\"tr\"},{\"@type\":\"Person\",\"@id\":\"https:\\\/\\\/kibrisdakik.com\\\/#\\\/schema\\\/person\\\/9cd9d437bbb44f72b73ba127e06d8e79\",\"name\":\"admin\",\"image\":{\"@type\":\"ImageObject\",\"inLanguage\":\"tr\",\"@id\":\"https:\\\/\\\/secure.gravatar.com\\\/avatar\\\/ccc17943b9d660506c869530f897617f7cb1c21a4bf30023f252596d83e1f007?s=96&d=mm&r=g\",\"url\":\"https:\\\/\\\/secure.gravatar.com\\\/avatar\\\/ccc17943b9d660506c869530f897617f7cb1c21a4bf30023f252596d83e1f007?s=96&d=mm&r=g\",\"contentUrl\":\"https:\\\/\\\/secure.gravatar.com\\\/avatar\\\/ccc17943b9d660506c869530f897617f7cb1c21a4bf30023f252596d83e1f007?s=96&d=mm&r=g\",\"caption\":\"admin\"},\"sameAs\":[\"https:\\\/\\\/kibrisdakik.com\"],\"url\":\"https:\\\/\\\/kibrisdakik.com\\\/?author=1\"}]}<\/script>\n<!-- \/ Yoast SEO plugin. -->","yoast_head_json":{"title":"KTOE\u00d6S:Bina g\u00fcvenli\u011fi olmayan Dr. Faz\u0131l K\u00fc\u00e7\u00fck Meslek Lisesi\u2019nde \u00f6\u011fretmen ve \u00f6\u011frenciler hayati risk alt\u0131nda -","robots":{"index":"index","follow":"follow","max-snippet":"max-snippet:-1","max-image-preview":"max-image-preview:large","max-video-preview":"max-video-preview:-1"},"canonical":"https:\/\/kibrisdakik.com\/?p=14149","og_locale":"tr_TR","og_type":"article","og_title":"KTOE\u00d6S:Bina g\u00fcvenli\u011fi olmayan Dr. Faz\u0131l K\u00fc\u00e7\u00fck Meslek Lisesi\u2019nde \u00f6\u011fretmen ve \u00f6\u011frenciler hayati risk alt\u0131nda -","og_description":"K\u0131br\u0131s T\u00fcrk Orta E\u011fitim \u00d6\u011fretmenler Sendikas\u0131 (KTOE\u00d6S), \u201cbina g\u00fcvenli\u011fi olmayan\u201d Gazima\u011fusa\u2019daki Dr. Faz\u0131l K\u00fc\u00e7\u00fck End\u00fcstri Meslek Lisesi\u2019nde iyile\u015ftirme konusunda hi\u00e7bir ad\u0131m at\u0131lmadan yeni e\u011fitim ve \u00f6\u011fretim y\u0131l\u0131na ba\u015fland\u0131\u011f\u0131n\u0131 belirterek, \u201cbu okuldaki \u00f6\u011fretmen ve \u00f6\u011frencilerin hayati risk alt\u0131nda oldu\u011funu\u201d a\u00e7\u0131klad\u0131. KTOE\u00d6S Dr. Faz\u0131l K\u00fc\u00e7\u00fck End\u00fcstri Meslek Lisesi\u2019nde bu sabah bas\u0131n a\u00e7\u0131klamas\u0131 yapt\u0131. -Eylem KTOE\u00d6S Ba\u015fkan\u0131 Selma","og_url":"https:\/\/kibrisdakik.com\/?p=14149","article_published_time":"2023-09-20T10:56:23+00:00","og_image":[{"width":1600,"height":1200,"url":"https:\/\/kibrisdakik.com\/wp-content\/uploads\/2023\/09\/IMG-20230920-WA0008-740x420.jpg","type":"image\/jpeg"}],"author":"admin","twitter_card":"summary_large_image","twitter_misc":{"Yazan:":"admin","Tahmini okuma s\u00fcresi":"5 dakika"},"schema":{"@context":"https:\/\/schema.org","@graph":[{"@type":"Article","@id":"https:\/\/kibrisdakik.com\/?p=14149#article","isPartOf":{"@id":"https:\/\/kibrisdakik.com\/?p=14149"},"author":{"name":"admin","@id":"https:\/\/kibrisdakik.com\/#\/schema\/person\/9cd9d437bbb44f72b73ba127e06d8e79"},"headline":"KTOE\u00d6S:Bina g\u00fcvenli\u011fi olmayan Dr. Faz\u0131l K\u00fc\u00e7\u00fck Meslek Lisesi\u2019nde \u00f6\u011fretmen ve \u00f6\u011frenciler hayati risk alt\u0131nda","datePublished":"2023-09-20T10:56:23+00:00","mainEntityOfPage":{"@id":"https:\/\/kibrisdakik.com\/?p=14149"},"wordCount":944,"commentCount":0,"image":{"@id":"https:\/\/kibrisdakik.com\/?p=14149#primaryimage"},"thumbnailUrl":"https:\/\/kibrisdakik.com\/wp-content\/uploads\/2023\/09\/IMG-20230920-WA0008-740x420.jpg","articleSection":["G\u00fcndem"],"inLanguage":"tr","potentialAction":[{"@type":"CommentAction","name":"Comment","target":["https:\/\/kibrisdakik.com\/?p=14149#respond"]}]},{"@type":"WebPage","@id":"https:\/\/kibrisdakik.com\/?p=14149","url":"https:\/\/kibrisdakik.com\/?p=14149","name":"KTOE\u00d6S:Bina g\u00fcvenli\u011fi olmayan Dr. Faz\u0131l K\u00fc\u00e7\u00fck Meslek Lisesi\u2019nde \u00f6\u011fretmen ve \u00f6\u011frenciler hayati risk alt\u0131nda -","isPartOf":{"@id":"https:\/\/kibrisdakik.com\/#website"},"primaryImageOfPage":{"@id":"https:\/\/kibrisdakik.com\/?p=14149#primaryimage"},"image":{"@id":"https:\/\/kibrisdakik.com\/?p=14149#primaryimage"},"thumbnailUrl":"https:\/\/kibrisdakik.com\/wp-content\/uploads\/2023\/09\/IMG-20230920-WA0008-740x420.jpg","datePublished":"2023-09-20T10:56:23+00:00","author":{"@id":"https:\/\/kibrisdakik.com\/#\/schema\/person\/9cd9d437bbb44f72b73ba127e06d8e79"},"breadcrumb":{"@id":"https:\/\/kibrisdakik.com\/?p=14149#breadcrumb"},"inLanguage":"tr","potentialAction":[{"@type":"ReadAction","target":["https:\/\/kibrisdakik.com\/?p=14149"]}]},{"@type":"ImageObject","inLanguage":"tr","@id":"https:\/\/kibrisdakik.com\/?p=14149#primaryimage","url":"https:\/\/kibrisdakik.com\/wp-content\/uploads\/2023\/09\/IMG-20230920-WA0008-740x420.jpg","contentUrl":"https:\/\/kibrisdakik.com\/wp-content\/uploads\/2023\/09\/IMG-20230920-WA0008-740x420.jpg","width":1600,"height":1200},{"@type":"BreadcrumbList","@id":"https:\/\/kibrisdakik.com\/?p=14149#breadcrumb","itemListElement":[{"@type":"ListItem","position":1,"name":"Home","item":"https:\/\/kibrisdakik.com\/"},{"@type":"ListItem","position":2,"name":"KTOE\u00d6S:Bina g\u00fcvenli\u011fi olmayan Dr. Faz\u0131l K\u00fc\u00e7\u00fck Meslek Lisesi\u2019nde \u00f6\u011fretmen ve \u00f6\u011frenciler hayati risk alt\u0131nda"}]},{"@type":"WebSite","@id":"https:\/\/kibrisdakik.com\/#website","url":"https:\/\/kibrisdakik.com\/","name":"","description":"Tam vaktinde haber","potentialAction":[{"@type":"SearchAction","target":{"@type":"EntryPoint","urlTemplate":"https:\/\/kibrisdakik.com\/?s={search_term_string}"},"query-input":{"@type":"PropertyValueSpecification","valueRequired":true,"valueName":"search_term_string"}}],"inLanguage":"tr"},{"@type":"Person","@id":"https:\/\/kibrisdakik.com\/#\/schema\/person\/9cd9d437bbb44f72b73ba127e06d8e79","name":"admin","image":{"@type":"ImageObject","inLanguage":"tr","@id":"https:\/\/secure.gravatar.com\/avatar\/ccc17943b9d660506c869530f897617f7cb1c21a4bf30023f252596d83e1f007?s=96&d=mm&r=g","url":"https:\/\/secure.gravatar.com\/avatar\/ccc17943b9d660506c869530f897617f7cb1c21a4bf30023f252596d83e1f007?s=96&d=mm&r=g","contentUrl":"https:\/\/secure.gravatar.com\/avatar\/ccc17943b9d660506c869530f897617f7cb1c21a4bf30023f252596d83e1f007?s=96&d=mm&r=g","caption":"admin"},"sameAs":["https:\/\/kibrisdakik.com"],"url":"https:\/\/kibrisdakik.com\/?author=1"}]}},"_links":{"self":[{"href":"https:\/\/kibrisdakik.com\/index.php?rest_route=\/wp\/v2\/posts\/14149","targetHints":{"allow":["GET"]}}],"collection":[{"href":"https:\/\/kibrisdakik.com\/index.php?rest_route=\/wp\/v2\/posts"}],"about":[{"href":"https:\/\/kibrisdakik.com\/index.php?rest_route=\/wp\/v2\/types\/post"}],"author":[{"embeddable":true,"href":"https:\/\/kibrisdakik.com\/index.php?rest_route=\/wp\/v2\/users\/1"}],"replies":[{"embeddable":true,"href":"https:\/\/kibrisdakik.com\/index.php?rest_route=%2Fwp%2Fv2%2Fcomments&post=14149"}],"version-history":[{"count":0,"href":"https:\/\/kibrisdakik.com\/index.php?rest_route=\/wp\/v2\/posts\/14149\/revisions"}],"wp:featuredmedia":[{"embeddable":true,"href":"https:\/\/kibrisdakik.com\/index.php?rest_route=\/wp\/v2\/media\/14150"}],"wp:attachment":[{"href":"https:\/\/kibrisdakik.com\/index.php?rest_route=%2Fwp%2Fv2%2Fmedia&parent=14149"}],"wp:term":[{"taxonomy":"category","embeddable":true,"href":"https:\/\/kibrisdakik.com\/index.php?rest_route=%2Fwp%2Fv2%2Fcategories&post=14149"},{"taxonomy":"post_tag","embeddable":true,"href":"https:\/\/kibrisdakik.com\/index.php?rest_route=%2Fwp%2Fv2%2Ftags&post=14149"}],"curies":[{"name":"wp","href":"https:\/\/api.w.org\/{rel}","templated":true}]}}