{"id":14157,"date":"2023-09-20T12:58:05","date_gmt":"2023-09-20T12:58:05","guid":{"rendered":"https:\/\/kibrisdakik.com\/index.php\/2023\/09\/20\/catalkoy-esentepe-belediyesi-okul-cantasi-dagitti\/"},"modified":"2023-09-20T12:58:05","modified_gmt":"2023-09-20T12:58:05","slug":"catalkoy-esentepe-belediyesi-okul-cantasi-dagitti","status":"publish","type":"post","link":"https:\/\/kibrisdakik.com\/?p=14157","title":{"rendered":"\u00c7atalk\u00f6y \u2013Esentepe Belediyesi okul \u00e7antas\u0131 da\u011f\u0131tt\u0131"},"content":{"rendered":"<p><\/p>\n<div>\n<div class=\"mariselle-image-container center\">\n                <img width=\"1286\" height=\"707\" class=\"lazy-image\" alt=\"\" decoding=\"async\" loading=\"lazy\" sizes=\"auto, (max-width: 1286px) 100vw, 1286px\" src=\"https:\/\/brtk.net\/wp-content\/uploads\/2023\/09\/20\/1231313.jpg?ver=0ff9aaeadd0bea0fd6a5715a875dec55\" srcset=\"https:\/\/brtk.net\/wp-content\/uploads\/2023\/09\/20\/1231313.jpg?ver=0ff9aaeadd0bea0fd6a5715a875dec55 1286w, https:\/\/brtk.net\/wp-content\/uploads\/2023\/09\/20\/1231313-300x165.jpg?ver=0ff9aaeadd0bea0fd6a5715a875dec55 300w, https:\/\/brtk.net\/wp-content\/uploads\/2023\/09\/20\/1231313-1024x563.jpg?ver=b750292eda52ec269a170d51f4b2395b 1024w, https:\/\/brtk.net\/wp-content\/uploads\/2023\/09\/20\/1231313-768x422.jpg?ver=b750292eda52ec269a170d51f4b2395b 768w\"\/>                            <\/div>\n<p>\u00c7atalk\u00f6y \u2013Esentepe Belediyesi, e\u011fitim y\u0131l\u0131n\u0131n ba\u015flamas\u0131 vesilesiyle okul \u00e7antas\u0131 da\u011f\u0131tt\u0131.<\/p>\n<p>Belediye\u2019den verilen bilgiye g\u00f6re, Belediye Ba\u015fkan\u0131 Ceyhun K\u0131rok, yeni e\u011fitim y\u0131l\u0131n\u0131n ilk g\u00fcn\u00fcnde Esentepe ve \u00c7atalk\u00f6y ilkokullar\u0131n\u0131 ziyaret etti. Ziyarette 4 ya\u015f, ana s\u0131n\u0131f ve birinci s\u0131n\u0131f \u00f6\u011frencilerine \u00e7anta hediye edildi.<\/p>\n<p>\u00c7atalk\u00f6y \u2013Esentepe Belediye Ba\u015fkan\u0131 Ceyhun K\u0131rok konuyla ilgili a\u00e7\u0131klamas\u0131nda, \u201cBelediye olarak e\u011fitime s\u00fcrekli destek veriyoruz. Bu y\u0131l da okula ba\u015flayan yavrular\u0131m\u0131z\u0131 sevindirmek istedik. Bir yandan da ailelerimizin ekonomik y\u00fck\u00fcn\u00fc hafifletmeyi ama\u00e7lad\u0131k. Bu kapsamda 4 Ya\u015f, Ana S\u0131n\u0131f ve 1. S\u0131n\u0131flar\u0131na ba\u015flayan t\u00fcm \u00f6\u011frencilere okul \u00e7antas\u0131 hediye ettik. G\u00fczel g\u00fcnlerde kullans\u0131nlar\u201d dedi.<\/p>\n<\/p><\/div>\n","protected":false},"excerpt":{"rendered":"<p>\u00c7atalk\u00f6y \u2013Esentepe Belediyesi, e\u011fitim y\u0131l\u0131n\u0131n ba\u015flamas\u0131 vesilesiyle okul \u00e7antas\u0131 da\u011f\u0131tt\u0131. Belediye\u2019den verilen bilgiye g\u00f6re, Belediye Ba\u015fkan\u0131 Ceyhun K\u0131rok, yeni e\u011fitim y\u0131l\u0131n\u0131n ilk g\u00fcn\u00fcnde Esentepe ve \u00c7atalk\u00f6y ilkokullar\u0131n\u0131 ziyaret etti. Ziyarette 4 ya\u015f, ana s\u0131n\u0131f ve birinci s\u0131n\u0131f \u00f6\u011frencilerine \u00e7anta hediye edildi. \u00c7atalk\u00f6y \u2013Esentepe Belediye Ba\u015fkan\u0131 Ceyhun K\u0131rok konuyla ilgili a\u00e7\u0131klamas\u0131nda, \u201cBelediye olarak e\u011fitime s\u00fcrekli destek<\/p>\n","protected":false},"author":1,"featured_media":14158,"comment_status":"open","ping_status":"open","sticky":false,"template":"","format":"standard","meta":{"footnotes":""},"categories":[1],"tags":[],"class_list":["post-14157","post","type-post","status-publish","format-standard","has-post-thumbnail","hentry","category-gundem"],"yoast_head":"<!-- This site is optimized with the Yoast SEO plugin v27.4 - https:\/\/yoast.com\/product\/yoast-seo-wordpress\/ -->\n<title>\u00c7atalk\u00f6y \u2013Esentepe Belediyesi okul \u00e7antas\u0131 da\u011f\u0131tt\u0131 -<\/title>\n<meta name=\"robots\" content=\"index, follow, max-snippet:-1, max-image-preview:large, max-video-preview:-1\" \/>\n<link rel=\"canonical\" href=\"https:\/\/kibrisdakik.com\/?p=14157\" \/>\n<meta property=\"og:locale\" content=\"tr_TR\" \/>\n<meta property=\"og:type\" content=\"article\" \/>\n<meta property=\"og:title\" content=\"\u00c7atalk\u00f6y \u2013Esentepe Belediyesi okul \u00e7antas\u0131 da\u011f\u0131tt\u0131 -\" \/>\n<meta property=\"og:description\" content=\"\u00c7atalk\u00f6y \u2013Esentepe Belediyesi, e\u011fitim y\u0131l\u0131n\u0131n ba\u015flamas\u0131 vesilesiyle okul \u00e7antas\u0131 da\u011f\u0131tt\u0131. Belediye\u2019den verilen bilgiye g\u00f6re, Belediye Ba\u015fkan\u0131 Ceyhun K\u0131rok, yeni e\u011fitim y\u0131l\u0131n\u0131n ilk g\u00fcn\u00fcnde Esentepe ve \u00c7atalk\u00f6y ilkokullar\u0131n\u0131 ziyaret etti. Ziyarette 4 ya\u015f, ana s\u0131n\u0131f ve birinci s\u0131n\u0131f \u00f6\u011frencilerine \u00e7anta hediye edildi. \u00c7atalk\u00f6y \u2013Esentepe Belediye Ba\u015fkan\u0131 Ceyhun K\u0131rok konuyla ilgili a\u00e7\u0131klamas\u0131nda, \u201cBelediye olarak e\u011fitime s\u00fcrekli destek\" \/>\n<meta property=\"og:url\" content=\"https:\/\/kibrisdakik.com\/?p=14157\" \/>\n<meta property=\"article:published_time\" content=\"2023-09-20T12:58:05+00:00\" \/>\n<meta property=\"og:image\" content=\"https:\/\/kibrisdakik.com\/wp-content\/uploads\/2023\/09\/1231313-740x420.jpg\" \/>\n\t<meta property=\"og:image:width\" content=\"1286\" \/>\n\t<meta property=\"og:image:height\" content=\"707\" \/>\n\t<meta property=\"og:image:type\" content=\"image\/jpeg\" \/>\n<meta name=\"author\" content=\"admin\" \/>\n<meta name=\"twitter:card\" content=\"summary_large_image\" \/>\n<meta name=\"twitter:label1\" content=\"Yazan:\" \/>\n\t<meta name=\"twitter:data1\" content=\"admin\" \/>\n\t<meta name=\"twitter:label2\" content=\"Tahmini okuma s\u00fcresi\" \/>\n\t<meta name=\"twitter:data2\" content=\"1 dakika\" \/>\n<script type=\"application\/ld+json\" class=\"yoast-schema-graph\">{\"@context\":\"https:\\\/\\\/schema.org\",\"@graph\":[{\"@type\":\"Article\",\"@id\":\"https:\\\/\\\/kibrisdakik.com\\\/?p=14157#article\",\"isPartOf\":{\"@id\":\"https:\\\/\\\/kibrisdakik.com\\\/?p=14157\"},\"author\":{\"name\":\"admin\",\"@id\":\"https:\\\/\\\/kibrisdakik.com\\\/#\\\/schema\\\/person\\\/9cd9d437bbb44f72b73ba127e06d8e79\"},\"headline\":\"\u00c7atalk\u00f6y \u2013Esentepe Belediyesi okul \u00e7antas\u0131 da\u011f\u0131tt\u0131\",\"datePublished\":\"2023-09-20T12:58:05+00:00\",\"mainEntityOfPage\":{\"@id\":\"https:\\\/\\\/kibrisdakik.com\\\/?p=14157\"},\"wordCount\":145,\"commentCount\":0,\"image\":{\"@id\":\"https:\\\/\\\/kibrisdakik.com\\\/?p=14157#primaryimage\"},\"thumbnailUrl\":\"https:\\\/\\\/kibrisdakik.com\\\/wp-content\\\/uploads\\\/2023\\\/09\\\/1231313-740x420.jpg\",\"articleSection\":[\"G\u00fcndem\"],\"inLanguage\":\"tr\",\"potentialAction\":[{\"@type\":\"CommentAction\",\"name\":\"Comment\",\"target\":[\"https:\\\/\\\/kibrisdakik.com\\\/?p=14157#respond\"]}]},{\"@type\":\"WebPage\",\"@id\":\"https:\\\/\\\/kibrisdakik.com\\\/?p=14157\",\"url\":\"https:\\\/\\\/kibrisdakik.com\\\/?p=14157\",\"name\":\"\u00c7atalk\u00f6y \u2013Esentepe Belediyesi okul \u00e7antas\u0131 da\u011f\u0131tt\u0131 -\",\"isPartOf\":{\"@id\":\"https:\\\/\\\/kibrisdakik.com\\\/#website\"},\"primaryImageOfPage\":{\"@id\":\"https:\\\/\\\/kibrisdakik.com\\\/?p=14157#primaryimage\"},\"image\":{\"@id\":\"https:\\\/\\\/kibrisdakik.com\\\/?p=14157#primaryimage\"},\"thumbnailUrl\":\"https:\\\/\\\/kibrisdakik.com\\\/wp-content\\\/uploads\\\/2023\\\/09\\\/1231313-740x420.jpg\",\"datePublished\":\"2023-09-20T12:58:05+00:00\",\"author\":{\"@id\":\"https:\\\/\\\/kibrisdakik.com\\\/#\\\/schema\\\/person\\\/9cd9d437bbb44f72b73ba127e06d8e79\"},\"breadcrumb\":{\"@id\":\"https:\\\/\\\/kibrisdakik.com\\\/?p=14157#breadcrumb\"},\"inLanguage\":\"tr\",\"potentialAction\":[{\"@type\":\"ReadAction\",\"target\":[\"https:\\\/\\\/kibrisdakik.com\\\/?p=14157\"]}]},{\"@type\":\"ImageObject\",\"inLanguage\":\"tr\",\"@id\":\"https:\\\/\\\/kibrisdakik.com\\\/?p=14157#primaryimage\",\"url\":\"https:\\\/\\\/kibrisdakik.com\\\/wp-content\\\/uploads\\\/2023\\\/09\\\/1231313-740x420.jpg\",\"contentUrl\":\"https:\\\/\\\/kibrisdakik.com\\\/wp-content\\\/uploads\\\/2023\\\/09\\\/1231313-740x420.jpg\",\"width\":1286,\"height\":707},{\"@type\":\"BreadcrumbList\",\"@id\":\"https:\\\/\\\/kibrisdakik.com\\\/?p=14157#breadcrumb\",\"itemListElement\":[{\"@type\":\"ListItem\",\"position\":1,\"name\":\"Home\",\"item\":\"https:\\\/\\\/kibrisdakik.com\\\/\"},{\"@type\":\"ListItem\",\"position\":2,\"name\":\"\u00c7atalk\u00f6y \u2013Esentepe Belediyesi okul \u00e7antas\u0131 da\u011f\u0131tt\u0131\"}]},{\"@type\":\"WebSite\",\"@id\":\"https:\\\/\\\/kibrisdakik.com\\\/#website\",\"url\":\"https:\\\/\\\/kibrisdakik.com\\\/\",\"name\":\"\",\"description\":\"Tam vaktinde haber\",\"potentialAction\":[{\"@type\":\"SearchAction\",\"target\":{\"@type\":\"EntryPoint\",\"urlTemplate\":\"https:\\\/\\\/kibrisdakik.com\\\/?s={search_term_string}\"},\"query-input\":{\"@type\":\"PropertyValueSpecification\",\"valueRequired\":true,\"valueName\":\"search_term_string\"}}],\"inLanguage\":\"tr\"},{\"@type\":\"Person\",\"@id\":\"https:\\\/\\\/kibrisdakik.com\\\/#\\\/schema\\\/person\\\/9cd9d437bbb44f72b73ba127e06d8e79\",\"name\":\"admin\",\"image\":{\"@type\":\"ImageObject\",\"inLanguage\":\"tr\",\"@id\":\"https:\\\/\\\/secure.gravatar.com\\\/avatar\\\/ccc17943b9d660506c869530f897617f7cb1c21a4bf30023f252596d83e1f007?s=96&d=mm&r=g\",\"url\":\"https:\\\/\\\/secure.gravatar.com\\\/avatar\\\/ccc17943b9d660506c869530f897617f7cb1c21a4bf30023f252596d83e1f007?s=96&d=mm&r=g\",\"contentUrl\":\"https:\\\/\\\/secure.gravatar.com\\\/avatar\\\/ccc17943b9d660506c869530f897617f7cb1c21a4bf30023f252596d83e1f007?s=96&d=mm&r=g\",\"caption\":\"admin\"},\"sameAs\":[\"https:\\\/\\\/kibrisdakik.com\"],\"url\":\"https:\\\/\\\/kibrisdakik.com\\\/?author=1\"}]}<\/script>\n<!-- \/ Yoast SEO plugin. -->","yoast_head_json":{"title":"\u00c7atalk\u00f6y \u2013Esentepe Belediyesi okul \u00e7antas\u0131 da\u011f\u0131tt\u0131 -","robots":{"index":"index","follow":"follow","max-snippet":"max-snippet:-1","max-image-preview":"max-image-preview:large","max-video-preview":"max-video-preview:-1"},"canonical":"https:\/\/kibrisdakik.com\/?p=14157","og_locale":"tr_TR","og_type":"article","og_title":"\u00c7atalk\u00f6y \u2013Esentepe Belediyesi okul \u00e7antas\u0131 da\u011f\u0131tt\u0131 -","og_description":"\u00c7atalk\u00f6y \u2013Esentepe Belediyesi, e\u011fitim y\u0131l\u0131n\u0131n ba\u015flamas\u0131 vesilesiyle okul \u00e7antas\u0131 da\u011f\u0131tt\u0131. Belediye\u2019den verilen bilgiye g\u00f6re, Belediye Ba\u015fkan\u0131 Ceyhun K\u0131rok, yeni e\u011fitim y\u0131l\u0131n\u0131n ilk g\u00fcn\u00fcnde Esentepe ve \u00c7atalk\u00f6y ilkokullar\u0131n\u0131 ziyaret etti. Ziyarette 4 ya\u015f, ana s\u0131n\u0131f ve birinci s\u0131n\u0131f \u00f6\u011frencilerine \u00e7anta hediye edildi. \u00c7atalk\u00f6y \u2013Esentepe Belediye Ba\u015fkan\u0131 Ceyhun K\u0131rok konuyla ilgili a\u00e7\u0131klamas\u0131nda, \u201cBelediye olarak e\u011fitime s\u00fcrekli destek","og_url":"https:\/\/kibrisdakik.com\/?p=14157","article_published_time":"2023-09-20T12:58:05+00:00","og_image":[{"width":1286,"height":707,"url":"https:\/\/kibrisdakik.com\/wp-content\/uploads\/2023\/09\/1231313-740x420.jpg","type":"image\/jpeg"}],"author":"admin","twitter_card":"summary_large_image","twitter_misc":{"Yazan:":"admin","Tahmini okuma s\u00fcresi":"1 dakika"},"schema":{"@context":"https:\/\/schema.org","@graph":[{"@type":"Article","@id":"https:\/\/kibrisdakik.com\/?p=14157#article","isPartOf":{"@id":"https:\/\/kibrisdakik.com\/?p=14157"},"author":{"name":"admin","@id":"https:\/\/kibrisdakik.com\/#\/schema\/person\/9cd9d437bbb44f72b73ba127e06d8e79"},"headline":"\u00c7atalk\u00f6y \u2013Esentepe Belediyesi okul \u00e7antas\u0131 da\u011f\u0131tt\u0131","datePublished":"2023-09-20T12:58:05+00:00","mainEntityOfPage":{"@id":"https:\/\/kibrisdakik.com\/?p=14157"},"wordCount":145,"commentCount":0,"image":{"@id":"https:\/\/kibrisdakik.com\/?p=14157#primaryimage"},"thumbnailUrl":"https:\/\/kibrisdakik.com\/wp-content\/uploads\/2023\/09\/1231313-740x420.jpg","articleSection":["G\u00fcndem"],"inLanguage":"tr","potentialAction":[{"@type":"CommentAction","name":"Comment","target":["https:\/\/kibrisdakik.com\/?p=14157#respond"]}]},{"@type":"WebPage","@id":"https:\/\/kibrisdakik.com\/?p=14157","url":"https:\/\/kibrisdakik.com\/?p=14157","name":"\u00c7atalk\u00f6y \u2013Esentepe Belediyesi okul \u00e7antas\u0131 da\u011f\u0131tt\u0131 -","isPartOf":{"@id":"https:\/\/kibrisdakik.com\/#website"},"primaryImageOfPage":{"@id":"https:\/\/kibrisdakik.com\/?p=14157#primaryimage"},"image":{"@id":"https:\/\/kibrisdakik.com\/?p=14157#primaryimage"},"thumbnailUrl":"https:\/\/kibrisdakik.com\/wp-content\/uploads\/2023\/09\/1231313-740x420.jpg","datePublished":"2023-09-20T12:58:05+00:00","author":{"@id":"https:\/\/kibrisdakik.com\/#\/schema\/person\/9cd9d437bbb44f72b73ba127e06d8e79"},"breadcrumb":{"@id":"https:\/\/kibrisdakik.com\/?p=14157#breadcrumb"},"inLanguage":"tr","potentialAction":[{"@type":"ReadAction","target":["https:\/\/kibrisdakik.com\/?p=14157"]}]},{"@type":"ImageObject","inLanguage":"tr","@id":"https:\/\/kibrisdakik.com\/?p=14157#primaryimage","url":"https:\/\/kibrisdakik.com\/wp-content\/uploads\/2023\/09\/1231313-740x420.jpg","contentUrl":"https:\/\/kibrisdakik.com\/wp-content\/uploads\/2023\/09\/1231313-740x420.jpg","width":1286,"height":707},{"@type":"BreadcrumbList","@id":"https:\/\/kibrisdakik.com\/?p=14157#breadcrumb","itemListElement":[{"@type":"ListItem","position":1,"name":"Home","item":"https:\/\/kibrisdakik.com\/"},{"@type":"ListItem","position":2,"name":"\u00c7atalk\u00f6y \u2013Esentepe Belediyesi okul \u00e7antas\u0131 da\u011f\u0131tt\u0131"}]},{"@type":"WebSite","@id":"https:\/\/kibrisdakik.com\/#website","url":"https:\/\/kibrisdakik.com\/","name":"","description":"Tam vaktinde haber","potentialAction":[{"@type":"SearchAction","target":{"@type":"EntryPoint","urlTemplate":"https:\/\/kibrisdakik.com\/?s={search_term_string}"},"query-input":{"@type":"PropertyValueSpecification","valueRequired":true,"valueName":"search_term_string"}}],"inLanguage":"tr"},{"@type":"Person","@id":"https:\/\/kibrisdakik.com\/#\/schema\/person\/9cd9d437bbb44f72b73ba127e06d8e79","name":"admin","image":{"@type":"ImageObject","inLanguage":"tr","@id":"https:\/\/secure.gravatar.com\/avatar\/ccc17943b9d660506c869530f897617f7cb1c21a4bf30023f252596d83e1f007?s=96&d=mm&r=g","url":"https:\/\/secure.gravatar.com\/avatar\/ccc17943b9d660506c869530f897617f7cb1c21a4bf30023f252596d83e1f007?s=96&d=mm&r=g","contentUrl":"https:\/\/secure.gravatar.com\/avatar\/ccc17943b9d660506c869530f897617f7cb1c21a4bf30023f252596d83e1f007?s=96&d=mm&r=g","caption":"admin"},"sameAs":["https:\/\/kibrisdakik.com"],"url":"https:\/\/kibrisdakik.com\/?author=1"}]}},"_links":{"self":[{"href":"https:\/\/kibrisdakik.com\/index.php?rest_route=\/wp\/v2\/posts\/14157","targetHints":{"allow":["GET"]}}],"collection":[{"href":"https:\/\/kibrisdakik.com\/index.php?rest_route=\/wp\/v2\/posts"}],"about":[{"href":"https:\/\/kibrisdakik.com\/index.php?rest_route=\/wp\/v2\/types\/post"}],"author":[{"embeddable":true,"href":"https:\/\/kibrisdakik.com\/index.php?rest_route=\/wp\/v2\/users\/1"}],"replies":[{"embeddable":true,"href":"https:\/\/kibrisdakik.com\/index.php?rest_route=%2Fwp%2Fv2%2Fcomments&post=14157"}],"version-history":[{"count":0,"href":"https:\/\/kibrisdakik.com\/index.php?rest_route=\/wp\/v2\/posts\/14157\/revisions"}],"wp:featuredmedia":[{"embeddable":true,"href":"https:\/\/kibrisdakik.com\/index.php?rest_route=\/wp\/v2\/media\/14158"}],"wp:attachment":[{"href":"https:\/\/kibrisdakik.com\/index.php?rest_route=%2Fwp%2Fv2%2Fmedia&parent=14157"}],"wp:term":[{"taxonomy":"category","embeddable":true,"href":"https:\/\/kibrisdakik.com\/index.php?rest_route=%2Fwp%2Fv2%2Fcategories&post=14157"},{"taxonomy":"post_tag","embeddable":true,"href":"https:\/\/kibrisdakik.com\/index.php?rest_route=%2Fwp%2Fv2%2Ftags&post=14157"}],"curies":[{"name":"wp","href":"https:\/\/api.w.org\/{rel}","templated":true}]}}