{"id":14159,"date":"2023-09-20T13:59:45","date_gmt":"2023-09-20T13:59:45","guid":{"rendered":"https:\/\/kibrisdakik.com\/index.php\/2023\/09\/20\/hava-onumuzdeki-gunlerde-acik-ve-az-bulutlu-olacak-sicaklik-nispeten-dusecek\/"},"modified":"2023-09-20T13:59:45","modified_gmt":"2023-09-20T13:59:45","slug":"hava-onumuzdeki-gunlerde-acik-ve-az-bulutlu-olacak-sicaklik-nispeten-dusecek","status":"publish","type":"post","link":"https:\/\/kibrisdakik.com\/?p=14159","title":{"rendered":"Hava \u00f6n\u00fcm\u00fczdeki g\u00fcnlerde a\u00e7\u0131k ve az bulutlu olacak, s\u0131cakl\u0131k nispeten d\u00fc\u015fecek\u2026"},"content":{"rendered":"<p><\/p>\n<div>\n<div class=\"mariselle-image-container center\">\n                <img width=\"728\" height=\"386\" class=\"lazy-image\" alt=\"\" decoding=\"async\" loading=\"lazy\" sizes=\"auto, (max-width: 728px) 100vw, 728px\" src=\"https:\/\/brtk.net\/wp-content\/uploads\/2023\/03\/27\/hava-nasil-olacak.webp?ver=ea10791f70949439f8d3f5049d8c2545\" srcset=\"https:\/\/brtk.net\/wp-content\/uploads\/2023\/03\/27\/hava-nasil-olacak.webp?ver=ea10791f70949439f8d3f5049d8c2545 728w, https:\/\/brtk.net\/wp-content\/uploads\/2023\/03\/27\/hava-nasil-olacak-300x159.webp?ver=ea10791f70949439f8d3f5049d8c2545 300w\"\/>                            <\/div>\n<p> Meteoroloji Dairesinin tahminlerine g\u00f6re b\u00f6lgede hava, \u00f6n\u00fcm\u00fczdeki yedi g\u00fcn boyunca a\u00e7\u0131k ve az bulutlu olacak. Yar\u0131n sabah saatlerinde yer yer sis bekleniyor.<\/p>\n<p>21-27 Eyl\u00fcl tarihlerini i\u00e7eren hava tahmin raporuna g\u00f6re, s\u0131cakl\u0131k nispeten d\u00fc\u015ferek i\u00e7 kesimlerde 34-37, sahillerde ise 30-33 derece dolaylar\u0131nda seyredecek.<\/p>\n<p>R\u00fczgar, genellikle kuzey ve bat\u0131 y\u00f6nlerden orta kuvvette esecek.<\/p>\n<\/p><\/div>\n","protected":false},"excerpt":{"rendered":"<p>Meteoroloji Dairesinin tahminlerine g\u00f6re b\u00f6lgede hava, \u00f6n\u00fcm\u00fczdeki yedi g\u00fcn boyunca a\u00e7\u0131k ve az bulutlu olacak. Yar\u0131n sabah saatlerinde yer yer sis bekleniyor. 21-27 Eyl\u00fcl tarihlerini i\u00e7eren hava tahmin raporuna g\u00f6re, s\u0131cakl\u0131k nispeten d\u00fc\u015ferek i\u00e7 kesimlerde 34-37, sahillerde ise 30-33 derece dolaylar\u0131nda seyredecek. R\u00fczgar, genellikle kuzey ve bat\u0131 y\u00f6nlerden orta kuvvette esecek.<\/p>\n","protected":false},"author":1,"featured_media":14160,"comment_status":"open","ping_status":"open","sticky":false,"template":"","format":"standard","meta":{"footnotes":""},"categories":[1],"tags":[],"class_list":["post-14159","post","type-post","status-publish","format-standard","has-post-thumbnail","hentry","category-gundem"],"yoast_head":"<!-- This site is optimized with the Yoast SEO plugin v27.5 - https:\/\/yoast.com\/product\/yoast-seo-wordpress\/ -->\n<title>Hava \u00f6n\u00fcm\u00fczdeki g\u00fcnlerde a\u00e7\u0131k ve az bulutlu olacak, s\u0131cakl\u0131k nispeten d\u00fc\u015fecek\u2026 -<\/title>\n<meta name=\"robots\" content=\"index, follow, max-snippet:-1, max-image-preview:large, max-video-preview:-1\" \/>\n<link rel=\"canonical\" href=\"https:\/\/kibrisdakik.com\/?p=14159\" \/>\n<meta property=\"og:locale\" content=\"tr_TR\" \/>\n<meta property=\"og:type\" content=\"article\" \/>\n<meta property=\"og:title\" content=\"Hava \u00f6n\u00fcm\u00fczdeki g\u00fcnlerde a\u00e7\u0131k ve az bulutlu olacak, s\u0131cakl\u0131k nispeten d\u00fc\u015fecek\u2026 -\" \/>\n<meta property=\"og:description\" content=\"Meteoroloji Dairesinin tahminlerine g\u00f6re b\u00f6lgede hava, \u00f6n\u00fcm\u00fczdeki yedi g\u00fcn boyunca a\u00e7\u0131k ve az bulutlu olacak. Yar\u0131n sabah saatlerinde yer yer sis bekleniyor. 21-27 Eyl\u00fcl tarihlerini i\u00e7eren hava tahmin raporuna g\u00f6re, s\u0131cakl\u0131k nispeten d\u00fc\u015ferek i\u00e7 kesimlerde 34-37, sahillerde ise 30-33 derece dolaylar\u0131nda seyredecek. R\u00fczgar, genellikle kuzey ve bat\u0131 y\u00f6nlerden orta kuvvette esecek.\" \/>\n<meta property=\"og:url\" content=\"https:\/\/kibrisdakik.com\/?p=14159\" \/>\n<meta property=\"article:published_time\" content=\"2023-09-20T13:59:45+00:00\" \/>\n<meta property=\"og:image\" content=\"https:\/\/kibrisdakik.com\/wp-content\/uploads\/2023\/09\/hava-nasil-olacak.webp.webp\" \/>\n\t<meta property=\"og:image:width\" content=\"728\" \/>\n\t<meta property=\"og:image:height\" content=\"386\" \/>\n\t<meta property=\"og:image:type\" content=\"image\/webp\" \/>\n<meta name=\"author\" content=\"admin\" \/>\n<meta name=\"twitter:card\" content=\"summary_large_image\" \/>\n<meta name=\"twitter:label1\" content=\"Yazan:\" \/>\n\t<meta name=\"twitter:data1\" content=\"admin\" \/>\n<script type=\"application\/ld+json\" class=\"yoast-schema-graph\">{\"@context\":\"https:\\\/\\\/schema.org\",\"@graph\":[{\"@type\":\"Article\",\"@id\":\"https:\\\/\\\/kibrisdakik.com\\\/?p=14159#article\",\"isPartOf\":{\"@id\":\"https:\\\/\\\/kibrisdakik.com\\\/?p=14159\"},\"author\":{\"name\":\"admin\",\"@id\":\"https:\\\/\\\/kibrisdakik.com\\\/#\\\/schema\\\/person\\\/9cd9d437bbb44f72b73ba127e06d8e79\"},\"headline\":\"Hava \u00f6n\u00fcm\u00fczdeki g\u00fcnlerde a\u00e7\u0131k ve az bulutlu olacak, s\u0131cakl\u0131k nispeten d\u00fc\u015fecek\u2026\",\"datePublished\":\"2023-09-20T13:59:45+00:00\",\"mainEntityOfPage\":{\"@id\":\"https:\\\/\\\/kibrisdakik.com\\\/?p=14159\"},\"wordCount\":85,\"commentCount\":0,\"image\":{\"@id\":\"https:\\\/\\\/kibrisdakik.com\\\/?p=14159#primaryimage\"},\"thumbnailUrl\":\"https:\\\/\\\/kibrisdakik.com\\\/wp-content\\\/uploads\\\/2023\\\/09\\\/hava-nasil-olacak.webp.webp\",\"articleSection\":[\"G\u00fcndem\"],\"inLanguage\":\"tr\",\"potentialAction\":[{\"@type\":\"CommentAction\",\"name\":\"Comment\",\"target\":[\"https:\\\/\\\/kibrisdakik.com\\\/?p=14159#respond\"]}]},{\"@type\":\"WebPage\",\"@id\":\"https:\\\/\\\/kibrisdakik.com\\\/?p=14159\",\"url\":\"https:\\\/\\\/kibrisdakik.com\\\/?p=14159\",\"name\":\"Hava \u00f6n\u00fcm\u00fczdeki g\u00fcnlerde a\u00e7\u0131k ve az bulutlu olacak, s\u0131cakl\u0131k nispeten d\u00fc\u015fecek\u2026 -\",\"isPartOf\":{\"@id\":\"https:\\\/\\\/kibrisdakik.com\\\/#website\"},\"primaryImageOfPage\":{\"@id\":\"https:\\\/\\\/kibrisdakik.com\\\/?p=14159#primaryimage\"},\"image\":{\"@id\":\"https:\\\/\\\/kibrisdakik.com\\\/?p=14159#primaryimage\"},\"thumbnailUrl\":\"https:\\\/\\\/kibrisdakik.com\\\/wp-content\\\/uploads\\\/2023\\\/09\\\/hava-nasil-olacak.webp.webp\",\"datePublished\":\"2023-09-20T13:59:45+00:00\",\"author\":{\"@id\":\"https:\\\/\\\/kibrisdakik.com\\\/#\\\/schema\\\/person\\\/9cd9d437bbb44f72b73ba127e06d8e79\"},\"breadcrumb\":{\"@id\":\"https:\\\/\\\/kibrisdakik.com\\\/?p=14159#breadcrumb\"},\"inLanguage\":\"tr\",\"potentialAction\":[{\"@type\":\"ReadAction\",\"target\":[\"https:\\\/\\\/kibrisdakik.com\\\/?p=14159\"]}]},{\"@type\":\"ImageObject\",\"inLanguage\":\"tr\",\"@id\":\"https:\\\/\\\/kibrisdakik.com\\\/?p=14159#primaryimage\",\"url\":\"https:\\\/\\\/kibrisdakik.com\\\/wp-content\\\/uploads\\\/2023\\\/09\\\/hava-nasil-olacak.webp.webp\",\"contentUrl\":\"https:\\\/\\\/kibrisdakik.com\\\/wp-content\\\/uploads\\\/2023\\\/09\\\/hava-nasil-olacak.webp.webp\",\"width\":728,\"height\":386},{\"@type\":\"BreadcrumbList\",\"@id\":\"https:\\\/\\\/kibrisdakik.com\\\/?p=14159#breadcrumb\",\"itemListElement\":[{\"@type\":\"ListItem\",\"position\":1,\"name\":\"Home\",\"item\":\"https:\\\/\\\/kibrisdakik.com\\\/\"},{\"@type\":\"ListItem\",\"position\":2,\"name\":\"Hava \u00f6n\u00fcm\u00fczdeki g\u00fcnlerde a\u00e7\u0131k ve az bulutlu olacak, s\u0131cakl\u0131k nispeten d\u00fc\u015fecek\u2026\"}]},{\"@type\":\"WebSite\",\"@id\":\"https:\\\/\\\/kibrisdakik.com\\\/#website\",\"url\":\"https:\\\/\\\/kibrisdakik.com\\\/\",\"name\":\"\",\"description\":\"Tam vaktinde haber\",\"potentialAction\":[{\"@type\":\"SearchAction\",\"target\":{\"@type\":\"EntryPoint\",\"urlTemplate\":\"https:\\\/\\\/kibrisdakik.com\\\/?s={search_term_string}\"},\"query-input\":{\"@type\":\"PropertyValueSpecification\",\"valueRequired\":true,\"valueName\":\"search_term_string\"}}],\"inLanguage\":\"tr\"},{\"@type\":\"Person\",\"@id\":\"https:\\\/\\\/kibrisdakik.com\\\/#\\\/schema\\\/person\\\/9cd9d437bbb44f72b73ba127e06d8e79\",\"name\":\"admin\",\"image\":{\"@type\":\"ImageObject\",\"inLanguage\":\"tr\",\"@id\":\"https:\\\/\\\/secure.gravatar.com\\\/avatar\\\/ccc17943b9d660506c869530f897617f7cb1c21a4bf30023f252596d83e1f007?s=96&d=mm&r=g\",\"url\":\"https:\\\/\\\/secure.gravatar.com\\\/avatar\\\/ccc17943b9d660506c869530f897617f7cb1c21a4bf30023f252596d83e1f007?s=96&d=mm&r=g\",\"contentUrl\":\"https:\\\/\\\/secure.gravatar.com\\\/avatar\\\/ccc17943b9d660506c869530f897617f7cb1c21a4bf30023f252596d83e1f007?s=96&d=mm&r=g\",\"caption\":\"admin\"},\"sameAs\":[\"https:\\\/\\\/kibrisdakik.com\"],\"url\":\"https:\\\/\\\/kibrisdakik.com\\\/?author=1\"}]}<\/script>\n<!-- \/ Yoast SEO plugin. -->","yoast_head_json":{"title":"Hava \u00f6n\u00fcm\u00fczdeki g\u00fcnlerde a\u00e7\u0131k ve az bulutlu olacak, s\u0131cakl\u0131k nispeten d\u00fc\u015fecek\u2026 -","robots":{"index":"index","follow":"follow","max-snippet":"max-snippet:-1","max-image-preview":"max-image-preview:large","max-video-preview":"max-video-preview:-1"},"canonical":"https:\/\/kibrisdakik.com\/?p=14159","og_locale":"tr_TR","og_type":"article","og_title":"Hava \u00f6n\u00fcm\u00fczdeki g\u00fcnlerde a\u00e7\u0131k ve az bulutlu olacak, s\u0131cakl\u0131k nispeten d\u00fc\u015fecek\u2026 -","og_description":"Meteoroloji Dairesinin tahminlerine g\u00f6re b\u00f6lgede hava, \u00f6n\u00fcm\u00fczdeki yedi g\u00fcn boyunca a\u00e7\u0131k ve az bulutlu olacak. Yar\u0131n sabah saatlerinde yer yer sis bekleniyor. 21-27 Eyl\u00fcl tarihlerini i\u00e7eren hava tahmin raporuna g\u00f6re, s\u0131cakl\u0131k nispeten d\u00fc\u015ferek i\u00e7 kesimlerde 34-37, sahillerde ise 30-33 derece dolaylar\u0131nda seyredecek. R\u00fczgar, genellikle kuzey ve bat\u0131 y\u00f6nlerden orta kuvvette esecek.","og_url":"https:\/\/kibrisdakik.com\/?p=14159","article_published_time":"2023-09-20T13:59:45+00:00","og_image":[{"width":728,"height":386,"url":"https:\/\/kibrisdakik.com\/wp-content\/uploads\/2023\/09\/hava-nasil-olacak.webp.webp","type":"image\/webp"}],"author":"admin","twitter_card":"summary_large_image","twitter_misc":{"Yazan:":"admin"},"schema":{"@context":"https:\/\/schema.org","@graph":[{"@type":"Article","@id":"https:\/\/kibrisdakik.com\/?p=14159#article","isPartOf":{"@id":"https:\/\/kibrisdakik.com\/?p=14159"},"author":{"name":"admin","@id":"https:\/\/kibrisdakik.com\/#\/schema\/person\/9cd9d437bbb44f72b73ba127e06d8e79"},"headline":"Hava \u00f6n\u00fcm\u00fczdeki g\u00fcnlerde a\u00e7\u0131k ve az bulutlu olacak, s\u0131cakl\u0131k nispeten d\u00fc\u015fecek\u2026","datePublished":"2023-09-20T13:59:45+00:00","mainEntityOfPage":{"@id":"https:\/\/kibrisdakik.com\/?p=14159"},"wordCount":85,"commentCount":0,"image":{"@id":"https:\/\/kibrisdakik.com\/?p=14159#primaryimage"},"thumbnailUrl":"https:\/\/kibrisdakik.com\/wp-content\/uploads\/2023\/09\/hava-nasil-olacak.webp.webp","articleSection":["G\u00fcndem"],"inLanguage":"tr","potentialAction":[{"@type":"CommentAction","name":"Comment","target":["https:\/\/kibrisdakik.com\/?p=14159#respond"]}]},{"@type":"WebPage","@id":"https:\/\/kibrisdakik.com\/?p=14159","url":"https:\/\/kibrisdakik.com\/?p=14159","name":"Hava \u00f6n\u00fcm\u00fczdeki g\u00fcnlerde a\u00e7\u0131k ve az bulutlu olacak, s\u0131cakl\u0131k nispeten d\u00fc\u015fecek\u2026 -","isPartOf":{"@id":"https:\/\/kibrisdakik.com\/#website"},"primaryImageOfPage":{"@id":"https:\/\/kibrisdakik.com\/?p=14159#primaryimage"},"image":{"@id":"https:\/\/kibrisdakik.com\/?p=14159#primaryimage"},"thumbnailUrl":"https:\/\/kibrisdakik.com\/wp-content\/uploads\/2023\/09\/hava-nasil-olacak.webp.webp","datePublished":"2023-09-20T13:59:45+00:00","author":{"@id":"https:\/\/kibrisdakik.com\/#\/schema\/person\/9cd9d437bbb44f72b73ba127e06d8e79"},"breadcrumb":{"@id":"https:\/\/kibrisdakik.com\/?p=14159#breadcrumb"},"inLanguage":"tr","potentialAction":[{"@type":"ReadAction","target":["https:\/\/kibrisdakik.com\/?p=14159"]}]},{"@type":"ImageObject","inLanguage":"tr","@id":"https:\/\/kibrisdakik.com\/?p=14159#primaryimage","url":"https:\/\/kibrisdakik.com\/wp-content\/uploads\/2023\/09\/hava-nasil-olacak.webp.webp","contentUrl":"https:\/\/kibrisdakik.com\/wp-content\/uploads\/2023\/09\/hava-nasil-olacak.webp.webp","width":728,"height":386},{"@type":"BreadcrumbList","@id":"https:\/\/kibrisdakik.com\/?p=14159#breadcrumb","itemListElement":[{"@type":"ListItem","position":1,"name":"Home","item":"https:\/\/kibrisdakik.com\/"},{"@type":"ListItem","position":2,"name":"Hava \u00f6n\u00fcm\u00fczdeki g\u00fcnlerde a\u00e7\u0131k ve az bulutlu olacak, s\u0131cakl\u0131k nispeten d\u00fc\u015fecek\u2026"}]},{"@type":"WebSite","@id":"https:\/\/kibrisdakik.com\/#website","url":"https:\/\/kibrisdakik.com\/","name":"","description":"Tam vaktinde haber","potentialAction":[{"@type":"SearchAction","target":{"@type":"EntryPoint","urlTemplate":"https:\/\/kibrisdakik.com\/?s={search_term_string}"},"query-input":{"@type":"PropertyValueSpecification","valueRequired":true,"valueName":"search_term_string"}}],"inLanguage":"tr"},{"@type":"Person","@id":"https:\/\/kibrisdakik.com\/#\/schema\/person\/9cd9d437bbb44f72b73ba127e06d8e79","name":"admin","image":{"@type":"ImageObject","inLanguage":"tr","@id":"https:\/\/secure.gravatar.com\/avatar\/ccc17943b9d660506c869530f897617f7cb1c21a4bf30023f252596d83e1f007?s=96&d=mm&r=g","url":"https:\/\/secure.gravatar.com\/avatar\/ccc17943b9d660506c869530f897617f7cb1c21a4bf30023f252596d83e1f007?s=96&d=mm&r=g","contentUrl":"https:\/\/secure.gravatar.com\/avatar\/ccc17943b9d660506c869530f897617f7cb1c21a4bf30023f252596d83e1f007?s=96&d=mm&r=g","caption":"admin"},"sameAs":["https:\/\/kibrisdakik.com"],"url":"https:\/\/kibrisdakik.com\/?author=1"}]}},"_links":{"self":[{"href":"https:\/\/kibrisdakik.com\/index.php?rest_route=\/wp\/v2\/posts\/14159","targetHints":{"allow":["GET"]}}],"collection":[{"href":"https:\/\/kibrisdakik.com\/index.php?rest_route=\/wp\/v2\/posts"}],"about":[{"href":"https:\/\/kibrisdakik.com\/index.php?rest_route=\/wp\/v2\/types\/post"}],"author":[{"embeddable":true,"href":"https:\/\/kibrisdakik.com\/index.php?rest_route=\/wp\/v2\/users\/1"}],"replies":[{"embeddable":true,"href":"https:\/\/kibrisdakik.com\/index.php?rest_route=%2Fwp%2Fv2%2Fcomments&post=14159"}],"version-history":[{"count":0,"href":"https:\/\/kibrisdakik.com\/index.php?rest_route=\/wp\/v2\/posts\/14159\/revisions"}],"wp:featuredmedia":[{"embeddable":true,"href":"https:\/\/kibrisdakik.com\/index.php?rest_route=\/wp\/v2\/media\/14160"}],"wp:attachment":[{"href":"https:\/\/kibrisdakik.com\/index.php?rest_route=%2Fwp%2Fv2%2Fmedia&parent=14159"}],"wp:term":[{"taxonomy":"category","embeddable":true,"href":"https:\/\/kibrisdakik.com\/index.php?rest_route=%2Fwp%2Fv2%2Fcategories&post=14159"},{"taxonomy":"post_tag","embeddable":true,"href":"https:\/\/kibrisdakik.com\/index.php?rest_route=%2Fwp%2Fv2%2Ftags&post=14159"}],"curies":[{"name":"wp","href":"https:\/\/api.w.org\/{rel}","templated":true}]}}