{"id":14175,"date":"2023-09-20T18:50:00","date_gmt":"2023-09-20T18:50:00","guid":{"rendered":"https:\/\/kibrisdakik.com\/index.php\/2023\/09\/20\/girne-catalkoy-anayolundaki-trafik-kazasinda-iki-kisi-yaralandi\/"},"modified":"2023-09-20T18:50:00","modified_gmt":"2023-09-20T18:50:00","slug":"girne-catalkoy-anayolundaki-trafik-kazasinda-iki-kisi-yaralandi","status":"publish","type":"post","link":"https:\/\/kibrisdakik.com\/?p=14175","title":{"rendered":"Girne-\u00c7atalk\u00f6y anayolundaki trafik kazas\u0131nda iki ki\u015fi yaraland\u0131"},"content":{"rendered":"<p><\/p>\n<div>\n<div class=\"mariselle-image-container center\">\n                <img width=\"1600\" height=\"1067\" class=\"lazy-image\" alt=\"\" decoding=\"async\" loading=\"lazy\" sizes=\"auto, (max-width: 1600px) 100vw, 1600px\" src=\"https:\/\/brtk.net\/wp-content\/uploads\/2023\/09\/20\/img-20230920-wa0027.jpg?ver=5229aded2f9c34dcc0c8e158ffe35c26\" srcset=\"https:\/\/brtk.net\/wp-content\/uploads\/2023\/09\/20\/img-20230920-wa0027.jpg?ver=5229aded2f9c34dcc0c8e158ffe35c26 1600w, https:\/\/brtk.net\/wp-content\/uploads\/2023\/09\/20\/img-20230920-wa0027-300x200.jpg?ver=5229aded2f9c34dcc0c8e158ffe35c26 300w, https:\/\/brtk.net\/wp-content\/uploads\/2023\/09\/20\/img-20230920-wa0027-1024x683.jpg?ver=5229aded2f9c34dcc0c8e158ffe35c26 1024w, https:\/\/brtk.net\/wp-content\/uploads\/2023\/09\/20\/img-20230920-wa0027-768x512.jpg?ver=ad356b7de898ca4959731577af12d577 768w, https:\/\/brtk.net\/wp-content\/uploads\/2023\/09\/20\/img-20230920-wa0027-1536x1024.jpg?ver=ad356b7de898ca4959731577af12d577 1536w\"\/>                            <\/div>\n<p>Girne-\u00c7atalk\u00f6y anayolunda bir kamyon ile salon arac\u0131n \u00e7arp\u0131\u015fmas\u0131 sonucu meydana gelen trafik kazas\u0131nda iki ki\u015fi yaraland\u0131.<\/p>\n<p>Polis Bas\u0131n Subayl\u0131\u011f\u0131\u2019ndan yap\u0131lan a\u00e7\u0131klamaya g\u00f6re, Acapulco kav\u015fa\u011f\u0131nda saat 18.30 s\u0131ralar\u0131nda bir kamyon (beton mikseri) ile salon arac\u0131n \u00e7arp\u0131\u015fmas\u0131 sonucu trafik kazas\u0131 meydana geldi.<\/p>\n<p>\u0130ki ki\u015finin yaraland\u0131\u011f\u0131 kazada, yaral\u0131lar ambulans ile hastaneye kald\u0131r\u0131ld\u0131. Soru\u015fturma s\u00fcr\u00fcyor.<\/p>\n<\/p><\/div>\n","protected":false},"excerpt":{"rendered":"<p>Girne-\u00c7atalk\u00f6y anayolunda bir kamyon ile salon arac\u0131n \u00e7arp\u0131\u015fmas\u0131 sonucu meydana gelen trafik kazas\u0131nda iki ki\u015fi yaraland\u0131. Polis Bas\u0131n Subayl\u0131\u011f\u0131\u2019ndan yap\u0131lan a\u00e7\u0131klamaya g\u00f6re, Acapulco kav\u015fa\u011f\u0131nda saat 18.30 s\u0131ralar\u0131nda bir kamyon (beton mikseri) ile salon arac\u0131n \u00e7arp\u0131\u015fmas\u0131 sonucu trafik kazas\u0131 meydana geldi. \u0130ki ki\u015finin yaraland\u0131\u011f\u0131 kazada, yaral\u0131lar ambulans ile hastaneye kald\u0131r\u0131ld\u0131. Soru\u015fturma s\u00fcr\u00fcyor.<\/p>\n","protected":false},"author":1,"featured_media":14176,"comment_status":"open","ping_status":"open","sticky":false,"template":"","format":"standard","meta":{"footnotes":""},"categories":[1],"tags":[],"class_list":["post-14175","post","type-post","status-publish","format-standard","has-post-thumbnail","hentry","category-gundem"],"yoast_head":"<!-- This site is optimized with the Yoast SEO plugin v27.4 - https:\/\/yoast.com\/product\/yoast-seo-wordpress\/ -->\n<title>Girne-\u00c7atalk\u00f6y anayolundaki trafik kazas\u0131nda iki ki\u015fi yaraland\u0131 -<\/title>\n<meta name=\"robots\" content=\"index, follow, max-snippet:-1, max-image-preview:large, max-video-preview:-1\" \/>\n<link rel=\"canonical\" href=\"https:\/\/kibrisdakik.com\/?p=14175\" \/>\n<meta property=\"og:locale\" content=\"tr_TR\" \/>\n<meta property=\"og:type\" content=\"article\" \/>\n<meta property=\"og:title\" content=\"Girne-\u00c7atalk\u00f6y anayolundaki trafik kazas\u0131nda iki ki\u015fi yaraland\u0131 -\" \/>\n<meta property=\"og:description\" content=\"Girne-\u00c7atalk\u00f6y anayolunda bir kamyon ile salon arac\u0131n \u00e7arp\u0131\u015fmas\u0131 sonucu meydana gelen trafik kazas\u0131nda iki ki\u015fi yaraland\u0131. Polis Bas\u0131n Subayl\u0131\u011f\u0131\u2019ndan yap\u0131lan a\u00e7\u0131klamaya g\u00f6re, Acapulco kav\u015fa\u011f\u0131nda saat 18.30 s\u0131ralar\u0131nda bir kamyon (beton mikseri) ile salon arac\u0131n \u00e7arp\u0131\u015fmas\u0131 sonucu trafik kazas\u0131 meydana geldi. \u0130ki ki\u015finin yaraland\u0131\u011f\u0131 kazada, yaral\u0131lar ambulans ile hastaneye kald\u0131r\u0131ld\u0131. Soru\u015fturma s\u00fcr\u00fcyor.\" \/>\n<meta property=\"og:url\" content=\"https:\/\/kibrisdakik.com\/?p=14175\" \/>\n<meta property=\"article:published_time\" content=\"2023-09-20T18:50:00+00:00\" \/>\n<meta property=\"og:image\" content=\"https:\/\/kibrisdakik.com\/wp-content\/uploads\/2023\/09\/img-20230920-wa0027-740x420.jpg\" \/>\n\t<meta property=\"og:image:width\" content=\"1600\" \/>\n\t<meta property=\"og:image:height\" content=\"1067\" \/>\n\t<meta property=\"og:image:type\" content=\"image\/jpeg\" \/>\n<meta name=\"author\" content=\"admin\" \/>\n<meta name=\"twitter:card\" content=\"summary_large_image\" \/>\n<meta name=\"twitter:label1\" content=\"Yazan:\" \/>\n\t<meta name=\"twitter:data1\" content=\"admin\" \/>\n<script type=\"application\/ld+json\" class=\"yoast-schema-graph\">{\"@context\":\"https:\\\/\\\/schema.org\",\"@graph\":[{\"@type\":\"Article\",\"@id\":\"https:\\\/\\\/kibrisdakik.com\\\/?p=14175#article\",\"isPartOf\":{\"@id\":\"https:\\\/\\\/kibrisdakik.com\\\/?p=14175\"},\"author\":{\"name\":\"admin\",\"@id\":\"https:\\\/\\\/kibrisdakik.com\\\/#\\\/schema\\\/person\\\/9cd9d437bbb44f72b73ba127e06d8e79\"},\"headline\":\"Girne-\u00c7atalk\u00f6y anayolundaki trafik kazas\u0131nda iki ki\u015fi yaraland\u0131\",\"datePublished\":\"2023-09-20T18:50:00+00:00\",\"mainEntityOfPage\":{\"@id\":\"https:\\\/\\\/kibrisdakik.com\\\/?p=14175\"},\"wordCount\":85,\"commentCount\":0,\"image\":{\"@id\":\"https:\\\/\\\/kibrisdakik.com\\\/?p=14175#primaryimage\"},\"thumbnailUrl\":\"https:\\\/\\\/kibrisdakik.com\\\/wp-content\\\/uploads\\\/2023\\\/09\\\/img-20230920-wa0027-740x420.jpg\",\"articleSection\":[\"G\u00fcndem\"],\"inLanguage\":\"tr\",\"potentialAction\":[{\"@type\":\"CommentAction\",\"name\":\"Comment\",\"target\":[\"https:\\\/\\\/kibrisdakik.com\\\/?p=14175#respond\"]}]},{\"@type\":\"WebPage\",\"@id\":\"https:\\\/\\\/kibrisdakik.com\\\/?p=14175\",\"url\":\"https:\\\/\\\/kibrisdakik.com\\\/?p=14175\",\"name\":\"Girne-\u00c7atalk\u00f6y anayolundaki trafik kazas\u0131nda iki ki\u015fi yaraland\u0131 -\",\"isPartOf\":{\"@id\":\"https:\\\/\\\/kibrisdakik.com\\\/#website\"},\"primaryImageOfPage\":{\"@id\":\"https:\\\/\\\/kibrisdakik.com\\\/?p=14175#primaryimage\"},\"image\":{\"@id\":\"https:\\\/\\\/kibrisdakik.com\\\/?p=14175#primaryimage\"},\"thumbnailUrl\":\"https:\\\/\\\/kibrisdakik.com\\\/wp-content\\\/uploads\\\/2023\\\/09\\\/img-20230920-wa0027-740x420.jpg\",\"datePublished\":\"2023-09-20T18:50:00+00:00\",\"author\":{\"@id\":\"https:\\\/\\\/kibrisdakik.com\\\/#\\\/schema\\\/person\\\/9cd9d437bbb44f72b73ba127e06d8e79\"},\"breadcrumb\":{\"@id\":\"https:\\\/\\\/kibrisdakik.com\\\/?p=14175#breadcrumb\"},\"inLanguage\":\"tr\",\"potentialAction\":[{\"@type\":\"ReadAction\",\"target\":[\"https:\\\/\\\/kibrisdakik.com\\\/?p=14175\"]}]},{\"@type\":\"ImageObject\",\"inLanguage\":\"tr\",\"@id\":\"https:\\\/\\\/kibrisdakik.com\\\/?p=14175#primaryimage\",\"url\":\"https:\\\/\\\/kibrisdakik.com\\\/wp-content\\\/uploads\\\/2023\\\/09\\\/img-20230920-wa0027-740x420.jpg\",\"contentUrl\":\"https:\\\/\\\/kibrisdakik.com\\\/wp-content\\\/uploads\\\/2023\\\/09\\\/img-20230920-wa0027-740x420.jpg\",\"width\":1600,\"height\":1067},{\"@type\":\"BreadcrumbList\",\"@id\":\"https:\\\/\\\/kibrisdakik.com\\\/?p=14175#breadcrumb\",\"itemListElement\":[{\"@type\":\"ListItem\",\"position\":1,\"name\":\"Home\",\"item\":\"https:\\\/\\\/kibrisdakik.com\\\/\"},{\"@type\":\"ListItem\",\"position\":2,\"name\":\"Girne-\u00c7atalk\u00f6y anayolundaki trafik kazas\u0131nda iki ki\u015fi yaraland\u0131\"}]},{\"@type\":\"WebSite\",\"@id\":\"https:\\\/\\\/kibrisdakik.com\\\/#website\",\"url\":\"https:\\\/\\\/kibrisdakik.com\\\/\",\"name\":\"\",\"description\":\"Tam vaktinde haber\",\"potentialAction\":[{\"@type\":\"SearchAction\",\"target\":{\"@type\":\"EntryPoint\",\"urlTemplate\":\"https:\\\/\\\/kibrisdakik.com\\\/?s={search_term_string}\"},\"query-input\":{\"@type\":\"PropertyValueSpecification\",\"valueRequired\":true,\"valueName\":\"search_term_string\"}}],\"inLanguage\":\"tr\"},{\"@type\":\"Person\",\"@id\":\"https:\\\/\\\/kibrisdakik.com\\\/#\\\/schema\\\/person\\\/9cd9d437bbb44f72b73ba127e06d8e79\",\"name\":\"admin\",\"image\":{\"@type\":\"ImageObject\",\"inLanguage\":\"tr\",\"@id\":\"https:\\\/\\\/secure.gravatar.com\\\/avatar\\\/ccc17943b9d660506c869530f897617f7cb1c21a4bf30023f252596d83e1f007?s=96&d=mm&r=g\",\"url\":\"https:\\\/\\\/secure.gravatar.com\\\/avatar\\\/ccc17943b9d660506c869530f897617f7cb1c21a4bf30023f252596d83e1f007?s=96&d=mm&r=g\",\"contentUrl\":\"https:\\\/\\\/secure.gravatar.com\\\/avatar\\\/ccc17943b9d660506c869530f897617f7cb1c21a4bf30023f252596d83e1f007?s=96&d=mm&r=g\",\"caption\":\"admin\"},\"sameAs\":[\"https:\\\/\\\/kibrisdakik.com\"],\"url\":\"https:\\\/\\\/kibrisdakik.com\\\/?author=1\"}]}<\/script>\n<!-- \/ Yoast SEO plugin. -->","yoast_head_json":{"title":"Girne-\u00c7atalk\u00f6y anayolundaki trafik kazas\u0131nda iki ki\u015fi yaraland\u0131 -","robots":{"index":"index","follow":"follow","max-snippet":"max-snippet:-1","max-image-preview":"max-image-preview:large","max-video-preview":"max-video-preview:-1"},"canonical":"https:\/\/kibrisdakik.com\/?p=14175","og_locale":"tr_TR","og_type":"article","og_title":"Girne-\u00c7atalk\u00f6y anayolundaki trafik kazas\u0131nda iki ki\u015fi yaraland\u0131 -","og_description":"Girne-\u00c7atalk\u00f6y anayolunda bir kamyon ile salon arac\u0131n \u00e7arp\u0131\u015fmas\u0131 sonucu meydana gelen trafik kazas\u0131nda iki ki\u015fi yaraland\u0131. Polis Bas\u0131n Subayl\u0131\u011f\u0131\u2019ndan yap\u0131lan a\u00e7\u0131klamaya g\u00f6re, Acapulco kav\u015fa\u011f\u0131nda saat 18.30 s\u0131ralar\u0131nda bir kamyon (beton mikseri) ile salon arac\u0131n \u00e7arp\u0131\u015fmas\u0131 sonucu trafik kazas\u0131 meydana geldi. \u0130ki ki\u015finin yaraland\u0131\u011f\u0131 kazada, yaral\u0131lar ambulans ile hastaneye kald\u0131r\u0131ld\u0131. Soru\u015fturma s\u00fcr\u00fcyor.","og_url":"https:\/\/kibrisdakik.com\/?p=14175","article_published_time":"2023-09-20T18:50:00+00:00","og_image":[{"width":1600,"height":1067,"url":"https:\/\/kibrisdakik.com\/wp-content\/uploads\/2023\/09\/img-20230920-wa0027-740x420.jpg","type":"image\/jpeg"}],"author":"admin","twitter_card":"summary_large_image","twitter_misc":{"Yazan:":"admin"},"schema":{"@context":"https:\/\/schema.org","@graph":[{"@type":"Article","@id":"https:\/\/kibrisdakik.com\/?p=14175#article","isPartOf":{"@id":"https:\/\/kibrisdakik.com\/?p=14175"},"author":{"name":"admin","@id":"https:\/\/kibrisdakik.com\/#\/schema\/person\/9cd9d437bbb44f72b73ba127e06d8e79"},"headline":"Girne-\u00c7atalk\u00f6y anayolundaki trafik kazas\u0131nda iki ki\u015fi yaraland\u0131","datePublished":"2023-09-20T18:50:00+00:00","mainEntityOfPage":{"@id":"https:\/\/kibrisdakik.com\/?p=14175"},"wordCount":85,"commentCount":0,"image":{"@id":"https:\/\/kibrisdakik.com\/?p=14175#primaryimage"},"thumbnailUrl":"https:\/\/kibrisdakik.com\/wp-content\/uploads\/2023\/09\/img-20230920-wa0027-740x420.jpg","articleSection":["G\u00fcndem"],"inLanguage":"tr","potentialAction":[{"@type":"CommentAction","name":"Comment","target":["https:\/\/kibrisdakik.com\/?p=14175#respond"]}]},{"@type":"WebPage","@id":"https:\/\/kibrisdakik.com\/?p=14175","url":"https:\/\/kibrisdakik.com\/?p=14175","name":"Girne-\u00c7atalk\u00f6y anayolundaki trafik kazas\u0131nda iki ki\u015fi yaraland\u0131 -","isPartOf":{"@id":"https:\/\/kibrisdakik.com\/#website"},"primaryImageOfPage":{"@id":"https:\/\/kibrisdakik.com\/?p=14175#primaryimage"},"image":{"@id":"https:\/\/kibrisdakik.com\/?p=14175#primaryimage"},"thumbnailUrl":"https:\/\/kibrisdakik.com\/wp-content\/uploads\/2023\/09\/img-20230920-wa0027-740x420.jpg","datePublished":"2023-09-20T18:50:00+00:00","author":{"@id":"https:\/\/kibrisdakik.com\/#\/schema\/person\/9cd9d437bbb44f72b73ba127e06d8e79"},"breadcrumb":{"@id":"https:\/\/kibrisdakik.com\/?p=14175#breadcrumb"},"inLanguage":"tr","potentialAction":[{"@type":"ReadAction","target":["https:\/\/kibrisdakik.com\/?p=14175"]}]},{"@type":"ImageObject","inLanguage":"tr","@id":"https:\/\/kibrisdakik.com\/?p=14175#primaryimage","url":"https:\/\/kibrisdakik.com\/wp-content\/uploads\/2023\/09\/img-20230920-wa0027-740x420.jpg","contentUrl":"https:\/\/kibrisdakik.com\/wp-content\/uploads\/2023\/09\/img-20230920-wa0027-740x420.jpg","width":1600,"height":1067},{"@type":"BreadcrumbList","@id":"https:\/\/kibrisdakik.com\/?p=14175#breadcrumb","itemListElement":[{"@type":"ListItem","position":1,"name":"Home","item":"https:\/\/kibrisdakik.com\/"},{"@type":"ListItem","position":2,"name":"Girne-\u00c7atalk\u00f6y anayolundaki trafik kazas\u0131nda iki ki\u015fi yaraland\u0131"}]},{"@type":"WebSite","@id":"https:\/\/kibrisdakik.com\/#website","url":"https:\/\/kibrisdakik.com\/","name":"","description":"Tam vaktinde haber","potentialAction":[{"@type":"SearchAction","target":{"@type":"EntryPoint","urlTemplate":"https:\/\/kibrisdakik.com\/?s={search_term_string}"},"query-input":{"@type":"PropertyValueSpecification","valueRequired":true,"valueName":"search_term_string"}}],"inLanguage":"tr"},{"@type":"Person","@id":"https:\/\/kibrisdakik.com\/#\/schema\/person\/9cd9d437bbb44f72b73ba127e06d8e79","name":"admin","image":{"@type":"ImageObject","inLanguage":"tr","@id":"https:\/\/secure.gravatar.com\/avatar\/ccc17943b9d660506c869530f897617f7cb1c21a4bf30023f252596d83e1f007?s=96&d=mm&r=g","url":"https:\/\/secure.gravatar.com\/avatar\/ccc17943b9d660506c869530f897617f7cb1c21a4bf30023f252596d83e1f007?s=96&d=mm&r=g","contentUrl":"https:\/\/secure.gravatar.com\/avatar\/ccc17943b9d660506c869530f897617f7cb1c21a4bf30023f252596d83e1f007?s=96&d=mm&r=g","caption":"admin"},"sameAs":["https:\/\/kibrisdakik.com"],"url":"https:\/\/kibrisdakik.com\/?author=1"}]}},"_links":{"self":[{"href":"https:\/\/kibrisdakik.com\/index.php?rest_route=\/wp\/v2\/posts\/14175","targetHints":{"allow":["GET"]}}],"collection":[{"href":"https:\/\/kibrisdakik.com\/index.php?rest_route=\/wp\/v2\/posts"}],"about":[{"href":"https:\/\/kibrisdakik.com\/index.php?rest_route=\/wp\/v2\/types\/post"}],"author":[{"embeddable":true,"href":"https:\/\/kibrisdakik.com\/index.php?rest_route=\/wp\/v2\/users\/1"}],"replies":[{"embeddable":true,"href":"https:\/\/kibrisdakik.com\/index.php?rest_route=%2Fwp%2Fv2%2Fcomments&post=14175"}],"version-history":[{"count":0,"href":"https:\/\/kibrisdakik.com\/index.php?rest_route=\/wp\/v2\/posts\/14175\/revisions"}],"wp:featuredmedia":[{"embeddable":true,"href":"https:\/\/kibrisdakik.com\/index.php?rest_route=\/wp\/v2\/media\/14176"}],"wp:attachment":[{"href":"https:\/\/kibrisdakik.com\/index.php?rest_route=%2Fwp%2Fv2%2Fmedia&parent=14175"}],"wp:term":[{"taxonomy":"category","embeddable":true,"href":"https:\/\/kibrisdakik.com\/index.php?rest_route=%2Fwp%2Fv2%2Fcategories&post=14175"},{"taxonomy":"post_tag","embeddable":true,"href":"https:\/\/kibrisdakik.com\/index.php?rest_route=%2Fwp%2Fv2%2Ftags&post=14175"}],"curies":[{"name":"wp","href":"https:\/\/api.w.org\/{rel}","templated":true}]}}