{"id":14276,"date":"2023-09-22T11:14:55","date_gmt":"2023-09-22T11:14:55","guid":{"rendered":"https:\/\/kibrisdakik.com\/index.php\/2023\/09\/22\/basketbolda-genel-kurul-hazirligi\/"},"modified":"2023-09-22T11:14:55","modified_gmt":"2023-09-22T11:14:55","slug":"basketbolda-genel-kurul-hazirligi","status":"publish","type":"post","link":"https:\/\/kibrisdakik.com\/?p=14276","title":{"rendered":"Basketbolda genel kurul haz\u0131rl\u0131\u011f\u0131"},"content":{"rendered":"<p> <br \/>\n<\/p>\n<div>\n<div class=\"mariselle-image-container center\">\n                <img width=\"2048\" height=\"1536\" class=\"lazy-image\" alt=\"\" decoding=\"async\" loading=\"lazy\" sizes=\"auto, (max-width: 2048px) 100vw, 2048px\" src=\"https:\/\/brtk.net\/wp-content\/uploads\/2023\/09\/22\/BASKET.jpg?ver=157751df2c06eee4128e9c683422f395\" srcset=\"https:\/\/brtk.net\/wp-content\/uploads\/2023\/09\/22\/BASKET.jpg?ver=157751df2c06eee4128e9c683422f395 2048w, https:\/\/brtk.net\/wp-content\/uploads\/2023\/09\/22\/BASKET-300x225.jpg?ver=157751df2c06eee4128e9c683422f395 300w, https:\/\/brtk.net\/wp-content\/uploads\/2023\/09\/22\/BASKET-1024x768.jpg?ver=7412f34406f724613c681e3e789589c6 1024w, https:\/\/brtk.net\/wp-content\/uploads\/2023\/09\/22\/BASKET-768x576.jpg?ver=7412f34406f724613c681e3e789589c6 768w, https:\/\/brtk.net\/wp-content\/uploads\/2023\/09\/22\/BASKET-1536x1152.jpg?ver=e7e8e1d436237c3e9bc26ca367adc938 1536w\"\/>                            <\/div>\n<p>\nBasketbolda ola\u011fan genel kurul 26 Eyl\u00fcl \u00c7ar\u015famba g\u00fcn\u00fc yap\u0131lacak.<br \/>\nDivan ba\u015fkanl\u0131\u011f\u0131 yapt\u0131\u011f\u0131 a\u00e7\u0131klamada genel kurulun 26 Eyl\u00fcl \u00c7ar\u015famba g\u00fcn\u00fc K\u0131br\u0131s T\u00fcrk Spor Yazarlar\u0131 Derne\u011fi\u2019nde saat 18.00\u2019de yap\u0131laca\u011f\u0131n\u0131 a\u00e7\u0131klad\u0131.<br \/>\nBa\u015fkanl\u0131k i\u00e7in 26 Eyl\u00fcL sal\u0131 g\u00fcn\u00fc 17.00\u2019ye kadar aday olacak isimlerin divana ba\u015fvurmalar\u0131 istendi.<br \/>\n\u00d6te yandan kul\u00fcpler bug\u00fcn \u00f6\u011fleden sonra bir araya gelecekler. Toplant\u0131ya ba\u015fkan aday\u0131 olan Mehmet Do\u011fan\u00f6z de kat\u0131lacak.<br \/>\nAdayl\u0131\u011f\u0131 t\u00fcz\u00fc\u011fe tak\u0131lan Ali T\u00fcz\u00fcnkan da Mehmet Do\u011fan\u00f6z ile ortak hareket ediyor.\n                    <\/div>\n<p><script async\n                    defer\n                    crossorigin=\"anonymous\"\n                    src=\"https:\/\/connect.facebook.net\/tr_TR\/sdk.js#xfbml=1&#038;version=v3.3\"\n            ><\/script><br \/>\n<br \/><br \/>\n<br \/><a href=\"https:\/\/brtk.net\/basketbolda-genel-kurul-hazirligi\/\"> <\/a><\/p>\n","protected":false},"excerpt":{"rendered":"<p>Basketbolda ola\u011fan genel kurul 26 Eyl\u00fcl \u00c7ar\u015famba g\u00fcn\u00fc yap\u0131lacak. Divan ba\u015fkanl\u0131\u011f\u0131 yapt\u0131\u011f\u0131 a\u00e7\u0131klamada genel kurulun 26 Eyl\u00fcl \u00c7ar\u015famba g\u00fcn\u00fc K\u0131br\u0131s T\u00fcrk Spor Yazarlar\u0131 Derne\u011fi\u2019nde saat 18.00\u2019de yap\u0131laca\u011f\u0131n\u0131 a\u00e7\u0131klad\u0131. Ba\u015fkanl\u0131k i\u00e7in 26 Eyl\u00fcL sal\u0131 g\u00fcn\u00fc 17.00\u2019ye kadar aday olacak isimlerin divana ba\u015fvurmalar\u0131 istendi. \u00d6te yandan kul\u00fcpler bug\u00fcn \u00f6\u011fleden sonra bir araya gelecekler. Toplant\u0131ya ba\u015fkan aday\u0131 olan<\/p>\n","protected":false},"author":1,"featured_media":14277,"comment_status":"open","ping_status":"open","sticky":false,"template":"","format":"standard","meta":{"footnotes":""},"categories":[85],"tags":[],"class_list":["post-14276","post","type-post","status-publish","format-standard","has-post-thumbnail","hentry","category-spor"],"yoast_head":"<!-- This site is optimized with the Yoast SEO plugin v27.5 - https:\/\/yoast.com\/product\/yoast-seo-wordpress\/ -->\n<title>Basketbolda genel kurul haz\u0131rl\u0131\u011f\u0131 -<\/title>\n<meta name=\"robots\" content=\"index, follow, max-snippet:-1, max-image-preview:large, max-video-preview:-1\" \/>\n<link rel=\"canonical\" href=\"https:\/\/kibrisdakik.com\/?p=14276\" \/>\n<meta property=\"og:locale\" content=\"tr_TR\" \/>\n<meta property=\"og:type\" content=\"article\" \/>\n<meta property=\"og:title\" content=\"Basketbolda genel kurul haz\u0131rl\u0131\u011f\u0131 -\" \/>\n<meta property=\"og:description\" content=\"Basketbolda ola\u011fan genel kurul 26 Eyl\u00fcl \u00c7ar\u015famba g\u00fcn\u00fc yap\u0131lacak. Divan ba\u015fkanl\u0131\u011f\u0131 yapt\u0131\u011f\u0131 a\u00e7\u0131klamada genel kurulun 26 Eyl\u00fcl \u00c7ar\u015famba g\u00fcn\u00fc K\u0131br\u0131s T\u00fcrk Spor Yazarlar\u0131 Derne\u011fi\u2019nde saat 18.00\u2019de yap\u0131laca\u011f\u0131n\u0131 a\u00e7\u0131klad\u0131. Ba\u015fkanl\u0131k i\u00e7in 26 Eyl\u00fcL sal\u0131 g\u00fcn\u00fc 17.00\u2019ye kadar aday olacak isimlerin divana ba\u015fvurmalar\u0131 istendi. \u00d6te yandan kul\u00fcpler bug\u00fcn \u00f6\u011fleden sonra bir araya gelecekler. Toplant\u0131ya ba\u015fkan aday\u0131 olan\" \/>\n<meta property=\"og:url\" content=\"https:\/\/kibrisdakik.com\/?p=14276\" \/>\n<meta property=\"article:published_time\" content=\"2023-09-22T11:14:55+00:00\" \/>\n<meta property=\"og:image\" content=\"https:\/\/kibrisdakik.com\/wp-content\/uploads\/2023\/09\/1695381298_BASKET-740x420.jpg\" \/>\n\t<meta property=\"og:image:width\" content=\"2048\" \/>\n\t<meta property=\"og:image:height\" content=\"1536\" \/>\n\t<meta property=\"og:image:type\" content=\"image\/jpeg\" \/>\n<meta name=\"author\" content=\"admin\" \/>\n<meta name=\"twitter:card\" content=\"summary_large_image\" \/>\n<meta name=\"twitter:label1\" content=\"Yazan:\" \/>\n\t<meta name=\"twitter:data1\" content=\"admin\" \/>\n\t<meta name=\"twitter:label2\" content=\"Tahmini okuma s\u00fcresi\" \/>\n\t<meta name=\"twitter:data2\" content=\"1 dakika\" \/>\n<script type=\"application\/ld+json\" class=\"yoast-schema-graph\">{\"@context\":\"https:\\\/\\\/schema.org\",\"@graph\":[{\"@type\":\"Article\",\"@id\":\"https:\\\/\\\/kibrisdakik.com\\\/?p=14276#article\",\"isPartOf\":{\"@id\":\"https:\\\/\\\/kibrisdakik.com\\\/?p=14276\"},\"author\":{\"name\":\"admin\",\"@id\":\"https:\\\/\\\/kibrisdakik.com\\\/#\\\/schema\\\/person\\\/9cd9d437bbb44f72b73ba127e06d8e79\"},\"headline\":\"Basketbolda genel kurul haz\u0131rl\u0131\u011f\u0131\",\"datePublished\":\"2023-09-22T11:14:55+00:00\",\"mainEntityOfPage\":{\"@id\":\"https:\\\/\\\/kibrisdakik.com\\\/?p=14276\"},\"wordCount\":113,\"commentCount\":0,\"image\":{\"@id\":\"https:\\\/\\\/kibrisdakik.com\\\/?p=14276#primaryimage\"},\"thumbnailUrl\":\"https:\\\/\\\/kibrisdakik.com\\\/wp-content\\\/uploads\\\/2023\\\/09\\\/1695381298_BASKET-740x420.jpg\",\"articleSection\":[\"Spor\"],\"inLanguage\":\"tr\",\"potentialAction\":[{\"@type\":\"CommentAction\",\"name\":\"Comment\",\"target\":[\"https:\\\/\\\/kibrisdakik.com\\\/?p=14276#respond\"]}]},{\"@type\":\"WebPage\",\"@id\":\"https:\\\/\\\/kibrisdakik.com\\\/?p=14276\",\"url\":\"https:\\\/\\\/kibrisdakik.com\\\/?p=14276\",\"name\":\"Basketbolda genel kurul haz\u0131rl\u0131\u011f\u0131 -\",\"isPartOf\":{\"@id\":\"https:\\\/\\\/kibrisdakik.com\\\/#website\"},\"primaryImageOfPage\":{\"@id\":\"https:\\\/\\\/kibrisdakik.com\\\/?p=14276#primaryimage\"},\"image\":{\"@id\":\"https:\\\/\\\/kibrisdakik.com\\\/?p=14276#primaryimage\"},\"thumbnailUrl\":\"https:\\\/\\\/kibrisdakik.com\\\/wp-content\\\/uploads\\\/2023\\\/09\\\/1695381298_BASKET-740x420.jpg\",\"datePublished\":\"2023-09-22T11:14:55+00:00\",\"author\":{\"@id\":\"https:\\\/\\\/kibrisdakik.com\\\/#\\\/schema\\\/person\\\/9cd9d437bbb44f72b73ba127e06d8e79\"},\"breadcrumb\":{\"@id\":\"https:\\\/\\\/kibrisdakik.com\\\/?p=14276#breadcrumb\"},\"inLanguage\":\"tr\",\"potentialAction\":[{\"@type\":\"ReadAction\",\"target\":[\"https:\\\/\\\/kibrisdakik.com\\\/?p=14276\"]}]},{\"@type\":\"ImageObject\",\"inLanguage\":\"tr\",\"@id\":\"https:\\\/\\\/kibrisdakik.com\\\/?p=14276#primaryimage\",\"url\":\"https:\\\/\\\/kibrisdakik.com\\\/wp-content\\\/uploads\\\/2023\\\/09\\\/1695381298_BASKET-740x420.jpg\",\"contentUrl\":\"https:\\\/\\\/kibrisdakik.com\\\/wp-content\\\/uploads\\\/2023\\\/09\\\/1695381298_BASKET-740x420.jpg\",\"width\":2048,\"height\":1536},{\"@type\":\"BreadcrumbList\",\"@id\":\"https:\\\/\\\/kibrisdakik.com\\\/?p=14276#breadcrumb\",\"itemListElement\":[{\"@type\":\"ListItem\",\"position\":1,\"name\":\"Home\",\"item\":\"https:\\\/\\\/kibrisdakik.com\\\/\"},{\"@type\":\"ListItem\",\"position\":2,\"name\":\"Basketbolda genel kurul haz\u0131rl\u0131\u011f\u0131\"}]},{\"@type\":\"WebSite\",\"@id\":\"https:\\\/\\\/kibrisdakik.com\\\/#website\",\"url\":\"https:\\\/\\\/kibrisdakik.com\\\/\",\"name\":\"\",\"description\":\"Tam vaktinde haber\",\"potentialAction\":[{\"@type\":\"SearchAction\",\"target\":{\"@type\":\"EntryPoint\",\"urlTemplate\":\"https:\\\/\\\/kibrisdakik.com\\\/?s={search_term_string}\"},\"query-input\":{\"@type\":\"PropertyValueSpecification\",\"valueRequired\":true,\"valueName\":\"search_term_string\"}}],\"inLanguage\":\"tr\"},{\"@type\":\"Person\",\"@id\":\"https:\\\/\\\/kibrisdakik.com\\\/#\\\/schema\\\/person\\\/9cd9d437bbb44f72b73ba127e06d8e79\",\"name\":\"admin\",\"image\":{\"@type\":\"ImageObject\",\"inLanguage\":\"tr\",\"@id\":\"https:\\\/\\\/secure.gravatar.com\\\/avatar\\\/ccc17943b9d660506c869530f897617f7cb1c21a4bf30023f252596d83e1f007?s=96&d=mm&r=g\",\"url\":\"https:\\\/\\\/secure.gravatar.com\\\/avatar\\\/ccc17943b9d660506c869530f897617f7cb1c21a4bf30023f252596d83e1f007?s=96&d=mm&r=g\",\"contentUrl\":\"https:\\\/\\\/secure.gravatar.com\\\/avatar\\\/ccc17943b9d660506c869530f897617f7cb1c21a4bf30023f252596d83e1f007?s=96&d=mm&r=g\",\"caption\":\"admin\"},\"sameAs\":[\"https:\\\/\\\/kibrisdakik.com\"],\"url\":\"https:\\\/\\\/kibrisdakik.com\\\/?author=1\"}]}<\/script>\n<!-- \/ Yoast SEO plugin. -->","yoast_head_json":{"title":"Basketbolda genel kurul haz\u0131rl\u0131\u011f\u0131 -","robots":{"index":"index","follow":"follow","max-snippet":"max-snippet:-1","max-image-preview":"max-image-preview:large","max-video-preview":"max-video-preview:-1"},"canonical":"https:\/\/kibrisdakik.com\/?p=14276","og_locale":"tr_TR","og_type":"article","og_title":"Basketbolda genel kurul haz\u0131rl\u0131\u011f\u0131 -","og_description":"Basketbolda ola\u011fan genel kurul 26 Eyl\u00fcl \u00c7ar\u015famba g\u00fcn\u00fc yap\u0131lacak. Divan ba\u015fkanl\u0131\u011f\u0131 yapt\u0131\u011f\u0131 a\u00e7\u0131klamada genel kurulun 26 Eyl\u00fcl \u00c7ar\u015famba g\u00fcn\u00fc K\u0131br\u0131s T\u00fcrk Spor Yazarlar\u0131 Derne\u011fi\u2019nde saat 18.00\u2019de yap\u0131laca\u011f\u0131n\u0131 a\u00e7\u0131klad\u0131. Ba\u015fkanl\u0131k i\u00e7in 26 Eyl\u00fcL sal\u0131 g\u00fcn\u00fc 17.00\u2019ye kadar aday olacak isimlerin divana ba\u015fvurmalar\u0131 istendi. \u00d6te yandan kul\u00fcpler bug\u00fcn \u00f6\u011fleden sonra bir araya gelecekler. Toplant\u0131ya ba\u015fkan aday\u0131 olan","og_url":"https:\/\/kibrisdakik.com\/?p=14276","article_published_time":"2023-09-22T11:14:55+00:00","og_image":[{"width":2048,"height":1536,"url":"https:\/\/kibrisdakik.com\/wp-content\/uploads\/2023\/09\/1695381298_BASKET-740x420.jpg","type":"image\/jpeg"}],"author":"admin","twitter_card":"summary_large_image","twitter_misc":{"Yazan:":"admin","Tahmini okuma s\u00fcresi":"1 dakika"},"schema":{"@context":"https:\/\/schema.org","@graph":[{"@type":"Article","@id":"https:\/\/kibrisdakik.com\/?p=14276#article","isPartOf":{"@id":"https:\/\/kibrisdakik.com\/?p=14276"},"author":{"name":"admin","@id":"https:\/\/kibrisdakik.com\/#\/schema\/person\/9cd9d437bbb44f72b73ba127e06d8e79"},"headline":"Basketbolda genel kurul haz\u0131rl\u0131\u011f\u0131","datePublished":"2023-09-22T11:14:55+00:00","mainEntityOfPage":{"@id":"https:\/\/kibrisdakik.com\/?p=14276"},"wordCount":113,"commentCount":0,"image":{"@id":"https:\/\/kibrisdakik.com\/?p=14276#primaryimage"},"thumbnailUrl":"https:\/\/kibrisdakik.com\/wp-content\/uploads\/2023\/09\/1695381298_BASKET-740x420.jpg","articleSection":["Spor"],"inLanguage":"tr","potentialAction":[{"@type":"CommentAction","name":"Comment","target":["https:\/\/kibrisdakik.com\/?p=14276#respond"]}]},{"@type":"WebPage","@id":"https:\/\/kibrisdakik.com\/?p=14276","url":"https:\/\/kibrisdakik.com\/?p=14276","name":"Basketbolda genel kurul haz\u0131rl\u0131\u011f\u0131 -","isPartOf":{"@id":"https:\/\/kibrisdakik.com\/#website"},"primaryImageOfPage":{"@id":"https:\/\/kibrisdakik.com\/?p=14276#primaryimage"},"image":{"@id":"https:\/\/kibrisdakik.com\/?p=14276#primaryimage"},"thumbnailUrl":"https:\/\/kibrisdakik.com\/wp-content\/uploads\/2023\/09\/1695381298_BASKET-740x420.jpg","datePublished":"2023-09-22T11:14:55+00:00","author":{"@id":"https:\/\/kibrisdakik.com\/#\/schema\/person\/9cd9d437bbb44f72b73ba127e06d8e79"},"breadcrumb":{"@id":"https:\/\/kibrisdakik.com\/?p=14276#breadcrumb"},"inLanguage":"tr","potentialAction":[{"@type":"ReadAction","target":["https:\/\/kibrisdakik.com\/?p=14276"]}]},{"@type":"ImageObject","inLanguage":"tr","@id":"https:\/\/kibrisdakik.com\/?p=14276#primaryimage","url":"https:\/\/kibrisdakik.com\/wp-content\/uploads\/2023\/09\/1695381298_BASKET-740x420.jpg","contentUrl":"https:\/\/kibrisdakik.com\/wp-content\/uploads\/2023\/09\/1695381298_BASKET-740x420.jpg","width":2048,"height":1536},{"@type":"BreadcrumbList","@id":"https:\/\/kibrisdakik.com\/?p=14276#breadcrumb","itemListElement":[{"@type":"ListItem","position":1,"name":"Home","item":"https:\/\/kibrisdakik.com\/"},{"@type":"ListItem","position":2,"name":"Basketbolda genel kurul haz\u0131rl\u0131\u011f\u0131"}]},{"@type":"WebSite","@id":"https:\/\/kibrisdakik.com\/#website","url":"https:\/\/kibrisdakik.com\/","name":"","description":"Tam vaktinde haber","potentialAction":[{"@type":"SearchAction","target":{"@type":"EntryPoint","urlTemplate":"https:\/\/kibrisdakik.com\/?s={search_term_string}"},"query-input":{"@type":"PropertyValueSpecification","valueRequired":true,"valueName":"search_term_string"}}],"inLanguage":"tr"},{"@type":"Person","@id":"https:\/\/kibrisdakik.com\/#\/schema\/person\/9cd9d437bbb44f72b73ba127e06d8e79","name":"admin","image":{"@type":"ImageObject","inLanguage":"tr","@id":"https:\/\/secure.gravatar.com\/avatar\/ccc17943b9d660506c869530f897617f7cb1c21a4bf30023f252596d83e1f007?s=96&d=mm&r=g","url":"https:\/\/secure.gravatar.com\/avatar\/ccc17943b9d660506c869530f897617f7cb1c21a4bf30023f252596d83e1f007?s=96&d=mm&r=g","contentUrl":"https:\/\/secure.gravatar.com\/avatar\/ccc17943b9d660506c869530f897617f7cb1c21a4bf30023f252596d83e1f007?s=96&d=mm&r=g","caption":"admin"},"sameAs":["https:\/\/kibrisdakik.com"],"url":"https:\/\/kibrisdakik.com\/?author=1"}]}},"_links":{"self":[{"href":"https:\/\/kibrisdakik.com\/index.php?rest_route=\/wp\/v2\/posts\/14276","targetHints":{"allow":["GET"]}}],"collection":[{"href":"https:\/\/kibrisdakik.com\/index.php?rest_route=\/wp\/v2\/posts"}],"about":[{"href":"https:\/\/kibrisdakik.com\/index.php?rest_route=\/wp\/v2\/types\/post"}],"author":[{"embeddable":true,"href":"https:\/\/kibrisdakik.com\/index.php?rest_route=\/wp\/v2\/users\/1"}],"replies":[{"embeddable":true,"href":"https:\/\/kibrisdakik.com\/index.php?rest_route=%2Fwp%2Fv2%2Fcomments&post=14276"}],"version-history":[{"count":0,"href":"https:\/\/kibrisdakik.com\/index.php?rest_route=\/wp\/v2\/posts\/14276\/revisions"}],"wp:featuredmedia":[{"embeddable":true,"href":"https:\/\/kibrisdakik.com\/index.php?rest_route=\/wp\/v2\/media\/14277"}],"wp:attachment":[{"href":"https:\/\/kibrisdakik.com\/index.php?rest_route=%2Fwp%2Fv2%2Fmedia&parent=14276"}],"wp:term":[{"taxonomy":"category","embeddable":true,"href":"https:\/\/kibrisdakik.com\/index.php?rest_route=%2Fwp%2Fv2%2Fcategories&post=14276"},{"taxonomy":"post_tag","embeddable":true,"href":"https:\/\/kibrisdakik.com\/index.php?rest_route=%2Fwp%2Fv2%2Ftags&post=14276"}],"curies":[{"name":"wp","href":"https:\/\/api.w.org\/{rel}","templated":true}]}}