{"id":14319,"date":"2023-09-23T00:28:30","date_gmt":"2023-09-23T00:28:30","guid":{"rendered":"https:\/\/kibrisdakik.com\/index.php\/2023\/09\/23\/bakanlar-kurulu-ercanda-pazar-gunu-yapilacak-grevi-erteledi\/"},"modified":"2023-09-23T00:28:30","modified_gmt":"2023-09-23T00:28:30","slug":"bakanlar-kurulu-ercanda-pazar-gunu-yapilacak-grevi-erteledi","status":"publish","type":"post","link":"https:\/\/kibrisdakik.com\/?p=14319","title":{"rendered":"Bakanlar Kurulu, Ercan\u2019da pazar g\u00fcn\u00fc yap\u0131lacak grevi erteledi"},"content":{"rendered":"<p><\/p>\n<div>\n<div class=\"mariselle-image-container center\">\n                <img width=\"864\" height=\"486\" class=\"lazy-image\" alt=\"\" decoding=\"async\" loading=\"lazy\" sizes=\"auto, (max-width: 864px) 100vw, 864px\" src=\"https:\/\/brtk.net\/wp-content\/uploads\/2023\/09\/22\/ercan2.jpg?ver=8f07630666501a5d1f4d00e0b8594cd3\" srcset=\"https:\/\/brtk.net\/wp-content\/uploads\/2023\/09\/22\/ercan2.jpg?ver=8f07630666501a5d1f4d00e0b8594cd3 864w, https:\/\/brtk.net\/wp-content\/uploads\/2023\/09\/22\/ercan2-300x169.jpg?ver=8f07630666501a5d1f4d00e0b8594cd3 300w, https:\/\/brtk.net\/wp-content\/uploads\/2023\/09\/22\/ercan2-768x432.jpg?ver=8f07630666501a5d1f4d00e0b8594cd3 768w\"\/>                            <\/div>\n<p>Bakanlar Kurulu, Hava Trafik Kontrol\u00f6rleri Sendikas\u0131\u2019n\u0131n (HTKS) Pazar g\u00fcn\u00fc yapmay\u0131 planlad\u0131\u011f\u0131 grevi 60 g\u00fcn s\u00fcreyle erteledi.<\/p>\n<p>Bakanlar Kurulu\u2019nun elzem hizmetlerin aksat\u0131lmamas\u0131 ad\u0131na ald\u0131\u011f\u0131 karar, Resmi Gazete\u2019de yay\u0131mlanarak y\u00fcr\u00fcrl\u00fc\u011fe girdi.<\/p>\n<p>Hava Trafik Kontrol\u00f6rleri Sendikas\u0131 (HTKS) Ba\u015fkan\u0131 Cem Kap\u0131s\u0131z, baz\u0131 internet haber sitelerinde yer alan a\u00e7\u0131klamas\u0131nda, 24 Eyl\u00fcl Pazar g\u00fcn\u00fc saat 08.30\u2019da Ercan Kule Kontrol biriminde 1 g\u00fcnl\u00fck uyar\u0131 grevi yap\u0131laca\u011f\u0131n\u0131, beklentilerinin ise sorunlar\u0131n t\u00fcm\u00fcne kal\u0131c\u0131 \u00e7\u00f6z\u00fcmler bulunmas\u0131 oldu\u011funu belirtmi\u015fti.<\/p>\n<\/p><\/div>\n<p><script async\n                    defer\n                    crossorigin=\"anonymous\"\n                    src=\"https:\/\/connect.facebook.net\/tr_TR\/sdk.js#xfbml=1&#038;version=v3.3\"\n            ><\/script><\/p>\n","protected":false},"excerpt":{"rendered":"<p>Bakanlar Kurulu, Hava Trafik Kontrol\u00f6rleri Sendikas\u0131\u2019n\u0131n (HTKS) Pazar g\u00fcn\u00fc yapmay\u0131 planlad\u0131\u011f\u0131 grevi 60 g\u00fcn s\u00fcreyle erteledi. Bakanlar Kurulu\u2019nun elzem hizmetlerin aksat\u0131lmamas\u0131 ad\u0131na ald\u0131\u011f\u0131 karar, Resmi Gazete\u2019de yay\u0131mlanarak y\u00fcr\u00fcrl\u00fc\u011fe girdi. Hava Trafik Kontrol\u00f6rleri Sendikas\u0131 (HTKS) Ba\u015fkan\u0131 Cem Kap\u0131s\u0131z, baz\u0131 internet haber sitelerinde yer alan a\u00e7\u0131klamas\u0131nda, 24 Eyl\u00fcl Pazar g\u00fcn\u00fc saat 08.30\u2019da Ercan Kule Kontrol biriminde 1<\/p>\n","protected":false},"author":1,"featured_media":14320,"comment_status":"open","ping_status":"open","sticky":false,"template":"","format":"standard","meta":{"footnotes":""},"categories":[1],"tags":[],"class_list":["post-14319","post","type-post","status-publish","format-standard","has-post-thumbnail","hentry","category-gundem"],"yoast_head":"<!-- This site is optimized with the Yoast SEO plugin v27.4 - https:\/\/yoast.com\/product\/yoast-seo-wordpress\/ -->\n<title>Bakanlar Kurulu, Ercan\u2019da pazar g\u00fcn\u00fc yap\u0131lacak grevi erteledi -<\/title>\n<meta name=\"robots\" content=\"index, follow, max-snippet:-1, max-image-preview:large, max-video-preview:-1\" \/>\n<link rel=\"canonical\" href=\"https:\/\/kibrisdakik.com\/?p=14319\" \/>\n<meta property=\"og:locale\" content=\"tr_TR\" \/>\n<meta property=\"og:type\" content=\"article\" \/>\n<meta property=\"og:title\" content=\"Bakanlar Kurulu, Ercan\u2019da pazar g\u00fcn\u00fc yap\u0131lacak grevi erteledi -\" \/>\n<meta property=\"og:description\" content=\"Bakanlar Kurulu, Hava Trafik Kontrol\u00f6rleri Sendikas\u0131\u2019n\u0131n (HTKS) Pazar g\u00fcn\u00fc yapmay\u0131 planlad\u0131\u011f\u0131 grevi 60 g\u00fcn s\u00fcreyle erteledi. Bakanlar Kurulu\u2019nun elzem hizmetlerin aksat\u0131lmamas\u0131 ad\u0131na ald\u0131\u011f\u0131 karar, Resmi Gazete\u2019de yay\u0131mlanarak y\u00fcr\u00fcrl\u00fc\u011fe girdi. Hava Trafik Kontrol\u00f6rleri Sendikas\u0131 (HTKS) Ba\u015fkan\u0131 Cem Kap\u0131s\u0131z, baz\u0131 internet haber sitelerinde yer alan a\u00e7\u0131klamas\u0131nda, 24 Eyl\u00fcl Pazar g\u00fcn\u00fc saat 08.30\u2019da Ercan Kule Kontrol biriminde 1\" \/>\n<meta property=\"og:url\" content=\"https:\/\/kibrisdakik.com\/?p=14319\" \/>\n<meta property=\"article:published_time\" content=\"2023-09-23T00:28:30+00:00\" \/>\n<meta property=\"og:image\" content=\"https:\/\/kibrisdakik.com\/wp-content\/uploads\/2023\/09\/ercan2-740x420.jpg\" \/>\n\t<meta property=\"og:image:width\" content=\"864\" \/>\n\t<meta property=\"og:image:height\" content=\"486\" \/>\n\t<meta property=\"og:image:type\" content=\"image\/jpeg\" \/>\n<meta name=\"author\" content=\"admin\" \/>\n<meta name=\"twitter:card\" content=\"summary_large_image\" \/>\n<meta name=\"twitter:label1\" content=\"Yazan:\" \/>\n\t<meta name=\"twitter:data1\" content=\"admin\" \/>\n<script type=\"application\/ld+json\" class=\"yoast-schema-graph\">{\"@context\":\"https:\\\/\\\/schema.org\",\"@graph\":[{\"@type\":\"Article\",\"@id\":\"https:\\\/\\\/kibrisdakik.com\\\/?p=14319#article\",\"isPartOf\":{\"@id\":\"https:\\\/\\\/kibrisdakik.com\\\/?p=14319\"},\"author\":{\"name\":\"admin\",\"@id\":\"https:\\\/\\\/kibrisdakik.com\\\/#\\\/schema\\\/person\\\/9cd9d437bbb44f72b73ba127e06d8e79\"},\"headline\":\"Bakanlar Kurulu, Ercan\u2019da pazar g\u00fcn\u00fc yap\u0131lacak grevi erteledi\",\"datePublished\":\"2023-09-23T00:28:30+00:00\",\"mainEntityOfPage\":{\"@id\":\"https:\\\/\\\/kibrisdakik.com\\\/?p=14319\"},\"wordCount\":109,\"commentCount\":0,\"image\":{\"@id\":\"https:\\\/\\\/kibrisdakik.com\\\/?p=14319#primaryimage\"},\"thumbnailUrl\":\"https:\\\/\\\/kibrisdakik.com\\\/wp-content\\\/uploads\\\/2023\\\/09\\\/ercan2-740x420.jpg\",\"articleSection\":[\"G\u00fcndem\"],\"inLanguage\":\"tr\",\"potentialAction\":[{\"@type\":\"CommentAction\",\"name\":\"Comment\",\"target\":[\"https:\\\/\\\/kibrisdakik.com\\\/?p=14319#respond\"]}]},{\"@type\":\"WebPage\",\"@id\":\"https:\\\/\\\/kibrisdakik.com\\\/?p=14319\",\"url\":\"https:\\\/\\\/kibrisdakik.com\\\/?p=14319\",\"name\":\"Bakanlar Kurulu, Ercan\u2019da pazar g\u00fcn\u00fc yap\u0131lacak grevi erteledi -\",\"isPartOf\":{\"@id\":\"https:\\\/\\\/kibrisdakik.com\\\/#website\"},\"primaryImageOfPage\":{\"@id\":\"https:\\\/\\\/kibrisdakik.com\\\/?p=14319#primaryimage\"},\"image\":{\"@id\":\"https:\\\/\\\/kibrisdakik.com\\\/?p=14319#primaryimage\"},\"thumbnailUrl\":\"https:\\\/\\\/kibrisdakik.com\\\/wp-content\\\/uploads\\\/2023\\\/09\\\/ercan2-740x420.jpg\",\"datePublished\":\"2023-09-23T00:28:30+00:00\",\"author\":{\"@id\":\"https:\\\/\\\/kibrisdakik.com\\\/#\\\/schema\\\/person\\\/9cd9d437bbb44f72b73ba127e06d8e79\"},\"breadcrumb\":{\"@id\":\"https:\\\/\\\/kibrisdakik.com\\\/?p=14319#breadcrumb\"},\"inLanguage\":\"tr\",\"potentialAction\":[{\"@type\":\"ReadAction\",\"target\":[\"https:\\\/\\\/kibrisdakik.com\\\/?p=14319\"]}]},{\"@type\":\"ImageObject\",\"inLanguage\":\"tr\",\"@id\":\"https:\\\/\\\/kibrisdakik.com\\\/?p=14319#primaryimage\",\"url\":\"https:\\\/\\\/kibrisdakik.com\\\/wp-content\\\/uploads\\\/2023\\\/09\\\/ercan2-740x420.jpg\",\"contentUrl\":\"https:\\\/\\\/kibrisdakik.com\\\/wp-content\\\/uploads\\\/2023\\\/09\\\/ercan2-740x420.jpg\",\"width\":864,\"height\":486},{\"@type\":\"BreadcrumbList\",\"@id\":\"https:\\\/\\\/kibrisdakik.com\\\/?p=14319#breadcrumb\",\"itemListElement\":[{\"@type\":\"ListItem\",\"position\":1,\"name\":\"Home\",\"item\":\"https:\\\/\\\/kibrisdakik.com\\\/\"},{\"@type\":\"ListItem\",\"position\":2,\"name\":\"Bakanlar Kurulu, Ercan\u2019da pazar g\u00fcn\u00fc yap\u0131lacak grevi erteledi\"}]},{\"@type\":\"WebSite\",\"@id\":\"https:\\\/\\\/kibrisdakik.com\\\/#website\",\"url\":\"https:\\\/\\\/kibrisdakik.com\\\/\",\"name\":\"\",\"description\":\"Tam vaktinde haber\",\"potentialAction\":[{\"@type\":\"SearchAction\",\"target\":{\"@type\":\"EntryPoint\",\"urlTemplate\":\"https:\\\/\\\/kibrisdakik.com\\\/?s={search_term_string}\"},\"query-input\":{\"@type\":\"PropertyValueSpecification\",\"valueRequired\":true,\"valueName\":\"search_term_string\"}}],\"inLanguage\":\"tr\"},{\"@type\":\"Person\",\"@id\":\"https:\\\/\\\/kibrisdakik.com\\\/#\\\/schema\\\/person\\\/9cd9d437bbb44f72b73ba127e06d8e79\",\"name\":\"admin\",\"image\":{\"@type\":\"ImageObject\",\"inLanguage\":\"tr\",\"@id\":\"https:\\\/\\\/secure.gravatar.com\\\/avatar\\\/ccc17943b9d660506c869530f897617f7cb1c21a4bf30023f252596d83e1f007?s=96&d=mm&r=g\",\"url\":\"https:\\\/\\\/secure.gravatar.com\\\/avatar\\\/ccc17943b9d660506c869530f897617f7cb1c21a4bf30023f252596d83e1f007?s=96&d=mm&r=g\",\"contentUrl\":\"https:\\\/\\\/secure.gravatar.com\\\/avatar\\\/ccc17943b9d660506c869530f897617f7cb1c21a4bf30023f252596d83e1f007?s=96&d=mm&r=g\",\"caption\":\"admin\"},\"sameAs\":[\"https:\\\/\\\/kibrisdakik.com\"],\"url\":\"https:\\\/\\\/kibrisdakik.com\\\/?author=1\"}]}<\/script>\n<!-- \/ Yoast SEO plugin. -->","yoast_head_json":{"title":"Bakanlar Kurulu, Ercan\u2019da pazar g\u00fcn\u00fc yap\u0131lacak grevi erteledi -","robots":{"index":"index","follow":"follow","max-snippet":"max-snippet:-1","max-image-preview":"max-image-preview:large","max-video-preview":"max-video-preview:-1"},"canonical":"https:\/\/kibrisdakik.com\/?p=14319","og_locale":"tr_TR","og_type":"article","og_title":"Bakanlar Kurulu, Ercan\u2019da pazar g\u00fcn\u00fc yap\u0131lacak grevi erteledi -","og_description":"Bakanlar Kurulu, Hava Trafik Kontrol\u00f6rleri Sendikas\u0131\u2019n\u0131n (HTKS) Pazar g\u00fcn\u00fc yapmay\u0131 planlad\u0131\u011f\u0131 grevi 60 g\u00fcn s\u00fcreyle erteledi. Bakanlar Kurulu\u2019nun elzem hizmetlerin aksat\u0131lmamas\u0131 ad\u0131na ald\u0131\u011f\u0131 karar, Resmi Gazete\u2019de yay\u0131mlanarak y\u00fcr\u00fcrl\u00fc\u011fe girdi. Hava Trafik Kontrol\u00f6rleri Sendikas\u0131 (HTKS) Ba\u015fkan\u0131 Cem Kap\u0131s\u0131z, baz\u0131 internet haber sitelerinde yer alan a\u00e7\u0131klamas\u0131nda, 24 Eyl\u00fcl Pazar g\u00fcn\u00fc saat 08.30\u2019da Ercan Kule Kontrol biriminde 1","og_url":"https:\/\/kibrisdakik.com\/?p=14319","article_published_time":"2023-09-23T00:28:30+00:00","og_image":[{"width":864,"height":486,"url":"https:\/\/kibrisdakik.com\/wp-content\/uploads\/2023\/09\/ercan2-740x420.jpg","type":"image\/jpeg"}],"author":"admin","twitter_card":"summary_large_image","twitter_misc":{"Yazan:":"admin"},"schema":{"@context":"https:\/\/schema.org","@graph":[{"@type":"Article","@id":"https:\/\/kibrisdakik.com\/?p=14319#article","isPartOf":{"@id":"https:\/\/kibrisdakik.com\/?p=14319"},"author":{"name":"admin","@id":"https:\/\/kibrisdakik.com\/#\/schema\/person\/9cd9d437bbb44f72b73ba127e06d8e79"},"headline":"Bakanlar Kurulu, Ercan\u2019da pazar g\u00fcn\u00fc yap\u0131lacak grevi erteledi","datePublished":"2023-09-23T00:28:30+00:00","mainEntityOfPage":{"@id":"https:\/\/kibrisdakik.com\/?p=14319"},"wordCount":109,"commentCount":0,"image":{"@id":"https:\/\/kibrisdakik.com\/?p=14319#primaryimage"},"thumbnailUrl":"https:\/\/kibrisdakik.com\/wp-content\/uploads\/2023\/09\/ercan2-740x420.jpg","articleSection":["G\u00fcndem"],"inLanguage":"tr","potentialAction":[{"@type":"CommentAction","name":"Comment","target":["https:\/\/kibrisdakik.com\/?p=14319#respond"]}]},{"@type":"WebPage","@id":"https:\/\/kibrisdakik.com\/?p=14319","url":"https:\/\/kibrisdakik.com\/?p=14319","name":"Bakanlar Kurulu, Ercan\u2019da pazar g\u00fcn\u00fc yap\u0131lacak grevi erteledi -","isPartOf":{"@id":"https:\/\/kibrisdakik.com\/#website"},"primaryImageOfPage":{"@id":"https:\/\/kibrisdakik.com\/?p=14319#primaryimage"},"image":{"@id":"https:\/\/kibrisdakik.com\/?p=14319#primaryimage"},"thumbnailUrl":"https:\/\/kibrisdakik.com\/wp-content\/uploads\/2023\/09\/ercan2-740x420.jpg","datePublished":"2023-09-23T00:28:30+00:00","author":{"@id":"https:\/\/kibrisdakik.com\/#\/schema\/person\/9cd9d437bbb44f72b73ba127e06d8e79"},"breadcrumb":{"@id":"https:\/\/kibrisdakik.com\/?p=14319#breadcrumb"},"inLanguage":"tr","potentialAction":[{"@type":"ReadAction","target":["https:\/\/kibrisdakik.com\/?p=14319"]}]},{"@type":"ImageObject","inLanguage":"tr","@id":"https:\/\/kibrisdakik.com\/?p=14319#primaryimage","url":"https:\/\/kibrisdakik.com\/wp-content\/uploads\/2023\/09\/ercan2-740x420.jpg","contentUrl":"https:\/\/kibrisdakik.com\/wp-content\/uploads\/2023\/09\/ercan2-740x420.jpg","width":864,"height":486},{"@type":"BreadcrumbList","@id":"https:\/\/kibrisdakik.com\/?p=14319#breadcrumb","itemListElement":[{"@type":"ListItem","position":1,"name":"Home","item":"https:\/\/kibrisdakik.com\/"},{"@type":"ListItem","position":2,"name":"Bakanlar Kurulu, Ercan\u2019da pazar g\u00fcn\u00fc yap\u0131lacak grevi erteledi"}]},{"@type":"WebSite","@id":"https:\/\/kibrisdakik.com\/#website","url":"https:\/\/kibrisdakik.com\/","name":"","description":"Tam vaktinde haber","potentialAction":[{"@type":"SearchAction","target":{"@type":"EntryPoint","urlTemplate":"https:\/\/kibrisdakik.com\/?s={search_term_string}"},"query-input":{"@type":"PropertyValueSpecification","valueRequired":true,"valueName":"search_term_string"}}],"inLanguage":"tr"},{"@type":"Person","@id":"https:\/\/kibrisdakik.com\/#\/schema\/person\/9cd9d437bbb44f72b73ba127e06d8e79","name":"admin","image":{"@type":"ImageObject","inLanguage":"tr","@id":"https:\/\/secure.gravatar.com\/avatar\/ccc17943b9d660506c869530f897617f7cb1c21a4bf30023f252596d83e1f007?s=96&d=mm&r=g","url":"https:\/\/secure.gravatar.com\/avatar\/ccc17943b9d660506c869530f897617f7cb1c21a4bf30023f252596d83e1f007?s=96&d=mm&r=g","contentUrl":"https:\/\/secure.gravatar.com\/avatar\/ccc17943b9d660506c869530f897617f7cb1c21a4bf30023f252596d83e1f007?s=96&d=mm&r=g","caption":"admin"},"sameAs":["https:\/\/kibrisdakik.com"],"url":"https:\/\/kibrisdakik.com\/?author=1"}]}},"_links":{"self":[{"href":"https:\/\/kibrisdakik.com\/index.php?rest_route=\/wp\/v2\/posts\/14319","targetHints":{"allow":["GET"]}}],"collection":[{"href":"https:\/\/kibrisdakik.com\/index.php?rest_route=\/wp\/v2\/posts"}],"about":[{"href":"https:\/\/kibrisdakik.com\/index.php?rest_route=\/wp\/v2\/types\/post"}],"author":[{"embeddable":true,"href":"https:\/\/kibrisdakik.com\/index.php?rest_route=\/wp\/v2\/users\/1"}],"replies":[{"embeddable":true,"href":"https:\/\/kibrisdakik.com\/index.php?rest_route=%2Fwp%2Fv2%2Fcomments&post=14319"}],"version-history":[{"count":0,"href":"https:\/\/kibrisdakik.com\/index.php?rest_route=\/wp\/v2\/posts\/14319\/revisions"}],"wp:featuredmedia":[{"embeddable":true,"href":"https:\/\/kibrisdakik.com\/index.php?rest_route=\/wp\/v2\/media\/14320"}],"wp:attachment":[{"href":"https:\/\/kibrisdakik.com\/index.php?rest_route=%2Fwp%2Fv2%2Fmedia&parent=14319"}],"wp:term":[{"taxonomy":"category","embeddable":true,"href":"https:\/\/kibrisdakik.com\/index.php?rest_route=%2Fwp%2Fv2%2Fcategories&post=14319"},{"taxonomy":"post_tag","embeddable":true,"href":"https:\/\/kibrisdakik.com\/index.php?rest_route=%2Fwp%2Fv2%2Ftags&post=14319"}],"curies":[{"name":"wp","href":"https:\/\/api.w.org\/{rel}","templated":true}]}}