{"id":14346,"date":"2023-09-23T15:50:56","date_gmt":"2023-09-23T15:50:56","guid":{"rendered":"https:\/\/kibrisdakik.com\/index.php\/2023\/09\/23\/calisma-ve-sosyal-guvenlik-bakani-gardiyanoglu-ktmmobyi-ziyaret-etti\/"},"modified":"2023-09-23T15:50:56","modified_gmt":"2023-09-23T15:50:56","slug":"calisma-ve-sosyal-guvenlik-bakani-gardiyanoglu-ktmmobyi-ziyaret-etti","status":"publish","type":"post","link":"https:\/\/kibrisdakik.com\/?p=14346","title":{"rendered":"\u00c7al\u0131\u015fma ve Sosyal G\u00fcvenlik Bakan\u0131 Gardiyano\u011flu, KTMMOB\u2019yi ziyaret etti"},"content":{"rendered":"<p><\/p>\n<div>\n<div class=\"mariselle-image-container center\">\n                <img width=\"1600\" height=\"1071\" class=\"lazy-image\" alt=\"\" decoding=\"async\" loading=\"lazy\" sizes=\"auto, (max-width: 1600px) 100vw, 1600px\" src=\"https:\/\/brtk.net\/wp-content\/uploads\/2023\/09\/22\/ktmmob-sadik-gardiyanoglu-ziyaret-1-.jpeg?ver=15d06d07b9393d4b49a80a9f672be32d\" srcset=\"https:\/\/brtk.net\/wp-content\/uploads\/2023\/09\/22\/ktmmob-sadik-gardiyanoglu-ziyaret-1-.jpeg?ver=15d06d07b9393d4b49a80a9f672be32d 1600w, https:\/\/brtk.net\/wp-content\/uploads\/2023\/09\/22\/ktmmob-sadik-gardiyanoglu-ziyaret-1--300x201.jpeg?ver=15d06d07b9393d4b49a80a9f672be32d 300w, https:\/\/brtk.net\/wp-content\/uploads\/2023\/09\/22\/ktmmob-sadik-gardiyanoglu-ziyaret-1--1024x685.jpeg?ver=15d06d07b9393d4b49a80a9f672be32d 1024w, https:\/\/brtk.net\/wp-content\/uploads\/2023\/09\/22\/ktmmob-sadik-gardiyanoglu-ziyaret-1--768x514.jpeg?ver=3ef3a214469b1add327e825b57ea37a0 768w, https:\/\/brtk.net\/wp-content\/uploads\/2023\/09\/22\/ktmmob-sadik-gardiyanoglu-ziyaret-1--1536x1028.jpeg?ver=3ef3a214469b1add327e825b57ea37a0 1536w\"\/>                            <\/div>\n<p>\n\u00c7al\u0131\u015fma ve Sosyal G\u00fcvenlik Bakan\u0131 Sad\u0131k Gardiyano\u011flu ve beraberindeki heyet, K\u0131br\u0131s T\u00fcrk M\u00fchendis ve Mimar Odalar\u0131 Birli\u011fi\u2019ni (KTMMOB) ziyaret etti.<\/p>\n<p>KTMMOB\u2019den yap\u0131lan a\u00e7\u0131klamaya g\u00f6re, Birlik binas\u0131nda d\u00fcn yap\u0131lan toplant\u0131ya, KTMMOB Genel Ba\u015fkan\u0131 Tun\u00e7 Adan\u0131r ve Y\u00f6netim Kurulu \u00fcyeleri kat\u0131ld\u0131.<\/p>\n<p>-Adan\u0131r: \u201cDevlette teknik donan\u0131ml\u0131 ki\u015filerin olmas\u0131 bizim i\u00e7in ileti\u015fim a\u00e7\u0131s\u0131ndan \u00f6nemlidir\u201d<\/p>\n<p>KTMMOB Genel Ba\u015fkan\u0131 Tun\u00e7 Adan\u0131r toplant\u0131n\u0131n a\u00e7\u0131l\u0131\u015f\u0131nda yapt\u0131\u011f\u0131 konu\u015fmada, Bakan ve heyetine Birli\u011fi ziyaret ettikleri i\u00e7in te\u015fekk\u00fcr etti.<\/p>\n<p>Se\u00e7im d\u00f6neminde her g\u00f6r\u00fc\u015ften siyasi partinin KTMMOB\u2019yi ziyaret etti\u011fini anlatan Adan\u0131r, \u201cHepsi ile \u00f6zellikle teknik konularda \u00fclkenin gelece\u011fi ile ilgili neler yap\u0131lmas\u0131 gerekir, toplumun ve bizlerin neler bekledi\u011fimizle ilgili fikirlerimizi payla\u015f\u0131r\u0131z. Ziyaret edenlere her zaman da \u015funu s\u00f6yleriz; Meclise girerken Birli\u011fimize ba\u011fl\u0131 Odalar\u0131n \u00fcyelerinden birilerinin se\u00e7ilmesi, hem bizim i\u00e7in hem toplum i\u00e7in hem de \u00fclke siyaseti i\u00e7in b\u00fcy\u00fck kazan\u0131md\u0131r\u201d dedi.<\/p>\n<p>Tun\u00e7 Adan\u0131r, devlet yap\u0131s\u0131 i\u00e7erisinde teknik donan\u0131ml\u0131 ki\u015filerin olmas\u0131n\u0131n \u00e7ok \u00f6nemli oldu\u011funu s\u00f6yleyerek, \u201cBu teknik donan\u0131ma sahip ki\u015filerin gerek siyasi hayatta gerekse kamuda \u00fcst d\u00fczey g\u00f6revde olmas\u0131 bizim i\u00e7in \u00e7ok \u00f6nemlidir. Bunun en b\u00fcy\u00fck sebeplerinden biri de ileti\u015fim kurma a\u00e7\u0131s\u0131ndand\u0131r. Son zamanlarda bu ileti\u015fim k\u0131sm\u0131nda b\u00fcy\u00fck zorluklar \u00e7ekmekteyiz ki sizinle yak\u0131n ge\u00e7mi\u015f d\u00f6nemde bu konular\u0131 birlikte ya\u015fad\u0131k, bundan dolay\u0131 da size tekrardan te\u015fekk\u00fcr ederiz\u201d dedi.<\/p>\n<p>\u0130leti\u015fim kurman\u0131n \u00f6nemine i\u015faret eden Adan\u0131r, son d\u00f6nemlerde kendilerini ilgilendiren teknik konularda KTMMOB ve ba\u011fl\u0131 odalardan g\u00f6r\u00fc\u015f al\u0131nmad\u0131\u011f\u0131n\u0131 ifade ederek bundan duyduklar\u0131 rahats\u0131zl\u0131\u011f\u0131 dile getirdi.<\/p>\n<p>Adan\u0131r, \u201cBiz asl\u0131nda Birlik ve Odalar olarak kendimizi yar\u0131 kamu gibi g\u00f6rmekteyiz ve devletin bir par\u00e7as\u0131 olarak saymaktay\u0131z. Bir yasa haz\u0131rlanaca\u011f\u0131nda mesleki teknik bilgi a\u00e7\u0131s\u0131ndan her t\u00fcrl\u00fc deste\u011fi vermekteyiz. Bizim en b\u00fcy\u00fck beklentimiz siyasi mercide g\u00f6rev yapan sizler gibi ki\u015filerin s\u00fcrekli olarak bizlerle ileti\u015fim i\u00e7inde olmas\u0131 ve ihtiya\u00e7 olmas\u0131 halinde bizlere dan\u0131\u015f\u0131lmas\u0131d\u0131r. Fikir birlikteli\u011fi veya ayr\u0131l\u0131\u011f\u0131 olabilir ancak bunlar\u0131 \u00e7a\u011fda\u015f insanlar gibi kar\u015f\u0131l\u0131kl\u0131 g\u00f6r\u00fc\u015fmeler yaparak tart\u0131\u015f\u0131larak bir noktaya gelebilecek d\u00fczeyde ve k\u00fclt\u00fcrel birikime sahip bireyleriz. G\u00f6reve geldi\u011finiz andan g\u00fcndemi sarsacak olaylar ile u\u011fra\u015f vermektesiniz. Bu ortaya \u00e7\u0131kard\u0131\u011f\u0131n\u0131z yolsuzluk her bakanl\u0131\u011f\u0131n i\u00e7erisinde takip edilip de \u00fclkede bu gibi durumlar\u0131 kabullenme psikolojisine art\u0131k bir son verilmesi gerekti\u011fi d\u00fc\u015f\u00fcncesindeyiz. Bu sineye \u00e7ekilip de \u2018zaten bu \u00fclkede b\u00f6yledir\u2019 denmesine hepimiz kar\u015f\u0131y\u0131z. Bu y\u00f6nde att\u0131\u011f\u0131n\u0131z ad\u0131mdan dolay\u0131 da sizi tebrik ederiz. Tekrardan bizi ziyaret etti\u011finiz i\u00e7in de te\u015fekk\u00fcr eder, bakanl\u0131k g\u00f6revinizde ba\u015far\u0131lar dileriz\u201d \u015feklinde konu\u015ftu.<\/p>\n<p>-Gardiyano\u011flu: \u201cBakanl\u0131k olarak KTMMOB\u2019den ciddi deste\u011fe ihtiyac\u0131m\u0131z var\u201d<\/p>\n<p>\u00c7al\u0131\u015fma ve Sosyal G\u00fcvenlik Bakan\u0131 Sad\u0131k Gardiyano\u011flu da konu\u015fmas\u0131nda, bakan olarak ilk resmi ziyaretinin KTMMOB\u2019ye yapt\u0131\u011f\u0131n\u0131 belirterek, \u201cBa\u015fkan ile konu\u015ftu\u011fumda \u00fcyesi oldu\u011fum Birli\u011fe ben gelmek istedi\u011fimi s\u00f6yledim\u201d dedi.<\/p>\n<p>\u201cElimiz biraz dolu geldik\u201d diyen Sad\u0131k Gardiyano\u011flu, \u201cBa\u015fkan\u0131n s\u00f6yledi\u011fi bir\u00e7ok \u015feye kat\u0131l\u0131yorum. \u00d6zellikle bu ileti\u015fimsizlik konusunda bir k\u00f6pr\u00fc olarak baz\u0131 yanl\u0131\u015f anla\u015f\u0131lmalar\u0131 da ray\u0131na koymaya devam edece\u011fiz\u201d \u015feklinde konu\u015ftu.<\/p>\n<p>Ye\u015fil\u0131rmak\u2019tan Karpaz\u2019a kadar bakanl\u0131\u011fa ait bir\u00e7ok sosyal tesisin oldu\u011funu anlatan Gardiyano\u011flu, \u201cBunlar 18 ya\u015f \u00fcst\u00fc ve alt\u0131 rehabilitasyon merkezlerimiz, ya\u015fl\u0131 bak\u0131m evlerimiz huzurevlerimiz ile ilgilidir. Tesisleri m\u00fcd\u00fcr ve m\u00fcste\u015far\u0131mlar birlikte gezdi\u011fimde \u00e7ok ciddi yap\u0131sal anlamda eksikliklerimiz var. Bunlar\u0131 Planlama ve \u0130n\u015faat Dairemiz ile g\u00f6r\u00fc\u015ft\u00fc\u011f\u00fcm\u00fczde maalesef evet yap\u0131labilir ama uzun bir s\u00fcre\u00e7 alaca\u011f\u0131n\u0131 anl\u0131yoruz\u201d dedi.<\/p>\n<p>KTMMOB\u2019den ciddi deste\u011fe ihtiya\u00e7lar\u0131 oldu\u011funu vurgulayan \u00c7al\u0131\u015fma ve Sosyal G\u00fcvenlik Bakan\u0131 Sad\u0131k Gardiyano\u011flu, \u201cBizim blokelerimiz veren T\u00fcrkiye Cumhuriyeti Lefko\u015fa B\u00fcy\u00fckel\u00e7ili\u011fi Kalk\u0131nma ve Ekonomik \u0130\u015fbirli\u011fi Ofisi veya di\u011fer birimler, KTMMOB\u2019nin raporlar\u0131n\u0131 kabul ediyor. Bununla ilgili sizlerden olu\u015facak bir komitenin \u00e7al\u0131\u015fmas\u0131 ile eksi\u011fi olan binalar\u0131m\u0131zla ilgili ke\u015fif ve ihaleye \u00e7\u0131kma zorunlulu\u011funda \u015fartnamelerin sizler taraf\u0131ndan haz\u0131rlanmas\u0131n\u0131 isteyece\u011fiz\u201d ifadelerini kulland\u0131.<\/p>\n<p>Sad\u0131k Gardiyano\u011flu, \u201cDi\u011fer iki tane projemiz var s\u0131f\u0131rdan bunu bir yar\u0131\u015fma projesi yapmak istiyoruz. Mimari, statik, elektrik ve mekanik vizeleri al\u0131nm\u0131\u015f bir projedir. Biri \u00c7al\u0131\u015fma ve Sosyal G\u00fcvenlik Bakanl\u0131\u011f\u0131\u2019n\u0131n merkez binas\u0131d\u0131r. Olu\u015fturaca\u011f\u0131n\u0131z komite Bakanl\u0131k, Sosyal Hizmetler, \u0130htiyat Sand\u0131\u011f\u0131, Sosyal Sigortalar Dairesi ve \u00c7al\u0131\u015fma Dairesi toplam 5 birim olmak \u00fczere ihtiya\u00e7 program\u0131n\u0131n olu\u015fturulmas\u0131, tasar\u0131mlar\u0131n yap\u0131lmas\u0131 ve bu projelerin ke\u015fifleri ve \u015fartnamelerine kadar sizlerle bir protokol yapmak arzusu i\u00e7erisindeyim. Di\u011fer bir projemiz de Yeniererk\u00f6y\u2019de Sa\u011fl\u0131k Bakanl\u0131\u011f\u0131 taraf\u0131ndan Bakanlar Kurulu karar\u0131 ile bakanl\u0131\u011f\u0131m\u0131za devredilen bir Rehabilitasyon Merkezi ile ilgilidir. O binan\u0131n genelinin ekonomik \u00f6mr\u00fcn\u00fcn kalmad\u0131\u011f\u0131na inan\u0131yorum. Oraya da bir Rehabilitasyon Merkezi projesi isteyece\u011fiz. Bunlar\u0131 h\u0131zl\u0131 bir \u015fekilde isteyece\u011fiz \u00e7\u00fcnk\u00fc 2024 y\u0131l\u0131n\u0131n yat\u0131r\u0131m kalemlerine almam\u0131z gerekir\u201d diye konu\u015ftu.<\/p>\n<\/p><\/div>\n<p><script async\n                    defer\n                    crossorigin=\"anonymous\"\n                    src=\"https:\/\/connect.facebook.net\/tr_TR\/sdk.js#xfbml=1&#038;version=v3.3\"\n            ><\/script><\/p>\n","protected":false},"excerpt":{"rendered":"<p>\u00c7al\u0131\u015fma ve Sosyal G\u00fcvenlik Bakan\u0131 Sad\u0131k Gardiyano\u011flu ve beraberindeki heyet, K\u0131br\u0131s T\u00fcrk M\u00fchendis ve Mimar Odalar\u0131 Birli\u011fi\u2019ni (KTMMOB) ziyaret etti. KTMMOB\u2019den yap\u0131lan a\u00e7\u0131klamaya g\u00f6re, Birlik binas\u0131nda d\u00fcn yap\u0131lan toplant\u0131ya, KTMMOB Genel Ba\u015fkan\u0131 Tun\u00e7 Adan\u0131r ve Y\u00f6netim Kurulu \u00fcyeleri kat\u0131ld\u0131. -Adan\u0131r: \u201cDevlette teknik donan\u0131ml\u0131 ki\u015filerin olmas\u0131 bizim i\u00e7in ileti\u015fim a\u00e7\u0131s\u0131ndan \u00f6nemlidir\u201d KTMMOB Genel Ba\u015fkan\u0131 Tun\u00e7 Adan\u0131r<\/p>\n","protected":false},"author":1,"featured_media":14347,"comment_status":"open","ping_status":"open","sticky":false,"template":"","format":"standard","meta":{"footnotes":""},"categories":[1],"tags":[],"class_list":["post-14346","post","type-post","status-publish","format-standard","has-post-thumbnail","hentry","category-gundem"],"yoast_head":"<!-- This site is optimized with the Yoast SEO plugin v27.4 - https:\/\/yoast.com\/product\/yoast-seo-wordpress\/ -->\n<title>\u00c7al\u0131\u015fma ve Sosyal G\u00fcvenlik Bakan\u0131 Gardiyano\u011flu, KTMMOB\u2019yi ziyaret etti -<\/title>\n<meta name=\"robots\" content=\"index, follow, max-snippet:-1, max-image-preview:large, max-video-preview:-1\" \/>\n<link rel=\"canonical\" href=\"https:\/\/kibrisdakik.com\/?p=14346\" \/>\n<meta property=\"og:locale\" content=\"tr_TR\" \/>\n<meta property=\"og:type\" content=\"article\" \/>\n<meta property=\"og:title\" content=\"\u00c7al\u0131\u015fma ve Sosyal G\u00fcvenlik Bakan\u0131 Gardiyano\u011flu, KTMMOB\u2019yi ziyaret etti -\" \/>\n<meta property=\"og:description\" content=\"\u00c7al\u0131\u015fma ve Sosyal G\u00fcvenlik Bakan\u0131 Sad\u0131k Gardiyano\u011flu ve beraberindeki heyet, K\u0131br\u0131s T\u00fcrk M\u00fchendis ve Mimar Odalar\u0131 Birli\u011fi\u2019ni (KTMMOB) ziyaret etti. KTMMOB\u2019den yap\u0131lan a\u00e7\u0131klamaya g\u00f6re, Birlik binas\u0131nda d\u00fcn yap\u0131lan toplant\u0131ya, KTMMOB Genel Ba\u015fkan\u0131 Tun\u00e7 Adan\u0131r ve Y\u00f6netim Kurulu \u00fcyeleri kat\u0131ld\u0131. -Adan\u0131r: \u201cDevlette teknik donan\u0131ml\u0131 ki\u015filerin olmas\u0131 bizim i\u00e7in ileti\u015fim a\u00e7\u0131s\u0131ndan \u00f6nemlidir\u201d KTMMOB Genel Ba\u015fkan\u0131 Tun\u00e7 Adan\u0131r\" \/>\n<meta property=\"og:url\" content=\"https:\/\/kibrisdakik.com\/?p=14346\" \/>\n<meta property=\"article:published_time\" content=\"2023-09-23T15:50:56+00:00\" \/>\n<meta property=\"og:image\" content=\"https:\/\/kibrisdakik.com\/wp-content\/uploads\/2023\/09\/ktmmob-sadik-gardiyanoglu-ziyaret-1--740x420.jpeg\" \/>\n\t<meta property=\"og:image:width\" content=\"1600\" \/>\n\t<meta property=\"og:image:height\" content=\"1071\" \/>\n\t<meta property=\"og:image:type\" content=\"image\/jpeg\" \/>\n<meta name=\"author\" content=\"admin\" \/>\n<meta name=\"twitter:card\" content=\"summary_large_image\" \/>\n<meta name=\"twitter:label1\" content=\"Yazan:\" \/>\n\t<meta name=\"twitter:data1\" content=\"admin\" \/>\n\t<meta name=\"twitter:label2\" content=\"Tahmini okuma s\u00fcresi\" \/>\n\t<meta name=\"twitter:data2\" content=\"5 dakika\" \/>\n<script type=\"application\/ld+json\" class=\"yoast-schema-graph\">{\"@context\":\"https:\\\/\\\/schema.org\",\"@graph\":[{\"@type\":\"Article\",\"@id\":\"https:\\\/\\\/kibrisdakik.com\\\/?p=14346#article\",\"isPartOf\":{\"@id\":\"https:\\\/\\\/kibrisdakik.com\\\/?p=14346\"},\"author\":{\"name\":\"admin\",\"@id\":\"https:\\\/\\\/kibrisdakik.com\\\/#\\\/schema\\\/person\\\/9cd9d437bbb44f72b73ba127e06d8e79\"},\"headline\":\"\u00c7al\u0131\u015fma ve Sosyal G\u00fcvenlik Bakan\u0131 Gardiyano\u011flu, KTMMOB\u2019yi ziyaret etti\",\"datePublished\":\"2023-09-23T15:50:56+00:00\",\"mainEntityOfPage\":{\"@id\":\"https:\\\/\\\/kibrisdakik.com\\\/?p=14346\"},\"wordCount\":963,\"commentCount\":0,\"image\":{\"@id\":\"https:\\\/\\\/kibrisdakik.com\\\/?p=14346#primaryimage\"},\"thumbnailUrl\":\"https:\\\/\\\/kibrisdakik.com\\\/wp-content\\\/uploads\\\/2023\\\/09\\\/ktmmob-sadik-gardiyanoglu-ziyaret-1--740x420.jpeg\",\"articleSection\":[\"G\u00fcndem\"],\"inLanguage\":\"tr\",\"potentialAction\":[{\"@type\":\"CommentAction\",\"name\":\"Comment\",\"target\":[\"https:\\\/\\\/kibrisdakik.com\\\/?p=14346#respond\"]}]},{\"@type\":\"WebPage\",\"@id\":\"https:\\\/\\\/kibrisdakik.com\\\/?p=14346\",\"url\":\"https:\\\/\\\/kibrisdakik.com\\\/?p=14346\",\"name\":\"\u00c7al\u0131\u015fma ve Sosyal G\u00fcvenlik Bakan\u0131 Gardiyano\u011flu, KTMMOB\u2019yi ziyaret etti -\",\"isPartOf\":{\"@id\":\"https:\\\/\\\/kibrisdakik.com\\\/#website\"},\"primaryImageOfPage\":{\"@id\":\"https:\\\/\\\/kibrisdakik.com\\\/?p=14346#primaryimage\"},\"image\":{\"@id\":\"https:\\\/\\\/kibrisdakik.com\\\/?p=14346#primaryimage\"},\"thumbnailUrl\":\"https:\\\/\\\/kibrisdakik.com\\\/wp-content\\\/uploads\\\/2023\\\/09\\\/ktmmob-sadik-gardiyanoglu-ziyaret-1--740x420.jpeg\",\"datePublished\":\"2023-09-23T15:50:56+00:00\",\"author\":{\"@id\":\"https:\\\/\\\/kibrisdakik.com\\\/#\\\/schema\\\/person\\\/9cd9d437bbb44f72b73ba127e06d8e79\"},\"breadcrumb\":{\"@id\":\"https:\\\/\\\/kibrisdakik.com\\\/?p=14346#breadcrumb\"},\"inLanguage\":\"tr\",\"potentialAction\":[{\"@type\":\"ReadAction\",\"target\":[\"https:\\\/\\\/kibrisdakik.com\\\/?p=14346\"]}]},{\"@type\":\"ImageObject\",\"inLanguage\":\"tr\",\"@id\":\"https:\\\/\\\/kibrisdakik.com\\\/?p=14346#primaryimage\",\"url\":\"https:\\\/\\\/kibrisdakik.com\\\/wp-content\\\/uploads\\\/2023\\\/09\\\/ktmmob-sadik-gardiyanoglu-ziyaret-1--740x420.jpeg\",\"contentUrl\":\"https:\\\/\\\/kibrisdakik.com\\\/wp-content\\\/uploads\\\/2023\\\/09\\\/ktmmob-sadik-gardiyanoglu-ziyaret-1--740x420.jpeg\",\"width\":1600,\"height\":1071},{\"@type\":\"BreadcrumbList\",\"@id\":\"https:\\\/\\\/kibrisdakik.com\\\/?p=14346#breadcrumb\",\"itemListElement\":[{\"@type\":\"ListItem\",\"position\":1,\"name\":\"Home\",\"item\":\"https:\\\/\\\/kibrisdakik.com\\\/\"},{\"@type\":\"ListItem\",\"position\":2,\"name\":\"\u00c7al\u0131\u015fma ve Sosyal G\u00fcvenlik Bakan\u0131 Gardiyano\u011flu, KTMMOB\u2019yi ziyaret etti\"}]},{\"@type\":\"WebSite\",\"@id\":\"https:\\\/\\\/kibrisdakik.com\\\/#website\",\"url\":\"https:\\\/\\\/kibrisdakik.com\\\/\",\"name\":\"\",\"description\":\"Tam vaktinde haber\",\"potentialAction\":[{\"@type\":\"SearchAction\",\"target\":{\"@type\":\"EntryPoint\",\"urlTemplate\":\"https:\\\/\\\/kibrisdakik.com\\\/?s={search_term_string}\"},\"query-input\":{\"@type\":\"PropertyValueSpecification\",\"valueRequired\":true,\"valueName\":\"search_term_string\"}}],\"inLanguage\":\"tr\"},{\"@type\":\"Person\",\"@id\":\"https:\\\/\\\/kibrisdakik.com\\\/#\\\/schema\\\/person\\\/9cd9d437bbb44f72b73ba127e06d8e79\",\"name\":\"admin\",\"image\":{\"@type\":\"ImageObject\",\"inLanguage\":\"tr\",\"@id\":\"https:\\\/\\\/secure.gravatar.com\\\/avatar\\\/ccc17943b9d660506c869530f897617f7cb1c21a4bf30023f252596d83e1f007?s=96&d=mm&r=g\",\"url\":\"https:\\\/\\\/secure.gravatar.com\\\/avatar\\\/ccc17943b9d660506c869530f897617f7cb1c21a4bf30023f252596d83e1f007?s=96&d=mm&r=g\",\"contentUrl\":\"https:\\\/\\\/secure.gravatar.com\\\/avatar\\\/ccc17943b9d660506c869530f897617f7cb1c21a4bf30023f252596d83e1f007?s=96&d=mm&r=g\",\"caption\":\"admin\"},\"sameAs\":[\"https:\\\/\\\/kibrisdakik.com\"],\"url\":\"https:\\\/\\\/kibrisdakik.com\\\/?author=1\"}]}<\/script>\n<!-- \/ Yoast SEO plugin. -->","yoast_head_json":{"title":"\u00c7al\u0131\u015fma ve Sosyal G\u00fcvenlik Bakan\u0131 Gardiyano\u011flu, KTMMOB\u2019yi ziyaret etti -","robots":{"index":"index","follow":"follow","max-snippet":"max-snippet:-1","max-image-preview":"max-image-preview:large","max-video-preview":"max-video-preview:-1"},"canonical":"https:\/\/kibrisdakik.com\/?p=14346","og_locale":"tr_TR","og_type":"article","og_title":"\u00c7al\u0131\u015fma ve Sosyal G\u00fcvenlik Bakan\u0131 Gardiyano\u011flu, KTMMOB\u2019yi ziyaret etti -","og_description":"\u00c7al\u0131\u015fma ve Sosyal G\u00fcvenlik Bakan\u0131 Sad\u0131k Gardiyano\u011flu ve beraberindeki heyet, K\u0131br\u0131s T\u00fcrk M\u00fchendis ve Mimar Odalar\u0131 Birli\u011fi\u2019ni (KTMMOB) ziyaret etti. KTMMOB\u2019den yap\u0131lan a\u00e7\u0131klamaya g\u00f6re, Birlik binas\u0131nda d\u00fcn yap\u0131lan toplant\u0131ya, KTMMOB Genel Ba\u015fkan\u0131 Tun\u00e7 Adan\u0131r ve Y\u00f6netim Kurulu \u00fcyeleri kat\u0131ld\u0131. -Adan\u0131r: \u201cDevlette teknik donan\u0131ml\u0131 ki\u015filerin olmas\u0131 bizim i\u00e7in ileti\u015fim a\u00e7\u0131s\u0131ndan \u00f6nemlidir\u201d KTMMOB Genel Ba\u015fkan\u0131 Tun\u00e7 Adan\u0131r","og_url":"https:\/\/kibrisdakik.com\/?p=14346","article_published_time":"2023-09-23T15:50:56+00:00","og_image":[{"width":1600,"height":1071,"url":"https:\/\/kibrisdakik.com\/wp-content\/uploads\/2023\/09\/ktmmob-sadik-gardiyanoglu-ziyaret-1--740x420.jpeg","type":"image\/jpeg"}],"author":"admin","twitter_card":"summary_large_image","twitter_misc":{"Yazan:":"admin","Tahmini okuma s\u00fcresi":"5 dakika"},"schema":{"@context":"https:\/\/schema.org","@graph":[{"@type":"Article","@id":"https:\/\/kibrisdakik.com\/?p=14346#article","isPartOf":{"@id":"https:\/\/kibrisdakik.com\/?p=14346"},"author":{"name":"admin","@id":"https:\/\/kibrisdakik.com\/#\/schema\/person\/9cd9d437bbb44f72b73ba127e06d8e79"},"headline":"\u00c7al\u0131\u015fma ve Sosyal G\u00fcvenlik Bakan\u0131 Gardiyano\u011flu, KTMMOB\u2019yi ziyaret etti","datePublished":"2023-09-23T15:50:56+00:00","mainEntityOfPage":{"@id":"https:\/\/kibrisdakik.com\/?p=14346"},"wordCount":963,"commentCount":0,"image":{"@id":"https:\/\/kibrisdakik.com\/?p=14346#primaryimage"},"thumbnailUrl":"https:\/\/kibrisdakik.com\/wp-content\/uploads\/2023\/09\/ktmmob-sadik-gardiyanoglu-ziyaret-1--740x420.jpeg","articleSection":["G\u00fcndem"],"inLanguage":"tr","potentialAction":[{"@type":"CommentAction","name":"Comment","target":["https:\/\/kibrisdakik.com\/?p=14346#respond"]}]},{"@type":"WebPage","@id":"https:\/\/kibrisdakik.com\/?p=14346","url":"https:\/\/kibrisdakik.com\/?p=14346","name":"\u00c7al\u0131\u015fma ve Sosyal G\u00fcvenlik Bakan\u0131 Gardiyano\u011flu, KTMMOB\u2019yi ziyaret etti -","isPartOf":{"@id":"https:\/\/kibrisdakik.com\/#website"},"primaryImageOfPage":{"@id":"https:\/\/kibrisdakik.com\/?p=14346#primaryimage"},"image":{"@id":"https:\/\/kibrisdakik.com\/?p=14346#primaryimage"},"thumbnailUrl":"https:\/\/kibrisdakik.com\/wp-content\/uploads\/2023\/09\/ktmmob-sadik-gardiyanoglu-ziyaret-1--740x420.jpeg","datePublished":"2023-09-23T15:50:56+00:00","author":{"@id":"https:\/\/kibrisdakik.com\/#\/schema\/person\/9cd9d437bbb44f72b73ba127e06d8e79"},"breadcrumb":{"@id":"https:\/\/kibrisdakik.com\/?p=14346#breadcrumb"},"inLanguage":"tr","potentialAction":[{"@type":"ReadAction","target":["https:\/\/kibrisdakik.com\/?p=14346"]}]},{"@type":"ImageObject","inLanguage":"tr","@id":"https:\/\/kibrisdakik.com\/?p=14346#primaryimage","url":"https:\/\/kibrisdakik.com\/wp-content\/uploads\/2023\/09\/ktmmob-sadik-gardiyanoglu-ziyaret-1--740x420.jpeg","contentUrl":"https:\/\/kibrisdakik.com\/wp-content\/uploads\/2023\/09\/ktmmob-sadik-gardiyanoglu-ziyaret-1--740x420.jpeg","width":1600,"height":1071},{"@type":"BreadcrumbList","@id":"https:\/\/kibrisdakik.com\/?p=14346#breadcrumb","itemListElement":[{"@type":"ListItem","position":1,"name":"Home","item":"https:\/\/kibrisdakik.com\/"},{"@type":"ListItem","position":2,"name":"\u00c7al\u0131\u015fma ve Sosyal G\u00fcvenlik Bakan\u0131 Gardiyano\u011flu, KTMMOB\u2019yi ziyaret etti"}]},{"@type":"WebSite","@id":"https:\/\/kibrisdakik.com\/#website","url":"https:\/\/kibrisdakik.com\/","name":"","description":"Tam vaktinde haber","potentialAction":[{"@type":"SearchAction","target":{"@type":"EntryPoint","urlTemplate":"https:\/\/kibrisdakik.com\/?s={search_term_string}"},"query-input":{"@type":"PropertyValueSpecification","valueRequired":true,"valueName":"search_term_string"}}],"inLanguage":"tr"},{"@type":"Person","@id":"https:\/\/kibrisdakik.com\/#\/schema\/person\/9cd9d437bbb44f72b73ba127e06d8e79","name":"admin","image":{"@type":"ImageObject","inLanguage":"tr","@id":"https:\/\/secure.gravatar.com\/avatar\/ccc17943b9d660506c869530f897617f7cb1c21a4bf30023f252596d83e1f007?s=96&d=mm&r=g","url":"https:\/\/secure.gravatar.com\/avatar\/ccc17943b9d660506c869530f897617f7cb1c21a4bf30023f252596d83e1f007?s=96&d=mm&r=g","contentUrl":"https:\/\/secure.gravatar.com\/avatar\/ccc17943b9d660506c869530f897617f7cb1c21a4bf30023f252596d83e1f007?s=96&d=mm&r=g","caption":"admin"},"sameAs":["https:\/\/kibrisdakik.com"],"url":"https:\/\/kibrisdakik.com\/?author=1"}]}},"_links":{"self":[{"href":"https:\/\/kibrisdakik.com\/index.php?rest_route=\/wp\/v2\/posts\/14346","targetHints":{"allow":["GET"]}}],"collection":[{"href":"https:\/\/kibrisdakik.com\/index.php?rest_route=\/wp\/v2\/posts"}],"about":[{"href":"https:\/\/kibrisdakik.com\/index.php?rest_route=\/wp\/v2\/types\/post"}],"author":[{"embeddable":true,"href":"https:\/\/kibrisdakik.com\/index.php?rest_route=\/wp\/v2\/users\/1"}],"replies":[{"embeddable":true,"href":"https:\/\/kibrisdakik.com\/index.php?rest_route=%2Fwp%2Fv2%2Fcomments&post=14346"}],"version-history":[{"count":0,"href":"https:\/\/kibrisdakik.com\/index.php?rest_route=\/wp\/v2\/posts\/14346\/revisions"}],"wp:featuredmedia":[{"embeddable":true,"href":"https:\/\/kibrisdakik.com\/index.php?rest_route=\/wp\/v2\/media\/14347"}],"wp:attachment":[{"href":"https:\/\/kibrisdakik.com\/index.php?rest_route=%2Fwp%2Fv2%2Fmedia&parent=14346"}],"wp:term":[{"taxonomy":"category","embeddable":true,"href":"https:\/\/kibrisdakik.com\/index.php?rest_route=%2Fwp%2Fv2%2Fcategories&post=14346"},{"taxonomy":"post_tag","embeddable":true,"href":"https:\/\/kibrisdakik.com\/index.php?rest_route=%2Fwp%2Fv2%2Ftags&post=14346"}],"curies":[{"name":"wp","href":"https:\/\/api.w.org\/{rel}","templated":true}]}}