{"id":14358,"date":"2023-09-23T18:35:23","date_gmt":"2023-09-23T18:35:23","guid":{"rendered":"https:\/\/kibrisdakik.com\/index.php\/2023\/09\/23\/televizyon-kisa-devre-yapti-yangin-cikti\/"},"modified":"2023-09-23T18:35:23","modified_gmt":"2023-09-23T18:35:23","slug":"televizyon-kisa-devre-yapti-yangin-cikti","status":"publish","type":"post","link":"https:\/\/kibrisdakik.com\/?p=14358","title":{"rendered":"Televizyon k\u0131sa devre yapt\u0131, yang\u0131n \u00e7\u0131kt\u0131"},"content":{"rendered":"<p><\/p>\n<div>\n<div class=\"mariselle-image-container center\">\n                <img width=\"1600\" height=\"1201\" class=\"lazy-image\" alt=\"\" decoding=\"async\" loading=\"lazy\" sizes=\"auto, (max-width: 1600px) 100vw, 1600px\" src=\"https:\/\/brtk.net\/wp-content\/uploads\/2023\/09\/23\/img-20230923-wa0003.jpg?ver=3c5326602477e01b53ccfb2dada3557e\" srcset=\"https:\/\/brtk.net\/wp-content\/uploads\/2023\/09\/23\/img-20230923-wa0003.jpg?ver=3c5326602477e01b53ccfb2dada3557e 1600w, https:\/\/brtk.net\/wp-content\/uploads\/2023\/09\/23\/img-20230923-wa0003-300x225.jpg?ver=3c5326602477e01b53ccfb2dada3557e 300w, https:\/\/brtk.net\/wp-content\/uploads\/2023\/09\/23\/img-20230923-wa0003-1024x769.jpg?ver=3c5326602477e01b53ccfb2dada3557e 1024w, https:\/\/brtk.net\/wp-content\/uploads\/2023\/09\/23\/img-20230923-wa0003-768x576.jpg?ver=36866787005a2a3040f566dd8d925525 768w, https:\/\/brtk.net\/wp-content\/uploads\/2023\/09\/23\/img-20230923-wa0003-1536x1153.jpg?ver=36866787005a2a3040f566dd8d925525 1536w\"\/>                            <\/div>\n<p>Polis Bas\u0131n Subayl\u0131\u011f\u0131\u2019ndan verilen bilgiye g\u00f6re saat 18.00 s\u0131ralar\u0131nda, Gazima\u011fusa\u2019da \u00d6t\u00fcken Sokak \u00fczerinde bulunan bir ikametgah\u0131n salon k\u0131sm\u0131 i\u00e7erisinde, televizyonun k\u0131sa devre yapmas\u0131 sonucu yang\u0131n meydana geldi.<\/p>\n<p> Yang\u0131n itfaiye ekipleri taraf\u0131ndan s\u00f6nd\u00fcr\u00fcld\u00fc. <\/p>\n<p>\u00c7\u0131kan yang\u0131n sonucu, oda i\u00e7erisinde bulunan televizyon, klima i\u00e7 \u00fcnitesi, koltuk tak\u0131m\u0131, yemek masas\u0131 ve sandalyeler, su sebili, 4  kap\u0131, 2 pencere ile elektrik tesisat\u0131 yanarak zarar g\u00f6r\u00fcrken, di\u011fer odalar islenmek suretiyle zarar g\u00f6rm\u00fc\u015ft\u00fcr.<\/p>\n<p>Polisin olayla ilgili soru\u015fturmas\u0131 devam etmektedir.<\/p>\n<p>PGM\/<a href=\"https:\/\/brtk.net\/\">BRT<\/a><\/p>\n<\/p><\/div>\n<p><script async\n                    defer\n                    crossorigin=\"anonymous\"\n                    src=\"https:\/\/connect.facebook.net\/tr_TR\/sdk.js#xfbml=1&#038;version=v3.3\"\n            ><\/script><\/p>\n","protected":false},"excerpt":{"rendered":"<p>Polis Bas\u0131n Subayl\u0131\u011f\u0131\u2019ndan verilen bilgiye g\u00f6re saat 18.00 s\u0131ralar\u0131nda, Gazima\u011fusa\u2019da \u00d6t\u00fcken Sokak \u00fczerinde bulunan bir ikametgah\u0131n salon k\u0131sm\u0131 i\u00e7erisinde, televizyonun k\u0131sa devre yapmas\u0131 sonucu yang\u0131n meydana geldi. Yang\u0131n itfaiye ekipleri taraf\u0131ndan s\u00f6nd\u00fcr\u00fcld\u00fc. \u00c7\u0131kan yang\u0131n sonucu, oda i\u00e7erisinde bulunan televizyon, klima i\u00e7 \u00fcnitesi, koltuk tak\u0131m\u0131, yemek masas\u0131 ve sandalyeler, su sebili, 4 kap\u0131, 2 pencere ile<\/p>\n","protected":false},"author":1,"featured_media":14359,"comment_status":"open","ping_status":"open","sticky":false,"template":"","format":"standard","meta":{"footnotes":""},"categories":[1],"tags":[],"class_list":["post-14358","post","type-post","status-publish","format-standard","has-post-thumbnail","hentry","category-gundem"],"yoast_head":"<!-- This site is optimized with the Yoast SEO plugin v27.5 - https:\/\/yoast.com\/product\/yoast-seo-wordpress\/ -->\n<title>Televizyon k\u0131sa devre yapt\u0131, yang\u0131n \u00e7\u0131kt\u0131 -<\/title>\n<meta name=\"robots\" content=\"index, follow, max-snippet:-1, max-image-preview:large, max-video-preview:-1\" \/>\n<link rel=\"canonical\" href=\"https:\/\/kibrisdakik.com\/?p=14358\" \/>\n<meta property=\"og:locale\" content=\"tr_TR\" \/>\n<meta property=\"og:type\" content=\"article\" \/>\n<meta property=\"og:title\" content=\"Televizyon k\u0131sa devre yapt\u0131, yang\u0131n \u00e7\u0131kt\u0131 -\" \/>\n<meta property=\"og:description\" content=\"Polis Bas\u0131n Subayl\u0131\u011f\u0131\u2019ndan verilen bilgiye g\u00f6re saat 18.00 s\u0131ralar\u0131nda, Gazima\u011fusa\u2019da \u00d6t\u00fcken Sokak \u00fczerinde bulunan bir ikametgah\u0131n salon k\u0131sm\u0131 i\u00e7erisinde, televizyonun k\u0131sa devre yapmas\u0131 sonucu yang\u0131n meydana geldi. Yang\u0131n itfaiye ekipleri taraf\u0131ndan s\u00f6nd\u00fcr\u00fcld\u00fc. \u00c7\u0131kan yang\u0131n sonucu, oda i\u00e7erisinde bulunan televizyon, klima i\u00e7 \u00fcnitesi, koltuk tak\u0131m\u0131, yemek masas\u0131 ve sandalyeler, su sebili, 4 kap\u0131, 2 pencere ile\" \/>\n<meta property=\"og:url\" content=\"https:\/\/kibrisdakik.com\/?p=14358\" \/>\n<meta property=\"article:published_time\" content=\"2023-09-23T18:35:23+00:00\" \/>\n<meta property=\"og:image\" content=\"https:\/\/kibrisdakik.com\/wp-content\/uploads\/2023\/09\/img-20230923-wa0003-740x420.jpg\" \/>\n\t<meta property=\"og:image:width\" content=\"1600\" \/>\n\t<meta property=\"og:image:height\" content=\"1201\" \/>\n\t<meta property=\"og:image:type\" content=\"image\/jpeg\" \/>\n<meta name=\"author\" content=\"admin\" \/>\n<meta name=\"twitter:card\" content=\"summary_large_image\" \/>\n<meta name=\"twitter:label1\" content=\"Yazan:\" \/>\n\t<meta name=\"twitter:data1\" content=\"admin\" \/>\n<script type=\"application\/ld+json\" class=\"yoast-schema-graph\">{\"@context\":\"https:\\\/\\\/schema.org\",\"@graph\":[{\"@type\":\"Article\",\"@id\":\"https:\\\/\\\/kibrisdakik.com\\\/?p=14358#article\",\"isPartOf\":{\"@id\":\"https:\\\/\\\/kibrisdakik.com\\\/?p=14358\"},\"author\":{\"name\":\"admin\",\"@id\":\"https:\\\/\\\/kibrisdakik.com\\\/#\\\/schema\\\/person\\\/9cd9d437bbb44f72b73ba127e06d8e79\"},\"headline\":\"Televizyon k\u0131sa devre yapt\u0131, yang\u0131n \u00e7\u0131kt\u0131\",\"datePublished\":\"2023-09-23T18:35:23+00:00\",\"mainEntityOfPage\":{\"@id\":\"https:\\\/\\\/kibrisdakik.com\\\/?p=14358\"},\"wordCount\":107,\"commentCount\":0,\"image\":{\"@id\":\"https:\\\/\\\/kibrisdakik.com\\\/?p=14358#primaryimage\"},\"thumbnailUrl\":\"https:\\\/\\\/kibrisdakik.com\\\/wp-content\\\/uploads\\\/2023\\\/09\\\/img-20230923-wa0003-740x420.jpg\",\"articleSection\":[\"G\u00fcndem\"],\"inLanguage\":\"tr\",\"potentialAction\":[{\"@type\":\"CommentAction\",\"name\":\"Comment\",\"target\":[\"https:\\\/\\\/kibrisdakik.com\\\/?p=14358#respond\"]}]},{\"@type\":\"WebPage\",\"@id\":\"https:\\\/\\\/kibrisdakik.com\\\/?p=14358\",\"url\":\"https:\\\/\\\/kibrisdakik.com\\\/?p=14358\",\"name\":\"Televizyon k\u0131sa devre yapt\u0131, yang\u0131n \u00e7\u0131kt\u0131 -\",\"isPartOf\":{\"@id\":\"https:\\\/\\\/kibrisdakik.com\\\/#website\"},\"primaryImageOfPage\":{\"@id\":\"https:\\\/\\\/kibrisdakik.com\\\/?p=14358#primaryimage\"},\"image\":{\"@id\":\"https:\\\/\\\/kibrisdakik.com\\\/?p=14358#primaryimage\"},\"thumbnailUrl\":\"https:\\\/\\\/kibrisdakik.com\\\/wp-content\\\/uploads\\\/2023\\\/09\\\/img-20230923-wa0003-740x420.jpg\",\"datePublished\":\"2023-09-23T18:35:23+00:00\",\"author\":{\"@id\":\"https:\\\/\\\/kibrisdakik.com\\\/#\\\/schema\\\/person\\\/9cd9d437bbb44f72b73ba127e06d8e79\"},\"breadcrumb\":{\"@id\":\"https:\\\/\\\/kibrisdakik.com\\\/?p=14358#breadcrumb\"},\"inLanguage\":\"tr\",\"potentialAction\":[{\"@type\":\"ReadAction\",\"target\":[\"https:\\\/\\\/kibrisdakik.com\\\/?p=14358\"]}]},{\"@type\":\"ImageObject\",\"inLanguage\":\"tr\",\"@id\":\"https:\\\/\\\/kibrisdakik.com\\\/?p=14358#primaryimage\",\"url\":\"https:\\\/\\\/kibrisdakik.com\\\/wp-content\\\/uploads\\\/2023\\\/09\\\/img-20230923-wa0003-740x420.jpg\",\"contentUrl\":\"https:\\\/\\\/kibrisdakik.com\\\/wp-content\\\/uploads\\\/2023\\\/09\\\/img-20230923-wa0003-740x420.jpg\",\"width\":1600,\"height\":1201},{\"@type\":\"BreadcrumbList\",\"@id\":\"https:\\\/\\\/kibrisdakik.com\\\/?p=14358#breadcrumb\",\"itemListElement\":[{\"@type\":\"ListItem\",\"position\":1,\"name\":\"Home\",\"item\":\"https:\\\/\\\/kibrisdakik.com\\\/\"},{\"@type\":\"ListItem\",\"position\":2,\"name\":\"Televizyon k\u0131sa devre yapt\u0131, yang\u0131n \u00e7\u0131kt\u0131\"}]},{\"@type\":\"WebSite\",\"@id\":\"https:\\\/\\\/kibrisdakik.com\\\/#website\",\"url\":\"https:\\\/\\\/kibrisdakik.com\\\/\",\"name\":\"\",\"description\":\"Tam vaktinde haber\",\"potentialAction\":[{\"@type\":\"SearchAction\",\"target\":{\"@type\":\"EntryPoint\",\"urlTemplate\":\"https:\\\/\\\/kibrisdakik.com\\\/?s={search_term_string}\"},\"query-input\":{\"@type\":\"PropertyValueSpecification\",\"valueRequired\":true,\"valueName\":\"search_term_string\"}}],\"inLanguage\":\"tr\"},{\"@type\":\"Person\",\"@id\":\"https:\\\/\\\/kibrisdakik.com\\\/#\\\/schema\\\/person\\\/9cd9d437bbb44f72b73ba127e06d8e79\",\"name\":\"admin\",\"image\":{\"@type\":\"ImageObject\",\"inLanguage\":\"tr\",\"@id\":\"https:\\\/\\\/secure.gravatar.com\\\/avatar\\\/ccc17943b9d660506c869530f897617f7cb1c21a4bf30023f252596d83e1f007?s=96&d=mm&r=g\",\"url\":\"https:\\\/\\\/secure.gravatar.com\\\/avatar\\\/ccc17943b9d660506c869530f897617f7cb1c21a4bf30023f252596d83e1f007?s=96&d=mm&r=g\",\"contentUrl\":\"https:\\\/\\\/secure.gravatar.com\\\/avatar\\\/ccc17943b9d660506c869530f897617f7cb1c21a4bf30023f252596d83e1f007?s=96&d=mm&r=g\",\"caption\":\"admin\"},\"sameAs\":[\"https:\\\/\\\/kibrisdakik.com\"],\"url\":\"https:\\\/\\\/kibrisdakik.com\\\/?author=1\"}]}<\/script>\n<!-- \/ Yoast SEO plugin. -->","yoast_head_json":{"title":"Televizyon k\u0131sa devre yapt\u0131, yang\u0131n \u00e7\u0131kt\u0131 -","robots":{"index":"index","follow":"follow","max-snippet":"max-snippet:-1","max-image-preview":"max-image-preview:large","max-video-preview":"max-video-preview:-1"},"canonical":"https:\/\/kibrisdakik.com\/?p=14358","og_locale":"tr_TR","og_type":"article","og_title":"Televizyon k\u0131sa devre yapt\u0131, yang\u0131n \u00e7\u0131kt\u0131 -","og_description":"Polis Bas\u0131n Subayl\u0131\u011f\u0131\u2019ndan verilen bilgiye g\u00f6re saat 18.00 s\u0131ralar\u0131nda, Gazima\u011fusa\u2019da \u00d6t\u00fcken Sokak \u00fczerinde bulunan bir ikametgah\u0131n salon k\u0131sm\u0131 i\u00e7erisinde, televizyonun k\u0131sa devre yapmas\u0131 sonucu yang\u0131n meydana geldi. Yang\u0131n itfaiye ekipleri taraf\u0131ndan s\u00f6nd\u00fcr\u00fcld\u00fc. \u00c7\u0131kan yang\u0131n sonucu, oda i\u00e7erisinde bulunan televizyon, klima i\u00e7 \u00fcnitesi, koltuk tak\u0131m\u0131, yemek masas\u0131 ve sandalyeler, su sebili, 4 kap\u0131, 2 pencere ile","og_url":"https:\/\/kibrisdakik.com\/?p=14358","article_published_time":"2023-09-23T18:35:23+00:00","og_image":[{"width":1600,"height":1201,"url":"https:\/\/kibrisdakik.com\/wp-content\/uploads\/2023\/09\/img-20230923-wa0003-740x420.jpg","type":"image\/jpeg"}],"author":"admin","twitter_card":"summary_large_image","twitter_misc":{"Yazan:":"admin"},"schema":{"@context":"https:\/\/schema.org","@graph":[{"@type":"Article","@id":"https:\/\/kibrisdakik.com\/?p=14358#article","isPartOf":{"@id":"https:\/\/kibrisdakik.com\/?p=14358"},"author":{"name":"admin","@id":"https:\/\/kibrisdakik.com\/#\/schema\/person\/9cd9d437bbb44f72b73ba127e06d8e79"},"headline":"Televizyon k\u0131sa devre yapt\u0131, yang\u0131n \u00e7\u0131kt\u0131","datePublished":"2023-09-23T18:35:23+00:00","mainEntityOfPage":{"@id":"https:\/\/kibrisdakik.com\/?p=14358"},"wordCount":107,"commentCount":0,"image":{"@id":"https:\/\/kibrisdakik.com\/?p=14358#primaryimage"},"thumbnailUrl":"https:\/\/kibrisdakik.com\/wp-content\/uploads\/2023\/09\/img-20230923-wa0003-740x420.jpg","articleSection":["G\u00fcndem"],"inLanguage":"tr","potentialAction":[{"@type":"CommentAction","name":"Comment","target":["https:\/\/kibrisdakik.com\/?p=14358#respond"]}]},{"@type":"WebPage","@id":"https:\/\/kibrisdakik.com\/?p=14358","url":"https:\/\/kibrisdakik.com\/?p=14358","name":"Televizyon k\u0131sa devre yapt\u0131, yang\u0131n \u00e7\u0131kt\u0131 -","isPartOf":{"@id":"https:\/\/kibrisdakik.com\/#website"},"primaryImageOfPage":{"@id":"https:\/\/kibrisdakik.com\/?p=14358#primaryimage"},"image":{"@id":"https:\/\/kibrisdakik.com\/?p=14358#primaryimage"},"thumbnailUrl":"https:\/\/kibrisdakik.com\/wp-content\/uploads\/2023\/09\/img-20230923-wa0003-740x420.jpg","datePublished":"2023-09-23T18:35:23+00:00","author":{"@id":"https:\/\/kibrisdakik.com\/#\/schema\/person\/9cd9d437bbb44f72b73ba127e06d8e79"},"breadcrumb":{"@id":"https:\/\/kibrisdakik.com\/?p=14358#breadcrumb"},"inLanguage":"tr","potentialAction":[{"@type":"ReadAction","target":["https:\/\/kibrisdakik.com\/?p=14358"]}]},{"@type":"ImageObject","inLanguage":"tr","@id":"https:\/\/kibrisdakik.com\/?p=14358#primaryimage","url":"https:\/\/kibrisdakik.com\/wp-content\/uploads\/2023\/09\/img-20230923-wa0003-740x420.jpg","contentUrl":"https:\/\/kibrisdakik.com\/wp-content\/uploads\/2023\/09\/img-20230923-wa0003-740x420.jpg","width":1600,"height":1201},{"@type":"BreadcrumbList","@id":"https:\/\/kibrisdakik.com\/?p=14358#breadcrumb","itemListElement":[{"@type":"ListItem","position":1,"name":"Home","item":"https:\/\/kibrisdakik.com\/"},{"@type":"ListItem","position":2,"name":"Televizyon k\u0131sa devre yapt\u0131, yang\u0131n \u00e7\u0131kt\u0131"}]},{"@type":"WebSite","@id":"https:\/\/kibrisdakik.com\/#website","url":"https:\/\/kibrisdakik.com\/","name":"","description":"Tam vaktinde haber","potentialAction":[{"@type":"SearchAction","target":{"@type":"EntryPoint","urlTemplate":"https:\/\/kibrisdakik.com\/?s={search_term_string}"},"query-input":{"@type":"PropertyValueSpecification","valueRequired":true,"valueName":"search_term_string"}}],"inLanguage":"tr"},{"@type":"Person","@id":"https:\/\/kibrisdakik.com\/#\/schema\/person\/9cd9d437bbb44f72b73ba127e06d8e79","name":"admin","image":{"@type":"ImageObject","inLanguage":"tr","@id":"https:\/\/secure.gravatar.com\/avatar\/ccc17943b9d660506c869530f897617f7cb1c21a4bf30023f252596d83e1f007?s=96&d=mm&r=g","url":"https:\/\/secure.gravatar.com\/avatar\/ccc17943b9d660506c869530f897617f7cb1c21a4bf30023f252596d83e1f007?s=96&d=mm&r=g","contentUrl":"https:\/\/secure.gravatar.com\/avatar\/ccc17943b9d660506c869530f897617f7cb1c21a4bf30023f252596d83e1f007?s=96&d=mm&r=g","caption":"admin"},"sameAs":["https:\/\/kibrisdakik.com"],"url":"https:\/\/kibrisdakik.com\/?author=1"}]}},"_links":{"self":[{"href":"https:\/\/kibrisdakik.com\/index.php?rest_route=\/wp\/v2\/posts\/14358","targetHints":{"allow":["GET"]}}],"collection":[{"href":"https:\/\/kibrisdakik.com\/index.php?rest_route=\/wp\/v2\/posts"}],"about":[{"href":"https:\/\/kibrisdakik.com\/index.php?rest_route=\/wp\/v2\/types\/post"}],"author":[{"embeddable":true,"href":"https:\/\/kibrisdakik.com\/index.php?rest_route=\/wp\/v2\/users\/1"}],"replies":[{"embeddable":true,"href":"https:\/\/kibrisdakik.com\/index.php?rest_route=%2Fwp%2Fv2%2Fcomments&post=14358"}],"version-history":[{"count":0,"href":"https:\/\/kibrisdakik.com\/index.php?rest_route=\/wp\/v2\/posts\/14358\/revisions"}],"wp:featuredmedia":[{"embeddable":true,"href":"https:\/\/kibrisdakik.com\/index.php?rest_route=\/wp\/v2\/media\/14359"}],"wp:attachment":[{"href":"https:\/\/kibrisdakik.com\/index.php?rest_route=%2Fwp%2Fv2%2Fmedia&parent=14358"}],"wp:term":[{"taxonomy":"category","embeddable":true,"href":"https:\/\/kibrisdakik.com\/index.php?rest_route=%2Fwp%2Fv2%2Fcategories&post=14358"},{"taxonomy":"post_tag","embeddable":true,"href":"https:\/\/kibrisdakik.com\/index.php?rest_route=%2Fwp%2Fv2%2Ftags&post=14358"}],"curies":[{"name":"wp","href":"https:\/\/api.w.org\/{rel}","templated":true}]}}