{"id":14368,"date":"2023-09-23T20:55:16","date_gmt":"2023-09-23T20:55:16","guid":{"rendered":"https:\/\/kibrisdakik.com\/index.php\/2023\/09\/23\/tatarfederal-temelde-bir-anlasma-zemininin-artik-hicbir-hukmu-kalmadi\/"},"modified":"2023-09-23T20:55:16","modified_gmt":"2023-09-23T20:55:16","slug":"tatarfederal-temelde-bir-anlasma-zemininin-artik-hicbir-hukmu-kalmadi","status":"publish","type":"post","link":"https:\/\/kibrisdakik.com\/?p=14368","title":{"rendered":"Tatar:Federal temelde bir anla\u015fma zemininin art\u0131k hi\u00e7bir h\u00fckm\u00fc kalmad\u0131"},"content":{"rendered":"<p><\/p>\n<div>\n<div class=\"mariselle-image-container center\">\n                <img width=\"1080\" height=\"476\" class=\"lazy-image\" alt=\"\" decoding=\"async\" loading=\"lazy\" sizes=\"auto, (max-width: 1080px) 100vw, 1080px\" src=\"https:\/\/brtk.net\/wp-content\/uploads\/2023\/09\/23\/Screenshot_20230923_221313_Facebook.jpg?ver=03eae9b7073929ca12acc2ebdf867d3b\" srcset=\"https:\/\/brtk.net\/wp-content\/uploads\/2023\/09\/23\/Screenshot_20230923_221313_Facebook.jpg?ver=03eae9b7073929ca12acc2ebdf867d3b 1080w, https:\/\/brtk.net\/wp-content\/uploads\/2023\/09\/23\/Screenshot_20230923_221313_Facebook-300x132.jpg?ver=03eae9b7073929ca12acc2ebdf867d3b 300w, https:\/\/brtk.net\/wp-content\/uploads\/2023\/09\/23\/Screenshot_20230923_221313_Facebook-1024x451.jpg?ver=491079341737beae17b0b54f2495f01d 1024w, https:\/\/brtk.net\/wp-content\/uploads\/2023\/09\/23\/Screenshot_20230923_221313_Facebook-768x338.jpg?ver=491079341737beae17b0b54f2495f01d 768w\"\/>                            <\/div>\n<p>Cumhurba\u015fkan\u0131 <a href=\"https:\/\/brtk.net\/\" target=\"_blank\" rel=\"noopener\">Ersin <\/a><a href=\"https:\/\/brtk.net\/\"\/><a href=\"https:\/\/brtk.net\/\"\/><a href=\"https:\/\/brtk.net\/\"\/><a href=\"https:\/\/brtk.net\/\"\/><a href=\"https:\/\/brtk.net\/\"\/><a href=\"https:\/\/brtk.net\/\"\/><a href=\"https:\/\/brtk.net\/\"\/><a href=\"https:\/\/brtk.net\/\"\/><a href=\"https:\/\/brtk.net\/\"\/><a href=\"https:\/\/brtk.net\/\"\/><a href=\"https:\/\/brtk.net\/\"\/><a href=\"https:\/\/brtk.net\/\"\/><a href=\"https:\/\/brtk.net\/\"\/><a href=\"https:\/\/brtk.net\/\"\/><a href=\"https:\/\/brtk.net\/\">Tatar<\/a>, ancak K\u0131br\u0131s\u2019ta iki devlet temelinde bir anla\u015fma i\u00e7in m\u00fczakere masas\u0131na otuabileceklerini Birle\u015fmi\u015f Milletler (BM) Genel Sekreteri Antonio Guterres\u2019e ilettiklerini s\u00f6yledi.<\/p>\n<p>Cumhurba\u015fkan\u0131 <a href=\"https:\/\/brtk.net\/\"\/><a href=\"https:\/\/brtk.net\/\"\/><a href=\"https:\/\/brtk.net\/\"\/><a href=\"https:\/\/brtk.net\/\"\/><a href=\"https:\/\/brtk.net\/\"\/><a href=\"https:\/\/brtk.net\/\"\/><a href=\"https:\/\/brtk.net\/\"\/><a href=\"https:\/\/brtk.net\/\"\/><a href=\"https:\/\/brtk.net\/\"\/><a href=\"https:\/\/brtk.net\/\"\/><a href=\"https:\/\/brtk.net\/\"\/><a href=\"https:\/\/brtk.net\/\"\/><a href=\"https:\/\/brtk.net\/\"\/><a href=\"https:\/\/brtk.net\/\"\/><a href=\"https:\/\/brtk.net\/\">Tatar<\/a>, New York\u2019ta BM Genel Sekreteri Antonio Guterres ile yapt\u0131\u011f\u0131 g\u00f6r\u00fc\u015fmenin ard\u0131ndan T\u00fcrkevi\u2019nde gazetecilere a\u00e7\u0131klamalarda bulundu ve sorular\u0131 yan\u0131tlad\u0131.<\/p>\n<p>\u201cK\u0131br\u0131s\u2019ta bir anla\u015fma olacaksa iki devlet temelinde olacak\u201d diyen <a href=\"https:\/\/brtk.net\/\"\/><a href=\"https:\/\/brtk.net\/\"\/><a href=\"https:\/\/brtk.net\/\"\/><a href=\"https:\/\/brtk.net\/\"\/><a href=\"https:\/\/brtk.net\/\"\/><a href=\"https:\/\/brtk.net\/\"\/><a href=\"https:\/\/brtk.net\/\"\/><a href=\"https:\/\/brtk.net\/\"\/><a href=\"https:\/\/brtk.net\/\"\/><a href=\"https:\/\/brtk.net\/\"\/><a href=\"https:\/\/brtk.net\/\"\/><a href=\"https:\/\/brtk.net\/\"\/><a href=\"https:\/\/brtk.net\/\"\/><a href=\"https:\/\/brtk.net\/\"\/><a href=\"https:\/\/brtk.net\/\">Tatar<\/a>, bunun kabul\u00fc durumunda resmi m\u00fczakerelerde oturup K\u0131br\u0131s meslesinin \u00e7e\u015fitli boyutlar\u0131n\u0131 g\u00f6r\u00fc\u015febileceklerini Genel Sekreter Guterres\u2019e ilettiklerini s\u00f6ylediklerini aktard\u0131.<\/p>\n<p>Garant\u00f6r \u00fclke T\u00fcrkiye ile birlikte bu yeni siyasetin y\u00fcr\u00fct\u00fclmekte oldu\u011funu kaydeden <a href=\"https:\/\/brtk.net\/\"\/><a href=\"https:\/\/brtk.net\/\"\/><a href=\"https:\/\/brtk.net\/\"\/><a href=\"https:\/\/brtk.net\/\"\/><a href=\"https:\/\/brtk.net\/\"\/><a href=\"https:\/\/brtk.net\/\"\/><a href=\"https:\/\/brtk.net\/\"\/><a href=\"https:\/\/brtk.net\/\"\/><a href=\"https:\/\/brtk.net\/\"\/><a href=\"https:\/\/brtk.net\/\"\/><a href=\"https:\/\/brtk.net\/\"\/><a href=\"https:\/\/brtk.net\/\"\/><a href=\"https:\/\/brtk.net\/\"\/><a href=\"https:\/\/brtk.net\/\"\/><a href=\"https:\/\/brtk.net\/\">Tatar<\/a>, T\u00fcrkiye Cumhurba\u015fkan\u0131 Recep Tayyip Erdo\u011fan\u2019\u0131n da ge\u00e7en y\u0131l oldu\u011fu gibi bu y\u0131l da BM Genel Kurulu\u2019nda yapt\u0131\u011f\u0131 konu\u015fmada, ancak bu \u015fartlarda bir anla\u015fman\u0131n K\u0131brs\u2019ta m\u00fcmk\u00fcn olaca\u011f\u0131n\u0131 vurgulad\u0131\u011f\u0131n\u0131 hat\u0131rlatt\u0131.<\/p>\n<p><a href=\"https:\/\/brtk.net\/\"\/><a href=\"https:\/\/brtk.net\/\"\/><a href=\"https:\/\/brtk.net\/\"\/><a href=\"https:\/\/brtk.net\/\"\/><a href=\"https:\/\/brtk.net\/\"\/><a href=\"https:\/\/brtk.net\/\"\/><a href=\"https:\/\/brtk.net\/\"\/><a href=\"https:\/\/brtk.net\/\"\/><a href=\"https:\/\/brtk.net\/\"\/><a href=\"https:\/\/brtk.net\/\"\/><a href=\"https:\/\/brtk.net\/\"\/><a href=\"https:\/\/brtk.net\/\"\/><a href=\"https:\/\/brtk.net\/\"\/><a href=\"https:\/\/brtk.net\/\"\/><a href=\"https:\/\/brtk.net\/\">Tatar<\/a>, bununla birlikte, esas m\u00fczakere masas\u0131n\u0131 bir kenara b\u0131rak\u0131p, iki taraf aras\u0131nda i\u015fbirli\u011fi ve g\u00fcven tesisi i\u00e7in T\u00fcrk taraf\u0131n\u0131n daha \u00f6nce yapt\u0131\u011f\u0131 \u00f6nerilerle de ilgili olarak, Rum taraf\u0131n\u0131n kabul etmesi halinde \u00fc\u00e7l\u00fc g\u00f6r\u00fc\u015fme yap\u0131labilece\u011fini kaydetti.<\/p>\n<div class=\"mariselle-image-container center\">\n                <img width=\"1600\" height=\"737\" class=\"lazy-image\" alt=\"\" decoding=\"async\" loading=\"lazy\" sizes=\"auto, (max-width: 1600px) 100vw, 1600px\" src=\"https:\/\/brtk.net\/wp-content\/uploads\/2023\/09\/23\/tatar-guterres-23-aa.jpg?ver=4b2ad1a8b373f58f5288f5bdb28b0628\" srcset=\"https:\/\/brtk.net\/wp-content\/uploads\/2023\/09\/23\/tatar-guterres-23-aa.jpg?ver=4b2ad1a8b373f58f5288f5bdb28b0628 1600w, https:\/\/brtk.net\/wp-content\/uploads\/2023\/09\/23\/tatar-guterres-23-aa-300x138.jpg?ver=4b2ad1a8b373f58f5288f5bdb28b0628 300w, https:\/\/brtk.net\/wp-content\/uploads\/2023\/09\/23\/tatar-guterres-23-aa-1024x472.jpg?ver=4b2ad1a8b373f58f5288f5bdb28b0628 1024w, https:\/\/brtk.net\/wp-content\/uploads\/2023\/09\/23\/tatar-guterres-23-aa-768x354.jpg?ver=4b2ad1a8b373f58f5288f5bdb28b0628 768w, https:\/\/brtk.net\/wp-content\/uploads\/2023\/09\/23\/tatar-guterres-23-aa-1536x708.jpg?ver=39ca26a0c87bf0e5d2d199278bb5b134 1536w\"\/>                            <\/div>\n<p><a href=\"https:\/\/brtk.net\/\"\/><a href=\"https:\/\/brtk.net\/\"\/><a href=\"https:\/\/brtk.net\/\"\/><a href=\"https:\/\/brtk.net\/\"\/><a href=\"https:\/\/brtk.net\/\"\/><a href=\"https:\/\/brtk.net\/\"\/><a href=\"https:\/\/brtk.net\/\"\/><a href=\"https:\/\/brtk.net\/\"\/><a href=\"https:\/\/brtk.net\/\"\/><a href=\"https:\/\/brtk.net\/\"\/><a href=\"https:\/\/brtk.net\/\"\/><a href=\"https:\/\/brtk.net\/\"\/><a href=\"https:\/\/brtk.net\/\"\/><a href=\"https:\/\/brtk.net\/\"\/><a href=\"https:\/\/brtk.net\/\">Tatar<\/a>, konu\u015fmas\u0131nda \u015fu ifadeleri kulland\u0131:<\/p>\n<p>\u201cBen Say\u0131n Genel Sekretere bunlar\u0131 anlatt\u0131ktan ve anlay\u0131\u015f g\u00f6sterdikten sonra elbette diyalog ve ileti\u015fimin fevkalade \u00f6nemli oldu\u011funu, iki taraf aras\u0131nda i\u015fbiri\u011fi ve g\u00fcven tesis edilebilmesi i\u00e7in, K\u0131br\u0131s meselesinin \u00f6z\u00fc, esas m\u00fczakere masas\u0131n\u0131 bir kenara b\u0131rak\u0131p, daha \u00f6nce de, ge\u00e7en Temmuz\u2019da g\u00fcndeme getirdi\u011fim, ada etraf\u0131naki do\u011fal kaynaklar, yenilenebilir enerji, kablo ba\u011flant\u0131s\u0131 ve d\u00fczensiz g\u00f6\u00e7, may\u0131nlar\u0131n temizli\u011fi gibi konular\u0131 ele almak \u00fczere iki e\u015ft taraf olarak, BM Genel Sekreterin ba\u015fkanl\u0131\u011f\u0131nda, iki liderin de kat\u0131labilece\u011fi \u00fc\u00e7l\u00fc g\u00f6r\u00fc\u015fmelerin yap\u0131labilece\u011fini kendisine aktard\u0131m. Kendisi de bunu ara\u015ft\u0131r\u0131m de\u011ferlendirmesini yapacakt\u0131r.  Bizim e\u015fit egemenli\u011fimiz, e\u015fit uluslararas\u0131 stat\u00fcm\u00fcz kabul edilmeden resmi m\u00fczakerelere ge\u00e7memiz m\u00fcmk\u00fcn de\u011fildir.\u201d<\/p>\n<p><a href=\"https:\/\/brtk.net\/\"\/><a href=\"https:\/\/brtk.net\/\"\/><a href=\"https:\/\/brtk.net\/\"\/><a href=\"https:\/\/brtk.net\/\"\/><a href=\"https:\/\/brtk.net\/\"\/><a href=\"https:\/\/brtk.net\/\"\/><a href=\"https:\/\/brtk.net\/\"\/><a href=\"https:\/\/brtk.net\/\"\/><a href=\"https:\/\/brtk.net\/\"\/><a href=\"https:\/\/brtk.net\/\"\/><a href=\"https:\/\/brtk.net\/\"\/><a href=\"https:\/\/brtk.net\/\"\/><a href=\"https:\/\/brtk.net\/\"\/><a href=\"https:\/\/brtk.net\/\"\/><a href=\"https:\/\/brtk.net\/\">Tatar<\/a>, G\u00fcney K\u0131br\u0131s\u2019la ticaretin gel\u015fmesi i\u00e7in kar\u015f\u0131l\u0131kl\u0131 giri\u015f-\u00e7\u0131k\u0131\u015flar\u0131n daha rahat yap\u0131labilmesi i\u00e7in Haspolat\u2019ta ticari bir kap\u0131 a\u00e7\u0131lmas\u0131 y\u00f6n\u00fcnde \u00f6nerileri oldu\u011funu da Genel Sekretere ilettiklerini belirtti. <a href=\"https:\/\/brtk.net\/\"\/><a href=\"https:\/\/brtk.net\/\"\/><a href=\"https:\/\/brtk.net\/\"\/><a href=\"https:\/\/brtk.net\/\"\/><a href=\"https:\/\/brtk.net\/\"\/><a href=\"https:\/\/brtk.net\/\"\/><a href=\"https:\/\/brtk.net\/\"\/><a href=\"https:\/\/brtk.net\/\"\/><a href=\"https:\/\/brtk.net\/\"\/><a href=\"https:\/\/brtk.net\/\"\/><a href=\"https:\/\/brtk.net\/\"\/><a href=\"https:\/\/brtk.net\/\"\/><a href=\"https:\/\/brtk.net\/\"\/><a href=\"https:\/\/brtk.net\/\"\/><a href=\"https:\/\/brtk.net\/\">Tatar<\/a>, \u201cHem metehan kap\u0131s\u0131ndaki s\u0131k\u0131\u015f\u0131kl\u0131\u011f\u0131 rahatlatmak hem de iki taraf aras\u0131nda ticareti geli\u015ftirebilmek i\u00e7in Haspolat kap\u0131s\u0131n\u0131n a\u00e7\u0131lmas\u0131n\u0131 \u00f6nerdi\u011fimde, kendisi de bunun do\u011fru bir yakla\u015f\u0131m oldu\u011funu, bunun yap\u0131lmas\u0131 gerekti\u011fini ifade etti\u201d \u015feklinde konu\u015ftu.<\/p>\n<p>\u201c<a href=\"https:\/\/brtk.net\/\">KKTC<\/a> bir yandan devlat olarak yoluna devam ederekn, di\u011fer yandan da iki devlatin i\u015fbirli\u011finde bir anla\u015fman\u0131n par\u00e7as\u0131 olabilece\u011fini Genel Sekretere tekrar ilettik\u201d diyen <a href=\"https:\/\/brtk.net\/\"\/><a href=\"https:\/\/brtk.net\/\"\/><a href=\"https:\/\/brtk.net\/\"\/><a href=\"https:\/\/brtk.net\/\"\/><a href=\"https:\/\/brtk.net\/\"\/><a href=\"https:\/\/brtk.net\/\"\/><a href=\"https:\/\/brtk.net\/\"\/><a href=\"https:\/\/brtk.net\/\"\/><a href=\"https:\/\/brtk.net\/\"\/><a href=\"https:\/\/brtk.net\/\"\/><a href=\"https:\/\/brtk.net\/\"\/><a href=\"https:\/\/brtk.net\/\"\/><a href=\"https:\/\/brtk.net\/\"\/><a href=\"https:\/\/brtk.net\/\"\/><a href=\"https:\/\/brtk.net\/\">Tatar<\/a>, \u201cy\u0131llarca bo\u015fa \u00e7\u0131km\u0131\u015f, t\u00fcketilmi\u015f ve hi\u00e7bir zaman neticelenmemi\u015f federal temelde bir anla\u015fma zemininin art\u0131k hi\u00e7bir h\u00fckm\u00fc kalmad\u0131\u011f\u0131n\u0131, \u00e7\u00fcnk\u00fc \u015fartlar\u0131n \u00e7ok de\u011fi\u015fti\u011fini, BM\u2019nin de bunu \u00e7ok iyi anlamas\u0131 gerekti\u011fini aktard\u0131k\u201d ifadelerini kulland\u0131.<\/p>\n<p>\u201cRum taraf\u0131 daha \u00f6nceki g\u00f6r\u00fc\u015fmelerde de hep oyunu bozmu\u015ftur\u201d diyen Cumhurba\u015fkan\u0131 <a href=\"https:\/\/brtk.net\/\"\/><a href=\"https:\/\/brtk.net\/\"\/><a href=\"https:\/\/brtk.net\/\"\/><a href=\"https:\/\/brtk.net\/\"\/><a href=\"https:\/\/brtk.net\/\"\/><a href=\"https:\/\/brtk.net\/\"\/><a href=\"https:\/\/brtk.net\/\"\/><a href=\"https:\/\/brtk.net\/\"\/><a href=\"https:\/\/brtk.net\/\"\/><a href=\"https:\/\/brtk.net\/\"\/><a href=\"https:\/\/brtk.net\/\"\/><a href=\"https:\/\/brtk.net\/\"\/><a href=\"https:\/\/brtk.net\/\"\/><a href=\"https:\/\/brtk.net\/\"\/><a href=\"https:\/\/brtk.net\/\">Tatar<\/a>, Rum taraf\u0131n\u0131n esas niyetinin bu meseleyi \u00fcniter bir yap\u0131ya evrimle\u015ftirebilmek oldu\u011funun alt\u0131n\u0131 \u00e7izdi.  <a href=\"https:\/\/brtk.net\/\"\/><a href=\"https:\/\/brtk.net\/\"\/><a href=\"https:\/\/brtk.net\/\"\/><a href=\"https:\/\/brtk.net\/\"\/><a href=\"https:\/\/brtk.net\/\"\/><a href=\"https:\/\/brtk.net\/\"\/><a href=\"https:\/\/brtk.net\/\"\/><a href=\"https:\/\/brtk.net\/\"\/><a href=\"https:\/\/brtk.net\/\"\/><a href=\"https:\/\/brtk.net\/\"\/><a href=\"https:\/\/brtk.net\/\"\/><a href=\"https:\/\/brtk.net\/\"\/><a href=\"https:\/\/brtk.net\/\"\/><a href=\"https:\/\/brtk.net\/\"\/><a href=\"https:\/\/brtk.net\/\">Tatar<\/a>, \u201cilk \u00f6nce belki federal model, ama T\u00fcrkiye\u2019nin olmad\u0131\u011f\u0131 bir AB i\u00e7inde esas gayeleri K\u0131brs T\u00fcrklerini asimile etmektir. S\u0131f\u0131r asker, s\u0131f\u0131r garanti ile bizleri t\u00fcketmek ve aday\u0131 tamamne bir Ynan adas\u0131 yapmak.  B\u00f6yle bir s\u00fcrece asla onay vermeyece\u011fimizi vurgulad\u0131k\u201d dedi.<\/p>\n<p>Genel Sekreter Guterres\u2019in T\u00fcrk taraf\u0131n\u0131n taleplerini anlay\u0131\u015fla dinledi\u011fini anlatan <a href=\"https:\/\/brtk.net\/\"\/><a href=\"https:\/\/brtk.net\/\"\/><a href=\"https:\/\/brtk.net\/\"\/><a href=\"https:\/\/brtk.net\/\"\/><a href=\"https:\/\/brtk.net\/\"\/><a href=\"https:\/\/brtk.net\/\"\/><a href=\"https:\/\/brtk.net\/\"\/><a href=\"https:\/\/brtk.net\/\"\/><a href=\"https:\/\/brtk.net\/\"\/><a href=\"https:\/\/brtk.net\/\"\/><a href=\"https:\/\/brtk.net\/\"\/><a href=\"https:\/\/brtk.net\/\"\/><a href=\"https:\/\/brtk.net\/\"\/><a href=\"https:\/\/brtk.net\/\"\/><a href=\"https:\/\/brtk.net\/\">Tatar<\/a> s\u00f6zlerini \u015f\u00f6yle s\u00fcrd\u00fcrd\u00fc:<\/p>\n<p>\u201c\u00d6nemli olan bunlar\u0131 hukuk zemininde yapabilmektir.  Biz b\u00fct\u00fcn bunlar\u0131 me\u015fru ve hukuk zeminine dayand\u0131r\u0131yoruz. Rumlar hi\u00e7bir zaman bizden \u00fcst\u00fcn olmamal\u0131d\u0131r. Ama K\u0131br\u0131s T\u00fcrk\u00fc oradad\u0131r. Kendi devletiyle, demokrasissiyle, kendi kurum ve kurulu\u015flar\u0131yla. \u015eimdi \u00f6nemli olan bunu ta\u00e7land\u0131rmakt\u0131r.  Bu da iki devletli \u00e7\u00f6z\u00fcm modeliyle m\u00fcmk\u00fcnd\u00fcr.\u201d<\/p>\n<p>Rum lider Hristodulidis\u2019in radikal gruplar\u0131n da deste\u011fiyle se\u00e7im kazand\u0131\u011f\u0131n\u0131, dolay\u0131s\u0131yla da akl\u0131nda olan\u0131n K\u0131br\u0131s T\u00fcrkerini \u00fcniter yap\u0131 i\u00e7ine \u00e7ekmek oldu\u011funu kaydeden <a href=\"https:\/\/brtk.net\/\"\/><a href=\"https:\/\/brtk.net\/\"\/><a href=\"https:\/\/brtk.net\/\"\/><a href=\"https:\/\/brtk.net\/\"\/><a href=\"https:\/\/brtk.net\/\"\/><a href=\"https:\/\/brtk.net\/\"\/><a href=\"https:\/\/brtk.net\/\"\/><a href=\"https:\/\/brtk.net\/\"\/><a href=\"https:\/\/brtk.net\/\"\/><a href=\"https:\/\/brtk.net\/\"\/><a href=\"https:\/\/brtk.net\/\"\/><a href=\"https:\/\/brtk.net\/\"\/><a href=\"https:\/\/brtk.net\/\"\/><a href=\"https:\/\/brtk.net\/\"\/><a href=\"https:\/\/brtk.net\/\">Tatar<\/a>, Rum liderin son \u00f6nerilerinin de samimiyetsizlik oldu\u011funu belirtti.  <a href=\"https:\/\/brtk.net\/\"\/><a href=\"https:\/\/brtk.net\/\"\/><a href=\"https:\/\/brtk.net\/\"\/><a href=\"https:\/\/brtk.net\/\"\/><a href=\"https:\/\/brtk.net\/\"\/><a href=\"https:\/\/brtk.net\/\"\/><a href=\"https:\/\/brtk.net\/\"\/><a href=\"https:\/\/brtk.net\/\"\/><a href=\"https:\/\/brtk.net\/\"\/><a href=\"https:\/\/brtk.net\/\"\/><a href=\"https:\/\/brtk.net\/\"\/><a href=\"https:\/\/brtk.net\/\"\/><a href=\"https:\/\/brtk.net\/\"\/><a href=\"https:\/\/brtk.net\/\"\/><a href=\"https:\/\/brtk.net\/\">Tatar<\/a>, \u201c<a href=\"https:\/\/brtk.net\/\">KKTC<\/a>\u2019nin varl\u0131\u011f\u0131n\u0131 inkar etmeye devam ederlerse K\u0131br\u0131s\u2019ta kal\u0131c\u0131 bir bar\u0131\u015f sa\u011flanamayacakt\u0131r\u201d \u015feklinde konu\u015ftu.<\/p>\n<div class=\"mariselle-image-container center\">\n                <img width=\"1389\" height=\"675\" class=\"lazy-image\" alt=\"\" decoding=\"async\" loading=\"lazy\" sizes=\"auto, (max-width: 1389px) 100vw, 1389px\" src=\"https:\/\/brtk.net\/wp-content\/uploads\/2023\/09\/23\/tatar-guterres-23-bbbb.jpg?ver=eae6de0dce139a1e8a056896d101dda9\" srcset=\"https:\/\/brtk.net\/wp-content\/uploads\/2023\/09\/23\/tatar-guterres-23-bbbb.jpg?ver=eae6de0dce139a1e8a056896d101dda9 1389w, https:\/\/brtk.net\/wp-content\/uploads\/2023\/09\/23\/tatar-guterres-23-bbbb-300x146.jpg?ver=eae6de0dce139a1e8a056896d101dda9 300w, https:\/\/brtk.net\/wp-content\/uploads\/2023\/09\/23\/tatar-guterres-23-bbbb-1024x498.jpg?ver=eae6de0dce139a1e8a056896d101dda9 1024w, https:\/\/brtk.net\/wp-content\/uploads\/2023\/09\/23\/tatar-guterres-23-bbbb-768x373.jpg?ver=eae6de0dce139a1e8a056896d101dda9 768w\"\/>                            <\/div>\n<p>BM\u2019nin tarafs\u0131z olmas\u0131n\u0131 beklediklerini Genel Sekretere ilettikerini kaydeden <a href=\"https:\/\/brtk.net\/\"\/><a href=\"https:\/\/brtk.net\/\"\/><a href=\"https:\/\/brtk.net\/\"\/><a href=\"https:\/\/brtk.net\/\"\/><a href=\"https:\/\/brtk.net\/\"\/><a href=\"https:\/\/brtk.net\/\"\/><a href=\"https:\/\/brtk.net\/\"\/><a href=\"https:\/\/brtk.net\/\"\/><a href=\"https:\/\/brtk.net\/\"\/><a href=\"https:\/\/brtk.net\/\"\/><a href=\"https:\/\/brtk.net\/\"\/><a href=\"https:\/\/brtk.net\/\"\/><a href=\"https:\/\/brtk.net\/\"\/><a href=\"https:\/\/brtk.net\/\"\/><a href=\"https:\/\/brtk.net\/\">Tatar<\/a>, s\u00f6zlerini \u015f\u00f6yle s\u00fcrd\u00fcrd\u00fc:<\/p>\n<p>\u201cAyn\u0131 (federal) zeminde m\u00fczakere ba\u015flatman\u0131n  hi\u00e7bir anlam\u0131 olmad\u0131\u011f\u0131n\u0131 s\u00f6yledi\u011fimizde Genel Sekreter buna anlay\u0131\u015f g\u00f6stermektediir.  Ben Genel Sekreter ile G\u00fcvenlik Konseyi aras\u0131nda bir irtibats\u0131zl\u0131k olabilece\u011fini de g\u00f6r\u00fcyorum. \u00c7\u00fcnk\u00fc Genel Sekreter ger\u00e7e\u011fi g\u00f6rm\u00fc\u015ft\u00fcr. \u00c7\u00fcnk\u00fc son 8 y\u0131lda bu konularda \u00e7ok deneyim edinmi\u015ftir, ger\u00e7ekleri g\u00f6rmektedir. \u0130n\u015fallah k\u0131sa zaman, sonra G\u00fcvenlik Konseyi de bu ger\u00e7ekleri g\u00f6recektir, g\u00f6rmeleri gerekmektedir.\u201d<\/p>\n<p><a href=\"https:\/\/brtk.net\/\"\/><a href=\"https:\/\/brtk.net\/\"\/><a href=\"https:\/\/brtk.net\/\"\/><a href=\"https:\/\/brtk.net\/\"\/><a href=\"https:\/\/brtk.net\/\"\/><a href=\"https:\/\/brtk.net\/\"\/><a href=\"https:\/\/brtk.net\/\"\/><a href=\"https:\/\/brtk.net\/\"\/><a href=\"https:\/\/brtk.net\/\"\/><a href=\"https:\/\/brtk.net\/\"\/><a href=\"https:\/\/brtk.net\/\"\/><a href=\"https:\/\/brtk.net\/\"\/><a href=\"https:\/\/brtk.net\/\"\/><a href=\"https:\/\/brtk.net\/\"\/><a href=\"https:\/\/brtk.net\/\">Tatar<\/a>, New York\u2019ta hem kendisinin hem de temsilcilerinin farkl\u0131 \u00fclkelerin temsilcileriyle de biraraya geldi\u011fini ve K\u0131br\u0131s T\u00fcrk taraf\u0131n\u0131n yeni siyasetini anlatt\u0131\u011f\u0131n\u0131 da bildirdi.<\/p>\n<\/p><\/div>\n<p><script async\n                    defer\n                    crossorigin=\"anonymous\"\n                    src=\"https:\/\/connect.facebook.net\/tr_TR\/sdk.js#xfbml=1&#038;version=v3.3\"\n            ><\/script><\/p>\n","protected":false},"excerpt":{"rendered":"<p>Cumhurba\u015fkan\u0131 Ersin Tatar, ancak K\u0131br\u0131s\u2019ta iki devlet temelinde bir anla\u015fma i\u00e7in m\u00fczakere masas\u0131na otuabileceklerini Birle\u015fmi\u015f Milletler (BM) Genel Sekreteri Antonio Guterres\u2019e ilettiklerini s\u00f6yledi. Cumhurba\u015fkan\u0131 Tatar, New York\u2019ta BM Genel Sekreteri Antonio Guterres ile yapt\u0131\u011f\u0131 g\u00f6r\u00fc\u015fmenin ard\u0131ndan T\u00fcrkevi\u2019nde gazetecilere a\u00e7\u0131klamalarda bulundu ve sorular\u0131 yan\u0131tlad\u0131. \u201cK\u0131br\u0131s\u2019ta bir anla\u015fma olacaksa iki devlet temelinde olacak\u201d diyen Tatar, bunun kabul\u00fc<\/p>\n","protected":false},"author":1,"featured_media":14369,"comment_status":"open","ping_status":"open","sticky":false,"template":"","format":"standard","meta":{"footnotes":""},"categories":[1],"tags":[],"class_list":["post-14368","post","type-post","status-publish","format-standard","has-post-thumbnail","hentry","category-gundem"],"yoast_head":"<!-- This site is optimized with the Yoast SEO plugin v28.4 - https:\/\/yoast.com\/product\/yoast-seo-wordpress\/ -->\n<title>Tatar:Federal temelde bir anla\u015fma zemininin art\u0131k hi\u00e7bir h\u00fckm\u00fc kalmad\u0131 -<\/title>\n<meta name=\"robots\" content=\"index, follow, max-snippet:-1, max-image-preview:large, max-video-preview:-1\" \/>\n<link rel=\"canonical\" href=\"https:\/\/kibrisdakik.com\/?p=14368\" \/>\n<meta property=\"og:locale\" content=\"tr_TR\" \/>\n<meta property=\"og:type\" content=\"article\" \/>\n<meta property=\"og:title\" content=\"Tatar:Federal temelde bir anla\u015fma zemininin art\u0131k hi\u00e7bir h\u00fckm\u00fc kalmad\u0131 -\" \/>\n<meta property=\"og:description\" content=\"Cumhurba\u015fkan\u0131 Ersin Tatar, ancak K\u0131br\u0131s\u2019ta iki devlet temelinde bir anla\u015fma i\u00e7in m\u00fczakere masas\u0131na otuabileceklerini Birle\u015fmi\u015f Milletler (BM) Genel Sekreteri Antonio Guterres\u2019e ilettiklerini s\u00f6yledi. Cumhurba\u015fkan\u0131 Tatar, New York\u2019ta BM Genel Sekreteri Antonio Guterres ile yapt\u0131\u011f\u0131 g\u00f6r\u00fc\u015fmenin ard\u0131ndan T\u00fcrkevi\u2019nde gazetecilere a\u00e7\u0131klamalarda bulundu ve sorular\u0131 yan\u0131tlad\u0131. \u201cK\u0131br\u0131s\u2019ta bir anla\u015fma olacaksa iki devlet temelinde olacak\u201d diyen Tatar, bunun kabul\u00fc\" \/>\n<meta property=\"og:url\" content=\"https:\/\/kibrisdakik.com\/?p=14368\" \/>\n<meta property=\"article:published_time\" content=\"2023-09-23T20:55:16+00:00\" \/>\n<meta property=\"og:image\" content=\"https:\/\/kibrisdakik.com\/wp-content\/uploads\/2023\/09\/Screenshot_20230923_221313_Facebook-740x420.jpg\" \/>\n\t<meta property=\"og:image:width\" content=\"1080\" \/>\n\t<meta property=\"og:image:height\" content=\"476\" \/>\n\t<meta property=\"og:image:type\" content=\"image\/jpeg\" \/>\n<meta name=\"author\" content=\"admin\" \/>\n<meta name=\"twitter:card\" content=\"summary_large_image\" \/>\n<meta name=\"twitter:label1\" content=\"Yazan:\" \/>\n\t<meta name=\"twitter:data1\" content=\"admin\" \/>\n\t<meta name=\"twitter:label2\" content=\"Tahmini okuma s\u00fcresi\" \/>\n\t<meta name=\"twitter:data2\" content=\"5 dakika\" \/>\n<script type=\"application\/ld+json\" class=\"yoast-schema-graph\">{\"@context\":\"https:\\\/\\\/schema.org\",\"@graph\":[{\"@type\":\"Article\",\"@id\":\"https:\\\/\\\/kibrisdakik.com\\\/?p=14368#article\",\"isPartOf\":{\"@id\":\"https:\\\/\\\/kibrisdakik.com\\\/?p=14368\"},\"author\":{\"name\":\"admin\",\"@id\":\"https:\\\/\\\/kibrisdakik.com\\\/#\\\/schema\\\/person\\\/9cd9d437bbb44f72b73ba127e06d8e79\"},\"headline\":\"Tatar:Federal temelde bir anla\u015fma zemininin art\u0131k hi\u00e7bir h\u00fckm\u00fc kalmad\u0131\",\"datePublished\":\"2023-09-23T20:55:16+00:00\",\"mainEntityOfPage\":{\"@id\":\"https:\\\/\\\/kibrisdakik.com\\\/?p=14368\"},\"wordCount\":940,\"commentCount\":0,\"publisher\":{\"@id\":\"https:\\\/\\\/kibrisdakik.com\\\/#organization\"},\"image\":{\"@id\":\"https:\\\/\\\/kibrisdakik.com\\\/?p=14368#primaryimage\"},\"thumbnailUrl\":\"https:\\\/\\\/kibrisdakik.com\\\/wp-content\\\/uploads\\\/2023\\\/09\\\/Screenshot_20230923_221313_Facebook-740x420.jpg\",\"articleSection\":[\"G\u00fcndem\"],\"inLanguage\":\"tr\",\"potentialAction\":[{\"@type\":\"CommentAction\",\"name\":\"Comment\",\"target\":[\"https:\\\/\\\/kibrisdakik.com\\\/?p=14368#respond\"]}]},{\"@type\":\"WebPage\",\"@id\":\"https:\\\/\\\/kibrisdakik.com\\\/?p=14368\",\"url\":\"https:\\\/\\\/kibrisdakik.com\\\/?p=14368\",\"name\":\"Tatar:Federal temelde bir anla\u015fma zemininin art\u0131k hi\u00e7bir h\u00fckm\u00fc kalmad\u0131 -\",\"isPartOf\":{\"@id\":\"https:\\\/\\\/kibrisdakik.com\\\/#website\"},\"primaryImageOfPage\":{\"@id\":\"https:\\\/\\\/kibrisdakik.com\\\/?p=14368#primaryimage\"},\"image\":{\"@id\":\"https:\\\/\\\/kibrisdakik.com\\\/?p=14368#primaryimage\"},\"thumbnailUrl\":\"https:\\\/\\\/kibrisdakik.com\\\/wp-content\\\/uploads\\\/2023\\\/09\\\/Screenshot_20230923_221313_Facebook-740x420.jpg\",\"datePublished\":\"2023-09-23T20:55:16+00:00\",\"breadcrumb\":{\"@id\":\"https:\\\/\\\/kibrisdakik.com\\\/?p=14368#breadcrumb\"},\"inLanguage\":\"tr\",\"potentialAction\":[{\"@type\":\"ReadAction\",\"target\":[\"https:\\\/\\\/kibrisdakik.com\\\/?p=14368\"]}]},{\"@type\":\"ImageObject\",\"inLanguage\":\"tr\",\"@id\":\"https:\\\/\\\/kibrisdakik.com\\\/?p=14368#primaryimage\",\"url\":\"https:\\\/\\\/kibrisdakik.com\\\/wp-content\\\/uploads\\\/2023\\\/09\\\/Screenshot_20230923_221313_Facebook-740x420.jpg\",\"contentUrl\":\"https:\\\/\\\/kibrisdakik.com\\\/wp-content\\\/uploads\\\/2023\\\/09\\\/Screenshot_20230923_221313_Facebook-740x420.jpg\",\"width\":1080,\"height\":476},{\"@type\":\"BreadcrumbList\",\"@id\":\"https:\\\/\\\/kibrisdakik.com\\\/?p=14368#breadcrumb\",\"itemListElement\":[{\"@type\":\"ListItem\",\"position\":1,\"name\":\"Home\",\"item\":\"https:\\\/\\\/kibrisdakik.com\\\/\"},{\"@type\":\"ListItem\",\"position\":2,\"name\":\"Tatar:Federal temelde bir anla\u015fma zemininin art\u0131k hi\u00e7bir h\u00fckm\u00fc kalmad\u0131\"}]},{\"@type\":\"WebSite\",\"@id\":\"https:\\\/\\\/kibrisdakik.com\\\/#website\",\"url\":\"https:\\\/\\\/kibrisdakik.com\\\/\",\"name\":\"K\u0131br\u0131s Dakik\",\"description\":\"Tam vaktinde haber\",\"publisher\":{\"@id\":\"https:\\\/\\\/kibrisdakik.com\\\/#organization\"},\"potentialAction\":[{\"@type\":\"SearchAction\",\"target\":{\"@type\":\"EntryPoint\",\"urlTemplate\":\"https:\\\/\\\/kibrisdakik.com\\\/?s={search_term_string}\"},\"query-input\":{\"@type\":\"PropertyValueSpecification\",\"valueRequired\":true,\"valueName\":\"search_term_string\"}}],\"inLanguage\":\"tr\"},{\"@type\":\"Organization\",\"@id\":\"https:\\\/\\\/kibrisdakik.com\\\/#organization\",\"name\":\"K\u0131br\u0131s Dakik\",\"url\":\"https:\\\/\\\/kibrisdakik.com\\\/\",\"logo\":{\"@type\":\"ImageObject\",\"inLanguage\":\"tr\",\"@id\":\"https:\\\/\\\/kibrisdakik.com\\\/#\\\/schema\\\/logo\\\/image\\\/\",\"url\":\"https:\\\/\\\/kibrisdakik.com\\\/wp-content\\\/uploads\\\/2025\\\/10\\\/cropped-WhatsApp-Image-2025-10-02-at-12.58.31.jpeg\",\"contentUrl\":\"https:\\\/\\\/kibrisdakik.com\\\/wp-content\\\/uploads\\\/2025\\\/10\\\/cropped-WhatsApp-Image-2025-10-02-at-12.58.31.jpeg\",\"width\":1237,\"height\":190,\"caption\":\"K\u0131br\u0131s Dakik\"},\"image\":{\"@id\":\"https:\\\/\\\/kibrisdakik.com\\\/#\\\/schema\\\/logo\\\/image\\\/\"}},{\"@type\":\"Person\",\"@id\":\"https:\\\/\\\/kibrisdakik.com\\\/#\\\/schema\\\/person\\\/9cd9d437bbb44f72b73ba127e06d8e79\",\"name\":\"admin\",\"image\":{\"@type\":\"ImageObject\",\"inLanguage\":\"tr\",\"@id\":\"https:\\\/\\\/secure.gravatar.com\\\/avatar\\\/ccc17943b9d660506c869530f897617f7cb1c21a4bf30023f252596d83e1f007?s=96&d=mm&r=g\",\"url\":\"https:\\\/\\\/secure.gravatar.com\\\/avatar\\\/ccc17943b9d660506c869530f897617f7cb1c21a4bf30023f252596d83e1f007?s=96&d=mm&r=g\",\"contentUrl\":\"https:\\\/\\\/secure.gravatar.com\\\/avatar\\\/ccc17943b9d660506c869530f897617f7cb1c21a4bf30023f252596d83e1f007?s=96&d=mm&r=g\",\"caption\":\"admin\"},\"sameAs\":[\"https:\\\/\\\/kibrisdakik.com\"],\"url\":\"https:\\\/\\\/kibrisdakik.com\\\/?author=1\"}]}<\/script>\n<!-- \/ Yoast SEO plugin. -->","yoast_head_json":{"title":"Tatar:Federal temelde bir anla\u015fma zemininin art\u0131k hi\u00e7bir h\u00fckm\u00fc kalmad\u0131 -","robots":{"index":"index","follow":"follow","max-snippet":"max-snippet:-1","max-image-preview":"max-image-preview:large","max-video-preview":"max-video-preview:-1"},"canonical":"https:\/\/kibrisdakik.com\/?p=14368","og_locale":"tr_TR","og_type":"article","og_title":"Tatar:Federal temelde bir anla\u015fma zemininin art\u0131k hi\u00e7bir h\u00fckm\u00fc kalmad\u0131 -","og_description":"Cumhurba\u015fkan\u0131 Ersin Tatar, ancak K\u0131br\u0131s\u2019ta iki devlet temelinde bir anla\u015fma i\u00e7in m\u00fczakere masas\u0131na otuabileceklerini Birle\u015fmi\u015f Milletler (BM) Genel Sekreteri Antonio Guterres\u2019e ilettiklerini s\u00f6yledi. Cumhurba\u015fkan\u0131 Tatar, New York\u2019ta BM Genel Sekreteri Antonio Guterres ile yapt\u0131\u011f\u0131 g\u00f6r\u00fc\u015fmenin ard\u0131ndan T\u00fcrkevi\u2019nde gazetecilere a\u00e7\u0131klamalarda bulundu ve sorular\u0131 yan\u0131tlad\u0131. \u201cK\u0131br\u0131s\u2019ta bir anla\u015fma olacaksa iki devlet temelinde olacak\u201d diyen Tatar, bunun kabul\u00fc","og_url":"https:\/\/kibrisdakik.com\/?p=14368","article_published_time":"2023-09-23T20:55:16+00:00","og_image":[{"width":1080,"height":476,"url":"https:\/\/kibrisdakik.com\/wp-content\/uploads\/2023\/09\/Screenshot_20230923_221313_Facebook-740x420.jpg","type":"image\/jpeg"}],"author":"admin","twitter_card":"summary_large_image","twitter_misc":{"Yazan:":"admin","Tahmini okuma s\u00fcresi":"5 dakika"},"schema":{"@context":"https:\/\/schema.org","@graph":[{"@type":"Article","@id":"https:\/\/kibrisdakik.com\/?p=14368#article","isPartOf":{"@id":"https:\/\/kibrisdakik.com\/?p=14368"},"author":{"name":"admin","@id":"https:\/\/kibrisdakik.com\/#\/schema\/person\/9cd9d437bbb44f72b73ba127e06d8e79"},"headline":"Tatar:Federal temelde bir anla\u015fma zemininin art\u0131k hi\u00e7bir h\u00fckm\u00fc kalmad\u0131","datePublished":"2023-09-23T20:55:16+00:00","mainEntityOfPage":{"@id":"https:\/\/kibrisdakik.com\/?p=14368"},"wordCount":940,"commentCount":0,"publisher":{"@id":"https:\/\/kibrisdakik.com\/#organization"},"image":{"@id":"https:\/\/kibrisdakik.com\/?p=14368#primaryimage"},"thumbnailUrl":"https:\/\/kibrisdakik.com\/wp-content\/uploads\/2023\/09\/Screenshot_20230923_221313_Facebook-740x420.jpg","articleSection":["G\u00fcndem"],"inLanguage":"tr","potentialAction":[{"@type":"CommentAction","name":"Comment","target":["https:\/\/kibrisdakik.com\/?p=14368#respond"]}]},{"@type":"WebPage","@id":"https:\/\/kibrisdakik.com\/?p=14368","url":"https:\/\/kibrisdakik.com\/?p=14368","name":"Tatar:Federal temelde bir anla\u015fma zemininin art\u0131k hi\u00e7bir h\u00fckm\u00fc kalmad\u0131 -","isPartOf":{"@id":"https:\/\/kibrisdakik.com\/#website"},"primaryImageOfPage":{"@id":"https:\/\/kibrisdakik.com\/?p=14368#primaryimage"},"image":{"@id":"https:\/\/kibrisdakik.com\/?p=14368#primaryimage"},"thumbnailUrl":"https:\/\/kibrisdakik.com\/wp-content\/uploads\/2023\/09\/Screenshot_20230923_221313_Facebook-740x420.jpg","datePublished":"2023-09-23T20:55:16+00:00","breadcrumb":{"@id":"https:\/\/kibrisdakik.com\/?p=14368#breadcrumb"},"inLanguage":"tr","potentialAction":[{"@type":"ReadAction","target":["https:\/\/kibrisdakik.com\/?p=14368"]}]},{"@type":"ImageObject","inLanguage":"tr","@id":"https:\/\/kibrisdakik.com\/?p=14368#primaryimage","url":"https:\/\/kibrisdakik.com\/wp-content\/uploads\/2023\/09\/Screenshot_20230923_221313_Facebook-740x420.jpg","contentUrl":"https:\/\/kibrisdakik.com\/wp-content\/uploads\/2023\/09\/Screenshot_20230923_221313_Facebook-740x420.jpg","width":1080,"height":476},{"@type":"BreadcrumbList","@id":"https:\/\/kibrisdakik.com\/?p=14368#breadcrumb","itemListElement":[{"@type":"ListItem","position":1,"name":"Home","item":"https:\/\/kibrisdakik.com\/"},{"@type":"ListItem","position":2,"name":"Tatar:Federal temelde bir anla\u015fma zemininin art\u0131k hi\u00e7bir h\u00fckm\u00fc kalmad\u0131"}]},{"@type":"WebSite","@id":"https:\/\/kibrisdakik.com\/#website","url":"https:\/\/kibrisdakik.com\/","name":"K\u0131br\u0131s Dakik","description":"Tam vaktinde haber","publisher":{"@id":"https:\/\/kibrisdakik.com\/#organization"},"potentialAction":[{"@type":"SearchAction","target":{"@type":"EntryPoint","urlTemplate":"https:\/\/kibrisdakik.com\/?s={search_term_string}"},"query-input":{"@type":"PropertyValueSpecification","valueRequired":true,"valueName":"search_term_string"}}],"inLanguage":"tr"},{"@type":"Organization","@id":"https:\/\/kibrisdakik.com\/#organization","name":"K\u0131br\u0131s Dakik","url":"https:\/\/kibrisdakik.com\/","logo":{"@type":"ImageObject","inLanguage":"tr","@id":"https:\/\/kibrisdakik.com\/#\/schema\/logo\/image\/","url":"https:\/\/kibrisdakik.com\/wp-content\/uploads\/2025\/10\/cropped-WhatsApp-Image-2025-10-02-at-12.58.31.jpeg","contentUrl":"https:\/\/kibrisdakik.com\/wp-content\/uploads\/2025\/10\/cropped-WhatsApp-Image-2025-10-02-at-12.58.31.jpeg","width":1237,"height":190,"caption":"K\u0131br\u0131s Dakik"},"image":{"@id":"https:\/\/kibrisdakik.com\/#\/schema\/logo\/image\/"}},{"@type":"Person","@id":"https:\/\/kibrisdakik.com\/#\/schema\/person\/9cd9d437bbb44f72b73ba127e06d8e79","name":"admin","image":{"@type":"ImageObject","inLanguage":"tr","@id":"https:\/\/secure.gravatar.com\/avatar\/ccc17943b9d660506c869530f897617f7cb1c21a4bf30023f252596d83e1f007?s=96&d=mm&r=g","url":"https:\/\/secure.gravatar.com\/avatar\/ccc17943b9d660506c869530f897617f7cb1c21a4bf30023f252596d83e1f007?s=96&d=mm&r=g","contentUrl":"https:\/\/secure.gravatar.com\/avatar\/ccc17943b9d660506c869530f897617f7cb1c21a4bf30023f252596d83e1f007?s=96&d=mm&r=g","caption":"admin"},"sameAs":["https:\/\/kibrisdakik.com"],"url":"https:\/\/kibrisdakik.com\/?author=1"}]}},"_links":{"self":[{"href":"https:\/\/kibrisdakik.com\/index.php?rest_route=\/wp\/v2\/posts\/14368","targetHints":{"allow":["GET"]}}],"collection":[{"href":"https:\/\/kibrisdakik.com\/index.php?rest_route=\/wp\/v2\/posts"}],"about":[{"href":"https:\/\/kibrisdakik.com\/index.php?rest_route=\/wp\/v2\/types\/post"}],"author":[{"embeddable":true,"href":"https:\/\/kibrisdakik.com\/index.php?rest_route=\/wp\/v2\/users\/1"}],"replies":[{"embeddable":true,"href":"https:\/\/kibrisdakik.com\/index.php?rest_route=%2Fwp%2Fv2%2Fcomments&post=14368"}],"version-history":[{"count":0,"href":"https:\/\/kibrisdakik.com\/index.php?rest_route=\/wp\/v2\/posts\/14368\/revisions"}],"wp:featuredmedia":[{"embeddable":true,"href":"https:\/\/kibrisdakik.com\/index.php?rest_route=\/wp\/v2\/media\/14369"}],"wp:attachment":[{"href":"https:\/\/kibrisdakik.com\/index.php?rest_route=%2Fwp%2Fv2%2Fmedia&parent=14368"}],"wp:term":[{"taxonomy":"category","embeddable":true,"href":"https:\/\/kibrisdakik.com\/index.php?rest_route=%2Fwp%2Fv2%2Fcategories&post=14368"},{"taxonomy":"post_tag","embeddable":true,"href":"https:\/\/kibrisdakik.com\/index.php?rest_route=%2Fwp%2Fv2%2Ftags&post=14368"}],"curies":[{"name":"wp","href":"https:\/\/api.w.org\/{rel}","templated":true}]}}