{"id":14410,"date":"2023-09-24T16:38:18","date_gmt":"2023-09-24T16:38:18","guid":{"rendered":"https:\/\/kibrisdakik.com\/index.php\/2023\/09\/24\/cumhurbaskani-tatar-new-yorkta-yasayan-kktc-vatandaslari-ile-bir-araya-geldi\/"},"modified":"2023-09-24T16:38:18","modified_gmt":"2023-09-24T16:38:18","slug":"cumhurbaskani-tatar-new-yorkta-yasayan-kktc-vatandaslari-ile-bir-araya-geldi","status":"publish","type":"post","link":"https:\/\/kibrisdakik.com\/?p=14410","title":{"rendered":"Cumhurba\u015fkan\u0131 Tatar, New York\u2019ta ya\u015fayan KKTC vatanda\u015flar\u0131 ile bir araya geldi"},"content":{"rendered":"<p><\/p>\n<div>\n<div class=\"mariselle-image-container center\">\n                <img width=\"1600\" height=\"1065\" class=\"lazy-image\" alt=\"\" decoding=\"async\" loading=\"lazy\" sizes=\"auto, (max-width: 1600px) 100vw, 1600px\" src=\"https:\/\/brtk.net\/wp-content\/uploads\/2023\/09\/24\/tatar-6-6.jpg?ver=fd9336c06e4d8fe836fc4a2584562454\" srcset=\"https:\/\/brtk.net\/wp-content\/uploads\/2023\/09\/24\/tatar-6-6.jpg?ver=fd9336c06e4d8fe836fc4a2584562454 1600w, https:\/\/brtk.net\/wp-content\/uploads\/2023\/09\/24\/tatar-6-6-300x200.jpg?ver=a05005034d3bfdd78733dd2a5e84fe70 300w, https:\/\/brtk.net\/wp-content\/uploads\/2023\/09\/24\/tatar-6-6-1024x682.jpg?ver=a05005034d3bfdd78733dd2a5e84fe70 1024w, https:\/\/brtk.net\/wp-content\/uploads\/2023\/09\/24\/tatar-6-6-768x511.jpg?ver=a05005034d3bfdd78733dd2a5e84fe70 768w, https:\/\/brtk.net\/wp-content\/uploads\/2023\/09\/24\/tatar-6-6-1536x1022.jpg?ver=7ae88fa292020afdcd41714366c6d18e 1536w\"\/>                            <\/div>\n<p>\u00a0<\/p>\n<p>Birle\u015fmi\u015f Milletler 78\u2019inci Genel Kurulu dolay\u0131s\u0131yla New York\u2019ta temaslar\u0131n\u0131 s\u00fcrd\u00fcren Cumhurba\u015fkan\u0131 <a href=\"https:\/\/brtk.net\/\" target=\"_blank\" rel=\"noopener\"><a href=\"https:\/\/brtk.net\/\" target=\"_blank\" rel=\"noopener\">Ersin <\/a><a href=\"https:\/\/brtk.net\/\"\/><a href=\"https:\/\/brtk.net\/\"\/><a href=\"https:\/\/brtk.net\/\"\/><a href=\"https:\/\/brtk.net\/\"\/><a href=\"https:\/\/brtk.net\/\"\/><a href=\"https:\/\/brtk.net\/\"\/><a href=\"https:\/\/brtk.net\/\"\/><a href=\"https:\/\/brtk.net\/\"\/><a href=\"https:\/\/brtk.net\/\"\/><a href=\"https:\/\/brtk.net\/\"\/><a href=\"https:\/\/brtk.net\/\"\/><a href=\"https:\/\/brtk.net\/\"\/><a href=\"https:\/\/brtk.net\/\"\/><a href=\"https:\/\/brtk.net\/\">Tatar<\/a>, burada ya\u015fayan <a href=\"https:\/\/brtk.net\/\"\/><a href=\"https:\/\/brtk.net\/\"\/><a href=\"https:\/\/brtk.net\/\"\/><a href=\"https:\/\/brtk.net\/\"\/><a href=\"https:\/\/brtk.net\/\"\/><a href=\"https:\/\/brtk.net\/\"\/><a href=\"https:\/\/brtk.net\/\"\/><a href=\"https:\/\/brtk.net\/\"\/><a href=\"https:\/\/brtk.net\/\"\/><a href=\"https:\/\/brtk.net\/\">KKTC<\/a> vatanda\u015flar\u0131 ile bulu\u015ftu.<\/p>\n<p>Cumhurba\u015fkanl\u0131\u011f\u0131ndan yap\u0131lan a\u00e7\u0131klamaya g\u00f6re Cumhurba\u015fkan\u0131 <a href=\"https:\/\/brtk.net\/\" target=\"_blank\" rel=\"noopener\"><a href=\"https:\/\/brtk.net\/\" target=\"_blank\" rel=\"noopener\">Ersin <\/a><a href=\"https:\/\/brtk.net\/\"\/><a href=\"https:\/\/brtk.net\/\"\/><a href=\"https:\/\/brtk.net\/\"\/><a href=\"https:\/\/brtk.net\/\"\/><a href=\"https:\/\/brtk.net\/\"\/><a href=\"https:\/\/brtk.net\/\"\/><a href=\"https:\/\/brtk.net\/\"\/><a href=\"https:\/\/brtk.net\/\"\/><a href=\"https:\/\/brtk.net\/\"\/><a href=\"https:\/\/brtk.net\/\"\/><a href=\"https:\/\/brtk.net\/\"\/><a href=\"https:\/\/brtk.net\/\"\/><a href=\"https:\/\/brtk.net\/\"\/><a href=\"https:\/\/brtk.net\/\">Tatar<\/a> burada yapt\u0131\u011f\u0131 konu\u015fmada, New York ziyaretleri kapsam\u0131nda her y\u0131l New York\u2019ta ya\u015fayan <a href=\"https:\/\/brtk.net\/\"\/><a href=\"https:\/\/brtk.net\/\"\/><a href=\"https:\/\/brtk.net\/\"\/><a href=\"https:\/\/brtk.net\/\"\/><a href=\"https:\/\/brtk.net\/\"\/><a href=\"https:\/\/brtk.net\/\"\/><a href=\"https:\/\/brtk.net\/\"\/><a href=\"https:\/\/brtk.net\/\"\/><a href=\"https:\/\/brtk.net\/\"\/><a href=\"https:\/\/brtk.net\/\">KKTC<\/a> vatanda\u015flar\u0131 ile bir araya geldi\u011fini belirterek, K\u0131br\u0131s T\u00fcrklerinin y\u0131llardan beri verdi\u011fi ba\u011f\u0131ms\u0131zl\u0131k m\u00fccadelesinin bug\u00fcn Do\u011fu Akdeniz\u2019de bir devlet olan <a href=\"https:\/\/brtk.net\/\"\/><a href=\"https:\/\/brtk.net\/\"\/><a href=\"https:\/\/brtk.net\/\"\/><a href=\"https:\/\/brtk.net\/\"\/><a href=\"https:\/\/brtk.net\/\"\/><a href=\"https:\/\/brtk.net\/\"\/><a href=\"https:\/\/brtk.net\/\"\/><a href=\"https:\/\/brtk.net\/\"\/><a href=\"https:\/\/brtk.net\/\"\/><a href=\"https:\/\/brtk.net\/\">KKTC<\/a>\u2019nin ba\u011f\u0131ms\u0131zl\u0131\u011f\u0131n\u0131n kabul g\u00f6rmesi i\u00e7in devam etti\u011fini s\u00f6yledi.<\/p>\n<p>K\u0131br\u0131s T\u00fcrk halk\u0131n\u0131n ge\u00e7mi\u015fte maruz kald\u0131\u011f\u0131 ac\u0131lar ve zor ko\u015fullardan sonra bug\u00fcne gelebilmesinin kolay olmad\u0131\u011f\u0131n\u0131 belirten <a href=\"https:\/\/brtk.net\/\"\/><a href=\"https:\/\/brtk.net\/\"\/><a href=\"https:\/\/brtk.net\/\"\/><a href=\"https:\/\/brtk.net\/\"\/><a href=\"https:\/\/brtk.net\/\"\/><a href=\"https:\/\/brtk.net\/\"\/><a href=\"https:\/\/brtk.net\/\"\/><a href=\"https:\/\/brtk.net\/\"\/><a href=\"https:\/\/brtk.net\/\"\/><a href=\"https:\/\/brtk.net\/\"\/><a href=\"https:\/\/brtk.net\/\"\/><a href=\"https:\/\/brtk.net\/\"\/><a href=\"https:\/\/brtk.net\/\"\/><a href=\"https:\/\/brtk.net\/\">Tatar<\/a> konu\u015fmas\u0131nda, <a href=\"https:\/\/brtk.net\/\"\/><a href=\"https:\/\/brtk.net\/\"\/><a href=\"https:\/\/brtk.net\/\"\/><a href=\"https:\/\/brtk.net\/\"\/><a href=\"https:\/\/brtk.net\/\"\/><a href=\"https:\/\/brtk.net\/\"\/><a href=\"https:\/\/brtk.net\/\"\/><a href=\"https:\/\/brtk.net\/\"\/><a href=\"https:\/\/brtk.net\/\"\/><a href=\"https:\/\/brtk.net\/\">KKTC<\/a>\u2019nin T\u00fcrkiye Cumhuriyeti ve T\u00fcrk devletleri ile olan ili\u015fkilerinin ve gelece\u011fe y\u00f6nelik \u00e7al\u0131\u015fmalar\u0131n \u00f6nemine de\u011findi.<\/p>\n<p>-\u201cK\u0131br\u0131s T\u00fcrkleri, d\u00fcnyan\u0131n neresinde olursa olsun, K\u0131br\u0131s T\u00fcrk halk\u0131n\u0131n bir par\u00e7as\u0131 olmaya devam edeceklerdir\u201d<\/p>\n<p>K\u0131br\u0131s T\u00fcrk\u00fc\u2019n\u00fcn hakl\u0131 m\u00fccadelesinde canlar\u0131n\u0131 feda eden t\u00fcm \u015fehitleri yad eden Cumhurba\u015fkan\u0131 <a href=\"https:\/\/brtk.net\/\"\/><a href=\"https:\/\/brtk.net\/\"\/><a href=\"https:\/\/brtk.net\/\"\/><a href=\"https:\/\/brtk.net\/\"\/><a href=\"https:\/\/brtk.net\/\"\/><a href=\"https:\/\/brtk.net\/\"\/><a href=\"https:\/\/brtk.net\/\"\/><a href=\"https:\/\/brtk.net\/\"\/><a href=\"https:\/\/brtk.net\/\"\/><a href=\"https:\/\/brtk.net\/\"\/><a href=\"https:\/\/brtk.net\/\"\/><a href=\"https:\/\/brtk.net\/\"\/><a href=\"https:\/\/brtk.net\/\"\/><a href=\"https:\/\/brtk.net\/\">Tatar<\/a>, \u201cBiz K\u0131br\u0131s T\u00fcrkleri, d\u00fcnyan\u0131n neresinde olursak olal\u0131m, K\u0131br\u0131s T\u00fcrk halk\u0131n\u0131n ve b\u00fcy\u00fck T\u00fcrk milletinin bir par\u00e7as\u0131 olarak hi\u00e7bir zaman \u00f6z varl\u0131\u011f\u0131m\u0131z\u0131 ve de\u011ferlerimizi unutmadan ya\u015fam\u0131m\u0131z\u0131 bu ilkelerle s\u00fcrd\u00fcrmenin bahtiyarl\u0131\u011f\u0131 i\u00e7indeyiz\u201d dedi. Yurt d\u0131\u015f\u0131nda ya\u015fayan K\u0131br\u0131s T\u00fcrklerinin birlik ve beraberlik i\u00e7inde olduklar\u0131na ve \u00f6z vatanlar\u0131ndan asla kopmad\u0131klar\u0131na vurgu yapan Cumhurba\u015fkan\u0131 <a href=\"https:\/\/brtk.net\/\"\/><a href=\"https:\/\/brtk.net\/\"\/><a href=\"https:\/\/brtk.net\/\"\/><a href=\"https:\/\/brtk.net\/\"\/><a href=\"https:\/\/brtk.net\/\"\/><a href=\"https:\/\/brtk.net\/\"\/><a href=\"https:\/\/brtk.net\/\"\/><a href=\"https:\/\/brtk.net\/\"\/><a href=\"https:\/\/brtk.net\/\"\/><a href=\"https:\/\/brtk.net\/\"\/><a href=\"https:\/\/brtk.net\/\"\/><a href=\"https:\/\/brtk.net\/\"\/><a href=\"https:\/\/brtk.net\/\"\/><a href=\"https:\/\/brtk.net\/\">Tatar<\/a>, gelecek ku\u015faklar\u0131n k\u00fcresel geli\u015fmeler ve ileti\u015fim \u00e7a\u011f\u0131nda <a href=\"https:\/\/brtk.net\/\"\/><a href=\"https:\/\/brtk.net\/\"\/><a href=\"https:\/\/brtk.net\/\"\/><a href=\"https:\/\/brtk.net\/\"\/><a href=\"https:\/\/brtk.net\/\"\/><a href=\"https:\/\/brtk.net\/\"\/><a href=\"https:\/\/brtk.net\/\"\/><a href=\"https:\/\/brtk.net\/\"\/><a href=\"https:\/\/brtk.net\/\"\/><a href=\"https:\/\/brtk.net\/\">KKTC<\/a> ile ba\u011flar\u0131n\u0131 s\u00fcrd\u00fcrmesinin \u00f6nemine dikkat \u00e7ekti.<\/p>\n<p>-\u201cErdo\u011fan\u2019\u0131n BMGK\u2019da yapt\u0131\u011f\u0131 konu\u015fma \u00e7ok \u00f6nemlidir\u201d<\/p>\n<p>K\u0131br\u0131s\u2019ta ya\u015fayan K\u0131br\u0131s T\u00fcrklerinin b\u00fcy\u00fck T\u00fcrk d\u00fcnyas\u0131n\u0131n bir par\u00e7as\u0131 olmaya devam edeceklerini kaydeden Cumhurba\u015fkan\u0131 <a href=\"https:\/\/brtk.net\/\"\/><a href=\"https:\/\/brtk.net\/\"\/><a href=\"https:\/\/brtk.net\/\"\/><a href=\"https:\/\/brtk.net\/\"\/><a href=\"https:\/\/brtk.net\/\"\/><a href=\"https:\/\/brtk.net\/\"\/><a href=\"https:\/\/brtk.net\/\"\/><a href=\"https:\/\/brtk.net\/\"\/><a href=\"https:\/\/brtk.net\/\"\/><a href=\"https:\/\/brtk.net\/\"\/><a href=\"https:\/\/brtk.net\/\"\/><a href=\"https:\/\/brtk.net\/\"\/><a href=\"https:\/\/brtk.net\/\"\/><a href=\"https:\/\/brtk.net\/\">Tatar<\/a>, T\u00fcrkiye Cumhuriyeti\u2019nin deste\u011finin \u00f6nemli oldu\u011funu belirtti.<\/p>\n<p>\u201cT\u00fcrkiye Cumhuriyeti Cumhurba\u015fkan\u0131 Recep Tayyip Erdo\u011fan\u2019\u0131n bu y\u0131l BM Genel Kurulu\u2019nda yapt\u0131\u011f\u0131 konu\u015fmas\u0131nda bir kez daha t\u00fcm d\u00fcnyaya K\u0131br\u0131s T\u00fcrklerine yap\u0131lan haks\u0131zl\u0131klar\u0131n son bulmas\u0131, zul\u00fcm niteli\u011findeki ambargo ve izolasyonlar\u0131n kald\u0131r\u0131lmas\u0131 ve <a href=\"https:\/\/brtk.net\/\"\/><a href=\"https:\/\/brtk.net\/\"\/><a href=\"https:\/\/brtk.net\/\"\/><a href=\"https:\/\/brtk.net\/\"\/><a href=\"https:\/\/brtk.net\/\"\/><a href=\"https:\/\/brtk.net\/\"\/><a href=\"https:\/\/brtk.net\/\"\/><a href=\"https:\/\/brtk.net\/\"\/><a href=\"https:\/\/brtk.net\/\"\/><a href=\"https:\/\/brtk.net\/\">KKTC<\/a>\u2019nin art\u0131k ba\u011f\u0131ms\u0131zl\u0131\u011f\u0131n\u0131n kabul g\u00f6rmesi ve tan\u0131nmas\u0131 gerekti\u011fini s\u00f6yledi\u011fini\u201d ifade eden <a href=\"https:\/\/brtk.net\/\"\/><a href=\"https:\/\/brtk.net\/\"\/><a href=\"https:\/\/brtk.net\/\"\/><a href=\"https:\/\/brtk.net\/\"\/><a href=\"https:\/\/brtk.net\/\"\/><a href=\"https:\/\/brtk.net\/\"\/><a href=\"https:\/\/brtk.net\/\"\/><a href=\"https:\/\/brtk.net\/\"\/><a href=\"https:\/\/brtk.net\/\"\/><a href=\"https:\/\/brtk.net\/\"\/><a href=\"https:\/\/brtk.net\/\"\/><a href=\"https:\/\/brtk.net\/\"\/><a href=\"https:\/\/brtk.net\/\"\/><a href=\"https:\/\/brtk.net\/\">Tatar<\/a>, \u201cVerilen bu destek t\u00fcm d\u00fcnyada hakl\u0131 davam\u0131z\u0131n duyurulmas\u0131 ve kabul g\u00f6rmesi bak\u0131m\u0131ndan \u00f6nemlidir\u201d dedi.<\/p>\n<p>Farkl\u0131 \u00fclkelerle ili\u015fkilerin geli\u015ftirilmesi i\u00e7in y\u00fcr\u00fct\u00fclen \u00e7al\u0131\u015fmalar\u0131n \u00f6nemini de i\u015faret eden Cumhurba\u015fkan\u0131 <a href=\"https:\/\/brtk.net\/\"\/><a href=\"https:\/\/brtk.net\/\"\/><a href=\"https:\/\/brtk.net\/\"\/><a href=\"https:\/\/brtk.net\/\"\/><a href=\"https:\/\/brtk.net\/\"\/><a href=\"https:\/\/brtk.net\/\"\/><a href=\"https:\/\/brtk.net\/\"\/><a href=\"https:\/\/brtk.net\/\"\/><a href=\"https:\/\/brtk.net\/\"\/><a href=\"https:\/\/brtk.net\/\"\/><a href=\"https:\/\/brtk.net\/\"\/><a href=\"https:\/\/brtk.net\/\"\/><a href=\"https:\/\/brtk.net\/\"\/><a href=\"https:\/\/brtk.net\/\">Tatar<\/a>, \u201c<a href=\"https:\/\/brtk.net\/\"\/><a href=\"https:\/\/brtk.net\/\"\/><a href=\"https:\/\/brtk.net\/\"\/><a href=\"https:\/\/brtk.net\/\"\/><a href=\"https:\/\/brtk.net\/\"\/><a href=\"https:\/\/brtk.net\/\"\/><a href=\"https:\/\/brtk.net\/\"\/><a href=\"https:\/\/brtk.net\/\"\/><a href=\"https:\/\/brtk.net\/\"\/><a href=\"https:\/\/brtk.net\/\">KKTC<\/a>, art\u0131k bir ger\u00e7ektir ve K\u0131br\u0131s T\u00fcrk\u00fcn\u00fcn gelece\u011fi i\u00e7in ba\u011f\u0131ms\u0131z bir \u015fekilde ya\u015fayabilece\u011fi bir vatan topra\u011f\u0131d\u0131r. Hepimizin \u00f6z vatan\u0131d\u0131r\u201d dedi.<\/p>\n<p>-\u201cK\u0131br\u0131s\u2019ta dini, dili, kaderi, \u00f6rf, adet ve gelenekleriyle iki ayr\u0131 halk vard\u0131r\u201d<\/p>\n<p>Cumhurba\u015fkan\u0131 <a href=\"https:\/\/brtk.net\/\"\/><a href=\"https:\/\/brtk.net\/\"\/><a href=\"https:\/\/brtk.net\/\"\/><a href=\"https:\/\/brtk.net\/\"\/><a href=\"https:\/\/brtk.net\/\"\/><a href=\"https:\/\/brtk.net\/\"\/><a href=\"https:\/\/brtk.net\/\"\/><a href=\"https:\/\/brtk.net\/\"\/><a href=\"https:\/\/brtk.net\/\"\/><a href=\"https:\/\/brtk.net\/\"\/><a href=\"https:\/\/brtk.net\/\"\/><a href=\"https:\/\/brtk.net\/\"\/><a href=\"https:\/\/brtk.net\/\"\/><a href=\"https:\/\/brtk.net\/\">Tatar<\/a>, New York temaslar\u0131 kapsam\u0131nda yapt\u0131\u011f\u0131 \u00e7e\u015fitli temaslara de\u011finerek, bu temaslarda, K\u0131br\u0131s T\u00fcrk halk\u0131n\u0131n hakl\u0131 m\u00fccadelesinin d\u00fcnyada yer bulabilmesi i\u00e7in K\u0131br\u0131s\u2019ta yap\u0131lan ayr\u0131mdan mutlak suretle vazge\u00e7ilmesi gerekti\u011fini dile getirdi. \u201cK\u0131br\u0131s\u2019ta dini, dili, kaderi, \u00f6rf, adet ve gelenekleriyle iki ayr\u0131 halk vard\u0131r\u201d diyen <a href=\"https:\/\/brtk.net\/\"\/><a href=\"https:\/\/brtk.net\/\"\/><a href=\"https:\/\/brtk.net\/\"\/><a href=\"https:\/\/brtk.net\/\"\/><a href=\"https:\/\/brtk.net\/\"\/><a href=\"https:\/\/brtk.net\/\"\/><a href=\"https:\/\/brtk.net\/\"\/><a href=\"https:\/\/brtk.net\/\"\/><a href=\"https:\/\/brtk.net\/\"\/><a href=\"https:\/\/brtk.net\/\"\/><a href=\"https:\/\/brtk.net\/\"\/><a href=\"https:\/\/brtk.net\/\"\/><a href=\"https:\/\/brtk.net\/\"\/><a href=\"https:\/\/brtk.net\/\">Tatar<\/a>, g\u00fcneyde Rum Cumhuriyeti\u2019ne d\u00f6n\u00fc\u015fen G\u00fcney K\u0131br\u0131s Rum Y\u00f6netimi ve kuzeyde K\u0131br\u0131s T\u00fcrk\u00fc\u2019n\u00fcn devleti <a href=\"https:\/\/brtk.net\/\"\/><a href=\"https:\/\/brtk.net\/\"\/><a href=\"https:\/\/brtk.net\/\"\/><a href=\"https:\/\/brtk.net\/\"\/><a href=\"https:\/\/brtk.net\/\"\/><a href=\"https:\/\/brtk.net\/\"\/><a href=\"https:\/\/brtk.net\/\"\/><a href=\"https:\/\/brtk.net\/\"\/><a href=\"https:\/\/brtk.net\/\"\/><a href=\"https:\/\/brtk.net\/\">KKTC<\/a>\u2019nin yer ald\u0131\u011f\u0131n\u0131 ve bu iki devletin K\u0131br\u0131s Adas\u0131\u2019nda iyi kom\u015fuluk ili\u015fkileri kapsam\u0131nda yan yana ya\u015fayabilmesi i\u00e7in farkl\u0131 ili\u015fkilerin geli\u015fmesine s\u0131cak bakt\u0131klar\u0131n\u0131, ancak bir taraf\u0131n, di\u011fer tarafa h\u00fckmetmeyece\u011fi ve otoritesi alt\u0131na giremeyece\u011fi \u015fekilde bu ili\u015fkilerin geli\u015fmesine haz\u0131r olduklar\u0131n\u0131 s\u00f6yledi.<\/p>\n<p>\u2013 \u201c\u00d6zg\u00fcr irademizle kurdu\u011fumuz devletimizin tan\u0131nmas\u0131 gerekiyor\u201d<\/p>\n<p>\u201c\u00d6zg\u00fcr irademizle kurdu\u011fumuz devletimizin tan\u0131nmas\u0131 gerekiyor\u201d diyen Cumhurba\u015fkan\u0131 <a href=\"https:\/\/brtk.net\/\"\/><a href=\"https:\/\/brtk.net\/\"\/><a href=\"https:\/\/brtk.net\/\"\/><a href=\"https:\/\/brtk.net\/\"\/><a href=\"https:\/\/brtk.net\/\"\/><a href=\"https:\/\/brtk.net\/\"\/><a href=\"https:\/\/brtk.net\/\"\/><a href=\"https:\/\/brtk.net\/\"\/><a href=\"https:\/\/brtk.net\/\"\/><a href=\"https:\/\/brtk.net\/\"\/><a href=\"https:\/\/brtk.net\/\"\/><a href=\"https:\/\/brtk.net\/\"\/><a href=\"https:\/\/brtk.net\/\"\/><a href=\"https:\/\/brtk.net\/\">Tatar<\/a>, bu \u015fekilde olu\u015facak bir i\u015f birli\u011fi sonucunda t\u00fcm b\u00f6lgenin b\u00f6yle bir istikrardan yarar sa\u011flayabilece\u011fini s\u00f6yledi.<\/p>\n<p>-\u201cBM, hi\u00e7bir zaman dayatma bir \u00e7\u00f6z\u00fcm\u00fc ortaya koymayaca\u011f\u0131n\u0131 teyit etti\u201d<\/p>\n<p>Birle\u015fmi\u015f Milletler Genel Sekreteri Ant\u00f3nio Guterres ile New York\u2019ta ger\u00e7ekle\u015ftirdi\u011fi g\u00f6r\u00fc\u015fmeye de\u011finen Cumhurba\u015fkan\u0131 <a href=\"https:\/\/brtk.net\/\"\/><a href=\"https:\/\/brtk.net\/\"\/><a href=\"https:\/\/brtk.net\/\"\/><a href=\"https:\/\/brtk.net\/\"\/><a href=\"https:\/\/brtk.net\/\"\/><a href=\"https:\/\/brtk.net\/\"\/><a href=\"https:\/\/brtk.net\/\"\/><a href=\"https:\/\/brtk.net\/\"\/><a href=\"https:\/\/brtk.net\/\"\/><a href=\"https:\/\/brtk.net\/\"\/><a href=\"https:\/\/brtk.net\/\"\/><a href=\"https:\/\/brtk.net\/\"\/><a href=\"https:\/\/brtk.net\/\"\/><a href=\"https:\/\/brtk.net\/\">Tatar<\/a>, Guterres\u2019in K\u0131br\u0131s T\u00fcrk taraf\u0131n\u0131n pozisyonunun aktar\u0131lmas\u0131 \u00fczerine hi\u00e7bir zaman BM\u2019nin K\u0131br\u0131s\u2019ta dayatma bir \u00e7\u00f6z\u00fcm\u00fc empoze etmeyeceklerini dile getirdi\u011fini, ancak \u00f6zg\u00fcr irade ile yap\u0131lacak bir g\u00f6r\u00fc\u015fme sonras\u0131nda bir antla\u015fma olabilece\u011fini s\u00f6yledi\u011fini anlatt\u0131.<\/p>\n<p>Cumhurba\u015fkan\u0131 <a href=\"https:\/\/brtk.net\/\"\/><a href=\"https:\/\/brtk.net\/\"\/><a href=\"https:\/\/brtk.net\/\"\/><a href=\"https:\/\/brtk.net\/\"\/><a href=\"https:\/\/brtk.net\/\"\/><a href=\"https:\/\/brtk.net\/\"\/><a href=\"https:\/\/brtk.net\/\"\/><a href=\"https:\/\/brtk.net\/\"\/><a href=\"https:\/\/brtk.net\/\"\/><a href=\"https:\/\/brtk.net\/\"\/><a href=\"https:\/\/brtk.net\/\"\/><a href=\"https:\/\/brtk.net\/\"\/><a href=\"https:\/\/brtk.net\/\"\/><a href=\"https:\/\/brtk.net\/\">Tatar<\/a>, \u201c\u0130leride bir antla\u015fma olacaksa, o antla\u015fman\u0131n bir taraf\u0131 da <a href=\"https:\/\/brtk.net\/\"\/><a href=\"https:\/\/brtk.net\/\"\/><a href=\"https:\/\/brtk.net\/\"\/><a href=\"https:\/\/brtk.net\/\"\/><a href=\"https:\/\/brtk.net\/\"\/><a href=\"https:\/\/brtk.net\/\"\/><a href=\"https:\/\/brtk.net\/\"\/><a href=\"https:\/\/brtk.net\/\"\/><a href=\"https:\/\/brtk.net\/\"\/><a href=\"https:\/\/brtk.net\/\">KKTC<\/a> olacakt\u0131r\u201d dedi.<\/p>\n<p><a href=\"https:\/\/brtk.net\/\"\/><a href=\"https:\/\/brtk.net\/\"\/><a href=\"https:\/\/brtk.net\/\"\/><a href=\"https:\/\/brtk.net\/\"\/><a href=\"https:\/\/brtk.net\/\"\/><a href=\"https:\/\/brtk.net\/\"\/><a href=\"https:\/\/brtk.net\/\"\/><a href=\"https:\/\/brtk.net\/\"\/><a href=\"https:\/\/brtk.net\/\"\/><a href=\"https:\/\/brtk.net\/\">KKTC<\/a>\u2019nin farkl\u0131 alanlarda geli\u015fmesine y\u00f6nelik y\u00fcr\u00fct\u00fclen \u00e7al\u0131\u015fmalar ve yat\u0131r\u0131mlar hakk\u0131nda da bilgi veren <a href=\"https:\/\/brtk.net\/\"\/><a href=\"https:\/\/brtk.net\/\"\/><a href=\"https:\/\/brtk.net\/\"\/><a href=\"https:\/\/brtk.net\/\"\/><a href=\"https:\/\/brtk.net\/\"\/><a href=\"https:\/\/brtk.net\/\"\/><a href=\"https:\/\/brtk.net\/\"\/><a href=\"https:\/\/brtk.net\/\"\/><a href=\"https:\/\/brtk.net\/\"\/><a href=\"https:\/\/brtk.net\/\"\/><a href=\"https:\/\/brtk.net\/\"\/><a href=\"https:\/\/brtk.net\/\"\/><a href=\"https:\/\/brtk.net\/\"\/><a href=\"https:\/\/brtk.net\/\">Tatar<\/a>, yurt d\u0131\u015f\u0131nda ya\u015fayan K\u0131br\u0131s T\u00fcrklerinin ileride \u00f6z vatanlar\u0131na geri d\u00f6nmeleri \u00e7a\u011fr\u0131s\u0131nda da bulundu.<\/p>\n<p>New York\u2019ta ya\u015fayan <a href=\"https:\/\/brtk.net\/\"\/><a href=\"https:\/\/brtk.net\/\"\/><a href=\"https:\/\/brtk.net\/\"\/><a href=\"https:\/\/brtk.net\/\"\/><a href=\"https:\/\/brtk.net\/\"\/><a href=\"https:\/\/brtk.net\/\"\/><a href=\"https:\/\/brtk.net\/\"\/><a href=\"https:\/\/brtk.net\/\"\/><a href=\"https:\/\/brtk.net\/\"\/><a href=\"https:\/\/brtk.net\/\">KKTC<\/a> vatanda\u015flar\u0131 ad\u0131na konu\u015fma yapan Ayhan Hassan da konu\u015fmas\u0131nda, Cumhurba\u015fkan\u0131 <a href=\"https:\/\/brtk.net\/\"\/><a href=\"https:\/\/brtk.net\/\"\/><a href=\"https:\/\/brtk.net\/\"\/><a href=\"https:\/\/brtk.net\/\"\/><a href=\"https:\/\/brtk.net\/\"\/><a href=\"https:\/\/brtk.net\/\"\/><a href=\"https:\/\/brtk.net\/\"\/><a href=\"https:\/\/brtk.net\/\"\/><a href=\"https:\/\/brtk.net\/\"\/><a href=\"https:\/\/brtk.net\/\"\/><a href=\"https:\/\/brtk.net\/\"\/><a href=\"https:\/\/brtk.net\/\"\/><a href=\"https:\/\/brtk.net\/\"\/><a href=\"https:\/\/brtk.net\/\">Tatar<\/a>\u2019\u0131n izledi\u011fi siyaseti yak\u0131ndan takip ettiklerini ve destek verdiklerini ifade ederek, K\u0131br\u0131s T\u00fcrklerinin zor s\u00fcre\u00e7lerden ge\u00e7ti\u011fini ve art\u0131k ba\u011f\u0131ms\u0131z olmalar\u0131n\u0131n zaman\u0131n\u0131n geldi\u011fini belirtti.<\/p>\n<\/p><\/div>\n<p><script async\n                    defer\n                    crossorigin=\"anonymous\"\n                    src=\"https:\/\/connect.facebook.net\/tr_TR\/sdk.js#xfbml=1&#038;version=v3.3\"\n            ><\/script><\/p>\n","protected":false},"excerpt":{"rendered":"<p>\u00a0 Birle\u015fmi\u015f Milletler 78\u2019inci Genel Kurulu dolay\u0131s\u0131yla New York\u2019ta temaslar\u0131n\u0131 s\u00fcrd\u00fcren Cumhurba\u015fkan\u0131 Ersin Tatar, burada ya\u015fayan KKTC vatanda\u015flar\u0131 ile bulu\u015ftu. Cumhurba\u015fkanl\u0131\u011f\u0131ndan yap\u0131lan a\u00e7\u0131klamaya g\u00f6re Cumhurba\u015fkan\u0131 Ersin Tatar burada yapt\u0131\u011f\u0131 konu\u015fmada, New York ziyaretleri kapsam\u0131nda her y\u0131l New York\u2019ta ya\u015fayan KKTC vatanda\u015flar\u0131 ile bir araya geldi\u011fini belirterek, K\u0131br\u0131s T\u00fcrklerinin y\u0131llardan beri verdi\u011fi ba\u011f\u0131ms\u0131zl\u0131k m\u00fccadelesinin bug\u00fcn Do\u011fu<\/p>\n","protected":false},"author":1,"featured_media":14411,"comment_status":"open","ping_status":"open","sticky":false,"template":"","format":"standard","meta":{"footnotes":""},"categories":[1],"tags":[],"class_list":["post-14410","post","type-post","status-publish","format-standard","has-post-thumbnail","hentry","category-gundem"],"yoast_head":"<!-- This site is optimized with the Yoast SEO plugin v27.4 - https:\/\/yoast.com\/product\/yoast-seo-wordpress\/ -->\n<title>Cumhurba\u015fkan\u0131 Tatar, New York\u2019ta ya\u015fayan KKTC vatanda\u015flar\u0131 ile bir araya geldi -<\/title>\n<meta name=\"robots\" content=\"index, follow, max-snippet:-1, max-image-preview:large, max-video-preview:-1\" \/>\n<link rel=\"canonical\" href=\"https:\/\/kibrisdakik.com\/?p=14410\" \/>\n<meta property=\"og:locale\" content=\"tr_TR\" \/>\n<meta property=\"og:type\" content=\"article\" \/>\n<meta property=\"og:title\" content=\"Cumhurba\u015fkan\u0131 Tatar, New York\u2019ta ya\u015fayan KKTC vatanda\u015flar\u0131 ile bir araya geldi -\" \/>\n<meta property=\"og:description\" content=\"\u00a0 Birle\u015fmi\u015f Milletler 78\u2019inci Genel Kurulu dolay\u0131s\u0131yla New York\u2019ta temaslar\u0131n\u0131 s\u00fcrd\u00fcren Cumhurba\u015fkan\u0131 Ersin Tatar, burada ya\u015fayan KKTC vatanda\u015flar\u0131 ile bulu\u015ftu. Cumhurba\u015fkanl\u0131\u011f\u0131ndan yap\u0131lan a\u00e7\u0131klamaya g\u00f6re Cumhurba\u015fkan\u0131 Ersin Tatar burada yapt\u0131\u011f\u0131 konu\u015fmada, New York ziyaretleri kapsam\u0131nda her y\u0131l New York\u2019ta ya\u015fayan KKTC vatanda\u015flar\u0131 ile bir araya geldi\u011fini belirterek, K\u0131br\u0131s T\u00fcrklerinin y\u0131llardan beri verdi\u011fi ba\u011f\u0131ms\u0131zl\u0131k m\u00fccadelesinin bug\u00fcn Do\u011fu\" \/>\n<meta property=\"og:url\" content=\"https:\/\/kibrisdakik.com\/?p=14410\" \/>\n<meta property=\"article:published_time\" content=\"2023-09-24T16:38:18+00:00\" \/>\n<meta property=\"og:image\" content=\"https:\/\/kibrisdakik.com\/wp-content\/uploads\/2023\/09\/tatar-6-6-740x420.jpg\" \/>\n\t<meta property=\"og:image:width\" content=\"1600\" \/>\n\t<meta property=\"og:image:height\" content=\"1065\" \/>\n\t<meta property=\"og:image:type\" content=\"image\/jpeg\" \/>\n<meta name=\"author\" content=\"admin\" \/>\n<meta name=\"twitter:card\" content=\"summary_large_image\" \/>\n<meta name=\"twitter:label1\" content=\"Yazan:\" \/>\n\t<meta name=\"twitter:data1\" content=\"admin\" \/>\n\t<meta name=\"twitter:label2\" content=\"Tahmini okuma s\u00fcresi\" \/>\n\t<meta name=\"twitter:data2\" content=\"5 dakika\" \/>\n<script type=\"application\/ld+json\" class=\"yoast-schema-graph\">{\"@context\":\"https:\\\/\\\/schema.org\",\"@graph\":[{\"@type\":\"Article\",\"@id\":\"https:\\\/\\\/kibrisdakik.com\\\/?p=14410#article\",\"isPartOf\":{\"@id\":\"https:\\\/\\\/kibrisdakik.com\\\/?p=14410\"},\"author\":{\"name\":\"admin\",\"@id\":\"https:\\\/\\\/kibrisdakik.com\\\/#\\\/schema\\\/person\\\/9cd9d437bbb44f72b73ba127e06d8e79\"},\"headline\":\"Cumhurba\u015fkan\u0131 Tatar, New York\u2019ta ya\u015fayan KKTC vatanda\u015flar\u0131 ile bir araya geldi\",\"datePublished\":\"2023-09-24T16:38:18+00:00\",\"mainEntityOfPage\":{\"@id\":\"https:\\\/\\\/kibrisdakik.com\\\/?p=14410\"},\"wordCount\":987,\"commentCount\":0,\"image\":{\"@id\":\"https:\\\/\\\/kibrisdakik.com\\\/?p=14410#primaryimage\"},\"thumbnailUrl\":\"https:\\\/\\\/kibrisdakik.com\\\/wp-content\\\/uploads\\\/2023\\\/09\\\/tatar-6-6-740x420.jpg\",\"articleSection\":[\"G\u00fcndem\"],\"inLanguage\":\"tr\",\"potentialAction\":[{\"@type\":\"CommentAction\",\"name\":\"Comment\",\"target\":[\"https:\\\/\\\/kibrisdakik.com\\\/?p=14410#respond\"]}]},{\"@type\":\"WebPage\",\"@id\":\"https:\\\/\\\/kibrisdakik.com\\\/?p=14410\",\"url\":\"https:\\\/\\\/kibrisdakik.com\\\/?p=14410\",\"name\":\"Cumhurba\u015fkan\u0131 Tatar, New York\u2019ta ya\u015fayan KKTC vatanda\u015flar\u0131 ile bir araya geldi -\",\"isPartOf\":{\"@id\":\"https:\\\/\\\/kibrisdakik.com\\\/#website\"},\"primaryImageOfPage\":{\"@id\":\"https:\\\/\\\/kibrisdakik.com\\\/?p=14410#primaryimage\"},\"image\":{\"@id\":\"https:\\\/\\\/kibrisdakik.com\\\/?p=14410#primaryimage\"},\"thumbnailUrl\":\"https:\\\/\\\/kibrisdakik.com\\\/wp-content\\\/uploads\\\/2023\\\/09\\\/tatar-6-6-740x420.jpg\",\"datePublished\":\"2023-09-24T16:38:18+00:00\",\"author\":{\"@id\":\"https:\\\/\\\/kibrisdakik.com\\\/#\\\/schema\\\/person\\\/9cd9d437bbb44f72b73ba127e06d8e79\"},\"breadcrumb\":{\"@id\":\"https:\\\/\\\/kibrisdakik.com\\\/?p=14410#breadcrumb\"},\"inLanguage\":\"tr\",\"potentialAction\":[{\"@type\":\"ReadAction\",\"target\":[\"https:\\\/\\\/kibrisdakik.com\\\/?p=14410\"]}]},{\"@type\":\"ImageObject\",\"inLanguage\":\"tr\",\"@id\":\"https:\\\/\\\/kibrisdakik.com\\\/?p=14410#primaryimage\",\"url\":\"https:\\\/\\\/kibrisdakik.com\\\/wp-content\\\/uploads\\\/2023\\\/09\\\/tatar-6-6-740x420.jpg\",\"contentUrl\":\"https:\\\/\\\/kibrisdakik.com\\\/wp-content\\\/uploads\\\/2023\\\/09\\\/tatar-6-6-740x420.jpg\",\"width\":1600,\"height\":1065},{\"@type\":\"BreadcrumbList\",\"@id\":\"https:\\\/\\\/kibrisdakik.com\\\/?p=14410#breadcrumb\",\"itemListElement\":[{\"@type\":\"ListItem\",\"position\":1,\"name\":\"Home\",\"item\":\"https:\\\/\\\/kibrisdakik.com\\\/\"},{\"@type\":\"ListItem\",\"position\":2,\"name\":\"Cumhurba\u015fkan\u0131 Tatar, New York\u2019ta ya\u015fayan KKTC vatanda\u015flar\u0131 ile bir araya geldi\"}]},{\"@type\":\"WebSite\",\"@id\":\"https:\\\/\\\/kibrisdakik.com\\\/#website\",\"url\":\"https:\\\/\\\/kibrisdakik.com\\\/\",\"name\":\"\",\"description\":\"Tam vaktinde haber\",\"potentialAction\":[{\"@type\":\"SearchAction\",\"target\":{\"@type\":\"EntryPoint\",\"urlTemplate\":\"https:\\\/\\\/kibrisdakik.com\\\/?s={search_term_string}\"},\"query-input\":{\"@type\":\"PropertyValueSpecification\",\"valueRequired\":true,\"valueName\":\"search_term_string\"}}],\"inLanguage\":\"tr\"},{\"@type\":\"Person\",\"@id\":\"https:\\\/\\\/kibrisdakik.com\\\/#\\\/schema\\\/person\\\/9cd9d437bbb44f72b73ba127e06d8e79\",\"name\":\"admin\",\"image\":{\"@type\":\"ImageObject\",\"inLanguage\":\"tr\",\"@id\":\"https:\\\/\\\/secure.gravatar.com\\\/avatar\\\/ccc17943b9d660506c869530f897617f7cb1c21a4bf30023f252596d83e1f007?s=96&d=mm&r=g\",\"url\":\"https:\\\/\\\/secure.gravatar.com\\\/avatar\\\/ccc17943b9d660506c869530f897617f7cb1c21a4bf30023f252596d83e1f007?s=96&d=mm&r=g\",\"contentUrl\":\"https:\\\/\\\/secure.gravatar.com\\\/avatar\\\/ccc17943b9d660506c869530f897617f7cb1c21a4bf30023f252596d83e1f007?s=96&d=mm&r=g\",\"caption\":\"admin\"},\"sameAs\":[\"https:\\\/\\\/kibrisdakik.com\"],\"url\":\"https:\\\/\\\/kibrisdakik.com\\\/?author=1\"}]}<\/script>\n<!-- \/ Yoast SEO plugin. -->","yoast_head_json":{"title":"Cumhurba\u015fkan\u0131 Tatar, New York\u2019ta ya\u015fayan KKTC vatanda\u015flar\u0131 ile bir araya geldi -","robots":{"index":"index","follow":"follow","max-snippet":"max-snippet:-1","max-image-preview":"max-image-preview:large","max-video-preview":"max-video-preview:-1"},"canonical":"https:\/\/kibrisdakik.com\/?p=14410","og_locale":"tr_TR","og_type":"article","og_title":"Cumhurba\u015fkan\u0131 Tatar, New York\u2019ta ya\u015fayan KKTC vatanda\u015flar\u0131 ile bir araya geldi -","og_description":"\u00a0 Birle\u015fmi\u015f Milletler 78\u2019inci Genel Kurulu dolay\u0131s\u0131yla New York\u2019ta temaslar\u0131n\u0131 s\u00fcrd\u00fcren Cumhurba\u015fkan\u0131 Ersin Tatar, burada ya\u015fayan KKTC vatanda\u015flar\u0131 ile bulu\u015ftu. Cumhurba\u015fkanl\u0131\u011f\u0131ndan yap\u0131lan a\u00e7\u0131klamaya g\u00f6re Cumhurba\u015fkan\u0131 Ersin Tatar burada yapt\u0131\u011f\u0131 konu\u015fmada, New York ziyaretleri kapsam\u0131nda her y\u0131l New York\u2019ta ya\u015fayan KKTC vatanda\u015flar\u0131 ile bir araya geldi\u011fini belirterek, K\u0131br\u0131s T\u00fcrklerinin y\u0131llardan beri verdi\u011fi ba\u011f\u0131ms\u0131zl\u0131k m\u00fccadelesinin bug\u00fcn Do\u011fu","og_url":"https:\/\/kibrisdakik.com\/?p=14410","article_published_time":"2023-09-24T16:38:18+00:00","og_image":[{"width":1600,"height":1065,"url":"https:\/\/kibrisdakik.com\/wp-content\/uploads\/2023\/09\/tatar-6-6-740x420.jpg","type":"image\/jpeg"}],"author":"admin","twitter_card":"summary_large_image","twitter_misc":{"Yazan:":"admin","Tahmini okuma s\u00fcresi":"5 dakika"},"schema":{"@context":"https:\/\/schema.org","@graph":[{"@type":"Article","@id":"https:\/\/kibrisdakik.com\/?p=14410#article","isPartOf":{"@id":"https:\/\/kibrisdakik.com\/?p=14410"},"author":{"name":"admin","@id":"https:\/\/kibrisdakik.com\/#\/schema\/person\/9cd9d437bbb44f72b73ba127e06d8e79"},"headline":"Cumhurba\u015fkan\u0131 Tatar, New York\u2019ta ya\u015fayan KKTC vatanda\u015flar\u0131 ile bir araya geldi","datePublished":"2023-09-24T16:38:18+00:00","mainEntityOfPage":{"@id":"https:\/\/kibrisdakik.com\/?p=14410"},"wordCount":987,"commentCount":0,"image":{"@id":"https:\/\/kibrisdakik.com\/?p=14410#primaryimage"},"thumbnailUrl":"https:\/\/kibrisdakik.com\/wp-content\/uploads\/2023\/09\/tatar-6-6-740x420.jpg","articleSection":["G\u00fcndem"],"inLanguage":"tr","potentialAction":[{"@type":"CommentAction","name":"Comment","target":["https:\/\/kibrisdakik.com\/?p=14410#respond"]}]},{"@type":"WebPage","@id":"https:\/\/kibrisdakik.com\/?p=14410","url":"https:\/\/kibrisdakik.com\/?p=14410","name":"Cumhurba\u015fkan\u0131 Tatar, New York\u2019ta ya\u015fayan KKTC vatanda\u015flar\u0131 ile bir araya geldi -","isPartOf":{"@id":"https:\/\/kibrisdakik.com\/#website"},"primaryImageOfPage":{"@id":"https:\/\/kibrisdakik.com\/?p=14410#primaryimage"},"image":{"@id":"https:\/\/kibrisdakik.com\/?p=14410#primaryimage"},"thumbnailUrl":"https:\/\/kibrisdakik.com\/wp-content\/uploads\/2023\/09\/tatar-6-6-740x420.jpg","datePublished":"2023-09-24T16:38:18+00:00","author":{"@id":"https:\/\/kibrisdakik.com\/#\/schema\/person\/9cd9d437bbb44f72b73ba127e06d8e79"},"breadcrumb":{"@id":"https:\/\/kibrisdakik.com\/?p=14410#breadcrumb"},"inLanguage":"tr","potentialAction":[{"@type":"ReadAction","target":["https:\/\/kibrisdakik.com\/?p=14410"]}]},{"@type":"ImageObject","inLanguage":"tr","@id":"https:\/\/kibrisdakik.com\/?p=14410#primaryimage","url":"https:\/\/kibrisdakik.com\/wp-content\/uploads\/2023\/09\/tatar-6-6-740x420.jpg","contentUrl":"https:\/\/kibrisdakik.com\/wp-content\/uploads\/2023\/09\/tatar-6-6-740x420.jpg","width":1600,"height":1065},{"@type":"BreadcrumbList","@id":"https:\/\/kibrisdakik.com\/?p=14410#breadcrumb","itemListElement":[{"@type":"ListItem","position":1,"name":"Home","item":"https:\/\/kibrisdakik.com\/"},{"@type":"ListItem","position":2,"name":"Cumhurba\u015fkan\u0131 Tatar, New York\u2019ta ya\u015fayan KKTC vatanda\u015flar\u0131 ile bir araya geldi"}]},{"@type":"WebSite","@id":"https:\/\/kibrisdakik.com\/#website","url":"https:\/\/kibrisdakik.com\/","name":"","description":"Tam vaktinde haber","potentialAction":[{"@type":"SearchAction","target":{"@type":"EntryPoint","urlTemplate":"https:\/\/kibrisdakik.com\/?s={search_term_string}"},"query-input":{"@type":"PropertyValueSpecification","valueRequired":true,"valueName":"search_term_string"}}],"inLanguage":"tr"},{"@type":"Person","@id":"https:\/\/kibrisdakik.com\/#\/schema\/person\/9cd9d437bbb44f72b73ba127e06d8e79","name":"admin","image":{"@type":"ImageObject","inLanguage":"tr","@id":"https:\/\/secure.gravatar.com\/avatar\/ccc17943b9d660506c869530f897617f7cb1c21a4bf30023f252596d83e1f007?s=96&d=mm&r=g","url":"https:\/\/secure.gravatar.com\/avatar\/ccc17943b9d660506c869530f897617f7cb1c21a4bf30023f252596d83e1f007?s=96&d=mm&r=g","contentUrl":"https:\/\/secure.gravatar.com\/avatar\/ccc17943b9d660506c869530f897617f7cb1c21a4bf30023f252596d83e1f007?s=96&d=mm&r=g","caption":"admin"},"sameAs":["https:\/\/kibrisdakik.com"],"url":"https:\/\/kibrisdakik.com\/?author=1"}]}},"_links":{"self":[{"href":"https:\/\/kibrisdakik.com\/index.php?rest_route=\/wp\/v2\/posts\/14410","targetHints":{"allow":["GET"]}}],"collection":[{"href":"https:\/\/kibrisdakik.com\/index.php?rest_route=\/wp\/v2\/posts"}],"about":[{"href":"https:\/\/kibrisdakik.com\/index.php?rest_route=\/wp\/v2\/types\/post"}],"author":[{"embeddable":true,"href":"https:\/\/kibrisdakik.com\/index.php?rest_route=\/wp\/v2\/users\/1"}],"replies":[{"embeddable":true,"href":"https:\/\/kibrisdakik.com\/index.php?rest_route=%2Fwp%2Fv2%2Fcomments&post=14410"}],"version-history":[{"count":0,"href":"https:\/\/kibrisdakik.com\/index.php?rest_route=\/wp\/v2\/posts\/14410\/revisions"}],"wp:featuredmedia":[{"embeddable":true,"href":"https:\/\/kibrisdakik.com\/index.php?rest_route=\/wp\/v2\/media\/14411"}],"wp:attachment":[{"href":"https:\/\/kibrisdakik.com\/index.php?rest_route=%2Fwp%2Fv2%2Fmedia&parent=14410"}],"wp:term":[{"taxonomy":"category","embeddable":true,"href":"https:\/\/kibrisdakik.com\/index.php?rest_route=%2Fwp%2Fv2%2Fcategories&post=14410"},{"taxonomy":"post_tag","embeddable":true,"href":"https:\/\/kibrisdakik.com\/index.php?rest_route=%2Fwp%2Fv2%2Ftags&post=14410"}],"curies":[{"name":"wp","href":"https:\/\/api.w.org\/{rel}","templated":true}]}}