{"id":14454,"date":"2023-09-25T14:03:34","date_gmt":"2023-09-25T14:03:34","guid":{"rendered":"https:\/\/kibrisdakik.com\/index.php\/2023\/09\/25\/tarim-bakani-cavus-bakude-cavus-yogun-bakimda-tedavi-goren-azerbeycan-milletvekili-pasayevanin-ailesini-ziyaret-etti\/"},"modified":"2023-09-25T14:03:34","modified_gmt":"2023-09-25T14:03:34","slug":"tarim-bakani-cavus-bakude-cavus-yogun-bakimda-tedavi-goren-azerbeycan-milletvekili-pasayevanin-ailesini-ziyaret-etti","status":"publish","type":"post","link":"https:\/\/kibrisdakik.com\/?p=14454","title":{"rendered":"Tar\u0131m Bakan\u0131 \u00c7avu\u015f Bak\u00fc\u2019de\u2026 \u00c7avu\u015f yo\u011fun bak\u0131mda tedavi g\u00f6ren Azerbeycan Milletvekili Pa\u015fayeva\u2019n\u0131n ailesini ziyaret etti"},"content":{"rendered":"<p><\/p>\n<div>\n<div class=\"mariselle-image-container center\">\n                <img width=\"1024\" height=\"680\" class=\"lazy-image\" alt=\"\" decoding=\"async\" loading=\"lazy\" sizes=\"auto, (max-width: 1024px) 100vw, 1024px\" src=\"https:\/\/brtk.net\/wp-content\/uploads\/2023\/09\/25\/tarim-ve-dogal-kaynaklar-bakani2.jpg?ver=8329d414a6402d1bec78ea86984b4a00\" srcset=\"https:\/\/brtk.net\/wp-content\/uploads\/2023\/09\/25\/tarim-ve-dogal-kaynaklar-bakani2.jpg?ver=8329d414a6402d1bec78ea86984b4a00 1024w, https:\/\/brtk.net\/wp-content\/uploads\/2023\/09\/25\/tarim-ve-dogal-kaynaklar-bakani2-300x199.jpg?ver=25c2a06a8562b992f5730ea13f3b68b0 300w, https:\/\/brtk.net\/wp-content\/uploads\/2023\/09\/25\/tarim-ve-dogal-kaynaklar-bakani2-768x510.jpg?ver=25c2a06a8562b992f5730ea13f3b68b0 768w\"\/>                            <\/div>\n<p>Tar\u0131m ve Do\u011fal Kaynaklar Bakan\u0131 H\u00fcseyin \u00c7avu\u015f, T\u00fcrk Devletleri Te\u015fkilat\u0131 (TDT) 2. Tar\u0131m Bakanlar\u0131 toplant\u0131s\u0131na kat\u0131lmak \u00fczere bug\u00fcn gitti\u011fi Bak\u00fc\u2019de, yo\u011fun bak\u0131mda tedavi g\u00f6ren Azerbeycan Milletvekili Ganire Pa\u015fayeva\u2019n\u0131n yatt\u0131\u011f\u0131 hastaneye giderek ailesine ge\u00e7mi\u015f olsun dileklerini iletti.<\/p>\n<p>K\u0131br\u0131sl\u0131 T\u00fcrklere yak\u0131nl\u0131\u011f\u0131yla ve Kuzey K\u0131br\u0131s T\u00fcrk Cumhuriyeti\u2019ne deste\u011fiyle bilinen Pa\u015fayeva ani rahats\u0131zl\u0131k  sonucu yo\u011fun bak\u0131m \u00fcnitesinde tedaviye al\u0131nm\u0131\u015ft\u0131. Pa\u015fayeva\u2019n\u0131n  ailesini ziyaret eden \u00c7avu\u015f, Pa\u015fayeva\u2019n\u0131n en k\u0131sa zamanda sa\u011fl\u0131\u011f\u0131na kavu\u015fmas\u0131n\u0131 temenni etti ve acil \u015fifalar diledi.<\/p>\n<p>\u00c7avu\u015f\u2019a temaslar\u0131 s\u0131ras\u0131nda <a href=\"https:\/\/brtk.net\/\">KKTC<\/a> Bak\u00fc temsilcisi B\u00fcy\u00fckel\u00e7i Ufuk Turganer e\u015flik ediyor.<\/p>\n<\/p><\/div>\n<p><script async\n                    defer\n                    crossorigin=\"anonymous\"\n                    src=\"https:\/\/connect.facebook.net\/tr_TR\/sdk.js#xfbml=1&#038;version=v3.3\"\n            ><\/script><\/p>\n","protected":false},"excerpt":{"rendered":"<p>Tar\u0131m ve Do\u011fal Kaynaklar Bakan\u0131 H\u00fcseyin \u00c7avu\u015f, T\u00fcrk Devletleri Te\u015fkilat\u0131 (TDT) 2. Tar\u0131m Bakanlar\u0131 toplant\u0131s\u0131na kat\u0131lmak \u00fczere bug\u00fcn gitti\u011fi Bak\u00fc\u2019de, yo\u011fun bak\u0131mda tedavi g\u00f6ren Azerbeycan Milletvekili Ganire Pa\u015fayeva\u2019n\u0131n yatt\u0131\u011f\u0131 hastaneye giderek ailesine ge\u00e7mi\u015f olsun dileklerini iletti. K\u0131br\u0131sl\u0131 T\u00fcrklere yak\u0131nl\u0131\u011f\u0131yla ve Kuzey K\u0131br\u0131s T\u00fcrk Cumhuriyeti\u2019ne deste\u011fiyle bilinen Pa\u015fayeva ani rahats\u0131zl\u0131k sonucu yo\u011fun bak\u0131m \u00fcnitesinde tedaviye al\u0131nm\u0131\u015ft\u0131.<\/p>\n","protected":false},"author":1,"featured_media":14455,"comment_status":"open","ping_status":"open","sticky":false,"template":"","format":"standard","meta":{"footnotes":""},"categories":[1],"tags":[],"class_list":["post-14454","post","type-post","status-publish","format-standard","has-post-thumbnail","hentry","category-gundem"],"yoast_head":"<!-- This site is optimized with the Yoast SEO plugin v27.4 - https:\/\/yoast.com\/product\/yoast-seo-wordpress\/ -->\n<title>Tar\u0131m Bakan\u0131 \u00c7avu\u015f Bak\u00fc\u2019de\u2026 \u00c7avu\u015f yo\u011fun bak\u0131mda tedavi g\u00f6ren Azerbeycan Milletvekili Pa\u015fayeva\u2019n\u0131n ailesini ziyaret etti -<\/title>\n<meta name=\"robots\" content=\"index, follow, max-snippet:-1, max-image-preview:large, max-video-preview:-1\" \/>\n<link rel=\"canonical\" href=\"https:\/\/kibrisdakik.com\/?p=14454\" \/>\n<meta property=\"og:locale\" content=\"tr_TR\" \/>\n<meta property=\"og:type\" content=\"article\" \/>\n<meta property=\"og:title\" content=\"Tar\u0131m Bakan\u0131 \u00c7avu\u015f Bak\u00fc\u2019de\u2026 \u00c7avu\u015f yo\u011fun bak\u0131mda tedavi g\u00f6ren Azerbeycan Milletvekili Pa\u015fayeva\u2019n\u0131n ailesini ziyaret etti -\" \/>\n<meta property=\"og:description\" content=\"Tar\u0131m ve Do\u011fal Kaynaklar Bakan\u0131 H\u00fcseyin \u00c7avu\u015f, T\u00fcrk Devletleri Te\u015fkilat\u0131 (TDT) 2. Tar\u0131m Bakanlar\u0131 toplant\u0131s\u0131na kat\u0131lmak \u00fczere bug\u00fcn gitti\u011fi Bak\u00fc\u2019de, yo\u011fun bak\u0131mda tedavi g\u00f6ren Azerbeycan Milletvekili Ganire Pa\u015fayeva\u2019n\u0131n yatt\u0131\u011f\u0131 hastaneye giderek ailesine ge\u00e7mi\u015f olsun dileklerini iletti. K\u0131br\u0131sl\u0131 T\u00fcrklere yak\u0131nl\u0131\u011f\u0131yla ve Kuzey K\u0131br\u0131s T\u00fcrk Cumhuriyeti\u2019ne deste\u011fiyle bilinen Pa\u015fayeva ani rahats\u0131zl\u0131k sonucu yo\u011fun bak\u0131m \u00fcnitesinde tedaviye al\u0131nm\u0131\u015ft\u0131.\" \/>\n<meta property=\"og:url\" content=\"https:\/\/kibrisdakik.com\/?p=14454\" \/>\n<meta property=\"article:published_time\" content=\"2023-09-25T14:03:34+00:00\" \/>\n<meta property=\"og:image\" content=\"https:\/\/kibrisdakik.com\/wp-content\/uploads\/2023\/09\/tarim-ve-dogal-kaynaklar-bakani2-740x420.jpg\" \/>\n\t<meta property=\"og:image:width\" content=\"1024\" \/>\n\t<meta property=\"og:image:height\" content=\"680\" \/>\n\t<meta property=\"og:image:type\" content=\"image\/jpeg\" \/>\n<meta name=\"author\" content=\"admin\" \/>\n<meta name=\"twitter:card\" content=\"summary_large_image\" \/>\n<meta name=\"twitter:label1\" content=\"Yazan:\" \/>\n\t<meta name=\"twitter:data1\" content=\"admin\" \/>\n\t<meta name=\"twitter:label2\" content=\"Tahmini okuma s\u00fcresi\" \/>\n\t<meta name=\"twitter:data2\" content=\"1 dakika\" \/>\n<script type=\"application\/ld+json\" class=\"yoast-schema-graph\">{\"@context\":\"https:\\\/\\\/schema.org\",\"@graph\":[{\"@type\":\"Article\",\"@id\":\"https:\\\/\\\/kibrisdakik.com\\\/?p=14454#article\",\"isPartOf\":{\"@id\":\"https:\\\/\\\/kibrisdakik.com\\\/?p=14454\"},\"author\":{\"name\":\"admin\",\"@id\":\"https:\\\/\\\/kibrisdakik.com\\\/#\\\/schema\\\/person\\\/9cd9d437bbb44f72b73ba127e06d8e79\"},\"headline\":\"Tar\u0131m Bakan\u0131 \u00c7avu\u015f Bak\u00fc\u2019de\u2026 \u00c7avu\u015f yo\u011fun bak\u0131mda tedavi g\u00f6ren Azerbeycan Milletvekili Pa\u015fayeva\u2019n\u0131n ailesini ziyaret etti\",\"datePublished\":\"2023-09-25T14:03:34+00:00\",\"mainEntityOfPage\":{\"@id\":\"https:\\\/\\\/kibrisdakik.com\\\/?p=14454\"},\"wordCount\":159,\"commentCount\":0,\"image\":{\"@id\":\"https:\\\/\\\/kibrisdakik.com\\\/?p=14454#primaryimage\"},\"thumbnailUrl\":\"https:\\\/\\\/kibrisdakik.com\\\/wp-content\\\/uploads\\\/2023\\\/09\\\/tarim-ve-dogal-kaynaklar-bakani2-740x420.jpg\",\"articleSection\":[\"G\u00fcndem\"],\"inLanguage\":\"tr\",\"potentialAction\":[{\"@type\":\"CommentAction\",\"name\":\"Comment\",\"target\":[\"https:\\\/\\\/kibrisdakik.com\\\/?p=14454#respond\"]}]},{\"@type\":\"WebPage\",\"@id\":\"https:\\\/\\\/kibrisdakik.com\\\/?p=14454\",\"url\":\"https:\\\/\\\/kibrisdakik.com\\\/?p=14454\",\"name\":\"Tar\u0131m Bakan\u0131 \u00c7avu\u015f Bak\u00fc\u2019de\u2026 \u00c7avu\u015f yo\u011fun bak\u0131mda tedavi g\u00f6ren Azerbeycan Milletvekili Pa\u015fayeva\u2019n\u0131n ailesini ziyaret etti -\",\"isPartOf\":{\"@id\":\"https:\\\/\\\/kibrisdakik.com\\\/#website\"},\"primaryImageOfPage\":{\"@id\":\"https:\\\/\\\/kibrisdakik.com\\\/?p=14454#primaryimage\"},\"image\":{\"@id\":\"https:\\\/\\\/kibrisdakik.com\\\/?p=14454#primaryimage\"},\"thumbnailUrl\":\"https:\\\/\\\/kibrisdakik.com\\\/wp-content\\\/uploads\\\/2023\\\/09\\\/tarim-ve-dogal-kaynaklar-bakani2-740x420.jpg\",\"datePublished\":\"2023-09-25T14:03:34+00:00\",\"author\":{\"@id\":\"https:\\\/\\\/kibrisdakik.com\\\/#\\\/schema\\\/person\\\/9cd9d437bbb44f72b73ba127e06d8e79\"},\"breadcrumb\":{\"@id\":\"https:\\\/\\\/kibrisdakik.com\\\/?p=14454#breadcrumb\"},\"inLanguage\":\"tr\",\"potentialAction\":[{\"@type\":\"ReadAction\",\"target\":[\"https:\\\/\\\/kibrisdakik.com\\\/?p=14454\"]}]},{\"@type\":\"ImageObject\",\"inLanguage\":\"tr\",\"@id\":\"https:\\\/\\\/kibrisdakik.com\\\/?p=14454#primaryimage\",\"url\":\"https:\\\/\\\/kibrisdakik.com\\\/wp-content\\\/uploads\\\/2023\\\/09\\\/tarim-ve-dogal-kaynaklar-bakani2-740x420.jpg\",\"contentUrl\":\"https:\\\/\\\/kibrisdakik.com\\\/wp-content\\\/uploads\\\/2023\\\/09\\\/tarim-ve-dogal-kaynaklar-bakani2-740x420.jpg\",\"width\":1024,\"height\":680},{\"@type\":\"BreadcrumbList\",\"@id\":\"https:\\\/\\\/kibrisdakik.com\\\/?p=14454#breadcrumb\",\"itemListElement\":[{\"@type\":\"ListItem\",\"position\":1,\"name\":\"Home\",\"item\":\"https:\\\/\\\/kibrisdakik.com\\\/\"},{\"@type\":\"ListItem\",\"position\":2,\"name\":\"Tar\u0131m Bakan\u0131 \u00c7avu\u015f Bak\u00fc\u2019de\u2026 \u00c7avu\u015f yo\u011fun bak\u0131mda tedavi g\u00f6ren Azerbeycan Milletvekili Pa\u015fayeva\u2019n\u0131n ailesini ziyaret etti\"}]},{\"@type\":\"WebSite\",\"@id\":\"https:\\\/\\\/kibrisdakik.com\\\/#website\",\"url\":\"https:\\\/\\\/kibrisdakik.com\\\/\",\"name\":\"\",\"description\":\"Tam vaktinde haber\",\"potentialAction\":[{\"@type\":\"SearchAction\",\"target\":{\"@type\":\"EntryPoint\",\"urlTemplate\":\"https:\\\/\\\/kibrisdakik.com\\\/?s={search_term_string}\"},\"query-input\":{\"@type\":\"PropertyValueSpecification\",\"valueRequired\":true,\"valueName\":\"search_term_string\"}}],\"inLanguage\":\"tr\"},{\"@type\":\"Person\",\"@id\":\"https:\\\/\\\/kibrisdakik.com\\\/#\\\/schema\\\/person\\\/9cd9d437bbb44f72b73ba127e06d8e79\",\"name\":\"admin\",\"image\":{\"@type\":\"ImageObject\",\"inLanguage\":\"tr\",\"@id\":\"https:\\\/\\\/secure.gravatar.com\\\/avatar\\\/ccc17943b9d660506c869530f897617f7cb1c21a4bf30023f252596d83e1f007?s=96&d=mm&r=g\",\"url\":\"https:\\\/\\\/secure.gravatar.com\\\/avatar\\\/ccc17943b9d660506c869530f897617f7cb1c21a4bf30023f252596d83e1f007?s=96&d=mm&r=g\",\"contentUrl\":\"https:\\\/\\\/secure.gravatar.com\\\/avatar\\\/ccc17943b9d660506c869530f897617f7cb1c21a4bf30023f252596d83e1f007?s=96&d=mm&r=g\",\"caption\":\"admin\"},\"sameAs\":[\"https:\\\/\\\/kibrisdakik.com\"],\"url\":\"https:\\\/\\\/kibrisdakik.com\\\/?author=1\"}]}<\/script>\n<!-- \/ Yoast SEO plugin. -->","yoast_head_json":{"title":"Tar\u0131m Bakan\u0131 \u00c7avu\u015f Bak\u00fc\u2019de\u2026 \u00c7avu\u015f yo\u011fun bak\u0131mda tedavi g\u00f6ren Azerbeycan Milletvekili Pa\u015fayeva\u2019n\u0131n ailesini ziyaret etti -","robots":{"index":"index","follow":"follow","max-snippet":"max-snippet:-1","max-image-preview":"max-image-preview:large","max-video-preview":"max-video-preview:-1"},"canonical":"https:\/\/kibrisdakik.com\/?p=14454","og_locale":"tr_TR","og_type":"article","og_title":"Tar\u0131m Bakan\u0131 \u00c7avu\u015f Bak\u00fc\u2019de\u2026 \u00c7avu\u015f yo\u011fun bak\u0131mda tedavi g\u00f6ren Azerbeycan Milletvekili Pa\u015fayeva\u2019n\u0131n ailesini ziyaret etti -","og_description":"Tar\u0131m ve Do\u011fal Kaynaklar Bakan\u0131 H\u00fcseyin \u00c7avu\u015f, T\u00fcrk Devletleri Te\u015fkilat\u0131 (TDT) 2. Tar\u0131m Bakanlar\u0131 toplant\u0131s\u0131na kat\u0131lmak \u00fczere bug\u00fcn gitti\u011fi Bak\u00fc\u2019de, yo\u011fun bak\u0131mda tedavi g\u00f6ren Azerbeycan Milletvekili Ganire Pa\u015fayeva\u2019n\u0131n yatt\u0131\u011f\u0131 hastaneye giderek ailesine ge\u00e7mi\u015f olsun dileklerini iletti. K\u0131br\u0131sl\u0131 T\u00fcrklere yak\u0131nl\u0131\u011f\u0131yla ve Kuzey K\u0131br\u0131s T\u00fcrk Cumhuriyeti\u2019ne deste\u011fiyle bilinen Pa\u015fayeva ani rahats\u0131zl\u0131k sonucu yo\u011fun bak\u0131m \u00fcnitesinde tedaviye al\u0131nm\u0131\u015ft\u0131.","og_url":"https:\/\/kibrisdakik.com\/?p=14454","article_published_time":"2023-09-25T14:03:34+00:00","og_image":[{"width":1024,"height":680,"url":"https:\/\/kibrisdakik.com\/wp-content\/uploads\/2023\/09\/tarim-ve-dogal-kaynaklar-bakani2-740x420.jpg","type":"image\/jpeg"}],"author":"admin","twitter_card":"summary_large_image","twitter_misc":{"Yazan:":"admin","Tahmini okuma s\u00fcresi":"1 dakika"},"schema":{"@context":"https:\/\/schema.org","@graph":[{"@type":"Article","@id":"https:\/\/kibrisdakik.com\/?p=14454#article","isPartOf":{"@id":"https:\/\/kibrisdakik.com\/?p=14454"},"author":{"name":"admin","@id":"https:\/\/kibrisdakik.com\/#\/schema\/person\/9cd9d437bbb44f72b73ba127e06d8e79"},"headline":"Tar\u0131m Bakan\u0131 \u00c7avu\u015f Bak\u00fc\u2019de\u2026 \u00c7avu\u015f yo\u011fun bak\u0131mda tedavi g\u00f6ren Azerbeycan Milletvekili Pa\u015fayeva\u2019n\u0131n ailesini ziyaret etti","datePublished":"2023-09-25T14:03:34+00:00","mainEntityOfPage":{"@id":"https:\/\/kibrisdakik.com\/?p=14454"},"wordCount":159,"commentCount":0,"image":{"@id":"https:\/\/kibrisdakik.com\/?p=14454#primaryimage"},"thumbnailUrl":"https:\/\/kibrisdakik.com\/wp-content\/uploads\/2023\/09\/tarim-ve-dogal-kaynaklar-bakani2-740x420.jpg","articleSection":["G\u00fcndem"],"inLanguage":"tr","potentialAction":[{"@type":"CommentAction","name":"Comment","target":["https:\/\/kibrisdakik.com\/?p=14454#respond"]}]},{"@type":"WebPage","@id":"https:\/\/kibrisdakik.com\/?p=14454","url":"https:\/\/kibrisdakik.com\/?p=14454","name":"Tar\u0131m Bakan\u0131 \u00c7avu\u015f Bak\u00fc\u2019de\u2026 \u00c7avu\u015f yo\u011fun bak\u0131mda tedavi g\u00f6ren Azerbeycan Milletvekili Pa\u015fayeva\u2019n\u0131n ailesini ziyaret etti -","isPartOf":{"@id":"https:\/\/kibrisdakik.com\/#website"},"primaryImageOfPage":{"@id":"https:\/\/kibrisdakik.com\/?p=14454#primaryimage"},"image":{"@id":"https:\/\/kibrisdakik.com\/?p=14454#primaryimage"},"thumbnailUrl":"https:\/\/kibrisdakik.com\/wp-content\/uploads\/2023\/09\/tarim-ve-dogal-kaynaklar-bakani2-740x420.jpg","datePublished":"2023-09-25T14:03:34+00:00","author":{"@id":"https:\/\/kibrisdakik.com\/#\/schema\/person\/9cd9d437bbb44f72b73ba127e06d8e79"},"breadcrumb":{"@id":"https:\/\/kibrisdakik.com\/?p=14454#breadcrumb"},"inLanguage":"tr","potentialAction":[{"@type":"ReadAction","target":["https:\/\/kibrisdakik.com\/?p=14454"]}]},{"@type":"ImageObject","inLanguage":"tr","@id":"https:\/\/kibrisdakik.com\/?p=14454#primaryimage","url":"https:\/\/kibrisdakik.com\/wp-content\/uploads\/2023\/09\/tarim-ve-dogal-kaynaklar-bakani2-740x420.jpg","contentUrl":"https:\/\/kibrisdakik.com\/wp-content\/uploads\/2023\/09\/tarim-ve-dogal-kaynaklar-bakani2-740x420.jpg","width":1024,"height":680},{"@type":"BreadcrumbList","@id":"https:\/\/kibrisdakik.com\/?p=14454#breadcrumb","itemListElement":[{"@type":"ListItem","position":1,"name":"Home","item":"https:\/\/kibrisdakik.com\/"},{"@type":"ListItem","position":2,"name":"Tar\u0131m Bakan\u0131 \u00c7avu\u015f Bak\u00fc\u2019de\u2026 \u00c7avu\u015f yo\u011fun bak\u0131mda tedavi g\u00f6ren Azerbeycan Milletvekili Pa\u015fayeva\u2019n\u0131n ailesini ziyaret etti"}]},{"@type":"WebSite","@id":"https:\/\/kibrisdakik.com\/#website","url":"https:\/\/kibrisdakik.com\/","name":"","description":"Tam vaktinde haber","potentialAction":[{"@type":"SearchAction","target":{"@type":"EntryPoint","urlTemplate":"https:\/\/kibrisdakik.com\/?s={search_term_string}"},"query-input":{"@type":"PropertyValueSpecification","valueRequired":true,"valueName":"search_term_string"}}],"inLanguage":"tr"},{"@type":"Person","@id":"https:\/\/kibrisdakik.com\/#\/schema\/person\/9cd9d437bbb44f72b73ba127e06d8e79","name":"admin","image":{"@type":"ImageObject","inLanguage":"tr","@id":"https:\/\/secure.gravatar.com\/avatar\/ccc17943b9d660506c869530f897617f7cb1c21a4bf30023f252596d83e1f007?s=96&d=mm&r=g","url":"https:\/\/secure.gravatar.com\/avatar\/ccc17943b9d660506c869530f897617f7cb1c21a4bf30023f252596d83e1f007?s=96&d=mm&r=g","contentUrl":"https:\/\/secure.gravatar.com\/avatar\/ccc17943b9d660506c869530f897617f7cb1c21a4bf30023f252596d83e1f007?s=96&d=mm&r=g","caption":"admin"},"sameAs":["https:\/\/kibrisdakik.com"],"url":"https:\/\/kibrisdakik.com\/?author=1"}]}},"_links":{"self":[{"href":"https:\/\/kibrisdakik.com\/index.php?rest_route=\/wp\/v2\/posts\/14454","targetHints":{"allow":["GET"]}}],"collection":[{"href":"https:\/\/kibrisdakik.com\/index.php?rest_route=\/wp\/v2\/posts"}],"about":[{"href":"https:\/\/kibrisdakik.com\/index.php?rest_route=\/wp\/v2\/types\/post"}],"author":[{"embeddable":true,"href":"https:\/\/kibrisdakik.com\/index.php?rest_route=\/wp\/v2\/users\/1"}],"replies":[{"embeddable":true,"href":"https:\/\/kibrisdakik.com\/index.php?rest_route=%2Fwp%2Fv2%2Fcomments&post=14454"}],"version-history":[{"count":0,"href":"https:\/\/kibrisdakik.com\/index.php?rest_route=\/wp\/v2\/posts\/14454\/revisions"}],"wp:featuredmedia":[{"embeddable":true,"href":"https:\/\/kibrisdakik.com\/index.php?rest_route=\/wp\/v2\/media\/14455"}],"wp:attachment":[{"href":"https:\/\/kibrisdakik.com\/index.php?rest_route=%2Fwp%2Fv2%2Fmedia&parent=14454"}],"wp:term":[{"taxonomy":"category","embeddable":true,"href":"https:\/\/kibrisdakik.com\/index.php?rest_route=%2Fwp%2Fv2%2Fcategories&post=14454"},{"taxonomy":"post_tag","embeddable":true,"href":"https:\/\/kibrisdakik.com\/index.php?rest_route=%2Fwp%2Fv2%2Ftags&post=14454"}],"curies":[{"name":"wp","href":"https:\/\/api.w.org\/{rel}","templated":true}]}}