{"id":14592,"date":"2023-09-27T17:25:54","date_gmt":"2023-09-27T17:25:54","guid":{"rendered":"https:\/\/kibrisdakik.com\/index.php\/2023\/09\/27\/dso-mevcut-covid-19-asilari-guvenli-ve-etkili-olmayi-surduruyor\/"},"modified":"2023-09-27T17:25:54","modified_gmt":"2023-09-27T17:25:54","slug":"dso-mevcut-covid-19-asilari-guvenli-ve-etkili-olmayi-surduruyor","status":"publish","type":"post","link":"https:\/\/kibrisdakik.com\/?p=14592","title":{"rendered":"DS\u00d6: Mevcut COVID-19 a\u015f\u0131lar\u0131 g\u00fcvenli ve etkili olmay\u0131 s\u00fcrd\u00fcr\u00fcyor"},"content":{"rendered":"<p><\/p>\n<div>\n<div class=\"mariselle-image-container center\">\n                <img width=\"1280\" height=\"720\" class=\"lazy-image\" alt=\"\" decoding=\"async\" loading=\"lazy\" sizes=\"auto, (max-width: 1280px) 100vw, 1280px\" src=\"https:\/\/brtk.net\/wp-content\/uploads\/2023\/09\/27\/vaccin.jpg?ver=24695820392d1b35fc38eb59ebc4a401\" srcset=\"https:\/\/brtk.net\/wp-content\/uploads\/2023\/09\/27\/vaccin.jpg?ver=24695820392d1b35fc38eb59ebc4a401 1280w, https:\/\/brtk.net\/wp-content\/uploads\/2023\/09\/27\/vaccin-300x169.jpg?ver=24695820392d1b35fc38eb59ebc4a401 300w, https:\/\/brtk.net\/wp-content\/uploads\/2023\/09\/27\/vaccin-1024x576.jpg?ver=3e168447647b690afde09151d40096e0 1024w, https:\/\/brtk.net\/wp-content\/uploads\/2023\/09\/27\/vaccin-768x432.jpg?ver=3e168447647b690afde09151d40096e0 768w\"\/>                            <\/div>\n<p>D\u00fcnya Sa\u011fl\u0131k \u00d6rg\u00fct\u00fc (DS\u00d6), mevcut <a href=\"https:\/\/brtk.net\/\"\/><a href=\"https:\/\/brtk.net\/\"\/><a href=\"https:\/\/brtk.net\/\"\/><a href=\"https:\/\/brtk.net\/\"\/><a href=\"https:\/\/brtk.net\/\"\/><a href=\"https:\/\/brtk.net\/\"\/><a href=\"https:\/\/brtk.net\/\"\/><a href=\"https:\/\/brtk.net\/\"\/><a href=\"https:\/\/brtk.net\/\"\/><a href=\"https:\/\/brtk.net\/\"\/><a href=\"https:\/\/brtk.net\/\">COVID-19<\/a> a\u015f\u0131lar\u0131n\u0131n g\u00fcvenli ve etkili olmay\u0131 s\u00fcrd\u00fcrd\u00fc\u011f\u00fcn\u00fc duyurdu.<\/p>\n<p>DS\u00d6 Genel Direkt\u00f6r\u00fc Tedros Adhanom Ghebreyesus, DS\u00d6\u2019n\u00fcn haftal\u0131k bas\u0131n toplant\u0131s\u0131nda g\u00fcncel sa\u011fl\u0131k konular\u0131na ili\u015fkin de\u011ferlendirmede bulundu.<\/p>\n<p>Kuzey yar\u0131mk\u00fcrede k\u0131\u015f mevsimi \u00f6ncesi <a href=\"https:\/\/brtk.net\/\"\/><a href=\"https:\/\/brtk.net\/\"\/><a href=\"https:\/\/brtk.net\/\"\/><a href=\"https:\/\/brtk.net\/\"\/><a href=\"https:\/\/brtk.net\/\"\/><a href=\"https:\/\/brtk.net\/\"\/><a href=\"https:\/\/brtk.net\/\"\/><a href=\"https:\/\/brtk.net\/\"\/><a href=\"https:\/\/brtk.net\/\"\/><a href=\"https:\/\/brtk.net\/\"\/><a href=\"https:\/\/brtk.net\/\">COVID-19<\/a> ile ilgili endi\u015fe verici e\u011filimleri g\u00f6rmeye devam ettiklerini dile getiren Ghebreyesus, \u00f6zellikle Avrupa ve ABD\u2019de son 28 g\u00fcnde <a href=\"https:\/\/brtk.net\/\"\/><a href=\"https:\/\/brtk.net\/\"\/><a href=\"https:\/\/brtk.net\/\"\/><a href=\"https:\/\/brtk.net\/\"\/><a href=\"https:\/\/brtk.net\/\"\/><a href=\"https:\/\/brtk.net\/\"\/><a href=\"https:\/\/brtk.net\/\"\/><a href=\"https:\/\/brtk.net\/\"\/><a href=\"https:\/\/brtk.net\/\"\/><a href=\"https:\/\/brtk.net\/\"\/><a href=\"https:\/\/brtk.net\/\">COVID-19<\/a> nedeniyle hastaneye yat\u0131\u015flar ve yo\u011fun bak\u0131ma kabullerin artt\u0131\u011f\u0131n\u0131 s\u00f6yledi.<\/p>\n<p>Ghebreyesus, <a href=\"https:\/\/brtk.net\/\"\/><a href=\"https:\/\/brtk.net\/\"\/><a href=\"https:\/\/brtk.net\/\"\/><a href=\"https:\/\/brtk.net\/\"\/><a href=\"https:\/\/brtk.net\/\"\/><a href=\"https:\/\/brtk.net\/\"\/><a href=\"https:\/\/brtk.net\/\"\/><a href=\"https:\/\/brtk.net\/\"\/><a href=\"https:\/\/brtk.net\/\"\/><a href=\"https:\/\/brtk.net\/\"\/><a href=\"https:\/\/brtk.net\/\">COVID-19<\/a> ile ilgili a\u015f\u0131laman\u0131n en fazla risk alt\u0131ndaki ki\u015filer i\u00e7in d\u00fc\u015f\u00fck kald\u0131\u011f\u0131n\u0131, d\u00fcnya n\u00fcfusunun 3\u2019te 2\u2019sinin ilk doz a\u015f\u0131y\u0131 ald\u0131\u011f\u0131n\u0131 fakat sadece 3\u2019te 1\u2019inin hat\u0131rlatma dozunu vuruldu\u011funu ifade etti.<\/p>\n<p>\u201c<a href=\"https:\/\/brtk.net\/\"\/><a href=\"https:\/\/brtk.net\/\"\/><a href=\"https:\/\/brtk.net\/\"\/><a href=\"https:\/\/brtk.net\/\"\/><a href=\"https:\/\/brtk.net\/\"\/><a href=\"https:\/\/brtk.net\/\"\/><a href=\"https:\/\/brtk.net\/\"\/><a href=\"https:\/\/brtk.net\/\"\/><a href=\"https:\/\/brtk.net\/\"\/><a href=\"https:\/\/brtk.net\/\"\/><a href=\"https:\/\/brtk.net\/\">COVID-19<\/a>, 2 y\u0131l \u00f6nceki gibi akut kriz olmayabilir ancak bu onu g\u00f6rmezden gelece\u011fimiz anlam\u0131na gelmiyor\u201d diyen Ghebreyesus, \u00fclkelerin <a href=\"https:\/\/brtk.net\/\"\/><a href=\"https:\/\/brtk.net\/\"\/><a href=\"https:\/\/brtk.net\/\"\/><a href=\"https:\/\/brtk.net\/\"\/><a href=\"https:\/\/brtk.net\/\"\/><a href=\"https:\/\/brtk.net\/\"\/><a href=\"https:\/\/brtk.net\/\"\/><a href=\"https:\/\/brtk.net\/\"\/><a href=\"https:\/\/brtk.net\/\"\/><a href=\"https:\/\/brtk.net\/\"\/><a href=\"https:\/\/brtk.net\/\">COVID-19<\/a> ile m\u00fccadele i\u00e7in \u00e7ok fazla yat\u0131r\u0131m yapt\u0131\u011f\u0131n\u0131 ve bu konudaki \u00f6nlemlerini s\u00fcrd\u00fcrmeleri gerekti\u011fini vurgulad\u0131.<\/p>\n<p>Y\u0131k\u0131c\u0131 sel felaketinin ya\u015fand\u0131\u011f\u0131 Libya\u2019daki kriz halinin s\u00fcrd\u00fc\u011f\u00fcn\u00fc s\u00f6yleyen Ghebreyesus, \u201cLibya\u2019da resmi olarak 4 binden fazla ki\u015fi \u00f6ld\u00fc, 8 bin 500\u2019den fazla ki\u015fi kay\u0131p ve 30 binden fazla ki\u015fi yerinden edildi\u201d dedi.<\/p>\n<p>Ghebreyesus, Libya\u2019daki sa\u011fl\u0131k tesisleri ve hastanelerin, yap\u0131sal hasar, ila\u00e7 ve t\u0131bbi ekipman eksikli\u011fi ile sa\u011fl\u0131k \u00e7al\u0131\u015fanlar\u0131n\u0131n yetersizli\u011fi nedeniyle yaln\u0131zca 3\u2019te 1\u2019inin i\u015flevsel durumda oldu\u011funu kaydetti.<\/p>\n<p>DS\u00d6\u2019n\u00fcn Libya\u2019daki yerel otoriterlerle i\u015fbirli\u011fi i\u00e7erisinde oldu\u011funu aktaran Ghebreyesus, bunlar\u0131 desteklemek i\u00e7in DS\u00d6\u2019n\u00fcn acil durum fonundan 2,3 milyon <a href=\"https:\/\/brtk.net\/\">dolar<\/a> ay\u0131rd\u0131klar\u0131 ve 11 milyon <a href=\"https:\/\/brtk.net\/\">dolar<\/a> tutar\u0131nda yard\u0131m \u00e7a\u011fr\u0131s\u0131 ba\u015flatt\u0131klar\u0131n\u0131 belirtti.<\/p>\n<p><strong>\u201cMevcut <a href=\"https:\/\/brtk.net\/\"\/><a href=\"https:\/\/brtk.net\/\"\/><a href=\"https:\/\/brtk.net\/\"\/><a href=\"https:\/\/brtk.net\/\"\/><a href=\"https:\/\/brtk.net\/\"\/><a href=\"https:\/\/brtk.net\/\"\/><a href=\"https:\/\/brtk.net\/\"\/><a href=\"https:\/\/brtk.net\/\"\/><a href=\"https:\/\/brtk.net\/\"\/><a href=\"https:\/\/brtk.net\/\"\/><a href=\"https:\/\/brtk.net\/\">COVID-19<\/a> a\u015f\u0131lar\u0131 g\u00fcvenli ve etkili olmay\u0131 s\u00fcrd\u00fcr\u00fcyor\u201d<\/strong><\/p>\n<p>\u201cSon d\u00f6nemde <a href=\"https:\/\/brtk.net\/\"\/><a href=\"https:\/\/brtk.net\/\"\/><a href=\"https:\/\/brtk.net\/\"\/><a href=\"https:\/\/brtk.net\/\"\/><a href=\"https:\/\/brtk.net\/\"\/><a href=\"https:\/\/brtk.net\/\"\/><a href=\"https:\/\/brtk.net\/\"\/><a href=\"https:\/\/brtk.net\/\"\/><a href=\"https:\/\/brtk.net\/\"\/><a href=\"https:\/\/brtk.net\/\"\/><a href=\"https:\/\/brtk.net\/\">COVID-19<\/a> <a href=\"https:\/\/brtk.net\/\">vaka<\/a>lar\u0131 artarken yeni varyantlar\u0131n daha bula\u015f\u0131c\u0131 ve tehlikeli oldu\u011funu s\u00f6yleyebilir misiniz? Yeni varyantlar i\u00e7in yeni a\u015f\u0131 programlar\u0131na ihtiya\u00e7 duyulacak m\u0131?\u201d sorusunu yan\u0131tlayan DS\u00d6\u2019n\u00fcn <a href=\"https:\/\/brtk.net\/\"\/><a href=\"https:\/\/brtk.net\/\"\/><a href=\"https:\/\/brtk.net\/\"\/><a href=\"https:\/\/brtk.net\/\"\/><a href=\"https:\/\/brtk.net\/\"\/><a href=\"https:\/\/brtk.net\/\"\/><a href=\"https:\/\/brtk.net\/\"\/><a href=\"https:\/\/brtk.net\/\"\/><a href=\"https:\/\/brtk.net\/\"\/><a href=\"https:\/\/brtk.net\/\"\/><a href=\"https:\/\/brtk.net\/\">COVID-19<\/a>\u2018a Kar\u015f\u0131 M\u00fccadele Teknik Heyeti Lideri Maria Van Kerkhove, <a href=\"https:\/\/brtk.net\/\"\/><a href=\"https:\/\/brtk.net\/\"\/><a href=\"https:\/\/brtk.net\/\"\/><a href=\"https:\/\/brtk.net\/\"\/><a href=\"https:\/\/brtk.net\/\"\/><a href=\"https:\/\/brtk.net\/\"\/><a href=\"https:\/\/brtk.net\/\"\/><a href=\"https:\/\/brtk.net\/\"\/><a href=\"https:\/\/brtk.net\/\"\/><a href=\"https:\/\/brtk.net\/\"\/><a href=\"https:\/\/brtk.net\/\">COVID-19<\/a>\u2018un yayg\u0131n yeni varyantlar\u0131 olan EG.5.1 (Eris) , XBB.1.5 ve BA.2.86\u2019n\u0131n (Pirola) ciddiyet d\u00fczeyinde bir de\u011fi\u015fiklik tespit etmediklerini dile getirdi.<\/p>\n<p><a href=\"https:\/\/brtk.net\/\"\/><a href=\"https:\/\/brtk.net\/\"\/><a href=\"https:\/\/brtk.net\/\"\/><a href=\"https:\/\/brtk.net\/\"\/><a href=\"https:\/\/brtk.net\/\"\/><a href=\"https:\/\/brtk.net\/\"\/><a href=\"https:\/\/brtk.net\/\"\/><a href=\"https:\/\/brtk.net\/\"\/><a href=\"https:\/\/brtk.net\/\"\/><a href=\"https:\/\/brtk.net\/\"\/><a href=\"https:\/\/brtk.net\/\">COVID-19<\/a>\u2018a kar\u015f\u0131 al\u0131nan \u00f6nlemlerin i\u015fe yarad\u0131\u011f\u0131n\u0131 vurgulayan Kerkhove, \u201cMevcut <a href=\"https:\/\/brtk.net\/\"\/><a href=\"https:\/\/brtk.net\/\"\/><a href=\"https:\/\/brtk.net\/\"\/><a href=\"https:\/\/brtk.net\/\"\/><a href=\"https:\/\/brtk.net\/\"\/><a href=\"https:\/\/brtk.net\/\"\/><a href=\"https:\/\/brtk.net\/\"\/><a href=\"https:\/\/brtk.net\/\"\/><a href=\"https:\/\/brtk.net\/\"\/><a href=\"https:\/\/brtk.net\/\"\/><a href=\"https:\/\/brtk.net\/\">COVID-19<\/a> a\u015f\u0131lar\u0131 g\u00fcvenli ve etkili olmay\u0131 s\u00fcrd\u00fcr\u00fcyor, ciddi hastal\u0131klar\u0131 ve \u00f6l\u00fcmleri \u00f6nl\u00fcyor.\u201d dedi.<\/p>\n<\/p><\/div>\n<p><script async\n                    defer\n                    crossorigin=\"anonymous\"\n                    src=\"https:\/\/connect.facebook.net\/tr_TR\/sdk.js#xfbml=1&#038;version=v3.3\"\n            ><\/script><\/p>\n","protected":false},"excerpt":{"rendered":"<p>D\u00fcnya Sa\u011fl\u0131k \u00d6rg\u00fct\u00fc (DS\u00d6), mevcut COVID-19 a\u015f\u0131lar\u0131n\u0131n g\u00fcvenli ve etkili olmay\u0131 s\u00fcrd\u00fcrd\u00fc\u011f\u00fcn\u00fc duyurdu. DS\u00d6 Genel Direkt\u00f6r\u00fc Tedros Adhanom Ghebreyesus, DS\u00d6\u2019n\u00fcn haftal\u0131k bas\u0131n toplant\u0131s\u0131nda g\u00fcncel sa\u011fl\u0131k konular\u0131na ili\u015fkin de\u011ferlendirmede bulundu. Kuzey yar\u0131mk\u00fcrede k\u0131\u015f mevsimi \u00f6ncesi COVID-19 ile ilgili endi\u015fe verici e\u011filimleri g\u00f6rmeye devam ettiklerini dile getiren Ghebreyesus, \u00f6zellikle Avrupa ve ABD\u2019de son 28 g\u00fcnde COVID-19 nedeniyle<\/p>\n","protected":false},"author":1,"featured_media":14593,"comment_status":"open","ping_status":"open","sticky":false,"template":"","format":"standard","meta":{"footnotes":""},"categories":[84],"tags":[],"class_list":["post-14592","post","type-post","status-publish","format-standard","has-post-thumbnail","hentry","category-saglik"],"yoast_head":"<!-- This site is optimized with the Yoast SEO plugin v28.4 - https:\/\/yoast.com\/product\/yoast-seo-wordpress\/ -->\n<title>DS\u00d6: Mevcut COVID-19 a\u015f\u0131lar\u0131 g\u00fcvenli ve etkili olmay\u0131 s\u00fcrd\u00fcr\u00fcyor -<\/title>\n<meta name=\"robots\" content=\"index, follow, max-snippet:-1, max-image-preview:large, max-video-preview:-1\" \/>\n<link rel=\"canonical\" href=\"https:\/\/kibrisdakik.com\/?p=14592\" \/>\n<meta property=\"og:locale\" content=\"tr_TR\" \/>\n<meta property=\"og:type\" content=\"article\" \/>\n<meta property=\"og:title\" content=\"DS\u00d6: Mevcut COVID-19 a\u015f\u0131lar\u0131 g\u00fcvenli ve etkili olmay\u0131 s\u00fcrd\u00fcr\u00fcyor -\" \/>\n<meta property=\"og:description\" content=\"D\u00fcnya Sa\u011fl\u0131k \u00d6rg\u00fct\u00fc (DS\u00d6), mevcut COVID-19 a\u015f\u0131lar\u0131n\u0131n g\u00fcvenli ve etkili olmay\u0131 s\u00fcrd\u00fcrd\u00fc\u011f\u00fcn\u00fc duyurdu. DS\u00d6 Genel Direkt\u00f6r\u00fc Tedros Adhanom Ghebreyesus, DS\u00d6\u2019n\u00fcn haftal\u0131k bas\u0131n toplant\u0131s\u0131nda g\u00fcncel sa\u011fl\u0131k konular\u0131na ili\u015fkin de\u011ferlendirmede bulundu. Kuzey yar\u0131mk\u00fcrede k\u0131\u015f mevsimi \u00f6ncesi COVID-19 ile ilgili endi\u015fe verici e\u011filimleri g\u00f6rmeye devam ettiklerini dile getiren Ghebreyesus, \u00f6zellikle Avrupa ve ABD\u2019de son 28 g\u00fcnde COVID-19 nedeniyle\" \/>\n<meta property=\"og:url\" content=\"https:\/\/kibrisdakik.com\/?p=14592\" \/>\n<meta property=\"article:published_time\" content=\"2023-09-27T17:25:54+00:00\" \/>\n<meta property=\"og:image\" content=\"https:\/\/kibrisdakik.com\/wp-content\/uploads\/2023\/09\/vaccin-740x420.jpg\" \/>\n\t<meta property=\"og:image:width\" content=\"1280\" \/>\n\t<meta property=\"og:image:height\" content=\"720\" \/>\n\t<meta property=\"og:image:type\" content=\"image\/jpeg\" \/>\n<meta name=\"author\" content=\"admin\" \/>\n<meta name=\"twitter:card\" content=\"summary_large_image\" \/>\n<meta name=\"twitter:label1\" content=\"Yazan:\" \/>\n\t<meta name=\"twitter:data1\" content=\"admin\" \/>\n\t<meta name=\"twitter:label2\" content=\"Tahmini okuma s\u00fcresi\" \/>\n\t<meta name=\"twitter:data2\" content=\"2 dakika\" \/>\n<script type=\"application\/ld+json\" class=\"yoast-schema-graph\">{\"@context\":\"https:\\\/\\\/schema.org\",\"@graph\":[{\"@type\":\"Article\",\"@id\":\"https:\\\/\\\/kibrisdakik.com\\\/?p=14592#article\",\"isPartOf\":{\"@id\":\"https:\\\/\\\/kibrisdakik.com\\\/?p=14592\"},\"author\":{\"name\":\"admin\",\"@id\":\"https:\\\/\\\/kibrisdakik.com\\\/#\\\/schema\\\/person\\\/9cd9d437bbb44f72b73ba127e06d8e79\"},\"headline\":\"DS\u00d6: Mevcut COVID-19 a\u015f\u0131lar\u0131 g\u00fcvenli ve etkili olmay\u0131 s\u00fcrd\u00fcr\u00fcyor\",\"datePublished\":\"2023-09-27T17:25:54+00:00\",\"mainEntityOfPage\":{\"@id\":\"https:\\\/\\\/kibrisdakik.com\\\/?p=14592\"},\"wordCount\":446,\"commentCount\":0,\"publisher\":{\"@id\":\"https:\\\/\\\/kibrisdakik.com\\\/#organization\"},\"image\":{\"@id\":\"https:\\\/\\\/kibrisdakik.com\\\/?p=14592#primaryimage\"},\"thumbnailUrl\":\"https:\\\/\\\/kibrisdakik.com\\\/wp-content\\\/uploads\\\/2023\\\/09\\\/vaccin-740x420.jpg\",\"articleSection\":[\"Sa\u011fl\u0131k\"],\"inLanguage\":\"tr\",\"potentialAction\":[{\"@type\":\"CommentAction\",\"name\":\"Comment\",\"target\":[\"https:\\\/\\\/kibrisdakik.com\\\/?p=14592#respond\"]}]},{\"@type\":\"WebPage\",\"@id\":\"https:\\\/\\\/kibrisdakik.com\\\/?p=14592\",\"url\":\"https:\\\/\\\/kibrisdakik.com\\\/?p=14592\",\"name\":\"DS\u00d6: Mevcut COVID-19 a\u015f\u0131lar\u0131 g\u00fcvenli ve etkili olmay\u0131 s\u00fcrd\u00fcr\u00fcyor -\",\"isPartOf\":{\"@id\":\"https:\\\/\\\/kibrisdakik.com\\\/#website\"},\"primaryImageOfPage\":{\"@id\":\"https:\\\/\\\/kibrisdakik.com\\\/?p=14592#primaryimage\"},\"image\":{\"@id\":\"https:\\\/\\\/kibrisdakik.com\\\/?p=14592#primaryimage\"},\"thumbnailUrl\":\"https:\\\/\\\/kibrisdakik.com\\\/wp-content\\\/uploads\\\/2023\\\/09\\\/vaccin-740x420.jpg\",\"datePublished\":\"2023-09-27T17:25:54+00:00\",\"breadcrumb\":{\"@id\":\"https:\\\/\\\/kibrisdakik.com\\\/?p=14592#breadcrumb\"},\"inLanguage\":\"tr\",\"potentialAction\":[{\"@type\":\"ReadAction\",\"target\":[\"https:\\\/\\\/kibrisdakik.com\\\/?p=14592\"]}]},{\"@type\":\"ImageObject\",\"inLanguage\":\"tr\",\"@id\":\"https:\\\/\\\/kibrisdakik.com\\\/?p=14592#primaryimage\",\"url\":\"https:\\\/\\\/kibrisdakik.com\\\/wp-content\\\/uploads\\\/2023\\\/09\\\/vaccin-740x420.jpg\",\"contentUrl\":\"https:\\\/\\\/kibrisdakik.com\\\/wp-content\\\/uploads\\\/2023\\\/09\\\/vaccin-740x420.jpg\",\"width\":1280,\"height\":720},{\"@type\":\"BreadcrumbList\",\"@id\":\"https:\\\/\\\/kibrisdakik.com\\\/?p=14592#breadcrumb\",\"itemListElement\":[{\"@type\":\"ListItem\",\"position\":1,\"name\":\"Home\",\"item\":\"https:\\\/\\\/kibrisdakik.com\\\/\"},{\"@type\":\"ListItem\",\"position\":2,\"name\":\"DS\u00d6: Mevcut COVID-19 a\u015f\u0131lar\u0131 g\u00fcvenli ve etkili olmay\u0131 s\u00fcrd\u00fcr\u00fcyor\"}]},{\"@type\":\"WebSite\",\"@id\":\"https:\\\/\\\/kibrisdakik.com\\\/#website\",\"url\":\"https:\\\/\\\/kibrisdakik.com\\\/\",\"name\":\"K\u0131br\u0131s Dakik\",\"description\":\"Tam vaktinde haber\",\"publisher\":{\"@id\":\"https:\\\/\\\/kibrisdakik.com\\\/#organization\"},\"potentialAction\":[{\"@type\":\"SearchAction\",\"target\":{\"@type\":\"EntryPoint\",\"urlTemplate\":\"https:\\\/\\\/kibrisdakik.com\\\/?s={search_term_string}\"},\"query-input\":{\"@type\":\"PropertyValueSpecification\",\"valueRequired\":true,\"valueName\":\"search_term_string\"}}],\"inLanguage\":\"tr\"},{\"@type\":\"Organization\",\"@id\":\"https:\\\/\\\/kibrisdakik.com\\\/#organization\",\"name\":\"K\u0131br\u0131s Dakik\",\"url\":\"https:\\\/\\\/kibrisdakik.com\\\/\",\"logo\":{\"@type\":\"ImageObject\",\"inLanguage\":\"tr\",\"@id\":\"https:\\\/\\\/kibrisdakik.com\\\/#\\\/schema\\\/logo\\\/image\\\/\",\"url\":\"https:\\\/\\\/kibrisdakik.com\\\/wp-content\\\/uploads\\\/2025\\\/10\\\/cropped-WhatsApp-Image-2025-10-02-at-12.58.31.jpeg\",\"contentUrl\":\"https:\\\/\\\/kibrisdakik.com\\\/wp-content\\\/uploads\\\/2025\\\/10\\\/cropped-WhatsApp-Image-2025-10-02-at-12.58.31.jpeg\",\"width\":1237,\"height\":190,\"caption\":\"K\u0131br\u0131s Dakik\"},\"image\":{\"@id\":\"https:\\\/\\\/kibrisdakik.com\\\/#\\\/schema\\\/logo\\\/image\\\/\"}},{\"@type\":\"Person\",\"@id\":\"https:\\\/\\\/kibrisdakik.com\\\/#\\\/schema\\\/person\\\/9cd9d437bbb44f72b73ba127e06d8e79\",\"name\":\"admin\",\"image\":{\"@type\":\"ImageObject\",\"inLanguage\":\"tr\",\"@id\":\"https:\\\/\\\/secure.gravatar.com\\\/avatar\\\/ccc17943b9d660506c869530f897617f7cb1c21a4bf30023f252596d83e1f007?s=96&d=mm&r=g\",\"url\":\"https:\\\/\\\/secure.gravatar.com\\\/avatar\\\/ccc17943b9d660506c869530f897617f7cb1c21a4bf30023f252596d83e1f007?s=96&d=mm&r=g\",\"contentUrl\":\"https:\\\/\\\/secure.gravatar.com\\\/avatar\\\/ccc17943b9d660506c869530f897617f7cb1c21a4bf30023f252596d83e1f007?s=96&d=mm&r=g\",\"caption\":\"admin\"},\"sameAs\":[\"https:\\\/\\\/kibrisdakik.com\"],\"url\":\"https:\\\/\\\/kibrisdakik.com\\\/?author=1\"}]}<\/script>\n<!-- \/ Yoast SEO plugin. -->","yoast_head_json":{"title":"DS\u00d6: Mevcut COVID-19 a\u015f\u0131lar\u0131 g\u00fcvenli ve etkili olmay\u0131 s\u00fcrd\u00fcr\u00fcyor -","robots":{"index":"index","follow":"follow","max-snippet":"max-snippet:-1","max-image-preview":"max-image-preview:large","max-video-preview":"max-video-preview:-1"},"canonical":"https:\/\/kibrisdakik.com\/?p=14592","og_locale":"tr_TR","og_type":"article","og_title":"DS\u00d6: Mevcut COVID-19 a\u015f\u0131lar\u0131 g\u00fcvenli ve etkili olmay\u0131 s\u00fcrd\u00fcr\u00fcyor -","og_description":"D\u00fcnya Sa\u011fl\u0131k \u00d6rg\u00fct\u00fc (DS\u00d6), mevcut COVID-19 a\u015f\u0131lar\u0131n\u0131n g\u00fcvenli ve etkili olmay\u0131 s\u00fcrd\u00fcrd\u00fc\u011f\u00fcn\u00fc duyurdu. DS\u00d6 Genel Direkt\u00f6r\u00fc Tedros Adhanom Ghebreyesus, DS\u00d6\u2019n\u00fcn haftal\u0131k bas\u0131n toplant\u0131s\u0131nda g\u00fcncel sa\u011fl\u0131k konular\u0131na ili\u015fkin de\u011ferlendirmede bulundu. Kuzey yar\u0131mk\u00fcrede k\u0131\u015f mevsimi \u00f6ncesi COVID-19 ile ilgili endi\u015fe verici e\u011filimleri g\u00f6rmeye devam ettiklerini dile getiren Ghebreyesus, \u00f6zellikle Avrupa ve ABD\u2019de son 28 g\u00fcnde COVID-19 nedeniyle","og_url":"https:\/\/kibrisdakik.com\/?p=14592","article_published_time":"2023-09-27T17:25:54+00:00","og_image":[{"width":1280,"height":720,"url":"https:\/\/kibrisdakik.com\/wp-content\/uploads\/2023\/09\/vaccin-740x420.jpg","type":"image\/jpeg"}],"author":"admin","twitter_card":"summary_large_image","twitter_misc":{"Yazan:":"admin","Tahmini okuma s\u00fcresi":"2 dakika"},"schema":{"@context":"https:\/\/schema.org","@graph":[{"@type":"Article","@id":"https:\/\/kibrisdakik.com\/?p=14592#article","isPartOf":{"@id":"https:\/\/kibrisdakik.com\/?p=14592"},"author":{"name":"admin","@id":"https:\/\/kibrisdakik.com\/#\/schema\/person\/9cd9d437bbb44f72b73ba127e06d8e79"},"headline":"DS\u00d6: Mevcut COVID-19 a\u015f\u0131lar\u0131 g\u00fcvenli ve etkili olmay\u0131 s\u00fcrd\u00fcr\u00fcyor","datePublished":"2023-09-27T17:25:54+00:00","mainEntityOfPage":{"@id":"https:\/\/kibrisdakik.com\/?p=14592"},"wordCount":446,"commentCount":0,"publisher":{"@id":"https:\/\/kibrisdakik.com\/#organization"},"image":{"@id":"https:\/\/kibrisdakik.com\/?p=14592#primaryimage"},"thumbnailUrl":"https:\/\/kibrisdakik.com\/wp-content\/uploads\/2023\/09\/vaccin-740x420.jpg","articleSection":["Sa\u011fl\u0131k"],"inLanguage":"tr","potentialAction":[{"@type":"CommentAction","name":"Comment","target":["https:\/\/kibrisdakik.com\/?p=14592#respond"]}]},{"@type":"WebPage","@id":"https:\/\/kibrisdakik.com\/?p=14592","url":"https:\/\/kibrisdakik.com\/?p=14592","name":"DS\u00d6: Mevcut COVID-19 a\u015f\u0131lar\u0131 g\u00fcvenli ve etkili olmay\u0131 s\u00fcrd\u00fcr\u00fcyor -","isPartOf":{"@id":"https:\/\/kibrisdakik.com\/#website"},"primaryImageOfPage":{"@id":"https:\/\/kibrisdakik.com\/?p=14592#primaryimage"},"image":{"@id":"https:\/\/kibrisdakik.com\/?p=14592#primaryimage"},"thumbnailUrl":"https:\/\/kibrisdakik.com\/wp-content\/uploads\/2023\/09\/vaccin-740x420.jpg","datePublished":"2023-09-27T17:25:54+00:00","breadcrumb":{"@id":"https:\/\/kibrisdakik.com\/?p=14592#breadcrumb"},"inLanguage":"tr","potentialAction":[{"@type":"ReadAction","target":["https:\/\/kibrisdakik.com\/?p=14592"]}]},{"@type":"ImageObject","inLanguage":"tr","@id":"https:\/\/kibrisdakik.com\/?p=14592#primaryimage","url":"https:\/\/kibrisdakik.com\/wp-content\/uploads\/2023\/09\/vaccin-740x420.jpg","contentUrl":"https:\/\/kibrisdakik.com\/wp-content\/uploads\/2023\/09\/vaccin-740x420.jpg","width":1280,"height":720},{"@type":"BreadcrumbList","@id":"https:\/\/kibrisdakik.com\/?p=14592#breadcrumb","itemListElement":[{"@type":"ListItem","position":1,"name":"Home","item":"https:\/\/kibrisdakik.com\/"},{"@type":"ListItem","position":2,"name":"DS\u00d6: Mevcut COVID-19 a\u015f\u0131lar\u0131 g\u00fcvenli ve etkili olmay\u0131 s\u00fcrd\u00fcr\u00fcyor"}]},{"@type":"WebSite","@id":"https:\/\/kibrisdakik.com\/#website","url":"https:\/\/kibrisdakik.com\/","name":"K\u0131br\u0131s Dakik","description":"Tam vaktinde haber","publisher":{"@id":"https:\/\/kibrisdakik.com\/#organization"},"potentialAction":[{"@type":"SearchAction","target":{"@type":"EntryPoint","urlTemplate":"https:\/\/kibrisdakik.com\/?s={search_term_string}"},"query-input":{"@type":"PropertyValueSpecification","valueRequired":true,"valueName":"search_term_string"}}],"inLanguage":"tr"},{"@type":"Organization","@id":"https:\/\/kibrisdakik.com\/#organization","name":"K\u0131br\u0131s Dakik","url":"https:\/\/kibrisdakik.com\/","logo":{"@type":"ImageObject","inLanguage":"tr","@id":"https:\/\/kibrisdakik.com\/#\/schema\/logo\/image\/","url":"https:\/\/kibrisdakik.com\/wp-content\/uploads\/2025\/10\/cropped-WhatsApp-Image-2025-10-02-at-12.58.31.jpeg","contentUrl":"https:\/\/kibrisdakik.com\/wp-content\/uploads\/2025\/10\/cropped-WhatsApp-Image-2025-10-02-at-12.58.31.jpeg","width":1237,"height":190,"caption":"K\u0131br\u0131s Dakik"},"image":{"@id":"https:\/\/kibrisdakik.com\/#\/schema\/logo\/image\/"}},{"@type":"Person","@id":"https:\/\/kibrisdakik.com\/#\/schema\/person\/9cd9d437bbb44f72b73ba127e06d8e79","name":"admin","image":{"@type":"ImageObject","inLanguage":"tr","@id":"https:\/\/secure.gravatar.com\/avatar\/ccc17943b9d660506c869530f897617f7cb1c21a4bf30023f252596d83e1f007?s=96&d=mm&r=g","url":"https:\/\/secure.gravatar.com\/avatar\/ccc17943b9d660506c869530f897617f7cb1c21a4bf30023f252596d83e1f007?s=96&d=mm&r=g","contentUrl":"https:\/\/secure.gravatar.com\/avatar\/ccc17943b9d660506c869530f897617f7cb1c21a4bf30023f252596d83e1f007?s=96&d=mm&r=g","caption":"admin"},"sameAs":["https:\/\/kibrisdakik.com"],"url":"https:\/\/kibrisdakik.com\/?author=1"}]}},"_links":{"self":[{"href":"https:\/\/kibrisdakik.com\/index.php?rest_route=\/wp\/v2\/posts\/14592","targetHints":{"allow":["GET"]}}],"collection":[{"href":"https:\/\/kibrisdakik.com\/index.php?rest_route=\/wp\/v2\/posts"}],"about":[{"href":"https:\/\/kibrisdakik.com\/index.php?rest_route=\/wp\/v2\/types\/post"}],"author":[{"embeddable":true,"href":"https:\/\/kibrisdakik.com\/index.php?rest_route=\/wp\/v2\/users\/1"}],"replies":[{"embeddable":true,"href":"https:\/\/kibrisdakik.com\/index.php?rest_route=%2Fwp%2Fv2%2Fcomments&post=14592"}],"version-history":[{"count":0,"href":"https:\/\/kibrisdakik.com\/index.php?rest_route=\/wp\/v2\/posts\/14592\/revisions"}],"wp:featuredmedia":[{"embeddable":true,"href":"https:\/\/kibrisdakik.com\/index.php?rest_route=\/wp\/v2\/media\/14593"}],"wp:attachment":[{"href":"https:\/\/kibrisdakik.com\/index.php?rest_route=%2Fwp%2Fv2%2Fmedia&parent=14592"}],"wp:term":[{"taxonomy":"category","embeddable":true,"href":"https:\/\/kibrisdakik.com\/index.php?rest_route=%2Fwp%2Fv2%2Fcategories&post=14592"},{"taxonomy":"post_tag","embeddable":true,"href":"https:\/\/kibrisdakik.com\/index.php?rest_route=%2Fwp%2Fv2%2Ftags&post=14592"}],"curies":[{"name":"wp","href":"https:\/\/api.w.org\/{rel}","templated":true}]}}