{"id":14598,"date":"2023-09-27T18:30:15","date_gmt":"2023-09-27T18:30:15","guid":{"rendered":"https:\/\/kibrisdakik.com\/index.php\/2023\/09\/27\/basbakan-ustel-dunya-turizm-gunu-nedeniyle-mesaj-yayimladi-baslatilacak-kalkinma-hamlesi-turizmi-de-hak-ettigi-noktaya-ulastiracak\/"},"modified":"2023-09-27T18:30:15","modified_gmt":"2023-09-27T18:30:15","slug":"basbakan-ustel-dunya-turizm-gunu-nedeniyle-mesaj-yayimladi-baslatilacak-kalkinma-hamlesi-turizmi-de-hak-ettigi-noktaya-ulastiracak","status":"publish","type":"post","link":"https:\/\/kibrisdakik.com\/?p=14598","title":{"rendered":"Ba\u015fbakan \u00dcstel, D\u00fcnya Turizm G\u00fcn\u00fc nedeniyle mesaj yay\u0131mlad\u0131: \u2018Ba\u015flat\u0131lacak kalk\u0131nma hamlesi turizmi de hak etti\u011fi noktaya ula\u015ft\u0131racak\u2019"},"content":{"rendered":"<p><\/p>\n<div>\n<div class=\"mariselle-image-container center\">\n                <img width=\"747\" height=\"413\" class=\"lazy-image\" alt=\"\" decoding=\"async\" loading=\"lazy\" sizes=\"auto, (max-width: 747px) 100vw, 747px\" src=\"https:\/\/brtk.net\/wp-content\/uploads\/2023\/09\/12\/unal-ustel12.jpg?ver=6eb5e9fa6cccb34f1a63131170c7b01b\" srcset=\"https:\/\/brtk.net\/wp-content\/uploads\/2023\/09\/12\/unal-ustel12.jpg?ver=6eb5e9fa6cccb34f1a63131170c7b01b 747w, https:\/\/brtk.net\/wp-content\/uploads\/2023\/09\/12\/unal-ustel12-300x166.jpg?ver=6eb5e9fa6cccb34f1a63131170c7b01b 300w\"\/>                            <\/div>\n<p>Ba\u015fbakan \u00dcnal \u00dcstel, D\u00fcnya Turizm G\u00fcn\u00fc nedeniyle mesaj yay\u0131mlad\u0131.<\/p>\n<p>Ba\u015fbakan mesaj\u0131nda, \u00fclke turizmine yapt\u0131klar\u0131 katk\u0131lardan dolay\u0131 turizmcileri ve sekt\u00f6r\u00fcn t\u00fcm payda\u015flar\u0131n\u0131 kutlad\u0131.<\/p>\n<p>\u00dclke ekonomisinin en temel 3 sa\u00e7 aya\u011f\u0131ndan biri olan, \u00fclke ekonomisi \u00fczerinde direkt etki yaratan, payda\u015f sekt\u00f6rlerin geli\u015fimine \u00f6nemli katk\u0131 sa\u011flayarak katma de\u011fer yaratan turizm sekt\u00f6r\u00fcn\u00fcn son derece \u00f6nemli oldu\u011funu belirten \u00dcstel, turizmin geli\u015fmesi, b\u00fcy\u00fcmesi ve d\u00fcnya ile rekabet edebilir hale gelmesi i\u00e7in imkanlar dahilinde t\u00fcm ad\u0131mlar\u0131n at\u0131ld\u0131\u011f\u0131n\u0131 ve at\u0131lmaya devam etti\u011fini kaydetti.<\/p>\n<p>Ba\u015fbakan \u00dcstel, \u201cturizm b\u00f6lgelerinin kurulmas\u0131, yeni havaliman\u0131 projesinin hayata ge\u00e7irilmesi, yeni turizm deniz liman\u0131n\u0131n yap\u0131lmas\u0131, turizm sekt\u00f6r\u00fcne y\u00f6nelik y\u0131llard\u0131r uygulanan te\u015fvikler, hep bizim h\u00fck\u00fcmette oldu\u011fumuz d\u00f6nemlerde hayata ge\u00e7irilmi\u015f \u00f6nemli projelerdir. Turizmimizin daha ileriye gidebilmesi i\u00e7in yapacak \u00e7ok i\u015fimizin, atmam\u0131z gereken pek \u00e7ok ad\u0131m\u0131n, hayata ge\u00e7irmemiz gereken \u00f6nemli reformlar\u0131n ve ger\u00e7ekle\u015ftirmemiz gereken daha pek \u00e7ok projenin oldu\u011funun da bilincindeyiz\u201d ifadelerini kulland\u0131. <\/p>\n<p>\u00dclkeye gelen turist say\u0131s\u0131n\u0131n art\u0131r\u0131lmas\u0131, yatak kapasitesinin y\u00fckseltilmesi, d\u00fcnya ile rekabet edebilir uygun fiyatl\u0131 ula\u015f\u0131m seferlerinin devreye sokulmas\u0131, havaliman\u0131n\u0131n maksimum kapasiteye ula\u015ft\u0131r\u0131lmas\u0131 \u00e7al\u0131\u015fmalar\u0131n\u0131n devam etti\u011fine i\u015faret eden Ba\u015fbakan \u00dcnal \u00dcstel, \u201cbizi kendi havayolu \u015firketimize kavu\u015fturacak ekonomik akla uygun, s\u00fcrd\u00fcr\u00fclebilir projelerin \u00fcretilmesi ve rasyonel ad\u0131mlar at\u0131lmas\u0131 \u00e7al\u0131\u015fmalar\u0131m\u0131z\u0131 s\u00fcrd\u00fcr\u00fcyoruz\u201d dedi.<\/p>\n<p>Ba\u015fbakan mesaj\u0131nda, 2024 y\u0131l\u0131nda her alanda ba\u015flat\u0131lacak kalk\u0131nma hamlesinin turizm sekt\u00f6r\u00fcn\u00fc de hak etti\u011fi noktaya y\u00fckseltece\u011fine olan inanc\u0131n\u0131 da dile getirdi.<\/p>\n<\/p><\/div>\n<p><script async\n                    defer\n                    crossorigin=\"anonymous\"\n                    src=\"https:\/\/connect.facebook.net\/tr_TR\/sdk.js#xfbml=1&#038;version=v3.3\"\n            ><\/script><\/p>\n","protected":false},"excerpt":{"rendered":"<p>Ba\u015fbakan \u00dcnal \u00dcstel, D\u00fcnya Turizm G\u00fcn\u00fc nedeniyle mesaj yay\u0131mlad\u0131. Ba\u015fbakan mesaj\u0131nda, \u00fclke turizmine yapt\u0131klar\u0131 katk\u0131lardan dolay\u0131 turizmcileri ve sekt\u00f6r\u00fcn t\u00fcm payda\u015flar\u0131n\u0131 kutlad\u0131. \u00dclke ekonomisinin en temel 3 sa\u00e7 aya\u011f\u0131ndan biri olan, \u00fclke ekonomisi \u00fczerinde direkt etki yaratan, payda\u015f sekt\u00f6rlerin geli\u015fimine \u00f6nemli katk\u0131 sa\u011flayarak katma de\u011fer yaratan turizm sekt\u00f6r\u00fcn\u00fcn son derece \u00f6nemli oldu\u011funu belirten \u00dcstel, turizmin<\/p>\n","protected":false},"author":1,"featured_media":14599,"comment_status":"open","ping_status":"open","sticky":false,"template":"","format":"standard","meta":{"footnotes":""},"categories":[1],"tags":[],"class_list":["post-14598","post","type-post","status-publish","format-standard","has-post-thumbnail","hentry","category-gundem"],"yoast_head":"<!-- This site is optimized with the Yoast SEO plugin v27.4 - https:\/\/yoast.com\/product\/yoast-seo-wordpress\/ -->\n<title>Ba\u015fbakan \u00dcstel, D\u00fcnya Turizm G\u00fcn\u00fc nedeniyle mesaj yay\u0131mlad\u0131: \u2018Ba\u015flat\u0131lacak kalk\u0131nma hamlesi turizmi de hak etti\u011fi noktaya ula\u015ft\u0131racak\u2019 -<\/title>\n<meta name=\"robots\" content=\"index, follow, max-snippet:-1, max-image-preview:large, max-video-preview:-1\" \/>\n<link rel=\"canonical\" href=\"https:\/\/kibrisdakik.com\/?p=14598\" \/>\n<meta property=\"og:locale\" content=\"tr_TR\" \/>\n<meta property=\"og:type\" content=\"article\" \/>\n<meta property=\"og:title\" content=\"Ba\u015fbakan \u00dcstel, D\u00fcnya Turizm G\u00fcn\u00fc nedeniyle mesaj yay\u0131mlad\u0131: \u2018Ba\u015flat\u0131lacak kalk\u0131nma hamlesi turizmi de hak etti\u011fi noktaya ula\u015ft\u0131racak\u2019 -\" \/>\n<meta property=\"og:description\" content=\"Ba\u015fbakan \u00dcnal \u00dcstel, D\u00fcnya Turizm G\u00fcn\u00fc nedeniyle mesaj yay\u0131mlad\u0131. Ba\u015fbakan mesaj\u0131nda, \u00fclke turizmine yapt\u0131klar\u0131 katk\u0131lardan dolay\u0131 turizmcileri ve sekt\u00f6r\u00fcn t\u00fcm payda\u015flar\u0131n\u0131 kutlad\u0131. \u00dclke ekonomisinin en temel 3 sa\u00e7 aya\u011f\u0131ndan biri olan, \u00fclke ekonomisi \u00fczerinde direkt etki yaratan, payda\u015f sekt\u00f6rlerin geli\u015fimine \u00f6nemli katk\u0131 sa\u011flayarak katma de\u011fer yaratan turizm sekt\u00f6r\u00fcn\u00fcn son derece \u00f6nemli oldu\u011funu belirten \u00dcstel, turizmin\" \/>\n<meta property=\"og:url\" content=\"https:\/\/kibrisdakik.com\/?p=14598\" \/>\n<meta property=\"article:published_time\" content=\"2023-09-27T18:30:15+00:00\" \/>\n<meta property=\"og:image\" content=\"https:\/\/kibrisdakik.com\/wp-content\/uploads\/2023\/09\/unal-ustel12-740x413.jpg\" \/>\n\t<meta property=\"og:image:width\" content=\"747\" \/>\n\t<meta property=\"og:image:height\" content=\"413\" \/>\n\t<meta property=\"og:image:type\" content=\"image\/jpeg\" \/>\n<meta name=\"author\" content=\"admin\" \/>\n<meta name=\"twitter:card\" content=\"summary_large_image\" \/>\n<meta name=\"twitter:label1\" content=\"Yazan:\" \/>\n\t<meta name=\"twitter:data1\" content=\"admin\" \/>\n\t<meta name=\"twitter:label2\" content=\"Tahmini okuma s\u00fcresi\" \/>\n\t<meta name=\"twitter:data2\" content=\"2 dakika\" \/>\n<script type=\"application\/ld+json\" class=\"yoast-schema-graph\">{\"@context\":\"https:\\\/\\\/schema.org\",\"@graph\":[{\"@type\":\"Article\",\"@id\":\"https:\\\/\\\/kibrisdakik.com\\\/?p=14598#article\",\"isPartOf\":{\"@id\":\"https:\\\/\\\/kibrisdakik.com\\\/?p=14598\"},\"author\":{\"name\":\"admin\",\"@id\":\"https:\\\/\\\/kibrisdakik.com\\\/#\\\/schema\\\/person\\\/9cd9d437bbb44f72b73ba127e06d8e79\"},\"headline\":\"Ba\u015fbakan \u00dcstel, D\u00fcnya Turizm G\u00fcn\u00fc nedeniyle mesaj yay\u0131mlad\u0131: \u2018Ba\u015flat\u0131lacak kalk\u0131nma hamlesi turizmi de hak etti\u011fi noktaya ula\u015ft\u0131racak\u2019\",\"datePublished\":\"2023-09-27T18:30:15+00:00\",\"mainEntityOfPage\":{\"@id\":\"https:\\\/\\\/kibrisdakik.com\\\/?p=14598\"},\"wordCount\":334,\"commentCount\":0,\"image\":{\"@id\":\"https:\\\/\\\/kibrisdakik.com\\\/?p=14598#primaryimage\"},\"thumbnailUrl\":\"https:\\\/\\\/kibrisdakik.com\\\/wp-content\\\/uploads\\\/2023\\\/09\\\/unal-ustel12-740x413.jpg\",\"articleSection\":[\"G\u00fcndem\"],\"inLanguage\":\"tr\",\"potentialAction\":[{\"@type\":\"CommentAction\",\"name\":\"Comment\",\"target\":[\"https:\\\/\\\/kibrisdakik.com\\\/?p=14598#respond\"]}]},{\"@type\":\"WebPage\",\"@id\":\"https:\\\/\\\/kibrisdakik.com\\\/?p=14598\",\"url\":\"https:\\\/\\\/kibrisdakik.com\\\/?p=14598\",\"name\":\"Ba\u015fbakan \u00dcstel, D\u00fcnya Turizm G\u00fcn\u00fc nedeniyle mesaj yay\u0131mlad\u0131: \u2018Ba\u015flat\u0131lacak kalk\u0131nma hamlesi turizmi de hak etti\u011fi noktaya ula\u015ft\u0131racak\u2019 -\",\"isPartOf\":{\"@id\":\"https:\\\/\\\/kibrisdakik.com\\\/#website\"},\"primaryImageOfPage\":{\"@id\":\"https:\\\/\\\/kibrisdakik.com\\\/?p=14598#primaryimage\"},\"image\":{\"@id\":\"https:\\\/\\\/kibrisdakik.com\\\/?p=14598#primaryimage\"},\"thumbnailUrl\":\"https:\\\/\\\/kibrisdakik.com\\\/wp-content\\\/uploads\\\/2023\\\/09\\\/unal-ustel12-740x413.jpg\",\"datePublished\":\"2023-09-27T18:30:15+00:00\",\"author\":{\"@id\":\"https:\\\/\\\/kibrisdakik.com\\\/#\\\/schema\\\/person\\\/9cd9d437bbb44f72b73ba127e06d8e79\"},\"breadcrumb\":{\"@id\":\"https:\\\/\\\/kibrisdakik.com\\\/?p=14598#breadcrumb\"},\"inLanguage\":\"tr\",\"potentialAction\":[{\"@type\":\"ReadAction\",\"target\":[\"https:\\\/\\\/kibrisdakik.com\\\/?p=14598\"]}]},{\"@type\":\"ImageObject\",\"inLanguage\":\"tr\",\"@id\":\"https:\\\/\\\/kibrisdakik.com\\\/?p=14598#primaryimage\",\"url\":\"https:\\\/\\\/kibrisdakik.com\\\/wp-content\\\/uploads\\\/2023\\\/09\\\/unal-ustel12-740x413.jpg\",\"contentUrl\":\"https:\\\/\\\/kibrisdakik.com\\\/wp-content\\\/uploads\\\/2023\\\/09\\\/unal-ustel12-740x413.jpg\",\"width\":747,\"height\":413},{\"@type\":\"BreadcrumbList\",\"@id\":\"https:\\\/\\\/kibrisdakik.com\\\/?p=14598#breadcrumb\",\"itemListElement\":[{\"@type\":\"ListItem\",\"position\":1,\"name\":\"Home\",\"item\":\"https:\\\/\\\/kibrisdakik.com\\\/\"},{\"@type\":\"ListItem\",\"position\":2,\"name\":\"Ba\u015fbakan \u00dcstel, D\u00fcnya Turizm G\u00fcn\u00fc nedeniyle mesaj yay\u0131mlad\u0131: \u2018Ba\u015flat\u0131lacak kalk\u0131nma hamlesi turizmi de hak etti\u011fi noktaya ula\u015ft\u0131racak\u2019\"}]},{\"@type\":\"WebSite\",\"@id\":\"https:\\\/\\\/kibrisdakik.com\\\/#website\",\"url\":\"https:\\\/\\\/kibrisdakik.com\\\/\",\"name\":\"\",\"description\":\"Tam vaktinde haber\",\"potentialAction\":[{\"@type\":\"SearchAction\",\"target\":{\"@type\":\"EntryPoint\",\"urlTemplate\":\"https:\\\/\\\/kibrisdakik.com\\\/?s={search_term_string}\"},\"query-input\":{\"@type\":\"PropertyValueSpecification\",\"valueRequired\":true,\"valueName\":\"search_term_string\"}}],\"inLanguage\":\"tr\"},{\"@type\":\"Person\",\"@id\":\"https:\\\/\\\/kibrisdakik.com\\\/#\\\/schema\\\/person\\\/9cd9d437bbb44f72b73ba127e06d8e79\",\"name\":\"admin\",\"image\":{\"@type\":\"ImageObject\",\"inLanguage\":\"tr\",\"@id\":\"https:\\\/\\\/secure.gravatar.com\\\/avatar\\\/ccc17943b9d660506c869530f897617f7cb1c21a4bf30023f252596d83e1f007?s=96&d=mm&r=g\",\"url\":\"https:\\\/\\\/secure.gravatar.com\\\/avatar\\\/ccc17943b9d660506c869530f897617f7cb1c21a4bf30023f252596d83e1f007?s=96&d=mm&r=g\",\"contentUrl\":\"https:\\\/\\\/secure.gravatar.com\\\/avatar\\\/ccc17943b9d660506c869530f897617f7cb1c21a4bf30023f252596d83e1f007?s=96&d=mm&r=g\",\"caption\":\"admin\"},\"sameAs\":[\"https:\\\/\\\/kibrisdakik.com\"],\"url\":\"https:\\\/\\\/kibrisdakik.com\\\/?author=1\"}]}<\/script>\n<!-- \/ Yoast SEO plugin. -->","yoast_head_json":{"title":"Ba\u015fbakan \u00dcstel, D\u00fcnya Turizm G\u00fcn\u00fc nedeniyle mesaj yay\u0131mlad\u0131: \u2018Ba\u015flat\u0131lacak kalk\u0131nma hamlesi turizmi de hak etti\u011fi noktaya ula\u015ft\u0131racak\u2019 -","robots":{"index":"index","follow":"follow","max-snippet":"max-snippet:-1","max-image-preview":"max-image-preview:large","max-video-preview":"max-video-preview:-1"},"canonical":"https:\/\/kibrisdakik.com\/?p=14598","og_locale":"tr_TR","og_type":"article","og_title":"Ba\u015fbakan \u00dcstel, D\u00fcnya Turizm G\u00fcn\u00fc nedeniyle mesaj yay\u0131mlad\u0131: \u2018Ba\u015flat\u0131lacak kalk\u0131nma hamlesi turizmi de hak etti\u011fi noktaya ula\u015ft\u0131racak\u2019 -","og_description":"Ba\u015fbakan \u00dcnal \u00dcstel, D\u00fcnya Turizm G\u00fcn\u00fc nedeniyle mesaj yay\u0131mlad\u0131. Ba\u015fbakan mesaj\u0131nda, \u00fclke turizmine yapt\u0131klar\u0131 katk\u0131lardan dolay\u0131 turizmcileri ve sekt\u00f6r\u00fcn t\u00fcm payda\u015flar\u0131n\u0131 kutlad\u0131. \u00dclke ekonomisinin en temel 3 sa\u00e7 aya\u011f\u0131ndan biri olan, \u00fclke ekonomisi \u00fczerinde direkt etki yaratan, payda\u015f sekt\u00f6rlerin geli\u015fimine \u00f6nemli katk\u0131 sa\u011flayarak katma de\u011fer yaratan turizm sekt\u00f6r\u00fcn\u00fcn son derece \u00f6nemli oldu\u011funu belirten \u00dcstel, turizmin","og_url":"https:\/\/kibrisdakik.com\/?p=14598","article_published_time":"2023-09-27T18:30:15+00:00","og_image":[{"width":747,"height":413,"url":"https:\/\/kibrisdakik.com\/wp-content\/uploads\/2023\/09\/unal-ustel12-740x413.jpg","type":"image\/jpeg"}],"author":"admin","twitter_card":"summary_large_image","twitter_misc":{"Yazan:":"admin","Tahmini okuma s\u00fcresi":"2 dakika"},"schema":{"@context":"https:\/\/schema.org","@graph":[{"@type":"Article","@id":"https:\/\/kibrisdakik.com\/?p=14598#article","isPartOf":{"@id":"https:\/\/kibrisdakik.com\/?p=14598"},"author":{"name":"admin","@id":"https:\/\/kibrisdakik.com\/#\/schema\/person\/9cd9d437bbb44f72b73ba127e06d8e79"},"headline":"Ba\u015fbakan \u00dcstel, D\u00fcnya Turizm G\u00fcn\u00fc nedeniyle mesaj yay\u0131mlad\u0131: \u2018Ba\u015flat\u0131lacak kalk\u0131nma hamlesi turizmi de hak etti\u011fi noktaya ula\u015ft\u0131racak\u2019","datePublished":"2023-09-27T18:30:15+00:00","mainEntityOfPage":{"@id":"https:\/\/kibrisdakik.com\/?p=14598"},"wordCount":334,"commentCount":0,"image":{"@id":"https:\/\/kibrisdakik.com\/?p=14598#primaryimage"},"thumbnailUrl":"https:\/\/kibrisdakik.com\/wp-content\/uploads\/2023\/09\/unal-ustel12-740x413.jpg","articleSection":["G\u00fcndem"],"inLanguage":"tr","potentialAction":[{"@type":"CommentAction","name":"Comment","target":["https:\/\/kibrisdakik.com\/?p=14598#respond"]}]},{"@type":"WebPage","@id":"https:\/\/kibrisdakik.com\/?p=14598","url":"https:\/\/kibrisdakik.com\/?p=14598","name":"Ba\u015fbakan \u00dcstel, D\u00fcnya Turizm G\u00fcn\u00fc nedeniyle mesaj yay\u0131mlad\u0131: \u2018Ba\u015flat\u0131lacak kalk\u0131nma hamlesi turizmi de hak etti\u011fi noktaya ula\u015ft\u0131racak\u2019 -","isPartOf":{"@id":"https:\/\/kibrisdakik.com\/#website"},"primaryImageOfPage":{"@id":"https:\/\/kibrisdakik.com\/?p=14598#primaryimage"},"image":{"@id":"https:\/\/kibrisdakik.com\/?p=14598#primaryimage"},"thumbnailUrl":"https:\/\/kibrisdakik.com\/wp-content\/uploads\/2023\/09\/unal-ustel12-740x413.jpg","datePublished":"2023-09-27T18:30:15+00:00","author":{"@id":"https:\/\/kibrisdakik.com\/#\/schema\/person\/9cd9d437bbb44f72b73ba127e06d8e79"},"breadcrumb":{"@id":"https:\/\/kibrisdakik.com\/?p=14598#breadcrumb"},"inLanguage":"tr","potentialAction":[{"@type":"ReadAction","target":["https:\/\/kibrisdakik.com\/?p=14598"]}]},{"@type":"ImageObject","inLanguage":"tr","@id":"https:\/\/kibrisdakik.com\/?p=14598#primaryimage","url":"https:\/\/kibrisdakik.com\/wp-content\/uploads\/2023\/09\/unal-ustel12-740x413.jpg","contentUrl":"https:\/\/kibrisdakik.com\/wp-content\/uploads\/2023\/09\/unal-ustel12-740x413.jpg","width":747,"height":413},{"@type":"BreadcrumbList","@id":"https:\/\/kibrisdakik.com\/?p=14598#breadcrumb","itemListElement":[{"@type":"ListItem","position":1,"name":"Home","item":"https:\/\/kibrisdakik.com\/"},{"@type":"ListItem","position":2,"name":"Ba\u015fbakan \u00dcstel, D\u00fcnya Turizm G\u00fcn\u00fc nedeniyle mesaj yay\u0131mlad\u0131: \u2018Ba\u015flat\u0131lacak kalk\u0131nma hamlesi turizmi de hak etti\u011fi noktaya ula\u015ft\u0131racak\u2019"}]},{"@type":"WebSite","@id":"https:\/\/kibrisdakik.com\/#website","url":"https:\/\/kibrisdakik.com\/","name":"","description":"Tam vaktinde haber","potentialAction":[{"@type":"SearchAction","target":{"@type":"EntryPoint","urlTemplate":"https:\/\/kibrisdakik.com\/?s={search_term_string}"},"query-input":{"@type":"PropertyValueSpecification","valueRequired":true,"valueName":"search_term_string"}}],"inLanguage":"tr"},{"@type":"Person","@id":"https:\/\/kibrisdakik.com\/#\/schema\/person\/9cd9d437bbb44f72b73ba127e06d8e79","name":"admin","image":{"@type":"ImageObject","inLanguage":"tr","@id":"https:\/\/secure.gravatar.com\/avatar\/ccc17943b9d660506c869530f897617f7cb1c21a4bf30023f252596d83e1f007?s=96&d=mm&r=g","url":"https:\/\/secure.gravatar.com\/avatar\/ccc17943b9d660506c869530f897617f7cb1c21a4bf30023f252596d83e1f007?s=96&d=mm&r=g","contentUrl":"https:\/\/secure.gravatar.com\/avatar\/ccc17943b9d660506c869530f897617f7cb1c21a4bf30023f252596d83e1f007?s=96&d=mm&r=g","caption":"admin"},"sameAs":["https:\/\/kibrisdakik.com"],"url":"https:\/\/kibrisdakik.com\/?author=1"}]}},"_links":{"self":[{"href":"https:\/\/kibrisdakik.com\/index.php?rest_route=\/wp\/v2\/posts\/14598","targetHints":{"allow":["GET"]}}],"collection":[{"href":"https:\/\/kibrisdakik.com\/index.php?rest_route=\/wp\/v2\/posts"}],"about":[{"href":"https:\/\/kibrisdakik.com\/index.php?rest_route=\/wp\/v2\/types\/post"}],"author":[{"embeddable":true,"href":"https:\/\/kibrisdakik.com\/index.php?rest_route=\/wp\/v2\/users\/1"}],"replies":[{"embeddable":true,"href":"https:\/\/kibrisdakik.com\/index.php?rest_route=%2Fwp%2Fv2%2Fcomments&post=14598"}],"version-history":[{"count":0,"href":"https:\/\/kibrisdakik.com\/index.php?rest_route=\/wp\/v2\/posts\/14598\/revisions"}],"wp:featuredmedia":[{"embeddable":true,"href":"https:\/\/kibrisdakik.com\/index.php?rest_route=\/wp\/v2\/media\/14599"}],"wp:attachment":[{"href":"https:\/\/kibrisdakik.com\/index.php?rest_route=%2Fwp%2Fv2%2Fmedia&parent=14598"}],"wp:term":[{"taxonomy":"category","embeddable":true,"href":"https:\/\/kibrisdakik.com\/index.php?rest_route=%2Fwp%2Fv2%2Fcategories&post=14598"},{"taxonomy":"post_tag","embeddable":true,"href":"https:\/\/kibrisdakik.com\/index.php?rest_route=%2Fwp%2Fv2%2Ftags&post=14598"}],"curies":[{"name":"wp","href":"https:\/\/api.w.org\/{rel}","templated":true}]}}