{"id":14649,"date":"2023-09-28T15:22:47","date_gmt":"2023-09-28T15:22:47","guid":{"rendered":"https:\/\/kibrisdakik.com\/index.php\/2023\/09\/28\/kurtulmustan-rum-temsilciye-tepki-isgalci-turkiye-degil-1960ta-kurulmus-yasal-kibris-cumhuriyetini-isgal-eden-rum-tarafidir\/"},"modified":"2023-09-28T15:22:47","modified_gmt":"2023-09-28T15:22:47","slug":"kurtulmustan-rum-temsilciye-tepki-isgalci-turkiye-degil-1960ta-kurulmus-yasal-kibris-cumhuriyetini-isgal-eden-rum-tarafidir","status":"publish","type":"post","link":"https:\/\/kibrisdakik.com\/?p=14649","title":{"rendered":"Kurtulmu\u015f\u2019tan Rum temsilciye tepki \u201c\u0130\u015fgalci T\u00fcrkiye de\u011fil, 1960\u2019ta kurulmu\u015f yasal K\u0131br\u0131s Cumhuriyeti\u2019ni i\u015fgal eden Rum taraf\u0131d\u0131r\u201d"},"content":{"rendered":"<p><\/p>\n<div>\n<div class=\"mariselle-image-container center\">\n                <img width=\"2560\" height=\"1707\" class=\"lazy-image\" alt=\"\" decoding=\"async\" loading=\"lazy\" sizes=\"auto, (max-width: 2560px) 100vw, 2560px\" src=\"https:\/\/brtk.net\/wp-content\/uploads\/2023\/09\/28\/tbmm-baskani-kurtulmus-scaled.jpg?ver=1801afaa0282c9c161fc7078a9f93946\" srcset=\"https:\/\/brtk.net\/wp-content\/uploads\/2023\/09\/28\/tbmm-baskani-kurtulmus-scaled.jpg?ver=1801afaa0282c9c161fc7078a9f93946 2560w, https:\/\/brtk.net\/wp-content\/uploads\/2023\/09\/28\/tbmm-baskani-kurtulmus-300x200.jpg?ver=a5f70866f15746fa652ce1432799834c 300w, https:\/\/brtk.net\/wp-content\/uploads\/2023\/09\/28\/tbmm-baskani-kurtulmus-1024x683.jpg?ver=89e7d9d01ef26fd301a0ce9db58916f3 1024w, https:\/\/brtk.net\/wp-content\/uploads\/2023\/09\/28\/tbmm-baskani-kurtulmus-768x512.jpg?ver=db8f0cca707359d8c93efac3335238cd 768w, https:\/\/brtk.net\/wp-content\/uploads\/2023\/09\/28\/tbmm-baskani-kurtulmus-1536x1024.jpg?ver=bc05739a571f5e740de19ea302ab9954 1536w, https:\/\/brtk.net\/wp-content\/uploads\/2023\/09\/28\/tbmm-baskani-kurtulmus-2048x1366.jpg?ver=8d92c7a130825579985aab57edc43921 2048w\"\/>                            <\/div>\n<p>TBMM Ba\u015fkan\u0131 Numan Kurtulmu\u015f, Avrupa Parlamento Ba\u015fkanlar\u0131 Konferans\u0131\u2019nda, \u201cT\u00fcrkiye\u2019nin K\u0131br\u0131s\u2019ta, Azerbaycan\u2019\u0131n ise Karaba\u011f\u2019da i\u015fgalci oldu\u011funu\u201d iddia eden Rum temsilciye tepki g\u00f6sterdi.<\/p>\n<p>Kurtulmu\u015f, \u201cK\u0131br\u0131s\u2019taki i\u015fgalci T\u00fcrkiye de\u011fil 1960\u2019ta kurulmu\u015f yasal K\u0131br\u0131s Cumhuriyeti\u2019ni ortadan kald\u0131ran, Cumhuriyet\u2019i i\u015fgal eden Rum taraf\u0131d\u0131r.\u201d dedi.<\/p>\n<p>TBMM Ba\u015fkan\u0131 Numan Kurtulmu\u015f, \u0130rlanda\u2019n\u0131n ba\u015fkenti Dublin\u2019de d\u00fczenlenen Avrupa Parlamento Ba\u015fkanlar\u0131 Konferans\u0131\u2019na kat\u0131ld\u0131.<\/p>\n<p>Kurtulmu\u015f, konu\u015fmas\u0131 s\u0131ras\u0131nda, kendinden \u00f6nce k\u00fcrs\u00fcye gelen G\u00fcney K\u0131br\u0131s Rum Y\u00f6netimi Temsilciler Meclisi Ba\u015fkan\u0131 Annita Demetriou\u2019nun, T\u00fcrkleri \u201ci\u015fgalci\u201d olarak g\u00f6steren s\u00f6zler sarf etti\u011fini an\u0131msatarak, tepki g\u00f6sterdi.<\/p>\n<p>Kurtulmu\u015f, \u201cT\u00fcrkiye\u2019nin K\u0131br\u0131s\u2019ta, Azerbaycan\u2019\u0131n ise Karaba\u011f\u2019da i\u015fgalci oldu\u011funu\u201d iddia eden Rum temsilcinin s\u00f6zlerine ili\u015fkin, \u201cK\u0131br\u0131s\u2019ta bir i\u015fgal vard\u0131r, do\u011fru. K\u0131br\u0131s\u2019taki i\u015fgalci T\u00fcrkiye de\u011fil 1960\u2019ta kurulmu\u015f yasal K\u0131br\u0131s Cumhuriyeti\u2019ni ortadan kald\u0131ran, Cumhuriyet\u2019i i\u015fgal eden Rum taraf\u0131d\u0131r. Enosis yanl\u0131s\u0131 olan gruplar\u0131n K\u0131br\u0131s Cumhuriyeti\u2019ni ortadan kald\u0131rmas\u0131na tabii ki T\u00fcrkiye garant\u00f6r \u00fclke olarak seyirci kalamazd\u0131 ve seyirci kalmad\u0131.\u201d ifadelerini kulland\u0131.<\/p>\n<\/p><\/div>\n<p><script async\n                    defer\n                    crossorigin=\"anonymous\"\n                    src=\"https:\/\/connect.facebook.net\/tr_TR\/sdk.js#xfbml=1&#038;version=v3.3\"\n            ><\/script><\/p>\n","protected":false},"excerpt":{"rendered":"<p>TBMM Ba\u015fkan\u0131 Numan Kurtulmu\u015f, Avrupa Parlamento Ba\u015fkanlar\u0131 Konferans\u0131\u2019nda, \u201cT\u00fcrkiye\u2019nin K\u0131br\u0131s\u2019ta, Azerbaycan\u2019\u0131n ise Karaba\u011f\u2019da i\u015fgalci oldu\u011funu\u201d iddia eden Rum temsilciye tepki g\u00f6sterdi. Kurtulmu\u015f, \u201cK\u0131br\u0131s\u2019taki i\u015fgalci T\u00fcrkiye de\u011fil 1960\u2019ta kurulmu\u015f yasal K\u0131br\u0131s Cumhuriyeti\u2019ni ortadan kald\u0131ran, Cumhuriyet\u2019i i\u015fgal eden Rum taraf\u0131d\u0131r.\u201d dedi. TBMM Ba\u015fkan\u0131 Numan Kurtulmu\u015f, \u0130rlanda\u2019n\u0131n ba\u015fkenti Dublin\u2019de d\u00fczenlenen Avrupa Parlamento Ba\u015fkanlar\u0131 Konferans\u0131\u2019na kat\u0131ld\u0131. Kurtulmu\u015f, konu\u015fmas\u0131 s\u0131ras\u0131nda,<\/p>\n","protected":false},"author":1,"featured_media":14650,"comment_status":"open","ping_status":"open","sticky":false,"template":"","format":"standard","meta":{"footnotes":""},"categories":[86],"tags":[],"class_list":["post-14649","post","type-post","status-publish","format-standard","has-post-thumbnail","hentry","category-turkiye"],"yoast_head":"<!-- This site is optimized with the Yoast SEO plugin v27.5 - https:\/\/yoast.com\/product\/yoast-seo-wordpress\/ -->\n<title>Kurtulmu\u015f\u2019tan Rum temsilciye tepki \u201c\u0130\u015fgalci T\u00fcrkiye de\u011fil, 1960\u2019ta kurulmu\u015f yasal K\u0131br\u0131s Cumhuriyeti\u2019ni i\u015fgal eden Rum taraf\u0131d\u0131r\u201d -<\/title>\n<meta name=\"robots\" content=\"index, follow, max-snippet:-1, max-image-preview:large, max-video-preview:-1\" \/>\n<link rel=\"canonical\" href=\"https:\/\/kibrisdakik.com\/?p=14649\" \/>\n<meta property=\"og:locale\" content=\"tr_TR\" \/>\n<meta property=\"og:type\" content=\"article\" \/>\n<meta property=\"og:title\" content=\"Kurtulmu\u015f\u2019tan Rum temsilciye tepki \u201c\u0130\u015fgalci T\u00fcrkiye de\u011fil, 1960\u2019ta kurulmu\u015f yasal K\u0131br\u0131s Cumhuriyeti\u2019ni i\u015fgal eden Rum taraf\u0131d\u0131r\u201d -\" \/>\n<meta property=\"og:description\" content=\"TBMM Ba\u015fkan\u0131 Numan Kurtulmu\u015f, Avrupa Parlamento Ba\u015fkanlar\u0131 Konferans\u0131\u2019nda, \u201cT\u00fcrkiye\u2019nin K\u0131br\u0131s\u2019ta, Azerbaycan\u2019\u0131n ise Karaba\u011f\u2019da i\u015fgalci oldu\u011funu\u201d iddia eden Rum temsilciye tepki g\u00f6sterdi. Kurtulmu\u015f, \u201cK\u0131br\u0131s\u2019taki i\u015fgalci T\u00fcrkiye de\u011fil 1960\u2019ta kurulmu\u015f yasal K\u0131br\u0131s Cumhuriyeti\u2019ni ortadan kald\u0131ran, Cumhuriyet\u2019i i\u015fgal eden Rum taraf\u0131d\u0131r.\u201d dedi. TBMM Ba\u015fkan\u0131 Numan Kurtulmu\u015f, \u0130rlanda\u2019n\u0131n ba\u015fkenti Dublin\u2019de d\u00fczenlenen Avrupa Parlamento Ba\u015fkanlar\u0131 Konferans\u0131\u2019na kat\u0131ld\u0131. Kurtulmu\u015f, konu\u015fmas\u0131 s\u0131ras\u0131nda,\" \/>\n<meta property=\"og:url\" content=\"https:\/\/kibrisdakik.com\/?p=14649\" \/>\n<meta property=\"article:published_time\" content=\"2023-09-28T15:22:47+00:00\" \/>\n<meta property=\"og:image\" content=\"https:\/\/kibrisdakik.com\/wp-content\/uploads\/2023\/09\/tbmm-baskani-kurtulmus-scaled-740x420.jpg\" \/>\n\t<meta property=\"og:image:width\" content=\"2560\" \/>\n\t<meta property=\"og:image:height\" content=\"1707\" \/>\n\t<meta property=\"og:image:type\" content=\"image\/jpeg\" \/>\n<meta name=\"author\" content=\"admin\" \/>\n<meta name=\"twitter:card\" content=\"summary_large_image\" \/>\n<meta name=\"twitter:label1\" content=\"Yazan:\" \/>\n\t<meta name=\"twitter:data1\" content=\"admin\" \/>\n\t<meta name=\"twitter:label2\" content=\"Tahmini okuma s\u00fcresi\" \/>\n\t<meta name=\"twitter:data2\" content=\"1 dakika\" \/>\n<script type=\"application\/ld+json\" class=\"yoast-schema-graph\">{\"@context\":\"https:\\\/\\\/schema.org\",\"@graph\":[{\"@type\":\"Article\",\"@id\":\"https:\\\/\\\/kibrisdakik.com\\\/?p=14649#article\",\"isPartOf\":{\"@id\":\"https:\\\/\\\/kibrisdakik.com\\\/?p=14649\"},\"author\":{\"name\":\"admin\",\"@id\":\"https:\\\/\\\/kibrisdakik.com\\\/#\\\/schema\\\/person\\\/9cd9d437bbb44f72b73ba127e06d8e79\"},\"headline\":\"Kurtulmu\u015f\u2019tan Rum temsilciye tepki \u201c\u0130\u015fgalci T\u00fcrkiye de\u011fil, 1960\u2019ta kurulmu\u015f yasal K\u0131br\u0131s Cumhuriyeti\u2019ni i\u015fgal eden Rum taraf\u0131d\u0131r\u201d\",\"datePublished\":\"2023-09-28T15:22:47+00:00\",\"mainEntityOfPage\":{\"@id\":\"https:\\\/\\\/kibrisdakik.com\\\/?p=14649\"},\"wordCount\":253,\"commentCount\":0,\"image\":{\"@id\":\"https:\\\/\\\/kibrisdakik.com\\\/?p=14649#primaryimage\"},\"thumbnailUrl\":\"https:\\\/\\\/kibrisdakik.com\\\/wp-content\\\/uploads\\\/2023\\\/09\\\/tbmm-baskani-kurtulmus-scaled-740x420.jpg\",\"articleSection\":[\"T\u00fcrkiye\"],\"inLanguage\":\"tr\",\"potentialAction\":[{\"@type\":\"CommentAction\",\"name\":\"Comment\",\"target\":[\"https:\\\/\\\/kibrisdakik.com\\\/?p=14649#respond\"]}]},{\"@type\":\"WebPage\",\"@id\":\"https:\\\/\\\/kibrisdakik.com\\\/?p=14649\",\"url\":\"https:\\\/\\\/kibrisdakik.com\\\/?p=14649\",\"name\":\"Kurtulmu\u015f\u2019tan Rum temsilciye tepki \u201c\u0130\u015fgalci T\u00fcrkiye de\u011fil, 1960\u2019ta kurulmu\u015f yasal K\u0131br\u0131s Cumhuriyeti\u2019ni i\u015fgal eden Rum taraf\u0131d\u0131r\u201d -\",\"isPartOf\":{\"@id\":\"https:\\\/\\\/kibrisdakik.com\\\/#website\"},\"primaryImageOfPage\":{\"@id\":\"https:\\\/\\\/kibrisdakik.com\\\/?p=14649#primaryimage\"},\"image\":{\"@id\":\"https:\\\/\\\/kibrisdakik.com\\\/?p=14649#primaryimage\"},\"thumbnailUrl\":\"https:\\\/\\\/kibrisdakik.com\\\/wp-content\\\/uploads\\\/2023\\\/09\\\/tbmm-baskani-kurtulmus-scaled-740x420.jpg\",\"datePublished\":\"2023-09-28T15:22:47+00:00\",\"author\":{\"@id\":\"https:\\\/\\\/kibrisdakik.com\\\/#\\\/schema\\\/person\\\/9cd9d437bbb44f72b73ba127e06d8e79\"},\"breadcrumb\":{\"@id\":\"https:\\\/\\\/kibrisdakik.com\\\/?p=14649#breadcrumb\"},\"inLanguage\":\"tr\",\"potentialAction\":[{\"@type\":\"ReadAction\",\"target\":[\"https:\\\/\\\/kibrisdakik.com\\\/?p=14649\"]}]},{\"@type\":\"ImageObject\",\"inLanguage\":\"tr\",\"@id\":\"https:\\\/\\\/kibrisdakik.com\\\/?p=14649#primaryimage\",\"url\":\"https:\\\/\\\/kibrisdakik.com\\\/wp-content\\\/uploads\\\/2023\\\/09\\\/tbmm-baskani-kurtulmus-scaled-740x420.jpg\",\"contentUrl\":\"https:\\\/\\\/kibrisdakik.com\\\/wp-content\\\/uploads\\\/2023\\\/09\\\/tbmm-baskani-kurtulmus-scaled-740x420.jpg\",\"width\":2560,\"height\":1707},{\"@type\":\"BreadcrumbList\",\"@id\":\"https:\\\/\\\/kibrisdakik.com\\\/?p=14649#breadcrumb\",\"itemListElement\":[{\"@type\":\"ListItem\",\"position\":1,\"name\":\"Home\",\"item\":\"https:\\\/\\\/kibrisdakik.com\\\/\"},{\"@type\":\"ListItem\",\"position\":2,\"name\":\"Kurtulmu\u015f\u2019tan Rum temsilciye tepki \u201c\u0130\u015fgalci T\u00fcrkiye de\u011fil, 1960\u2019ta kurulmu\u015f yasal K\u0131br\u0131s Cumhuriyeti\u2019ni i\u015fgal eden Rum taraf\u0131d\u0131r\u201d\"}]},{\"@type\":\"WebSite\",\"@id\":\"https:\\\/\\\/kibrisdakik.com\\\/#website\",\"url\":\"https:\\\/\\\/kibrisdakik.com\\\/\",\"name\":\"\",\"description\":\"Tam vaktinde haber\",\"potentialAction\":[{\"@type\":\"SearchAction\",\"target\":{\"@type\":\"EntryPoint\",\"urlTemplate\":\"https:\\\/\\\/kibrisdakik.com\\\/?s={search_term_string}\"},\"query-input\":{\"@type\":\"PropertyValueSpecification\",\"valueRequired\":true,\"valueName\":\"search_term_string\"}}],\"inLanguage\":\"tr\"},{\"@type\":\"Person\",\"@id\":\"https:\\\/\\\/kibrisdakik.com\\\/#\\\/schema\\\/person\\\/9cd9d437bbb44f72b73ba127e06d8e79\",\"name\":\"admin\",\"image\":{\"@type\":\"ImageObject\",\"inLanguage\":\"tr\",\"@id\":\"https:\\\/\\\/secure.gravatar.com\\\/avatar\\\/ccc17943b9d660506c869530f897617f7cb1c21a4bf30023f252596d83e1f007?s=96&d=mm&r=g\",\"url\":\"https:\\\/\\\/secure.gravatar.com\\\/avatar\\\/ccc17943b9d660506c869530f897617f7cb1c21a4bf30023f252596d83e1f007?s=96&d=mm&r=g\",\"contentUrl\":\"https:\\\/\\\/secure.gravatar.com\\\/avatar\\\/ccc17943b9d660506c869530f897617f7cb1c21a4bf30023f252596d83e1f007?s=96&d=mm&r=g\",\"caption\":\"admin\"},\"sameAs\":[\"https:\\\/\\\/kibrisdakik.com\"],\"url\":\"https:\\\/\\\/kibrisdakik.com\\\/?author=1\"}]}<\/script>\n<!-- \/ Yoast SEO plugin. -->","yoast_head_json":{"title":"Kurtulmu\u015f\u2019tan Rum temsilciye tepki \u201c\u0130\u015fgalci T\u00fcrkiye de\u011fil, 1960\u2019ta kurulmu\u015f yasal K\u0131br\u0131s Cumhuriyeti\u2019ni i\u015fgal eden Rum taraf\u0131d\u0131r\u201d -","robots":{"index":"index","follow":"follow","max-snippet":"max-snippet:-1","max-image-preview":"max-image-preview:large","max-video-preview":"max-video-preview:-1"},"canonical":"https:\/\/kibrisdakik.com\/?p=14649","og_locale":"tr_TR","og_type":"article","og_title":"Kurtulmu\u015f\u2019tan Rum temsilciye tepki \u201c\u0130\u015fgalci T\u00fcrkiye de\u011fil, 1960\u2019ta kurulmu\u015f yasal K\u0131br\u0131s Cumhuriyeti\u2019ni i\u015fgal eden Rum taraf\u0131d\u0131r\u201d -","og_description":"TBMM Ba\u015fkan\u0131 Numan Kurtulmu\u015f, Avrupa Parlamento Ba\u015fkanlar\u0131 Konferans\u0131\u2019nda, \u201cT\u00fcrkiye\u2019nin K\u0131br\u0131s\u2019ta, Azerbaycan\u2019\u0131n ise Karaba\u011f\u2019da i\u015fgalci oldu\u011funu\u201d iddia eden Rum temsilciye tepki g\u00f6sterdi. Kurtulmu\u015f, \u201cK\u0131br\u0131s\u2019taki i\u015fgalci T\u00fcrkiye de\u011fil 1960\u2019ta kurulmu\u015f yasal K\u0131br\u0131s Cumhuriyeti\u2019ni ortadan kald\u0131ran, Cumhuriyet\u2019i i\u015fgal eden Rum taraf\u0131d\u0131r.\u201d dedi. TBMM Ba\u015fkan\u0131 Numan Kurtulmu\u015f, \u0130rlanda\u2019n\u0131n ba\u015fkenti Dublin\u2019de d\u00fczenlenen Avrupa Parlamento Ba\u015fkanlar\u0131 Konferans\u0131\u2019na kat\u0131ld\u0131. Kurtulmu\u015f, konu\u015fmas\u0131 s\u0131ras\u0131nda,","og_url":"https:\/\/kibrisdakik.com\/?p=14649","article_published_time":"2023-09-28T15:22:47+00:00","og_image":[{"width":2560,"height":1707,"url":"https:\/\/kibrisdakik.com\/wp-content\/uploads\/2023\/09\/tbmm-baskani-kurtulmus-scaled-740x420.jpg","type":"image\/jpeg"}],"author":"admin","twitter_card":"summary_large_image","twitter_misc":{"Yazan:":"admin","Tahmini okuma s\u00fcresi":"1 dakika"},"schema":{"@context":"https:\/\/schema.org","@graph":[{"@type":"Article","@id":"https:\/\/kibrisdakik.com\/?p=14649#article","isPartOf":{"@id":"https:\/\/kibrisdakik.com\/?p=14649"},"author":{"name":"admin","@id":"https:\/\/kibrisdakik.com\/#\/schema\/person\/9cd9d437bbb44f72b73ba127e06d8e79"},"headline":"Kurtulmu\u015f\u2019tan Rum temsilciye tepki \u201c\u0130\u015fgalci T\u00fcrkiye de\u011fil, 1960\u2019ta kurulmu\u015f yasal K\u0131br\u0131s Cumhuriyeti\u2019ni i\u015fgal eden Rum taraf\u0131d\u0131r\u201d","datePublished":"2023-09-28T15:22:47+00:00","mainEntityOfPage":{"@id":"https:\/\/kibrisdakik.com\/?p=14649"},"wordCount":253,"commentCount":0,"image":{"@id":"https:\/\/kibrisdakik.com\/?p=14649#primaryimage"},"thumbnailUrl":"https:\/\/kibrisdakik.com\/wp-content\/uploads\/2023\/09\/tbmm-baskani-kurtulmus-scaled-740x420.jpg","articleSection":["T\u00fcrkiye"],"inLanguage":"tr","potentialAction":[{"@type":"CommentAction","name":"Comment","target":["https:\/\/kibrisdakik.com\/?p=14649#respond"]}]},{"@type":"WebPage","@id":"https:\/\/kibrisdakik.com\/?p=14649","url":"https:\/\/kibrisdakik.com\/?p=14649","name":"Kurtulmu\u015f\u2019tan Rum temsilciye tepki \u201c\u0130\u015fgalci T\u00fcrkiye de\u011fil, 1960\u2019ta kurulmu\u015f yasal K\u0131br\u0131s Cumhuriyeti\u2019ni i\u015fgal eden Rum taraf\u0131d\u0131r\u201d -","isPartOf":{"@id":"https:\/\/kibrisdakik.com\/#website"},"primaryImageOfPage":{"@id":"https:\/\/kibrisdakik.com\/?p=14649#primaryimage"},"image":{"@id":"https:\/\/kibrisdakik.com\/?p=14649#primaryimage"},"thumbnailUrl":"https:\/\/kibrisdakik.com\/wp-content\/uploads\/2023\/09\/tbmm-baskani-kurtulmus-scaled-740x420.jpg","datePublished":"2023-09-28T15:22:47+00:00","author":{"@id":"https:\/\/kibrisdakik.com\/#\/schema\/person\/9cd9d437bbb44f72b73ba127e06d8e79"},"breadcrumb":{"@id":"https:\/\/kibrisdakik.com\/?p=14649#breadcrumb"},"inLanguage":"tr","potentialAction":[{"@type":"ReadAction","target":["https:\/\/kibrisdakik.com\/?p=14649"]}]},{"@type":"ImageObject","inLanguage":"tr","@id":"https:\/\/kibrisdakik.com\/?p=14649#primaryimage","url":"https:\/\/kibrisdakik.com\/wp-content\/uploads\/2023\/09\/tbmm-baskani-kurtulmus-scaled-740x420.jpg","contentUrl":"https:\/\/kibrisdakik.com\/wp-content\/uploads\/2023\/09\/tbmm-baskani-kurtulmus-scaled-740x420.jpg","width":2560,"height":1707},{"@type":"BreadcrumbList","@id":"https:\/\/kibrisdakik.com\/?p=14649#breadcrumb","itemListElement":[{"@type":"ListItem","position":1,"name":"Home","item":"https:\/\/kibrisdakik.com\/"},{"@type":"ListItem","position":2,"name":"Kurtulmu\u015f\u2019tan Rum temsilciye tepki \u201c\u0130\u015fgalci T\u00fcrkiye de\u011fil, 1960\u2019ta kurulmu\u015f yasal K\u0131br\u0131s Cumhuriyeti\u2019ni i\u015fgal eden Rum taraf\u0131d\u0131r\u201d"}]},{"@type":"WebSite","@id":"https:\/\/kibrisdakik.com\/#website","url":"https:\/\/kibrisdakik.com\/","name":"","description":"Tam vaktinde haber","potentialAction":[{"@type":"SearchAction","target":{"@type":"EntryPoint","urlTemplate":"https:\/\/kibrisdakik.com\/?s={search_term_string}"},"query-input":{"@type":"PropertyValueSpecification","valueRequired":true,"valueName":"search_term_string"}}],"inLanguage":"tr"},{"@type":"Person","@id":"https:\/\/kibrisdakik.com\/#\/schema\/person\/9cd9d437bbb44f72b73ba127e06d8e79","name":"admin","image":{"@type":"ImageObject","inLanguage":"tr","@id":"https:\/\/secure.gravatar.com\/avatar\/ccc17943b9d660506c869530f897617f7cb1c21a4bf30023f252596d83e1f007?s=96&d=mm&r=g","url":"https:\/\/secure.gravatar.com\/avatar\/ccc17943b9d660506c869530f897617f7cb1c21a4bf30023f252596d83e1f007?s=96&d=mm&r=g","contentUrl":"https:\/\/secure.gravatar.com\/avatar\/ccc17943b9d660506c869530f897617f7cb1c21a4bf30023f252596d83e1f007?s=96&d=mm&r=g","caption":"admin"},"sameAs":["https:\/\/kibrisdakik.com"],"url":"https:\/\/kibrisdakik.com\/?author=1"}]}},"_links":{"self":[{"href":"https:\/\/kibrisdakik.com\/index.php?rest_route=\/wp\/v2\/posts\/14649","targetHints":{"allow":["GET"]}}],"collection":[{"href":"https:\/\/kibrisdakik.com\/index.php?rest_route=\/wp\/v2\/posts"}],"about":[{"href":"https:\/\/kibrisdakik.com\/index.php?rest_route=\/wp\/v2\/types\/post"}],"author":[{"embeddable":true,"href":"https:\/\/kibrisdakik.com\/index.php?rest_route=\/wp\/v2\/users\/1"}],"replies":[{"embeddable":true,"href":"https:\/\/kibrisdakik.com\/index.php?rest_route=%2Fwp%2Fv2%2Fcomments&post=14649"}],"version-history":[{"count":0,"href":"https:\/\/kibrisdakik.com\/index.php?rest_route=\/wp\/v2\/posts\/14649\/revisions"}],"wp:featuredmedia":[{"embeddable":true,"href":"https:\/\/kibrisdakik.com\/index.php?rest_route=\/wp\/v2\/media\/14650"}],"wp:attachment":[{"href":"https:\/\/kibrisdakik.com\/index.php?rest_route=%2Fwp%2Fv2%2Fmedia&parent=14649"}],"wp:term":[{"taxonomy":"category","embeddable":true,"href":"https:\/\/kibrisdakik.com\/index.php?rest_route=%2Fwp%2Fv2%2Fcategories&post=14649"},{"taxonomy":"post_tag","embeddable":true,"href":"https:\/\/kibrisdakik.com\/index.php?rest_route=%2Fwp%2Fv2%2Ftags&post=14649"}],"curies":[{"name":"wp","href":"https:\/\/api.w.org\/{rel}","templated":true}]}}