{"id":14683,"date":"2023-09-28T21:23:21","date_gmt":"2023-09-28T21:23:21","guid":{"rendered":"https:\/\/kibrisdakik.com\/index.php\/2023\/09\/28\/cumhuriyet-meclisi-sayistay-komitesi-ile-idari-kamu-ve-saglik-isleri-komitesi-toplandi\/"},"modified":"2023-09-28T21:23:21","modified_gmt":"2023-09-28T21:23:21","slug":"cumhuriyet-meclisi-sayistay-komitesi-ile-idari-kamu-ve-saglik-isleri-komitesi-toplandi","status":"publish","type":"post","link":"https:\/\/kibrisdakik.com\/?p=14683","title":{"rendered":"Cumhuriyet Meclisi \u2018Say\u0131\u015ftay Komitesi\u2019 ile \u2018\u0130dari, Kamu ve Sa\u011fl\u0131k \u0130\u015fleri Komitesi\u2019 topland\u0131"},"content":{"rendered":"<p><\/p>\n<div>\n<div class=\"mariselle-image-container center\">\n                <img width=\"652\" height=\"400\" class=\"lazy-image\" alt=\"\" decoding=\"async\" loading=\"lazy\" sizes=\"auto, (max-width: 652px) 100vw, 652px\" src=\"https:\/\/brtk.net\/wp-content\/uploads\/2023\/09\/28\/meclis-bina121.jpg?ver=e1f5cc2467d72074b82109c9a523c7bd\" srcset=\"https:\/\/brtk.net\/wp-content\/uploads\/2023\/09\/28\/meclis-bina121.jpg?ver=e1f5cc2467d72074b82109c9a523c7bd 652w, https:\/\/brtk.net\/wp-content\/uploads\/2023\/09\/28\/meclis-bina121-300x184.jpg?ver=0b6037870030878d7df5ee2460ce5c08 300w\"\/>                            <\/div>\n<p>Say\u0131\u015ftay Komitesi 2020 Mali Y\u0131l\u0131 Kesin Hesap Tasar\u0131s\u0131 , 2020 Mali Y\u0131l\u0131 B\u00fct\u00e7esi Kesin Hesap Uygunluk Bildirimine \u0130li\u015fkin Say\u0131\u015ftay Denetim Raporu ile Pandemi D\u00f6neminde Karantina Uygulamalar\u0131 Konulu Verimlilik, Etkinlik,ve Tutumluluk Say\u0131\u015ftay Denetim Raporu g\u00fcndemleriyle topland\u0131.<\/p>\n<p>Teberr\u00fcken Ulu\u00e7ay ba\u015fkanl\u0131\u011f\u0131ndaki toplant\u0131ya ba\u015fkan yard\u0131mc\u0131s\u0131 Emrah Ye\u015fil\u0131rmak ve \u00fcyeler F\u0131rt\u0131na Karanfil, Ali Pilli, Salahi \u015eahiner kat\u0131ld\u0131.<\/p>\n<p>\u0130lk g\u00fcnem oybirli\u011fiyle ge\u00e7erken, ikinci g\u00fcndemin genel g\u00f6r\u00fc\u015fmesine bir sonraki toplant\u0131da da devam edilmesi kararla\u015ft\u0131r\u0131ld\u0131.<\/p>\n<p>Emrah Ye\u015fil\u0131rmak Ba\u015fkanl\u0131\u011f\u0131ndaki komite toplants\u0131na komitenin ba\u015fkan yard\u0131mc\u0131s\u0131 Filiz Besim ile \u00fcyeler Devrim Bar\u00e7\u0131n ve F\u0131rt\u0131na Karanfil kat\u0131ld\u0131.   Ahme Sava\u015fan mazaretli oldu\u011fu i\u00e7in toplant\u0131da yer almad\u0131. Toplant\u0131ya davet edilen \u00e7ok say\u0131da Bakanl\u0131k temsilcisi, meslek \u00f6rg\u00fct\u00fc ve sivil toplum kurulu\u015fu da toplant\u0131da haz\u0131r bulundu.<\/p>\n<p>Toplant\u0131da Enerji Dairesi Yasa Tasar\u0131s\u0131 ile Huzurevleri ve Ya\u015fl\u0131 Bak\u0131mevleri Yasa Tasar\u0131s\u0131 ele al\u0131nd\u0131. <\/p>\n<p>Enerji Dairesi Yasa Tasar\u0131s\u0131\u2019n\u0131n genel g\u00f6r\u00fc\u015fmesine devam edilirken, Huzurevleri ve Ya\u015fl\u0131 Bak\u0131mevleri Yasa Tasar\u0131s\u0131 genel g\u00f6r\u00fc\u015fmeye a\u00e7\u0131ld\u0131.<\/p>\n<\/p><\/div>\n<p><script async\n                    defer\n                    crossorigin=\"anonymous\"\n                    src=\"https:\/\/connect.facebook.net\/tr_TR\/sdk.js#xfbml=1&#038;version=v3.3\"\n            ><\/script><\/p>\n","protected":false},"excerpt":{"rendered":"<p>Say\u0131\u015ftay Komitesi 2020 Mali Y\u0131l\u0131 Kesin Hesap Tasar\u0131s\u0131 , 2020 Mali Y\u0131l\u0131 B\u00fct\u00e7esi Kesin Hesap Uygunluk Bildirimine \u0130li\u015fkin Say\u0131\u015ftay Denetim Raporu ile Pandemi D\u00f6neminde Karantina Uygulamalar\u0131 Konulu Verimlilik, Etkinlik,ve Tutumluluk Say\u0131\u015ftay Denetim Raporu g\u00fcndemleriyle topland\u0131. Teberr\u00fcken Ulu\u00e7ay ba\u015fkanl\u0131\u011f\u0131ndaki toplant\u0131ya ba\u015fkan yard\u0131mc\u0131s\u0131 Emrah Ye\u015fil\u0131rmak ve \u00fcyeler F\u0131rt\u0131na Karanfil, Ali Pilli, Salahi \u015eahiner kat\u0131ld\u0131. \u0130lk g\u00fcnem oybirli\u011fiyle<\/p>\n","protected":false},"author":1,"featured_media":14684,"comment_status":"open","ping_status":"open","sticky":false,"template":"","format":"standard","meta":{"footnotes":""},"categories":[1],"tags":[],"class_list":["post-14683","post","type-post","status-publish","format-standard","has-post-thumbnail","hentry","category-gundem"],"yoast_head":"<!-- This site is optimized with the Yoast SEO plugin v27.4 - https:\/\/yoast.com\/product\/yoast-seo-wordpress\/ -->\n<title>Cumhuriyet Meclisi \u2018Say\u0131\u015ftay Komitesi\u2019 ile \u2018\u0130dari, Kamu ve Sa\u011fl\u0131k \u0130\u015fleri Komitesi\u2019 topland\u0131 -<\/title>\n<meta name=\"robots\" content=\"index, follow, max-snippet:-1, max-image-preview:large, max-video-preview:-1\" \/>\n<link rel=\"canonical\" href=\"https:\/\/kibrisdakik.com\/?p=14683\" \/>\n<meta property=\"og:locale\" content=\"tr_TR\" \/>\n<meta property=\"og:type\" content=\"article\" \/>\n<meta property=\"og:title\" content=\"Cumhuriyet Meclisi \u2018Say\u0131\u015ftay Komitesi\u2019 ile \u2018\u0130dari, Kamu ve Sa\u011fl\u0131k \u0130\u015fleri Komitesi\u2019 topland\u0131 -\" \/>\n<meta property=\"og:description\" content=\"Say\u0131\u015ftay Komitesi 2020 Mali Y\u0131l\u0131 Kesin Hesap Tasar\u0131s\u0131 , 2020 Mali Y\u0131l\u0131 B\u00fct\u00e7esi Kesin Hesap Uygunluk Bildirimine \u0130li\u015fkin Say\u0131\u015ftay Denetim Raporu ile Pandemi D\u00f6neminde Karantina Uygulamalar\u0131 Konulu Verimlilik, Etkinlik,ve Tutumluluk Say\u0131\u015ftay Denetim Raporu g\u00fcndemleriyle topland\u0131. Teberr\u00fcken Ulu\u00e7ay ba\u015fkanl\u0131\u011f\u0131ndaki toplant\u0131ya ba\u015fkan yard\u0131mc\u0131s\u0131 Emrah Ye\u015fil\u0131rmak ve \u00fcyeler F\u0131rt\u0131na Karanfil, Ali Pilli, Salahi \u015eahiner kat\u0131ld\u0131. \u0130lk g\u00fcnem oybirli\u011fiyle\" \/>\n<meta property=\"og:url\" content=\"https:\/\/kibrisdakik.com\/?p=14683\" \/>\n<meta property=\"article:published_time\" content=\"2023-09-28T21:23:21+00:00\" \/>\n<meta property=\"og:image\" content=\"https:\/\/kibrisdakik.com\/wp-content\/uploads\/2023\/09\/meclis-bina121.jpg\" \/>\n\t<meta property=\"og:image:width\" content=\"652\" \/>\n\t<meta property=\"og:image:height\" content=\"400\" \/>\n\t<meta property=\"og:image:type\" content=\"image\/jpeg\" \/>\n<meta name=\"author\" content=\"admin\" \/>\n<meta name=\"twitter:card\" content=\"summary_large_image\" \/>\n<meta name=\"twitter:label1\" content=\"Yazan:\" \/>\n\t<meta name=\"twitter:data1\" content=\"admin\" \/>\n\t<meta name=\"twitter:label2\" content=\"Tahmini okuma s\u00fcresi\" \/>\n\t<meta name=\"twitter:data2\" content=\"1 dakika\" \/>\n<script type=\"application\/ld+json\" class=\"yoast-schema-graph\">{\"@context\":\"https:\\\/\\\/schema.org\",\"@graph\":[{\"@type\":\"Article\",\"@id\":\"https:\\\/\\\/kibrisdakik.com\\\/?p=14683#article\",\"isPartOf\":{\"@id\":\"https:\\\/\\\/kibrisdakik.com\\\/?p=14683\"},\"author\":{\"name\":\"admin\",\"@id\":\"https:\\\/\\\/kibrisdakik.com\\\/#\\\/schema\\\/person\\\/9cd9d437bbb44f72b73ba127e06d8e79\"},\"headline\":\"Cumhuriyet Meclisi \u2018Say\u0131\u015ftay Komitesi\u2019 ile \u2018\u0130dari, Kamu ve Sa\u011fl\u0131k \u0130\u015fleri Komitesi\u2019 topland\u0131\",\"datePublished\":\"2023-09-28T21:23:21+00:00\",\"mainEntityOfPage\":{\"@id\":\"https:\\\/\\\/kibrisdakik.com\\\/?p=14683\"},\"wordCount\":228,\"commentCount\":0,\"image\":{\"@id\":\"https:\\\/\\\/kibrisdakik.com\\\/?p=14683#primaryimage\"},\"thumbnailUrl\":\"https:\\\/\\\/kibrisdakik.com\\\/wp-content\\\/uploads\\\/2023\\\/09\\\/meclis-bina121.jpg\",\"articleSection\":[\"G\u00fcndem\"],\"inLanguage\":\"tr\",\"potentialAction\":[{\"@type\":\"CommentAction\",\"name\":\"Comment\",\"target\":[\"https:\\\/\\\/kibrisdakik.com\\\/?p=14683#respond\"]}]},{\"@type\":\"WebPage\",\"@id\":\"https:\\\/\\\/kibrisdakik.com\\\/?p=14683\",\"url\":\"https:\\\/\\\/kibrisdakik.com\\\/?p=14683\",\"name\":\"Cumhuriyet Meclisi \u2018Say\u0131\u015ftay Komitesi\u2019 ile \u2018\u0130dari, Kamu ve Sa\u011fl\u0131k \u0130\u015fleri Komitesi\u2019 topland\u0131 -\",\"isPartOf\":{\"@id\":\"https:\\\/\\\/kibrisdakik.com\\\/#website\"},\"primaryImageOfPage\":{\"@id\":\"https:\\\/\\\/kibrisdakik.com\\\/?p=14683#primaryimage\"},\"image\":{\"@id\":\"https:\\\/\\\/kibrisdakik.com\\\/?p=14683#primaryimage\"},\"thumbnailUrl\":\"https:\\\/\\\/kibrisdakik.com\\\/wp-content\\\/uploads\\\/2023\\\/09\\\/meclis-bina121.jpg\",\"datePublished\":\"2023-09-28T21:23:21+00:00\",\"author\":{\"@id\":\"https:\\\/\\\/kibrisdakik.com\\\/#\\\/schema\\\/person\\\/9cd9d437bbb44f72b73ba127e06d8e79\"},\"breadcrumb\":{\"@id\":\"https:\\\/\\\/kibrisdakik.com\\\/?p=14683#breadcrumb\"},\"inLanguage\":\"tr\",\"potentialAction\":[{\"@type\":\"ReadAction\",\"target\":[\"https:\\\/\\\/kibrisdakik.com\\\/?p=14683\"]}]},{\"@type\":\"ImageObject\",\"inLanguage\":\"tr\",\"@id\":\"https:\\\/\\\/kibrisdakik.com\\\/?p=14683#primaryimage\",\"url\":\"https:\\\/\\\/kibrisdakik.com\\\/wp-content\\\/uploads\\\/2023\\\/09\\\/meclis-bina121.jpg\",\"contentUrl\":\"https:\\\/\\\/kibrisdakik.com\\\/wp-content\\\/uploads\\\/2023\\\/09\\\/meclis-bina121.jpg\",\"width\":652,\"height\":400},{\"@type\":\"BreadcrumbList\",\"@id\":\"https:\\\/\\\/kibrisdakik.com\\\/?p=14683#breadcrumb\",\"itemListElement\":[{\"@type\":\"ListItem\",\"position\":1,\"name\":\"Home\",\"item\":\"https:\\\/\\\/kibrisdakik.com\\\/\"},{\"@type\":\"ListItem\",\"position\":2,\"name\":\"Cumhuriyet Meclisi \u2018Say\u0131\u015ftay Komitesi\u2019 ile \u2018\u0130dari, Kamu ve Sa\u011fl\u0131k \u0130\u015fleri Komitesi\u2019 topland\u0131\"}]},{\"@type\":\"WebSite\",\"@id\":\"https:\\\/\\\/kibrisdakik.com\\\/#website\",\"url\":\"https:\\\/\\\/kibrisdakik.com\\\/\",\"name\":\"\",\"description\":\"Tam vaktinde haber\",\"potentialAction\":[{\"@type\":\"SearchAction\",\"target\":{\"@type\":\"EntryPoint\",\"urlTemplate\":\"https:\\\/\\\/kibrisdakik.com\\\/?s={search_term_string}\"},\"query-input\":{\"@type\":\"PropertyValueSpecification\",\"valueRequired\":true,\"valueName\":\"search_term_string\"}}],\"inLanguage\":\"tr\"},{\"@type\":\"Person\",\"@id\":\"https:\\\/\\\/kibrisdakik.com\\\/#\\\/schema\\\/person\\\/9cd9d437bbb44f72b73ba127e06d8e79\",\"name\":\"admin\",\"image\":{\"@type\":\"ImageObject\",\"inLanguage\":\"tr\",\"@id\":\"https:\\\/\\\/secure.gravatar.com\\\/avatar\\\/ccc17943b9d660506c869530f897617f7cb1c21a4bf30023f252596d83e1f007?s=96&d=mm&r=g\",\"url\":\"https:\\\/\\\/secure.gravatar.com\\\/avatar\\\/ccc17943b9d660506c869530f897617f7cb1c21a4bf30023f252596d83e1f007?s=96&d=mm&r=g\",\"contentUrl\":\"https:\\\/\\\/secure.gravatar.com\\\/avatar\\\/ccc17943b9d660506c869530f897617f7cb1c21a4bf30023f252596d83e1f007?s=96&d=mm&r=g\",\"caption\":\"admin\"},\"sameAs\":[\"https:\\\/\\\/kibrisdakik.com\"],\"url\":\"https:\\\/\\\/kibrisdakik.com\\\/?author=1\"}]}<\/script>\n<!-- \/ Yoast SEO plugin. -->","yoast_head_json":{"title":"Cumhuriyet Meclisi \u2018Say\u0131\u015ftay Komitesi\u2019 ile \u2018\u0130dari, Kamu ve Sa\u011fl\u0131k \u0130\u015fleri Komitesi\u2019 topland\u0131 -","robots":{"index":"index","follow":"follow","max-snippet":"max-snippet:-1","max-image-preview":"max-image-preview:large","max-video-preview":"max-video-preview:-1"},"canonical":"https:\/\/kibrisdakik.com\/?p=14683","og_locale":"tr_TR","og_type":"article","og_title":"Cumhuriyet Meclisi \u2018Say\u0131\u015ftay Komitesi\u2019 ile \u2018\u0130dari, Kamu ve Sa\u011fl\u0131k \u0130\u015fleri Komitesi\u2019 topland\u0131 -","og_description":"Say\u0131\u015ftay Komitesi 2020 Mali Y\u0131l\u0131 Kesin Hesap Tasar\u0131s\u0131 , 2020 Mali Y\u0131l\u0131 B\u00fct\u00e7esi Kesin Hesap Uygunluk Bildirimine \u0130li\u015fkin Say\u0131\u015ftay Denetim Raporu ile Pandemi D\u00f6neminde Karantina Uygulamalar\u0131 Konulu Verimlilik, Etkinlik,ve Tutumluluk Say\u0131\u015ftay Denetim Raporu g\u00fcndemleriyle topland\u0131. Teberr\u00fcken Ulu\u00e7ay ba\u015fkanl\u0131\u011f\u0131ndaki toplant\u0131ya ba\u015fkan yard\u0131mc\u0131s\u0131 Emrah Ye\u015fil\u0131rmak ve \u00fcyeler F\u0131rt\u0131na Karanfil, Ali Pilli, Salahi \u015eahiner kat\u0131ld\u0131. \u0130lk g\u00fcnem oybirli\u011fiyle","og_url":"https:\/\/kibrisdakik.com\/?p=14683","article_published_time":"2023-09-28T21:23:21+00:00","og_image":[{"width":652,"height":400,"url":"https:\/\/kibrisdakik.com\/wp-content\/uploads\/2023\/09\/meclis-bina121.jpg","type":"image\/jpeg"}],"author":"admin","twitter_card":"summary_large_image","twitter_misc":{"Yazan:":"admin","Tahmini okuma s\u00fcresi":"1 dakika"},"schema":{"@context":"https:\/\/schema.org","@graph":[{"@type":"Article","@id":"https:\/\/kibrisdakik.com\/?p=14683#article","isPartOf":{"@id":"https:\/\/kibrisdakik.com\/?p=14683"},"author":{"name":"admin","@id":"https:\/\/kibrisdakik.com\/#\/schema\/person\/9cd9d437bbb44f72b73ba127e06d8e79"},"headline":"Cumhuriyet Meclisi \u2018Say\u0131\u015ftay Komitesi\u2019 ile \u2018\u0130dari, Kamu ve Sa\u011fl\u0131k \u0130\u015fleri Komitesi\u2019 topland\u0131","datePublished":"2023-09-28T21:23:21+00:00","mainEntityOfPage":{"@id":"https:\/\/kibrisdakik.com\/?p=14683"},"wordCount":228,"commentCount":0,"image":{"@id":"https:\/\/kibrisdakik.com\/?p=14683#primaryimage"},"thumbnailUrl":"https:\/\/kibrisdakik.com\/wp-content\/uploads\/2023\/09\/meclis-bina121.jpg","articleSection":["G\u00fcndem"],"inLanguage":"tr","potentialAction":[{"@type":"CommentAction","name":"Comment","target":["https:\/\/kibrisdakik.com\/?p=14683#respond"]}]},{"@type":"WebPage","@id":"https:\/\/kibrisdakik.com\/?p=14683","url":"https:\/\/kibrisdakik.com\/?p=14683","name":"Cumhuriyet Meclisi \u2018Say\u0131\u015ftay Komitesi\u2019 ile \u2018\u0130dari, Kamu ve Sa\u011fl\u0131k \u0130\u015fleri Komitesi\u2019 topland\u0131 -","isPartOf":{"@id":"https:\/\/kibrisdakik.com\/#website"},"primaryImageOfPage":{"@id":"https:\/\/kibrisdakik.com\/?p=14683#primaryimage"},"image":{"@id":"https:\/\/kibrisdakik.com\/?p=14683#primaryimage"},"thumbnailUrl":"https:\/\/kibrisdakik.com\/wp-content\/uploads\/2023\/09\/meclis-bina121.jpg","datePublished":"2023-09-28T21:23:21+00:00","author":{"@id":"https:\/\/kibrisdakik.com\/#\/schema\/person\/9cd9d437bbb44f72b73ba127e06d8e79"},"breadcrumb":{"@id":"https:\/\/kibrisdakik.com\/?p=14683#breadcrumb"},"inLanguage":"tr","potentialAction":[{"@type":"ReadAction","target":["https:\/\/kibrisdakik.com\/?p=14683"]}]},{"@type":"ImageObject","inLanguage":"tr","@id":"https:\/\/kibrisdakik.com\/?p=14683#primaryimage","url":"https:\/\/kibrisdakik.com\/wp-content\/uploads\/2023\/09\/meclis-bina121.jpg","contentUrl":"https:\/\/kibrisdakik.com\/wp-content\/uploads\/2023\/09\/meclis-bina121.jpg","width":652,"height":400},{"@type":"BreadcrumbList","@id":"https:\/\/kibrisdakik.com\/?p=14683#breadcrumb","itemListElement":[{"@type":"ListItem","position":1,"name":"Home","item":"https:\/\/kibrisdakik.com\/"},{"@type":"ListItem","position":2,"name":"Cumhuriyet Meclisi \u2018Say\u0131\u015ftay Komitesi\u2019 ile \u2018\u0130dari, Kamu ve Sa\u011fl\u0131k \u0130\u015fleri Komitesi\u2019 topland\u0131"}]},{"@type":"WebSite","@id":"https:\/\/kibrisdakik.com\/#website","url":"https:\/\/kibrisdakik.com\/","name":"","description":"Tam vaktinde haber","potentialAction":[{"@type":"SearchAction","target":{"@type":"EntryPoint","urlTemplate":"https:\/\/kibrisdakik.com\/?s={search_term_string}"},"query-input":{"@type":"PropertyValueSpecification","valueRequired":true,"valueName":"search_term_string"}}],"inLanguage":"tr"},{"@type":"Person","@id":"https:\/\/kibrisdakik.com\/#\/schema\/person\/9cd9d437bbb44f72b73ba127e06d8e79","name":"admin","image":{"@type":"ImageObject","inLanguage":"tr","@id":"https:\/\/secure.gravatar.com\/avatar\/ccc17943b9d660506c869530f897617f7cb1c21a4bf30023f252596d83e1f007?s=96&d=mm&r=g","url":"https:\/\/secure.gravatar.com\/avatar\/ccc17943b9d660506c869530f897617f7cb1c21a4bf30023f252596d83e1f007?s=96&d=mm&r=g","contentUrl":"https:\/\/secure.gravatar.com\/avatar\/ccc17943b9d660506c869530f897617f7cb1c21a4bf30023f252596d83e1f007?s=96&d=mm&r=g","caption":"admin"},"sameAs":["https:\/\/kibrisdakik.com"],"url":"https:\/\/kibrisdakik.com\/?author=1"}]}},"_links":{"self":[{"href":"https:\/\/kibrisdakik.com\/index.php?rest_route=\/wp\/v2\/posts\/14683","targetHints":{"allow":["GET"]}}],"collection":[{"href":"https:\/\/kibrisdakik.com\/index.php?rest_route=\/wp\/v2\/posts"}],"about":[{"href":"https:\/\/kibrisdakik.com\/index.php?rest_route=\/wp\/v2\/types\/post"}],"author":[{"embeddable":true,"href":"https:\/\/kibrisdakik.com\/index.php?rest_route=\/wp\/v2\/users\/1"}],"replies":[{"embeddable":true,"href":"https:\/\/kibrisdakik.com\/index.php?rest_route=%2Fwp%2Fv2%2Fcomments&post=14683"}],"version-history":[{"count":0,"href":"https:\/\/kibrisdakik.com\/index.php?rest_route=\/wp\/v2\/posts\/14683\/revisions"}],"wp:featuredmedia":[{"embeddable":true,"href":"https:\/\/kibrisdakik.com\/index.php?rest_route=\/wp\/v2\/media\/14684"}],"wp:attachment":[{"href":"https:\/\/kibrisdakik.com\/index.php?rest_route=%2Fwp%2Fv2%2Fmedia&parent=14683"}],"wp:term":[{"taxonomy":"category","embeddable":true,"href":"https:\/\/kibrisdakik.com\/index.php?rest_route=%2Fwp%2Fv2%2Fcategories&post=14683"},{"taxonomy":"post_tag","embeddable":true,"href":"https:\/\/kibrisdakik.com\/index.php?rest_route=%2Fwp%2Fv2%2Ftags&post=14683"}],"curies":[{"name":"wp","href":"https:\/\/api.w.org\/{rel}","templated":true}]}}