{"id":14718,"date":"2023-09-29T13:16:54","date_gmt":"2023-09-29T13:16:54","guid":{"rendered":"https:\/\/kibrisdakik.com\/index.php\/2023\/09\/29\/kaleburnundaki-bir-insatta-5-metreden-dusen-isci-yaralandi\/"},"modified":"2023-09-29T13:16:54","modified_gmt":"2023-09-29T13:16:54","slug":"kaleburnundaki-bir-insatta-5-metreden-dusen-isci-yaralandi","status":"publish","type":"post","link":"https:\/\/kibrisdakik.com\/?p=14718","title":{"rendered":"Kaleburnu\u2019ndaki bir in\u015fatta 5 metreden d\u00fc\u015fen i\u015f\u00e7i yaraland\u0131"},"content":{"rendered":"<p><\/p>\n<div>\n<div class=\"mariselle-image-container center\">\n                <img width=\"600\" height=\"264\" class=\"lazy-image\" alt=\"\" decoding=\"async\" loading=\"lazy\" sizes=\"auto, (max-width: 600px) 100vw, 600px\" src=\"https:\/\/brtk.net\/wp-content\/uploads\/2023\/07\/12\/ambulans9.png?ver=e89424f09c0ec8cef60bdfac00036821\" srcset=\"https:\/\/brtk.net\/wp-content\/uploads\/2023\/07\/12\/ambulans9.png?ver=e89424f09c0ec8cef60bdfac00036821 600w, https:\/\/brtk.net\/wp-content\/uploads\/2023\/07\/12\/ambulans9-300x132.png?ver=d5869a5e07aeddc6da3d739ff29486d5 300w\"\/>                            <\/div>\n<p>\u00a0<\/p>\n<p style=\"font-weight: 300;\">Kaleburnu k\u00f6y\u00fcnde d\u00fcn bir in\u015faatta 5 metre y\u00fckseklikten merdiven bo\u015flu\u011funa d\u00fc\u015fen 40 ya\u015f\u0131ndaki Avni \u00d6zfuttu yaraland\u0131.<\/p>\n<p style=\"font-weight: 300;\"><span style=\"font-weight: 300 !important;\">Polis b\u00fcltenine g\u00f6re, y<\/span>ap\u0131m\u0131 devam eden bir in\u015faatta \u00e7al\u0131\u015fan Avni \u00d6zfuttu, in\u015faat\u0131n ikinci kat\u0131ndaki \u00e7imentolar\u0131 almaya \u00e7al\u0131\u015ft\u0131\u011f\u0131 s\u0131rada, dengesini kaybederek yakla\u015f\u0131k 5 metre y\u00fckseklikten merdiven bo\u015flu\u011funa d\u00fc\u015ferek yaraland\u0131.<\/p>\n<p style=\"font-weight: 300;\"><span style=\"font-weight: 300 !important;\">\u00d6zfuttu, kald\u0131r\u0131ld\u0131\u011f\u0131 Gazima\u011fusa Devlet Hastanesi\u2019nde yap\u0131lan tedavisinin ard\u0131ndan, bel kemi\u011finde k\u0131r\u0131k te\u015fhisi nedeniyle N\u00f6roloji Servisi\u2019nde m\u00fc\u015fahede alt\u0131na al\u0131nd\u0131.<\/span><\/p>\n<p style=\"font-weight: 300;\">-Alsancak\u2019ta bir ki\u015fi plaj merdivenlerinden d\u00fc\u015ferek a\u011f\u0131r yaraland\u0131<\/p>\n<p style=\"font-weight: 300;\"><span style=\"font-weight: 300 !important;\">\u00d6te yandan 79 ya\u015f\u0131ndaki Zeniab Baydoun d\u00fcn Alsancak\u2019ta bulunan bir plaja ula\u015fmak i\u00e7in merdivenlerden a\u015fa\u011f\u0131ya indi\u011fi s\u0131rada, dengesini kaybedip yere d\u00fc\u015ferek ba\u015f\u0131n\u0131 \u00e7arpt\u0131.<\/span><\/p>\n<p style=\"font-weight: 300;\"><span style=\"font-weight: 300 !important;\">Baydoun kald\u0131r\u0131ld\u0131\u011f\u0131 Girne Dr. Suat G\u00fcnsel Hastanesi\u2019nde yap\u0131lan tedavisinin ard\u0131ndan, Yo\u011fun Bak\u0131m Servisi\u2019nde m\u00fc\u015fahede alt\u0131na al\u0131nd\u0131.<\/span><\/p>\n<\/p><\/div>\n<p><script async\n                    defer\n                    crossorigin=\"anonymous\"\n                    src=\"https:\/\/connect.facebook.net\/tr_TR\/sdk.js#xfbml=1&#038;version=v3.3\"\n            ><\/script><\/p>\n","protected":false},"excerpt":{"rendered":"<p>\u00a0 Kaleburnu k\u00f6y\u00fcnde d\u00fcn bir in\u015faatta 5 metre y\u00fckseklikten merdiven bo\u015flu\u011funa d\u00fc\u015fen 40 ya\u015f\u0131ndaki Avni \u00d6zfuttu yaraland\u0131. Polis b\u00fcltenine g\u00f6re, yap\u0131m\u0131 devam eden bir in\u015faatta \u00e7al\u0131\u015fan Avni \u00d6zfuttu, in\u015faat\u0131n ikinci kat\u0131ndaki \u00e7imentolar\u0131 almaya \u00e7al\u0131\u015ft\u0131\u011f\u0131 s\u0131rada, dengesini kaybederek yakla\u015f\u0131k 5 metre y\u00fckseklikten merdiven bo\u015flu\u011funa d\u00fc\u015ferek yaraland\u0131. \u00d6zfuttu, kald\u0131r\u0131ld\u0131\u011f\u0131 Gazima\u011fusa Devlet Hastanesi\u2019nde yap\u0131lan tedavisinin ard\u0131ndan, bel kemi\u011finde<\/p>\n","protected":false},"author":1,"featured_media":9603,"comment_status":"open","ping_status":"open","sticky":false,"template":"","format":"standard","meta":{"footnotes":""},"categories":[1],"tags":[],"class_list":["post-14718","post","type-post","status-publish","format-standard","has-post-thumbnail","hentry","category-gundem"],"yoast_head":"<!-- This site is optimized with the Yoast SEO plugin v27.4 - https:\/\/yoast.com\/product\/yoast-seo-wordpress\/ -->\n<title>Kaleburnu\u2019ndaki bir in\u015fatta 5 metreden d\u00fc\u015fen i\u015f\u00e7i yaraland\u0131 -<\/title>\n<meta name=\"robots\" content=\"index, follow, max-snippet:-1, max-image-preview:large, max-video-preview:-1\" \/>\n<link rel=\"canonical\" href=\"https:\/\/kibrisdakik.com\/?p=14718\" \/>\n<meta property=\"og:locale\" content=\"tr_TR\" \/>\n<meta property=\"og:type\" content=\"article\" \/>\n<meta property=\"og:title\" content=\"Kaleburnu\u2019ndaki bir in\u015fatta 5 metreden d\u00fc\u015fen i\u015f\u00e7i yaraland\u0131 -\" \/>\n<meta property=\"og:description\" content=\"\u00a0 Kaleburnu k\u00f6y\u00fcnde d\u00fcn bir in\u015faatta 5 metre y\u00fckseklikten merdiven bo\u015flu\u011funa d\u00fc\u015fen 40 ya\u015f\u0131ndaki Avni \u00d6zfuttu yaraland\u0131. Polis b\u00fcltenine g\u00f6re, yap\u0131m\u0131 devam eden bir in\u015faatta \u00e7al\u0131\u015fan Avni \u00d6zfuttu, in\u015faat\u0131n ikinci kat\u0131ndaki \u00e7imentolar\u0131 almaya \u00e7al\u0131\u015ft\u0131\u011f\u0131 s\u0131rada, dengesini kaybederek yakla\u015f\u0131k 5 metre y\u00fckseklikten merdiven bo\u015flu\u011funa d\u00fc\u015ferek yaraland\u0131. \u00d6zfuttu, kald\u0131r\u0131ld\u0131\u011f\u0131 Gazima\u011fusa Devlet Hastanesi\u2019nde yap\u0131lan tedavisinin ard\u0131ndan, bel kemi\u011finde\" \/>\n<meta property=\"og:url\" content=\"https:\/\/kibrisdakik.com\/?p=14718\" \/>\n<meta property=\"article:published_time\" content=\"2023-09-29T13:16:54+00:00\" \/>\n<meta property=\"og:image\" content=\"https:\/\/kibrisdakik.com\/wp-content\/uploads\/2023\/06\/ambulans8.png\" \/>\n\t<meta property=\"og:image:width\" content=\"600\" \/>\n\t<meta property=\"og:image:height\" content=\"264\" \/>\n\t<meta property=\"og:image:type\" content=\"image\/png\" \/>\n<meta name=\"author\" content=\"admin\" \/>\n<meta name=\"twitter:card\" content=\"summary_large_image\" \/>\n<meta name=\"twitter:label1\" content=\"Yazan:\" \/>\n\t<meta name=\"twitter:data1\" content=\"admin\" \/>\n\t<meta name=\"twitter:label2\" content=\"Tahmini okuma s\u00fcresi\" \/>\n\t<meta name=\"twitter:data2\" content=\"1 dakika\" \/>\n<script type=\"application\/ld+json\" class=\"yoast-schema-graph\">{\"@context\":\"https:\\\/\\\/schema.org\",\"@graph\":[{\"@type\":\"Article\",\"@id\":\"https:\\\/\\\/kibrisdakik.com\\\/?p=14718#article\",\"isPartOf\":{\"@id\":\"https:\\\/\\\/kibrisdakik.com\\\/?p=14718\"},\"author\":{\"name\":\"admin\",\"@id\":\"https:\\\/\\\/kibrisdakik.com\\\/#\\\/schema\\\/person\\\/9cd9d437bbb44f72b73ba127e06d8e79\"},\"headline\":\"Kaleburnu\u2019ndaki bir in\u015fatta 5 metreden d\u00fc\u015fen i\u015f\u00e7i yaraland\u0131\",\"datePublished\":\"2023-09-29T13:16:54+00:00\",\"mainEntityOfPage\":{\"@id\":\"https:\\\/\\\/kibrisdakik.com\\\/?p=14718\"},\"wordCount\":182,\"commentCount\":0,\"image\":{\"@id\":\"https:\\\/\\\/kibrisdakik.com\\\/?p=14718#primaryimage\"},\"thumbnailUrl\":\"https:\\\/\\\/kibrisdakik.com\\\/wp-content\\\/uploads\\\/2023\\\/06\\\/ambulans8.png\",\"articleSection\":[\"G\u00fcndem\"],\"inLanguage\":\"tr\",\"potentialAction\":[{\"@type\":\"CommentAction\",\"name\":\"Comment\",\"target\":[\"https:\\\/\\\/kibrisdakik.com\\\/?p=14718#respond\"]}]},{\"@type\":\"WebPage\",\"@id\":\"https:\\\/\\\/kibrisdakik.com\\\/?p=14718\",\"url\":\"https:\\\/\\\/kibrisdakik.com\\\/?p=14718\",\"name\":\"Kaleburnu\u2019ndaki bir in\u015fatta 5 metreden d\u00fc\u015fen i\u015f\u00e7i yaraland\u0131 -\",\"isPartOf\":{\"@id\":\"https:\\\/\\\/kibrisdakik.com\\\/#website\"},\"primaryImageOfPage\":{\"@id\":\"https:\\\/\\\/kibrisdakik.com\\\/?p=14718#primaryimage\"},\"image\":{\"@id\":\"https:\\\/\\\/kibrisdakik.com\\\/?p=14718#primaryimage\"},\"thumbnailUrl\":\"https:\\\/\\\/kibrisdakik.com\\\/wp-content\\\/uploads\\\/2023\\\/06\\\/ambulans8.png\",\"datePublished\":\"2023-09-29T13:16:54+00:00\",\"author\":{\"@id\":\"https:\\\/\\\/kibrisdakik.com\\\/#\\\/schema\\\/person\\\/9cd9d437bbb44f72b73ba127e06d8e79\"},\"breadcrumb\":{\"@id\":\"https:\\\/\\\/kibrisdakik.com\\\/?p=14718#breadcrumb\"},\"inLanguage\":\"tr\",\"potentialAction\":[{\"@type\":\"ReadAction\",\"target\":[\"https:\\\/\\\/kibrisdakik.com\\\/?p=14718\"]}]},{\"@type\":\"ImageObject\",\"inLanguage\":\"tr\",\"@id\":\"https:\\\/\\\/kibrisdakik.com\\\/?p=14718#primaryimage\",\"url\":\"https:\\\/\\\/kibrisdakik.com\\\/wp-content\\\/uploads\\\/2023\\\/06\\\/ambulans8.png\",\"contentUrl\":\"https:\\\/\\\/kibrisdakik.com\\\/wp-content\\\/uploads\\\/2023\\\/06\\\/ambulans8.png\",\"width\":600,\"height\":264},{\"@type\":\"BreadcrumbList\",\"@id\":\"https:\\\/\\\/kibrisdakik.com\\\/?p=14718#breadcrumb\",\"itemListElement\":[{\"@type\":\"ListItem\",\"position\":1,\"name\":\"Home\",\"item\":\"https:\\\/\\\/kibrisdakik.com\\\/\"},{\"@type\":\"ListItem\",\"position\":2,\"name\":\"Kaleburnu\u2019ndaki bir in\u015fatta 5 metreden d\u00fc\u015fen i\u015f\u00e7i yaraland\u0131\"}]},{\"@type\":\"WebSite\",\"@id\":\"https:\\\/\\\/kibrisdakik.com\\\/#website\",\"url\":\"https:\\\/\\\/kibrisdakik.com\\\/\",\"name\":\"\",\"description\":\"Tam vaktinde haber\",\"potentialAction\":[{\"@type\":\"SearchAction\",\"target\":{\"@type\":\"EntryPoint\",\"urlTemplate\":\"https:\\\/\\\/kibrisdakik.com\\\/?s={search_term_string}\"},\"query-input\":{\"@type\":\"PropertyValueSpecification\",\"valueRequired\":true,\"valueName\":\"search_term_string\"}}],\"inLanguage\":\"tr\"},{\"@type\":\"Person\",\"@id\":\"https:\\\/\\\/kibrisdakik.com\\\/#\\\/schema\\\/person\\\/9cd9d437bbb44f72b73ba127e06d8e79\",\"name\":\"admin\",\"image\":{\"@type\":\"ImageObject\",\"inLanguage\":\"tr\",\"@id\":\"https:\\\/\\\/secure.gravatar.com\\\/avatar\\\/ccc17943b9d660506c869530f897617f7cb1c21a4bf30023f252596d83e1f007?s=96&d=mm&r=g\",\"url\":\"https:\\\/\\\/secure.gravatar.com\\\/avatar\\\/ccc17943b9d660506c869530f897617f7cb1c21a4bf30023f252596d83e1f007?s=96&d=mm&r=g\",\"contentUrl\":\"https:\\\/\\\/secure.gravatar.com\\\/avatar\\\/ccc17943b9d660506c869530f897617f7cb1c21a4bf30023f252596d83e1f007?s=96&d=mm&r=g\",\"caption\":\"admin\"},\"sameAs\":[\"https:\\\/\\\/kibrisdakik.com\"],\"url\":\"https:\\\/\\\/kibrisdakik.com\\\/?author=1\"}]}<\/script>\n<!-- \/ Yoast SEO plugin. -->","yoast_head_json":{"title":"Kaleburnu\u2019ndaki bir in\u015fatta 5 metreden d\u00fc\u015fen i\u015f\u00e7i yaraland\u0131 -","robots":{"index":"index","follow":"follow","max-snippet":"max-snippet:-1","max-image-preview":"max-image-preview:large","max-video-preview":"max-video-preview:-1"},"canonical":"https:\/\/kibrisdakik.com\/?p=14718","og_locale":"tr_TR","og_type":"article","og_title":"Kaleburnu\u2019ndaki bir in\u015fatta 5 metreden d\u00fc\u015fen i\u015f\u00e7i yaraland\u0131 -","og_description":"\u00a0 Kaleburnu k\u00f6y\u00fcnde d\u00fcn bir in\u015faatta 5 metre y\u00fckseklikten merdiven bo\u015flu\u011funa d\u00fc\u015fen 40 ya\u015f\u0131ndaki Avni \u00d6zfuttu yaraland\u0131. Polis b\u00fcltenine g\u00f6re, yap\u0131m\u0131 devam eden bir in\u015faatta \u00e7al\u0131\u015fan Avni \u00d6zfuttu, in\u015faat\u0131n ikinci kat\u0131ndaki \u00e7imentolar\u0131 almaya \u00e7al\u0131\u015ft\u0131\u011f\u0131 s\u0131rada, dengesini kaybederek yakla\u015f\u0131k 5 metre y\u00fckseklikten merdiven bo\u015flu\u011funa d\u00fc\u015ferek yaraland\u0131. \u00d6zfuttu, kald\u0131r\u0131ld\u0131\u011f\u0131 Gazima\u011fusa Devlet Hastanesi\u2019nde yap\u0131lan tedavisinin ard\u0131ndan, bel kemi\u011finde","og_url":"https:\/\/kibrisdakik.com\/?p=14718","article_published_time":"2023-09-29T13:16:54+00:00","og_image":[{"width":600,"height":264,"url":"https:\/\/kibrisdakik.com\/wp-content\/uploads\/2023\/06\/ambulans8.png","type":"image\/png"}],"author":"admin","twitter_card":"summary_large_image","twitter_misc":{"Yazan:":"admin","Tahmini okuma s\u00fcresi":"1 dakika"},"schema":{"@context":"https:\/\/schema.org","@graph":[{"@type":"Article","@id":"https:\/\/kibrisdakik.com\/?p=14718#article","isPartOf":{"@id":"https:\/\/kibrisdakik.com\/?p=14718"},"author":{"name":"admin","@id":"https:\/\/kibrisdakik.com\/#\/schema\/person\/9cd9d437bbb44f72b73ba127e06d8e79"},"headline":"Kaleburnu\u2019ndaki bir in\u015fatta 5 metreden d\u00fc\u015fen i\u015f\u00e7i yaraland\u0131","datePublished":"2023-09-29T13:16:54+00:00","mainEntityOfPage":{"@id":"https:\/\/kibrisdakik.com\/?p=14718"},"wordCount":182,"commentCount":0,"image":{"@id":"https:\/\/kibrisdakik.com\/?p=14718#primaryimage"},"thumbnailUrl":"https:\/\/kibrisdakik.com\/wp-content\/uploads\/2023\/06\/ambulans8.png","articleSection":["G\u00fcndem"],"inLanguage":"tr","potentialAction":[{"@type":"CommentAction","name":"Comment","target":["https:\/\/kibrisdakik.com\/?p=14718#respond"]}]},{"@type":"WebPage","@id":"https:\/\/kibrisdakik.com\/?p=14718","url":"https:\/\/kibrisdakik.com\/?p=14718","name":"Kaleburnu\u2019ndaki bir in\u015fatta 5 metreden d\u00fc\u015fen i\u015f\u00e7i yaraland\u0131 -","isPartOf":{"@id":"https:\/\/kibrisdakik.com\/#website"},"primaryImageOfPage":{"@id":"https:\/\/kibrisdakik.com\/?p=14718#primaryimage"},"image":{"@id":"https:\/\/kibrisdakik.com\/?p=14718#primaryimage"},"thumbnailUrl":"https:\/\/kibrisdakik.com\/wp-content\/uploads\/2023\/06\/ambulans8.png","datePublished":"2023-09-29T13:16:54+00:00","author":{"@id":"https:\/\/kibrisdakik.com\/#\/schema\/person\/9cd9d437bbb44f72b73ba127e06d8e79"},"breadcrumb":{"@id":"https:\/\/kibrisdakik.com\/?p=14718#breadcrumb"},"inLanguage":"tr","potentialAction":[{"@type":"ReadAction","target":["https:\/\/kibrisdakik.com\/?p=14718"]}]},{"@type":"ImageObject","inLanguage":"tr","@id":"https:\/\/kibrisdakik.com\/?p=14718#primaryimage","url":"https:\/\/kibrisdakik.com\/wp-content\/uploads\/2023\/06\/ambulans8.png","contentUrl":"https:\/\/kibrisdakik.com\/wp-content\/uploads\/2023\/06\/ambulans8.png","width":600,"height":264},{"@type":"BreadcrumbList","@id":"https:\/\/kibrisdakik.com\/?p=14718#breadcrumb","itemListElement":[{"@type":"ListItem","position":1,"name":"Home","item":"https:\/\/kibrisdakik.com\/"},{"@type":"ListItem","position":2,"name":"Kaleburnu\u2019ndaki bir in\u015fatta 5 metreden d\u00fc\u015fen i\u015f\u00e7i yaraland\u0131"}]},{"@type":"WebSite","@id":"https:\/\/kibrisdakik.com\/#website","url":"https:\/\/kibrisdakik.com\/","name":"","description":"Tam vaktinde haber","potentialAction":[{"@type":"SearchAction","target":{"@type":"EntryPoint","urlTemplate":"https:\/\/kibrisdakik.com\/?s={search_term_string}"},"query-input":{"@type":"PropertyValueSpecification","valueRequired":true,"valueName":"search_term_string"}}],"inLanguage":"tr"},{"@type":"Person","@id":"https:\/\/kibrisdakik.com\/#\/schema\/person\/9cd9d437bbb44f72b73ba127e06d8e79","name":"admin","image":{"@type":"ImageObject","inLanguage":"tr","@id":"https:\/\/secure.gravatar.com\/avatar\/ccc17943b9d660506c869530f897617f7cb1c21a4bf30023f252596d83e1f007?s=96&d=mm&r=g","url":"https:\/\/secure.gravatar.com\/avatar\/ccc17943b9d660506c869530f897617f7cb1c21a4bf30023f252596d83e1f007?s=96&d=mm&r=g","contentUrl":"https:\/\/secure.gravatar.com\/avatar\/ccc17943b9d660506c869530f897617f7cb1c21a4bf30023f252596d83e1f007?s=96&d=mm&r=g","caption":"admin"},"sameAs":["https:\/\/kibrisdakik.com"],"url":"https:\/\/kibrisdakik.com\/?author=1"}]}},"_links":{"self":[{"href":"https:\/\/kibrisdakik.com\/index.php?rest_route=\/wp\/v2\/posts\/14718","targetHints":{"allow":["GET"]}}],"collection":[{"href":"https:\/\/kibrisdakik.com\/index.php?rest_route=\/wp\/v2\/posts"}],"about":[{"href":"https:\/\/kibrisdakik.com\/index.php?rest_route=\/wp\/v2\/types\/post"}],"author":[{"embeddable":true,"href":"https:\/\/kibrisdakik.com\/index.php?rest_route=\/wp\/v2\/users\/1"}],"replies":[{"embeddable":true,"href":"https:\/\/kibrisdakik.com\/index.php?rest_route=%2Fwp%2Fv2%2Fcomments&post=14718"}],"version-history":[{"count":0,"href":"https:\/\/kibrisdakik.com\/index.php?rest_route=\/wp\/v2\/posts\/14718\/revisions"}],"wp:featuredmedia":[{"embeddable":true,"href":"https:\/\/kibrisdakik.com\/index.php?rest_route=\/wp\/v2\/media\/9603"}],"wp:attachment":[{"href":"https:\/\/kibrisdakik.com\/index.php?rest_route=%2Fwp%2Fv2%2Fmedia&parent=14718"}],"wp:term":[{"taxonomy":"category","embeddable":true,"href":"https:\/\/kibrisdakik.com\/index.php?rest_route=%2Fwp%2Fv2%2Fcategories&post=14718"},{"taxonomy":"post_tag","embeddable":true,"href":"https:\/\/kibrisdakik.com\/index.php?rest_route=%2Fwp%2Fv2%2Ftags&post=14718"}],"curies":[{"name":"wp","href":"https:\/\/api.w.org\/{rel}","templated":true}]}}