{"id":14763,"date":"2023-09-30T11:15:27","date_gmt":"2023-09-30T11:15:27","guid":{"rendered":"https:\/\/kibrisdakik.com\/index.php\/2023\/09\/30\/tika-ile-devlet-uretme-ciftlikleri-yemlik-dane-misir-uretim-projesi-kapsaminda-hasat-yapildi\/"},"modified":"2023-09-30T11:15:27","modified_gmt":"2023-09-30T11:15:27","slug":"tika-ile-devlet-uretme-ciftlikleri-yemlik-dane-misir-uretim-projesi-kapsaminda-hasat-yapildi","status":"publish","type":"post","link":"https:\/\/kibrisdakik.com\/?p=14763","title":{"rendered":"T\u0130KA ile Devlet \u00dcretme \u00c7iftlikleri \u201cYemlik Dane M\u0131s\u0131r \u00dcretim Projesi\u201d kapsam\u0131nda hasat yap\u0131ld\u0131"},"content":{"rendered":"<p><\/p>\n<div>\n<div class=\"mariselle-image-container center\">\n                <img width=\"2560\" height=\"1709\" class=\"lazy-image\" alt=\"\" decoding=\"async\" loading=\"lazy\" sizes=\"auto, (max-width: 2560px) 100vw, 2560px\" src=\"https:\/\/brtk.net\/wp-content\/uploads\/2023\/09\/30\/ssdkfssldkfss-scaled.jpg?ver=263e48981a528101a331a28c31f747c0\" srcset=\"https:\/\/brtk.net\/wp-content\/uploads\/2023\/09\/30\/ssdkfssldkfss-scaled.jpg?ver=263e48981a528101a331a28c31f747c0 2560w, https:\/\/brtk.net\/wp-content\/uploads\/2023\/09\/30\/ssdkfssldkfss-300x200.jpg?ver=acab486ff07beeb253d7fb9c36426e8b 300w, https:\/\/brtk.net\/wp-content\/uploads\/2023\/09\/30\/ssdkfssldkfss-1024x684.jpg?ver=15302d0e0cf70c87549d0e6b6b83dbe7 1024w, https:\/\/brtk.net\/wp-content\/uploads\/2023\/09\/30\/ssdkfssldkfss-768x513.jpg?ver=b91ccaa97e01264c56202a3a18776270 768w, https:\/\/brtk.net\/wp-content\/uploads\/2023\/09\/30\/ssdkfssldkfss-1536x1025.jpg?ver=644cdc254b639413977ca539cb9d5853 1536w, https:\/\/brtk.net\/wp-content\/uploads\/2023\/09\/30\/ssdkfssldkfss-2048x1367.jpg?ver=a094ecc9f3b099867f19b38573589f0b 2048w\"\/>                            <\/div>\n<p>T\u00fcrk \u0130\u015fbirli\u011fi ve Koordinasyon Ajans\u0131 Ba\u015fkanl\u0131\u011f\u0131 (T\u0130KA) ile Tar\u0131m ve Do\u011fal Kaynaklar Bakanl\u0131\u011f\u0131, Devlet \u00dcretme \u00c7iftlikleri\u2019nin (D\u00dc\u00c7) birlikte y\u00fcr\u00fctt\u00fc\u011f\u00fc \u201cYemlik Dane M\u0131s\u0131r \u00dcretim Projesi\u201d kapsam\u0131nda ilk hasat bug\u00fcn yap\u0131ld\u0131. <\/p>\n<p>Pa\u015fak\u00f6y\u2019de yer alan m\u0131s\u0131r tarlas\u0131nda ilk hasad\u0131, Tar\u0131m ve Do\u011fal Kaynaklar Bakan\u0131 H\u00fcseyin \u00c7avu\u015f\u2019un kulland\u0131\u011f\u0131 bi\u00e7erd\u00f6verle, T\u00fcrkiye Cumhuriyeti Lefko\u015fa B\u00fcy\u00fckel\u00e7isi Metin Feyzio\u011flu birlikte yapt\u0131. \u00c7\u0131kan hasad\u0131 ise Feyzio\u011flu kamyona bo\u015faltt\u0131. <\/p>\n<p>Tar\u0131m Bakan\u0131 H\u00fcseyin \u00c7avu\u015f, proje ile \u00fclkede verimlili\u011fi y\u00fcksek tohumlar\u0131 belirleyip, ileriki y\u0131llarda b\u00f6lgeye sulaman\u0131n da gelmesiyle girdi maliyeti d\u00fc\u015f\u00fck, sa\u011fl\u0131kl\u0131 \u00fcr\u00fcnleri belirlemek i\u00e7in \u00e7al\u0131\u015fmalar yapt\u0131klar\u0131n\u0131 s\u00f6yledi .<\/p>\n<p>Bu \u00e7er\u00e7evede dane m\u0131s\u0131r \u00fcretip hasad\u0131n\u0131 yapt\u0131klar\u0131n\u0131, ama\u00e7lar\u0131n\u0131n \u00fclkede hayvanc\u0131l\u0131\u011f\u0131n daha s\u00fcrd\u00fcr\u00fclebilir bir \u015fekilde yap\u0131lmas\u0131 oldu\u011funu ifade eden \u00c7avu\u015f, TIKA\u2019ya desteklerinden dolay\u0131 te\u015fekk\u00fcr etti. <\/p>\n<p>B\u00fcy\u00fckel\u00e7i Feyzio\u011flu da, \u201cTar\u0131m ve hayvanc\u0131l\u0131k emin ellerde\u201d diyerek, \u201c<a href=\"https:\/\/brtk.net\/\"\/><a href=\"https:\/\/brtk.net\/\">KKTC<\/a> refah toplumu olmak zorunda, olabilmesinin yolu da tar\u0131m ve tar\u0131ma dayal\u0131 sanayiden ge\u00e7iyor\u201d ifadelerini kulland\u0131. <\/p>\n<p>Tar\u0131m\u0131n \u00f6neminin d\u00fcnyada artt\u0131\u011f\u0131n\u0131, hedefin; <a href=\"https:\/\/brtk.net\/\"\/><a href=\"https:\/\/brtk.net\/\">KKTC<\/a>\u2019yi kendi tar\u0131msal \u00fcretimiyle kendine yetmesini sa\u011flamak ve ihracat yapmak oldu\u011funu ifade eden Feyzio\u011flu, su projesinin b\u00f6lgeye gelmesiyle de tar\u0131msal \u00fcretime destek verilece\u011fini, tar\u0131msal ama\u00e7l\u0131 suyun G\u00fczelyurt\u2019un ard\u0131ndan 3 y\u0131l i\u00e7inde Mesarya\u2019ya da gelece\u011fini s\u00f6yledi. <\/p>\n<div class=\"mariselle-image-container center\">\n                <img width=\"2560\" height=\"1709\" class=\"lazy-image\" alt=\"\" decoding=\"async\" loading=\"lazy\" sizes=\"auto, (max-width: 2560px) 100vw, 2560px\" src=\"https:\/\/brtk.net\/wp-content\/uploads\/2023\/09\/30\/misir-scaled.jpg?ver=606d76e9552ccb4bd1e16ff63b6632d1\" srcset=\"https:\/\/brtk.net\/wp-content\/uploads\/2023\/09\/30\/misir-scaled.jpg?ver=606d76e9552ccb4bd1e16ff63b6632d1 2560w, https:\/\/brtk.net\/wp-content\/uploads\/2023\/09\/30\/misir-300x200.jpg?ver=606d76e9552ccb4bd1e16ff63b6632d1 300w, https:\/\/brtk.net\/wp-content\/uploads\/2023\/09\/30\/misir-1024x684.jpg?ver=a43cc2a0e9f8523f923573d9dd9c10ee 1024w, https:\/\/brtk.net\/wp-content\/uploads\/2023\/09\/30\/misir-768x513.jpg?ver=c3478fda67f4081994d7530ca778d725 768w, https:\/\/brtk.net\/wp-content\/uploads\/2023\/09\/30\/misir-1536x1025.jpg?ver=33e30fa7528773928e165806bb5b197d 1536w, https:\/\/brtk.net\/wp-content\/uploads\/2023\/09\/30\/misir-2048x1367.jpg?ver=d83b6b6e44203d3cd2605d44495ec749 2048w\"\/>                            <\/div>\n<p>T\u0130KA ile de bu su gelmeden \u00f6nce altyap\u0131 sa\u011flamak gayretinde olduklar\u0131n\u0131, en y\u00fcksek verim hangi \u00fcr\u00fcnle al\u0131n\u0131r \u00e7al\u0131\u015fmas\u0131 yapt\u0131klar\u0131n\u0131 ifade eden Feyzio\u011flu, dane m\u0131s\u0131r hasat\u0131n\u0131n bug\u00fcn ilk kez devlet \u00fcretme \u00e7itli\u011finde yap\u0131laca\u011f\u0131n\u0131 belirtti. <\/p>\n<p>D\u00dc\u00c7 ve T\u0130KA\u2019y\u0131 tebrik eden Feyzio\u011flu, \u201cT\u00fcrkiye ile <a href=\"https:\/\/brtk.net\/\"\/><a href=\"https:\/\/brtk.net\/\">KKTC<\/a> her alanda birlikte \u00e7al\u0131\u015fmaya devam edecek\u201d dedi.<\/p>\n<\/p><\/div>\n<p><script async\n                    defer\n                    crossorigin=\"anonymous\"\n                    src=\"https:\/\/connect.facebook.net\/tr_TR\/sdk.js#xfbml=1&#038;version=v3.3\"\n            ><\/script><\/p>\n","protected":false},"excerpt":{"rendered":"<p>T\u00fcrk \u0130\u015fbirli\u011fi ve Koordinasyon Ajans\u0131 Ba\u015fkanl\u0131\u011f\u0131 (T\u0130KA) ile Tar\u0131m ve Do\u011fal Kaynaklar Bakanl\u0131\u011f\u0131, Devlet \u00dcretme \u00c7iftlikleri\u2019nin (D\u00dc\u00c7) birlikte y\u00fcr\u00fctt\u00fc\u011f\u00fc \u201cYemlik Dane M\u0131s\u0131r \u00dcretim Projesi\u201d kapsam\u0131nda ilk hasat bug\u00fcn yap\u0131ld\u0131. Pa\u015fak\u00f6y\u2019de yer alan m\u0131s\u0131r tarlas\u0131nda ilk hasad\u0131, Tar\u0131m ve Do\u011fal Kaynaklar Bakan\u0131 H\u00fcseyin \u00c7avu\u015f\u2019un kulland\u0131\u011f\u0131 bi\u00e7erd\u00f6verle, T\u00fcrkiye Cumhuriyeti Lefko\u015fa B\u00fcy\u00fckel\u00e7isi Metin Feyzio\u011flu birlikte yapt\u0131. \u00c7\u0131kan hasad\u0131<\/p>\n","protected":false},"author":1,"featured_media":14764,"comment_status":"open","ping_status":"open","sticky":false,"template":"","format":"standard","meta":{"footnotes":""},"categories":[1],"tags":[],"class_list":["post-14763","post","type-post","status-publish","format-standard","has-post-thumbnail","hentry","category-gundem"],"yoast_head":"<!-- This site is optimized with the Yoast SEO plugin v27.4 - https:\/\/yoast.com\/product\/yoast-seo-wordpress\/ -->\n<title>T\u0130KA ile Devlet \u00dcretme \u00c7iftlikleri \u201cYemlik Dane M\u0131s\u0131r \u00dcretim Projesi\u201d kapsam\u0131nda hasat yap\u0131ld\u0131 -<\/title>\n<meta name=\"robots\" content=\"index, follow, max-snippet:-1, max-image-preview:large, max-video-preview:-1\" \/>\n<link rel=\"canonical\" href=\"https:\/\/kibrisdakik.com\/?p=14763\" \/>\n<meta property=\"og:locale\" content=\"tr_TR\" \/>\n<meta property=\"og:type\" content=\"article\" \/>\n<meta property=\"og:title\" content=\"T\u0130KA ile Devlet \u00dcretme \u00c7iftlikleri \u201cYemlik Dane M\u0131s\u0131r \u00dcretim Projesi\u201d kapsam\u0131nda hasat yap\u0131ld\u0131 -\" \/>\n<meta property=\"og:description\" content=\"T\u00fcrk \u0130\u015fbirli\u011fi ve Koordinasyon Ajans\u0131 Ba\u015fkanl\u0131\u011f\u0131 (T\u0130KA) ile Tar\u0131m ve Do\u011fal Kaynaklar Bakanl\u0131\u011f\u0131, Devlet \u00dcretme \u00c7iftlikleri\u2019nin (D\u00dc\u00c7) birlikte y\u00fcr\u00fctt\u00fc\u011f\u00fc \u201cYemlik Dane M\u0131s\u0131r \u00dcretim Projesi\u201d kapsam\u0131nda ilk hasat bug\u00fcn yap\u0131ld\u0131. Pa\u015fak\u00f6y\u2019de yer alan m\u0131s\u0131r tarlas\u0131nda ilk hasad\u0131, Tar\u0131m ve Do\u011fal Kaynaklar Bakan\u0131 H\u00fcseyin \u00c7avu\u015f\u2019un kulland\u0131\u011f\u0131 bi\u00e7erd\u00f6verle, T\u00fcrkiye Cumhuriyeti Lefko\u015fa B\u00fcy\u00fckel\u00e7isi Metin Feyzio\u011flu birlikte yapt\u0131. \u00c7\u0131kan hasad\u0131\" \/>\n<meta property=\"og:url\" content=\"https:\/\/kibrisdakik.com\/?p=14763\" \/>\n<meta property=\"article:published_time\" content=\"2023-09-30T11:15:27+00:00\" \/>\n<meta property=\"og:image\" content=\"https:\/\/kibrisdakik.com\/wp-content\/uploads\/2023\/09\/ssdkfssldkfss-scaled-740x420.jpg\" \/>\n\t<meta property=\"og:image:width\" content=\"2560\" \/>\n\t<meta property=\"og:image:height\" content=\"1709\" \/>\n\t<meta property=\"og:image:type\" content=\"image\/jpeg\" \/>\n<meta name=\"author\" content=\"admin\" \/>\n<meta name=\"twitter:card\" content=\"summary_large_image\" \/>\n<meta name=\"twitter:label1\" content=\"Yazan:\" \/>\n\t<meta name=\"twitter:data1\" content=\"admin\" \/>\n\t<meta name=\"twitter:label2\" content=\"Tahmini okuma s\u00fcresi\" \/>\n\t<meta name=\"twitter:data2\" content=\"2 dakika\" \/>\n<script type=\"application\/ld+json\" class=\"yoast-schema-graph\">{\"@context\":\"https:\\\/\\\/schema.org\",\"@graph\":[{\"@type\":\"Article\",\"@id\":\"https:\\\/\\\/kibrisdakik.com\\\/?p=14763#article\",\"isPartOf\":{\"@id\":\"https:\\\/\\\/kibrisdakik.com\\\/?p=14763\"},\"author\":{\"name\":\"admin\",\"@id\":\"https:\\\/\\\/kibrisdakik.com\\\/#\\\/schema\\\/person\\\/9cd9d437bbb44f72b73ba127e06d8e79\"},\"headline\":\"T\u0130KA ile Devlet \u00dcretme \u00c7iftlikleri \u201cYemlik Dane M\u0131s\u0131r \u00dcretim Projesi\u201d kapsam\u0131nda hasat yap\u0131ld\u0131\",\"datePublished\":\"2023-09-30T11:15:27+00:00\",\"mainEntityOfPage\":{\"@id\":\"https:\\\/\\\/kibrisdakik.com\\\/?p=14763\"},\"wordCount\":366,\"commentCount\":0,\"image\":{\"@id\":\"https:\\\/\\\/kibrisdakik.com\\\/?p=14763#primaryimage\"},\"thumbnailUrl\":\"https:\\\/\\\/kibrisdakik.com\\\/wp-content\\\/uploads\\\/2023\\\/09\\\/ssdkfssldkfss-scaled-740x420.jpg\",\"articleSection\":[\"G\u00fcndem\"],\"inLanguage\":\"tr\",\"potentialAction\":[{\"@type\":\"CommentAction\",\"name\":\"Comment\",\"target\":[\"https:\\\/\\\/kibrisdakik.com\\\/?p=14763#respond\"]}]},{\"@type\":\"WebPage\",\"@id\":\"https:\\\/\\\/kibrisdakik.com\\\/?p=14763\",\"url\":\"https:\\\/\\\/kibrisdakik.com\\\/?p=14763\",\"name\":\"T\u0130KA ile Devlet \u00dcretme \u00c7iftlikleri \u201cYemlik Dane M\u0131s\u0131r \u00dcretim Projesi\u201d kapsam\u0131nda hasat yap\u0131ld\u0131 -\",\"isPartOf\":{\"@id\":\"https:\\\/\\\/kibrisdakik.com\\\/#website\"},\"primaryImageOfPage\":{\"@id\":\"https:\\\/\\\/kibrisdakik.com\\\/?p=14763#primaryimage\"},\"image\":{\"@id\":\"https:\\\/\\\/kibrisdakik.com\\\/?p=14763#primaryimage\"},\"thumbnailUrl\":\"https:\\\/\\\/kibrisdakik.com\\\/wp-content\\\/uploads\\\/2023\\\/09\\\/ssdkfssldkfss-scaled-740x420.jpg\",\"datePublished\":\"2023-09-30T11:15:27+00:00\",\"author\":{\"@id\":\"https:\\\/\\\/kibrisdakik.com\\\/#\\\/schema\\\/person\\\/9cd9d437bbb44f72b73ba127e06d8e79\"},\"breadcrumb\":{\"@id\":\"https:\\\/\\\/kibrisdakik.com\\\/?p=14763#breadcrumb\"},\"inLanguage\":\"tr\",\"potentialAction\":[{\"@type\":\"ReadAction\",\"target\":[\"https:\\\/\\\/kibrisdakik.com\\\/?p=14763\"]}]},{\"@type\":\"ImageObject\",\"inLanguage\":\"tr\",\"@id\":\"https:\\\/\\\/kibrisdakik.com\\\/?p=14763#primaryimage\",\"url\":\"https:\\\/\\\/kibrisdakik.com\\\/wp-content\\\/uploads\\\/2023\\\/09\\\/ssdkfssldkfss-scaled-740x420.jpg\",\"contentUrl\":\"https:\\\/\\\/kibrisdakik.com\\\/wp-content\\\/uploads\\\/2023\\\/09\\\/ssdkfssldkfss-scaled-740x420.jpg\",\"width\":2560,\"height\":1709},{\"@type\":\"BreadcrumbList\",\"@id\":\"https:\\\/\\\/kibrisdakik.com\\\/?p=14763#breadcrumb\",\"itemListElement\":[{\"@type\":\"ListItem\",\"position\":1,\"name\":\"Home\",\"item\":\"https:\\\/\\\/kibrisdakik.com\\\/\"},{\"@type\":\"ListItem\",\"position\":2,\"name\":\"T\u0130KA ile Devlet \u00dcretme \u00c7iftlikleri \u201cYemlik Dane M\u0131s\u0131r \u00dcretim Projesi\u201d kapsam\u0131nda hasat yap\u0131ld\u0131\"}]},{\"@type\":\"WebSite\",\"@id\":\"https:\\\/\\\/kibrisdakik.com\\\/#website\",\"url\":\"https:\\\/\\\/kibrisdakik.com\\\/\",\"name\":\"\",\"description\":\"Tam vaktinde haber\",\"potentialAction\":[{\"@type\":\"SearchAction\",\"target\":{\"@type\":\"EntryPoint\",\"urlTemplate\":\"https:\\\/\\\/kibrisdakik.com\\\/?s={search_term_string}\"},\"query-input\":{\"@type\":\"PropertyValueSpecification\",\"valueRequired\":true,\"valueName\":\"search_term_string\"}}],\"inLanguage\":\"tr\"},{\"@type\":\"Person\",\"@id\":\"https:\\\/\\\/kibrisdakik.com\\\/#\\\/schema\\\/person\\\/9cd9d437bbb44f72b73ba127e06d8e79\",\"name\":\"admin\",\"image\":{\"@type\":\"ImageObject\",\"inLanguage\":\"tr\",\"@id\":\"https:\\\/\\\/secure.gravatar.com\\\/avatar\\\/ccc17943b9d660506c869530f897617f7cb1c21a4bf30023f252596d83e1f007?s=96&d=mm&r=g\",\"url\":\"https:\\\/\\\/secure.gravatar.com\\\/avatar\\\/ccc17943b9d660506c869530f897617f7cb1c21a4bf30023f252596d83e1f007?s=96&d=mm&r=g\",\"contentUrl\":\"https:\\\/\\\/secure.gravatar.com\\\/avatar\\\/ccc17943b9d660506c869530f897617f7cb1c21a4bf30023f252596d83e1f007?s=96&d=mm&r=g\",\"caption\":\"admin\"},\"sameAs\":[\"https:\\\/\\\/kibrisdakik.com\"],\"url\":\"https:\\\/\\\/kibrisdakik.com\\\/?author=1\"}]}<\/script>\n<!-- \/ Yoast SEO plugin. -->","yoast_head_json":{"title":"T\u0130KA ile Devlet \u00dcretme \u00c7iftlikleri \u201cYemlik Dane M\u0131s\u0131r \u00dcretim Projesi\u201d kapsam\u0131nda hasat yap\u0131ld\u0131 -","robots":{"index":"index","follow":"follow","max-snippet":"max-snippet:-1","max-image-preview":"max-image-preview:large","max-video-preview":"max-video-preview:-1"},"canonical":"https:\/\/kibrisdakik.com\/?p=14763","og_locale":"tr_TR","og_type":"article","og_title":"T\u0130KA ile Devlet \u00dcretme \u00c7iftlikleri \u201cYemlik Dane M\u0131s\u0131r \u00dcretim Projesi\u201d kapsam\u0131nda hasat yap\u0131ld\u0131 -","og_description":"T\u00fcrk \u0130\u015fbirli\u011fi ve Koordinasyon Ajans\u0131 Ba\u015fkanl\u0131\u011f\u0131 (T\u0130KA) ile Tar\u0131m ve Do\u011fal Kaynaklar Bakanl\u0131\u011f\u0131, Devlet \u00dcretme \u00c7iftlikleri\u2019nin (D\u00dc\u00c7) birlikte y\u00fcr\u00fctt\u00fc\u011f\u00fc \u201cYemlik Dane M\u0131s\u0131r \u00dcretim Projesi\u201d kapsam\u0131nda ilk hasat bug\u00fcn yap\u0131ld\u0131. Pa\u015fak\u00f6y\u2019de yer alan m\u0131s\u0131r tarlas\u0131nda ilk hasad\u0131, Tar\u0131m ve Do\u011fal Kaynaklar Bakan\u0131 H\u00fcseyin \u00c7avu\u015f\u2019un kulland\u0131\u011f\u0131 bi\u00e7erd\u00f6verle, T\u00fcrkiye Cumhuriyeti Lefko\u015fa B\u00fcy\u00fckel\u00e7isi Metin Feyzio\u011flu birlikte yapt\u0131. \u00c7\u0131kan hasad\u0131","og_url":"https:\/\/kibrisdakik.com\/?p=14763","article_published_time":"2023-09-30T11:15:27+00:00","og_image":[{"width":2560,"height":1709,"url":"https:\/\/kibrisdakik.com\/wp-content\/uploads\/2023\/09\/ssdkfssldkfss-scaled-740x420.jpg","type":"image\/jpeg"}],"author":"admin","twitter_card":"summary_large_image","twitter_misc":{"Yazan:":"admin","Tahmini okuma s\u00fcresi":"2 dakika"},"schema":{"@context":"https:\/\/schema.org","@graph":[{"@type":"Article","@id":"https:\/\/kibrisdakik.com\/?p=14763#article","isPartOf":{"@id":"https:\/\/kibrisdakik.com\/?p=14763"},"author":{"name":"admin","@id":"https:\/\/kibrisdakik.com\/#\/schema\/person\/9cd9d437bbb44f72b73ba127e06d8e79"},"headline":"T\u0130KA ile Devlet \u00dcretme \u00c7iftlikleri \u201cYemlik Dane M\u0131s\u0131r \u00dcretim Projesi\u201d kapsam\u0131nda hasat yap\u0131ld\u0131","datePublished":"2023-09-30T11:15:27+00:00","mainEntityOfPage":{"@id":"https:\/\/kibrisdakik.com\/?p=14763"},"wordCount":366,"commentCount":0,"image":{"@id":"https:\/\/kibrisdakik.com\/?p=14763#primaryimage"},"thumbnailUrl":"https:\/\/kibrisdakik.com\/wp-content\/uploads\/2023\/09\/ssdkfssldkfss-scaled-740x420.jpg","articleSection":["G\u00fcndem"],"inLanguage":"tr","potentialAction":[{"@type":"CommentAction","name":"Comment","target":["https:\/\/kibrisdakik.com\/?p=14763#respond"]}]},{"@type":"WebPage","@id":"https:\/\/kibrisdakik.com\/?p=14763","url":"https:\/\/kibrisdakik.com\/?p=14763","name":"T\u0130KA ile Devlet \u00dcretme \u00c7iftlikleri \u201cYemlik Dane M\u0131s\u0131r \u00dcretim Projesi\u201d kapsam\u0131nda hasat yap\u0131ld\u0131 -","isPartOf":{"@id":"https:\/\/kibrisdakik.com\/#website"},"primaryImageOfPage":{"@id":"https:\/\/kibrisdakik.com\/?p=14763#primaryimage"},"image":{"@id":"https:\/\/kibrisdakik.com\/?p=14763#primaryimage"},"thumbnailUrl":"https:\/\/kibrisdakik.com\/wp-content\/uploads\/2023\/09\/ssdkfssldkfss-scaled-740x420.jpg","datePublished":"2023-09-30T11:15:27+00:00","author":{"@id":"https:\/\/kibrisdakik.com\/#\/schema\/person\/9cd9d437bbb44f72b73ba127e06d8e79"},"breadcrumb":{"@id":"https:\/\/kibrisdakik.com\/?p=14763#breadcrumb"},"inLanguage":"tr","potentialAction":[{"@type":"ReadAction","target":["https:\/\/kibrisdakik.com\/?p=14763"]}]},{"@type":"ImageObject","inLanguage":"tr","@id":"https:\/\/kibrisdakik.com\/?p=14763#primaryimage","url":"https:\/\/kibrisdakik.com\/wp-content\/uploads\/2023\/09\/ssdkfssldkfss-scaled-740x420.jpg","contentUrl":"https:\/\/kibrisdakik.com\/wp-content\/uploads\/2023\/09\/ssdkfssldkfss-scaled-740x420.jpg","width":2560,"height":1709},{"@type":"BreadcrumbList","@id":"https:\/\/kibrisdakik.com\/?p=14763#breadcrumb","itemListElement":[{"@type":"ListItem","position":1,"name":"Home","item":"https:\/\/kibrisdakik.com\/"},{"@type":"ListItem","position":2,"name":"T\u0130KA ile Devlet \u00dcretme \u00c7iftlikleri \u201cYemlik Dane M\u0131s\u0131r \u00dcretim Projesi\u201d kapsam\u0131nda hasat yap\u0131ld\u0131"}]},{"@type":"WebSite","@id":"https:\/\/kibrisdakik.com\/#website","url":"https:\/\/kibrisdakik.com\/","name":"","description":"Tam vaktinde haber","potentialAction":[{"@type":"SearchAction","target":{"@type":"EntryPoint","urlTemplate":"https:\/\/kibrisdakik.com\/?s={search_term_string}"},"query-input":{"@type":"PropertyValueSpecification","valueRequired":true,"valueName":"search_term_string"}}],"inLanguage":"tr"},{"@type":"Person","@id":"https:\/\/kibrisdakik.com\/#\/schema\/person\/9cd9d437bbb44f72b73ba127e06d8e79","name":"admin","image":{"@type":"ImageObject","inLanguage":"tr","@id":"https:\/\/secure.gravatar.com\/avatar\/ccc17943b9d660506c869530f897617f7cb1c21a4bf30023f252596d83e1f007?s=96&d=mm&r=g","url":"https:\/\/secure.gravatar.com\/avatar\/ccc17943b9d660506c869530f897617f7cb1c21a4bf30023f252596d83e1f007?s=96&d=mm&r=g","contentUrl":"https:\/\/secure.gravatar.com\/avatar\/ccc17943b9d660506c869530f897617f7cb1c21a4bf30023f252596d83e1f007?s=96&d=mm&r=g","caption":"admin"},"sameAs":["https:\/\/kibrisdakik.com"],"url":"https:\/\/kibrisdakik.com\/?author=1"}]}},"_links":{"self":[{"href":"https:\/\/kibrisdakik.com\/index.php?rest_route=\/wp\/v2\/posts\/14763","targetHints":{"allow":["GET"]}}],"collection":[{"href":"https:\/\/kibrisdakik.com\/index.php?rest_route=\/wp\/v2\/posts"}],"about":[{"href":"https:\/\/kibrisdakik.com\/index.php?rest_route=\/wp\/v2\/types\/post"}],"author":[{"embeddable":true,"href":"https:\/\/kibrisdakik.com\/index.php?rest_route=\/wp\/v2\/users\/1"}],"replies":[{"embeddable":true,"href":"https:\/\/kibrisdakik.com\/index.php?rest_route=%2Fwp%2Fv2%2Fcomments&post=14763"}],"version-history":[{"count":0,"href":"https:\/\/kibrisdakik.com\/index.php?rest_route=\/wp\/v2\/posts\/14763\/revisions"}],"wp:featuredmedia":[{"embeddable":true,"href":"https:\/\/kibrisdakik.com\/index.php?rest_route=\/wp\/v2\/media\/14764"}],"wp:attachment":[{"href":"https:\/\/kibrisdakik.com\/index.php?rest_route=%2Fwp%2Fv2%2Fmedia&parent=14763"}],"wp:term":[{"taxonomy":"category","embeddable":true,"href":"https:\/\/kibrisdakik.com\/index.php?rest_route=%2Fwp%2Fv2%2Fcategories&post=14763"},{"taxonomy":"post_tag","embeddable":true,"href":"https:\/\/kibrisdakik.com\/index.php?rest_route=%2Fwp%2Fv2%2Ftags&post=14763"}],"curies":[{"name":"wp","href":"https:\/\/api.w.org\/{rel}","templated":true}]}}