{"id":14880,"date":"2023-10-02T09:28:50","date_gmt":"2023-10-02T09:28:50","guid":{"rendered":"https:\/\/kibrisdakik.com\/index.php\/2023\/10\/02\/tc-enerji-bakani-irak-turkiye-petrol-boru-hatti-hafta-icinde-yeniden-faaliyete-gececek\/"},"modified":"2023-10-02T09:28:50","modified_gmt":"2023-10-02T09:28:50","slug":"tc-enerji-bakani-irak-turkiye-petrol-boru-hatti-hafta-icinde-yeniden-faaliyete-gececek","status":"publish","type":"post","link":"https:\/\/kibrisdakik.com\/?p=14880","title":{"rendered":"TC Enerji Bakan\u0131: Irak-T\u00fcrkiye Petrol Boru Hatt\u0131 hafta i\u00e7inde yeniden faaliyete ge\u00e7ecek"},"content":{"rendered":"<p><\/p>\n<div>\n<div class=\"mariselle-image-container center\">\n                <img width=\"800\" height=\"450\" class=\"lazy-image\" alt=\"\" decoding=\"async\" loading=\"lazy\" sizes=\"auto, (max-width: 800px) 100vw, 800px\" src=\"https:\/\/brtk.net\/wp-content\/uploads\/2023\/10\/02\/petrol-aa-1664116-1.jpg?ver=0fc540cbc9916200e2aac426f8d194b8\" srcset=\"https:\/\/brtk.net\/wp-content\/uploads\/2023\/10\/02\/petrol-aa-1664116-1.jpg?ver=0fc540cbc9916200e2aac426f8d194b8 800w, https:\/\/brtk.net\/wp-content\/uploads\/2023\/10\/02\/petrol-aa-1664116-1-300x169.jpg?ver=1158fe4fa502fb77d82b3d7dc90b17ce 300w, https:\/\/brtk.net\/wp-content\/uploads\/2023\/10\/02\/petrol-aa-1664116-1-768x432.jpg?ver=1158fe4fa502fb77d82b3d7dc90b17ce 768w\"\/>                            <\/div>\n<p> TC Enerji ve Tabii Kaynaklar Bakan\u0131 Alparslan Bayraktar, 6 \u015eubat Kahramanmara\u015f merkezli depremler nedeniyle zarar g\u00f6ren Irak-T\u00fcrkiye Petrol Boru Hatt\u0131\u2019n\u0131 bu hafta i\u00e7inde faaliyete ge\u00e7ireceklerini bildirdi.<\/p>\n<p>Bakan Bayraktar, Birle\u015fik Arap Emirlikleri\u2019nin (BAE) ba\u015fkentinde d\u00fczenlenen Abu Dabi Uluslararas\u0131 Petrol Fuar\u0131 ve Konferans\u0131\u2019n\u0131n a\u00e7\u0131l\u0131\u015f oturumunda konu\u015ftu.<\/p>\n<p>T\u00fcrkiye\u2019nin petrol ve do\u011fal gaz konusunda \u00f6teden beri g\u00fcvenilir bir g\u00fczergah oldu\u011funu belirten Bayraktar, bug\u00fcn itibar\u0131yla g\u00fcnl\u00fck 2 milyon varil petrol\u00fcn T\u00fcrkiye\u2019nin bo\u011fazlar\u0131ndan ge\u00e7ti\u011fini ve yakla\u015f\u0131k 45 y\u0131ld\u0131r aktif olan Irak-T\u00fcrkiye Petrol Boru Hatt\u0131\u2019n\u0131n da g\u00fcnl\u00fck 500 bin varil petrol kapasitesine sahip oldu\u011funu kaydetti.<\/p>\n<p>Bayraktar, 6 \u015eubat\u2019ta meydana gelen Kahramanmara\u015f merkezli depremler ile sel ve benzeri felaketler nedeniyle bak\u0131ma al\u0131nan Irak-T\u00fcrkiye Petrol Boru Hatt\u0131\u2019na y\u00f6nelik, \u201cIrak-T\u00fcrkiye Petrol Boru Hatt\u0131 bug\u00fcn itibar\u0131yla operasyona haz\u0131r. Hatt\u0131 bu hafta i\u00e7inde faaliyete ge\u00e7irece\u011fiz. Boru hatt\u0131 faaliyete ge\u00e7tikten sonra k\u00fcresel petrol piyasalar\u0131na 500 bin varil petrol tedarik edilebilecek.\u201d ifadelerini kulland\u0131.<\/p>\n<p>\u2013 \u201cTANAP ile Avrupa\u2019ya \u00f6nemli miktarda gaz sevk ediyoruz\u201d<\/p>\n<p>T\u00fcrkiye\u2019nin Trans Anadolu Do\u011fal Gaz Boru Hatt\u0131 Projesi (TANAP) ile Avrupa\u2019ya \u00f6nemli miktarda gaz sevk etti\u011fini dile getiren Bayraktar, \u201cBug\u00fcn itibar\u0131yla Bat\u0131 Balkan Boru Hatt\u0131yla Macaristan, Bulgaristan, Romanya ve Moldova\u2019ya gaz g\u00f6nderiyoruz. Do\u011fal gazda giderek daha fazla merkez haline geliyoruz.\u201d diye konu\u015ftu.<\/p>\n<p>Bayraktar, ayr\u0131ca enerjide d\u0131\u015fa ba\u011f\u0131ml\u0131l\u0131\u011f\u0131n\u0131 azaltmay\u0131 hedefleyen T\u00fcrkiye\u2019nin petrol, gaz ve yenilenebilir enerji alan\u0131ndaki yat\u0131r\u0131mlar\u0131na a\u011f\u0131rl\u0131k verdi\u011fini ve karbon emisyonlar\u0131 azaltmak i\u00e7in n\u00fckleer enerji yat\u0131r\u0131mlar\u0131n\u0131 da \u00f6nemli bir ara\u00e7 olarak g\u00f6rd\u00fc\u011f\u00fcn\u00fc anlatt\u0131.<\/p>\n<p>Bakan Bayraktar\u2019\u0131n forum kapsam\u0131nda BAE h\u00fck\u00fcmet yetkilileri ve d\u00fcnyan\u0131n \u00f6nde gelen enerji \u015firketlerinin \u00fcst d\u00fczey y\u00f6neticileriyle g\u00f6r\u00fc\u015fmesi bekleniyor.<\/p>\n<\/p><\/div>\n<p><script async\n                    defer\n                    crossorigin=\"anonymous\"\n                    src=\"https:\/\/connect.facebook.net\/tr_TR\/sdk.js#xfbml=1&#038;version=v3.3\"\n            ><\/script><\/p>\n","protected":false},"excerpt":{"rendered":"<p>TC Enerji ve Tabii Kaynaklar Bakan\u0131 Alparslan Bayraktar, 6 \u015eubat Kahramanmara\u015f merkezli depremler nedeniyle zarar g\u00f6ren Irak-T\u00fcrkiye Petrol Boru Hatt\u0131\u2019n\u0131 bu hafta i\u00e7inde faaliyete ge\u00e7ireceklerini bildirdi. Bakan Bayraktar, Birle\u015fik Arap Emirlikleri\u2019nin (BAE) ba\u015fkentinde d\u00fczenlenen Abu Dabi Uluslararas\u0131 Petrol Fuar\u0131 ve Konferans\u0131\u2019n\u0131n a\u00e7\u0131l\u0131\u015f oturumunda konu\u015ftu. T\u00fcrkiye\u2019nin petrol ve do\u011fal gaz konusunda \u00f6teden beri g\u00fcvenilir bir g\u00fczergah<\/p>\n","protected":false},"author":1,"featured_media":14881,"comment_status":"open","ping_status":"open","sticky":false,"template":"","format":"standard","meta":{"footnotes":""},"categories":[86],"tags":[],"class_list":["post-14880","post","type-post","status-publish","format-standard","has-post-thumbnail","hentry","category-turkiye"],"yoast_head":"<!-- This site is optimized with the Yoast SEO plugin v27.5 - https:\/\/yoast.com\/product\/yoast-seo-wordpress\/ -->\n<title>TC Enerji Bakan\u0131: Irak-T\u00fcrkiye Petrol Boru Hatt\u0131 hafta i\u00e7inde yeniden faaliyete ge\u00e7ecek -<\/title>\n<meta name=\"robots\" content=\"index, follow, max-snippet:-1, max-image-preview:large, max-video-preview:-1\" \/>\n<link rel=\"canonical\" href=\"https:\/\/kibrisdakik.com\/?p=14880\" \/>\n<meta property=\"og:locale\" content=\"tr_TR\" \/>\n<meta property=\"og:type\" content=\"article\" \/>\n<meta property=\"og:title\" content=\"TC Enerji Bakan\u0131: Irak-T\u00fcrkiye Petrol Boru Hatt\u0131 hafta i\u00e7inde yeniden faaliyete ge\u00e7ecek -\" \/>\n<meta property=\"og:description\" content=\"TC Enerji ve Tabii Kaynaklar Bakan\u0131 Alparslan Bayraktar, 6 \u015eubat Kahramanmara\u015f merkezli depremler nedeniyle zarar g\u00f6ren Irak-T\u00fcrkiye Petrol Boru Hatt\u0131\u2019n\u0131 bu hafta i\u00e7inde faaliyete ge\u00e7ireceklerini bildirdi. Bakan Bayraktar, Birle\u015fik Arap Emirlikleri\u2019nin (BAE) ba\u015fkentinde d\u00fczenlenen Abu Dabi Uluslararas\u0131 Petrol Fuar\u0131 ve Konferans\u0131\u2019n\u0131n a\u00e7\u0131l\u0131\u015f oturumunda konu\u015ftu. T\u00fcrkiye\u2019nin petrol ve do\u011fal gaz konusunda \u00f6teden beri g\u00fcvenilir bir g\u00fczergah\" \/>\n<meta property=\"og:url\" content=\"https:\/\/kibrisdakik.com\/?p=14880\" \/>\n<meta property=\"article:published_time\" content=\"2023-10-02T09:28:50+00:00\" \/>\n<meta property=\"og:image\" content=\"https:\/\/kibrisdakik.com\/wp-content\/uploads\/2023\/10\/petrol-aa-1664116-1-740x420.jpg\" \/>\n\t<meta property=\"og:image:width\" content=\"800\" \/>\n\t<meta property=\"og:image:height\" content=\"450\" \/>\n\t<meta property=\"og:image:type\" content=\"image\/jpeg\" \/>\n<meta name=\"author\" content=\"admin\" \/>\n<meta name=\"twitter:card\" content=\"summary_large_image\" \/>\n<meta name=\"twitter:label1\" content=\"Yazan:\" \/>\n\t<meta name=\"twitter:data1\" content=\"admin\" \/>\n\t<meta name=\"twitter:label2\" content=\"Tahmini okuma s\u00fcresi\" \/>\n\t<meta name=\"twitter:data2\" content=\"2 dakika\" \/>\n<script type=\"application\/ld+json\" class=\"yoast-schema-graph\">{\"@context\":\"https:\\\/\\\/schema.org\",\"@graph\":[{\"@type\":\"Article\",\"@id\":\"https:\\\/\\\/kibrisdakik.com\\\/?p=14880#article\",\"isPartOf\":{\"@id\":\"https:\\\/\\\/kibrisdakik.com\\\/?p=14880\"},\"author\":{\"name\":\"admin\",\"@id\":\"https:\\\/\\\/kibrisdakik.com\\\/#\\\/schema\\\/person\\\/9cd9d437bbb44f72b73ba127e06d8e79\"},\"headline\":\"TC Enerji Bakan\u0131: Irak-T\u00fcrkiye Petrol Boru Hatt\u0131 hafta i\u00e7inde yeniden faaliyete ge\u00e7ecek\",\"datePublished\":\"2023-10-02T09:28:50+00:00\",\"mainEntityOfPage\":{\"@id\":\"https:\\\/\\\/kibrisdakik.com\\\/?p=14880\"},\"wordCount\":347,\"commentCount\":0,\"image\":{\"@id\":\"https:\\\/\\\/kibrisdakik.com\\\/?p=14880#primaryimage\"},\"thumbnailUrl\":\"https:\\\/\\\/kibrisdakik.com\\\/wp-content\\\/uploads\\\/2023\\\/10\\\/petrol-aa-1664116-1-740x420.jpg\",\"articleSection\":[\"T\u00fcrkiye\"],\"inLanguage\":\"tr\",\"potentialAction\":[{\"@type\":\"CommentAction\",\"name\":\"Comment\",\"target\":[\"https:\\\/\\\/kibrisdakik.com\\\/?p=14880#respond\"]}]},{\"@type\":\"WebPage\",\"@id\":\"https:\\\/\\\/kibrisdakik.com\\\/?p=14880\",\"url\":\"https:\\\/\\\/kibrisdakik.com\\\/?p=14880\",\"name\":\"TC Enerji Bakan\u0131: Irak-T\u00fcrkiye Petrol Boru Hatt\u0131 hafta i\u00e7inde yeniden faaliyete ge\u00e7ecek -\",\"isPartOf\":{\"@id\":\"https:\\\/\\\/kibrisdakik.com\\\/#website\"},\"primaryImageOfPage\":{\"@id\":\"https:\\\/\\\/kibrisdakik.com\\\/?p=14880#primaryimage\"},\"image\":{\"@id\":\"https:\\\/\\\/kibrisdakik.com\\\/?p=14880#primaryimage\"},\"thumbnailUrl\":\"https:\\\/\\\/kibrisdakik.com\\\/wp-content\\\/uploads\\\/2023\\\/10\\\/petrol-aa-1664116-1-740x420.jpg\",\"datePublished\":\"2023-10-02T09:28:50+00:00\",\"author\":{\"@id\":\"https:\\\/\\\/kibrisdakik.com\\\/#\\\/schema\\\/person\\\/9cd9d437bbb44f72b73ba127e06d8e79\"},\"breadcrumb\":{\"@id\":\"https:\\\/\\\/kibrisdakik.com\\\/?p=14880#breadcrumb\"},\"inLanguage\":\"tr\",\"potentialAction\":[{\"@type\":\"ReadAction\",\"target\":[\"https:\\\/\\\/kibrisdakik.com\\\/?p=14880\"]}]},{\"@type\":\"ImageObject\",\"inLanguage\":\"tr\",\"@id\":\"https:\\\/\\\/kibrisdakik.com\\\/?p=14880#primaryimage\",\"url\":\"https:\\\/\\\/kibrisdakik.com\\\/wp-content\\\/uploads\\\/2023\\\/10\\\/petrol-aa-1664116-1-740x420.jpg\",\"contentUrl\":\"https:\\\/\\\/kibrisdakik.com\\\/wp-content\\\/uploads\\\/2023\\\/10\\\/petrol-aa-1664116-1-740x420.jpg\",\"width\":800,\"height\":450},{\"@type\":\"BreadcrumbList\",\"@id\":\"https:\\\/\\\/kibrisdakik.com\\\/?p=14880#breadcrumb\",\"itemListElement\":[{\"@type\":\"ListItem\",\"position\":1,\"name\":\"Home\",\"item\":\"https:\\\/\\\/kibrisdakik.com\\\/\"},{\"@type\":\"ListItem\",\"position\":2,\"name\":\"TC Enerji Bakan\u0131: Irak-T\u00fcrkiye Petrol Boru Hatt\u0131 hafta i\u00e7inde yeniden faaliyete ge\u00e7ecek\"}]},{\"@type\":\"WebSite\",\"@id\":\"https:\\\/\\\/kibrisdakik.com\\\/#website\",\"url\":\"https:\\\/\\\/kibrisdakik.com\\\/\",\"name\":\"\",\"description\":\"Tam vaktinde haber\",\"potentialAction\":[{\"@type\":\"SearchAction\",\"target\":{\"@type\":\"EntryPoint\",\"urlTemplate\":\"https:\\\/\\\/kibrisdakik.com\\\/?s={search_term_string}\"},\"query-input\":{\"@type\":\"PropertyValueSpecification\",\"valueRequired\":true,\"valueName\":\"search_term_string\"}}],\"inLanguage\":\"tr\"},{\"@type\":\"Person\",\"@id\":\"https:\\\/\\\/kibrisdakik.com\\\/#\\\/schema\\\/person\\\/9cd9d437bbb44f72b73ba127e06d8e79\",\"name\":\"admin\",\"image\":{\"@type\":\"ImageObject\",\"inLanguage\":\"tr\",\"@id\":\"https:\\\/\\\/secure.gravatar.com\\\/avatar\\\/ccc17943b9d660506c869530f897617f7cb1c21a4bf30023f252596d83e1f007?s=96&d=mm&r=g\",\"url\":\"https:\\\/\\\/secure.gravatar.com\\\/avatar\\\/ccc17943b9d660506c869530f897617f7cb1c21a4bf30023f252596d83e1f007?s=96&d=mm&r=g\",\"contentUrl\":\"https:\\\/\\\/secure.gravatar.com\\\/avatar\\\/ccc17943b9d660506c869530f897617f7cb1c21a4bf30023f252596d83e1f007?s=96&d=mm&r=g\",\"caption\":\"admin\"},\"sameAs\":[\"https:\\\/\\\/kibrisdakik.com\"],\"url\":\"https:\\\/\\\/kibrisdakik.com\\\/?author=1\"}]}<\/script>\n<!-- \/ Yoast SEO plugin. -->","yoast_head_json":{"title":"TC Enerji Bakan\u0131: Irak-T\u00fcrkiye Petrol Boru Hatt\u0131 hafta i\u00e7inde yeniden faaliyete ge\u00e7ecek -","robots":{"index":"index","follow":"follow","max-snippet":"max-snippet:-1","max-image-preview":"max-image-preview:large","max-video-preview":"max-video-preview:-1"},"canonical":"https:\/\/kibrisdakik.com\/?p=14880","og_locale":"tr_TR","og_type":"article","og_title":"TC Enerji Bakan\u0131: Irak-T\u00fcrkiye Petrol Boru Hatt\u0131 hafta i\u00e7inde yeniden faaliyete ge\u00e7ecek -","og_description":"TC Enerji ve Tabii Kaynaklar Bakan\u0131 Alparslan Bayraktar, 6 \u015eubat Kahramanmara\u015f merkezli depremler nedeniyle zarar g\u00f6ren Irak-T\u00fcrkiye Petrol Boru Hatt\u0131\u2019n\u0131 bu hafta i\u00e7inde faaliyete ge\u00e7ireceklerini bildirdi. Bakan Bayraktar, Birle\u015fik Arap Emirlikleri\u2019nin (BAE) ba\u015fkentinde d\u00fczenlenen Abu Dabi Uluslararas\u0131 Petrol Fuar\u0131 ve Konferans\u0131\u2019n\u0131n a\u00e7\u0131l\u0131\u015f oturumunda konu\u015ftu. T\u00fcrkiye\u2019nin petrol ve do\u011fal gaz konusunda \u00f6teden beri g\u00fcvenilir bir g\u00fczergah","og_url":"https:\/\/kibrisdakik.com\/?p=14880","article_published_time":"2023-10-02T09:28:50+00:00","og_image":[{"width":800,"height":450,"url":"https:\/\/kibrisdakik.com\/wp-content\/uploads\/2023\/10\/petrol-aa-1664116-1-740x420.jpg","type":"image\/jpeg"}],"author":"admin","twitter_card":"summary_large_image","twitter_misc":{"Yazan:":"admin","Tahmini okuma s\u00fcresi":"2 dakika"},"schema":{"@context":"https:\/\/schema.org","@graph":[{"@type":"Article","@id":"https:\/\/kibrisdakik.com\/?p=14880#article","isPartOf":{"@id":"https:\/\/kibrisdakik.com\/?p=14880"},"author":{"name":"admin","@id":"https:\/\/kibrisdakik.com\/#\/schema\/person\/9cd9d437bbb44f72b73ba127e06d8e79"},"headline":"TC Enerji Bakan\u0131: Irak-T\u00fcrkiye Petrol Boru Hatt\u0131 hafta i\u00e7inde yeniden faaliyete ge\u00e7ecek","datePublished":"2023-10-02T09:28:50+00:00","mainEntityOfPage":{"@id":"https:\/\/kibrisdakik.com\/?p=14880"},"wordCount":347,"commentCount":0,"image":{"@id":"https:\/\/kibrisdakik.com\/?p=14880#primaryimage"},"thumbnailUrl":"https:\/\/kibrisdakik.com\/wp-content\/uploads\/2023\/10\/petrol-aa-1664116-1-740x420.jpg","articleSection":["T\u00fcrkiye"],"inLanguage":"tr","potentialAction":[{"@type":"CommentAction","name":"Comment","target":["https:\/\/kibrisdakik.com\/?p=14880#respond"]}]},{"@type":"WebPage","@id":"https:\/\/kibrisdakik.com\/?p=14880","url":"https:\/\/kibrisdakik.com\/?p=14880","name":"TC Enerji Bakan\u0131: Irak-T\u00fcrkiye Petrol Boru Hatt\u0131 hafta i\u00e7inde yeniden faaliyete ge\u00e7ecek -","isPartOf":{"@id":"https:\/\/kibrisdakik.com\/#website"},"primaryImageOfPage":{"@id":"https:\/\/kibrisdakik.com\/?p=14880#primaryimage"},"image":{"@id":"https:\/\/kibrisdakik.com\/?p=14880#primaryimage"},"thumbnailUrl":"https:\/\/kibrisdakik.com\/wp-content\/uploads\/2023\/10\/petrol-aa-1664116-1-740x420.jpg","datePublished":"2023-10-02T09:28:50+00:00","author":{"@id":"https:\/\/kibrisdakik.com\/#\/schema\/person\/9cd9d437bbb44f72b73ba127e06d8e79"},"breadcrumb":{"@id":"https:\/\/kibrisdakik.com\/?p=14880#breadcrumb"},"inLanguage":"tr","potentialAction":[{"@type":"ReadAction","target":["https:\/\/kibrisdakik.com\/?p=14880"]}]},{"@type":"ImageObject","inLanguage":"tr","@id":"https:\/\/kibrisdakik.com\/?p=14880#primaryimage","url":"https:\/\/kibrisdakik.com\/wp-content\/uploads\/2023\/10\/petrol-aa-1664116-1-740x420.jpg","contentUrl":"https:\/\/kibrisdakik.com\/wp-content\/uploads\/2023\/10\/petrol-aa-1664116-1-740x420.jpg","width":800,"height":450},{"@type":"BreadcrumbList","@id":"https:\/\/kibrisdakik.com\/?p=14880#breadcrumb","itemListElement":[{"@type":"ListItem","position":1,"name":"Home","item":"https:\/\/kibrisdakik.com\/"},{"@type":"ListItem","position":2,"name":"TC Enerji Bakan\u0131: Irak-T\u00fcrkiye Petrol Boru Hatt\u0131 hafta i\u00e7inde yeniden faaliyete ge\u00e7ecek"}]},{"@type":"WebSite","@id":"https:\/\/kibrisdakik.com\/#website","url":"https:\/\/kibrisdakik.com\/","name":"","description":"Tam vaktinde haber","potentialAction":[{"@type":"SearchAction","target":{"@type":"EntryPoint","urlTemplate":"https:\/\/kibrisdakik.com\/?s={search_term_string}"},"query-input":{"@type":"PropertyValueSpecification","valueRequired":true,"valueName":"search_term_string"}}],"inLanguage":"tr"},{"@type":"Person","@id":"https:\/\/kibrisdakik.com\/#\/schema\/person\/9cd9d437bbb44f72b73ba127e06d8e79","name":"admin","image":{"@type":"ImageObject","inLanguage":"tr","@id":"https:\/\/secure.gravatar.com\/avatar\/ccc17943b9d660506c869530f897617f7cb1c21a4bf30023f252596d83e1f007?s=96&d=mm&r=g","url":"https:\/\/secure.gravatar.com\/avatar\/ccc17943b9d660506c869530f897617f7cb1c21a4bf30023f252596d83e1f007?s=96&d=mm&r=g","contentUrl":"https:\/\/secure.gravatar.com\/avatar\/ccc17943b9d660506c869530f897617f7cb1c21a4bf30023f252596d83e1f007?s=96&d=mm&r=g","caption":"admin"},"sameAs":["https:\/\/kibrisdakik.com"],"url":"https:\/\/kibrisdakik.com\/?author=1"}]}},"_links":{"self":[{"href":"https:\/\/kibrisdakik.com\/index.php?rest_route=\/wp\/v2\/posts\/14880","targetHints":{"allow":["GET"]}}],"collection":[{"href":"https:\/\/kibrisdakik.com\/index.php?rest_route=\/wp\/v2\/posts"}],"about":[{"href":"https:\/\/kibrisdakik.com\/index.php?rest_route=\/wp\/v2\/types\/post"}],"author":[{"embeddable":true,"href":"https:\/\/kibrisdakik.com\/index.php?rest_route=\/wp\/v2\/users\/1"}],"replies":[{"embeddable":true,"href":"https:\/\/kibrisdakik.com\/index.php?rest_route=%2Fwp%2Fv2%2Fcomments&post=14880"}],"version-history":[{"count":0,"href":"https:\/\/kibrisdakik.com\/index.php?rest_route=\/wp\/v2\/posts\/14880\/revisions"}],"wp:featuredmedia":[{"embeddable":true,"href":"https:\/\/kibrisdakik.com\/index.php?rest_route=\/wp\/v2\/media\/14881"}],"wp:attachment":[{"href":"https:\/\/kibrisdakik.com\/index.php?rest_route=%2Fwp%2Fv2%2Fmedia&parent=14880"}],"wp:term":[{"taxonomy":"category","embeddable":true,"href":"https:\/\/kibrisdakik.com\/index.php?rest_route=%2Fwp%2Fv2%2Fcategories&post=14880"},{"taxonomy":"post_tag","embeddable":true,"href":"https:\/\/kibrisdakik.com\/index.php?rest_route=%2Fwp%2Fv2%2Ftags&post=14880"}],"curies":[{"name":"wp","href":"https:\/\/api.w.org\/{rel}","templated":true}]}}