{"id":14949,"date":"2023-10-03T10:51:34","date_gmt":"2023-10-03T10:51:34","guid":{"rendered":"https:\/\/kibrisdakik.com\/index.php\/2023\/10\/03\/cumhurbaskani-tatar-halka-cagrida-bulundu-birlik-ve-beraberligimizi-koruyalim\/"},"modified":"2023-10-03T10:51:34","modified_gmt":"2023-10-03T10:51:34","slug":"cumhurbaskani-tatar-halka-cagrida-bulundu-birlik-ve-beraberligimizi-koruyalim","status":"publish","type":"post","link":"https:\/\/kibrisdakik.com\/?p=14949","title":{"rendered":"Cumhurba\u015fkan\u0131 Tatar, halka \u00e7a\u011fr\u0131da bulundu; \u201cBirlik ve beraberli\u011fimizi koruyal\u0131m\u201d"},"content":{"rendered":"<p><\/p>\n<div>\n<div class=\"mariselle-image-container center\">\n                <img width=\"1376\" height=\"734\" class=\"lazy-image\" alt=\"\" decoding=\"async\" loading=\"lazy\" sizes=\"auto, (max-width: 1376px) 100vw, 1376px\" src=\"https:\/\/brtk.net\/wp-content\/uploads\/2023\/10\/03\/5ee17e51-0692-4ad3-a8d2-2b3367185808.jpg?ver=3d54e840c72f113ba135a0091e90e873\" srcset=\"https:\/\/brtk.net\/wp-content\/uploads\/2023\/10\/03\/5ee17e51-0692-4ad3-a8d2-2b3367185808.jpg?ver=3d54e840c72f113ba135a0091e90e873 1376w, https:\/\/brtk.net\/wp-content\/uploads\/2023\/10\/03\/5ee17e51-0692-4ad3-a8d2-2b3367185808-300x160.jpg?ver=3d54e840c72f113ba135a0091e90e873 300w, https:\/\/brtk.net\/wp-content\/uploads\/2023\/10\/03\/5ee17e51-0692-4ad3-a8d2-2b3367185808-1024x546.jpg?ver=3d54e840c72f113ba135a0091e90e873 1024w, https:\/\/brtk.net\/wp-content\/uploads\/2023\/10\/03\/5ee17e51-0692-4ad3-a8d2-2b3367185808-768x410.jpg?ver=3d54e840c72f113ba135a0091e90e873 768w\"\/>                            <\/div>\n<p>Cumhurba\u015fkanl\u0131\u011f\u0131 b\u00fcnyesinde olu\u015fturulan Halk Konseyi\u2019nin bilgilendirme ve isti\u015fare toplant\u0131s\u0131 Cumhurba\u015fkan\u0131 <a href=\"https:\/\/brtk.net\/\" target=\"_blank\" rel=\"noopener\">Ersin <\/a><a href=\"https:\/\/brtk.net\/\"\/><a href=\"https:\/\/brtk.net\/\"\/><a href=\"https:\/\/brtk.net\/\"\/><a href=\"https:\/\/brtk.net\/\"\/><a href=\"https:\/\/brtk.net\/\"\/><a href=\"https:\/\/brtk.net\/\"\/><a href=\"https:\/\/brtk.net\/\"\/><a href=\"https:\/\/brtk.net\/\"\/><a href=\"https:\/\/brtk.net\/\"\/><a href=\"https:\/\/brtk.net\/\"\/><a href=\"https:\/\/brtk.net\/\"\/><a href=\"https:\/\/brtk.net\/\">Tatar<\/a>\u2019\u0131n  ba\u015fkanl\u0131\u011f\u0131nda d\u00fcn ger\u00e7ekle\u015fti. <\/p>\n<p>Cumhurba\u015fkan\u0131 <a href=\"https:\/\/brtk.net\/\"\/><a href=\"https:\/\/brtk.net\/\"\/><a href=\"https:\/\/brtk.net\/\"\/><a href=\"https:\/\/brtk.net\/\"\/><a href=\"https:\/\/brtk.net\/\"\/><a href=\"https:\/\/brtk.net\/\"\/><a href=\"https:\/\/brtk.net\/\"\/><a href=\"https:\/\/brtk.net\/\"\/><a href=\"https:\/\/brtk.net\/\"\/><a href=\"https:\/\/brtk.net\/\"\/><a href=\"https:\/\/brtk.net\/\"\/><a href=\"https:\/\/brtk.net\/\">Tatar<\/a>, bilgilendirme toplant\u0131s\u0131nda New York temaslar\u0131, BM Genel Sekreteri Antonio Guterres ile g\u00f6r\u00fc\u015fmesi ve K\u0131br\u0131s konusuyla  ilgili son geli\u015fmeler hakk\u0131nda bilgi verirken, toplant\u0131ya kat\u0131lan muharip dernekler Cumhurba\u015fkan\u0131 <a href=\"https:\/\/brtk.net\/\"\/><a href=\"https:\/\/brtk.net\/\"\/><a href=\"https:\/\/brtk.net\/\"\/><a href=\"https:\/\/brtk.net\/\"\/><a href=\"https:\/\/brtk.net\/\"\/><a href=\"https:\/\/brtk.net\/\"\/><a href=\"https:\/\/brtk.net\/\"\/><a href=\"https:\/\/brtk.net\/\"\/><a href=\"https:\/\/brtk.net\/\"\/><a href=\"https:\/\/brtk.net\/\"\/><a href=\"https:\/\/brtk.net\/\"\/><a href=\"https:\/\/brtk.net\/\">Tatar<\/a>\u2019a tam destek belirtti. D\u00fcnk\u00fc toplant\u0131ya muharip dernekler kat\u0131l\u0131rken, \u00f6n\u00fcm\u00fczdeki g\u00fcnlerde Halk Konseyi\u2019nde yer alan di\u011fer dernek, kurum, kurulu\u015f ve sivil toplum \u00f6rg\u00fctleriyle de bilgilendirme toplant\u0131lar\u0131 d\u00fczenlenecek.<\/p>\n<p>Toplant\u0131da konu\u015fan Cumhurba\u015fkan\u0131 <a href=\"https:\/\/brtk.net\/\"\/><a href=\"https:\/\/brtk.net\/\"\/><a href=\"https:\/\/brtk.net\/\"\/><a href=\"https:\/\/brtk.net\/\"\/><a href=\"https:\/\/brtk.net\/\"\/><a href=\"https:\/\/brtk.net\/\"\/><a href=\"https:\/\/brtk.net\/\"\/><a href=\"https:\/\/brtk.net\/\"\/><a href=\"https:\/\/brtk.net\/\"\/><a href=\"https:\/\/brtk.net\/\"\/><a href=\"https:\/\/brtk.net\/\"\/><a href=\"https:\/\/brtk.net\/\">Tatar<\/a>, BM Genel Kurulu 78\u2019inci toplant\u0131s\u0131 dolay\u0131s\u0131yla New York\u2019ta bulundu\u011fu s\u00fcre i\u00e7erisinde  ger\u00e7ekle\u015ftirdi\u011fi temas ve g\u00f6r\u00fc\u015fmelerle ilgili olarak bilgi verirken, \u201cd\u00fcnyaya halk\u0131m\u0131z\u0131n hakl\u0131 davas\u0131n\u0131 ve yeni siyasetimizi anlatmaya devam ediyoruz\u201d dedi. Anavatan T\u00fcrkiye ile birlikte y\u00fcr\u00fct\u00fclmekte olan yeni siyasetin her ge\u00e7en g\u00fcn daha da g\u00fc\u00e7lendi\u011fini belirten Cumhurba\u015fkan\u0131 <a href=\"https:\/\/brtk.net\/\"\/><a href=\"https:\/\/brtk.net\/\"\/><a href=\"https:\/\/brtk.net\/\"\/><a href=\"https:\/\/brtk.net\/\"\/><a href=\"https:\/\/brtk.net\/\"\/><a href=\"https:\/\/brtk.net\/\"\/><a href=\"https:\/\/brtk.net\/\"\/><a href=\"https:\/\/brtk.net\/\"\/><a href=\"https:\/\/brtk.net\/\"\/><a href=\"https:\/\/brtk.net\/\"\/><a href=\"https:\/\/brtk.net\/\"\/><a href=\"https:\/\/brtk.net\/\">Tatar<\/a>, \u015funlar\u0131 s\u00f6yledi;<\/p>\n<p>HAKLI M\u00dcCADELEM\u0130ZE DEVAM EDECE\u011e\u0130Z<br \/>\u201cNew York\u2019ta ger\u00e7ekle\u015ftirdi\u011fim temaslarda muhataplar\u0131m\u0131za K\u0131br\u0131s\u2019\u0131n ve b\u00f6lgenin yarar\u0131na olacak e\u015fit egemen iki ayr\u0131 devletin varl\u0131\u011f\u0131na dayal\u0131 \u00e7\u00f6z\u00fcm \u00f6nerimizi yeniden anlat\u0131rken, K\u0131br\u0131s\u2019\u0131n ger\u00e7eklerine de dikkat \u00e7ektim. Rum Y\u00f6netimi Ba\u015fkan\u0131 Nikos Hristodulidis\u2019in BM Genel Kurulu\u2019nda yapm\u0131\u015f oldu\u011fu konu\u015fmada ileri s\u00fcrd\u00fc\u011f\u00fc  \u2018K\u0131br\u0131s meselesi 1974 y\u0131l\u0131nda ba\u015flam\u0131\u015ft\u0131r\u201d iddias\u0131n\u0131n ger\u00e7e\u011fi yans\u0131tmad\u0131\u011f\u0131n\u0131 ve K\u0131br\u0131s meselesinin  60 y\u0131ll\u0131k bir ge\u00e7mi\u015fi oldu\u011funu ifade ettim.  D\u00fczenledi\u011fim bas\u0131n toplant\u0131lar\u0131nda da  bu ger\u00e7e\u011fi dile getirirken, Rum taraf\u0131n\u0131n samimiyetsiz ve art niyetli oldu\u011funu belirttim. Rum taraf\u0131n\u0131n ana hedefi, K\u0131br\u0131s T\u00fcrk halk\u0131n\u0131 bir az\u0131nl\u0131k olarak Rum devletine d\u00f6n\u00fc\u015fen K\u0131br\u0131s Cumhuriyeti\u2019ne yamalamak ve osmosis yoluyla yok etmektir. Bu hedefe y\u00f6nelik olarak da \u00e7e\u015fitli alg\u0131 operasyonlar\u0131 d\u00fczenlenirken s\u00f6zde  baz\u0131 a\u00e7\u0131l\u0131mlar ve \u00f6nerilerle de halk\u0131m\u0131z aldat\u0131lmak istenmektedir. Elbette ki bunlara kar\u015f\u0131 direnecek ve gere\u011fini yapaca\u011f\u0131z.\u201d<\/p>\n<p>FEDERAL TEMELE DAYALI B\u0130R ANLA\u015eMA M\u00dcMK\u00dcN DE\u011e\u0130L<br \/>Uzun y\u0131llard\u0131r g\u00f6r\u00fc\u015f\u00fclen federal temele dayal\u0131 bir anla\u015fman\u0131n  m\u00fcmk\u00fcn olmayaca\u011f\u0131n\u0131n Annan Plan\u0131 referandumunda ve Crans Montana g\u00f6r\u00fc\u015fmelerinde de ortaya \u00e7\u0131kt\u0131\u011f\u0131n\u0131 belirten Cumhurba\u015fkan\u0131 <a href=\"https:\/\/brtk.net\/\"\/><a href=\"https:\/\/brtk.net\/\"\/><a href=\"https:\/\/brtk.net\/\"\/><a href=\"https:\/\/brtk.net\/\"\/><a href=\"https:\/\/brtk.net\/\"\/><a href=\"https:\/\/brtk.net\/\"\/><a href=\"https:\/\/brtk.net\/\"\/><a href=\"https:\/\/brtk.net\/\"\/><a href=\"https:\/\/brtk.net\/\"\/><a href=\"https:\/\/brtk.net\/\"\/><a href=\"https:\/\/brtk.net\/\"\/><a href=\"https:\/\/brtk.net\/\">Tatar<\/a>, konu\u015fmas\u0131na \u015f\u00f6yle devam etti;<br \/>\u201cRum-Yunan ikilisi ile di\u011fer g\u00fc\u00e7lerin dayatmaya \u00e7al\u0131\u015ft\u0131\u011f\u0131 federal temele dayal\u0131 bir \u00e7\u00f6z\u00fcm, devletimizi ve egemenli\u011fimizi yok etmeyi, halk\u0131m\u0131z\u0131 az\u0131nl\u0131k yapmay\u0131, \u2018s\u0131f\u0131r asker s\u0131f\u0131r garanti\u2019 ad\u0131 alt\u0131nda Anavatan T\u00fcrkiye\u2019nin garant\u00f6rl\u00fc\u011f\u00fcn\u00fc ve T\u00fcrk askerinin K\u0131br\u0131s\u2019tan uzakla\u015ft\u0131r\u0131lmas\u0131n\u0131 i\u00e7ermektedir. Bunlar\u0131 kabul etmemiz asla m\u00fcmk\u00fcn de\u011fildir.  Federal temele dayal\u0131 bir anla\u015fma hayali tarihin \u00e7\u00f6pl\u00fc\u011f\u00fcne at\u0131lm\u0131\u015ft\u0131r. Anavatan T\u00fcrkiye ile birlikte y\u00fcr\u00fctmekte oldu\u011fumuz yeni ve milli siyasetimizden geri ad\u0131m at\u0131lamaz.\u201d<\/p>\n<p>AVRUPA B\u0130RL\u0130\u011e\u0130 YANLI TUTUMUNA SON VERMEL\u0130<br \/>Konu\u015fmas\u0131nda, Avrupa Birli\u011fi\u2019ne y\u00f6nelik ele\u015ftirilerde de bulunan Cumhurba\u015fkan\u0131 <a href=\"https:\/\/brtk.net\/\"\/><a href=\"https:\/\/brtk.net\/\"\/><a href=\"https:\/\/brtk.net\/\"\/><a href=\"https:\/\/brtk.net\/\"\/><a href=\"https:\/\/brtk.net\/\"\/><a href=\"https:\/\/brtk.net\/\"\/><a href=\"https:\/\/brtk.net\/\"\/><a href=\"https:\/\/brtk.net\/\"\/><a href=\"https:\/\/brtk.net\/\"\/><a href=\"https:\/\/brtk.net\/\"\/><a href=\"https:\/\/brtk.net\/\"\/><a href=\"https:\/\/brtk.net\/\">Tatar<\/a>, AB\u2019nin ve di\u011fer g\u00fc\u00e7lerin Annan Plan\u0131 referandumunda K\u0131br\u0131s T\u00fcrk halk\u0131na vermi\u015f olduklar\u0131 s\u00f6zlerin bir tekini bile yerine getirmediklerini ve \u2018hay\u0131r\u2019 diyen Rum taraf\u0131n\u0131 AB \u00fcyeli\u011fine alarak \u00f6d\u00fcllendirdiklerini ifade etti. Cumhurba\u015fkan\u0131 <a href=\"https:\/\/brtk.net\/\"\/><a href=\"https:\/\/brtk.net\/\"\/><a href=\"https:\/\/brtk.net\/\"\/><a href=\"https:\/\/brtk.net\/\"\/><a href=\"https:\/\/brtk.net\/\"\/><a href=\"https:\/\/brtk.net\/\"\/><a href=\"https:\/\/brtk.net\/\"\/><a href=\"https:\/\/brtk.net\/\"\/><a href=\"https:\/\/brtk.net\/\"\/><a href=\"https:\/\/brtk.net\/\"\/><a href=\"https:\/\/brtk.net\/\"\/><a href=\"https:\/\/brtk.net\/\">Tatar<\/a>, \u015f\u00f6yle devam etti;<\/p>\n<p>\u201cAB, K\u0131br\u0131s\u2019ta tek tarafl\u0131 ve ayr\u0131mc\u0131 tutumunu s\u00fcrd\u00fcr\u00fcrken, bundan cesaret alan Rum taraf\u0131 da \u00e7\u00f6z\u00fcm\u00fc engelleyici tutumuna devam ederken,  K\u0131br\u0131s T\u00fcrk halk\u0131n\u0131n ise zul\u00fcm niteli\u011findeki haks\u0131z ve insanl\u0131k d\u0131\u015f\u0131 ambargolar alt\u0131nda ezilmesi istenmektedir.  T\u00fcm bunlara ra\u011fmen Anavatan T\u00fcrkiye\u2019nin destek ve yard\u0131mlar\u0131yla yolumuza devam ediyoruz. New York temaslar\u0131mda da  belirtti\u011fim gibi, t\u00fcm d\u00fcnyaya \u00e7a\u011fr\u0131m K\u0131br\u0131s T\u00fcrk halk\u0131na uygulanan t\u00fcm haks\u0131zl\u0131klara son verilmesidir.\u201d<\/p>\n<p>CUMHURBA\u015eKANI ERDO\u011eAN\u2019A TE\u015eEKK\u00dcR<br \/>T\u00fcrkiye Cumhuriyeti Cumhurba\u015fkan\u0131 Recep Tayyip Erdo\u011fan\u2019a BM 78\u2019inci Genel Kurulu\u2019na yapm\u0131\u015f oldu\u011fu konu\u015fma dolay\u0131s\u0131yla \u015fahs\u0131 ve K\u0131br\u0131s T\u00fcrk halk\u0131 ad\u0131na yeniden te\u015fekk\u00fcr eden Cumhurba\u015fkan\u0131 <a href=\"https:\/\/brtk.net\/\"\/><a href=\"https:\/\/brtk.net\/\"\/><a href=\"https:\/\/brtk.net\/\"\/><a href=\"https:\/\/brtk.net\/\"\/><a href=\"https:\/\/brtk.net\/\"\/><a href=\"https:\/\/brtk.net\/\"\/><a href=\"https:\/\/brtk.net\/\"\/><a href=\"https:\/\/brtk.net\/\"\/><a href=\"https:\/\/brtk.net\/\"\/><a href=\"https:\/\/brtk.net\/\"\/><a href=\"https:\/\/brtk.net\/\"\/><a href=\"https:\/\/brtk.net\/\">Tatar<\/a>, \u015funlar\u0131 vurgulad\u0131;<br \/>\u201cGe\u00e7en y\u0131l  BM 77\u2019nci Genel Kurulu\u2019nda yapm\u0131\u015f konu\u015fmada t\u00fcm d\u00fcnyaya \u2018<a href=\"https:\/\/brtk.net\/\">KKTC<\/a>\u2019ni tan\u0131y\u0131n ve K\u0131br\u0131s T\u00fcrk halk\u0131na uygulanan zulme  son verin\u2019 \u00e7a\u011fr\u0131s\u0131nda bulunan Cumhurba\u015fkan\u0131 Erdo\u011fan, BM 78\u2019inci Genel Kurul toplant\u0131s\u0131nda yapt\u0131\u011f\u0131 konu\u015fmada da ayn\u0131 \u00e7a\u011fr\u0131da bulunmu\u015ftur. Bu, Anavatan T\u00fcrkiye\u2019nin K\u0131br\u0131s konusuyla ilgili yeni siyasetimizde ne kadar kararl\u0131 oldu\u011funu bir kez daha g\u00f6sterirken, K\u0131br\u0131s T\u00fcrk halk\u0131na ve hakl\u0131 davam\u0131za bir kez daha g\u00fc\u00e7 vermi\u015ftir. Art\u0131k, K\u0131br\u0131s eski K\u0131br\u0131s de\u011fil, Do\u011fu Akdeniz de eski Do\u011fu Akdeniz de\u011fildir. B\u00f6lgenin en b\u00fcy\u00fck ve en g\u00fc\u00e7l\u00fc \u00fclkesi olan Anavatan T\u00fcrkiye bizimledir, Anavatan T\u00fcrkiye ile birlikte y\u00fcr\u00fcmeye devam edece\u011fiz. T\u00fcrkiye Cumhuriyeti Milli G\u00fcvenlik Kurulu\u2019nun alm\u0131\u015f oldu\u011fu son kararda belirtildi\u011fi gibi Anavatan T\u00fcrkiye her zaman yan\u0131m\u0131zdad\u0131r.\u201d<\/p>\n<p>GUTERRES \u0130LE G\u00d6R\u00dc\u015eME<br \/>Toplant\u0131da, BM Genel Sekreteri Antonio Guterres ile yapt\u0131\u011f\u0131 g\u00f6r\u00fc\u015fmeyle de ilgili bilgiler veren Cumhurba\u015fkan\u0131 <a href=\"https:\/\/brtk.net\/\"\/><a href=\"https:\/\/brtk.net\/\"\/><a href=\"https:\/\/brtk.net\/\"\/><a href=\"https:\/\/brtk.net\/\"\/><a href=\"https:\/\/brtk.net\/\"\/><a href=\"https:\/\/brtk.net\/\"\/><a href=\"https:\/\/brtk.net\/\"\/><a href=\"https:\/\/brtk.net\/\"\/><a href=\"https:\/\/brtk.net\/\"\/><a href=\"https:\/\/brtk.net\/\"\/><a href=\"https:\/\/brtk.net\/\"\/><a href=\"https:\/\/brtk.net\/\">Tatar<\/a>, \u015funlar\u0131 ifade etti;<br \/>\u201cBM Genel Sekreteri Guterres ile yapt\u0131\u011f\u0131m g\u00f6r\u00fc\u015fmede, K\u0131br\u0131s\u2019\u0131n ger\u00e7eklerini, e\u015fit egemen iki ayr\u0131 devlete dayal\u0131 \u00e7\u00f6z\u00fcm \u00f6nerimizi ve federal temele dayal\u0131 bir \u00e7\u00f6z\u00fcm\u00fcn m\u00fcmk\u00fcn olmayaca\u011f\u0131n\u0131 bir kez daha anlatt\u0131m. Dayatma bir \u00e7\u00f6z\u00fcm\u00fcn kabul edilemeyece\u011fini de belirtirken, Sn. Guterres de dayatmalarla bir \u00e7\u00f6z\u00fcme ula\u015f\u0131lamayaca\u011f\u0131n\u0131 ifade etti.  E\u015fit egemenli\u011fimiz ile e\u015fit uluslararas\u0131 stat\u00fcm\u00fcz kabul edilmeden m\u00fczakerelerin ba\u015flayamayaca\u011f\u0131n\u0131 da dile getirirken,  G\u00fcney K\u0131br\u0131s ile  insani ve gerekli olan di\u011fer konularda i\u015f birli\u011fi yap\u0131labilece\u011fini anlatt\u0131m. Olduk\u00e7a verimli bir g\u00f6r\u00fc\u015fme oldu.\u201d  <\/p>\n<p>BE\u015e\u0130NC\u0130 KOL FAL\u0130YETLER\u0130<br \/>Toplant\u0131da s\u00f6z alan muharip derneklerin ba\u015fkanlar\u0131 ile y\u00f6neticileri, Rum taraf\u0131n\u0131n y\u00fcr\u00fctmekte oldu\u011fu alg\u0131 operasyonlar\u0131 ile be\u015finci kol faaliyetlerine ve Anavatan T\u00fcrkiye ile K\u0131br\u0131s T\u00fcrk halk\u0131n\u0131n ba\u011flar\u0131n\u0131 koparabilmek i\u00e7in y\u00fcr\u00fct\u00fclen provokasyonlara dikkat \u00e7ekerken, gereken \u00f6nlemlerin al\u0131nmas\u0131na ve okullarda okutulan tarih kitaplar\u0131n\u0131n  yeniden d\u00fczenlenmesi gerekti\u011fine dikkat  \u00e7ektiler. Muharip dernekler   milli bilin\u00e7 ve \u015fuurun \u00f6nemini de ifade ederken, bu y\u00f6nde at\u0131lmas\u0131 gereken ad\u0131mlar\u0131 da g\u00fcndeme getirdiler.  Cumhurba\u015fkan\u0131 <a href=\"https:\/\/brtk.net\/\"\/><a href=\"https:\/\/brtk.net\/\"\/><a href=\"https:\/\/brtk.net\/\"\/><a href=\"https:\/\/brtk.net\/\"\/><a href=\"https:\/\/brtk.net\/\"\/><a href=\"https:\/\/brtk.net\/\"\/><a href=\"https:\/\/brtk.net\/\"\/><a href=\"https:\/\/brtk.net\/\"\/><a href=\"https:\/\/brtk.net\/\"\/><a href=\"https:\/\/brtk.net\/\"\/><a href=\"https:\/\/brtk.net\/\"\/><a href=\"https:\/\/brtk.net\/\">Tatar<\/a> ise \u015funlar\u0131 s\u00f6yledi;<\/p>\n<p>\u201cBen, New York\u2019ta hakl\u0131 davam\u0131z\u0131 anlatmaya \u00e7al\u0131\u015f\u0131rken, baz\u0131 \u00e7evrelerin G\u00fcney K\u0131br\u0131s\u2019a giderek Rum siyasi partileriyle baz\u0131 g\u00f6r\u00fc\u015fmeler yapt\u0131klar\u0131n\u0131, yeni siyasetimize kar\u015f\u0131 \u00e7\u0131kt\u0131lar\u0131n\u0131 ve federasyon hayalini savunduklar\u0131n\u0131 biliyorum. Halk\u0131m\u0131z da bunlar\u0131 g\u00f6rm\u00fc\u015ft\u00fcr. Et ve t\u0131rnak gibi oldu\u011fumuz Anavatan T\u00fcrkiye ile ba\u011flar\u0131m\u0131z\u0131 koparabilmek i\u00e7in \u00e7e\u015fitli alg\u0131 operasyonlar\u0131 y\u00fcr\u00fct\u00fcl\u00fcyor. Bunlara kar\u015f\u0131 dikkatli ve uyan\u0131k olmal\u0131y\u0131z. Milli bilin\u00e7 ve \u015fuurun ya\u015fat\u0131lmas\u0131 elbette \u00e7ok \u00f6nemlidir. Bu y\u00f6nde de ad\u0131mlar at\u0131lacakt\u0131r.<br \/>Bug\u00fcn birtak\u0131m ekonomik ve sosyal s\u0131k\u0131nt\u0131lar var diye davam\u0131zdan ve yeni siyasetimizden vazge\u00e7ecek de\u011filiz. Baz\u0131 sorunlar\u0131n a\u015f\u0131lmas\u0131na y\u00f6nelik \u00e7al\u0131\u015fmalar yap\u0131l\u0131yor ve yap\u0131lacakt\u0131r. Anavatan T\u00fcrkiye\u2019nin deste\u011fiyle de bu sorunlar\u0131n a\u015f\u0131laca\u011f\u0131ndan ku\u015fkum yoktur. Bize d\u00fc\u015fen g\u00f6rev birlik ve beraberli\u011fimizi korumak ve birlikte m\u00fccadele etmektir.\u201d<\/p>\n<p>CUMHURBA\u015eKANI <a href=\"https:\/\/brtk.net\/\">TATAR<\/a>\u2019A B\u00dcY\u00dcK DESTEK<br \/>Cumhurba\u015fkan\u0131 <a href=\"https:\/\/brtk.net\/\"\/><a href=\"https:\/\/brtk.net\/\"\/><a href=\"https:\/\/brtk.net\/\"\/><a href=\"https:\/\/brtk.net\/\"\/><a href=\"https:\/\/brtk.net\/\"\/><a href=\"https:\/\/brtk.net\/\"\/><a href=\"https:\/\/brtk.net\/\"\/><a href=\"https:\/\/brtk.net\/\"\/><a href=\"https:\/\/brtk.net\/\"\/><a href=\"https:\/\/brtk.net\/\"\/><a href=\"https:\/\/brtk.net\/\"\/><a href=\"https:\/\/brtk.net\/\">Tatar<\/a>\u2019\u0131n konu\u015fmas\u0131ndan sonra yeniden s\u00f6z alan muharip derneklerin ba\u015fkan ve y\u00f6neticileri de Anavatan T\u00fcrkiye ile birlikte y\u00fcr\u00fct\u00fclen yeni siyasete ve   Cumhurba\u015fkan\u0131 <a href=\"https:\/\/brtk.net\/\"\/><a href=\"https:\/\/brtk.net\/\"\/><a href=\"https:\/\/brtk.net\/\"\/><a href=\"https:\/\/brtk.net\/\"\/><a href=\"https:\/\/brtk.net\/\"\/><a href=\"https:\/\/brtk.net\/\"\/><a href=\"https:\/\/brtk.net\/\"\/><a href=\"https:\/\/brtk.net\/\"\/><a href=\"https:\/\/brtk.net\/\"\/><a href=\"https:\/\/brtk.net\/\"\/><a href=\"https:\/\/brtk.net\/\"\/><a href=\"https:\/\/brtk.net\/\">Tatar<\/a>\u2019a  g\u00fcven ve desteklerinin tam oldu\u011funu belirttiler.<\/p>\n<p>B\u0130LG\u0130LEND\u0130RME VE \u0130ST\u0130\u015eARE TOPLANTILARI DEVAM EDECEK<br \/>Cumhurba\u015fkanl\u0131\u011f\u0131 b\u00fcnyesinde olu\u015fturulan Halk Konseyi\u2019nde yer alan di\u011fer dernek, kurum, kurulu\u015f, federasyon ve sivil toplum \u00f6rg\u00fctlerine y\u00f6nelik olarak \u00f6n\u00fcm\u00fczdeki g\u00fcnlerde bilgilendirme ve isti\u015fare toplant\u0131lar\u0131 d\u00fczenlenecek.<\/p>\n<\/p><\/div>\n<p><script async\n                    defer\n                    crossorigin=\"anonymous\"\n                    src=\"https:\/\/connect.facebook.net\/tr_TR\/sdk.js#xfbml=1&#038;version=v3.3\"\n            ><\/script><\/p>\n","protected":false},"excerpt":{"rendered":"<p>Cumhurba\u015fkanl\u0131\u011f\u0131 b\u00fcnyesinde olu\u015fturulan Halk Konseyi\u2019nin bilgilendirme ve isti\u015fare toplant\u0131s\u0131 Cumhurba\u015fkan\u0131 Ersin Tatar\u2019\u0131n ba\u015fkanl\u0131\u011f\u0131nda d\u00fcn ger\u00e7ekle\u015fti. Cumhurba\u015fkan\u0131 Tatar, bilgilendirme toplant\u0131s\u0131nda New York temaslar\u0131, BM Genel Sekreteri Antonio Guterres ile g\u00f6r\u00fc\u015fmesi ve K\u0131br\u0131s konusuyla ilgili son geli\u015fmeler hakk\u0131nda bilgi verirken, toplant\u0131ya kat\u0131lan muharip dernekler Cumhurba\u015fkan\u0131 Tatar\u2019a tam destek belirtti. D\u00fcnk\u00fc toplant\u0131ya muharip dernekler kat\u0131l\u0131rken, \u00f6n\u00fcm\u00fczdeki g\u00fcnlerde Halk<\/p>\n","protected":false},"author":1,"featured_media":14950,"comment_status":"open","ping_status":"open","sticky":false,"template":"","format":"standard","meta":{"footnotes":""},"categories":[1],"tags":[],"class_list":["post-14949","post","type-post","status-publish","format-standard","has-post-thumbnail","hentry","category-gundem"],"yoast_head":"<!-- This site is optimized with the Yoast SEO plugin v27.5 - https:\/\/yoast.com\/product\/yoast-seo-wordpress\/ -->\n<title>Cumhurba\u015fkan\u0131 Tatar, halka \u00e7a\u011fr\u0131da bulundu; \u201cBirlik ve beraberli\u011fimizi koruyal\u0131m\u201d -<\/title>\n<meta name=\"robots\" content=\"index, follow, max-snippet:-1, max-image-preview:large, max-video-preview:-1\" \/>\n<link rel=\"canonical\" href=\"https:\/\/kibrisdakik.com\/?p=14949\" \/>\n<meta property=\"og:locale\" content=\"tr_TR\" \/>\n<meta property=\"og:type\" content=\"article\" \/>\n<meta property=\"og:title\" content=\"Cumhurba\u015fkan\u0131 Tatar, halka \u00e7a\u011fr\u0131da bulundu; \u201cBirlik ve beraberli\u011fimizi koruyal\u0131m\u201d -\" \/>\n<meta property=\"og:description\" content=\"Cumhurba\u015fkanl\u0131\u011f\u0131 b\u00fcnyesinde olu\u015fturulan Halk Konseyi\u2019nin bilgilendirme ve isti\u015fare toplant\u0131s\u0131 Cumhurba\u015fkan\u0131 Ersin Tatar\u2019\u0131n ba\u015fkanl\u0131\u011f\u0131nda d\u00fcn ger\u00e7ekle\u015fti. Cumhurba\u015fkan\u0131 Tatar, bilgilendirme toplant\u0131s\u0131nda New York temaslar\u0131, BM Genel Sekreteri Antonio Guterres ile g\u00f6r\u00fc\u015fmesi ve K\u0131br\u0131s konusuyla ilgili son geli\u015fmeler hakk\u0131nda bilgi verirken, toplant\u0131ya kat\u0131lan muharip dernekler Cumhurba\u015fkan\u0131 Tatar\u2019a tam destek belirtti. D\u00fcnk\u00fc toplant\u0131ya muharip dernekler kat\u0131l\u0131rken, \u00f6n\u00fcm\u00fczdeki g\u00fcnlerde Halk\" \/>\n<meta property=\"og:url\" content=\"https:\/\/kibrisdakik.com\/?p=14949\" \/>\n<meta property=\"article:published_time\" content=\"2023-10-03T10:51:34+00:00\" \/>\n<meta property=\"og:image\" content=\"https:\/\/kibrisdakik.com\/wp-content\/uploads\/2023\/10\/5ee17e51-0692-4ad3-a8d2-2b3367185808-740x420.jpg\" \/>\n\t<meta property=\"og:image:width\" content=\"1376\" \/>\n\t<meta property=\"og:image:height\" content=\"734\" \/>\n\t<meta property=\"og:image:type\" content=\"image\/jpeg\" \/>\n<meta name=\"author\" content=\"admin\" \/>\n<meta name=\"twitter:card\" content=\"summary_large_image\" \/>\n<meta name=\"twitter:label1\" content=\"Yazan:\" \/>\n\t<meta name=\"twitter:data1\" content=\"admin\" \/>\n\t<meta name=\"twitter:label2\" content=\"Tahmini okuma s\u00fcresi\" \/>\n\t<meta name=\"twitter:data2\" content=\"7 dakika\" \/>\n<script type=\"application\/ld+json\" class=\"yoast-schema-graph\">{\"@context\":\"https:\\\/\\\/schema.org\",\"@graph\":[{\"@type\":\"Article\",\"@id\":\"https:\\\/\\\/kibrisdakik.com\\\/?p=14949#article\",\"isPartOf\":{\"@id\":\"https:\\\/\\\/kibrisdakik.com\\\/?p=14949\"},\"author\":{\"name\":\"admin\",\"@id\":\"https:\\\/\\\/kibrisdakik.com\\\/#\\\/schema\\\/person\\\/9cd9d437bbb44f72b73ba127e06d8e79\"},\"headline\":\"Cumhurba\u015fkan\u0131 Tatar, halka \u00e7a\u011fr\u0131da bulundu; \u201cBirlik ve beraberli\u011fimizi koruyal\u0131m\u201d\",\"datePublished\":\"2023-10-03T10:51:34+00:00\",\"mainEntityOfPage\":{\"@id\":\"https:\\\/\\\/kibrisdakik.com\\\/?p=14949\"},\"wordCount\":1479,\"commentCount\":0,\"image\":{\"@id\":\"https:\\\/\\\/kibrisdakik.com\\\/?p=14949#primaryimage\"},\"thumbnailUrl\":\"https:\\\/\\\/kibrisdakik.com\\\/wp-content\\\/uploads\\\/2023\\\/10\\\/5ee17e51-0692-4ad3-a8d2-2b3367185808-740x420.jpg\",\"articleSection\":[\"G\u00fcndem\"],\"inLanguage\":\"tr\",\"potentialAction\":[{\"@type\":\"CommentAction\",\"name\":\"Comment\",\"target\":[\"https:\\\/\\\/kibrisdakik.com\\\/?p=14949#respond\"]}]},{\"@type\":\"WebPage\",\"@id\":\"https:\\\/\\\/kibrisdakik.com\\\/?p=14949\",\"url\":\"https:\\\/\\\/kibrisdakik.com\\\/?p=14949\",\"name\":\"Cumhurba\u015fkan\u0131 Tatar, halka \u00e7a\u011fr\u0131da bulundu; \u201cBirlik ve beraberli\u011fimizi koruyal\u0131m\u201d -\",\"isPartOf\":{\"@id\":\"https:\\\/\\\/kibrisdakik.com\\\/#website\"},\"primaryImageOfPage\":{\"@id\":\"https:\\\/\\\/kibrisdakik.com\\\/?p=14949#primaryimage\"},\"image\":{\"@id\":\"https:\\\/\\\/kibrisdakik.com\\\/?p=14949#primaryimage\"},\"thumbnailUrl\":\"https:\\\/\\\/kibrisdakik.com\\\/wp-content\\\/uploads\\\/2023\\\/10\\\/5ee17e51-0692-4ad3-a8d2-2b3367185808-740x420.jpg\",\"datePublished\":\"2023-10-03T10:51:34+00:00\",\"author\":{\"@id\":\"https:\\\/\\\/kibrisdakik.com\\\/#\\\/schema\\\/person\\\/9cd9d437bbb44f72b73ba127e06d8e79\"},\"breadcrumb\":{\"@id\":\"https:\\\/\\\/kibrisdakik.com\\\/?p=14949#breadcrumb\"},\"inLanguage\":\"tr\",\"potentialAction\":[{\"@type\":\"ReadAction\",\"target\":[\"https:\\\/\\\/kibrisdakik.com\\\/?p=14949\"]}]},{\"@type\":\"ImageObject\",\"inLanguage\":\"tr\",\"@id\":\"https:\\\/\\\/kibrisdakik.com\\\/?p=14949#primaryimage\",\"url\":\"https:\\\/\\\/kibrisdakik.com\\\/wp-content\\\/uploads\\\/2023\\\/10\\\/5ee17e51-0692-4ad3-a8d2-2b3367185808-740x420.jpg\",\"contentUrl\":\"https:\\\/\\\/kibrisdakik.com\\\/wp-content\\\/uploads\\\/2023\\\/10\\\/5ee17e51-0692-4ad3-a8d2-2b3367185808-740x420.jpg\",\"width\":1376,\"height\":734},{\"@type\":\"BreadcrumbList\",\"@id\":\"https:\\\/\\\/kibrisdakik.com\\\/?p=14949#breadcrumb\",\"itemListElement\":[{\"@type\":\"ListItem\",\"position\":1,\"name\":\"Home\",\"item\":\"https:\\\/\\\/kibrisdakik.com\\\/\"},{\"@type\":\"ListItem\",\"position\":2,\"name\":\"Cumhurba\u015fkan\u0131 Tatar, halka \u00e7a\u011fr\u0131da bulundu; \u201cBirlik ve beraberli\u011fimizi koruyal\u0131m\u201d\"}]},{\"@type\":\"WebSite\",\"@id\":\"https:\\\/\\\/kibrisdakik.com\\\/#website\",\"url\":\"https:\\\/\\\/kibrisdakik.com\\\/\",\"name\":\"\",\"description\":\"Tam vaktinde haber\",\"potentialAction\":[{\"@type\":\"SearchAction\",\"target\":{\"@type\":\"EntryPoint\",\"urlTemplate\":\"https:\\\/\\\/kibrisdakik.com\\\/?s={search_term_string}\"},\"query-input\":{\"@type\":\"PropertyValueSpecification\",\"valueRequired\":true,\"valueName\":\"search_term_string\"}}],\"inLanguage\":\"tr\"},{\"@type\":\"Person\",\"@id\":\"https:\\\/\\\/kibrisdakik.com\\\/#\\\/schema\\\/person\\\/9cd9d437bbb44f72b73ba127e06d8e79\",\"name\":\"admin\",\"image\":{\"@type\":\"ImageObject\",\"inLanguage\":\"tr\",\"@id\":\"https:\\\/\\\/secure.gravatar.com\\\/avatar\\\/ccc17943b9d660506c869530f897617f7cb1c21a4bf30023f252596d83e1f007?s=96&d=mm&r=g\",\"url\":\"https:\\\/\\\/secure.gravatar.com\\\/avatar\\\/ccc17943b9d660506c869530f897617f7cb1c21a4bf30023f252596d83e1f007?s=96&d=mm&r=g\",\"contentUrl\":\"https:\\\/\\\/secure.gravatar.com\\\/avatar\\\/ccc17943b9d660506c869530f897617f7cb1c21a4bf30023f252596d83e1f007?s=96&d=mm&r=g\",\"caption\":\"admin\"},\"sameAs\":[\"https:\\\/\\\/kibrisdakik.com\"],\"url\":\"https:\\\/\\\/kibrisdakik.com\\\/?author=1\"}]}<\/script>\n<!-- \/ Yoast SEO plugin. -->","yoast_head_json":{"title":"Cumhurba\u015fkan\u0131 Tatar, halka \u00e7a\u011fr\u0131da bulundu; \u201cBirlik ve beraberli\u011fimizi koruyal\u0131m\u201d -","robots":{"index":"index","follow":"follow","max-snippet":"max-snippet:-1","max-image-preview":"max-image-preview:large","max-video-preview":"max-video-preview:-1"},"canonical":"https:\/\/kibrisdakik.com\/?p=14949","og_locale":"tr_TR","og_type":"article","og_title":"Cumhurba\u015fkan\u0131 Tatar, halka \u00e7a\u011fr\u0131da bulundu; \u201cBirlik ve beraberli\u011fimizi koruyal\u0131m\u201d -","og_description":"Cumhurba\u015fkanl\u0131\u011f\u0131 b\u00fcnyesinde olu\u015fturulan Halk Konseyi\u2019nin bilgilendirme ve isti\u015fare toplant\u0131s\u0131 Cumhurba\u015fkan\u0131 Ersin Tatar\u2019\u0131n ba\u015fkanl\u0131\u011f\u0131nda d\u00fcn ger\u00e7ekle\u015fti. Cumhurba\u015fkan\u0131 Tatar, bilgilendirme toplant\u0131s\u0131nda New York temaslar\u0131, BM Genel Sekreteri Antonio Guterres ile g\u00f6r\u00fc\u015fmesi ve K\u0131br\u0131s konusuyla ilgili son geli\u015fmeler hakk\u0131nda bilgi verirken, toplant\u0131ya kat\u0131lan muharip dernekler Cumhurba\u015fkan\u0131 Tatar\u2019a tam destek belirtti. D\u00fcnk\u00fc toplant\u0131ya muharip dernekler kat\u0131l\u0131rken, \u00f6n\u00fcm\u00fczdeki g\u00fcnlerde Halk","og_url":"https:\/\/kibrisdakik.com\/?p=14949","article_published_time":"2023-10-03T10:51:34+00:00","og_image":[{"width":1376,"height":734,"url":"https:\/\/kibrisdakik.com\/wp-content\/uploads\/2023\/10\/5ee17e51-0692-4ad3-a8d2-2b3367185808-740x420.jpg","type":"image\/jpeg"}],"author":"admin","twitter_card":"summary_large_image","twitter_misc":{"Yazan:":"admin","Tahmini okuma s\u00fcresi":"7 dakika"},"schema":{"@context":"https:\/\/schema.org","@graph":[{"@type":"Article","@id":"https:\/\/kibrisdakik.com\/?p=14949#article","isPartOf":{"@id":"https:\/\/kibrisdakik.com\/?p=14949"},"author":{"name":"admin","@id":"https:\/\/kibrisdakik.com\/#\/schema\/person\/9cd9d437bbb44f72b73ba127e06d8e79"},"headline":"Cumhurba\u015fkan\u0131 Tatar, halka \u00e7a\u011fr\u0131da bulundu; \u201cBirlik ve beraberli\u011fimizi koruyal\u0131m\u201d","datePublished":"2023-10-03T10:51:34+00:00","mainEntityOfPage":{"@id":"https:\/\/kibrisdakik.com\/?p=14949"},"wordCount":1479,"commentCount":0,"image":{"@id":"https:\/\/kibrisdakik.com\/?p=14949#primaryimage"},"thumbnailUrl":"https:\/\/kibrisdakik.com\/wp-content\/uploads\/2023\/10\/5ee17e51-0692-4ad3-a8d2-2b3367185808-740x420.jpg","articleSection":["G\u00fcndem"],"inLanguage":"tr","potentialAction":[{"@type":"CommentAction","name":"Comment","target":["https:\/\/kibrisdakik.com\/?p=14949#respond"]}]},{"@type":"WebPage","@id":"https:\/\/kibrisdakik.com\/?p=14949","url":"https:\/\/kibrisdakik.com\/?p=14949","name":"Cumhurba\u015fkan\u0131 Tatar, halka \u00e7a\u011fr\u0131da bulundu; \u201cBirlik ve beraberli\u011fimizi koruyal\u0131m\u201d -","isPartOf":{"@id":"https:\/\/kibrisdakik.com\/#website"},"primaryImageOfPage":{"@id":"https:\/\/kibrisdakik.com\/?p=14949#primaryimage"},"image":{"@id":"https:\/\/kibrisdakik.com\/?p=14949#primaryimage"},"thumbnailUrl":"https:\/\/kibrisdakik.com\/wp-content\/uploads\/2023\/10\/5ee17e51-0692-4ad3-a8d2-2b3367185808-740x420.jpg","datePublished":"2023-10-03T10:51:34+00:00","author":{"@id":"https:\/\/kibrisdakik.com\/#\/schema\/person\/9cd9d437bbb44f72b73ba127e06d8e79"},"breadcrumb":{"@id":"https:\/\/kibrisdakik.com\/?p=14949#breadcrumb"},"inLanguage":"tr","potentialAction":[{"@type":"ReadAction","target":["https:\/\/kibrisdakik.com\/?p=14949"]}]},{"@type":"ImageObject","inLanguage":"tr","@id":"https:\/\/kibrisdakik.com\/?p=14949#primaryimage","url":"https:\/\/kibrisdakik.com\/wp-content\/uploads\/2023\/10\/5ee17e51-0692-4ad3-a8d2-2b3367185808-740x420.jpg","contentUrl":"https:\/\/kibrisdakik.com\/wp-content\/uploads\/2023\/10\/5ee17e51-0692-4ad3-a8d2-2b3367185808-740x420.jpg","width":1376,"height":734},{"@type":"BreadcrumbList","@id":"https:\/\/kibrisdakik.com\/?p=14949#breadcrumb","itemListElement":[{"@type":"ListItem","position":1,"name":"Home","item":"https:\/\/kibrisdakik.com\/"},{"@type":"ListItem","position":2,"name":"Cumhurba\u015fkan\u0131 Tatar, halka \u00e7a\u011fr\u0131da bulundu; \u201cBirlik ve beraberli\u011fimizi koruyal\u0131m\u201d"}]},{"@type":"WebSite","@id":"https:\/\/kibrisdakik.com\/#website","url":"https:\/\/kibrisdakik.com\/","name":"","description":"Tam vaktinde haber","potentialAction":[{"@type":"SearchAction","target":{"@type":"EntryPoint","urlTemplate":"https:\/\/kibrisdakik.com\/?s={search_term_string}"},"query-input":{"@type":"PropertyValueSpecification","valueRequired":true,"valueName":"search_term_string"}}],"inLanguage":"tr"},{"@type":"Person","@id":"https:\/\/kibrisdakik.com\/#\/schema\/person\/9cd9d437bbb44f72b73ba127e06d8e79","name":"admin","image":{"@type":"ImageObject","inLanguage":"tr","@id":"https:\/\/secure.gravatar.com\/avatar\/ccc17943b9d660506c869530f897617f7cb1c21a4bf30023f252596d83e1f007?s=96&d=mm&r=g","url":"https:\/\/secure.gravatar.com\/avatar\/ccc17943b9d660506c869530f897617f7cb1c21a4bf30023f252596d83e1f007?s=96&d=mm&r=g","contentUrl":"https:\/\/secure.gravatar.com\/avatar\/ccc17943b9d660506c869530f897617f7cb1c21a4bf30023f252596d83e1f007?s=96&d=mm&r=g","caption":"admin"},"sameAs":["https:\/\/kibrisdakik.com"],"url":"https:\/\/kibrisdakik.com\/?author=1"}]}},"_links":{"self":[{"href":"https:\/\/kibrisdakik.com\/index.php?rest_route=\/wp\/v2\/posts\/14949","targetHints":{"allow":["GET"]}}],"collection":[{"href":"https:\/\/kibrisdakik.com\/index.php?rest_route=\/wp\/v2\/posts"}],"about":[{"href":"https:\/\/kibrisdakik.com\/index.php?rest_route=\/wp\/v2\/types\/post"}],"author":[{"embeddable":true,"href":"https:\/\/kibrisdakik.com\/index.php?rest_route=\/wp\/v2\/users\/1"}],"replies":[{"embeddable":true,"href":"https:\/\/kibrisdakik.com\/index.php?rest_route=%2Fwp%2Fv2%2Fcomments&post=14949"}],"version-history":[{"count":0,"href":"https:\/\/kibrisdakik.com\/index.php?rest_route=\/wp\/v2\/posts\/14949\/revisions"}],"wp:featuredmedia":[{"embeddable":true,"href":"https:\/\/kibrisdakik.com\/index.php?rest_route=\/wp\/v2\/media\/14950"}],"wp:attachment":[{"href":"https:\/\/kibrisdakik.com\/index.php?rest_route=%2Fwp%2Fv2%2Fmedia&parent=14949"}],"wp:term":[{"taxonomy":"category","embeddable":true,"href":"https:\/\/kibrisdakik.com\/index.php?rest_route=%2Fwp%2Fv2%2Fcategories&post=14949"},{"taxonomy":"post_tag","embeddable":true,"href":"https:\/\/kibrisdakik.com\/index.php?rest_route=%2Fwp%2Fv2%2Ftags&post=14949"}],"curies":[{"name":"wp","href":"https:\/\/api.w.org\/{rel}","templated":true}]}}