{"id":14989,"date":"2023-10-03T19:06:16","date_gmt":"2023-10-03T19:06:16","guid":{"rendered":"https:\/\/kibrisdakik.com\/index.php\/2023\/10\/03\/cumhurbaskani-tatar-guvenlik-kuvvetleri-komutani-tumgeneral-aytaci-kabul-etti\/"},"modified":"2023-10-03T19:06:16","modified_gmt":"2023-10-03T19:06:16","slug":"cumhurbaskani-tatar-guvenlik-kuvvetleri-komutani-tumgeneral-aytaci-kabul-etti","status":"publish","type":"post","link":"https:\/\/kibrisdakik.com\/?p=14989","title":{"rendered":"Cumhurba\u015fkan\u0131 Tatar, G\u00fcvenlik Kuvvetleri Komutan\u0131 T\u00fcmgeneral Ayta\u00e7\u2019\u0131 kabul etti"},"content":{"rendered":"<p><\/p>\n<div>\n<div class=\"mariselle-image-container center\">\n                <img width=\"1600\" height=\"858\" class=\"lazy-image\" alt=\"\" decoding=\"async\" loading=\"lazy\" sizes=\"auto, (max-width: 1600px) 100vw, 1600px\" src=\"https:\/\/brtk.net\/wp-content\/uploads\/2023\/10\/03\/f9e42330-2fc5-46c3-b809-27cb43298631.jpg?ver=8fcac993f8a3bbccdcb0722a0cab2719\" srcset=\"https:\/\/brtk.net\/wp-content\/uploads\/2023\/10\/03\/f9e42330-2fc5-46c3-b809-27cb43298631.jpg?ver=8fcac993f8a3bbccdcb0722a0cab2719 1600w, https:\/\/brtk.net\/wp-content\/uploads\/2023\/10\/03\/f9e42330-2fc5-46c3-b809-27cb43298631-300x161.jpg?ver=8fd10bea612c21c13ae4aab6a5376a13 300w, https:\/\/brtk.net\/wp-content\/uploads\/2023\/10\/03\/f9e42330-2fc5-46c3-b809-27cb43298631-1024x549.jpg?ver=8fd10bea612c21c13ae4aab6a5376a13 1024w, https:\/\/brtk.net\/wp-content\/uploads\/2023\/10\/03\/f9e42330-2fc5-46c3-b809-27cb43298631-768x412.jpg?ver=8fd10bea612c21c13ae4aab6a5376a13 768w, https:\/\/brtk.net\/wp-content\/uploads\/2023\/10\/03\/f9e42330-2fc5-46c3-b809-27cb43298631-1536x824.jpg?ver=7f747399fd9cd2d734bc368f8d504c3e 1536w\"\/>                            <\/div>\n<p>Cumhurba\u015fkan\u0131 <a href=\"https:\/\/brtk.net\/\" target=\"_blank\" rel=\"noopener\"><a href=\"https:\/\/brtk.net\/\" target=\"_blank\" rel=\"noopener\">Ersin <\/a><a href=\"https:\/\/brtk.net\/\"\/><a href=\"https:\/\/brtk.net\/\"\/><a href=\"https:\/\/brtk.net\/\">Tatar<\/a>, G\u00fcvenlik Kuvvetleri Komutanl\u0131\u011f\u0131 g\u00f6revine atanan T\u00fcmgeneral Osman Ayta\u00e7\u2019\u0131 kabul etti<\/p>\n<p>Cumhurba\u015fkan\u0131 <a href=\"https:\/\/brtk.net\/\" target=\"_blank\" rel=\"noopener\"><a href=\"https:\/\/brtk.net\/\" target=\"_blank\" rel=\"noopener\">Ersin <\/a><a href=\"https:\/\/brtk.net\/\"\/><a href=\"https:\/\/brtk.net\/\"\/><a href=\"https:\/\/brtk.net\/\">Tatar<\/a>, kabulde yapt\u0131\u011f\u0131 konu\u015fmada, adada bar\u0131\u015f\u0131n teminat\u0131 olan ve K\u0131br\u0131s T\u00fcrklerinin huzur ve g\u00fcvenli\u011fini sa\u011flamak i\u00e7in g\u00fcn\u00fcm\u00fcz teknolojisi ve imkanlar\u0131yla donat\u0131lm\u0131\u015f g\u00f6revleri yerine getirme kabiliyetine sahip G\u00fcvenlik Kuvvetleri Komutanl\u0131\u011f\u0131 ile K\u0131br\u0131s T\u00fcrk Bar\u0131\u015f Kuvvetleri\u2019nin varl\u0131\u011f\u0131n\u0131n \u00f6nemine dikkat \u00e7ekti.<\/p>\n<p>Cumhurba\u015fkan\u0131 <a href=\"https:\/\/brtk.net\/\"\/><a href=\"https:\/\/brtk.net\/\"\/><a href=\"https:\/\/brtk.net\/\">Tatar<\/a>, Do\u011fu Akdeniz\u2019deki bar\u0131\u015f, istikrar ve g\u00fcvenli\u011fin sa\u011flanmas\u0131 i\u00e7in y\u00fcr\u00fct\u00fclen \u00e7al\u0131\u015fmalar\u0131n \u00f6nemine i\u015faret ederek, K\u0131br\u0131s T\u00fcrk halk\u0131 ad\u0131na K\u0131br\u0131s T\u00fcrk Bar\u0131\u015f Kuvvetleri ve G\u00fcvenlik Kuvvetleri Komutanl\u0131\u011f\u0131\u2019na te\u015fekk\u00fcr etti.<\/p>\n<p>Cumhurba\u015fkan\u0131 <a href=\"https:\/\/brtk.net\/\"\/><a href=\"https:\/\/brtk.net\/\"\/><a href=\"https:\/\/brtk.net\/\">Tatar<\/a>, G\u00fcvenlik Kuvvetleri Komutan\u0131 T\u00fcmgeneral Osman Ayta\u00e7\u2019a g\u00f6revinde ba\u015far\u0131lar diledi.<\/p>\n<\/p><\/div>\n<p><script async\n                    defer\n                    crossorigin=\"anonymous\"\n                    src=\"https:\/\/connect.facebook.net\/tr_TR\/sdk.js#xfbml=1&#038;version=v3.3\"\n            ><\/script><\/p>\n","protected":false},"excerpt":{"rendered":"<p>Cumhurba\u015fkan\u0131 Ersin Tatar, G\u00fcvenlik Kuvvetleri Komutanl\u0131\u011f\u0131 g\u00f6revine atanan T\u00fcmgeneral Osman Ayta\u00e7\u2019\u0131 kabul etti Cumhurba\u015fkan\u0131 Ersin Tatar, kabulde yapt\u0131\u011f\u0131 konu\u015fmada, adada bar\u0131\u015f\u0131n teminat\u0131 olan ve K\u0131br\u0131s T\u00fcrklerinin huzur ve g\u00fcvenli\u011fini sa\u011flamak i\u00e7in g\u00fcn\u00fcm\u00fcz teknolojisi ve imkanlar\u0131yla donat\u0131lm\u0131\u015f g\u00f6revleri yerine getirme kabiliyetine sahip G\u00fcvenlik Kuvvetleri Komutanl\u0131\u011f\u0131 ile K\u0131br\u0131s T\u00fcrk Bar\u0131\u015f Kuvvetleri\u2019nin varl\u0131\u011f\u0131n\u0131n \u00f6nemine dikkat \u00e7ekti. Cumhurba\u015fkan\u0131 Tatar,<\/p>\n","protected":false},"author":1,"featured_media":14990,"comment_status":"open","ping_status":"open","sticky":false,"template":"","format":"standard","meta":{"footnotes":""},"categories":[1],"tags":[],"class_list":["post-14989","post","type-post","status-publish","format-standard","has-post-thumbnail","hentry","category-gundem"],"yoast_head":"<!-- This site is optimized with the Yoast SEO plugin v28.4 - https:\/\/yoast.com\/product\/yoast-seo-wordpress\/ -->\n<title>Cumhurba\u015fkan\u0131 Tatar, G\u00fcvenlik Kuvvetleri Komutan\u0131 T\u00fcmgeneral Ayta\u00e7\u2019\u0131 kabul etti -<\/title>\n<meta name=\"robots\" content=\"index, follow, max-snippet:-1, max-image-preview:large, max-video-preview:-1\" \/>\n<link rel=\"canonical\" href=\"https:\/\/kibrisdakik.com\/?p=14989\" \/>\n<meta property=\"og:locale\" content=\"tr_TR\" \/>\n<meta property=\"og:type\" content=\"article\" \/>\n<meta property=\"og:title\" content=\"Cumhurba\u015fkan\u0131 Tatar, G\u00fcvenlik Kuvvetleri Komutan\u0131 T\u00fcmgeneral Ayta\u00e7\u2019\u0131 kabul etti -\" \/>\n<meta property=\"og:description\" content=\"Cumhurba\u015fkan\u0131 Ersin Tatar, G\u00fcvenlik Kuvvetleri Komutanl\u0131\u011f\u0131 g\u00f6revine atanan T\u00fcmgeneral Osman Ayta\u00e7\u2019\u0131 kabul etti Cumhurba\u015fkan\u0131 Ersin Tatar, kabulde yapt\u0131\u011f\u0131 konu\u015fmada, adada bar\u0131\u015f\u0131n teminat\u0131 olan ve K\u0131br\u0131s T\u00fcrklerinin huzur ve g\u00fcvenli\u011fini sa\u011flamak i\u00e7in g\u00fcn\u00fcm\u00fcz teknolojisi ve imkanlar\u0131yla donat\u0131lm\u0131\u015f g\u00f6revleri yerine getirme kabiliyetine sahip G\u00fcvenlik Kuvvetleri Komutanl\u0131\u011f\u0131 ile K\u0131br\u0131s T\u00fcrk Bar\u0131\u015f Kuvvetleri\u2019nin varl\u0131\u011f\u0131n\u0131n \u00f6nemine dikkat \u00e7ekti. Cumhurba\u015fkan\u0131 Tatar,\" \/>\n<meta property=\"og:url\" content=\"https:\/\/kibrisdakik.com\/?p=14989\" \/>\n<meta property=\"article:published_time\" content=\"2023-10-03T19:06:16+00:00\" \/>\n<meta property=\"og:image\" content=\"https:\/\/kibrisdakik.com\/wp-content\/uploads\/2023\/10\/f9e42330-2fc5-46c3-b809-27cb43298631-740x420.jpg\" \/>\n\t<meta property=\"og:image:width\" content=\"1600\" \/>\n\t<meta property=\"og:image:height\" content=\"858\" \/>\n\t<meta property=\"og:image:type\" content=\"image\/jpeg\" \/>\n<meta name=\"author\" content=\"admin\" \/>\n<meta name=\"twitter:card\" content=\"summary_large_image\" \/>\n<meta name=\"twitter:label1\" content=\"Yazan:\" \/>\n\t<meta name=\"twitter:data1\" content=\"admin\" \/>\n\t<meta name=\"twitter:label2\" content=\"Tahmini okuma s\u00fcresi\" \/>\n\t<meta name=\"twitter:data2\" content=\"1 dakika\" \/>\n<script type=\"application\/ld+json\" class=\"yoast-schema-graph\">{\"@context\":\"https:\\\/\\\/schema.org\",\"@graph\":[{\"@type\":\"Article\",\"@id\":\"https:\\\/\\\/kibrisdakik.com\\\/?p=14989#article\",\"isPartOf\":{\"@id\":\"https:\\\/\\\/kibrisdakik.com\\\/?p=14989\"},\"author\":{\"name\":\"admin\",\"@id\":\"https:\\\/\\\/kibrisdakik.com\\\/#\\\/schema\\\/person\\\/9cd9d437bbb44f72b73ba127e06d8e79\"},\"headline\":\"Cumhurba\u015fkan\u0131 Tatar, G\u00fcvenlik Kuvvetleri Komutan\u0131 T\u00fcmgeneral Ayta\u00e7\u2019\u0131 kabul etti\",\"datePublished\":\"2023-10-03T19:06:16+00:00\",\"mainEntityOfPage\":{\"@id\":\"https:\\\/\\\/kibrisdakik.com\\\/?p=14989\"},\"wordCount\":163,\"commentCount\":0,\"publisher\":{\"@id\":\"https:\\\/\\\/kibrisdakik.com\\\/#organization\"},\"image\":{\"@id\":\"https:\\\/\\\/kibrisdakik.com\\\/?p=14989#primaryimage\"},\"thumbnailUrl\":\"https:\\\/\\\/kibrisdakik.com\\\/wp-content\\\/uploads\\\/2023\\\/10\\\/f9e42330-2fc5-46c3-b809-27cb43298631-740x420.jpg\",\"articleSection\":[\"G\u00fcndem\"],\"inLanguage\":\"tr\",\"potentialAction\":[{\"@type\":\"CommentAction\",\"name\":\"Comment\",\"target\":[\"https:\\\/\\\/kibrisdakik.com\\\/?p=14989#respond\"]}]},{\"@type\":\"WebPage\",\"@id\":\"https:\\\/\\\/kibrisdakik.com\\\/?p=14989\",\"url\":\"https:\\\/\\\/kibrisdakik.com\\\/?p=14989\",\"name\":\"Cumhurba\u015fkan\u0131 Tatar, G\u00fcvenlik Kuvvetleri Komutan\u0131 T\u00fcmgeneral Ayta\u00e7\u2019\u0131 kabul etti -\",\"isPartOf\":{\"@id\":\"https:\\\/\\\/kibrisdakik.com\\\/#website\"},\"primaryImageOfPage\":{\"@id\":\"https:\\\/\\\/kibrisdakik.com\\\/?p=14989#primaryimage\"},\"image\":{\"@id\":\"https:\\\/\\\/kibrisdakik.com\\\/?p=14989#primaryimage\"},\"thumbnailUrl\":\"https:\\\/\\\/kibrisdakik.com\\\/wp-content\\\/uploads\\\/2023\\\/10\\\/f9e42330-2fc5-46c3-b809-27cb43298631-740x420.jpg\",\"datePublished\":\"2023-10-03T19:06:16+00:00\",\"breadcrumb\":{\"@id\":\"https:\\\/\\\/kibrisdakik.com\\\/?p=14989#breadcrumb\"},\"inLanguage\":\"tr\",\"potentialAction\":[{\"@type\":\"ReadAction\",\"target\":[\"https:\\\/\\\/kibrisdakik.com\\\/?p=14989\"]}]},{\"@type\":\"ImageObject\",\"inLanguage\":\"tr\",\"@id\":\"https:\\\/\\\/kibrisdakik.com\\\/?p=14989#primaryimage\",\"url\":\"https:\\\/\\\/kibrisdakik.com\\\/wp-content\\\/uploads\\\/2023\\\/10\\\/f9e42330-2fc5-46c3-b809-27cb43298631-740x420.jpg\",\"contentUrl\":\"https:\\\/\\\/kibrisdakik.com\\\/wp-content\\\/uploads\\\/2023\\\/10\\\/f9e42330-2fc5-46c3-b809-27cb43298631-740x420.jpg\",\"width\":1600,\"height\":858},{\"@type\":\"BreadcrumbList\",\"@id\":\"https:\\\/\\\/kibrisdakik.com\\\/?p=14989#breadcrumb\",\"itemListElement\":[{\"@type\":\"ListItem\",\"position\":1,\"name\":\"Home\",\"item\":\"https:\\\/\\\/kibrisdakik.com\\\/\"},{\"@type\":\"ListItem\",\"position\":2,\"name\":\"Cumhurba\u015fkan\u0131 Tatar, G\u00fcvenlik Kuvvetleri Komutan\u0131 T\u00fcmgeneral Ayta\u00e7\u2019\u0131 kabul etti\"}]},{\"@type\":\"WebSite\",\"@id\":\"https:\\\/\\\/kibrisdakik.com\\\/#website\",\"url\":\"https:\\\/\\\/kibrisdakik.com\\\/\",\"name\":\"K\u0131br\u0131s Dakik\",\"description\":\"Tam vaktinde haber\",\"publisher\":{\"@id\":\"https:\\\/\\\/kibrisdakik.com\\\/#organization\"},\"potentialAction\":[{\"@type\":\"SearchAction\",\"target\":{\"@type\":\"EntryPoint\",\"urlTemplate\":\"https:\\\/\\\/kibrisdakik.com\\\/?s={search_term_string}\"},\"query-input\":{\"@type\":\"PropertyValueSpecification\",\"valueRequired\":true,\"valueName\":\"search_term_string\"}}],\"inLanguage\":\"tr\"},{\"@type\":\"Organization\",\"@id\":\"https:\\\/\\\/kibrisdakik.com\\\/#organization\",\"name\":\"K\u0131br\u0131s Dakik\",\"url\":\"https:\\\/\\\/kibrisdakik.com\\\/\",\"logo\":{\"@type\":\"ImageObject\",\"inLanguage\":\"tr\",\"@id\":\"https:\\\/\\\/kibrisdakik.com\\\/#\\\/schema\\\/logo\\\/image\\\/\",\"url\":\"https:\\\/\\\/kibrisdakik.com\\\/wp-content\\\/uploads\\\/2025\\\/10\\\/cropped-WhatsApp-Image-2025-10-02-at-12.58.31.jpeg\",\"contentUrl\":\"https:\\\/\\\/kibrisdakik.com\\\/wp-content\\\/uploads\\\/2025\\\/10\\\/cropped-WhatsApp-Image-2025-10-02-at-12.58.31.jpeg\",\"width\":1237,\"height\":190,\"caption\":\"K\u0131br\u0131s Dakik\"},\"image\":{\"@id\":\"https:\\\/\\\/kibrisdakik.com\\\/#\\\/schema\\\/logo\\\/image\\\/\"}},{\"@type\":\"Person\",\"@id\":\"https:\\\/\\\/kibrisdakik.com\\\/#\\\/schema\\\/person\\\/9cd9d437bbb44f72b73ba127e06d8e79\",\"name\":\"admin\",\"image\":{\"@type\":\"ImageObject\",\"inLanguage\":\"tr\",\"@id\":\"https:\\\/\\\/secure.gravatar.com\\\/avatar\\\/ccc17943b9d660506c869530f897617f7cb1c21a4bf30023f252596d83e1f007?s=96&d=mm&r=g\",\"url\":\"https:\\\/\\\/secure.gravatar.com\\\/avatar\\\/ccc17943b9d660506c869530f897617f7cb1c21a4bf30023f252596d83e1f007?s=96&d=mm&r=g\",\"contentUrl\":\"https:\\\/\\\/secure.gravatar.com\\\/avatar\\\/ccc17943b9d660506c869530f897617f7cb1c21a4bf30023f252596d83e1f007?s=96&d=mm&r=g\",\"caption\":\"admin\"},\"sameAs\":[\"https:\\\/\\\/kibrisdakik.com\"],\"url\":\"https:\\\/\\\/kibrisdakik.com\\\/?author=1\"}]}<\/script>\n<!-- \/ Yoast SEO plugin. -->","yoast_head_json":{"title":"Cumhurba\u015fkan\u0131 Tatar, G\u00fcvenlik Kuvvetleri Komutan\u0131 T\u00fcmgeneral Ayta\u00e7\u2019\u0131 kabul etti -","robots":{"index":"index","follow":"follow","max-snippet":"max-snippet:-1","max-image-preview":"max-image-preview:large","max-video-preview":"max-video-preview:-1"},"canonical":"https:\/\/kibrisdakik.com\/?p=14989","og_locale":"tr_TR","og_type":"article","og_title":"Cumhurba\u015fkan\u0131 Tatar, G\u00fcvenlik Kuvvetleri Komutan\u0131 T\u00fcmgeneral Ayta\u00e7\u2019\u0131 kabul etti -","og_description":"Cumhurba\u015fkan\u0131 Ersin Tatar, G\u00fcvenlik Kuvvetleri Komutanl\u0131\u011f\u0131 g\u00f6revine atanan T\u00fcmgeneral Osman Ayta\u00e7\u2019\u0131 kabul etti Cumhurba\u015fkan\u0131 Ersin Tatar, kabulde yapt\u0131\u011f\u0131 konu\u015fmada, adada bar\u0131\u015f\u0131n teminat\u0131 olan ve K\u0131br\u0131s T\u00fcrklerinin huzur ve g\u00fcvenli\u011fini sa\u011flamak i\u00e7in g\u00fcn\u00fcm\u00fcz teknolojisi ve imkanlar\u0131yla donat\u0131lm\u0131\u015f g\u00f6revleri yerine getirme kabiliyetine sahip G\u00fcvenlik Kuvvetleri Komutanl\u0131\u011f\u0131 ile K\u0131br\u0131s T\u00fcrk Bar\u0131\u015f Kuvvetleri\u2019nin varl\u0131\u011f\u0131n\u0131n \u00f6nemine dikkat \u00e7ekti. Cumhurba\u015fkan\u0131 Tatar,","og_url":"https:\/\/kibrisdakik.com\/?p=14989","article_published_time":"2023-10-03T19:06:16+00:00","og_image":[{"width":1600,"height":858,"url":"https:\/\/kibrisdakik.com\/wp-content\/uploads\/2023\/10\/f9e42330-2fc5-46c3-b809-27cb43298631-740x420.jpg","type":"image\/jpeg"}],"author":"admin","twitter_card":"summary_large_image","twitter_misc":{"Yazan:":"admin","Tahmini okuma s\u00fcresi":"1 dakika"},"schema":{"@context":"https:\/\/schema.org","@graph":[{"@type":"Article","@id":"https:\/\/kibrisdakik.com\/?p=14989#article","isPartOf":{"@id":"https:\/\/kibrisdakik.com\/?p=14989"},"author":{"name":"admin","@id":"https:\/\/kibrisdakik.com\/#\/schema\/person\/9cd9d437bbb44f72b73ba127e06d8e79"},"headline":"Cumhurba\u015fkan\u0131 Tatar, G\u00fcvenlik Kuvvetleri Komutan\u0131 T\u00fcmgeneral Ayta\u00e7\u2019\u0131 kabul etti","datePublished":"2023-10-03T19:06:16+00:00","mainEntityOfPage":{"@id":"https:\/\/kibrisdakik.com\/?p=14989"},"wordCount":163,"commentCount":0,"publisher":{"@id":"https:\/\/kibrisdakik.com\/#organization"},"image":{"@id":"https:\/\/kibrisdakik.com\/?p=14989#primaryimage"},"thumbnailUrl":"https:\/\/kibrisdakik.com\/wp-content\/uploads\/2023\/10\/f9e42330-2fc5-46c3-b809-27cb43298631-740x420.jpg","articleSection":["G\u00fcndem"],"inLanguage":"tr","potentialAction":[{"@type":"CommentAction","name":"Comment","target":["https:\/\/kibrisdakik.com\/?p=14989#respond"]}]},{"@type":"WebPage","@id":"https:\/\/kibrisdakik.com\/?p=14989","url":"https:\/\/kibrisdakik.com\/?p=14989","name":"Cumhurba\u015fkan\u0131 Tatar, G\u00fcvenlik Kuvvetleri Komutan\u0131 T\u00fcmgeneral Ayta\u00e7\u2019\u0131 kabul etti -","isPartOf":{"@id":"https:\/\/kibrisdakik.com\/#website"},"primaryImageOfPage":{"@id":"https:\/\/kibrisdakik.com\/?p=14989#primaryimage"},"image":{"@id":"https:\/\/kibrisdakik.com\/?p=14989#primaryimage"},"thumbnailUrl":"https:\/\/kibrisdakik.com\/wp-content\/uploads\/2023\/10\/f9e42330-2fc5-46c3-b809-27cb43298631-740x420.jpg","datePublished":"2023-10-03T19:06:16+00:00","breadcrumb":{"@id":"https:\/\/kibrisdakik.com\/?p=14989#breadcrumb"},"inLanguage":"tr","potentialAction":[{"@type":"ReadAction","target":["https:\/\/kibrisdakik.com\/?p=14989"]}]},{"@type":"ImageObject","inLanguage":"tr","@id":"https:\/\/kibrisdakik.com\/?p=14989#primaryimage","url":"https:\/\/kibrisdakik.com\/wp-content\/uploads\/2023\/10\/f9e42330-2fc5-46c3-b809-27cb43298631-740x420.jpg","contentUrl":"https:\/\/kibrisdakik.com\/wp-content\/uploads\/2023\/10\/f9e42330-2fc5-46c3-b809-27cb43298631-740x420.jpg","width":1600,"height":858},{"@type":"BreadcrumbList","@id":"https:\/\/kibrisdakik.com\/?p=14989#breadcrumb","itemListElement":[{"@type":"ListItem","position":1,"name":"Home","item":"https:\/\/kibrisdakik.com\/"},{"@type":"ListItem","position":2,"name":"Cumhurba\u015fkan\u0131 Tatar, G\u00fcvenlik Kuvvetleri Komutan\u0131 T\u00fcmgeneral Ayta\u00e7\u2019\u0131 kabul etti"}]},{"@type":"WebSite","@id":"https:\/\/kibrisdakik.com\/#website","url":"https:\/\/kibrisdakik.com\/","name":"K\u0131br\u0131s Dakik","description":"Tam vaktinde haber","publisher":{"@id":"https:\/\/kibrisdakik.com\/#organization"},"potentialAction":[{"@type":"SearchAction","target":{"@type":"EntryPoint","urlTemplate":"https:\/\/kibrisdakik.com\/?s={search_term_string}"},"query-input":{"@type":"PropertyValueSpecification","valueRequired":true,"valueName":"search_term_string"}}],"inLanguage":"tr"},{"@type":"Organization","@id":"https:\/\/kibrisdakik.com\/#organization","name":"K\u0131br\u0131s Dakik","url":"https:\/\/kibrisdakik.com\/","logo":{"@type":"ImageObject","inLanguage":"tr","@id":"https:\/\/kibrisdakik.com\/#\/schema\/logo\/image\/","url":"https:\/\/kibrisdakik.com\/wp-content\/uploads\/2025\/10\/cropped-WhatsApp-Image-2025-10-02-at-12.58.31.jpeg","contentUrl":"https:\/\/kibrisdakik.com\/wp-content\/uploads\/2025\/10\/cropped-WhatsApp-Image-2025-10-02-at-12.58.31.jpeg","width":1237,"height":190,"caption":"K\u0131br\u0131s Dakik"},"image":{"@id":"https:\/\/kibrisdakik.com\/#\/schema\/logo\/image\/"}},{"@type":"Person","@id":"https:\/\/kibrisdakik.com\/#\/schema\/person\/9cd9d437bbb44f72b73ba127e06d8e79","name":"admin","image":{"@type":"ImageObject","inLanguage":"tr","@id":"https:\/\/secure.gravatar.com\/avatar\/ccc17943b9d660506c869530f897617f7cb1c21a4bf30023f252596d83e1f007?s=96&d=mm&r=g","url":"https:\/\/secure.gravatar.com\/avatar\/ccc17943b9d660506c869530f897617f7cb1c21a4bf30023f252596d83e1f007?s=96&d=mm&r=g","contentUrl":"https:\/\/secure.gravatar.com\/avatar\/ccc17943b9d660506c869530f897617f7cb1c21a4bf30023f252596d83e1f007?s=96&d=mm&r=g","caption":"admin"},"sameAs":["https:\/\/kibrisdakik.com"],"url":"https:\/\/kibrisdakik.com\/?author=1"}]}},"_links":{"self":[{"href":"https:\/\/kibrisdakik.com\/index.php?rest_route=\/wp\/v2\/posts\/14989","targetHints":{"allow":["GET"]}}],"collection":[{"href":"https:\/\/kibrisdakik.com\/index.php?rest_route=\/wp\/v2\/posts"}],"about":[{"href":"https:\/\/kibrisdakik.com\/index.php?rest_route=\/wp\/v2\/types\/post"}],"author":[{"embeddable":true,"href":"https:\/\/kibrisdakik.com\/index.php?rest_route=\/wp\/v2\/users\/1"}],"replies":[{"embeddable":true,"href":"https:\/\/kibrisdakik.com\/index.php?rest_route=%2Fwp%2Fv2%2Fcomments&post=14989"}],"version-history":[{"count":0,"href":"https:\/\/kibrisdakik.com\/index.php?rest_route=\/wp\/v2\/posts\/14989\/revisions"}],"wp:featuredmedia":[{"embeddable":true,"href":"https:\/\/kibrisdakik.com\/index.php?rest_route=\/wp\/v2\/media\/14990"}],"wp:attachment":[{"href":"https:\/\/kibrisdakik.com\/index.php?rest_route=%2Fwp%2Fv2%2Fmedia&parent=14989"}],"wp:term":[{"taxonomy":"category","embeddable":true,"href":"https:\/\/kibrisdakik.com\/index.php?rest_route=%2Fwp%2Fv2%2Fcategories&post=14989"},{"taxonomy":"post_tag","embeddable":true,"href":"https:\/\/kibrisdakik.com\/index.php?rest_route=%2Fwp%2Fv2%2Ftags&post=14989"}],"curies":[{"name":"wp","href":"https:\/\/api.w.org\/{rel}","templated":true}]}}