{"id":15043,"date":"2023-10-04T14:44:49","date_gmt":"2023-10-04T14:44:49","guid":{"rendered":"https:\/\/kibrisdakik.com\/index.php\/2023\/10\/04\/turkiye-milli-egitim-bakani-yusuf-tekin-yarin-kktcde-temaslarda-bulunacak\/"},"modified":"2023-10-04T14:44:49","modified_gmt":"2023-10-04T14:44:49","slug":"turkiye-milli-egitim-bakani-yusuf-tekin-yarin-kktcde-temaslarda-bulunacak","status":"publish","type":"post","link":"https:\/\/kibrisdakik.com\/?p=15043","title":{"rendered":"T\u00fcrkiye Milli E\u011fitim Bakan\u0131 Yusuf Tekin, yar\u0131n KKTC\u2019de temaslarda bulunacak"},"content":{"rendered":"<p><\/p>\n<div>\n<div class=\"mariselle-image-container center\">\n                <img width=\"864\" height=\"486\" class=\"lazy-image\" alt=\"\" decoding=\"async\" loading=\"lazy\" sizes=\"auto, (max-width: 864px) 100vw, 864px\" src=\"https:\/\/brtk.net\/wp-content\/uploads\/2023\/10\/04\/yusuf-tekin.jpg?ver=4e14fd5dec30655d4ac342dbfc7a0613\" srcset=\"https:\/\/brtk.net\/wp-content\/uploads\/2023\/10\/04\/yusuf-tekin.jpg?ver=4e14fd5dec30655d4ac342dbfc7a0613 864w, https:\/\/brtk.net\/wp-content\/uploads\/2023\/10\/04\/yusuf-tekin-300x169.jpg?ver=4e14fd5dec30655d4ac342dbfc7a0613 300w, https:\/\/brtk.net\/wp-content\/uploads\/2023\/10\/04\/yusuf-tekin-768x432.jpg?ver=4e14fd5dec30655d4ac342dbfc7a0613 768w\"\/>                            <\/div>\n<p>T\u00fcrkiye Cumhuriyeti Milli E\u011fitim Bakan\u0131 Yusuf Tekin, yar\u0131n Kuzey K\u0131br\u0131s T\u00fcrk Cumhuriyeti\u2019ne (<a href=\"https:\/\/brtk.net\/\">KKTC<\/a>) g\u00fcn\u00fcbirlik bir ziyaret ger\u00e7ekle\u015ftirecek.<\/p>\n<p>Meclis Ba\u015fkan\u0131 Zorlu T\u00f6re ve Ba\u015fbakan \u00dcnal \u00dcstel taraf\u0131ndan kabul edilecek olan T\u00fcrkiye Cumhuriyeti Milli E\u011fitim Bakan\u0131 Yusuf Tekin\u2019i daha sonra Milli E\u011fitim Bakan\u0131 Naz\u0131m \u00c7avu\u015fo\u011flu ile biraraya gelecek.<\/p>\n<p>T\u00fcrkiye Cumhuriyeti Milli E\u011fitim Bakan\u0131 Yusuf Tekin <a href=\"https:\/\/brtk.net\/\">KKTC<\/a>\u2019deki temaslar\u0131 \u00e7er\u00e7evesinde, Hala Sultan \u0130lahiyat Koleji ile T\u00fcrkiye Maarif Vakf\u0131 Temsilcilik Ofisi\/E\u011fitim Merkezi\u2019ni de ziyaret edecek.<\/p>\n<\/p><\/div>\n<p><script async\n                    defer\n                    crossorigin=\"anonymous\"\n                    src=\"https:\/\/connect.facebook.net\/tr_TR\/sdk.js#xfbml=1&#038;version=v3.3\"\n            ><\/script><\/p>\n","protected":false},"excerpt":{"rendered":"<p>T\u00fcrkiye Cumhuriyeti Milli E\u011fitim Bakan\u0131 Yusuf Tekin, yar\u0131n Kuzey K\u0131br\u0131s T\u00fcrk Cumhuriyeti\u2019ne (KKTC) g\u00fcn\u00fcbirlik bir ziyaret ger\u00e7ekle\u015ftirecek. Meclis Ba\u015fkan\u0131 Zorlu T\u00f6re ve Ba\u015fbakan \u00dcnal \u00dcstel taraf\u0131ndan kabul edilecek olan T\u00fcrkiye Cumhuriyeti Milli E\u011fitim Bakan\u0131 Yusuf Tekin\u2019i daha sonra Milli E\u011fitim Bakan\u0131 Naz\u0131m \u00c7avu\u015fo\u011flu ile biraraya gelecek. T\u00fcrkiye Cumhuriyeti Milli E\u011fitim Bakan\u0131 Yusuf Tekin KKTC\u2019deki temaslar\u0131<\/p>\n","protected":false},"author":1,"featured_media":15044,"comment_status":"open","ping_status":"open","sticky":false,"template":"","format":"standard","meta":{"footnotes":""},"categories":[86],"tags":[],"class_list":["post-15043","post","type-post","status-publish","format-standard","has-post-thumbnail","hentry","category-turkiye"],"yoast_head":"<!-- This site is optimized with the Yoast SEO plugin v27.5 - https:\/\/yoast.com\/product\/yoast-seo-wordpress\/ -->\n<title>T\u00fcrkiye Milli E\u011fitim Bakan\u0131 Yusuf Tekin, yar\u0131n KKTC\u2019de temaslarda bulunacak -<\/title>\n<meta name=\"robots\" content=\"index, follow, max-snippet:-1, max-image-preview:large, max-video-preview:-1\" \/>\n<link rel=\"canonical\" href=\"https:\/\/kibrisdakik.com\/?p=15043\" \/>\n<meta property=\"og:locale\" content=\"tr_TR\" \/>\n<meta property=\"og:type\" content=\"article\" \/>\n<meta property=\"og:title\" content=\"T\u00fcrkiye Milli E\u011fitim Bakan\u0131 Yusuf Tekin, yar\u0131n KKTC\u2019de temaslarda bulunacak -\" \/>\n<meta property=\"og:description\" content=\"T\u00fcrkiye Cumhuriyeti Milli E\u011fitim Bakan\u0131 Yusuf Tekin, yar\u0131n Kuzey K\u0131br\u0131s T\u00fcrk Cumhuriyeti\u2019ne (KKTC) g\u00fcn\u00fcbirlik bir ziyaret ger\u00e7ekle\u015ftirecek. Meclis Ba\u015fkan\u0131 Zorlu T\u00f6re ve Ba\u015fbakan \u00dcnal \u00dcstel taraf\u0131ndan kabul edilecek olan T\u00fcrkiye Cumhuriyeti Milli E\u011fitim Bakan\u0131 Yusuf Tekin\u2019i daha sonra Milli E\u011fitim Bakan\u0131 Naz\u0131m \u00c7avu\u015fo\u011flu ile biraraya gelecek. T\u00fcrkiye Cumhuriyeti Milli E\u011fitim Bakan\u0131 Yusuf Tekin KKTC\u2019deki temaslar\u0131\" \/>\n<meta property=\"og:url\" content=\"https:\/\/kibrisdakik.com\/?p=15043\" \/>\n<meta property=\"article:published_time\" content=\"2023-10-04T14:44:49+00:00\" \/>\n<meta property=\"og:image\" content=\"https:\/\/kibrisdakik.com\/wp-content\/uploads\/2023\/10\/yusuf-tekin-740x420.jpg\" \/>\n\t<meta property=\"og:image:width\" content=\"864\" \/>\n\t<meta property=\"og:image:height\" content=\"486\" \/>\n\t<meta property=\"og:image:type\" content=\"image\/jpeg\" \/>\n<meta name=\"author\" content=\"admin\" \/>\n<meta name=\"twitter:card\" content=\"summary_large_image\" \/>\n<meta name=\"twitter:label1\" content=\"Yazan:\" \/>\n\t<meta name=\"twitter:data1\" content=\"admin\" \/>\n\t<meta name=\"twitter:label2\" content=\"Tahmini okuma s\u00fcresi\" \/>\n\t<meta name=\"twitter:data2\" content=\"1 dakika\" \/>\n<script type=\"application\/ld+json\" class=\"yoast-schema-graph\">{\"@context\":\"https:\\\/\\\/schema.org\",\"@graph\":[{\"@type\":\"Article\",\"@id\":\"https:\\\/\\\/kibrisdakik.com\\\/?p=15043#article\",\"isPartOf\":{\"@id\":\"https:\\\/\\\/kibrisdakik.com\\\/?p=15043\"},\"author\":{\"name\":\"admin\",\"@id\":\"https:\\\/\\\/kibrisdakik.com\\\/#\\\/schema\\\/person\\\/9cd9d437bbb44f72b73ba127e06d8e79\"},\"headline\":\"T\u00fcrkiye Milli E\u011fitim Bakan\u0131 Yusuf Tekin, yar\u0131n KKTC\u2019de temaslarda bulunacak\",\"datePublished\":\"2023-10-04T14:44:49+00:00\",\"mainEntityOfPage\":{\"@id\":\"https:\\\/\\\/kibrisdakik.com\\\/?p=15043\"},\"wordCount\":114,\"commentCount\":0,\"image\":{\"@id\":\"https:\\\/\\\/kibrisdakik.com\\\/?p=15043#primaryimage\"},\"thumbnailUrl\":\"https:\\\/\\\/kibrisdakik.com\\\/wp-content\\\/uploads\\\/2023\\\/10\\\/yusuf-tekin-740x420.jpg\",\"articleSection\":[\"T\u00fcrkiye\"],\"inLanguage\":\"tr\",\"potentialAction\":[{\"@type\":\"CommentAction\",\"name\":\"Comment\",\"target\":[\"https:\\\/\\\/kibrisdakik.com\\\/?p=15043#respond\"]}]},{\"@type\":\"WebPage\",\"@id\":\"https:\\\/\\\/kibrisdakik.com\\\/?p=15043\",\"url\":\"https:\\\/\\\/kibrisdakik.com\\\/?p=15043\",\"name\":\"T\u00fcrkiye Milli E\u011fitim Bakan\u0131 Yusuf Tekin, yar\u0131n KKTC\u2019de temaslarda bulunacak -\",\"isPartOf\":{\"@id\":\"https:\\\/\\\/kibrisdakik.com\\\/#website\"},\"primaryImageOfPage\":{\"@id\":\"https:\\\/\\\/kibrisdakik.com\\\/?p=15043#primaryimage\"},\"image\":{\"@id\":\"https:\\\/\\\/kibrisdakik.com\\\/?p=15043#primaryimage\"},\"thumbnailUrl\":\"https:\\\/\\\/kibrisdakik.com\\\/wp-content\\\/uploads\\\/2023\\\/10\\\/yusuf-tekin-740x420.jpg\",\"datePublished\":\"2023-10-04T14:44:49+00:00\",\"author\":{\"@id\":\"https:\\\/\\\/kibrisdakik.com\\\/#\\\/schema\\\/person\\\/9cd9d437bbb44f72b73ba127e06d8e79\"},\"breadcrumb\":{\"@id\":\"https:\\\/\\\/kibrisdakik.com\\\/?p=15043#breadcrumb\"},\"inLanguage\":\"tr\",\"potentialAction\":[{\"@type\":\"ReadAction\",\"target\":[\"https:\\\/\\\/kibrisdakik.com\\\/?p=15043\"]}]},{\"@type\":\"ImageObject\",\"inLanguage\":\"tr\",\"@id\":\"https:\\\/\\\/kibrisdakik.com\\\/?p=15043#primaryimage\",\"url\":\"https:\\\/\\\/kibrisdakik.com\\\/wp-content\\\/uploads\\\/2023\\\/10\\\/yusuf-tekin-740x420.jpg\",\"contentUrl\":\"https:\\\/\\\/kibrisdakik.com\\\/wp-content\\\/uploads\\\/2023\\\/10\\\/yusuf-tekin-740x420.jpg\",\"width\":864,\"height\":486},{\"@type\":\"BreadcrumbList\",\"@id\":\"https:\\\/\\\/kibrisdakik.com\\\/?p=15043#breadcrumb\",\"itemListElement\":[{\"@type\":\"ListItem\",\"position\":1,\"name\":\"Home\",\"item\":\"https:\\\/\\\/kibrisdakik.com\\\/\"},{\"@type\":\"ListItem\",\"position\":2,\"name\":\"T\u00fcrkiye Milli E\u011fitim Bakan\u0131 Yusuf Tekin, yar\u0131n KKTC\u2019de temaslarda bulunacak\"}]},{\"@type\":\"WebSite\",\"@id\":\"https:\\\/\\\/kibrisdakik.com\\\/#website\",\"url\":\"https:\\\/\\\/kibrisdakik.com\\\/\",\"name\":\"\",\"description\":\"Tam vaktinde haber\",\"potentialAction\":[{\"@type\":\"SearchAction\",\"target\":{\"@type\":\"EntryPoint\",\"urlTemplate\":\"https:\\\/\\\/kibrisdakik.com\\\/?s={search_term_string}\"},\"query-input\":{\"@type\":\"PropertyValueSpecification\",\"valueRequired\":true,\"valueName\":\"search_term_string\"}}],\"inLanguage\":\"tr\"},{\"@type\":\"Person\",\"@id\":\"https:\\\/\\\/kibrisdakik.com\\\/#\\\/schema\\\/person\\\/9cd9d437bbb44f72b73ba127e06d8e79\",\"name\":\"admin\",\"image\":{\"@type\":\"ImageObject\",\"inLanguage\":\"tr\",\"@id\":\"https:\\\/\\\/secure.gravatar.com\\\/avatar\\\/ccc17943b9d660506c869530f897617f7cb1c21a4bf30023f252596d83e1f007?s=96&d=mm&r=g\",\"url\":\"https:\\\/\\\/secure.gravatar.com\\\/avatar\\\/ccc17943b9d660506c869530f897617f7cb1c21a4bf30023f252596d83e1f007?s=96&d=mm&r=g\",\"contentUrl\":\"https:\\\/\\\/secure.gravatar.com\\\/avatar\\\/ccc17943b9d660506c869530f897617f7cb1c21a4bf30023f252596d83e1f007?s=96&d=mm&r=g\",\"caption\":\"admin\"},\"sameAs\":[\"https:\\\/\\\/kibrisdakik.com\"],\"url\":\"https:\\\/\\\/kibrisdakik.com\\\/?author=1\"}]}<\/script>\n<!-- \/ Yoast SEO plugin. -->","yoast_head_json":{"title":"T\u00fcrkiye Milli E\u011fitim Bakan\u0131 Yusuf Tekin, yar\u0131n KKTC\u2019de temaslarda bulunacak -","robots":{"index":"index","follow":"follow","max-snippet":"max-snippet:-1","max-image-preview":"max-image-preview:large","max-video-preview":"max-video-preview:-1"},"canonical":"https:\/\/kibrisdakik.com\/?p=15043","og_locale":"tr_TR","og_type":"article","og_title":"T\u00fcrkiye Milli E\u011fitim Bakan\u0131 Yusuf Tekin, yar\u0131n KKTC\u2019de temaslarda bulunacak -","og_description":"T\u00fcrkiye Cumhuriyeti Milli E\u011fitim Bakan\u0131 Yusuf Tekin, yar\u0131n Kuzey K\u0131br\u0131s T\u00fcrk Cumhuriyeti\u2019ne (KKTC) g\u00fcn\u00fcbirlik bir ziyaret ger\u00e7ekle\u015ftirecek. Meclis Ba\u015fkan\u0131 Zorlu T\u00f6re ve Ba\u015fbakan \u00dcnal \u00dcstel taraf\u0131ndan kabul edilecek olan T\u00fcrkiye Cumhuriyeti Milli E\u011fitim Bakan\u0131 Yusuf Tekin\u2019i daha sonra Milli E\u011fitim Bakan\u0131 Naz\u0131m \u00c7avu\u015fo\u011flu ile biraraya gelecek. T\u00fcrkiye Cumhuriyeti Milli E\u011fitim Bakan\u0131 Yusuf Tekin KKTC\u2019deki temaslar\u0131","og_url":"https:\/\/kibrisdakik.com\/?p=15043","article_published_time":"2023-10-04T14:44:49+00:00","og_image":[{"width":864,"height":486,"url":"https:\/\/kibrisdakik.com\/wp-content\/uploads\/2023\/10\/yusuf-tekin-740x420.jpg","type":"image\/jpeg"}],"author":"admin","twitter_card":"summary_large_image","twitter_misc":{"Yazan:":"admin","Tahmini okuma s\u00fcresi":"1 dakika"},"schema":{"@context":"https:\/\/schema.org","@graph":[{"@type":"Article","@id":"https:\/\/kibrisdakik.com\/?p=15043#article","isPartOf":{"@id":"https:\/\/kibrisdakik.com\/?p=15043"},"author":{"name":"admin","@id":"https:\/\/kibrisdakik.com\/#\/schema\/person\/9cd9d437bbb44f72b73ba127e06d8e79"},"headline":"T\u00fcrkiye Milli E\u011fitim Bakan\u0131 Yusuf Tekin, yar\u0131n KKTC\u2019de temaslarda bulunacak","datePublished":"2023-10-04T14:44:49+00:00","mainEntityOfPage":{"@id":"https:\/\/kibrisdakik.com\/?p=15043"},"wordCount":114,"commentCount":0,"image":{"@id":"https:\/\/kibrisdakik.com\/?p=15043#primaryimage"},"thumbnailUrl":"https:\/\/kibrisdakik.com\/wp-content\/uploads\/2023\/10\/yusuf-tekin-740x420.jpg","articleSection":["T\u00fcrkiye"],"inLanguage":"tr","potentialAction":[{"@type":"CommentAction","name":"Comment","target":["https:\/\/kibrisdakik.com\/?p=15043#respond"]}]},{"@type":"WebPage","@id":"https:\/\/kibrisdakik.com\/?p=15043","url":"https:\/\/kibrisdakik.com\/?p=15043","name":"T\u00fcrkiye Milli E\u011fitim Bakan\u0131 Yusuf Tekin, yar\u0131n KKTC\u2019de temaslarda bulunacak -","isPartOf":{"@id":"https:\/\/kibrisdakik.com\/#website"},"primaryImageOfPage":{"@id":"https:\/\/kibrisdakik.com\/?p=15043#primaryimage"},"image":{"@id":"https:\/\/kibrisdakik.com\/?p=15043#primaryimage"},"thumbnailUrl":"https:\/\/kibrisdakik.com\/wp-content\/uploads\/2023\/10\/yusuf-tekin-740x420.jpg","datePublished":"2023-10-04T14:44:49+00:00","author":{"@id":"https:\/\/kibrisdakik.com\/#\/schema\/person\/9cd9d437bbb44f72b73ba127e06d8e79"},"breadcrumb":{"@id":"https:\/\/kibrisdakik.com\/?p=15043#breadcrumb"},"inLanguage":"tr","potentialAction":[{"@type":"ReadAction","target":["https:\/\/kibrisdakik.com\/?p=15043"]}]},{"@type":"ImageObject","inLanguage":"tr","@id":"https:\/\/kibrisdakik.com\/?p=15043#primaryimage","url":"https:\/\/kibrisdakik.com\/wp-content\/uploads\/2023\/10\/yusuf-tekin-740x420.jpg","contentUrl":"https:\/\/kibrisdakik.com\/wp-content\/uploads\/2023\/10\/yusuf-tekin-740x420.jpg","width":864,"height":486},{"@type":"BreadcrumbList","@id":"https:\/\/kibrisdakik.com\/?p=15043#breadcrumb","itemListElement":[{"@type":"ListItem","position":1,"name":"Home","item":"https:\/\/kibrisdakik.com\/"},{"@type":"ListItem","position":2,"name":"T\u00fcrkiye Milli E\u011fitim Bakan\u0131 Yusuf Tekin, yar\u0131n KKTC\u2019de temaslarda bulunacak"}]},{"@type":"WebSite","@id":"https:\/\/kibrisdakik.com\/#website","url":"https:\/\/kibrisdakik.com\/","name":"","description":"Tam vaktinde haber","potentialAction":[{"@type":"SearchAction","target":{"@type":"EntryPoint","urlTemplate":"https:\/\/kibrisdakik.com\/?s={search_term_string}"},"query-input":{"@type":"PropertyValueSpecification","valueRequired":true,"valueName":"search_term_string"}}],"inLanguage":"tr"},{"@type":"Person","@id":"https:\/\/kibrisdakik.com\/#\/schema\/person\/9cd9d437bbb44f72b73ba127e06d8e79","name":"admin","image":{"@type":"ImageObject","inLanguage":"tr","@id":"https:\/\/secure.gravatar.com\/avatar\/ccc17943b9d660506c869530f897617f7cb1c21a4bf30023f252596d83e1f007?s=96&d=mm&r=g","url":"https:\/\/secure.gravatar.com\/avatar\/ccc17943b9d660506c869530f897617f7cb1c21a4bf30023f252596d83e1f007?s=96&d=mm&r=g","contentUrl":"https:\/\/secure.gravatar.com\/avatar\/ccc17943b9d660506c869530f897617f7cb1c21a4bf30023f252596d83e1f007?s=96&d=mm&r=g","caption":"admin"},"sameAs":["https:\/\/kibrisdakik.com"],"url":"https:\/\/kibrisdakik.com\/?author=1"}]}},"_links":{"self":[{"href":"https:\/\/kibrisdakik.com\/index.php?rest_route=\/wp\/v2\/posts\/15043","targetHints":{"allow":["GET"]}}],"collection":[{"href":"https:\/\/kibrisdakik.com\/index.php?rest_route=\/wp\/v2\/posts"}],"about":[{"href":"https:\/\/kibrisdakik.com\/index.php?rest_route=\/wp\/v2\/types\/post"}],"author":[{"embeddable":true,"href":"https:\/\/kibrisdakik.com\/index.php?rest_route=\/wp\/v2\/users\/1"}],"replies":[{"embeddable":true,"href":"https:\/\/kibrisdakik.com\/index.php?rest_route=%2Fwp%2Fv2%2Fcomments&post=15043"}],"version-history":[{"count":0,"href":"https:\/\/kibrisdakik.com\/index.php?rest_route=\/wp\/v2\/posts\/15043\/revisions"}],"wp:featuredmedia":[{"embeddable":true,"href":"https:\/\/kibrisdakik.com\/index.php?rest_route=\/wp\/v2\/media\/15044"}],"wp:attachment":[{"href":"https:\/\/kibrisdakik.com\/index.php?rest_route=%2Fwp%2Fv2%2Fmedia&parent=15043"}],"wp:term":[{"taxonomy":"category","embeddable":true,"href":"https:\/\/kibrisdakik.com\/index.php?rest_route=%2Fwp%2Fv2%2Fcategories&post=15043"},{"taxonomy":"post_tag","embeddable":true,"href":"https:\/\/kibrisdakik.com\/index.php?rest_route=%2Fwp%2Fv2%2Ftags&post=15043"}],"curies":[{"name":"wp","href":"https:\/\/api.w.org\/{rel}","templated":true}]}}