{"id":15084,"date":"2023-10-05T08:10:56","date_gmt":"2023-10-05T08:10:56","guid":{"rendered":"https:\/\/kibrisdakik.com\/index.php\/2023\/10\/05\/cumhurbaskani-tatar-yok-baskani-ozvari-kabul-etti\/"},"modified":"2023-10-05T08:10:56","modified_gmt":"2023-10-05T08:10:56","slug":"cumhurbaskani-tatar-yok-baskani-ozvari-kabul-etti","status":"publish","type":"post","link":"https:\/\/kibrisdakik.com\/?p=15084","title":{"rendered":"Cumhurba\u015fkan\u0131 Tatar, Y\u00d6K Ba\u015fkan\u0131 \u00d6zvar\u2019\u0131 kabul etti"},"content":{"rendered":"<p><\/p>\n<div>\n<div class=\"mariselle-image-container center\">\n                <img width=\"1600\" height=\"729\" class=\"lazy-image\" alt=\"\" decoding=\"async\" loading=\"lazy\" sizes=\"auto, (max-width: 1600px) 100vw, 1600px\" src=\"https:\/\/brtk.net\/wp-content\/uploads\/2023\/10\/05\/alsdjlaksjda.jpg?ver=604d9fe1d05ff1a62e9e0174a82aad41\" srcset=\"https:\/\/brtk.net\/wp-content\/uploads\/2023\/10\/05\/alsdjlaksjda.jpg?ver=604d9fe1d05ff1a62e9e0174a82aad41 1600w, https:\/\/brtk.net\/wp-content\/uploads\/2023\/10\/05\/alsdjlaksjda-300x137.jpg?ver=ed5b11512c19034468af86b05e450dd8 300w, https:\/\/brtk.net\/wp-content\/uploads\/2023\/10\/05\/alsdjlaksjda-1024x467.jpg?ver=ed5b11512c19034468af86b05e450dd8 1024w, https:\/\/brtk.net\/wp-content\/uploads\/2023\/10\/05\/alsdjlaksjda-768x350.jpg?ver=ed5b11512c19034468af86b05e450dd8 768w, https:\/\/brtk.net\/wp-content\/uploads\/2023\/10\/05\/alsdjlaksjda-1536x700.jpg?ver=55c0f0340fb5d4e6f9211233871c8b46 1536w\"\/>                            <\/div>\n<p> Cumhurba\u015fkan\u0131 <a href=\"https:\/\/brtk.net\/\" target=\"_blank\" rel=\"noopener\">Ersin <\/a><a href=\"https:\/\/brtk.net\/\"\/><a href=\"https:\/\/brtk.net\/\"\/><a href=\"https:\/\/brtk.net\/\"\/><a href=\"https:\/\/brtk.net\/\"\/><a href=\"https:\/\/brtk.net\/\"\/><a href=\"https:\/\/brtk.net\/\"\/><a href=\"https:\/\/brtk.net\/\"\/><a href=\"https:\/\/brtk.net\/\">Tatar<\/a>, Ankara\u2019da, Y\u00fcksek\u00f6\u011fretim Kurulu (Y\u00d6K) Ba\u015fkan\u0131 Prof. Dr. Erol \u00d6zvar\u2019\u0131 kabul etti.<\/p>\n<p>Cumhurba\u015fkan\u0131 <a href=\"https:\/\/brtk.net\/\"\/><a href=\"https:\/\/brtk.net\/\"\/><a href=\"https:\/\/brtk.net\/\"\/><a href=\"https:\/\/brtk.net\/\"\/><a href=\"https:\/\/brtk.net\/\"\/><a href=\"https:\/\/brtk.net\/\"\/><a href=\"https:\/\/brtk.net\/\"\/><a href=\"https:\/\/brtk.net\/\">Tatar<\/a> ile \u00d6zvar, Kuzey K\u0131br\u0131s T\u00fcrk Cumhuriyeti y\u00fcksek\u00f6\u011fretimini ele ald\u0131, g\u00f6r\u00fc\u015f al\u0131\u015f veri\u015finde bulundu. G\u00f6r\u00fc\u015fmede Cumhurba\u015fkan\u0131 <a href=\"https:\/\/brtk.net\/\"\/><a href=\"https:\/\/brtk.net\/\"\/><a href=\"https:\/\/brtk.net\/\"\/><a href=\"https:\/\/brtk.net\/\"\/><a href=\"https:\/\/brtk.net\/\"\/><a href=\"https:\/\/brtk.net\/\"\/><a href=\"https:\/\/brtk.net\/\"\/><a href=\"https:\/\/brtk.net\/\">Tatar<\/a>\u2019a, Y\u00d6K\u2019\u00fcn y\u00fcr\u00fctt\u00fc\u011f\u00fc \u00e7al\u0131\u015fmalar ile y\u00fcksek\u00f6\u011fretimde at\u0131lan ad\u0131mlar ve y\u00fcr\u00fct\u00fclen politikalar hakk\u0131nda bilgi verildi.<\/p>\n<p>Toplant\u0131da, g\u00f6r\u00fc\u015f\u00fclen konular\u0131n ileriye ta\u015f\u0131nmas\u0131 i\u00e7in Y\u00d6K\u2019\u00fcn yapaca\u011f\u0131 bir taslak haz\u0131rl\u0131k sonras\u0131nda <a href=\"https:\/\/brtk.net\/\"\/><a href=\"https:\/\/brtk.net\/\"\/><a href=\"https:\/\/brtk.net\/\"\/><a href=\"https:\/\/brtk.net\/\"\/><a href=\"https:\/\/brtk.net\/\">KKTC<\/a>\u2019de ortak bir \u00e7al\u0131\u015fma yap\u0131lmas\u0131 noktas\u0131nda da mutabakata var\u0131ld\u0131.<\/p>\n<p>\u2013<a href=\"https:\/\/brtk.net\/\"\/><a href=\"https:\/\/brtk.net\/\"\/><a href=\"https:\/\/brtk.net\/\"\/><a href=\"https:\/\/brtk.net\/\"\/><a href=\"https:\/\/brtk.net\/\"\/><a href=\"https:\/\/brtk.net\/\"\/><a href=\"https:\/\/brtk.net\/\"\/><a href=\"https:\/\/brtk.net\/\">Tatar<\/a>: \u201cTC\u2019den \u00f6\u011frenci say\u0131s\u0131n\u0131n 100 bin olmas\u0131n\u0131 arzuluyoruz\u201d<\/p>\n<p>Cumhurba\u015fkan\u0131 <a href=\"https:\/\/brtk.net\/\"\/><a href=\"https:\/\/brtk.net\/\"\/><a href=\"https:\/\/brtk.net\/\"\/><a href=\"https:\/\/brtk.net\/\"\/><a href=\"https:\/\/brtk.net\/\"\/><a href=\"https:\/\/brtk.net\/\"\/><a href=\"https:\/\/brtk.net\/\"\/><a href=\"https:\/\/brtk.net\/\">Tatar<\/a>, kabulde yapt\u0131\u011f\u0131 konu\u015fmada, y\u00fcksek\u00f6\u011fretimin k\u00fcresel bir alan oldu\u011funu belirtti.<\/p>\n<p><a href=\"https:\/\/brtk.net\/\"\/><a href=\"https:\/\/brtk.net\/\"\/><a href=\"https:\/\/brtk.net\/\"\/><a href=\"https:\/\/brtk.net\/\"\/><a href=\"https:\/\/brtk.net\/\"\/><a href=\"https:\/\/brtk.net\/\"\/><a href=\"https:\/\/brtk.net\/\"\/><a href=\"https:\/\/brtk.net\/\">Tatar<\/a>, Kuzey K\u0131br\u0131s T\u00fcrk Cumhuriyeti\u2019nde y\u00fcksek\u00f6\u011fretimi ve \u00fcniversiteleri daha ileriye ta\u015f\u0131mak ad\u0131na gerek kalite gerekse \u00f6\u011frenci say\u0131s\u0131n\u0131n art\u0131r\u0131lmas\u0131 anlam\u0131nda Y\u00d6K Ba\u015fkan\u0131 \u00d6zvar\u2019dan destek istedi.<\/p>\n<p>\u015eu anda \u00fclkede T\u00fcrkiye Cumhuriyeti\u2019nden yakla\u015f\u0131k 45 bin civar\u0131nda \u00f6\u011frencinin e\u011fitim g\u00f6rd\u00fc\u011f\u00fcn\u00fc ve bu say\u0131n\u0131n 100 bin olmas\u0131n\u0131 arzulad\u0131klar\u0131n\u0131 dile getiren <a href=\"https:\/\/brtk.net\/\"\/><a href=\"https:\/\/brtk.net\/\"\/><a href=\"https:\/\/brtk.net\/\"\/><a href=\"https:\/\/brtk.net\/\"\/><a href=\"https:\/\/brtk.net\/\"\/><a href=\"https:\/\/brtk.net\/\"\/><a href=\"https:\/\/brtk.net\/\"\/><a href=\"https:\/\/brtk.net\/\">Tatar<\/a>, bu \u00e7er\u00e7evede \u00fcniversitelerin b\u00fcnyelerinde yeni b\u00f6l\u00fcmlerin a\u00e7\u0131lmas\u0131 ve \u00f6\u011frenci kontenjanlar\u0131n\u0131n art\u0131r\u0131lmas\u0131n\u0131n \u00f6nemine vurgu yapt\u0131.<\/p>\n<p>Cumhurba\u015fkan\u0131 <a href=\"https:\/\/brtk.net\/\"\/><a href=\"https:\/\/brtk.net\/\"\/><a href=\"https:\/\/brtk.net\/\"\/><a href=\"https:\/\/brtk.net\/\"\/><a href=\"https:\/\/brtk.net\/\"\/><a href=\"https:\/\/brtk.net\/\"\/><a href=\"https:\/\/brtk.net\/\"\/><a href=\"https:\/\/brtk.net\/\">Tatar<\/a>, ayr\u0131ca Y\u00d6K\u2019\u00fcn tecr\u00fcbelerinden ve y\u00fcr\u00fctt\u00fc\u011f\u00fc \u00e7al\u0131\u015fmalardan <a href=\"https:\/\/brtk.net\/\"\/><a href=\"https:\/\/brtk.net\/\"\/><a href=\"https:\/\/brtk.net\/\"\/><a href=\"https:\/\/brtk.net\/\"\/><a href=\"https:\/\/brtk.net\/\">KKTC<\/a> olarak yararlanmak istediklerini dile getirdi.<\/p>\n<p>\u00dcniversitelerin \u00f6zellikle kaliteli e\u011fitim noktas\u0131nda daha da k\u00f6klenece\u011fini ve k\u00fcresel bir rekabet ortam\u0131nda bulunan y\u00fcksek\u00f6\u011fretimde daha da g\u00fc\u00e7lenerek b\u00fcy\u00fcyece\u011fi inanc\u0131n\u0131 belirten <a href=\"https:\/\/brtk.net\/\"\/><a href=\"https:\/\/brtk.net\/\"\/><a href=\"https:\/\/brtk.net\/\"\/><a href=\"https:\/\/brtk.net\/\"\/><a href=\"https:\/\/brtk.net\/\"\/><a href=\"https:\/\/brtk.net\/\"\/><a href=\"https:\/\/brtk.net\/\"\/><a href=\"https:\/\/brtk.net\/\">Tatar<\/a>, b\u00fct\u00fcn bu ad\u0131mlar\u0131 atman\u0131n, gelecek nesillere b\u0131rakacaklar\u0131 en b\u00fcy\u00fck miras olaca\u011f\u0131n\u0131 s\u00f6yledi.<\/p>\n<p><strong>-\u00d6zvar: \u201c\u00d6nemli \u00e7al\u0131\u015fmalar y\u00fcr\u00fct\u00fcyoruz\u201d<\/strong><\/p>\n<p>G\u00f6r\u00fc\u015fmede, Y\u00d6K Ba\u015fkan\u0131 Prof. Dr. Erol \u00d6zvar da, <a href=\"https:\/\/brtk.net\/\"\/><a href=\"https:\/\/brtk.net\/\"\/><a href=\"https:\/\/brtk.net\/\"\/><a href=\"https:\/\/brtk.net\/\"\/><a href=\"https:\/\/brtk.net\/\">KKTC<\/a>\u2019de bulunan \u00fcniversiteleri T\u00fcrkiye\u2019de bulunan \u00fcniversitelerden ay\u0131rmad\u0131klar\u0131n\u0131, \u00e7ok yak\u0131n takip ettiklerini ve <a href=\"https:\/\/brtk.net\/\"\/><a href=\"https:\/\/brtk.net\/\"\/><a href=\"https:\/\/brtk.net\/\"\/><a href=\"https:\/\/brtk.net\/\"\/><a href=\"https:\/\/brtk.net\/\">KKTC<\/a> E\u011fitim Bakanl\u0131\u011f\u0131 ile s\u00fcrekli isti\u015fare halinde olduklar\u0131n\u0131 kaydetti.<\/p>\n<p>\u00d6zvar, mevcut durumu \u00e7ok daha ileriye ta\u015f\u0131mak ad\u0131na gerek <a href=\"https:\/\/brtk.net\/\"\/><a href=\"https:\/\/brtk.net\/\"\/><a href=\"https:\/\/brtk.net\/\"\/><a href=\"https:\/\/brtk.net\/\"\/><a href=\"https:\/\/brtk.net\/\">KKTC<\/a> y\u00fcksek\u00f6\u011fretimi gerekse adada bulunan \u00fcniversitelerle ilgi \u00f6nemli \u00e7al\u0131\u015fmalar y\u00fcr\u00fct\u00fcld\u00fc\u011f\u00fcn\u00fc dile getirdi.<\/p>\n<p>\u00c7al\u0131\u015fmalar\u0131n sadece bunlarla s\u0131n\u0131rl\u0131 olmad\u0131\u011f\u0131na vurgu yapan \u00d6zvar, ayn\u0131 zamanda T\u00fcrkiye\u2019de e\u011fitim almak isteyen <a href=\"https:\/\/brtk.net\/\"\/><a href=\"https:\/\/brtk.net\/\"\/><a href=\"https:\/\/brtk.net\/\"\/><a href=\"https:\/\/brtk.net\/\"\/><a href=\"https:\/\/brtk.net\/\">KKTC<\/a> vatanda\u015flar\u0131 ile ilgili de \u00e7al\u0131\u015fmalar\u0131 oldu\u011funu s\u00f6yledi.<\/p>\n<\/p><\/div>\n<p><script async\n                    defer\n                    crossorigin=\"anonymous\"\n                    src=\"https:\/\/connect.facebook.net\/tr_TR\/sdk.js#xfbml=1&#038;version=v3.3\"\n            ><\/script><\/p>\n","protected":false},"excerpt":{"rendered":"<p>Cumhurba\u015fkan\u0131 Ersin Tatar, Ankara\u2019da, Y\u00fcksek\u00f6\u011fretim Kurulu (Y\u00d6K) Ba\u015fkan\u0131 Prof. Dr. Erol \u00d6zvar\u2019\u0131 kabul etti. Cumhurba\u015fkan\u0131 Tatar ile \u00d6zvar, Kuzey K\u0131br\u0131s T\u00fcrk Cumhuriyeti y\u00fcksek\u00f6\u011fretimini ele ald\u0131, g\u00f6r\u00fc\u015f al\u0131\u015f veri\u015finde bulundu. G\u00f6r\u00fc\u015fmede Cumhurba\u015fkan\u0131 Tatar\u2019a, Y\u00d6K\u2019\u00fcn y\u00fcr\u00fctt\u00fc\u011f\u00fc \u00e7al\u0131\u015fmalar ile y\u00fcksek\u00f6\u011fretimde at\u0131lan ad\u0131mlar ve y\u00fcr\u00fct\u00fclen politikalar hakk\u0131nda bilgi verildi. Toplant\u0131da, g\u00f6r\u00fc\u015f\u00fclen konular\u0131n ileriye ta\u015f\u0131nmas\u0131 i\u00e7in Y\u00d6K\u2019\u00fcn yapaca\u011f\u0131 bir taslak<\/p>\n","protected":false},"author":1,"featured_media":15085,"comment_status":"open","ping_status":"open","sticky":false,"template":"","format":"standard","meta":{"footnotes":""},"categories":[86],"tags":[],"class_list":["post-15084","post","type-post","status-publish","format-standard","has-post-thumbnail","hentry","category-turkiye"],"yoast_head":"<!-- This site is optimized with the Yoast SEO plugin v27.4 - https:\/\/yoast.com\/product\/yoast-seo-wordpress\/ -->\n<title>Cumhurba\u015fkan\u0131 Tatar, Y\u00d6K Ba\u015fkan\u0131 \u00d6zvar\u2019\u0131 kabul etti -<\/title>\n<meta name=\"robots\" content=\"index, follow, max-snippet:-1, max-image-preview:large, max-video-preview:-1\" \/>\n<link rel=\"canonical\" href=\"https:\/\/kibrisdakik.com\/?p=15084\" \/>\n<meta property=\"og:locale\" content=\"tr_TR\" \/>\n<meta property=\"og:type\" content=\"article\" \/>\n<meta property=\"og:title\" content=\"Cumhurba\u015fkan\u0131 Tatar, Y\u00d6K Ba\u015fkan\u0131 \u00d6zvar\u2019\u0131 kabul etti -\" \/>\n<meta property=\"og:description\" content=\"Cumhurba\u015fkan\u0131 Ersin Tatar, Ankara\u2019da, Y\u00fcksek\u00f6\u011fretim Kurulu (Y\u00d6K) Ba\u015fkan\u0131 Prof. Dr. Erol \u00d6zvar\u2019\u0131 kabul etti. Cumhurba\u015fkan\u0131 Tatar ile \u00d6zvar, Kuzey K\u0131br\u0131s T\u00fcrk Cumhuriyeti y\u00fcksek\u00f6\u011fretimini ele ald\u0131, g\u00f6r\u00fc\u015f al\u0131\u015f veri\u015finde bulundu. G\u00f6r\u00fc\u015fmede Cumhurba\u015fkan\u0131 Tatar\u2019a, Y\u00d6K\u2019\u00fcn y\u00fcr\u00fctt\u00fc\u011f\u00fc \u00e7al\u0131\u015fmalar ile y\u00fcksek\u00f6\u011fretimde at\u0131lan ad\u0131mlar ve y\u00fcr\u00fct\u00fclen politikalar hakk\u0131nda bilgi verildi. Toplant\u0131da, g\u00f6r\u00fc\u015f\u00fclen konular\u0131n ileriye ta\u015f\u0131nmas\u0131 i\u00e7in Y\u00d6K\u2019\u00fcn yapaca\u011f\u0131 bir taslak\" \/>\n<meta property=\"og:url\" content=\"https:\/\/kibrisdakik.com\/?p=15084\" \/>\n<meta property=\"article:published_time\" content=\"2023-10-05T08:10:56+00:00\" \/>\n<meta property=\"og:image\" content=\"https:\/\/kibrisdakik.com\/wp-content\/uploads\/2023\/10\/alsdjlaksjda.jpg\" \/>\n\t<meta property=\"og:image:width\" content=\"1600\" \/>\n\t<meta property=\"og:image:height\" content=\"729\" \/>\n\t<meta property=\"og:image:type\" content=\"image\/jpeg\" \/>\n<meta name=\"author\" content=\"admin\" \/>\n<meta name=\"twitter:card\" content=\"summary_large_image\" \/>\n<meta name=\"twitter:label1\" content=\"Yazan:\" \/>\n\t<meta name=\"twitter:data1\" content=\"admin\" \/>\n\t<meta name=\"twitter:label2\" content=\"Tahmini okuma s\u00fcresi\" \/>\n\t<meta name=\"twitter:data2\" content=\"2 dakika\" \/>\n<script type=\"application\/ld+json\" class=\"yoast-schema-graph\">{\"@context\":\"https:\\\/\\\/schema.org\",\"@graph\":[{\"@type\":\"Article\",\"@id\":\"https:\\\/\\\/kibrisdakik.com\\\/?p=15084#article\",\"isPartOf\":{\"@id\":\"https:\\\/\\\/kibrisdakik.com\\\/?p=15084\"},\"author\":{\"name\":\"admin\",\"@id\":\"https:\\\/\\\/kibrisdakik.com\\\/#\\\/schema\\\/person\\\/9cd9d437bbb44f72b73ba127e06d8e79\"},\"headline\":\"Cumhurba\u015fkan\u0131 Tatar, Y\u00d6K Ba\u015fkan\u0131 \u00d6zvar\u2019\u0131 kabul etti\",\"datePublished\":\"2023-10-05T08:10:56+00:00\",\"mainEntityOfPage\":{\"@id\":\"https:\\\/\\\/kibrisdakik.com\\\/?p=15084\"},\"wordCount\":445,\"commentCount\":0,\"image\":{\"@id\":\"https:\\\/\\\/kibrisdakik.com\\\/?p=15084#primaryimage\"},\"thumbnailUrl\":\"https:\\\/\\\/kibrisdakik.com\\\/wp-content\\\/uploads\\\/2023\\\/10\\\/alsdjlaksjda.jpg\",\"articleSection\":[\"T\u00fcrkiye\"],\"inLanguage\":\"tr\",\"potentialAction\":[{\"@type\":\"CommentAction\",\"name\":\"Comment\",\"target\":[\"https:\\\/\\\/kibrisdakik.com\\\/?p=15084#respond\"]}]},{\"@type\":\"WebPage\",\"@id\":\"https:\\\/\\\/kibrisdakik.com\\\/?p=15084\",\"url\":\"https:\\\/\\\/kibrisdakik.com\\\/?p=15084\",\"name\":\"Cumhurba\u015fkan\u0131 Tatar, Y\u00d6K Ba\u015fkan\u0131 \u00d6zvar\u2019\u0131 kabul etti -\",\"isPartOf\":{\"@id\":\"https:\\\/\\\/kibrisdakik.com\\\/#website\"},\"primaryImageOfPage\":{\"@id\":\"https:\\\/\\\/kibrisdakik.com\\\/?p=15084#primaryimage\"},\"image\":{\"@id\":\"https:\\\/\\\/kibrisdakik.com\\\/?p=15084#primaryimage\"},\"thumbnailUrl\":\"https:\\\/\\\/kibrisdakik.com\\\/wp-content\\\/uploads\\\/2023\\\/10\\\/alsdjlaksjda.jpg\",\"datePublished\":\"2023-10-05T08:10:56+00:00\",\"author\":{\"@id\":\"https:\\\/\\\/kibrisdakik.com\\\/#\\\/schema\\\/person\\\/9cd9d437bbb44f72b73ba127e06d8e79\"},\"breadcrumb\":{\"@id\":\"https:\\\/\\\/kibrisdakik.com\\\/?p=15084#breadcrumb\"},\"inLanguage\":\"tr\",\"potentialAction\":[{\"@type\":\"ReadAction\",\"target\":[\"https:\\\/\\\/kibrisdakik.com\\\/?p=15084\"]}]},{\"@type\":\"ImageObject\",\"inLanguage\":\"tr\",\"@id\":\"https:\\\/\\\/kibrisdakik.com\\\/?p=15084#primaryimage\",\"url\":\"https:\\\/\\\/kibrisdakik.com\\\/wp-content\\\/uploads\\\/2023\\\/10\\\/alsdjlaksjda.jpg\",\"contentUrl\":\"https:\\\/\\\/kibrisdakik.com\\\/wp-content\\\/uploads\\\/2023\\\/10\\\/alsdjlaksjda.jpg\",\"width\":1600,\"height\":729},{\"@type\":\"BreadcrumbList\",\"@id\":\"https:\\\/\\\/kibrisdakik.com\\\/?p=15084#breadcrumb\",\"itemListElement\":[{\"@type\":\"ListItem\",\"position\":1,\"name\":\"Home\",\"item\":\"https:\\\/\\\/kibrisdakik.com\\\/\"},{\"@type\":\"ListItem\",\"position\":2,\"name\":\"Cumhurba\u015fkan\u0131 Tatar, Y\u00d6K Ba\u015fkan\u0131 \u00d6zvar\u2019\u0131 kabul etti\"}]},{\"@type\":\"WebSite\",\"@id\":\"https:\\\/\\\/kibrisdakik.com\\\/#website\",\"url\":\"https:\\\/\\\/kibrisdakik.com\\\/\",\"name\":\"\",\"description\":\"Tam vaktinde haber\",\"potentialAction\":[{\"@type\":\"SearchAction\",\"target\":{\"@type\":\"EntryPoint\",\"urlTemplate\":\"https:\\\/\\\/kibrisdakik.com\\\/?s={search_term_string}\"},\"query-input\":{\"@type\":\"PropertyValueSpecification\",\"valueRequired\":true,\"valueName\":\"search_term_string\"}}],\"inLanguage\":\"tr\"},{\"@type\":\"Person\",\"@id\":\"https:\\\/\\\/kibrisdakik.com\\\/#\\\/schema\\\/person\\\/9cd9d437bbb44f72b73ba127e06d8e79\",\"name\":\"admin\",\"image\":{\"@type\":\"ImageObject\",\"inLanguage\":\"tr\",\"@id\":\"https:\\\/\\\/secure.gravatar.com\\\/avatar\\\/ccc17943b9d660506c869530f897617f7cb1c21a4bf30023f252596d83e1f007?s=96&d=mm&r=g\",\"url\":\"https:\\\/\\\/secure.gravatar.com\\\/avatar\\\/ccc17943b9d660506c869530f897617f7cb1c21a4bf30023f252596d83e1f007?s=96&d=mm&r=g\",\"contentUrl\":\"https:\\\/\\\/secure.gravatar.com\\\/avatar\\\/ccc17943b9d660506c869530f897617f7cb1c21a4bf30023f252596d83e1f007?s=96&d=mm&r=g\",\"caption\":\"admin\"},\"sameAs\":[\"https:\\\/\\\/kibrisdakik.com\"],\"url\":\"https:\\\/\\\/kibrisdakik.com\\\/?author=1\"}]}<\/script>\n<!-- \/ Yoast SEO plugin. -->","yoast_head_json":{"title":"Cumhurba\u015fkan\u0131 Tatar, Y\u00d6K Ba\u015fkan\u0131 \u00d6zvar\u2019\u0131 kabul etti -","robots":{"index":"index","follow":"follow","max-snippet":"max-snippet:-1","max-image-preview":"max-image-preview:large","max-video-preview":"max-video-preview:-1"},"canonical":"https:\/\/kibrisdakik.com\/?p=15084","og_locale":"tr_TR","og_type":"article","og_title":"Cumhurba\u015fkan\u0131 Tatar, Y\u00d6K Ba\u015fkan\u0131 \u00d6zvar\u2019\u0131 kabul etti -","og_description":"Cumhurba\u015fkan\u0131 Ersin Tatar, Ankara\u2019da, Y\u00fcksek\u00f6\u011fretim Kurulu (Y\u00d6K) Ba\u015fkan\u0131 Prof. Dr. Erol \u00d6zvar\u2019\u0131 kabul etti. Cumhurba\u015fkan\u0131 Tatar ile \u00d6zvar, Kuzey K\u0131br\u0131s T\u00fcrk Cumhuriyeti y\u00fcksek\u00f6\u011fretimini ele ald\u0131, g\u00f6r\u00fc\u015f al\u0131\u015f veri\u015finde bulundu. G\u00f6r\u00fc\u015fmede Cumhurba\u015fkan\u0131 Tatar\u2019a, Y\u00d6K\u2019\u00fcn y\u00fcr\u00fctt\u00fc\u011f\u00fc \u00e7al\u0131\u015fmalar ile y\u00fcksek\u00f6\u011fretimde at\u0131lan ad\u0131mlar ve y\u00fcr\u00fct\u00fclen politikalar hakk\u0131nda bilgi verildi. Toplant\u0131da, g\u00f6r\u00fc\u015f\u00fclen konular\u0131n ileriye ta\u015f\u0131nmas\u0131 i\u00e7in Y\u00d6K\u2019\u00fcn yapaca\u011f\u0131 bir taslak","og_url":"https:\/\/kibrisdakik.com\/?p=15084","article_published_time":"2023-10-05T08:10:56+00:00","og_image":[{"width":1600,"height":729,"url":"https:\/\/kibrisdakik.com\/wp-content\/uploads\/2023\/10\/alsdjlaksjda.jpg","type":"image\/jpeg"}],"author":"admin","twitter_card":"summary_large_image","twitter_misc":{"Yazan:":"admin","Tahmini okuma s\u00fcresi":"2 dakika"},"schema":{"@context":"https:\/\/schema.org","@graph":[{"@type":"Article","@id":"https:\/\/kibrisdakik.com\/?p=15084#article","isPartOf":{"@id":"https:\/\/kibrisdakik.com\/?p=15084"},"author":{"name":"admin","@id":"https:\/\/kibrisdakik.com\/#\/schema\/person\/9cd9d437bbb44f72b73ba127e06d8e79"},"headline":"Cumhurba\u015fkan\u0131 Tatar, Y\u00d6K Ba\u015fkan\u0131 \u00d6zvar\u2019\u0131 kabul etti","datePublished":"2023-10-05T08:10:56+00:00","mainEntityOfPage":{"@id":"https:\/\/kibrisdakik.com\/?p=15084"},"wordCount":445,"commentCount":0,"image":{"@id":"https:\/\/kibrisdakik.com\/?p=15084#primaryimage"},"thumbnailUrl":"https:\/\/kibrisdakik.com\/wp-content\/uploads\/2023\/10\/alsdjlaksjda.jpg","articleSection":["T\u00fcrkiye"],"inLanguage":"tr","potentialAction":[{"@type":"CommentAction","name":"Comment","target":["https:\/\/kibrisdakik.com\/?p=15084#respond"]}]},{"@type":"WebPage","@id":"https:\/\/kibrisdakik.com\/?p=15084","url":"https:\/\/kibrisdakik.com\/?p=15084","name":"Cumhurba\u015fkan\u0131 Tatar, Y\u00d6K Ba\u015fkan\u0131 \u00d6zvar\u2019\u0131 kabul etti -","isPartOf":{"@id":"https:\/\/kibrisdakik.com\/#website"},"primaryImageOfPage":{"@id":"https:\/\/kibrisdakik.com\/?p=15084#primaryimage"},"image":{"@id":"https:\/\/kibrisdakik.com\/?p=15084#primaryimage"},"thumbnailUrl":"https:\/\/kibrisdakik.com\/wp-content\/uploads\/2023\/10\/alsdjlaksjda.jpg","datePublished":"2023-10-05T08:10:56+00:00","author":{"@id":"https:\/\/kibrisdakik.com\/#\/schema\/person\/9cd9d437bbb44f72b73ba127e06d8e79"},"breadcrumb":{"@id":"https:\/\/kibrisdakik.com\/?p=15084#breadcrumb"},"inLanguage":"tr","potentialAction":[{"@type":"ReadAction","target":["https:\/\/kibrisdakik.com\/?p=15084"]}]},{"@type":"ImageObject","inLanguage":"tr","@id":"https:\/\/kibrisdakik.com\/?p=15084#primaryimage","url":"https:\/\/kibrisdakik.com\/wp-content\/uploads\/2023\/10\/alsdjlaksjda.jpg","contentUrl":"https:\/\/kibrisdakik.com\/wp-content\/uploads\/2023\/10\/alsdjlaksjda.jpg","width":1600,"height":729},{"@type":"BreadcrumbList","@id":"https:\/\/kibrisdakik.com\/?p=15084#breadcrumb","itemListElement":[{"@type":"ListItem","position":1,"name":"Home","item":"https:\/\/kibrisdakik.com\/"},{"@type":"ListItem","position":2,"name":"Cumhurba\u015fkan\u0131 Tatar, Y\u00d6K Ba\u015fkan\u0131 \u00d6zvar\u2019\u0131 kabul etti"}]},{"@type":"WebSite","@id":"https:\/\/kibrisdakik.com\/#website","url":"https:\/\/kibrisdakik.com\/","name":"","description":"Tam vaktinde haber","potentialAction":[{"@type":"SearchAction","target":{"@type":"EntryPoint","urlTemplate":"https:\/\/kibrisdakik.com\/?s={search_term_string}"},"query-input":{"@type":"PropertyValueSpecification","valueRequired":true,"valueName":"search_term_string"}}],"inLanguage":"tr"},{"@type":"Person","@id":"https:\/\/kibrisdakik.com\/#\/schema\/person\/9cd9d437bbb44f72b73ba127e06d8e79","name":"admin","image":{"@type":"ImageObject","inLanguage":"tr","@id":"https:\/\/secure.gravatar.com\/avatar\/ccc17943b9d660506c869530f897617f7cb1c21a4bf30023f252596d83e1f007?s=96&d=mm&r=g","url":"https:\/\/secure.gravatar.com\/avatar\/ccc17943b9d660506c869530f897617f7cb1c21a4bf30023f252596d83e1f007?s=96&d=mm&r=g","contentUrl":"https:\/\/secure.gravatar.com\/avatar\/ccc17943b9d660506c869530f897617f7cb1c21a4bf30023f252596d83e1f007?s=96&d=mm&r=g","caption":"admin"},"sameAs":["https:\/\/kibrisdakik.com"],"url":"https:\/\/kibrisdakik.com\/?author=1"}]}},"_links":{"self":[{"href":"https:\/\/kibrisdakik.com\/index.php?rest_route=\/wp\/v2\/posts\/15084","targetHints":{"allow":["GET"]}}],"collection":[{"href":"https:\/\/kibrisdakik.com\/index.php?rest_route=\/wp\/v2\/posts"}],"about":[{"href":"https:\/\/kibrisdakik.com\/index.php?rest_route=\/wp\/v2\/types\/post"}],"author":[{"embeddable":true,"href":"https:\/\/kibrisdakik.com\/index.php?rest_route=\/wp\/v2\/users\/1"}],"replies":[{"embeddable":true,"href":"https:\/\/kibrisdakik.com\/index.php?rest_route=%2Fwp%2Fv2%2Fcomments&post=15084"}],"version-history":[{"count":0,"href":"https:\/\/kibrisdakik.com\/index.php?rest_route=\/wp\/v2\/posts\/15084\/revisions"}],"wp:featuredmedia":[{"embeddable":true,"href":"https:\/\/kibrisdakik.com\/index.php?rest_route=\/wp\/v2\/media\/15085"}],"wp:attachment":[{"href":"https:\/\/kibrisdakik.com\/index.php?rest_route=%2Fwp%2Fv2%2Fmedia&parent=15084"}],"wp:term":[{"taxonomy":"category","embeddable":true,"href":"https:\/\/kibrisdakik.com\/index.php?rest_route=%2Fwp%2Fv2%2Fcategories&post=15084"},{"taxonomy":"post_tag","embeddable":true,"href":"https:\/\/kibrisdakik.com\/index.php?rest_route=%2Fwp%2Fv2%2Ftags&post=15084"}],"curies":[{"name":"wp","href":"https:\/\/api.w.org\/{rel}","templated":true}]}}