{"id":15099,"date":"2023-10-05T11:14:20","date_gmt":"2023-10-05T11:14:20","guid":{"rendered":"https:\/\/kibrisdakik.com\/index.php\/2023\/10\/05\/turkiye-egitim-bakani-tekin-basbakan-usteli-ziyaret-etti\/"},"modified":"2023-10-05T11:14:20","modified_gmt":"2023-10-05T11:14:20","slug":"turkiye-egitim-bakani-tekin-basbakan-usteli-ziyaret-etti","status":"publish","type":"post","link":"https:\/\/kibrisdakik.com\/?p=15099","title":{"rendered":"T\u00fcrkiye E\u011fitim Bakan\u0131 Tekin, Ba\u015fbakan \u00dcstel\u2019i ziyaret etti"},"content":{"rendered":"<p><\/p>\n<div>\n<div class=\"mariselle-image-container center\">\n                <img width=\"1654\" height=\"849\" class=\"lazy-image\" alt=\"\" decoding=\"async\" loading=\"lazy\" sizes=\"auto, (max-width: 1654px) 100vw, 1654px\" src=\"https:\/\/brtk.net\/wp-content\/uploads\/2023\/10\/05\/kljjs.jpg?ver=b6ed2fbfcb0d37ac7cdcbb76e15dad8c\" srcset=\"https:\/\/brtk.net\/wp-content\/uploads\/2023\/10\/05\/kljjs.jpg?ver=b6ed2fbfcb0d37ac7cdcbb76e15dad8c 1654w, https:\/\/brtk.net\/wp-content\/uploads\/2023\/10\/05\/kljjs-300x154.jpg?ver=b6ed2fbfcb0d37ac7cdcbb76e15dad8c 300w, https:\/\/brtk.net\/wp-content\/uploads\/2023\/10\/05\/kljjs-1024x526.jpg?ver=b6ed2fbfcb0d37ac7cdcbb76e15dad8c 1024w, https:\/\/brtk.net\/wp-content\/uploads\/2023\/10\/05\/kljjs-768x394.jpg?ver=acea00e4ca5700c9a1b75c5a7f12462c 768w, https:\/\/brtk.net\/wp-content\/uploads\/2023\/10\/05\/kljjs-1536x788.jpg?ver=acea00e4ca5700c9a1b75c5a7f12462c 1536w\"\/>                            <\/div>\n<p>T\u00fcrkiye Milli E\u011fitim Bakan\u0131 Yusuf Tekin, Ba\u015fbakan \u00dcnal \u00dcstel taraf\u0131ndan kabul edildi.<\/p>\n<p>Kabulde T\u00fcrkiye\u2019nin Lefko\u015fa B\u00fcy\u00fckel\u00e7isi Metin Feyzio\u011flu ve Milli E\u011fitim Bakan\u0131 Naz\u0131m \u00c7avu\u015fo\u011flu da haz\u0131r bulundu.<\/p>\n<p>Kabulde konu\u015fan, Ba\u015fbakan \u00dcnal \u00dcstel, iki \u00fclke aras\u0131nda e\u011fitim alan\u0131nda da i\u015fbirli\u011fi \u00e7al\u0131\u015fmalar\u0131n\u0131n s\u00fcrd\u00fc\u011f\u00fcn\u00fc ifade etti.<\/p>\n<p>Ba\u015fbakan \u00dcstel, \u201cBiz <a href=\"https:\/\/brtk.net\/\"\/><a href=\"https:\/\/brtk.net\/\">KKTC<\/a> olarak T\u00fcrkiye ile sizinle her zaman iyi ili\u015fkiler i\u00e7erisinde s\u0131k\u0131nt\u0131lar\u0131 birlikte a\u015fmak i\u00e7in \u00e7al\u0131\u015f\u0131yoruz. \u0130lkokullardaki tam g\u00fcn e\u011fitim \u015fimdi sadece iki g\u00fcn uygulan\u0131yor. \u0130leri g\u00fcnlerde tam g\u00fcn e\u011fitimin 5 g\u00fcn olarak t\u00fcm okullarda yapmay\u0131 hedefliyoruz\u201d dedi.<\/p>\n<p>6 \u015eubat\u2019ta T\u00fcrkiye\u2019de yua\u015fanan deprem felaketine at\u0131fta bulunan Ba\u015fbakan \u00dcstel, bir Deprem felaketi kar\u015f\u0131s\u0131nda haz\u0131rl\u0131kl\u0131 olmaka ad\u0131na gerekli \u00e7al\u0131\u015fmalar\u0131n devam etti\u011fini vurgulad\u0131.<\/p>\n<p>\u00dcstel, Kurulan Deprem Komitesi\u2019nin ilk \u00e7al\u0131\u015fmas\u0131 \u00fclkedeki t\u00fcm okullar\u0131n depreme kar\u015f\u0131 dayan\u0131kl\u0131l\u0131\u011f\u0131n\u0131 belirlemek oldu\u011funu da ifade ederek, gereken \u00e7al\u0131\u015fmalar\u0131 ba\u015flat\u0131ld\u0131\u011f\u0131n\u0131 s\u00f6yledi.<\/p>\n<div class=\"mariselle-image-container center\">\n                <img width=\"1654\" height=\"1102\" class=\"lazy-image\" alt=\"\" decoding=\"async\" loading=\"lazy\" sizes=\"auto, (max-width: 1654px) 100vw, 1654px\" src=\"https:\/\/brtk.net\/wp-content\/uploads\/2023\/10\/05\/tekin-ustel.jpg?ver=5d4c547f07691e3016d3c973cca93a4b\" srcset=\"https:\/\/brtk.net\/wp-content\/uploads\/2023\/10\/05\/tekin-ustel.jpg?ver=5d4c547f07691e3016d3c973cca93a4b 1654w, https:\/\/brtk.net\/wp-content\/uploads\/2023\/10\/05\/tekin-ustel-300x200.jpg?ver=efa2d1e9a48cea80b09d7a8316136d46 300w, https:\/\/brtk.net\/wp-content\/uploads\/2023\/10\/05\/tekin-ustel-1024x682.jpg?ver=efa2d1e9a48cea80b09d7a8316136d46 1024w, https:\/\/brtk.net\/wp-content\/uploads\/2023\/10\/05\/tekin-ustel-768x512.jpg?ver=15b5bedddbf351bb2694fb6a9b3ed121 768w, https:\/\/brtk.net\/wp-content\/uploads\/2023\/10\/05\/tekin-ustel-1536x1023.jpg?ver=15b5bedddbf351bb2694fb6a9b3ed121 1536w\"\/>                            <\/div>\n<p>T\u00fcrkiye Milli E\u011fitim Bakan\u0131Yusuf Tekin de konu\u015fmas\u0131nda, T\u00fcrkiye\u2019de g\u00f6reve gelen her bakan gibi kendisinin de ilk yurtd\u0131\u015f\u0131 seyahatini <a href=\"https:\/\/brtk.net\/\"\/><a href=\"https:\/\/brtk.net\/\">KKTC<\/a>\u2019ye yapt\u0131\u011f\u0131n\u0131 hat\u0131rlatt\u0131.<br \/>Konu;masinda do\u011fal afetlere kar\u015f\u0131 haz\u0131rl\u0131kl\u0131 olunmas\u0131n\u0131n \u00f6neminde  vurgu yapan Bakan Tekin, ayr\u0131ca e\u011fitim alan\u0131nda \u00e7al\u0131\u015fmalarin devam edece\u011fini kaydetti.<\/p>\n<p>Bakan Tekin, \u201cBurada \u00e7ok g\u00fczel \u00e7al\u0131\u015fmalar yap\u0131lacak. T\u00fcrkiye\u2019deki \u00e7ocuklar\u0131m\u0131z bizim i\u00e7in ne ise buradaki \u00e7ocuklar\u0131m\u0131za dabizim i\u00e7in ayn\u0131. T\u00fcm imkanlar\u0131m\u0131z buradaki \u00e7ocuklar\u0131m\u0131za da sunulacak. <a href=\"https:\/\/brtk.net\/\"\/><a href=\"https:\/\/brtk.net\/\">KKTC<\/a> hem Cumhurba\u015fkan\u0131m\u0131z Recep Tayyip Erdo\u011fan, hem de bizim \u00f6zel ilgi duydu\u011fumuz bir konu her zaman i\u015fbirli\u011fi i\u00e7inde olaca\u011f\u0131z\u201d dedi.<\/p>\n<\/p><\/div>\n<p><script async\n                    defer\n                    crossorigin=\"anonymous\"\n                    src=\"https:\/\/connect.facebook.net\/tr_TR\/sdk.js#xfbml=1&#038;version=v3.3\"\n            ><\/script><\/p>\n","protected":false},"excerpt":{"rendered":"<p>T\u00fcrkiye Milli E\u011fitim Bakan\u0131 Yusuf Tekin, Ba\u015fbakan \u00dcnal \u00dcstel taraf\u0131ndan kabul edildi. Kabulde T\u00fcrkiye\u2019nin Lefko\u015fa B\u00fcy\u00fckel\u00e7isi Metin Feyzio\u011flu ve Milli E\u011fitim Bakan\u0131 Naz\u0131m \u00c7avu\u015fo\u011flu da haz\u0131r bulundu. Kabulde konu\u015fan, Ba\u015fbakan \u00dcnal \u00dcstel, iki \u00fclke aras\u0131nda e\u011fitim alan\u0131nda da i\u015fbirli\u011fi \u00e7al\u0131\u015fmalar\u0131n\u0131n s\u00fcrd\u00fc\u011f\u00fcn\u00fc ifade etti. Ba\u015fbakan \u00dcstel, \u201cBiz KKTC olarak T\u00fcrkiye ile sizinle her zaman iyi ili\u015fkiler<\/p>\n","protected":false},"author":1,"featured_media":15100,"comment_status":"open","ping_status":"open","sticky":false,"template":"","format":"standard","meta":{"footnotes":""},"categories":[86],"tags":[],"class_list":["post-15099","post","type-post","status-publish","format-standard","has-post-thumbnail","hentry","category-turkiye"],"yoast_head":"<!-- This site is optimized with the Yoast SEO plugin v27.5 - https:\/\/yoast.com\/product\/yoast-seo-wordpress\/ -->\n<title>T\u00fcrkiye E\u011fitim Bakan\u0131 Tekin, Ba\u015fbakan \u00dcstel\u2019i ziyaret etti -<\/title>\n<meta name=\"robots\" content=\"index, follow, max-snippet:-1, max-image-preview:large, max-video-preview:-1\" \/>\n<link rel=\"canonical\" href=\"https:\/\/kibrisdakik.com\/?p=15099\" \/>\n<meta property=\"og:locale\" content=\"tr_TR\" \/>\n<meta property=\"og:type\" content=\"article\" \/>\n<meta property=\"og:title\" content=\"T\u00fcrkiye E\u011fitim Bakan\u0131 Tekin, Ba\u015fbakan \u00dcstel\u2019i ziyaret etti -\" \/>\n<meta property=\"og:description\" content=\"T\u00fcrkiye Milli E\u011fitim Bakan\u0131 Yusuf Tekin, Ba\u015fbakan \u00dcnal \u00dcstel taraf\u0131ndan kabul edildi. Kabulde T\u00fcrkiye\u2019nin Lefko\u015fa B\u00fcy\u00fckel\u00e7isi Metin Feyzio\u011flu ve Milli E\u011fitim Bakan\u0131 Naz\u0131m \u00c7avu\u015fo\u011flu da haz\u0131r bulundu. Kabulde konu\u015fan, Ba\u015fbakan \u00dcnal \u00dcstel, iki \u00fclke aras\u0131nda e\u011fitim alan\u0131nda da i\u015fbirli\u011fi \u00e7al\u0131\u015fmalar\u0131n\u0131n s\u00fcrd\u00fc\u011f\u00fcn\u00fc ifade etti. Ba\u015fbakan \u00dcstel, \u201cBiz KKTC olarak T\u00fcrkiye ile sizinle her zaman iyi ili\u015fkiler\" \/>\n<meta property=\"og:url\" content=\"https:\/\/kibrisdakik.com\/?p=15099\" \/>\n<meta property=\"article:published_time\" content=\"2023-10-05T11:14:20+00:00\" \/>\n<meta property=\"og:image\" content=\"https:\/\/kibrisdakik.com\/wp-content\/uploads\/2023\/10\/kljjs-740x420.jpg\" \/>\n\t<meta property=\"og:image:width\" content=\"1654\" \/>\n\t<meta property=\"og:image:height\" content=\"849\" \/>\n\t<meta property=\"og:image:type\" content=\"image\/jpeg\" \/>\n<meta name=\"author\" content=\"admin\" \/>\n<meta name=\"twitter:card\" content=\"summary_large_image\" \/>\n<meta name=\"twitter:label1\" content=\"Yazan:\" \/>\n\t<meta name=\"twitter:data1\" content=\"admin\" \/>\n\t<meta name=\"twitter:label2\" content=\"Tahmini okuma s\u00fcresi\" \/>\n\t<meta name=\"twitter:data2\" content=\"2 dakika\" \/>\n<script type=\"application\/ld+json\" class=\"yoast-schema-graph\">{\"@context\":\"https:\\\/\\\/schema.org\",\"@graph\":[{\"@type\":\"Article\",\"@id\":\"https:\\\/\\\/kibrisdakik.com\\\/?p=15099#article\",\"isPartOf\":{\"@id\":\"https:\\\/\\\/kibrisdakik.com\\\/?p=15099\"},\"author\":{\"name\":\"admin\",\"@id\":\"https:\\\/\\\/kibrisdakik.com\\\/#\\\/schema\\\/person\\\/9cd9d437bbb44f72b73ba127e06d8e79\"},\"headline\":\"T\u00fcrkiye E\u011fitim Bakan\u0131 Tekin, Ba\u015fbakan \u00dcstel\u2019i ziyaret etti\",\"datePublished\":\"2023-10-05T11:14:20+00:00\",\"mainEntityOfPage\":{\"@id\":\"https:\\\/\\\/kibrisdakik.com\\\/?p=15099\"},\"wordCount\":340,\"commentCount\":0,\"image\":{\"@id\":\"https:\\\/\\\/kibrisdakik.com\\\/?p=15099#primaryimage\"},\"thumbnailUrl\":\"https:\\\/\\\/kibrisdakik.com\\\/wp-content\\\/uploads\\\/2023\\\/10\\\/kljjs-740x420.jpg\",\"articleSection\":[\"T\u00fcrkiye\"],\"inLanguage\":\"tr\",\"potentialAction\":[{\"@type\":\"CommentAction\",\"name\":\"Comment\",\"target\":[\"https:\\\/\\\/kibrisdakik.com\\\/?p=15099#respond\"]}]},{\"@type\":\"WebPage\",\"@id\":\"https:\\\/\\\/kibrisdakik.com\\\/?p=15099\",\"url\":\"https:\\\/\\\/kibrisdakik.com\\\/?p=15099\",\"name\":\"T\u00fcrkiye E\u011fitim Bakan\u0131 Tekin, Ba\u015fbakan \u00dcstel\u2019i ziyaret etti -\",\"isPartOf\":{\"@id\":\"https:\\\/\\\/kibrisdakik.com\\\/#website\"},\"primaryImageOfPage\":{\"@id\":\"https:\\\/\\\/kibrisdakik.com\\\/?p=15099#primaryimage\"},\"image\":{\"@id\":\"https:\\\/\\\/kibrisdakik.com\\\/?p=15099#primaryimage\"},\"thumbnailUrl\":\"https:\\\/\\\/kibrisdakik.com\\\/wp-content\\\/uploads\\\/2023\\\/10\\\/kljjs-740x420.jpg\",\"datePublished\":\"2023-10-05T11:14:20+00:00\",\"author\":{\"@id\":\"https:\\\/\\\/kibrisdakik.com\\\/#\\\/schema\\\/person\\\/9cd9d437bbb44f72b73ba127e06d8e79\"},\"breadcrumb\":{\"@id\":\"https:\\\/\\\/kibrisdakik.com\\\/?p=15099#breadcrumb\"},\"inLanguage\":\"tr\",\"potentialAction\":[{\"@type\":\"ReadAction\",\"target\":[\"https:\\\/\\\/kibrisdakik.com\\\/?p=15099\"]}]},{\"@type\":\"ImageObject\",\"inLanguage\":\"tr\",\"@id\":\"https:\\\/\\\/kibrisdakik.com\\\/?p=15099#primaryimage\",\"url\":\"https:\\\/\\\/kibrisdakik.com\\\/wp-content\\\/uploads\\\/2023\\\/10\\\/kljjs-740x420.jpg\",\"contentUrl\":\"https:\\\/\\\/kibrisdakik.com\\\/wp-content\\\/uploads\\\/2023\\\/10\\\/kljjs-740x420.jpg\",\"width\":1654,\"height\":849},{\"@type\":\"BreadcrumbList\",\"@id\":\"https:\\\/\\\/kibrisdakik.com\\\/?p=15099#breadcrumb\",\"itemListElement\":[{\"@type\":\"ListItem\",\"position\":1,\"name\":\"Home\",\"item\":\"https:\\\/\\\/kibrisdakik.com\\\/\"},{\"@type\":\"ListItem\",\"position\":2,\"name\":\"T\u00fcrkiye E\u011fitim Bakan\u0131 Tekin, Ba\u015fbakan \u00dcstel\u2019i ziyaret etti\"}]},{\"@type\":\"WebSite\",\"@id\":\"https:\\\/\\\/kibrisdakik.com\\\/#website\",\"url\":\"https:\\\/\\\/kibrisdakik.com\\\/\",\"name\":\"\",\"description\":\"Tam vaktinde haber\",\"potentialAction\":[{\"@type\":\"SearchAction\",\"target\":{\"@type\":\"EntryPoint\",\"urlTemplate\":\"https:\\\/\\\/kibrisdakik.com\\\/?s={search_term_string}\"},\"query-input\":{\"@type\":\"PropertyValueSpecification\",\"valueRequired\":true,\"valueName\":\"search_term_string\"}}],\"inLanguage\":\"tr\"},{\"@type\":\"Person\",\"@id\":\"https:\\\/\\\/kibrisdakik.com\\\/#\\\/schema\\\/person\\\/9cd9d437bbb44f72b73ba127e06d8e79\",\"name\":\"admin\",\"image\":{\"@type\":\"ImageObject\",\"inLanguage\":\"tr\",\"@id\":\"https:\\\/\\\/secure.gravatar.com\\\/avatar\\\/ccc17943b9d660506c869530f897617f7cb1c21a4bf30023f252596d83e1f007?s=96&d=mm&r=g\",\"url\":\"https:\\\/\\\/secure.gravatar.com\\\/avatar\\\/ccc17943b9d660506c869530f897617f7cb1c21a4bf30023f252596d83e1f007?s=96&d=mm&r=g\",\"contentUrl\":\"https:\\\/\\\/secure.gravatar.com\\\/avatar\\\/ccc17943b9d660506c869530f897617f7cb1c21a4bf30023f252596d83e1f007?s=96&d=mm&r=g\",\"caption\":\"admin\"},\"sameAs\":[\"https:\\\/\\\/kibrisdakik.com\"],\"url\":\"https:\\\/\\\/kibrisdakik.com\\\/?author=1\"}]}<\/script>\n<!-- \/ Yoast SEO plugin. -->","yoast_head_json":{"title":"T\u00fcrkiye E\u011fitim Bakan\u0131 Tekin, Ba\u015fbakan \u00dcstel\u2019i ziyaret etti -","robots":{"index":"index","follow":"follow","max-snippet":"max-snippet:-1","max-image-preview":"max-image-preview:large","max-video-preview":"max-video-preview:-1"},"canonical":"https:\/\/kibrisdakik.com\/?p=15099","og_locale":"tr_TR","og_type":"article","og_title":"T\u00fcrkiye E\u011fitim Bakan\u0131 Tekin, Ba\u015fbakan \u00dcstel\u2019i ziyaret etti -","og_description":"T\u00fcrkiye Milli E\u011fitim Bakan\u0131 Yusuf Tekin, Ba\u015fbakan \u00dcnal \u00dcstel taraf\u0131ndan kabul edildi. Kabulde T\u00fcrkiye\u2019nin Lefko\u015fa B\u00fcy\u00fckel\u00e7isi Metin Feyzio\u011flu ve Milli E\u011fitim Bakan\u0131 Naz\u0131m \u00c7avu\u015fo\u011flu da haz\u0131r bulundu. Kabulde konu\u015fan, Ba\u015fbakan \u00dcnal \u00dcstel, iki \u00fclke aras\u0131nda e\u011fitim alan\u0131nda da i\u015fbirli\u011fi \u00e7al\u0131\u015fmalar\u0131n\u0131n s\u00fcrd\u00fc\u011f\u00fcn\u00fc ifade etti. Ba\u015fbakan \u00dcstel, \u201cBiz KKTC olarak T\u00fcrkiye ile sizinle her zaman iyi ili\u015fkiler","og_url":"https:\/\/kibrisdakik.com\/?p=15099","article_published_time":"2023-10-05T11:14:20+00:00","og_image":[{"width":1654,"height":849,"url":"https:\/\/kibrisdakik.com\/wp-content\/uploads\/2023\/10\/kljjs-740x420.jpg","type":"image\/jpeg"}],"author":"admin","twitter_card":"summary_large_image","twitter_misc":{"Yazan:":"admin","Tahmini okuma s\u00fcresi":"2 dakika"},"schema":{"@context":"https:\/\/schema.org","@graph":[{"@type":"Article","@id":"https:\/\/kibrisdakik.com\/?p=15099#article","isPartOf":{"@id":"https:\/\/kibrisdakik.com\/?p=15099"},"author":{"name":"admin","@id":"https:\/\/kibrisdakik.com\/#\/schema\/person\/9cd9d437bbb44f72b73ba127e06d8e79"},"headline":"T\u00fcrkiye E\u011fitim Bakan\u0131 Tekin, Ba\u015fbakan \u00dcstel\u2019i ziyaret etti","datePublished":"2023-10-05T11:14:20+00:00","mainEntityOfPage":{"@id":"https:\/\/kibrisdakik.com\/?p=15099"},"wordCount":340,"commentCount":0,"image":{"@id":"https:\/\/kibrisdakik.com\/?p=15099#primaryimage"},"thumbnailUrl":"https:\/\/kibrisdakik.com\/wp-content\/uploads\/2023\/10\/kljjs-740x420.jpg","articleSection":["T\u00fcrkiye"],"inLanguage":"tr","potentialAction":[{"@type":"CommentAction","name":"Comment","target":["https:\/\/kibrisdakik.com\/?p=15099#respond"]}]},{"@type":"WebPage","@id":"https:\/\/kibrisdakik.com\/?p=15099","url":"https:\/\/kibrisdakik.com\/?p=15099","name":"T\u00fcrkiye E\u011fitim Bakan\u0131 Tekin, Ba\u015fbakan \u00dcstel\u2019i ziyaret etti -","isPartOf":{"@id":"https:\/\/kibrisdakik.com\/#website"},"primaryImageOfPage":{"@id":"https:\/\/kibrisdakik.com\/?p=15099#primaryimage"},"image":{"@id":"https:\/\/kibrisdakik.com\/?p=15099#primaryimage"},"thumbnailUrl":"https:\/\/kibrisdakik.com\/wp-content\/uploads\/2023\/10\/kljjs-740x420.jpg","datePublished":"2023-10-05T11:14:20+00:00","author":{"@id":"https:\/\/kibrisdakik.com\/#\/schema\/person\/9cd9d437bbb44f72b73ba127e06d8e79"},"breadcrumb":{"@id":"https:\/\/kibrisdakik.com\/?p=15099#breadcrumb"},"inLanguage":"tr","potentialAction":[{"@type":"ReadAction","target":["https:\/\/kibrisdakik.com\/?p=15099"]}]},{"@type":"ImageObject","inLanguage":"tr","@id":"https:\/\/kibrisdakik.com\/?p=15099#primaryimage","url":"https:\/\/kibrisdakik.com\/wp-content\/uploads\/2023\/10\/kljjs-740x420.jpg","contentUrl":"https:\/\/kibrisdakik.com\/wp-content\/uploads\/2023\/10\/kljjs-740x420.jpg","width":1654,"height":849},{"@type":"BreadcrumbList","@id":"https:\/\/kibrisdakik.com\/?p=15099#breadcrumb","itemListElement":[{"@type":"ListItem","position":1,"name":"Home","item":"https:\/\/kibrisdakik.com\/"},{"@type":"ListItem","position":2,"name":"T\u00fcrkiye E\u011fitim Bakan\u0131 Tekin, Ba\u015fbakan \u00dcstel\u2019i ziyaret etti"}]},{"@type":"WebSite","@id":"https:\/\/kibrisdakik.com\/#website","url":"https:\/\/kibrisdakik.com\/","name":"","description":"Tam vaktinde haber","potentialAction":[{"@type":"SearchAction","target":{"@type":"EntryPoint","urlTemplate":"https:\/\/kibrisdakik.com\/?s={search_term_string}"},"query-input":{"@type":"PropertyValueSpecification","valueRequired":true,"valueName":"search_term_string"}}],"inLanguage":"tr"},{"@type":"Person","@id":"https:\/\/kibrisdakik.com\/#\/schema\/person\/9cd9d437bbb44f72b73ba127e06d8e79","name":"admin","image":{"@type":"ImageObject","inLanguage":"tr","@id":"https:\/\/secure.gravatar.com\/avatar\/ccc17943b9d660506c869530f897617f7cb1c21a4bf30023f252596d83e1f007?s=96&d=mm&r=g","url":"https:\/\/secure.gravatar.com\/avatar\/ccc17943b9d660506c869530f897617f7cb1c21a4bf30023f252596d83e1f007?s=96&d=mm&r=g","contentUrl":"https:\/\/secure.gravatar.com\/avatar\/ccc17943b9d660506c869530f897617f7cb1c21a4bf30023f252596d83e1f007?s=96&d=mm&r=g","caption":"admin"},"sameAs":["https:\/\/kibrisdakik.com"],"url":"https:\/\/kibrisdakik.com\/?author=1"}]}},"_links":{"self":[{"href":"https:\/\/kibrisdakik.com\/index.php?rest_route=\/wp\/v2\/posts\/15099","targetHints":{"allow":["GET"]}}],"collection":[{"href":"https:\/\/kibrisdakik.com\/index.php?rest_route=\/wp\/v2\/posts"}],"about":[{"href":"https:\/\/kibrisdakik.com\/index.php?rest_route=\/wp\/v2\/types\/post"}],"author":[{"embeddable":true,"href":"https:\/\/kibrisdakik.com\/index.php?rest_route=\/wp\/v2\/users\/1"}],"replies":[{"embeddable":true,"href":"https:\/\/kibrisdakik.com\/index.php?rest_route=%2Fwp%2Fv2%2Fcomments&post=15099"}],"version-history":[{"count":0,"href":"https:\/\/kibrisdakik.com\/index.php?rest_route=\/wp\/v2\/posts\/15099\/revisions"}],"wp:featuredmedia":[{"embeddable":true,"href":"https:\/\/kibrisdakik.com\/index.php?rest_route=\/wp\/v2\/media\/15100"}],"wp:attachment":[{"href":"https:\/\/kibrisdakik.com\/index.php?rest_route=%2Fwp%2Fv2%2Fmedia&parent=15099"}],"wp:term":[{"taxonomy":"category","embeddable":true,"href":"https:\/\/kibrisdakik.com\/index.php?rest_route=%2Fwp%2Fv2%2Fcategories&post=15099"},{"taxonomy":"post_tag","embeddable":true,"href":"https:\/\/kibrisdakik.com\/index.php?rest_route=%2Fwp%2Fv2%2Ftags&post=15099"}],"curies":[{"name":"wp","href":"https:\/\/api.w.org\/{rel}","templated":true}]}}