{"id":15121,"date":"2023-10-05T15:54:06","date_gmt":"2023-10-05T15:54:06","guid":{"rendered":"https:\/\/kibrisdakik.com\/index.php\/2023\/10\/05\/ataoglu-kirsal-alan-ekolojisi-ve-kirsal-alanlarin-korunmasi-onceligimizdir\/"},"modified":"2023-10-05T15:54:06","modified_gmt":"2023-10-05T15:54:06","slug":"ataoglu-kirsal-alan-ekolojisi-ve-kirsal-alanlarin-korunmasi-onceligimizdir","status":"publish","type":"post","link":"https:\/\/kibrisdakik.com\/?p=15121","title":{"rendered":"Atao\u011flu: K\u0131rsal alan ekolojisi ve k\u0131rsal alanlar\u0131n korunmas\u0131 \u00f6nceli\u011fimizdir"},"content":{"rendered":"<p><\/p>\n<div>\n<div class=\"mariselle-image-container none\">\n                <img width=\"2560\" height=\"1708\" class=\"lazy-image\" alt=\"\" decoding=\"async\" loading=\"lazy\" sizes=\"auto, (max-width: 2560px) 100vw, 2560px\" src=\"https:\/\/brtk.net\/wp-content\/uploads\/2023\/10\/05\/turizm-kongre-2-1-scaled.jpg?ver=4683ec83cf0b4b26079f51ab9d1fd991\" srcset=\"https:\/\/brtk.net\/wp-content\/uploads\/2023\/10\/05\/turizm-kongre-2-1-scaled.jpg?ver=4683ec83cf0b4b26079f51ab9d1fd991 2560w, https:\/\/brtk.net\/wp-content\/uploads\/2023\/10\/05\/turizm-kongre-2-1-300x200.jpg?ver=4683ec83cf0b4b26079f51ab9d1fd991 300w, https:\/\/brtk.net\/wp-content\/uploads\/2023\/10\/05\/turizm-kongre-2-1-1024x683.jpg?ver=6062ca7ae5a29d9b83558f378cddd9a0 1024w, https:\/\/brtk.net\/wp-content\/uploads\/2023\/10\/05\/turizm-kongre-2-1-768x512.jpg?ver=91a1105593ea4de179dcff227b7f710d 768w, https:\/\/brtk.net\/wp-content\/uploads\/2023\/10\/05\/turizm-kongre-2-1-1536x1025.jpg?ver=805c33457bcac9273d6085ecde8cc503 1536w, https:\/\/brtk.net\/wp-content\/uploads\/2023\/10\/05\/turizm-kongre-2-1-2048x1367.jpg?ver=eeb5bcfb50f4572d4ad959b0ef868ad6 2048w\"\/>                            <\/div>\n<p class=\"Gvde\">Ba\u015fbakan Yard\u0131mc\u0131s\u0131, Turizm K\u00fclt\u00fcr Gen\u00e7lik ve \u00c7evre Bakan\u0131 Fikri Atao\u011flu, IKSAD Enstit\u00fcs\u00fc (\u0130ktisadi Kalk\u0131nma ve Sosyal Ara\u015ft\u0131rmalar Enstit\u00fcs\u00fc)\u2019n\u00fcn y\u00fcr\u00fct\u00fcc\u00fcl\u00fc\u011f\u00fcnde The Olive Tree Hotel\u2019de ger\u00e7ekle\u015ftirilen\u00a0\u00a0\u201cIV. Uluslararas\u0131 S\u00fcrd\u00fcr\u00fclebilir Geli\u015fme \u00c7er\u00e7evesinde \u201cK\u0131rsal Alanlar ve Ekoloji\u201d Kongresi\u2019ne kat\u0131ld\u0131.<\/p>\n<p class=\"Gvde\"><span lang=\"EN-GB\">Bakanl\u0131ktan verilen bilgiye g\u00f6re, Kongre, yurt i\u00e7inden ve yurt d\u0131\u015f\u0131ndan nitelikli bilim insanlar\u0131n\u0131 bir araya getirerek, K\u0131rsal Alan Ekosistemleri \u00f6ncelikli olmak \u00fczere Do\u011fa Bilimleri ile Ekoloji Bilimleri konusunda de\u011ferli ara\u015ft\u0131rmalar\u0131 sunmak, bilgileri payla\u015fmak ve uluslararas\u0131 ortak bir platform olu\u015fturmak amac\u0131 ile yap\u0131l\u0131yor.<\/span><\/p>\n<p class=\"Gvde\"><span lang=\"EN-GB\">Kongrede Ba\u015fbakan Yard\u0131mc\u0131s\u0131, Turizm K\u00fclt\u00fcr Gen\u00e7lik ve \u00c7evre Bakan\u0131 Fikri Atao\u011flu, Eski Ba\u015fbakan Yard\u0131mc\u0131s\u0131, Ekonomi, Turizm ve Maliye Bakan\u0131 Serdar Denkta\u015f, Orman Dairesi M\u00fcd\u00fcr\u00fc Salih G\u00fcne\u015f, Eski Orhan Dairesi M\u00fcd\u00fcr\u00fc Cemil Karzao\u011flu, Eski \u00c7evre Koruma Dairesi Memuru Mustafa Kemal Merakl\u0131 ve T.C. K\u0131r\u0131kkale \u00dcniversitesi G\u00fczel Sanatlar Fak\u00fcltesi Peyzaj Mimarl\u0131\u011f\u0131 B\u00f6l\u00fcm Ba\u015fkan\u0131 Prof. Dr. \u00d6ner Demirel birer konu\u015fma yapt\u0131.<\/span><\/p>\n<p class=\"Gvde\"><span lang=\"EN-GB\">Yar\u0131n da devam edecek olan kongre, \u00e7evrimi\u00e7i ve y\u00fcz y\u00fcze olarak ger\u00e7ekle\u015ftirilece.<\/span><\/p>\n<p class=\"Gvde\"><span lang=\"EN-GB\">Ba\u015fbakan Yard\u0131mc\u0131s\u0131 Turizm K\u00fclt\u00fcr Gen\u00e7lik ve \u00c7evre Bakan\u0131 Fikri Atao\u011flu, kongrede yapt\u0131\u011f\u0131 konu\u015fmada, k\u0131rsal alan ekolojisi ve k\u0131rsal alanlar\u0131n, korunmas\u0131 konusunda bakanl\u0131\u011f\u0131n hassas davrand\u0131\u011f\u0131n\u0131 s\u00f6yledi.<\/span><\/p>\n<p class=\"Gvde\"><span lang=\"EN-GB\">Atao\u011flu s\u00f6zlerini \u015f\u00f6yle s\u00fcrd\u00fcrd\u00fc;<\/span><\/p>\n<p class=\"Gvde\"><span lang=\"EN-GB\">\u201cBakanl\u0131\u011f\u0131m\u0131z bir\u00e7ok koruma \u00e7al\u0131\u015fmas\u0131n\u0131 izinlendirerek farkl\u0131 konularda koruma \u00e7al\u0131\u015fmalar\u0131n\u0131n yap\u0131lmas\u0131na imkan sa\u011flam\u0131\u015f ve \u00c7evre Yasas\u0131 kapsam\u0131nda haz\u0131rlad\u0131\u011f\u0131 Flora, Fauna T\u00fcrleri ve Yabani Ku\u015flar\u0131n Korunmas\u0131 T\u00fcz\u00fc\u011f\u00fc\u2019ne g\u00f6re de biyolojik \u00e7e\u015fitlilik de\u011ferlerinin korunmas\u0131 i\u00e7in etkin \u00e7al\u0131\u015fmalar\u0131n\u0131 y\u00fcr\u00fctmektedir.<\/span><\/p>\n<p class=\"Gvde\"><span lang=\"EN-GB\">\u00dclkemizin bir turizm \u00fclkesi oldu\u011fu ger\u00e7e\u011finden hareketle, \u00e7evre, bir turizm kayna\u011f\u0131 olma \u00f6zelli\u011fini ta\u015f\u0131rken, turizmin en \u00f6nemli etkileri de \u00e7evre \u00fczerinde olmaktad\u0131r.<\/span><\/p>\n<p class=\"Gvde\"><span lang=\"EN-GB\">Turizm, bir yandan do\u011fal kaynaklar\u0131 yo\u011fun bir bi\u00e7imde kullanan, bir yandan da korumak zorunda olan bir sekt\u00f6rd\u00fcr. \u00c7\u00fcnk\u00fc turizmin geli\u015fmesi ve bir alan\u0131n \u00e7evresel kullan\u0131m\u0131 \u00e7evresel etkiler yarat\u0131r.<\/span><\/p>\n<p class=\"Gvde\"><span lang=\"EN-GB\">Do\u011fal \u00e7evreyi, bug\u00fcn ve gelecekte \u00e7ekici k\u0131labilen y\u00f6reler; be\u015feri yap\u0131s\u0131n\u0131 ve\u00a0 do\u011fal peyzaj ile birlikte mimari yap\u0131 \u00f6zellikleriyle dengeli bir \u015fekilde bir araya getirdiklerinde yararlar\u0131ndan daha fazla pay alabileceklerdir.<\/span><\/p>\n<p class=\"Gvde\"><span lang=\"EN-GB\">Bu ba\u011flamda k\u0131rsal alanlardaki ekolojik yap\u0131n\u0131n korunmas\u0131, \u00f6zelliklede \u00fclkemizde \u00e7o\u011funlu\u011fu k\u0131rsal b\u00f6lgelerde bulunan Sulak Alanlar\u0131n korunmas\u0131 ile ilgili yine \u00c7evre Yasas\u0131 taht\u0131nda \u00e7\u0131kar\u0131lm\u0131\u015f olan \u201c Sulak Alanlar\u0131n Korunmas\u0131 ve Y\u00f6netimi T\u00fcz\u00fc\u011f\u00fc\u201d ile hassas bir \u015fekilde y\u00f6netilmektedir.<\/span><\/p>\n<p class=\"Gvde\"><span lang=\"EN-GB\">-\u0130klim kriziyle m\u00fccadele\u2026<\/span><\/p>\n<p class=\"Gvde\"><span lang=\"EN-GB\">Yine d\u00fcnyan\u0131n en b\u00fcy\u00fck sorunlar\u0131ndan biri haline gelen iklim krizi ile m\u00fccadelede, ba\u015fta \u00e7evre e\u011fitimi konusunda \u00e7al\u0131\u015fmalar\u0131m\u0131z\u0131 s\u00fcrd\u00fcr\u00fcken, d\u00fcnyan\u0131n takip etmekte oldu\u011fu politika ve stratejilerden de yararlanmaktay\u0131z.<\/span><\/p>\n<p class=\"Gvde\"><span lang=\"EN-GB\">\u0130klim krizine ba\u011fl\u0131 kurakl\u0131k veya a\u015f\u0131r\u0131 ya\u011f\u0131\u015flar\u0131n d\u00f6nemli ve b\u00fcy\u00fck miktarlardaki tar\u0131msal arazi kay\u0131plar\u0131 gelecekte g\u0131da g\u00fcvenli\u011fi a\u00e7\u0131s\u0131ndan sorunlara yol a\u00e7abilece\u011fi ger\u00e7e\u011finden hareketle \u00fclkemizdeki biyolojik \u00e7e\u015fitlili\u011fin ve orman alanlar\u0131n\u0131n korunmas\u0131 ve geli\u015ftilmesi i\u00e7in politika \u00fcretmeye ve uygulamaya devam edece\u011fiz.<\/span><\/p>\n<p class=\"Gvde\"><span lang=\"EN-GB\">Bu ba\u011flamda, kongrede yer alacak bildiriler ve kongre sonucunu dikkatle takip edece\u011fimizden ve\u00a0 Bakanl\u0131k olarak \u00fcst\u00fcm\u00fcze d\u00fc\u015fen g\u00f6revleri yerine getirece\u011fimizden \u015f\u00fcpheniz olmas\u0131n.\u201d<\/span><\/p>\n<p class=\"Gvde\"><span lang=\"EN-GB\">\u00a0<\/span><\/p>\n<p>\u00a0<\/p>\n<\/p><\/div>\n<p><script async\n                    defer\n                    crossorigin=\"anonymous\"\n                    src=\"https:\/\/connect.facebook.net\/tr_TR\/sdk.js#xfbml=1&#038;version=v3.3\"\n            ><\/script><\/p>\n","protected":false},"excerpt":{"rendered":"<p>Ba\u015fbakan Yard\u0131mc\u0131s\u0131, Turizm K\u00fclt\u00fcr Gen\u00e7lik ve \u00c7evre Bakan\u0131 Fikri Atao\u011flu, IKSAD Enstit\u00fcs\u00fc (\u0130ktisadi Kalk\u0131nma ve Sosyal Ara\u015ft\u0131rmalar Enstit\u00fcs\u00fc)\u2019n\u00fcn y\u00fcr\u00fct\u00fcc\u00fcl\u00fc\u011f\u00fcnde The Olive Tree Hotel\u2019de ger\u00e7ekle\u015ftirilen\u00a0\u00a0\u201cIV. Uluslararas\u0131 S\u00fcrd\u00fcr\u00fclebilir Geli\u015fme \u00c7er\u00e7evesinde \u201cK\u0131rsal Alanlar ve Ekoloji\u201d Kongresi\u2019ne kat\u0131ld\u0131. Bakanl\u0131ktan verilen bilgiye g\u00f6re, Kongre, yurt i\u00e7inden ve yurt d\u0131\u015f\u0131ndan nitelikli bilim insanlar\u0131n\u0131 bir araya getirerek, K\u0131rsal Alan Ekosistemleri \u00f6ncelikli olmak<\/p>\n","protected":false},"author":1,"featured_media":15122,"comment_status":"open","ping_status":"open","sticky":false,"template":"","format":"standard","meta":{"footnotes":""},"categories":[1],"tags":[],"class_list":["post-15121","post","type-post","status-publish","format-standard","has-post-thumbnail","hentry","category-gundem"],"yoast_head":"<!-- This site is optimized with the Yoast SEO plugin v27.4 - https:\/\/yoast.com\/product\/yoast-seo-wordpress\/ -->\n<title>Atao\u011flu: K\u0131rsal alan ekolojisi ve k\u0131rsal alanlar\u0131n korunmas\u0131 \u00f6nceli\u011fimizdir -<\/title>\n<meta name=\"robots\" content=\"index, follow, max-snippet:-1, max-image-preview:large, max-video-preview:-1\" \/>\n<link rel=\"canonical\" href=\"https:\/\/kibrisdakik.com\/?p=15121\" \/>\n<meta property=\"og:locale\" content=\"tr_TR\" \/>\n<meta property=\"og:type\" content=\"article\" \/>\n<meta property=\"og:title\" content=\"Atao\u011flu: K\u0131rsal alan ekolojisi ve k\u0131rsal alanlar\u0131n korunmas\u0131 \u00f6nceli\u011fimizdir -\" \/>\n<meta property=\"og:description\" content=\"Ba\u015fbakan Yard\u0131mc\u0131s\u0131, Turizm K\u00fclt\u00fcr Gen\u00e7lik ve \u00c7evre Bakan\u0131 Fikri Atao\u011flu, IKSAD Enstit\u00fcs\u00fc (\u0130ktisadi Kalk\u0131nma ve Sosyal Ara\u015ft\u0131rmalar Enstit\u00fcs\u00fc)\u2019n\u00fcn y\u00fcr\u00fct\u00fcc\u00fcl\u00fc\u011f\u00fcnde The Olive Tree Hotel\u2019de ger\u00e7ekle\u015ftirilen\u00a0\u00a0\u201cIV. Uluslararas\u0131 S\u00fcrd\u00fcr\u00fclebilir Geli\u015fme \u00c7er\u00e7evesinde \u201cK\u0131rsal Alanlar ve Ekoloji\u201d Kongresi\u2019ne kat\u0131ld\u0131. Bakanl\u0131ktan verilen bilgiye g\u00f6re, Kongre, yurt i\u00e7inden ve yurt d\u0131\u015f\u0131ndan nitelikli bilim insanlar\u0131n\u0131 bir araya getirerek, K\u0131rsal Alan Ekosistemleri \u00f6ncelikli olmak\" \/>\n<meta property=\"og:url\" content=\"https:\/\/kibrisdakik.com\/?p=15121\" \/>\n<meta property=\"article:published_time\" content=\"2023-10-05T15:54:06+00:00\" \/>\n<meta property=\"og:image\" content=\"https:\/\/kibrisdakik.com\/wp-content\/uploads\/2023\/10\/turizm-kongre-2-1-scaled-740x420.jpg\" \/>\n\t<meta property=\"og:image:width\" content=\"2560\" \/>\n\t<meta property=\"og:image:height\" content=\"1708\" \/>\n\t<meta property=\"og:image:type\" content=\"image\/jpeg\" \/>\n<meta name=\"author\" content=\"admin\" \/>\n<meta name=\"twitter:card\" content=\"summary_large_image\" \/>\n<meta name=\"twitter:label1\" content=\"Yazan:\" \/>\n\t<meta name=\"twitter:data1\" content=\"admin\" \/>\n\t<meta name=\"twitter:label2\" content=\"Tahmini okuma s\u00fcresi\" \/>\n\t<meta name=\"twitter:data2\" content=\"3 dakika\" \/>\n<script type=\"application\/ld+json\" class=\"yoast-schema-graph\">{\"@context\":\"https:\\\/\\\/schema.org\",\"@graph\":[{\"@type\":\"Article\",\"@id\":\"https:\\\/\\\/kibrisdakik.com\\\/?p=15121#article\",\"isPartOf\":{\"@id\":\"https:\\\/\\\/kibrisdakik.com\\\/?p=15121\"},\"author\":{\"name\":\"admin\",\"@id\":\"https:\\\/\\\/kibrisdakik.com\\\/#\\\/schema\\\/person\\\/9cd9d437bbb44f72b73ba127e06d8e79\"},\"headline\":\"Atao\u011flu: K\u0131rsal alan ekolojisi ve k\u0131rsal alanlar\u0131n korunmas\u0131 \u00f6nceli\u011fimizdir\",\"datePublished\":\"2023-10-05T15:54:06+00:00\",\"mainEntityOfPage\":{\"@id\":\"https:\\\/\\\/kibrisdakik.com\\\/?p=15121\"},\"wordCount\":643,\"commentCount\":0,\"image\":{\"@id\":\"https:\\\/\\\/kibrisdakik.com\\\/?p=15121#primaryimage\"},\"thumbnailUrl\":\"https:\\\/\\\/kibrisdakik.com\\\/wp-content\\\/uploads\\\/2023\\\/10\\\/turizm-kongre-2-1-scaled-740x420.jpg\",\"articleSection\":[\"G\u00fcndem\"],\"inLanguage\":\"tr\",\"potentialAction\":[{\"@type\":\"CommentAction\",\"name\":\"Comment\",\"target\":[\"https:\\\/\\\/kibrisdakik.com\\\/?p=15121#respond\"]}]},{\"@type\":\"WebPage\",\"@id\":\"https:\\\/\\\/kibrisdakik.com\\\/?p=15121\",\"url\":\"https:\\\/\\\/kibrisdakik.com\\\/?p=15121\",\"name\":\"Atao\u011flu: K\u0131rsal alan ekolojisi ve k\u0131rsal alanlar\u0131n korunmas\u0131 \u00f6nceli\u011fimizdir -\",\"isPartOf\":{\"@id\":\"https:\\\/\\\/kibrisdakik.com\\\/#website\"},\"primaryImageOfPage\":{\"@id\":\"https:\\\/\\\/kibrisdakik.com\\\/?p=15121#primaryimage\"},\"image\":{\"@id\":\"https:\\\/\\\/kibrisdakik.com\\\/?p=15121#primaryimage\"},\"thumbnailUrl\":\"https:\\\/\\\/kibrisdakik.com\\\/wp-content\\\/uploads\\\/2023\\\/10\\\/turizm-kongre-2-1-scaled-740x420.jpg\",\"datePublished\":\"2023-10-05T15:54:06+00:00\",\"author\":{\"@id\":\"https:\\\/\\\/kibrisdakik.com\\\/#\\\/schema\\\/person\\\/9cd9d437bbb44f72b73ba127e06d8e79\"},\"breadcrumb\":{\"@id\":\"https:\\\/\\\/kibrisdakik.com\\\/?p=15121#breadcrumb\"},\"inLanguage\":\"tr\",\"potentialAction\":[{\"@type\":\"ReadAction\",\"target\":[\"https:\\\/\\\/kibrisdakik.com\\\/?p=15121\"]}]},{\"@type\":\"ImageObject\",\"inLanguage\":\"tr\",\"@id\":\"https:\\\/\\\/kibrisdakik.com\\\/?p=15121#primaryimage\",\"url\":\"https:\\\/\\\/kibrisdakik.com\\\/wp-content\\\/uploads\\\/2023\\\/10\\\/turizm-kongre-2-1-scaled-740x420.jpg\",\"contentUrl\":\"https:\\\/\\\/kibrisdakik.com\\\/wp-content\\\/uploads\\\/2023\\\/10\\\/turizm-kongre-2-1-scaled-740x420.jpg\",\"width\":2560,\"height\":1708},{\"@type\":\"BreadcrumbList\",\"@id\":\"https:\\\/\\\/kibrisdakik.com\\\/?p=15121#breadcrumb\",\"itemListElement\":[{\"@type\":\"ListItem\",\"position\":1,\"name\":\"Home\",\"item\":\"https:\\\/\\\/kibrisdakik.com\\\/\"},{\"@type\":\"ListItem\",\"position\":2,\"name\":\"Atao\u011flu: K\u0131rsal alan ekolojisi ve k\u0131rsal alanlar\u0131n korunmas\u0131 \u00f6nceli\u011fimizdir\"}]},{\"@type\":\"WebSite\",\"@id\":\"https:\\\/\\\/kibrisdakik.com\\\/#website\",\"url\":\"https:\\\/\\\/kibrisdakik.com\\\/\",\"name\":\"\",\"description\":\"Tam vaktinde haber\",\"potentialAction\":[{\"@type\":\"SearchAction\",\"target\":{\"@type\":\"EntryPoint\",\"urlTemplate\":\"https:\\\/\\\/kibrisdakik.com\\\/?s={search_term_string}\"},\"query-input\":{\"@type\":\"PropertyValueSpecification\",\"valueRequired\":true,\"valueName\":\"search_term_string\"}}],\"inLanguage\":\"tr\"},{\"@type\":\"Person\",\"@id\":\"https:\\\/\\\/kibrisdakik.com\\\/#\\\/schema\\\/person\\\/9cd9d437bbb44f72b73ba127e06d8e79\",\"name\":\"admin\",\"image\":{\"@type\":\"ImageObject\",\"inLanguage\":\"tr\",\"@id\":\"https:\\\/\\\/secure.gravatar.com\\\/avatar\\\/ccc17943b9d660506c869530f897617f7cb1c21a4bf30023f252596d83e1f007?s=96&d=mm&r=g\",\"url\":\"https:\\\/\\\/secure.gravatar.com\\\/avatar\\\/ccc17943b9d660506c869530f897617f7cb1c21a4bf30023f252596d83e1f007?s=96&d=mm&r=g\",\"contentUrl\":\"https:\\\/\\\/secure.gravatar.com\\\/avatar\\\/ccc17943b9d660506c869530f897617f7cb1c21a4bf30023f252596d83e1f007?s=96&d=mm&r=g\",\"caption\":\"admin\"},\"sameAs\":[\"https:\\\/\\\/kibrisdakik.com\"],\"url\":\"https:\\\/\\\/kibrisdakik.com\\\/?author=1\"}]}<\/script>\n<!-- \/ Yoast SEO plugin. -->","yoast_head_json":{"title":"Atao\u011flu: K\u0131rsal alan ekolojisi ve k\u0131rsal alanlar\u0131n korunmas\u0131 \u00f6nceli\u011fimizdir -","robots":{"index":"index","follow":"follow","max-snippet":"max-snippet:-1","max-image-preview":"max-image-preview:large","max-video-preview":"max-video-preview:-1"},"canonical":"https:\/\/kibrisdakik.com\/?p=15121","og_locale":"tr_TR","og_type":"article","og_title":"Atao\u011flu: K\u0131rsal alan ekolojisi ve k\u0131rsal alanlar\u0131n korunmas\u0131 \u00f6nceli\u011fimizdir -","og_description":"Ba\u015fbakan Yard\u0131mc\u0131s\u0131, Turizm K\u00fclt\u00fcr Gen\u00e7lik ve \u00c7evre Bakan\u0131 Fikri Atao\u011flu, IKSAD Enstit\u00fcs\u00fc (\u0130ktisadi Kalk\u0131nma ve Sosyal Ara\u015ft\u0131rmalar Enstit\u00fcs\u00fc)\u2019n\u00fcn y\u00fcr\u00fct\u00fcc\u00fcl\u00fc\u011f\u00fcnde The Olive Tree Hotel\u2019de ger\u00e7ekle\u015ftirilen\u00a0\u00a0\u201cIV. Uluslararas\u0131 S\u00fcrd\u00fcr\u00fclebilir Geli\u015fme \u00c7er\u00e7evesinde \u201cK\u0131rsal Alanlar ve Ekoloji\u201d Kongresi\u2019ne kat\u0131ld\u0131. Bakanl\u0131ktan verilen bilgiye g\u00f6re, Kongre, yurt i\u00e7inden ve yurt d\u0131\u015f\u0131ndan nitelikli bilim insanlar\u0131n\u0131 bir araya getirerek, K\u0131rsal Alan Ekosistemleri \u00f6ncelikli olmak","og_url":"https:\/\/kibrisdakik.com\/?p=15121","article_published_time":"2023-10-05T15:54:06+00:00","og_image":[{"width":2560,"height":1708,"url":"https:\/\/kibrisdakik.com\/wp-content\/uploads\/2023\/10\/turizm-kongre-2-1-scaled-740x420.jpg","type":"image\/jpeg"}],"author":"admin","twitter_card":"summary_large_image","twitter_misc":{"Yazan:":"admin","Tahmini okuma s\u00fcresi":"3 dakika"},"schema":{"@context":"https:\/\/schema.org","@graph":[{"@type":"Article","@id":"https:\/\/kibrisdakik.com\/?p=15121#article","isPartOf":{"@id":"https:\/\/kibrisdakik.com\/?p=15121"},"author":{"name":"admin","@id":"https:\/\/kibrisdakik.com\/#\/schema\/person\/9cd9d437bbb44f72b73ba127e06d8e79"},"headline":"Atao\u011flu: K\u0131rsal alan ekolojisi ve k\u0131rsal alanlar\u0131n korunmas\u0131 \u00f6nceli\u011fimizdir","datePublished":"2023-10-05T15:54:06+00:00","mainEntityOfPage":{"@id":"https:\/\/kibrisdakik.com\/?p=15121"},"wordCount":643,"commentCount":0,"image":{"@id":"https:\/\/kibrisdakik.com\/?p=15121#primaryimage"},"thumbnailUrl":"https:\/\/kibrisdakik.com\/wp-content\/uploads\/2023\/10\/turizm-kongre-2-1-scaled-740x420.jpg","articleSection":["G\u00fcndem"],"inLanguage":"tr","potentialAction":[{"@type":"CommentAction","name":"Comment","target":["https:\/\/kibrisdakik.com\/?p=15121#respond"]}]},{"@type":"WebPage","@id":"https:\/\/kibrisdakik.com\/?p=15121","url":"https:\/\/kibrisdakik.com\/?p=15121","name":"Atao\u011flu: K\u0131rsal alan ekolojisi ve k\u0131rsal alanlar\u0131n korunmas\u0131 \u00f6nceli\u011fimizdir -","isPartOf":{"@id":"https:\/\/kibrisdakik.com\/#website"},"primaryImageOfPage":{"@id":"https:\/\/kibrisdakik.com\/?p=15121#primaryimage"},"image":{"@id":"https:\/\/kibrisdakik.com\/?p=15121#primaryimage"},"thumbnailUrl":"https:\/\/kibrisdakik.com\/wp-content\/uploads\/2023\/10\/turizm-kongre-2-1-scaled-740x420.jpg","datePublished":"2023-10-05T15:54:06+00:00","author":{"@id":"https:\/\/kibrisdakik.com\/#\/schema\/person\/9cd9d437bbb44f72b73ba127e06d8e79"},"breadcrumb":{"@id":"https:\/\/kibrisdakik.com\/?p=15121#breadcrumb"},"inLanguage":"tr","potentialAction":[{"@type":"ReadAction","target":["https:\/\/kibrisdakik.com\/?p=15121"]}]},{"@type":"ImageObject","inLanguage":"tr","@id":"https:\/\/kibrisdakik.com\/?p=15121#primaryimage","url":"https:\/\/kibrisdakik.com\/wp-content\/uploads\/2023\/10\/turizm-kongre-2-1-scaled-740x420.jpg","contentUrl":"https:\/\/kibrisdakik.com\/wp-content\/uploads\/2023\/10\/turizm-kongre-2-1-scaled-740x420.jpg","width":2560,"height":1708},{"@type":"BreadcrumbList","@id":"https:\/\/kibrisdakik.com\/?p=15121#breadcrumb","itemListElement":[{"@type":"ListItem","position":1,"name":"Home","item":"https:\/\/kibrisdakik.com\/"},{"@type":"ListItem","position":2,"name":"Atao\u011flu: K\u0131rsal alan ekolojisi ve k\u0131rsal alanlar\u0131n korunmas\u0131 \u00f6nceli\u011fimizdir"}]},{"@type":"WebSite","@id":"https:\/\/kibrisdakik.com\/#website","url":"https:\/\/kibrisdakik.com\/","name":"","description":"Tam vaktinde haber","potentialAction":[{"@type":"SearchAction","target":{"@type":"EntryPoint","urlTemplate":"https:\/\/kibrisdakik.com\/?s={search_term_string}"},"query-input":{"@type":"PropertyValueSpecification","valueRequired":true,"valueName":"search_term_string"}}],"inLanguage":"tr"},{"@type":"Person","@id":"https:\/\/kibrisdakik.com\/#\/schema\/person\/9cd9d437bbb44f72b73ba127e06d8e79","name":"admin","image":{"@type":"ImageObject","inLanguage":"tr","@id":"https:\/\/secure.gravatar.com\/avatar\/ccc17943b9d660506c869530f897617f7cb1c21a4bf30023f252596d83e1f007?s=96&d=mm&r=g","url":"https:\/\/secure.gravatar.com\/avatar\/ccc17943b9d660506c869530f897617f7cb1c21a4bf30023f252596d83e1f007?s=96&d=mm&r=g","contentUrl":"https:\/\/secure.gravatar.com\/avatar\/ccc17943b9d660506c869530f897617f7cb1c21a4bf30023f252596d83e1f007?s=96&d=mm&r=g","caption":"admin"},"sameAs":["https:\/\/kibrisdakik.com"],"url":"https:\/\/kibrisdakik.com\/?author=1"}]}},"_links":{"self":[{"href":"https:\/\/kibrisdakik.com\/index.php?rest_route=\/wp\/v2\/posts\/15121","targetHints":{"allow":["GET"]}}],"collection":[{"href":"https:\/\/kibrisdakik.com\/index.php?rest_route=\/wp\/v2\/posts"}],"about":[{"href":"https:\/\/kibrisdakik.com\/index.php?rest_route=\/wp\/v2\/types\/post"}],"author":[{"embeddable":true,"href":"https:\/\/kibrisdakik.com\/index.php?rest_route=\/wp\/v2\/users\/1"}],"replies":[{"embeddable":true,"href":"https:\/\/kibrisdakik.com\/index.php?rest_route=%2Fwp%2Fv2%2Fcomments&post=15121"}],"version-history":[{"count":0,"href":"https:\/\/kibrisdakik.com\/index.php?rest_route=\/wp\/v2\/posts\/15121\/revisions"}],"wp:featuredmedia":[{"embeddable":true,"href":"https:\/\/kibrisdakik.com\/index.php?rest_route=\/wp\/v2\/media\/15122"}],"wp:attachment":[{"href":"https:\/\/kibrisdakik.com\/index.php?rest_route=%2Fwp%2Fv2%2Fmedia&parent=15121"}],"wp:term":[{"taxonomy":"category","embeddable":true,"href":"https:\/\/kibrisdakik.com\/index.php?rest_route=%2Fwp%2Fv2%2Fcategories&post=15121"},{"taxonomy":"post_tag","embeddable":true,"href":"https:\/\/kibrisdakik.com\/index.php?rest_route=%2Fwp%2Fv2%2Ftags&post=15121"}],"curies":[{"name":"wp","href":"https:\/\/api.w.org\/{rel}","templated":true}]}}