{"id":15126,"date":"2023-10-05T17:55:37","date_gmt":"2023-10-05T17:55:37","guid":{"rendered":"https:\/\/kibrisdakik.com\/index.php\/2023\/10\/05\/gardiyanoglu-guzelyurt-ve-lefkedeki-bakanligina-bagli-birimleri-ziyaret-etti\/"},"modified":"2023-10-05T17:55:37","modified_gmt":"2023-10-05T17:55:37","slug":"gardiyanoglu-guzelyurt-ve-lefkedeki-bakanligina-bagli-birimleri-ziyaret-etti","status":"publish","type":"post","link":"https:\/\/kibrisdakik.com\/?p=15126","title":{"rendered":"Gardiyano\u011flu, G\u00fczelyurt ve Lefke\u2019deki bakanl\u0131\u011f\u0131na ba\u011fl\u0131 birimleri ziyaret etti"},"content":{"rendered":"<p><\/p>\n<div>\n<div class=\"mariselle-image-container none\">\n                <img width=\"1600\" height=\"1067\" class=\"lazy-image\" alt=\"\" decoding=\"async\" loading=\"lazy\" sizes=\"auto, (max-width: 1600px) 100vw, 1600px\" src=\"https:\/\/brtk.net\/wp-content\/uploads\/2023\/10\/05\/e-gardiyanoglu-ziyaretler-3-.jpg?ver=ff317a683f5cf678fd04d1b8c8a0a333\" srcset=\"https:\/\/brtk.net\/wp-content\/uploads\/2023\/10\/05\/e-gardiyanoglu-ziyaretler-3-.jpg?ver=ff317a683f5cf678fd04d1b8c8a0a333 1600w, https:\/\/brtk.net\/wp-content\/uploads\/2023\/10\/05\/e-gardiyanoglu-ziyaretler-3--300x200.jpg?ver=b53fa697eea353b255ae86eb62fc41d1 300w, https:\/\/brtk.net\/wp-content\/uploads\/2023\/10\/05\/e-gardiyanoglu-ziyaretler-3--1024x683.jpg?ver=b53fa697eea353b255ae86eb62fc41d1 1024w, https:\/\/brtk.net\/wp-content\/uploads\/2023\/10\/05\/e-gardiyanoglu-ziyaretler-3--768x512.jpg?ver=b53fa697eea353b255ae86eb62fc41d1 768w, https:\/\/brtk.net\/wp-content\/uploads\/2023\/10\/05\/e-gardiyanoglu-ziyaretler-3--1536x1024.jpg?ver=2bfbb13b088cf23e1a79aafdc08ab177 1536w\"\/>                            <\/div>\n<p>\u00a0<\/p>\n<p>\u00a0<\/p>\n<p style=\"font-weight: 300;\">\u00c7al\u0131\u015fma ve Sosyal G\u00fcvenlik Bakan\u0131 Sad\u0131k Gardiyano\u011flu, \u00c7al\u0131\u015fma Dairesi, Sosyal Sigortalar Dairesi ile \u0130htiyat Sand\u0131\u011f\u0131 Dairesi ve Sosyal Hizmetler Dairesi G\u00fczelyurt ve Lefke B\u00f6lge Amirlikleri\u2019ni ziyaret etti.<\/p>\n<p style=\"font-weight: 300;\">Bakan Gardiyano\u011flu\u2019na ziyaretlerinde \u00c7al\u0131\u015fma Dairesi M\u00fcd\u00fcr\u00fc Sezgi \u00c7. Ball\u0131, \u0130htiyat Sand\u0131\u011f\u0131 Dairesi M\u00fcd\u00fcr\u00fc Ali An\u0131l Y\u00fcce, Sosyal Sigortalar Dairesi M\u00fcd\u00fcr\u00fc Tahir Serhat ve Sosyal Hizmetler Dairesi M\u00fcd\u00fcr\u00fc Alev Ecevit e\u015flik etti.<\/p>\n<p style=\"font-weight: 300;\">Bakanl\u0131ktan verilen bilgiye g\u00f6re, personelle bir araya gelerek, hizmet binalar\u0131 ile ilgili bilgi alan Gardiyano\u011flu, personelin s\u0131k\u0131nt\u0131lar\u0131n\u0131 yerinde dinledi, verimli ve etkin \u00e7al\u0131\u015fmaya y\u00f6nelik beklentilerini dile getirdi.<\/p>\n<p style=\"font-weight: 300;\">-Gardiyano\u011flu, \u00f6zel gereksinimli gen\u00e7lerle bir araya geldi.<\/p>\n<p style=\"font-weight: 300;\">\u00c7al\u0131\u015fma ve Sosyal G\u00fcvenlik Bakan\u0131 Sad\u0131k Gardiyano\u011flu daha sonra Sosyal Hizmetler Dairesi\u2019ne ba\u011fl\u0131 G\u00fcne\u015fk\u00f6y 18 Ya\u015f \u00dcst\u00fc Rehabilitasyon Merkezi\u2019ni de ziyaret etti. Merkezi dola\u015farak merkezin faaliyetleri ve ihtiya\u00e7lar\u0131 hakk\u0131nda yetkililerden bilgi ald\u0131.<\/p>\n<p style=\"font-weight: 300;\">Merkeze devam eden \u00f6zel gereksinimli gen\u00e7ler ile sohbet eden Gardiyano\u011flu, gen\u00e7lerin taleplerini dinledi.<\/p>\n<p>\u00a0<\/p>\n<\/p><\/div>\n<p><script async\n                    defer\n                    crossorigin=\"anonymous\"\n                    src=\"https:\/\/connect.facebook.net\/tr_TR\/sdk.js#xfbml=1&#038;version=v3.3\"\n            ><\/script><\/p>\n","protected":false},"excerpt":{"rendered":"<p>\u00a0 \u00a0 \u00c7al\u0131\u015fma ve Sosyal G\u00fcvenlik Bakan\u0131 Sad\u0131k Gardiyano\u011flu, \u00c7al\u0131\u015fma Dairesi, Sosyal Sigortalar Dairesi ile \u0130htiyat Sand\u0131\u011f\u0131 Dairesi ve Sosyal Hizmetler Dairesi G\u00fczelyurt ve Lefke B\u00f6lge Amirlikleri\u2019ni ziyaret etti. Bakan Gardiyano\u011flu\u2019na ziyaretlerinde \u00c7al\u0131\u015fma Dairesi M\u00fcd\u00fcr\u00fc Sezgi \u00c7. Ball\u0131, \u0130htiyat Sand\u0131\u011f\u0131 Dairesi M\u00fcd\u00fcr\u00fc Ali An\u0131l Y\u00fcce, Sosyal Sigortalar Dairesi M\u00fcd\u00fcr\u00fc Tahir Serhat ve Sosyal Hizmetler Dairesi<\/p>\n","protected":false},"author":1,"featured_media":15127,"comment_status":"open","ping_status":"open","sticky":false,"template":"","format":"standard","meta":{"footnotes":""},"categories":[1],"tags":[],"class_list":["post-15126","post","type-post","status-publish","format-standard","has-post-thumbnail","hentry","category-gundem"],"yoast_head":"<!-- This site is optimized with the Yoast SEO plugin v27.5 - https:\/\/yoast.com\/product\/yoast-seo-wordpress\/ -->\n<title>Gardiyano\u011flu, G\u00fczelyurt ve Lefke\u2019deki bakanl\u0131\u011f\u0131na ba\u011fl\u0131 birimleri ziyaret etti -<\/title>\n<meta name=\"robots\" content=\"index, follow, max-snippet:-1, max-image-preview:large, max-video-preview:-1\" \/>\n<link rel=\"canonical\" href=\"https:\/\/kibrisdakik.com\/?p=15126\" \/>\n<meta property=\"og:locale\" content=\"tr_TR\" \/>\n<meta property=\"og:type\" content=\"article\" \/>\n<meta property=\"og:title\" content=\"Gardiyano\u011flu, G\u00fczelyurt ve Lefke\u2019deki bakanl\u0131\u011f\u0131na ba\u011fl\u0131 birimleri ziyaret etti -\" \/>\n<meta property=\"og:description\" content=\"\u00a0 \u00a0 \u00c7al\u0131\u015fma ve Sosyal G\u00fcvenlik Bakan\u0131 Sad\u0131k Gardiyano\u011flu, \u00c7al\u0131\u015fma Dairesi, Sosyal Sigortalar Dairesi ile \u0130htiyat Sand\u0131\u011f\u0131 Dairesi ve Sosyal Hizmetler Dairesi G\u00fczelyurt ve Lefke B\u00f6lge Amirlikleri\u2019ni ziyaret etti. Bakan Gardiyano\u011flu\u2019na ziyaretlerinde \u00c7al\u0131\u015fma Dairesi M\u00fcd\u00fcr\u00fc Sezgi \u00c7. Ball\u0131, \u0130htiyat Sand\u0131\u011f\u0131 Dairesi M\u00fcd\u00fcr\u00fc Ali An\u0131l Y\u00fcce, Sosyal Sigortalar Dairesi M\u00fcd\u00fcr\u00fc Tahir Serhat ve Sosyal Hizmetler Dairesi\" \/>\n<meta property=\"og:url\" content=\"https:\/\/kibrisdakik.com\/?p=15126\" \/>\n<meta property=\"article:published_time\" content=\"2023-10-05T17:55:37+00:00\" \/>\n<meta property=\"og:image\" content=\"https:\/\/kibrisdakik.com\/wp-content\/uploads\/2023\/10\/e-gardiyanoglu-ziyaretler-3--740x420.jpg\" \/>\n\t<meta property=\"og:image:width\" content=\"1600\" \/>\n\t<meta property=\"og:image:height\" content=\"1067\" \/>\n\t<meta property=\"og:image:type\" content=\"image\/jpeg\" \/>\n<meta name=\"author\" content=\"admin\" \/>\n<meta name=\"twitter:card\" content=\"summary_large_image\" \/>\n<meta name=\"twitter:label1\" content=\"Yazan:\" \/>\n\t<meta name=\"twitter:data1\" content=\"admin\" \/>\n\t<meta name=\"twitter:label2\" content=\"Tahmini okuma s\u00fcresi\" \/>\n\t<meta name=\"twitter:data2\" content=\"1 dakika\" \/>\n<script type=\"application\/ld+json\" class=\"yoast-schema-graph\">{\"@context\":\"https:\\\/\\\/schema.org\",\"@graph\":[{\"@type\":\"Article\",\"@id\":\"https:\\\/\\\/kibrisdakik.com\\\/?p=15126#article\",\"isPartOf\":{\"@id\":\"https:\\\/\\\/kibrisdakik.com\\\/?p=15126\"},\"author\":{\"name\":\"admin\",\"@id\":\"https:\\\/\\\/kibrisdakik.com\\\/#\\\/schema\\\/person\\\/9cd9d437bbb44f72b73ba127e06d8e79\"},\"headline\":\"Gardiyano\u011flu, G\u00fczelyurt ve Lefke\u2019deki bakanl\u0131\u011f\u0131na ba\u011fl\u0131 birimleri ziyaret etti\",\"datePublished\":\"2023-10-05T17:55:37+00:00\",\"mainEntityOfPage\":{\"@id\":\"https:\\\/\\\/kibrisdakik.com\\\/?p=15126\"},\"wordCount\":198,\"commentCount\":0,\"image\":{\"@id\":\"https:\\\/\\\/kibrisdakik.com\\\/?p=15126#primaryimage\"},\"thumbnailUrl\":\"https:\\\/\\\/kibrisdakik.com\\\/wp-content\\\/uploads\\\/2023\\\/10\\\/e-gardiyanoglu-ziyaretler-3--740x420.jpg\",\"articleSection\":[\"G\u00fcndem\"],\"inLanguage\":\"tr\",\"potentialAction\":[{\"@type\":\"CommentAction\",\"name\":\"Comment\",\"target\":[\"https:\\\/\\\/kibrisdakik.com\\\/?p=15126#respond\"]}]},{\"@type\":\"WebPage\",\"@id\":\"https:\\\/\\\/kibrisdakik.com\\\/?p=15126\",\"url\":\"https:\\\/\\\/kibrisdakik.com\\\/?p=15126\",\"name\":\"Gardiyano\u011flu, G\u00fczelyurt ve Lefke\u2019deki bakanl\u0131\u011f\u0131na ba\u011fl\u0131 birimleri ziyaret etti -\",\"isPartOf\":{\"@id\":\"https:\\\/\\\/kibrisdakik.com\\\/#website\"},\"primaryImageOfPage\":{\"@id\":\"https:\\\/\\\/kibrisdakik.com\\\/?p=15126#primaryimage\"},\"image\":{\"@id\":\"https:\\\/\\\/kibrisdakik.com\\\/?p=15126#primaryimage\"},\"thumbnailUrl\":\"https:\\\/\\\/kibrisdakik.com\\\/wp-content\\\/uploads\\\/2023\\\/10\\\/e-gardiyanoglu-ziyaretler-3--740x420.jpg\",\"datePublished\":\"2023-10-05T17:55:37+00:00\",\"author\":{\"@id\":\"https:\\\/\\\/kibrisdakik.com\\\/#\\\/schema\\\/person\\\/9cd9d437bbb44f72b73ba127e06d8e79\"},\"breadcrumb\":{\"@id\":\"https:\\\/\\\/kibrisdakik.com\\\/?p=15126#breadcrumb\"},\"inLanguage\":\"tr\",\"potentialAction\":[{\"@type\":\"ReadAction\",\"target\":[\"https:\\\/\\\/kibrisdakik.com\\\/?p=15126\"]}]},{\"@type\":\"ImageObject\",\"inLanguage\":\"tr\",\"@id\":\"https:\\\/\\\/kibrisdakik.com\\\/?p=15126#primaryimage\",\"url\":\"https:\\\/\\\/kibrisdakik.com\\\/wp-content\\\/uploads\\\/2023\\\/10\\\/e-gardiyanoglu-ziyaretler-3--740x420.jpg\",\"contentUrl\":\"https:\\\/\\\/kibrisdakik.com\\\/wp-content\\\/uploads\\\/2023\\\/10\\\/e-gardiyanoglu-ziyaretler-3--740x420.jpg\",\"width\":1600,\"height\":1067},{\"@type\":\"BreadcrumbList\",\"@id\":\"https:\\\/\\\/kibrisdakik.com\\\/?p=15126#breadcrumb\",\"itemListElement\":[{\"@type\":\"ListItem\",\"position\":1,\"name\":\"Home\",\"item\":\"https:\\\/\\\/kibrisdakik.com\\\/\"},{\"@type\":\"ListItem\",\"position\":2,\"name\":\"Gardiyano\u011flu, G\u00fczelyurt ve Lefke\u2019deki bakanl\u0131\u011f\u0131na ba\u011fl\u0131 birimleri ziyaret etti\"}]},{\"@type\":\"WebSite\",\"@id\":\"https:\\\/\\\/kibrisdakik.com\\\/#website\",\"url\":\"https:\\\/\\\/kibrisdakik.com\\\/\",\"name\":\"\",\"description\":\"Tam vaktinde haber\",\"potentialAction\":[{\"@type\":\"SearchAction\",\"target\":{\"@type\":\"EntryPoint\",\"urlTemplate\":\"https:\\\/\\\/kibrisdakik.com\\\/?s={search_term_string}\"},\"query-input\":{\"@type\":\"PropertyValueSpecification\",\"valueRequired\":true,\"valueName\":\"search_term_string\"}}],\"inLanguage\":\"tr\"},{\"@type\":\"Person\",\"@id\":\"https:\\\/\\\/kibrisdakik.com\\\/#\\\/schema\\\/person\\\/9cd9d437bbb44f72b73ba127e06d8e79\",\"name\":\"admin\",\"image\":{\"@type\":\"ImageObject\",\"inLanguage\":\"tr\",\"@id\":\"https:\\\/\\\/secure.gravatar.com\\\/avatar\\\/ccc17943b9d660506c869530f897617f7cb1c21a4bf30023f252596d83e1f007?s=96&d=mm&r=g\",\"url\":\"https:\\\/\\\/secure.gravatar.com\\\/avatar\\\/ccc17943b9d660506c869530f897617f7cb1c21a4bf30023f252596d83e1f007?s=96&d=mm&r=g\",\"contentUrl\":\"https:\\\/\\\/secure.gravatar.com\\\/avatar\\\/ccc17943b9d660506c869530f897617f7cb1c21a4bf30023f252596d83e1f007?s=96&d=mm&r=g\",\"caption\":\"admin\"},\"sameAs\":[\"https:\\\/\\\/kibrisdakik.com\"],\"url\":\"https:\\\/\\\/kibrisdakik.com\\\/?author=1\"}]}<\/script>\n<!-- \/ Yoast SEO plugin. -->","yoast_head_json":{"title":"Gardiyano\u011flu, G\u00fczelyurt ve Lefke\u2019deki bakanl\u0131\u011f\u0131na ba\u011fl\u0131 birimleri ziyaret etti -","robots":{"index":"index","follow":"follow","max-snippet":"max-snippet:-1","max-image-preview":"max-image-preview:large","max-video-preview":"max-video-preview:-1"},"canonical":"https:\/\/kibrisdakik.com\/?p=15126","og_locale":"tr_TR","og_type":"article","og_title":"Gardiyano\u011flu, G\u00fczelyurt ve Lefke\u2019deki bakanl\u0131\u011f\u0131na ba\u011fl\u0131 birimleri ziyaret etti -","og_description":"\u00a0 \u00a0 \u00c7al\u0131\u015fma ve Sosyal G\u00fcvenlik Bakan\u0131 Sad\u0131k Gardiyano\u011flu, \u00c7al\u0131\u015fma Dairesi, Sosyal Sigortalar Dairesi ile \u0130htiyat Sand\u0131\u011f\u0131 Dairesi ve Sosyal Hizmetler Dairesi G\u00fczelyurt ve Lefke B\u00f6lge Amirlikleri\u2019ni ziyaret etti. Bakan Gardiyano\u011flu\u2019na ziyaretlerinde \u00c7al\u0131\u015fma Dairesi M\u00fcd\u00fcr\u00fc Sezgi \u00c7. Ball\u0131, \u0130htiyat Sand\u0131\u011f\u0131 Dairesi M\u00fcd\u00fcr\u00fc Ali An\u0131l Y\u00fcce, Sosyal Sigortalar Dairesi M\u00fcd\u00fcr\u00fc Tahir Serhat ve Sosyal Hizmetler Dairesi","og_url":"https:\/\/kibrisdakik.com\/?p=15126","article_published_time":"2023-10-05T17:55:37+00:00","og_image":[{"width":1600,"height":1067,"url":"https:\/\/kibrisdakik.com\/wp-content\/uploads\/2023\/10\/e-gardiyanoglu-ziyaretler-3--740x420.jpg","type":"image\/jpeg"}],"author":"admin","twitter_card":"summary_large_image","twitter_misc":{"Yazan:":"admin","Tahmini okuma s\u00fcresi":"1 dakika"},"schema":{"@context":"https:\/\/schema.org","@graph":[{"@type":"Article","@id":"https:\/\/kibrisdakik.com\/?p=15126#article","isPartOf":{"@id":"https:\/\/kibrisdakik.com\/?p=15126"},"author":{"name":"admin","@id":"https:\/\/kibrisdakik.com\/#\/schema\/person\/9cd9d437bbb44f72b73ba127e06d8e79"},"headline":"Gardiyano\u011flu, G\u00fczelyurt ve Lefke\u2019deki bakanl\u0131\u011f\u0131na ba\u011fl\u0131 birimleri ziyaret etti","datePublished":"2023-10-05T17:55:37+00:00","mainEntityOfPage":{"@id":"https:\/\/kibrisdakik.com\/?p=15126"},"wordCount":198,"commentCount":0,"image":{"@id":"https:\/\/kibrisdakik.com\/?p=15126#primaryimage"},"thumbnailUrl":"https:\/\/kibrisdakik.com\/wp-content\/uploads\/2023\/10\/e-gardiyanoglu-ziyaretler-3--740x420.jpg","articleSection":["G\u00fcndem"],"inLanguage":"tr","potentialAction":[{"@type":"CommentAction","name":"Comment","target":["https:\/\/kibrisdakik.com\/?p=15126#respond"]}]},{"@type":"WebPage","@id":"https:\/\/kibrisdakik.com\/?p=15126","url":"https:\/\/kibrisdakik.com\/?p=15126","name":"Gardiyano\u011flu, G\u00fczelyurt ve Lefke\u2019deki bakanl\u0131\u011f\u0131na ba\u011fl\u0131 birimleri ziyaret etti -","isPartOf":{"@id":"https:\/\/kibrisdakik.com\/#website"},"primaryImageOfPage":{"@id":"https:\/\/kibrisdakik.com\/?p=15126#primaryimage"},"image":{"@id":"https:\/\/kibrisdakik.com\/?p=15126#primaryimage"},"thumbnailUrl":"https:\/\/kibrisdakik.com\/wp-content\/uploads\/2023\/10\/e-gardiyanoglu-ziyaretler-3--740x420.jpg","datePublished":"2023-10-05T17:55:37+00:00","author":{"@id":"https:\/\/kibrisdakik.com\/#\/schema\/person\/9cd9d437bbb44f72b73ba127e06d8e79"},"breadcrumb":{"@id":"https:\/\/kibrisdakik.com\/?p=15126#breadcrumb"},"inLanguage":"tr","potentialAction":[{"@type":"ReadAction","target":["https:\/\/kibrisdakik.com\/?p=15126"]}]},{"@type":"ImageObject","inLanguage":"tr","@id":"https:\/\/kibrisdakik.com\/?p=15126#primaryimage","url":"https:\/\/kibrisdakik.com\/wp-content\/uploads\/2023\/10\/e-gardiyanoglu-ziyaretler-3--740x420.jpg","contentUrl":"https:\/\/kibrisdakik.com\/wp-content\/uploads\/2023\/10\/e-gardiyanoglu-ziyaretler-3--740x420.jpg","width":1600,"height":1067},{"@type":"BreadcrumbList","@id":"https:\/\/kibrisdakik.com\/?p=15126#breadcrumb","itemListElement":[{"@type":"ListItem","position":1,"name":"Home","item":"https:\/\/kibrisdakik.com\/"},{"@type":"ListItem","position":2,"name":"Gardiyano\u011flu, G\u00fczelyurt ve Lefke\u2019deki bakanl\u0131\u011f\u0131na ba\u011fl\u0131 birimleri ziyaret etti"}]},{"@type":"WebSite","@id":"https:\/\/kibrisdakik.com\/#website","url":"https:\/\/kibrisdakik.com\/","name":"","description":"Tam vaktinde haber","potentialAction":[{"@type":"SearchAction","target":{"@type":"EntryPoint","urlTemplate":"https:\/\/kibrisdakik.com\/?s={search_term_string}"},"query-input":{"@type":"PropertyValueSpecification","valueRequired":true,"valueName":"search_term_string"}}],"inLanguage":"tr"},{"@type":"Person","@id":"https:\/\/kibrisdakik.com\/#\/schema\/person\/9cd9d437bbb44f72b73ba127e06d8e79","name":"admin","image":{"@type":"ImageObject","inLanguage":"tr","@id":"https:\/\/secure.gravatar.com\/avatar\/ccc17943b9d660506c869530f897617f7cb1c21a4bf30023f252596d83e1f007?s=96&d=mm&r=g","url":"https:\/\/secure.gravatar.com\/avatar\/ccc17943b9d660506c869530f897617f7cb1c21a4bf30023f252596d83e1f007?s=96&d=mm&r=g","contentUrl":"https:\/\/secure.gravatar.com\/avatar\/ccc17943b9d660506c869530f897617f7cb1c21a4bf30023f252596d83e1f007?s=96&d=mm&r=g","caption":"admin"},"sameAs":["https:\/\/kibrisdakik.com"],"url":"https:\/\/kibrisdakik.com\/?author=1"}]}},"_links":{"self":[{"href":"https:\/\/kibrisdakik.com\/index.php?rest_route=\/wp\/v2\/posts\/15126","targetHints":{"allow":["GET"]}}],"collection":[{"href":"https:\/\/kibrisdakik.com\/index.php?rest_route=\/wp\/v2\/posts"}],"about":[{"href":"https:\/\/kibrisdakik.com\/index.php?rest_route=\/wp\/v2\/types\/post"}],"author":[{"embeddable":true,"href":"https:\/\/kibrisdakik.com\/index.php?rest_route=\/wp\/v2\/users\/1"}],"replies":[{"embeddable":true,"href":"https:\/\/kibrisdakik.com\/index.php?rest_route=%2Fwp%2Fv2%2Fcomments&post=15126"}],"version-history":[{"count":0,"href":"https:\/\/kibrisdakik.com\/index.php?rest_route=\/wp\/v2\/posts\/15126\/revisions"}],"wp:featuredmedia":[{"embeddable":true,"href":"https:\/\/kibrisdakik.com\/index.php?rest_route=\/wp\/v2\/media\/15127"}],"wp:attachment":[{"href":"https:\/\/kibrisdakik.com\/index.php?rest_route=%2Fwp%2Fv2%2Fmedia&parent=15126"}],"wp:term":[{"taxonomy":"category","embeddable":true,"href":"https:\/\/kibrisdakik.com\/index.php?rest_route=%2Fwp%2Fv2%2Fcategories&post=15126"},{"taxonomy":"post_tag","embeddable":true,"href":"https:\/\/kibrisdakik.com\/index.php?rest_route=%2Fwp%2Fv2%2Ftags&post=15126"}],"curies":[{"name":"wp","href":"https:\/\/api.w.org\/{rel}","templated":true}]}}