{"id":15128,"date":"2023-10-05T18:48:19","date_gmt":"2023-10-05T18:48:19","guid":{"rendered":"https:\/\/kibrisdakik.com\/index.php\/2023\/10\/05\/sahte-recete-duzenlenmesiyle-ilgili-bir-ki%e1%b9%a3i-daha-tutuklandi\/"},"modified":"2023-10-05T18:48:19","modified_gmt":"2023-10-05T18:48:19","slug":"sahte-recete-duzenlenmesiyle-ilgili-bir-ki%e1%b9%a3i-daha-tutuklandi","status":"publish","type":"post","link":"https:\/\/kibrisdakik.com\/?p=15128","title":{"rendered":"Sahte re\u00e7ete d\u00fczenlenmesiyle ilgili bir ki\u1e63i daha tutukland\u0131"},"content":{"rendered":"<p><\/p>\n<div>\n<div class=\"mariselle-image-container center\">\n                <img width=\"696\" height=\"392\" class=\"lazy-image\" alt=\"\" decoding=\"async\" loading=\"lazy\" sizes=\"auto, (max-width: 696px) 100vw, 696px\" src=\"https:\/\/brtk.net\/wp-content\/uploads\/2023\/02\/23\/tutuklu-555.jpg?ver=c5d38013c8d9ac309cf740467474da57\" srcset=\"https:\/\/brtk.net\/wp-content\/uploads\/2023\/02\/23\/tutuklu-555.jpg?ver=c5d38013c8d9ac309cf740467474da57 696w, https:\/\/brtk.net\/wp-content\/uploads\/2023\/02\/23\/tutuklu-555-300x169.jpg?ver=c5d38013c8d9ac309cf740467474da57 300w\"\/>                            <\/div>\n<p>Sahte Re\u00e7ete D\u00fczenlenmesi meselesi ile ilgili olarak bug\u00fcn tutuklanan bir doktor ve bir eczac\u0131n\u0131n ard\u0131ndan, zanl\u0131 olarak g\u00f6r\u00fclen bir sivil \u1e63ah\u0131s daha tutukland\u0131.<\/p>\n<p> Zanl\u0131lar yar\u0131n sabah tutukluluk talebi ile Lefko\u015fa Kaza Mahkemesi huzuruna \u00e7\u0131kar\u0131lacaklar.<\/p>\n<\/p><\/div>\n<p><script async\n                    defer\n                    crossorigin=\"anonymous\"\n                    src=\"https:\/\/connect.facebook.net\/tr_TR\/sdk.js#xfbml=1&#038;version=v3.3\"\n            ><\/script><\/p>\n","protected":false},"excerpt":{"rendered":"<p>Sahte Re\u00e7ete D\u00fczenlenmesi meselesi ile ilgili olarak bug\u00fcn tutuklanan bir doktor ve bir eczac\u0131n\u0131n ard\u0131ndan, zanl\u0131 olarak g\u00f6r\u00fclen bir sivil \u1e63ah\u0131s daha tutukland\u0131. Zanl\u0131lar yar\u0131n sabah tutukluluk talebi ile Lefko\u015fa Kaza Mahkemesi huzuruna \u00e7\u0131kar\u0131lacaklar.<\/p>\n","protected":false},"author":1,"featured_media":1948,"comment_status":"open","ping_status":"open","sticky":false,"template":"","format":"standard","meta":{"footnotes":""},"categories":[1],"tags":[],"class_list":["post-15128","post","type-post","status-publish","format-standard","has-post-thumbnail","hentry","category-gundem"],"yoast_head":"<!-- This site is optimized with the Yoast SEO plugin v27.4 - https:\/\/yoast.com\/product\/yoast-seo-wordpress\/ -->\n<title>Sahte re\u00e7ete d\u00fczenlenmesiyle ilgili bir ki\u1e63i daha tutukland\u0131 -<\/title>\n<meta name=\"robots\" content=\"index, follow, max-snippet:-1, max-image-preview:large, max-video-preview:-1\" \/>\n<link rel=\"canonical\" href=\"https:\/\/kibrisdakik.com\/?p=15128\" \/>\n<meta property=\"og:locale\" content=\"tr_TR\" \/>\n<meta property=\"og:type\" content=\"article\" \/>\n<meta property=\"og:title\" content=\"Sahte re\u00e7ete d\u00fczenlenmesiyle ilgili bir ki\u1e63i daha tutukland\u0131 -\" \/>\n<meta property=\"og:description\" content=\"Sahte Re\u00e7ete D\u00fczenlenmesi meselesi ile ilgili olarak bug\u00fcn tutuklanan bir doktor ve bir eczac\u0131n\u0131n ard\u0131ndan, zanl\u0131 olarak g\u00f6r\u00fclen bir sivil \u1e63ah\u0131s daha tutukland\u0131. Zanl\u0131lar yar\u0131n sabah tutukluluk talebi ile Lefko\u015fa Kaza Mahkemesi huzuruna \u00e7\u0131kar\u0131lacaklar.\" \/>\n<meta property=\"og:url\" content=\"https:\/\/kibrisdakik.com\/?p=15128\" \/>\n<meta property=\"article:published_time\" content=\"2023-10-05T18:48:19+00:00\" \/>\n<meta property=\"og:image\" content=\"https:\/\/kibrisdakik.com\/wp-content\/uploads\/2023\/02\/tutuklu-555.jpg\" \/>\n\t<meta property=\"og:image:width\" content=\"696\" \/>\n\t<meta property=\"og:image:height\" content=\"392\" \/>\n\t<meta property=\"og:image:type\" content=\"image\/jpeg\" \/>\n<meta name=\"author\" content=\"admin\" \/>\n<meta name=\"twitter:card\" content=\"summary_large_image\" \/>\n<meta name=\"twitter:label1\" content=\"Yazan:\" \/>\n\t<meta name=\"twitter:data1\" content=\"admin\" \/>\n<script type=\"application\/ld+json\" class=\"yoast-schema-graph\">{\"@context\":\"https:\\\/\\\/schema.org\",\"@graph\":[{\"@type\":\"Article\",\"@id\":\"https:\\\/\\\/kibrisdakik.com\\\/?p=15128#article\",\"isPartOf\":{\"@id\":\"https:\\\/\\\/kibrisdakik.com\\\/?p=15128\"},\"author\":{\"name\":\"admin\",\"@id\":\"https:\\\/\\\/kibrisdakik.com\\\/#\\\/schema\\\/person\\\/9cd9d437bbb44f72b73ba127e06d8e79\"},\"headline\":\"Sahte re\u00e7ete d\u00fczenlenmesiyle ilgili bir ki\u1e63i daha tutukland\u0131\",\"datePublished\":\"2023-10-05T18:48:19+00:00\",\"mainEntityOfPage\":{\"@id\":\"https:\\\/\\\/kibrisdakik.com\\\/?p=15128\"},\"wordCount\":58,\"commentCount\":0,\"image\":{\"@id\":\"https:\\\/\\\/kibrisdakik.com\\\/?p=15128#primaryimage\"},\"thumbnailUrl\":\"https:\\\/\\\/kibrisdakik.com\\\/wp-content\\\/uploads\\\/2023\\\/02\\\/tutuklu-555.jpg\",\"articleSection\":[\"G\u00fcndem\"],\"inLanguage\":\"tr\",\"potentialAction\":[{\"@type\":\"CommentAction\",\"name\":\"Comment\",\"target\":[\"https:\\\/\\\/kibrisdakik.com\\\/?p=15128#respond\"]}]},{\"@type\":\"WebPage\",\"@id\":\"https:\\\/\\\/kibrisdakik.com\\\/?p=15128\",\"url\":\"https:\\\/\\\/kibrisdakik.com\\\/?p=15128\",\"name\":\"Sahte re\u00e7ete d\u00fczenlenmesiyle ilgili bir ki\u1e63i daha tutukland\u0131 -\",\"isPartOf\":{\"@id\":\"https:\\\/\\\/kibrisdakik.com\\\/#website\"},\"primaryImageOfPage\":{\"@id\":\"https:\\\/\\\/kibrisdakik.com\\\/?p=15128#primaryimage\"},\"image\":{\"@id\":\"https:\\\/\\\/kibrisdakik.com\\\/?p=15128#primaryimage\"},\"thumbnailUrl\":\"https:\\\/\\\/kibrisdakik.com\\\/wp-content\\\/uploads\\\/2023\\\/02\\\/tutuklu-555.jpg\",\"datePublished\":\"2023-10-05T18:48:19+00:00\",\"author\":{\"@id\":\"https:\\\/\\\/kibrisdakik.com\\\/#\\\/schema\\\/person\\\/9cd9d437bbb44f72b73ba127e06d8e79\"},\"breadcrumb\":{\"@id\":\"https:\\\/\\\/kibrisdakik.com\\\/?p=15128#breadcrumb\"},\"inLanguage\":\"tr\",\"potentialAction\":[{\"@type\":\"ReadAction\",\"target\":[\"https:\\\/\\\/kibrisdakik.com\\\/?p=15128\"]}]},{\"@type\":\"ImageObject\",\"inLanguage\":\"tr\",\"@id\":\"https:\\\/\\\/kibrisdakik.com\\\/?p=15128#primaryimage\",\"url\":\"https:\\\/\\\/kibrisdakik.com\\\/wp-content\\\/uploads\\\/2023\\\/02\\\/tutuklu-555.jpg\",\"contentUrl\":\"https:\\\/\\\/kibrisdakik.com\\\/wp-content\\\/uploads\\\/2023\\\/02\\\/tutuklu-555.jpg\",\"width\":696,\"height\":392},{\"@type\":\"BreadcrumbList\",\"@id\":\"https:\\\/\\\/kibrisdakik.com\\\/?p=15128#breadcrumb\",\"itemListElement\":[{\"@type\":\"ListItem\",\"position\":1,\"name\":\"Home\",\"item\":\"https:\\\/\\\/kibrisdakik.com\\\/\"},{\"@type\":\"ListItem\",\"position\":2,\"name\":\"Sahte re\u00e7ete d\u00fczenlenmesiyle ilgili bir ki\u1e63i daha tutukland\u0131\"}]},{\"@type\":\"WebSite\",\"@id\":\"https:\\\/\\\/kibrisdakik.com\\\/#website\",\"url\":\"https:\\\/\\\/kibrisdakik.com\\\/\",\"name\":\"\",\"description\":\"Tam vaktinde haber\",\"potentialAction\":[{\"@type\":\"SearchAction\",\"target\":{\"@type\":\"EntryPoint\",\"urlTemplate\":\"https:\\\/\\\/kibrisdakik.com\\\/?s={search_term_string}\"},\"query-input\":{\"@type\":\"PropertyValueSpecification\",\"valueRequired\":true,\"valueName\":\"search_term_string\"}}],\"inLanguage\":\"tr\"},{\"@type\":\"Person\",\"@id\":\"https:\\\/\\\/kibrisdakik.com\\\/#\\\/schema\\\/person\\\/9cd9d437bbb44f72b73ba127e06d8e79\",\"name\":\"admin\",\"image\":{\"@type\":\"ImageObject\",\"inLanguage\":\"tr\",\"@id\":\"https:\\\/\\\/secure.gravatar.com\\\/avatar\\\/ccc17943b9d660506c869530f897617f7cb1c21a4bf30023f252596d83e1f007?s=96&d=mm&r=g\",\"url\":\"https:\\\/\\\/secure.gravatar.com\\\/avatar\\\/ccc17943b9d660506c869530f897617f7cb1c21a4bf30023f252596d83e1f007?s=96&d=mm&r=g\",\"contentUrl\":\"https:\\\/\\\/secure.gravatar.com\\\/avatar\\\/ccc17943b9d660506c869530f897617f7cb1c21a4bf30023f252596d83e1f007?s=96&d=mm&r=g\",\"caption\":\"admin\"},\"sameAs\":[\"https:\\\/\\\/kibrisdakik.com\"],\"url\":\"https:\\\/\\\/kibrisdakik.com\\\/?author=1\"}]}<\/script>\n<!-- \/ Yoast SEO plugin. -->","yoast_head_json":{"title":"Sahte re\u00e7ete d\u00fczenlenmesiyle ilgili bir ki\u1e63i daha tutukland\u0131 -","robots":{"index":"index","follow":"follow","max-snippet":"max-snippet:-1","max-image-preview":"max-image-preview:large","max-video-preview":"max-video-preview:-1"},"canonical":"https:\/\/kibrisdakik.com\/?p=15128","og_locale":"tr_TR","og_type":"article","og_title":"Sahte re\u00e7ete d\u00fczenlenmesiyle ilgili bir ki\u1e63i daha tutukland\u0131 -","og_description":"Sahte Re\u00e7ete D\u00fczenlenmesi meselesi ile ilgili olarak bug\u00fcn tutuklanan bir doktor ve bir eczac\u0131n\u0131n ard\u0131ndan, zanl\u0131 olarak g\u00f6r\u00fclen bir sivil \u1e63ah\u0131s daha tutukland\u0131. Zanl\u0131lar yar\u0131n sabah tutukluluk talebi ile Lefko\u015fa Kaza Mahkemesi huzuruna \u00e7\u0131kar\u0131lacaklar.","og_url":"https:\/\/kibrisdakik.com\/?p=15128","article_published_time":"2023-10-05T18:48:19+00:00","og_image":[{"width":696,"height":392,"url":"https:\/\/kibrisdakik.com\/wp-content\/uploads\/2023\/02\/tutuklu-555.jpg","type":"image\/jpeg"}],"author":"admin","twitter_card":"summary_large_image","twitter_misc":{"Yazan:":"admin"},"schema":{"@context":"https:\/\/schema.org","@graph":[{"@type":"Article","@id":"https:\/\/kibrisdakik.com\/?p=15128#article","isPartOf":{"@id":"https:\/\/kibrisdakik.com\/?p=15128"},"author":{"name":"admin","@id":"https:\/\/kibrisdakik.com\/#\/schema\/person\/9cd9d437bbb44f72b73ba127e06d8e79"},"headline":"Sahte re\u00e7ete d\u00fczenlenmesiyle ilgili bir ki\u1e63i daha tutukland\u0131","datePublished":"2023-10-05T18:48:19+00:00","mainEntityOfPage":{"@id":"https:\/\/kibrisdakik.com\/?p=15128"},"wordCount":58,"commentCount":0,"image":{"@id":"https:\/\/kibrisdakik.com\/?p=15128#primaryimage"},"thumbnailUrl":"https:\/\/kibrisdakik.com\/wp-content\/uploads\/2023\/02\/tutuklu-555.jpg","articleSection":["G\u00fcndem"],"inLanguage":"tr","potentialAction":[{"@type":"CommentAction","name":"Comment","target":["https:\/\/kibrisdakik.com\/?p=15128#respond"]}]},{"@type":"WebPage","@id":"https:\/\/kibrisdakik.com\/?p=15128","url":"https:\/\/kibrisdakik.com\/?p=15128","name":"Sahte re\u00e7ete d\u00fczenlenmesiyle ilgili bir ki\u1e63i daha tutukland\u0131 -","isPartOf":{"@id":"https:\/\/kibrisdakik.com\/#website"},"primaryImageOfPage":{"@id":"https:\/\/kibrisdakik.com\/?p=15128#primaryimage"},"image":{"@id":"https:\/\/kibrisdakik.com\/?p=15128#primaryimage"},"thumbnailUrl":"https:\/\/kibrisdakik.com\/wp-content\/uploads\/2023\/02\/tutuklu-555.jpg","datePublished":"2023-10-05T18:48:19+00:00","author":{"@id":"https:\/\/kibrisdakik.com\/#\/schema\/person\/9cd9d437bbb44f72b73ba127e06d8e79"},"breadcrumb":{"@id":"https:\/\/kibrisdakik.com\/?p=15128#breadcrumb"},"inLanguage":"tr","potentialAction":[{"@type":"ReadAction","target":["https:\/\/kibrisdakik.com\/?p=15128"]}]},{"@type":"ImageObject","inLanguage":"tr","@id":"https:\/\/kibrisdakik.com\/?p=15128#primaryimage","url":"https:\/\/kibrisdakik.com\/wp-content\/uploads\/2023\/02\/tutuklu-555.jpg","contentUrl":"https:\/\/kibrisdakik.com\/wp-content\/uploads\/2023\/02\/tutuklu-555.jpg","width":696,"height":392},{"@type":"BreadcrumbList","@id":"https:\/\/kibrisdakik.com\/?p=15128#breadcrumb","itemListElement":[{"@type":"ListItem","position":1,"name":"Home","item":"https:\/\/kibrisdakik.com\/"},{"@type":"ListItem","position":2,"name":"Sahte re\u00e7ete d\u00fczenlenmesiyle ilgili bir ki\u1e63i daha tutukland\u0131"}]},{"@type":"WebSite","@id":"https:\/\/kibrisdakik.com\/#website","url":"https:\/\/kibrisdakik.com\/","name":"","description":"Tam vaktinde haber","potentialAction":[{"@type":"SearchAction","target":{"@type":"EntryPoint","urlTemplate":"https:\/\/kibrisdakik.com\/?s={search_term_string}"},"query-input":{"@type":"PropertyValueSpecification","valueRequired":true,"valueName":"search_term_string"}}],"inLanguage":"tr"},{"@type":"Person","@id":"https:\/\/kibrisdakik.com\/#\/schema\/person\/9cd9d437bbb44f72b73ba127e06d8e79","name":"admin","image":{"@type":"ImageObject","inLanguage":"tr","@id":"https:\/\/secure.gravatar.com\/avatar\/ccc17943b9d660506c869530f897617f7cb1c21a4bf30023f252596d83e1f007?s=96&d=mm&r=g","url":"https:\/\/secure.gravatar.com\/avatar\/ccc17943b9d660506c869530f897617f7cb1c21a4bf30023f252596d83e1f007?s=96&d=mm&r=g","contentUrl":"https:\/\/secure.gravatar.com\/avatar\/ccc17943b9d660506c869530f897617f7cb1c21a4bf30023f252596d83e1f007?s=96&d=mm&r=g","caption":"admin"},"sameAs":["https:\/\/kibrisdakik.com"],"url":"https:\/\/kibrisdakik.com\/?author=1"}]}},"_links":{"self":[{"href":"https:\/\/kibrisdakik.com\/index.php?rest_route=\/wp\/v2\/posts\/15128","targetHints":{"allow":["GET"]}}],"collection":[{"href":"https:\/\/kibrisdakik.com\/index.php?rest_route=\/wp\/v2\/posts"}],"about":[{"href":"https:\/\/kibrisdakik.com\/index.php?rest_route=\/wp\/v2\/types\/post"}],"author":[{"embeddable":true,"href":"https:\/\/kibrisdakik.com\/index.php?rest_route=\/wp\/v2\/users\/1"}],"replies":[{"embeddable":true,"href":"https:\/\/kibrisdakik.com\/index.php?rest_route=%2Fwp%2Fv2%2Fcomments&post=15128"}],"version-history":[{"count":0,"href":"https:\/\/kibrisdakik.com\/index.php?rest_route=\/wp\/v2\/posts\/15128\/revisions"}],"wp:featuredmedia":[{"embeddable":true,"href":"https:\/\/kibrisdakik.com\/index.php?rest_route=\/wp\/v2\/media\/1948"}],"wp:attachment":[{"href":"https:\/\/kibrisdakik.com\/index.php?rest_route=%2Fwp%2Fv2%2Fmedia&parent=15128"}],"wp:term":[{"taxonomy":"category","embeddable":true,"href":"https:\/\/kibrisdakik.com\/index.php?rest_route=%2Fwp%2Fv2%2Fcategories&post=15128"},{"taxonomy":"post_tag","embeddable":true,"href":"https:\/\/kibrisdakik.com\/index.php?rest_route=%2Fwp%2Fv2%2Ftags&post=15128"}],"curies":[{"name":"wp","href":"https:\/\/api.w.org\/{rel}","templated":true}]}}