{"id":15139,"date":"2023-10-06T05:09:58","date_gmt":"2023-10-06T05:09:58","guid":{"rendered":"https:\/\/kibrisdakik.com\/index.php\/2023\/10\/06\/cumhuriyet-meclisi-baskani-tore-meclis-baskanlik-divani-ile-birlikte-ankarada\/"},"modified":"2023-10-06T05:09:58","modified_gmt":"2023-10-06T05:09:58","slug":"cumhuriyet-meclisi-baskani-tore-meclis-baskanlik-divani-ile-birlikte-ankarada","status":"publish","type":"post","link":"https:\/\/kibrisdakik.com\/?p=15139","title":{"rendered":"Cumhuriyet Meclisi Ba\u015fkan\u0131 T\u00f6re, Meclis Ba\u015fkanl\u0131k Divan\u0131 ile birlikte Ankara\u2019da"},"content":{"rendered":"<p><\/p>\n<div>\n<div class=\"mariselle-image-container center\">\n                <img width=\"1600\" height=\"1066\" class=\"lazy-image\" alt=\"\" decoding=\"async\" loading=\"lazy\" sizes=\"auto, (max-width: 1600px) 100vw, 1600px\" src=\"https:\/\/brtk.net\/wp-content\/uploads\/2023\/10\/06\/47c59d0b-fd74-421a-a84c-3300b64addd8.jpg?ver=44cf6066a653a2e41a764a87a5a4d419\" srcset=\"https:\/\/brtk.net\/wp-content\/uploads\/2023\/10\/06\/47c59d0b-fd74-421a-a84c-3300b64addd8.jpg?ver=44cf6066a653a2e41a764a87a5a4d419 1600w, https:\/\/brtk.net\/wp-content\/uploads\/2023\/10\/06\/47c59d0b-fd74-421a-a84c-3300b64addd8-300x200.jpg?ver=44cf6066a653a2e41a764a87a5a4d419 300w, https:\/\/brtk.net\/wp-content\/uploads\/2023\/10\/06\/47c59d0b-fd74-421a-a84c-3300b64addd8-1024x682.jpg?ver=44cf6066a653a2e41a764a87a5a4d419 1024w, https:\/\/brtk.net\/wp-content\/uploads\/2023\/10\/06\/47c59d0b-fd74-421a-a84c-3300b64addd8-768x512.jpg?ver=06b2eb6fb765fbb1102794b03060bb7c 768w, https:\/\/brtk.net\/wp-content\/uploads\/2023\/10\/06\/47c59d0b-fd74-421a-a84c-3300b64addd8-1536x1023.jpg?ver=06b2eb6fb765fbb1102794b03060bb7c 1536w\"\/>                            <\/div>\n<p> Cumhuriyet Meclisi Ba\u015fkan\u0131 Zorlu T\u00f6re, T\u00fcrkiye B\u00fcy\u00fck Millet Meclisi Ba\u015fkan\u0131 Numan Kurtulmu\u015f\u2019un davetlisi olarak temaslarda bulunmak \u00fczere Meclis Ba\u015fkanl\u0131k Divan\u0131 ile birlikte Ankara\u2019ya gitti.<br \/>Ba\u015fkan T\u00f6re ve heyetini Ankara Esenbo\u011fa Havaliman\u0131\u2019nda TBMM T\u00fcrkiye-<a href=\"https:\/\/brtk.net\/\"\/><a href=\"https:\/\/brtk.net\/\">KKTC<\/a> Parlamentolar Aras\u0131 Dostluk Grubu Kurucular Kurulu Ba\u015fkan\u0131 Konya Milletvekili Orhan Erdem, <a href=\"https:\/\/brtk.net\/\"\/><a href=\"https:\/\/brtk.net\/\">KKTC<\/a>\u2019nin Ankara B\u00fcy\u00fckel\u00e7isi \u0130smet Koruko\u011flu ve di\u011fer yetkililer kar\u015f\u0131lad\u0131.<\/p>\n<div class=\"mariselle-image-container center\">\n                <img width=\"1532\" height=\"723\" class=\"lazy-image\" alt=\"\" decoding=\"async\" loading=\"lazy\" sizes=\"auto, (max-width: 1532px) 100vw, 1532px\" src=\"https:\/\/brtk.net\/wp-content\/uploads\/2023\/10\/06\/401a5ffc-a36c-4e8f-9c11-b9f957e440a7.jpg?ver=22a661c0550587839e9db85b0396ac53\" srcset=\"https:\/\/brtk.net\/wp-content\/uploads\/2023\/10\/06\/401a5ffc-a36c-4e8f-9c11-b9f957e440a7.jpg?ver=22a661c0550587839e9db85b0396ac53 1532w, https:\/\/brtk.net\/wp-content\/uploads\/2023\/10\/06\/401a5ffc-a36c-4e8f-9c11-b9f957e440a7-300x142.jpg?ver=22a661c0550587839e9db85b0396ac53 300w, https:\/\/brtk.net\/wp-content\/uploads\/2023\/10\/06\/401a5ffc-a36c-4e8f-9c11-b9f957e440a7-1024x483.jpg?ver=22a661c0550587839e9db85b0396ac53 1024w, https:\/\/brtk.net\/wp-content\/uploads\/2023\/10\/06\/401a5ffc-a36c-4e8f-9c11-b9f957e440a7-768x362.jpg?ver=22a661c0550587839e9db85b0396ac53 768w\"\/>                            <\/div>\n<p>\nT\u00f6re\u2019nin heyetinde Meclis Ba\u015fkan Yard\u0131mc\u0131s\u0131 Fazilet \u00d6zdenefe, Meclis \u0130dari Amiri Yasemi \u00d6zt\u00fcrk, Meclis Divan\u0131 \u00dcyesi Milletvekilleri Hasan K\u00fc\u00e7\u00fck, F\u0131rt\u0131na Karanfil, ve \u015eifa \u00c7olako\u011flu\u2019nun yan\u0131 s\u0131ra \u00d6zel Kalem M\u00fcd\u00fcr\u00fc \u0130rem Uygun bulunuyor.<\/p>\n<p>Ankara temaslar\u0131na An\u0131tkabir ziyareti ile ba\u015flamas\u0131 beklenen T\u00f6re\u2019nin TBMM Ba\u015fkan\u0131 Numan Kurtulmu\u015f ile de bir araya gelmesi ve baz\u0131 ziyaretler yaparak  bu ak\u015fam <a href=\"https:\/\/brtk.net\/\"\/><a href=\"https:\/\/brtk.net\/\">KKTC<\/a>\u2019ne d\u00f6nmesi bekleniyor.<\/p>\n<\/p><\/div>\n<p><script async\n                    defer\n                    crossorigin=\"anonymous\"\n                    src=\"https:\/\/connect.facebook.net\/tr_TR\/sdk.js#xfbml=1&#038;version=v3.3\"\n            ><\/script><\/p>\n","protected":false},"excerpt":{"rendered":"<p>Cumhuriyet Meclisi Ba\u015fkan\u0131 Zorlu T\u00f6re, T\u00fcrkiye B\u00fcy\u00fck Millet Meclisi Ba\u015fkan\u0131 Numan Kurtulmu\u015f\u2019un davetlisi olarak temaslarda bulunmak \u00fczere Meclis Ba\u015fkanl\u0131k Divan\u0131 ile birlikte Ankara\u2019ya gitti.Ba\u015fkan T\u00f6re ve heyetini Ankara Esenbo\u011fa Havaliman\u0131\u2019nda TBMM T\u00fcrkiye-KKTC Parlamentolar Aras\u0131 Dostluk Grubu Kurucular Kurulu Ba\u015fkan\u0131 Konya Milletvekili Orhan Erdem, KKTC\u2019nin Ankara B\u00fcy\u00fckel\u00e7isi \u0130smet Koruko\u011flu ve di\u011fer yetkililer kar\u015f\u0131lad\u0131. T\u00f6re\u2019nin heyetinde Meclis<\/p>\n","protected":false},"author":1,"featured_media":15140,"comment_status":"open","ping_status":"open","sticky":false,"template":"","format":"standard","meta":{"footnotes":""},"categories":[1],"tags":[],"class_list":["post-15139","post","type-post","status-publish","format-standard","has-post-thumbnail","hentry","category-gundem"],"yoast_head":"<!-- This site is optimized with the Yoast SEO plugin v27.4 - https:\/\/yoast.com\/product\/yoast-seo-wordpress\/ -->\n<title>Cumhuriyet Meclisi Ba\u015fkan\u0131 T\u00f6re, Meclis Ba\u015fkanl\u0131k Divan\u0131 ile birlikte Ankara\u2019da -<\/title>\n<meta name=\"robots\" content=\"index, follow, max-snippet:-1, max-image-preview:large, max-video-preview:-1\" \/>\n<link rel=\"canonical\" href=\"https:\/\/kibrisdakik.com\/?p=15139\" \/>\n<meta property=\"og:locale\" content=\"tr_TR\" \/>\n<meta property=\"og:type\" content=\"article\" \/>\n<meta property=\"og:title\" content=\"Cumhuriyet Meclisi Ba\u015fkan\u0131 T\u00f6re, Meclis Ba\u015fkanl\u0131k Divan\u0131 ile birlikte Ankara\u2019da -\" \/>\n<meta property=\"og:description\" content=\"Cumhuriyet Meclisi Ba\u015fkan\u0131 Zorlu T\u00f6re, T\u00fcrkiye B\u00fcy\u00fck Millet Meclisi Ba\u015fkan\u0131 Numan Kurtulmu\u015f\u2019un davetlisi olarak temaslarda bulunmak \u00fczere Meclis Ba\u015fkanl\u0131k Divan\u0131 ile birlikte Ankara\u2019ya gitti.Ba\u015fkan T\u00f6re ve heyetini Ankara Esenbo\u011fa Havaliman\u0131\u2019nda TBMM T\u00fcrkiye-KKTC Parlamentolar Aras\u0131 Dostluk Grubu Kurucular Kurulu Ba\u015fkan\u0131 Konya Milletvekili Orhan Erdem, KKTC\u2019nin Ankara B\u00fcy\u00fckel\u00e7isi \u0130smet Koruko\u011flu ve di\u011fer yetkililer kar\u015f\u0131lad\u0131. T\u00f6re\u2019nin heyetinde Meclis\" \/>\n<meta property=\"og:url\" content=\"https:\/\/kibrisdakik.com\/?p=15139\" \/>\n<meta property=\"article:published_time\" content=\"2023-10-06T05:09:58+00:00\" \/>\n<meta property=\"og:image\" content=\"https:\/\/kibrisdakik.com\/wp-content\/uploads\/2023\/10\/401a5ffc-a36c-4e8f-9c11-b9f957e440a7-740x420.jpg\" \/>\n\t<meta property=\"og:image:width\" content=\"1532\" \/>\n\t<meta property=\"og:image:height\" content=\"723\" \/>\n\t<meta property=\"og:image:type\" content=\"image\/jpeg\" \/>\n<meta name=\"author\" content=\"admin\" \/>\n<meta name=\"twitter:card\" content=\"summary_large_image\" \/>\n<meta name=\"twitter:label1\" content=\"Yazan:\" \/>\n\t<meta name=\"twitter:data1\" content=\"admin\" \/>\n\t<meta name=\"twitter:label2\" content=\"Tahmini okuma s\u00fcresi\" \/>\n\t<meta name=\"twitter:data2\" content=\"1 dakika\" \/>\n<script type=\"application\/ld+json\" class=\"yoast-schema-graph\">{\"@context\":\"https:\\\/\\\/schema.org\",\"@graph\":[{\"@type\":\"Article\",\"@id\":\"https:\\\/\\\/kibrisdakik.com\\\/?p=15139#article\",\"isPartOf\":{\"@id\":\"https:\\\/\\\/kibrisdakik.com\\\/?p=15139\"},\"author\":{\"name\":\"admin\",\"@id\":\"https:\\\/\\\/kibrisdakik.com\\\/#\\\/schema\\\/person\\\/9cd9d437bbb44f72b73ba127e06d8e79\"},\"headline\":\"Cumhuriyet Meclisi Ba\u015fkan\u0131 T\u00f6re, Meclis Ba\u015fkanl\u0131k Divan\u0131 ile birlikte Ankara\u2019da\",\"datePublished\":\"2023-10-06T05:09:58+00:00\",\"mainEntityOfPage\":{\"@id\":\"https:\\\/\\\/kibrisdakik.com\\\/?p=15139\"},\"wordCount\":172,\"commentCount\":0,\"image\":{\"@id\":\"https:\\\/\\\/kibrisdakik.com\\\/?p=15139#primaryimage\"},\"thumbnailUrl\":\"https:\\\/\\\/kibrisdakik.com\\\/wp-content\\\/uploads\\\/2023\\\/10\\\/401a5ffc-a36c-4e8f-9c11-b9f957e440a7-740x420.jpg\",\"articleSection\":[\"G\u00fcndem\"],\"inLanguage\":\"tr\",\"potentialAction\":[{\"@type\":\"CommentAction\",\"name\":\"Comment\",\"target\":[\"https:\\\/\\\/kibrisdakik.com\\\/?p=15139#respond\"]}]},{\"@type\":\"WebPage\",\"@id\":\"https:\\\/\\\/kibrisdakik.com\\\/?p=15139\",\"url\":\"https:\\\/\\\/kibrisdakik.com\\\/?p=15139\",\"name\":\"Cumhuriyet Meclisi Ba\u015fkan\u0131 T\u00f6re, Meclis Ba\u015fkanl\u0131k Divan\u0131 ile birlikte Ankara\u2019da -\",\"isPartOf\":{\"@id\":\"https:\\\/\\\/kibrisdakik.com\\\/#website\"},\"primaryImageOfPage\":{\"@id\":\"https:\\\/\\\/kibrisdakik.com\\\/?p=15139#primaryimage\"},\"image\":{\"@id\":\"https:\\\/\\\/kibrisdakik.com\\\/?p=15139#primaryimage\"},\"thumbnailUrl\":\"https:\\\/\\\/kibrisdakik.com\\\/wp-content\\\/uploads\\\/2023\\\/10\\\/401a5ffc-a36c-4e8f-9c11-b9f957e440a7-740x420.jpg\",\"datePublished\":\"2023-10-06T05:09:58+00:00\",\"author\":{\"@id\":\"https:\\\/\\\/kibrisdakik.com\\\/#\\\/schema\\\/person\\\/9cd9d437bbb44f72b73ba127e06d8e79\"},\"breadcrumb\":{\"@id\":\"https:\\\/\\\/kibrisdakik.com\\\/?p=15139#breadcrumb\"},\"inLanguage\":\"tr\",\"potentialAction\":[{\"@type\":\"ReadAction\",\"target\":[\"https:\\\/\\\/kibrisdakik.com\\\/?p=15139\"]}]},{\"@type\":\"ImageObject\",\"inLanguage\":\"tr\",\"@id\":\"https:\\\/\\\/kibrisdakik.com\\\/?p=15139#primaryimage\",\"url\":\"https:\\\/\\\/kibrisdakik.com\\\/wp-content\\\/uploads\\\/2023\\\/10\\\/401a5ffc-a36c-4e8f-9c11-b9f957e440a7-740x420.jpg\",\"contentUrl\":\"https:\\\/\\\/kibrisdakik.com\\\/wp-content\\\/uploads\\\/2023\\\/10\\\/401a5ffc-a36c-4e8f-9c11-b9f957e440a7-740x420.jpg\",\"width\":1532,\"height\":723},{\"@type\":\"BreadcrumbList\",\"@id\":\"https:\\\/\\\/kibrisdakik.com\\\/?p=15139#breadcrumb\",\"itemListElement\":[{\"@type\":\"ListItem\",\"position\":1,\"name\":\"Home\",\"item\":\"https:\\\/\\\/kibrisdakik.com\\\/\"},{\"@type\":\"ListItem\",\"position\":2,\"name\":\"Cumhuriyet Meclisi Ba\u015fkan\u0131 T\u00f6re, Meclis Ba\u015fkanl\u0131k Divan\u0131 ile birlikte Ankara\u2019da\"}]},{\"@type\":\"WebSite\",\"@id\":\"https:\\\/\\\/kibrisdakik.com\\\/#website\",\"url\":\"https:\\\/\\\/kibrisdakik.com\\\/\",\"name\":\"\",\"description\":\"Tam vaktinde haber\",\"potentialAction\":[{\"@type\":\"SearchAction\",\"target\":{\"@type\":\"EntryPoint\",\"urlTemplate\":\"https:\\\/\\\/kibrisdakik.com\\\/?s={search_term_string}\"},\"query-input\":{\"@type\":\"PropertyValueSpecification\",\"valueRequired\":true,\"valueName\":\"search_term_string\"}}],\"inLanguage\":\"tr\"},{\"@type\":\"Person\",\"@id\":\"https:\\\/\\\/kibrisdakik.com\\\/#\\\/schema\\\/person\\\/9cd9d437bbb44f72b73ba127e06d8e79\",\"name\":\"admin\",\"image\":{\"@type\":\"ImageObject\",\"inLanguage\":\"tr\",\"@id\":\"https:\\\/\\\/secure.gravatar.com\\\/avatar\\\/ccc17943b9d660506c869530f897617f7cb1c21a4bf30023f252596d83e1f007?s=96&d=mm&r=g\",\"url\":\"https:\\\/\\\/secure.gravatar.com\\\/avatar\\\/ccc17943b9d660506c869530f897617f7cb1c21a4bf30023f252596d83e1f007?s=96&d=mm&r=g\",\"contentUrl\":\"https:\\\/\\\/secure.gravatar.com\\\/avatar\\\/ccc17943b9d660506c869530f897617f7cb1c21a4bf30023f252596d83e1f007?s=96&d=mm&r=g\",\"caption\":\"admin\"},\"sameAs\":[\"https:\\\/\\\/kibrisdakik.com\"],\"url\":\"https:\\\/\\\/kibrisdakik.com\\\/?author=1\"}]}<\/script>\n<!-- \/ Yoast SEO plugin. -->","yoast_head_json":{"title":"Cumhuriyet Meclisi Ba\u015fkan\u0131 T\u00f6re, Meclis Ba\u015fkanl\u0131k Divan\u0131 ile birlikte Ankara\u2019da -","robots":{"index":"index","follow":"follow","max-snippet":"max-snippet:-1","max-image-preview":"max-image-preview:large","max-video-preview":"max-video-preview:-1"},"canonical":"https:\/\/kibrisdakik.com\/?p=15139","og_locale":"tr_TR","og_type":"article","og_title":"Cumhuriyet Meclisi Ba\u015fkan\u0131 T\u00f6re, Meclis Ba\u015fkanl\u0131k Divan\u0131 ile birlikte Ankara\u2019da -","og_description":"Cumhuriyet Meclisi Ba\u015fkan\u0131 Zorlu T\u00f6re, T\u00fcrkiye B\u00fcy\u00fck Millet Meclisi Ba\u015fkan\u0131 Numan Kurtulmu\u015f\u2019un davetlisi olarak temaslarda bulunmak \u00fczere Meclis Ba\u015fkanl\u0131k Divan\u0131 ile birlikte Ankara\u2019ya gitti.Ba\u015fkan T\u00f6re ve heyetini Ankara Esenbo\u011fa Havaliman\u0131\u2019nda TBMM T\u00fcrkiye-KKTC Parlamentolar Aras\u0131 Dostluk Grubu Kurucular Kurulu Ba\u015fkan\u0131 Konya Milletvekili Orhan Erdem, KKTC\u2019nin Ankara B\u00fcy\u00fckel\u00e7isi \u0130smet Koruko\u011flu ve di\u011fer yetkililer kar\u015f\u0131lad\u0131. T\u00f6re\u2019nin heyetinde Meclis","og_url":"https:\/\/kibrisdakik.com\/?p=15139","article_published_time":"2023-10-06T05:09:58+00:00","og_image":[{"width":1532,"height":723,"url":"https:\/\/kibrisdakik.com\/wp-content\/uploads\/2023\/10\/401a5ffc-a36c-4e8f-9c11-b9f957e440a7-740x420.jpg","type":"image\/jpeg"}],"author":"admin","twitter_card":"summary_large_image","twitter_misc":{"Yazan:":"admin","Tahmini okuma s\u00fcresi":"1 dakika"},"schema":{"@context":"https:\/\/schema.org","@graph":[{"@type":"Article","@id":"https:\/\/kibrisdakik.com\/?p=15139#article","isPartOf":{"@id":"https:\/\/kibrisdakik.com\/?p=15139"},"author":{"name":"admin","@id":"https:\/\/kibrisdakik.com\/#\/schema\/person\/9cd9d437bbb44f72b73ba127e06d8e79"},"headline":"Cumhuriyet Meclisi Ba\u015fkan\u0131 T\u00f6re, Meclis Ba\u015fkanl\u0131k Divan\u0131 ile birlikte Ankara\u2019da","datePublished":"2023-10-06T05:09:58+00:00","mainEntityOfPage":{"@id":"https:\/\/kibrisdakik.com\/?p=15139"},"wordCount":172,"commentCount":0,"image":{"@id":"https:\/\/kibrisdakik.com\/?p=15139#primaryimage"},"thumbnailUrl":"https:\/\/kibrisdakik.com\/wp-content\/uploads\/2023\/10\/401a5ffc-a36c-4e8f-9c11-b9f957e440a7-740x420.jpg","articleSection":["G\u00fcndem"],"inLanguage":"tr","potentialAction":[{"@type":"CommentAction","name":"Comment","target":["https:\/\/kibrisdakik.com\/?p=15139#respond"]}]},{"@type":"WebPage","@id":"https:\/\/kibrisdakik.com\/?p=15139","url":"https:\/\/kibrisdakik.com\/?p=15139","name":"Cumhuriyet Meclisi Ba\u015fkan\u0131 T\u00f6re, Meclis Ba\u015fkanl\u0131k Divan\u0131 ile birlikte Ankara\u2019da -","isPartOf":{"@id":"https:\/\/kibrisdakik.com\/#website"},"primaryImageOfPage":{"@id":"https:\/\/kibrisdakik.com\/?p=15139#primaryimage"},"image":{"@id":"https:\/\/kibrisdakik.com\/?p=15139#primaryimage"},"thumbnailUrl":"https:\/\/kibrisdakik.com\/wp-content\/uploads\/2023\/10\/401a5ffc-a36c-4e8f-9c11-b9f957e440a7-740x420.jpg","datePublished":"2023-10-06T05:09:58+00:00","author":{"@id":"https:\/\/kibrisdakik.com\/#\/schema\/person\/9cd9d437bbb44f72b73ba127e06d8e79"},"breadcrumb":{"@id":"https:\/\/kibrisdakik.com\/?p=15139#breadcrumb"},"inLanguage":"tr","potentialAction":[{"@type":"ReadAction","target":["https:\/\/kibrisdakik.com\/?p=15139"]}]},{"@type":"ImageObject","inLanguage":"tr","@id":"https:\/\/kibrisdakik.com\/?p=15139#primaryimage","url":"https:\/\/kibrisdakik.com\/wp-content\/uploads\/2023\/10\/401a5ffc-a36c-4e8f-9c11-b9f957e440a7-740x420.jpg","contentUrl":"https:\/\/kibrisdakik.com\/wp-content\/uploads\/2023\/10\/401a5ffc-a36c-4e8f-9c11-b9f957e440a7-740x420.jpg","width":1532,"height":723},{"@type":"BreadcrumbList","@id":"https:\/\/kibrisdakik.com\/?p=15139#breadcrumb","itemListElement":[{"@type":"ListItem","position":1,"name":"Home","item":"https:\/\/kibrisdakik.com\/"},{"@type":"ListItem","position":2,"name":"Cumhuriyet Meclisi Ba\u015fkan\u0131 T\u00f6re, Meclis Ba\u015fkanl\u0131k Divan\u0131 ile birlikte Ankara\u2019da"}]},{"@type":"WebSite","@id":"https:\/\/kibrisdakik.com\/#website","url":"https:\/\/kibrisdakik.com\/","name":"","description":"Tam vaktinde haber","potentialAction":[{"@type":"SearchAction","target":{"@type":"EntryPoint","urlTemplate":"https:\/\/kibrisdakik.com\/?s={search_term_string}"},"query-input":{"@type":"PropertyValueSpecification","valueRequired":true,"valueName":"search_term_string"}}],"inLanguage":"tr"},{"@type":"Person","@id":"https:\/\/kibrisdakik.com\/#\/schema\/person\/9cd9d437bbb44f72b73ba127e06d8e79","name":"admin","image":{"@type":"ImageObject","inLanguage":"tr","@id":"https:\/\/secure.gravatar.com\/avatar\/ccc17943b9d660506c869530f897617f7cb1c21a4bf30023f252596d83e1f007?s=96&d=mm&r=g","url":"https:\/\/secure.gravatar.com\/avatar\/ccc17943b9d660506c869530f897617f7cb1c21a4bf30023f252596d83e1f007?s=96&d=mm&r=g","contentUrl":"https:\/\/secure.gravatar.com\/avatar\/ccc17943b9d660506c869530f897617f7cb1c21a4bf30023f252596d83e1f007?s=96&d=mm&r=g","caption":"admin"},"sameAs":["https:\/\/kibrisdakik.com"],"url":"https:\/\/kibrisdakik.com\/?author=1"}]}},"_links":{"self":[{"href":"https:\/\/kibrisdakik.com\/index.php?rest_route=\/wp\/v2\/posts\/15139","targetHints":{"allow":["GET"]}}],"collection":[{"href":"https:\/\/kibrisdakik.com\/index.php?rest_route=\/wp\/v2\/posts"}],"about":[{"href":"https:\/\/kibrisdakik.com\/index.php?rest_route=\/wp\/v2\/types\/post"}],"author":[{"embeddable":true,"href":"https:\/\/kibrisdakik.com\/index.php?rest_route=\/wp\/v2\/users\/1"}],"replies":[{"embeddable":true,"href":"https:\/\/kibrisdakik.com\/index.php?rest_route=%2Fwp%2Fv2%2Fcomments&post=15139"}],"version-history":[{"count":0,"href":"https:\/\/kibrisdakik.com\/index.php?rest_route=\/wp\/v2\/posts\/15139\/revisions"}],"wp:featuredmedia":[{"embeddable":true,"href":"https:\/\/kibrisdakik.com\/index.php?rest_route=\/wp\/v2\/media\/15140"}],"wp:attachment":[{"href":"https:\/\/kibrisdakik.com\/index.php?rest_route=%2Fwp%2Fv2%2Fmedia&parent=15139"}],"wp:term":[{"taxonomy":"category","embeddable":true,"href":"https:\/\/kibrisdakik.com\/index.php?rest_route=%2Fwp%2Fv2%2Fcategories&post=15139"},{"taxonomy":"post_tag","embeddable":true,"href":"https:\/\/kibrisdakik.com\/index.php?rest_route=%2Fwp%2Fv2%2Ftags&post=15139"}],"curies":[{"name":"wp","href":"https:\/\/api.w.org\/{rel}","templated":true}]}}