{"id":15146,"date":"2023-10-06T09:14:52","date_gmt":"2023-10-06T09:14:52","guid":{"rendered":"https:\/\/kibrisdakik.com\/index.php\/2023\/10\/06\/telsim-4-5gye-gecti\/"},"modified":"2023-10-06T09:14:52","modified_gmt":"2023-10-06T09:14:52","slug":"telsim-4-5gye-gecti","status":"publish","type":"post","link":"https:\/\/kibrisdakik.com\/?p=15146","title":{"rendered":"Telsim 4.5G\u2019ye ge\u00e7ti"},"content":{"rendered":"<p><\/p>\n<div>\n<div class=\"mariselle-image-container center\">\n                <img width=\"963\" height=\"680\" class=\"lazy-image\" alt=\"\" decoding=\"async\" loading=\"lazy\" sizes=\"auto, (max-width: 963px) 100vw, 963px\" src=\"https:\/\/brtk.net\/wp-content\/uploads\/2023\/10\/06\/telsim-4-5g.png?ver=e51b0142bdc476e70314767c37a5b46b\" srcset=\"https:\/\/brtk.net\/wp-content\/uploads\/2023\/10\/06\/telsim-4-5g.png?ver=e51b0142bdc476e70314767c37a5b46b 963w, https:\/\/brtk.net\/wp-content\/uploads\/2023\/10\/06\/telsim-4-5g-300x212.png?ver=a7b209b825f1a3bf8ccafcb67073b2eb 300w, https:\/\/brtk.net\/wp-content\/uploads\/2023\/10\/06\/telsim-4-5g-768x542.png?ver=f889a860da6b81994184a704c4e54730 768w\"\/>                            <\/div>\n<p> Telsim, d\u00fcn ak\u015fam gece yar\u0131s\u0131 itibar\u0131yla 4.5G\u2019ye ge\u00e7ti.<\/p>\n<p>Telsim\u2019den yap\u0131lan a\u00e7\u0131klamaya g\u00f6re, Bakanlar Kurulu karar\u0131 ile Telsim, saat 00:00\u2019da m\u00fc\u015fterilerini 4.5G ile bulu\u015fturdu.<\/p>\n<p><strong>Sefer T\u00fcz: \u201cS\u00fcper 4.5g\u2019yi m\u00fc\u015fterilerimize sunman\u0131n gururunu ya\u015famaktay\u0131z\u201d<\/strong><\/p>\n<p>Telsim Genel M\u00fcd\u00fcr\u00fc Sefer T\u00fcz konuyla ilgili a\u00e7\u0131klamas\u0131nda, \u201cS\u00fcper 4.5G\u2019yi m\u00fc\u015fterilerimize sunman\u0131n gururunu ya\u015famaktay\u0131z. Telsim olarak 4.5G\u2019de Vodafone\u2019un fark\u0131n\u0131 m\u00fc\u015fterilerimize ya\u015fatma zaman\u0131. Bug\u00fcne kadar Kuzey K\u0131br\u0131s\u2019\u0131n dijitalle\u015fmesini \u00e7ok \u00f6nemsedik ve hep bunun i\u00e7in \u00e7al\u0131\u015f\u0131p m\u00fccadelemizi verdik ve vermeye de devam edece\u011fiz\u201d diye konu\u015ftu.<\/p>\n<p>4.5G hizmetini bekleyen m\u00fc\u015fterilerine bu haberi vermekten duydu\u011fu gururu dile getiren T\u00fcz, \u201c\u015eimdi zaman, Telsim\u2019in \u00fclkede en iyi m\u00fc\u015fteri deneyimini yans\u0131tacak 4.5G hizmetini sunma gururunu ya\u015fatma zaman\u0131d\u0131r \u201ddedi.<\/p>\n<\/p><\/div>\n<p><script async\n                    defer\n                    crossorigin=\"anonymous\"\n                    src=\"https:\/\/connect.facebook.net\/tr_TR\/sdk.js#xfbml=1&#038;version=v3.3\"\n            ><\/script><\/p>\n","protected":false},"excerpt":{"rendered":"<p>Telsim, d\u00fcn ak\u015fam gece yar\u0131s\u0131 itibar\u0131yla 4.5G\u2019ye ge\u00e7ti. Telsim\u2019den yap\u0131lan a\u00e7\u0131klamaya g\u00f6re, Bakanlar Kurulu karar\u0131 ile Telsim, saat 00:00\u2019da m\u00fc\u015fterilerini 4.5G ile bulu\u015fturdu. Sefer T\u00fcz: \u201cS\u00fcper 4.5g\u2019yi m\u00fc\u015fterilerimize sunman\u0131n gururunu ya\u015famaktay\u0131z\u201d Telsim Genel M\u00fcd\u00fcr\u00fc Sefer T\u00fcz konuyla ilgili a\u00e7\u0131klamas\u0131nda, \u201cS\u00fcper 4.5G\u2019yi m\u00fc\u015fterilerimize sunman\u0131n gururunu ya\u015famaktay\u0131z. Telsim olarak 4.5G\u2019de Vodafone\u2019un fark\u0131n\u0131 m\u00fc\u015fterilerimize ya\u015fatma zaman\u0131. Bug\u00fcne kadar<\/p>\n","protected":false},"author":1,"featured_media":15147,"comment_status":"open","ping_status":"open","sticky":false,"template":"","format":"standard","meta":{"footnotes":""},"categories":[1],"tags":[],"class_list":["post-15146","post","type-post","status-publish","format-standard","has-post-thumbnail","hentry","category-gundem"],"yoast_head":"<!-- This site is optimized with the Yoast SEO plugin v27.4 - https:\/\/yoast.com\/product\/yoast-seo-wordpress\/ -->\n<title>Telsim 4.5G\u2019ye ge\u00e7ti -<\/title>\n<meta name=\"robots\" content=\"index, follow, max-snippet:-1, max-image-preview:large, max-video-preview:-1\" \/>\n<link rel=\"canonical\" href=\"https:\/\/kibrisdakik.com\/?p=15146\" \/>\n<meta property=\"og:locale\" content=\"tr_TR\" \/>\n<meta property=\"og:type\" content=\"article\" \/>\n<meta property=\"og:title\" content=\"Telsim 4.5G\u2019ye ge\u00e7ti -\" \/>\n<meta property=\"og:description\" content=\"Telsim, d\u00fcn ak\u015fam gece yar\u0131s\u0131 itibar\u0131yla 4.5G\u2019ye ge\u00e7ti. Telsim\u2019den yap\u0131lan a\u00e7\u0131klamaya g\u00f6re, Bakanlar Kurulu karar\u0131 ile Telsim, saat 00:00\u2019da m\u00fc\u015fterilerini 4.5G ile bulu\u015fturdu. Sefer T\u00fcz: \u201cS\u00fcper 4.5g\u2019yi m\u00fc\u015fterilerimize sunman\u0131n gururunu ya\u015famaktay\u0131z\u201d Telsim Genel M\u00fcd\u00fcr\u00fc Sefer T\u00fcz konuyla ilgili a\u00e7\u0131klamas\u0131nda, \u201cS\u00fcper 4.5G\u2019yi m\u00fc\u015fterilerimize sunman\u0131n gururunu ya\u015famaktay\u0131z. Telsim olarak 4.5G\u2019de Vodafone\u2019un fark\u0131n\u0131 m\u00fc\u015fterilerimize ya\u015fatma zaman\u0131. Bug\u00fcne kadar\" \/>\n<meta property=\"og:url\" content=\"https:\/\/kibrisdakik.com\/?p=15146\" \/>\n<meta property=\"article:published_time\" content=\"2023-10-06T09:14:52+00:00\" \/>\n<meta property=\"og:image\" content=\"https:\/\/kibrisdakik.com\/wp-content\/uploads\/2023\/10\/telsim-4-5g-740x420.png\" \/>\n\t<meta property=\"og:image:width\" content=\"963\" \/>\n\t<meta property=\"og:image:height\" content=\"680\" \/>\n\t<meta property=\"og:image:type\" content=\"image\/png\" \/>\n<meta name=\"author\" content=\"admin\" \/>\n<meta name=\"twitter:card\" content=\"summary_large_image\" \/>\n<meta name=\"twitter:label1\" content=\"Yazan:\" \/>\n\t<meta name=\"twitter:data1\" content=\"admin\" \/>\n\t<meta name=\"twitter:label2\" content=\"Tahmini okuma s\u00fcresi\" \/>\n\t<meta name=\"twitter:data2\" content=\"1 dakika\" \/>\n<script type=\"application\/ld+json\" class=\"yoast-schema-graph\">{\"@context\":\"https:\\\/\\\/schema.org\",\"@graph\":[{\"@type\":\"Article\",\"@id\":\"https:\\\/\\\/kibrisdakik.com\\\/?p=15146#article\",\"isPartOf\":{\"@id\":\"https:\\\/\\\/kibrisdakik.com\\\/?p=15146\"},\"author\":{\"name\":\"admin\",\"@id\":\"https:\\\/\\\/kibrisdakik.com\\\/#\\\/schema\\\/person\\\/9cd9d437bbb44f72b73ba127e06d8e79\"},\"headline\":\"Telsim 4.5G\u2019ye ge\u00e7ti\",\"datePublished\":\"2023-10-06T09:14:52+00:00\",\"mainEntityOfPage\":{\"@id\":\"https:\\\/\\\/kibrisdakik.com\\\/?p=15146\"},\"wordCount\":161,\"commentCount\":0,\"image\":{\"@id\":\"https:\\\/\\\/kibrisdakik.com\\\/?p=15146#primaryimage\"},\"thumbnailUrl\":\"https:\\\/\\\/kibrisdakik.com\\\/wp-content\\\/uploads\\\/2023\\\/10\\\/telsim-4-5g-740x420.png\",\"articleSection\":[\"G\u00fcndem\"],\"inLanguage\":\"tr\",\"potentialAction\":[{\"@type\":\"CommentAction\",\"name\":\"Comment\",\"target\":[\"https:\\\/\\\/kibrisdakik.com\\\/?p=15146#respond\"]}]},{\"@type\":\"WebPage\",\"@id\":\"https:\\\/\\\/kibrisdakik.com\\\/?p=15146\",\"url\":\"https:\\\/\\\/kibrisdakik.com\\\/?p=15146\",\"name\":\"Telsim 4.5G\u2019ye ge\u00e7ti -\",\"isPartOf\":{\"@id\":\"https:\\\/\\\/kibrisdakik.com\\\/#website\"},\"primaryImageOfPage\":{\"@id\":\"https:\\\/\\\/kibrisdakik.com\\\/?p=15146#primaryimage\"},\"image\":{\"@id\":\"https:\\\/\\\/kibrisdakik.com\\\/?p=15146#primaryimage\"},\"thumbnailUrl\":\"https:\\\/\\\/kibrisdakik.com\\\/wp-content\\\/uploads\\\/2023\\\/10\\\/telsim-4-5g-740x420.png\",\"datePublished\":\"2023-10-06T09:14:52+00:00\",\"author\":{\"@id\":\"https:\\\/\\\/kibrisdakik.com\\\/#\\\/schema\\\/person\\\/9cd9d437bbb44f72b73ba127e06d8e79\"},\"breadcrumb\":{\"@id\":\"https:\\\/\\\/kibrisdakik.com\\\/?p=15146#breadcrumb\"},\"inLanguage\":\"tr\",\"potentialAction\":[{\"@type\":\"ReadAction\",\"target\":[\"https:\\\/\\\/kibrisdakik.com\\\/?p=15146\"]}]},{\"@type\":\"ImageObject\",\"inLanguage\":\"tr\",\"@id\":\"https:\\\/\\\/kibrisdakik.com\\\/?p=15146#primaryimage\",\"url\":\"https:\\\/\\\/kibrisdakik.com\\\/wp-content\\\/uploads\\\/2023\\\/10\\\/telsim-4-5g-740x420.png\",\"contentUrl\":\"https:\\\/\\\/kibrisdakik.com\\\/wp-content\\\/uploads\\\/2023\\\/10\\\/telsim-4-5g-740x420.png\",\"width\":963,\"height\":680},{\"@type\":\"BreadcrumbList\",\"@id\":\"https:\\\/\\\/kibrisdakik.com\\\/?p=15146#breadcrumb\",\"itemListElement\":[{\"@type\":\"ListItem\",\"position\":1,\"name\":\"Home\",\"item\":\"https:\\\/\\\/kibrisdakik.com\\\/\"},{\"@type\":\"ListItem\",\"position\":2,\"name\":\"Telsim 4.5G\u2019ye ge\u00e7ti\"}]},{\"@type\":\"WebSite\",\"@id\":\"https:\\\/\\\/kibrisdakik.com\\\/#website\",\"url\":\"https:\\\/\\\/kibrisdakik.com\\\/\",\"name\":\"\",\"description\":\"Tam vaktinde haber\",\"potentialAction\":[{\"@type\":\"SearchAction\",\"target\":{\"@type\":\"EntryPoint\",\"urlTemplate\":\"https:\\\/\\\/kibrisdakik.com\\\/?s={search_term_string}\"},\"query-input\":{\"@type\":\"PropertyValueSpecification\",\"valueRequired\":true,\"valueName\":\"search_term_string\"}}],\"inLanguage\":\"tr\"},{\"@type\":\"Person\",\"@id\":\"https:\\\/\\\/kibrisdakik.com\\\/#\\\/schema\\\/person\\\/9cd9d437bbb44f72b73ba127e06d8e79\",\"name\":\"admin\",\"image\":{\"@type\":\"ImageObject\",\"inLanguage\":\"tr\",\"@id\":\"https:\\\/\\\/secure.gravatar.com\\\/avatar\\\/ccc17943b9d660506c869530f897617f7cb1c21a4bf30023f252596d83e1f007?s=96&d=mm&r=g\",\"url\":\"https:\\\/\\\/secure.gravatar.com\\\/avatar\\\/ccc17943b9d660506c869530f897617f7cb1c21a4bf30023f252596d83e1f007?s=96&d=mm&r=g\",\"contentUrl\":\"https:\\\/\\\/secure.gravatar.com\\\/avatar\\\/ccc17943b9d660506c869530f897617f7cb1c21a4bf30023f252596d83e1f007?s=96&d=mm&r=g\",\"caption\":\"admin\"},\"sameAs\":[\"https:\\\/\\\/kibrisdakik.com\"],\"url\":\"https:\\\/\\\/kibrisdakik.com\\\/?author=1\"}]}<\/script>\n<!-- \/ Yoast SEO plugin. -->","yoast_head_json":{"title":"Telsim 4.5G\u2019ye ge\u00e7ti -","robots":{"index":"index","follow":"follow","max-snippet":"max-snippet:-1","max-image-preview":"max-image-preview:large","max-video-preview":"max-video-preview:-1"},"canonical":"https:\/\/kibrisdakik.com\/?p=15146","og_locale":"tr_TR","og_type":"article","og_title":"Telsim 4.5G\u2019ye ge\u00e7ti -","og_description":"Telsim, d\u00fcn ak\u015fam gece yar\u0131s\u0131 itibar\u0131yla 4.5G\u2019ye ge\u00e7ti. Telsim\u2019den yap\u0131lan a\u00e7\u0131klamaya g\u00f6re, Bakanlar Kurulu karar\u0131 ile Telsim, saat 00:00\u2019da m\u00fc\u015fterilerini 4.5G ile bulu\u015fturdu. Sefer T\u00fcz: \u201cS\u00fcper 4.5g\u2019yi m\u00fc\u015fterilerimize sunman\u0131n gururunu ya\u015famaktay\u0131z\u201d Telsim Genel M\u00fcd\u00fcr\u00fc Sefer T\u00fcz konuyla ilgili a\u00e7\u0131klamas\u0131nda, \u201cS\u00fcper 4.5G\u2019yi m\u00fc\u015fterilerimize sunman\u0131n gururunu ya\u015famaktay\u0131z. Telsim olarak 4.5G\u2019de Vodafone\u2019un fark\u0131n\u0131 m\u00fc\u015fterilerimize ya\u015fatma zaman\u0131. Bug\u00fcne kadar","og_url":"https:\/\/kibrisdakik.com\/?p=15146","article_published_time":"2023-10-06T09:14:52+00:00","og_image":[{"width":963,"height":680,"url":"https:\/\/kibrisdakik.com\/wp-content\/uploads\/2023\/10\/telsim-4-5g-740x420.png","type":"image\/png"}],"author":"admin","twitter_card":"summary_large_image","twitter_misc":{"Yazan:":"admin","Tahmini okuma s\u00fcresi":"1 dakika"},"schema":{"@context":"https:\/\/schema.org","@graph":[{"@type":"Article","@id":"https:\/\/kibrisdakik.com\/?p=15146#article","isPartOf":{"@id":"https:\/\/kibrisdakik.com\/?p=15146"},"author":{"name":"admin","@id":"https:\/\/kibrisdakik.com\/#\/schema\/person\/9cd9d437bbb44f72b73ba127e06d8e79"},"headline":"Telsim 4.5G\u2019ye ge\u00e7ti","datePublished":"2023-10-06T09:14:52+00:00","mainEntityOfPage":{"@id":"https:\/\/kibrisdakik.com\/?p=15146"},"wordCount":161,"commentCount":0,"image":{"@id":"https:\/\/kibrisdakik.com\/?p=15146#primaryimage"},"thumbnailUrl":"https:\/\/kibrisdakik.com\/wp-content\/uploads\/2023\/10\/telsim-4-5g-740x420.png","articleSection":["G\u00fcndem"],"inLanguage":"tr","potentialAction":[{"@type":"CommentAction","name":"Comment","target":["https:\/\/kibrisdakik.com\/?p=15146#respond"]}]},{"@type":"WebPage","@id":"https:\/\/kibrisdakik.com\/?p=15146","url":"https:\/\/kibrisdakik.com\/?p=15146","name":"Telsim 4.5G\u2019ye ge\u00e7ti -","isPartOf":{"@id":"https:\/\/kibrisdakik.com\/#website"},"primaryImageOfPage":{"@id":"https:\/\/kibrisdakik.com\/?p=15146#primaryimage"},"image":{"@id":"https:\/\/kibrisdakik.com\/?p=15146#primaryimage"},"thumbnailUrl":"https:\/\/kibrisdakik.com\/wp-content\/uploads\/2023\/10\/telsim-4-5g-740x420.png","datePublished":"2023-10-06T09:14:52+00:00","author":{"@id":"https:\/\/kibrisdakik.com\/#\/schema\/person\/9cd9d437bbb44f72b73ba127e06d8e79"},"breadcrumb":{"@id":"https:\/\/kibrisdakik.com\/?p=15146#breadcrumb"},"inLanguage":"tr","potentialAction":[{"@type":"ReadAction","target":["https:\/\/kibrisdakik.com\/?p=15146"]}]},{"@type":"ImageObject","inLanguage":"tr","@id":"https:\/\/kibrisdakik.com\/?p=15146#primaryimage","url":"https:\/\/kibrisdakik.com\/wp-content\/uploads\/2023\/10\/telsim-4-5g-740x420.png","contentUrl":"https:\/\/kibrisdakik.com\/wp-content\/uploads\/2023\/10\/telsim-4-5g-740x420.png","width":963,"height":680},{"@type":"BreadcrumbList","@id":"https:\/\/kibrisdakik.com\/?p=15146#breadcrumb","itemListElement":[{"@type":"ListItem","position":1,"name":"Home","item":"https:\/\/kibrisdakik.com\/"},{"@type":"ListItem","position":2,"name":"Telsim 4.5G\u2019ye ge\u00e7ti"}]},{"@type":"WebSite","@id":"https:\/\/kibrisdakik.com\/#website","url":"https:\/\/kibrisdakik.com\/","name":"","description":"Tam vaktinde haber","potentialAction":[{"@type":"SearchAction","target":{"@type":"EntryPoint","urlTemplate":"https:\/\/kibrisdakik.com\/?s={search_term_string}"},"query-input":{"@type":"PropertyValueSpecification","valueRequired":true,"valueName":"search_term_string"}}],"inLanguage":"tr"},{"@type":"Person","@id":"https:\/\/kibrisdakik.com\/#\/schema\/person\/9cd9d437bbb44f72b73ba127e06d8e79","name":"admin","image":{"@type":"ImageObject","inLanguage":"tr","@id":"https:\/\/secure.gravatar.com\/avatar\/ccc17943b9d660506c869530f897617f7cb1c21a4bf30023f252596d83e1f007?s=96&d=mm&r=g","url":"https:\/\/secure.gravatar.com\/avatar\/ccc17943b9d660506c869530f897617f7cb1c21a4bf30023f252596d83e1f007?s=96&d=mm&r=g","contentUrl":"https:\/\/secure.gravatar.com\/avatar\/ccc17943b9d660506c869530f897617f7cb1c21a4bf30023f252596d83e1f007?s=96&d=mm&r=g","caption":"admin"},"sameAs":["https:\/\/kibrisdakik.com"],"url":"https:\/\/kibrisdakik.com\/?author=1"}]}},"_links":{"self":[{"href":"https:\/\/kibrisdakik.com\/index.php?rest_route=\/wp\/v2\/posts\/15146","targetHints":{"allow":["GET"]}}],"collection":[{"href":"https:\/\/kibrisdakik.com\/index.php?rest_route=\/wp\/v2\/posts"}],"about":[{"href":"https:\/\/kibrisdakik.com\/index.php?rest_route=\/wp\/v2\/types\/post"}],"author":[{"embeddable":true,"href":"https:\/\/kibrisdakik.com\/index.php?rest_route=\/wp\/v2\/users\/1"}],"replies":[{"embeddable":true,"href":"https:\/\/kibrisdakik.com\/index.php?rest_route=%2Fwp%2Fv2%2Fcomments&post=15146"}],"version-history":[{"count":0,"href":"https:\/\/kibrisdakik.com\/index.php?rest_route=\/wp\/v2\/posts\/15146\/revisions"}],"wp:featuredmedia":[{"embeddable":true,"href":"https:\/\/kibrisdakik.com\/index.php?rest_route=\/wp\/v2\/media\/15147"}],"wp:attachment":[{"href":"https:\/\/kibrisdakik.com\/index.php?rest_route=%2Fwp%2Fv2%2Fmedia&parent=15146"}],"wp:term":[{"taxonomy":"category","embeddable":true,"href":"https:\/\/kibrisdakik.com\/index.php?rest_route=%2Fwp%2Fv2%2Fcategories&post=15146"},{"taxonomy":"post_tag","embeddable":true,"href":"https:\/\/kibrisdakik.com\/index.php?rest_route=%2Fwp%2Fv2%2Ftags&post=15146"}],"curies":[{"name":"wp","href":"https:\/\/api.w.org\/{rel}","templated":true}]}}