{"id":15184,"date":"2023-10-06T16:49:21","date_gmt":"2023-10-06T16:49:21","guid":{"rendered":"https:\/\/kibrisdakik.com\/index.php\/2023\/10\/06\/tc-adalet-bakani-tunc-aihmin-yargi-yetkisini-kabul-etmis-bir-ulkeyiz-bize-cifte-standart-uygulanmasini-istemiyoruz\/"},"modified":"2023-10-06T16:49:21","modified_gmt":"2023-10-06T16:49:21","slug":"tc-adalet-bakani-tunc-aihmin-yargi-yetkisini-kabul-etmis-bir-ulkeyiz-bize-cifte-standart-uygulanmasini-istemiyoruz","status":"publish","type":"post","link":"https:\/\/kibrisdakik.com\/?p=15184","title":{"rendered":"TC Adalet Bakan\u0131 Tun\u00e7: \u201cA\u0130HM\u2019in yarg\u0131 yetkisini kabul etmi\u015f bir \u00fclkeyiz. Bize \u00e7ifte standart uygulanmas\u0131n\u0131 istemiyoruz\u201d"},"content":{"rendered":"<p><\/p>\n<div>\n<div class=\"mariselle-image-container center\">\n                <img width=\"2560\" height=\"1752\" class=\"lazy-image\" alt=\"\" decoding=\"async\" loading=\"lazy\" sizes=\"auto, (max-width: 2560px) 100vw, 2560px\" src=\"https:\/\/brtk.net\/wp-content\/uploads\/2023\/10\/06\/aa-20231006-32324817-32324816-adalet-bakani-tunc-basin-kuruluslarinin-temsilcileriyle-bir-araya-geldi-scaled.jpg?ver=9224288d1deaae7f67dd832dffb51b22\" srcset=\"https:\/\/brtk.net\/wp-content\/uploads\/2023\/10\/06\/aa-20231006-32324817-32324816-adalet-bakani-tunc-basin-kuruluslarinin-temsilcileriyle-bir-araya-geldi-scaled.jpg?ver=9224288d1deaae7f67dd832dffb51b22 2560w, https:\/\/brtk.net\/wp-content\/uploads\/2023\/10\/06\/aa-20231006-32324817-32324816-adalet-bakani-tunc-basin-kuruluslarinin-temsilcileriyle-bir-araya-geldi-300x205.jpg?ver=9224288d1deaae7f67dd832dffb51b22 300w, https:\/\/brtk.net\/wp-content\/uploads\/2023\/10\/06\/aa-20231006-32324817-32324816-adalet-bakani-tunc-basin-kuruluslarinin-temsilcileriyle-bir-araya-geldi-1024x701.jpg?ver=ae18e981fdac0acfdcd8e1b78d2358f6 1024w, https:\/\/brtk.net\/wp-content\/uploads\/2023\/10\/06\/aa-20231006-32324817-32324816-adalet-bakani-tunc-basin-kuruluslarinin-temsilcileriyle-bir-araya-geldi-768x526.jpg?ver=58c151799b12a3cd860e4ff8bfe8a3c5 768w, https:\/\/brtk.net\/wp-content\/uploads\/2023\/10\/06\/aa-20231006-32324817-32324816-adalet-bakani-tunc-basin-kuruluslarinin-temsilcileriyle-bir-araya-geldi-1536x1051.jpg?ver=2f6307e64b743451d6a41e97a48b2045 1536w, https:\/\/brtk.net\/wp-content\/uploads\/2023\/10\/06\/aa-20231006-32324817-32324816-adalet-bakani-tunc-basin-kuruluslarinin-temsilcileriyle-bir-araya-geldi-2048x1402.jpg?ver=bfcd89601e889af497261f9c6abfa029 2048w\"\/>                            <\/div>\n<p>T\u00fcrkiye Adalet Bakan\u0131 Y\u0131lmaz Tun\u00e7, T\u00fcrkiye\u2019nin Avrupa \u0130nsan Haklar\u0131 Mahkemesi (A\u0130HM) kararlar\u0131n\u0131 yerine getirmeyen bir \u00fclkeymi\u015f gibi alg\u0131 olu\u015fturulmaya \u00e7al\u0131\u015f\u0131ld\u0131\u011f\u0131n\u0131 belirterek, \u201cBunun do\u011fru bir alg\u0131 olmad\u0131\u011f\u0131n\u0131 ifade etmek istiyoruz. A\u0130HM\u2019in yarg\u0131 yetkisini kabul etmi\u015f bir \u00fclkeyiz. T\u00fcrkiye olarak bize \u00e7ifte standart uygulanmas\u0131n\u0131 istemiyoruz. Bizim \u00f6ncelikli talebimiz bu.\u201d dedi.<\/p>\n<p>Tun\u00e7, bas\u0131n kurulu\u015flar\u0131n\u0131n Ankara temsilcileriyle G\u00f6lba\u015f\u0131 Hakimevi\u2019nde bir araya gelerek g\u00fcndeme ili\u015fkin sorular\u0131 yan\u0131tlad\u0131.<\/p>\n<p>Gezi olaylar\u0131 ve yarg\u0131n\u0131n Osman Kavala karar\u0131n\u0131n sorulmas\u0131 \u00fczerine Tun\u00e7, Gezi olaylar\u0131nda \u015fehit edilen polisler, \u00f6ld\u00fcr\u00fclen vatanda\u015flar oldu\u011funu, vatanda\u015fa ait m\u00fclk ve kamu mallar\u0131n\u0131n zarar g\u00f6rd\u00fc\u011f\u00fcn\u00fc s\u00f6yledi.<\/p>\n<p>Demokraside \u015fiddete yer olmad\u0131\u011f\u0131n\u0131 ifade eden Tun\u00e7, hem Anayasa hem de uluslararas\u0131 s\u00f6zle\u015fmelerde toplant\u0131 ve g\u00f6steri y\u00fcr\u00fcy\u00fc\u015flerinin s\u0131n\u0131rlar\u0131n\u0131n belli oldu\u011funu anlatt\u0131.<\/p>\n<p>Gezi olaylar\u0131yla ilgili yarg\u0131 s\u00fcrecine de\u011finen Tun\u00e7, \u201cO ki\u015filerin su\u00e7lu olup olmad\u0131\u011f\u0131na, yarg\u0131 karar verecek. E\u011fer biz hukuk devletiysek buna karar verecek olan yarg\u0131d\u0131r. Yarg\u0131, Gezi\u2019nin bir su\u00e7 oldu\u011funu, \u015fiddet hareketi oldu\u011funu, b\u00fct\u00fcn \u00fclkeye yayg\u0131nla\u015ft\u0131r\u0131lmak istendi\u011fini ve se\u00e7ilmi\u015f h\u00fck\u00fcmete y\u00f6nelik bir kalk\u0131\u015fma hareketi oldu\u011funu kabul etti.\u201d diye konu\u015ftu.<\/p>\n<p>Mahkemelerin kararlar\u0131n\u0131n gerek\u00e7esine bak\u0131lmas\u0131 gerekti\u011fini belirten Tun\u00e7, \u015funlar\u0131 kaydetti:<\/p>\n<p>\u201cBahsedilen ki\u015filerin o d\u00f6nemdeki hareketleri gerek\u00e7ede yaz\u0131yor. Neler yapt\u0131klar\u0131, Gezi s\u00fcrecindeki desteklerinin ne oldu\u011fu, arka plan\u0131nda nas\u0131l hareket ettikleri delillerle ortaya \u00e7\u0131kar\u0131lm\u0131\u015f. Bu delilleri bir tarafa b\u0131rak\u0131p siz yorumlar yaparsan\u0131z bu do\u011fru olmaz. Burada bir k\u0131s\u0131m san\u0131klar bak\u0131m\u0131ndan beraat istendi. \u2018Onlarla ilgili memnuniyetimizi belirtiyoruz.\u2019 diyorlar. Mahkumiyet verilenlerle ilgili de \u2018K\u0131namam\u0131z\u0131 belirtiyoruz.\u2019 diyorlar. \u0130kisi de ayn\u0131 mahkemenin karar\u0131. Beraat verilenlere neden beraat verilmi\u015f gerek\u00e7ede belli. Mahkumiyet verilenlere neden mahkumiyet verilmi\u015f o da belli. Karar ortada, eylemin niteli\u011fi ortada, mevzuat\u0131m\u0131z da ortada.\u201d<\/p>\n<p>Hakk\u0131nda karar verilenlerden birinin milletvekili se\u00e7ildi\u011fini ifade eden Bakan Tun\u00e7, bu konudaki Anayasa h\u00fckm\u00fcne at\u0131fta bulundu. Tun\u00e7, \u201cAnayasa\u2019n\u0131n 83. maddesi a\u00e7\u0131k. Se\u00e7ilen bir milletvekili yasama dokunulmazl\u0131\u011f\u0131na sahiptir. Fakat a\u015fa\u011f\u0131daki f\u0131kralar\u0131 okumazsan\u0131z yanl\u0131\u015f bir sonuca varm\u0131\u015f, Anayasa\u2019y\u0131 uygulamam\u0131\u015f olursunuz. A\u015fa\u011f\u0131da ne diyor? Se\u00e7imden \u00f6nce soru\u015fturmas\u0131na ba\u015flanmak kayd\u0131yla. Gezi Davas\u0131 se\u00e7iminden \u00f6nce de\u011fil miydi?\u201d de\u011ferlendirmesinde bulundu.<\/p>\n<p>Bakan Tun\u00e7, Anayasa\u2019n\u0131n ilgili maddesine de\u011finerek, milli g\u00fcvenlik, kamu d\u00fczeni ve genel sa\u011fl\u0131\u011fa ili\u015fkin su\u00e7larda dokunulmazl\u0131k bulunmad\u0131\u011f\u0131n\u0131, Anayasa\u2019n\u0131n 14. maddesinde ilgili hususlar\u0131n kanunla d\u00fczenlenece\u011fine ili\u015fkin bir h\u00fck\u00fcm bulundu\u011funu, bu durumda TCK ve Ter\u00f6rle M\u00fccadele Kanununa bak\u0131lmas\u0131 gerekti\u011fini dile getirdi.<\/p>\n<p>Y\u0131lmaz Tun\u00e7, \u201cNeticede bunun karar\u0131n\u0131 verecek olan Adalet Bakanl\u0131\u011f\u0131 olarak biz de\u011filiz. Biz sadece Anayasa\u2019n\u0131n mevcut h\u00fckm\u00fcn\u00fc ortaya koyduk. Gezi\u2019nin zaten tart\u0131\u015fmas\u0131z bir ter\u00f6r eylemi oldu\u011funu halk\u0131m\u0131z biliyor. \u00c7\u00fcnk\u00fc orada \u00f6l\u00fcm var, mala zarar verme var. Bir kalk\u0131\u015fma oldu\u011fu tart\u0131\u015fmas\u0131z. Bunun sorumlular\u0131 yarg\u0131lanamayacaksa orada hukuk devletinden bahsedilemez.\u201d ifadelerini kulland\u0131.<\/p>\n<p>\u2013 A\u0130HM kararlar\u0131<\/p>\n<p>A\u0130HM\u2019in Kavala ve Yal\u00e7\u0131nkaya kararlar\u0131 hat\u0131rlat\u0131larak, \u201cA\u0130HM ile ili\u015fkileri nas\u0131l bir \u00e7er\u00e7eveye oturtacaks\u0131n\u0131z?\u201d diye sorulmas\u0131 \u00fczerine Tun\u00e7, T\u00fcrkiye\u2019nin A\u0130HM kararlar\u0131n\u0131 uygulamayan bir \u00fclke gibi g\u00f6sterilmek istendi\u011fini fakat bunun ger\u00e7e\u011fi yans\u0131tmad\u0131\u011f\u0131n\u0131 bildirdi.<\/p>\n<p>A\u0130HM\u2019ne \u00fcye \u00fclkelere dosya say\u0131s\u0131na ili\u015fkin bilgi veren Tun\u00e7, s\u00f6zlerini \u015f\u00f6yle s\u00fcrd\u00fcrd\u00fc:<\/p>\n<p>\u201cA\u0130HM\u2019e \u00fcye t\u00fcm \u00fclkeler bak\u0131m\u0131ndan Bakanlar Komitesi\u2019ne g\u00f6nderilen dosya say\u0131s\u0131 31 bin 303, hak ihlali verilip icras\u0131 tamamlanan dosya say\u0131s\u0131 24 bin 854. \u0130cras\u0131 devam eden dosya say\u0131s\u0131, hen\u00fcz yerine getirilmemi\u015f 6 bin 449. Yerine getirme oran\u0131 y\u00fczde 79,39. T\u00fcrkiye olarak Bakanlar Komitesi\u2019ne g\u00f6nderilen dosya say\u0131m\u0131z 4 bin 336. Yani hak ihlali verilmi\u015f. Yerine getiremedi\u011fimiz dosya say\u0131s\u0131 4 bin 336. \u0130cras\u0131 tamamlanan dosya say\u0131s\u0131 3 bin 857. Yani Bakanlar Komitesi\u2019ne gitmi\u015f, icray\u0131 tamamlam\u0131\u015f\u0131z. \u0130cras\u0131 devam eden 479 var. Oran\u0131m\u0131z y\u00fczde 88,95. Yani yerine getirme oran\u0131 y\u00fczde 88,95. T\u00fcm \u00fcyelerin ortalamas\u0131 y\u00fczde 79, T\u00fcrkiye\u2019nin ortalamas\u0131 y\u00fczde 89. Yani A\u0130HM\u2019in ihlal kararlar\u0131n\u0131 ortalaman\u0131n \u00fcst\u00fcnde uygulayan bir \u00fclke T\u00fcrkiye. \u00dcye \u00fclkeler ortalamas\u0131n\u0131n 10 puan \u00fcst\u00fcndeyiz.<\/p>\n<p>Yunanistan 15 y\u0131ld\u0131r A\u0130HM ihlal karar\u0131n\u0131 yerine getirmedi. Yunanistan, Bat\u0131 Trakya\u2019daki T\u00fcrk derneklerinin ismindeki T\u00fcrk ibaresi nedeniyle kapat\u0131lmas\u0131na karar verdi. A\u0130HM, hak ihlali karar\u0131 verdi. Ama bu karar\u0131 15 y\u0131ld\u0131r yerine getirmedi. Hi\u00e7 kimse de demiyor ki Yunanistan neden A\u0130HM karar\u0131n\u0131 yerine getirmedi? Ama T\u00fcrkiye geldi\u011fi zaman \u00e7ifte standart. \u00d6zellikle baz\u0131 davalar bak\u0131m\u0131ndan, onlar \u00f6ne al\u0131narak sanki T\u00fcrkiye A\u0130HM kararlar\u0131n\u0131 yerine getirmeyen bir \u00fclkeymi\u015f alg\u0131s\u0131 da olu\u015fturulmaya \u00e7al\u0131\u015f\u0131l\u0131yor. Bunun do\u011fru bir alg\u0131 olmad\u0131\u011f\u0131n\u0131 ifade etmek istiyoruz. A\u0130HM\u2019in yarg\u0131 yetkisini kabul etmi\u015f bir \u00fclkeyiz. T\u00fcrkiye olarak bize \u00e7ifte standart uygulanmas\u0131n\u0131 istemiyoruz. Bizim \u00f6ncelikli talebimiz bu. \u00d6zellikle baz\u0131 kararlar bak\u0131m\u0131ndan da A\u0130HM\u2019in hukuki olmayan kararlar verdi\u011fini s\u00f6yl\u00fcyoruz. A\u0130HM, \u00f6zellikle T\u00fcrkiye s\u00f6z konusu oldu\u011funda zaman zaman yerle\u015fik i\u00e7tihatlar\u0131ndan ayr\u0131l\u0131yor.\u201d<\/p>\n<p>Bakan Tun\u00e7, soru \u00fczerine, A\u0130HM kararlar\u0131n\u0131n yeniden yarg\u0131lama sebebi say\u0131lmas\u0131n\u0131 sa\u011flayan 2004 de\u011fi\u015fikli\u011finin AK Parti d\u00f6neminde yap\u0131lan de\u011fi\u015fikliklerden oldu\u011funu hat\u0131rlatarak, kazan\u0131lm\u0131\u015f haklarda geriye gitmenin s\u00f6z konusu olmayaca\u011f\u0131n\u0131, bu ad\u0131mlar\u0131 AB istedi\u011fi i\u00e7in de\u011fil, T\u00fcrk halk\u0131n\u0131n temel hak ve \u00f6zg\u00fcrl\u00fcklerini g\u00fcvenceye almak i\u00e7in att\u0131klar\u0131n\u0131, bu g\u00fcvencelerden vazge\u00e7ilmeyece\u011fini anlatt\u0131.<\/p>\n<p>\u2013 \u201cTer\u00f6rle m\u00fccadele kararl\u0131l\u0131kla devam etmeli\u201d<\/p>\n<p>\u0130\u00e7i\u015fleri Bakanl\u0131\u011f\u0131na y\u00f6nelik ter\u00f6r sald\u0131r\u0131s\u0131na ili\u015fkin soru \u00fczerine Y\u0131lmaz Tun\u00e7, sald\u0131r\u0131y\u0131 ger\u00e7ekle\u015ftiren ter\u00f6ristlerin Kayseri\u2019de bir veterineri \u00f6ld\u00fcrerek arac\u0131n\u0131 gasbetti\u011fini ve bu ara\u00e7la Ankara\u2019ya geldi\u011fini hat\u0131rlatt\u0131.<\/p>\n<p>Tun\u00e7, veterinerin eve d\u00f6nmemesi, telefonuna da cevap vermemesi \u00fczerine babas\u0131n\u0131n aramaya \u00e7\u0131kt\u0131\u011f\u0131n\u0131 ve saat 22.00-23.00 sular\u0131nda Develi il\u00e7esine ba\u011fl\u0131 K\u00fcnye k\u00f6y\u00fc Avla\u011fa mezras\u0131nda evlad\u0131n\u0131n cesedini buldu\u011funu belirtti.<\/p>\n<p>Baban\u0131n \u00e7a\u011f\u0131rd\u0131\u011f\u0131 ambulansla cesedin hastaneye g\u00f6t\u00fcr\u00fcld\u00fc\u011f\u00fcn\u00fc, jandarman\u0131n da soru\u015fturma ba\u015flatt\u0131\u011f\u0131n\u0131 ifade eden Tun\u00e7, soru\u015fturma devam ederken sabah bombal\u0131 eylemin ger\u00e7ekle\u015fti\u011fini anlatt\u0131.<\/p>\n<p>Polislerin kahramanca m\u00fccadele ederek b\u00fcy\u00fck bir faciay\u0131 engelledi\u011fini vurgulayan Tun\u00e7, ter\u00f6ristlerin kimliklerinin tespit edildi\u011fini, soru\u015fturman\u0131n detayl\u0131 \u015fekilde s\u00fcrd\u00fc\u011f\u00fcn\u00fc bildirdi.<\/p>\n<p>Tun\u00e7, eylemi ter\u00f6r \u00f6rg\u00fct\u00fc PKK\u2019n\u0131n yapt\u0131\u011f\u0131na ili\u015fkin bir teredd\u00fct bulunmad\u0131\u011f\u0131n\u0131, ter\u00f6ristlerin ara yollardan gelerek Plaka Takip Sisteminden kurtulduklar\u0131n\u0131n de\u011ferlendirildi\u011fini belirtti.<\/p>\n<p>Ter\u00f6rle m\u00fccadelede kararl\u0131l\u0131\u011f\u0131n s\u00fcrd\u00fc\u011f\u00fcn\u00fc kaydeden Tun\u00e7, \u201cTer\u00f6rle m\u00fccadeleye ter\u00f6r\u00fcn k\u00f6k\u00fcn\u00fc kurutuncaya kadar devam etmemiz laz\u0131m. Bu konudaki m\u00fccadele sadece iktidar partisinin m\u00fccadelesi olmamal\u0131. Muhalefetle birlik beraberlik i\u00e7erisinde \u00fclkemizi, milletimizi huzursuz eden ter\u00f6r \u00f6rg\u00fctlerinden \u00fclkemizi temizleyinceye kadar bu m\u00fccadeledeki kararl\u0131l\u0131k devam etmeli ve ediyor.\u201d diye konu\u015ftu.<\/p>\n<p>\u2013 \u201cHukuk devleti buna m\u00fcsaade etmez\u201d<\/p>\n<p>Bakan Tun\u00e7, HDP\u2019li baz\u0131 milletvekillerinin ter\u00f6r \u00f6rg\u00fct\u00fc PKK\u2019ya ili\u015fkin beyanlar\u0131 hat\u0131rlat\u0131larak, \u201cHapisten Meclis\u2019e girebilmenin \u00f6n\u00fcne ge\u00e7ilebilir mi?\u201d sorusuna kar\u015f\u0131l\u0131k, \u201cE\u011fer Anayasa uygulanacaksa hapisten Meclis\u2019e girilemez. Tabii kesinle\u015fmi\u015f bir h\u00fck\u00fcm gerekir. Tabii uygulanmad\u0131\u011f\u0131 zaman bu t\u00fcr tart\u0131\u015fmalar s\u00f6z konusu oluyor.\u201d dedi.<\/p>\n<p>HDP\u2019li milletvekillerinin beyanlar\u0131 nedeniyle partinin kapatma davas\u0131yla kar\u015f\u0131 kar\u015f\u0131ya bulundu\u011funu aktaran Tun\u00e7, s\u00f6zlerini \u015f\u00f6yle s\u00fcrd\u00fcrd\u00fc:<\/p>\n<p>\u201cAnayasa Mahkemesinde \u00f6zellikle hazine yard\u0131m\u0131yla ilgili karar oy \u00e7oklu\u011fuyla verildi. HDP, \u015fimdi de Ye\u015fil Sol Parti, \u00f6zellikle ter\u00f6rle irtibat\u0131n\u0131 bir kere kesmiyor. Bunu a\u00e7\u0131k a\u00e7\u0131k \u2018Ben ter\u00f6r\u00fcn siyasi uzant\u0131s\u0131y\u0131m. Gelin tekrar bana kapatma davas\u0131 a\u00e7\u0131n. Ben ter\u00f6r\u00fc desteklemeye devam edece\u011fim.\u2019 diyor. Yani siyaset mi yapacaks\u0131n\u0131z? Se\u00e7ildi\u011finiz halk\u0131 m\u0131 temsil edeceksiniz? Yoksa ter\u00f6r \u00f6rg\u00fct\u00fcn\u00fcn s\u00f6zc\u00fcl\u00fc\u011f\u00fcn\u00fc m\u00fc yapacaks\u0131n\u0131z? Yani burada e\u011fer siz ter\u00f6r \u00f6rg\u00fct\u00fcn\u00fcn s\u00f6zc\u00fcl\u00fc\u011f\u00fcn\u00fc yapar, ter\u00f6r\u00fcn propagandas\u0131n\u0131 yaparsan\u0131z hukuk devleti buna m\u00fcsaade etmez. Hi\u00e7bir demokratik hukuk devleti buna m\u00fcsaade etmez. D\u00fcnyan\u0131n neresine giderseniz gidin. \u2018Devlet katliam yap\u0131yor.\u2019 diyor. Devletin ter\u00f6rle m\u00fccadelesini bir sava\u015f olarak nitelendiriyor. Yani bunu siz nas\u0131l d\u00fc\u015f\u00fcnce \u00f6zg\u00fcrl\u00fc\u011f\u00fc olarak kabul edebilirsiniz ki? Hangi belgede bunlar d\u00fc\u015f\u00fcnce \u00f6zg\u00fcrl\u00fc\u011f\u00fc. Yani \u015fiddeti savunmak, ter\u00f6r\u00fc savunmak hangi belgede d\u00fc\u015f\u00fcnce \u00f6zg\u00fcrl\u00fc\u011f\u00fc kapsam\u0131nda?\u201d<\/p>\n<\/p><\/div>\n<p><script async\n                    defer\n                    crossorigin=\"anonymous\"\n                    src=\"https:\/\/connect.facebook.net\/tr_TR\/sdk.js#xfbml=1&#038;version=v3.3\"\n            ><\/script><\/p>\n","protected":false},"excerpt":{"rendered":"<p>T\u00fcrkiye Adalet Bakan\u0131 Y\u0131lmaz Tun\u00e7, T\u00fcrkiye\u2019nin Avrupa \u0130nsan Haklar\u0131 Mahkemesi (A\u0130HM) kararlar\u0131n\u0131 yerine getirmeyen bir \u00fclkeymi\u015f gibi alg\u0131 olu\u015fturulmaya \u00e7al\u0131\u015f\u0131ld\u0131\u011f\u0131n\u0131 belirterek, \u201cBunun do\u011fru bir alg\u0131 olmad\u0131\u011f\u0131n\u0131 ifade etmek istiyoruz. A\u0130HM\u2019in yarg\u0131 yetkisini kabul etmi\u015f bir \u00fclkeyiz. T\u00fcrkiye olarak bize \u00e7ifte standart uygulanmas\u0131n\u0131 istemiyoruz. Bizim \u00f6ncelikli talebimiz bu.\u201d dedi. Tun\u00e7, bas\u0131n kurulu\u015flar\u0131n\u0131n Ankara temsilcileriyle G\u00f6lba\u015f\u0131 Hakimevi\u2019nde<\/p>\n","protected":false},"author":1,"featured_media":15185,"comment_status":"open","ping_status":"open","sticky":false,"template":"","format":"standard","meta":{"footnotes":""},"categories":[86],"tags":[],"class_list":["post-15184","post","type-post","status-publish","format-standard","has-post-thumbnail","hentry","category-turkiye"],"yoast_head":"<!-- This site is optimized with the Yoast SEO plugin v27.4 - https:\/\/yoast.com\/product\/yoast-seo-wordpress\/ -->\n<title>TC Adalet Bakan\u0131 Tun\u00e7: \u201cA\u0130HM\u2019in yarg\u0131 yetkisini kabul etmi\u015f bir \u00fclkeyiz. Bize \u00e7ifte standart uygulanmas\u0131n\u0131 istemiyoruz\u201d -<\/title>\n<meta name=\"robots\" content=\"index, follow, max-snippet:-1, max-image-preview:large, max-video-preview:-1\" \/>\n<link rel=\"canonical\" href=\"https:\/\/kibrisdakik.com\/?p=15184\" \/>\n<meta property=\"og:locale\" content=\"tr_TR\" \/>\n<meta property=\"og:type\" content=\"article\" \/>\n<meta property=\"og:title\" content=\"TC Adalet Bakan\u0131 Tun\u00e7: \u201cA\u0130HM\u2019in yarg\u0131 yetkisini kabul etmi\u015f bir \u00fclkeyiz. Bize \u00e7ifte standart uygulanmas\u0131n\u0131 istemiyoruz\u201d -\" \/>\n<meta property=\"og:description\" content=\"T\u00fcrkiye Adalet Bakan\u0131 Y\u0131lmaz Tun\u00e7, T\u00fcrkiye\u2019nin Avrupa \u0130nsan Haklar\u0131 Mahkemesi (A\u0130HM) kararlar\u0131n\u0131 yerine getirmeyen bir \u00fclkeymi\u015f gibi alg\u0131 olu\u015fturulmaya \u00e7al\u0131\u015f\u0131ld\u0131\u011f\u0131n\u0131 belirterek, \u201cBunun do\u011fru bir alg\u0131 olmad\u0131\u011f\u0131n\u0131 ifade etmek istiyoruz. A\u0130HM\u2019in yarg\u0131 yetkisini kabul etmi\u015f bir \u00fclkeyiz. T\u00fcrkiye olarak bize \u00e7ifte standart uygulanmas\u0131n\u0131 istemiyoruz. Bizim \u00f6ncelikli talebimiz bu.\u201d dedi. Tun\u00e7, bas\u0131n kurulu\u015flar\u0131n\u0131n Ankara temsilcileriyle G\u00f6lba\u015f\u0131 Hakimevi\u2019nde\" \/>\n<meta property=\"og:url\" content=\"https:\/\/kibrisdakik.com\/?p=15184\" \/>\n<meta property=\"article:published_time\" content=\"2023-10-06T16:49:21+00:00\" \/>\n<meta property=\"og:image\" content=\"https:\/\/kibrisdakik.com\/wp-content\/uploads\/2023\/10\/aa-20231006-32324817-32324816-adalet-bakani-tunc-basin-kuruluslarinin-temsilcileriyle-bir-araya-geldi-scaled-740x420.jpg\" \/>\n\t<meta property=\"og:image:width\" content=\"2560\" \/>\n\t<meta property=\"og:image:height\" content=\"1752\" \/>\n\t<meta property=\"og:image:type\" content=\"image\/jpeg\" \/>\n<meta name=\"author\" content=\"admin\" \/>\n<meta name=\"twitter:card\" content=\"summary_large_image\" \/>\n<meta name=\"twitter:label1\" content=\"Yazan:\" \/>\n\t<meta name=\"twitter:data1\" content=\"admin\" \/>\n\t<meta name=\"twitter:label2\" content=\"Tahmini okuma s\u00fcresi\" \/>\n\t<meta name=\"twitter:data2\" content=\"8 dakika\" \/>\n<script type=\"application\/ld+json\" class=\"yoast-schema-graph\">{\"@context\":\"https:\\\/\\\/schema.org\",\"@graph\":[{\"@type\":\"Article\",\"@id\":\"https:\\\/\\\/kibrisdakik.com\\\/?p=15184#article\",\"isPartOf\":{\"@id\":\"https:\\\/\\\/kibrisdakik.com\\\/?p=15184\"},\"author\":{\"name\":\"admin\",\"@id\":\"https:\\\/\\\/kibrisdakik.com\\\/#\\\/schema\\\/person\\\/9cd9d437bbb44f72b73ba127e06d8e79\"},\"headline\":\"TC Adalet Bakan\u0131 Tun\u00e7: \u201cA\u0130HM\u2019in yarg\u0131 yetkisini kabul etmi\u015f bir \u00fclkeyiz. Bize \u00e7ifte standart uygulanmas\u0131n\u0131 istemiyoruz\u201d\",\"datePublished\":\"2023-10-06T16:49:21+00:00\",\"mainEntityOfPage\":{\"@id\":\"https:\\\/\\\/kibrisdakik.com\\\/?p=15184\"},\"wordCount\":1561,\"commentCount\":0,\"image\":{\"@id\":\"https:\\\/\\\/kibrisdakik.com\\\/?p=15184#primaryimage\"},\"thumbnailUrl\":\"https:\\\/\\\/kibrisdakik.com\\\/wp-content\\\/uploads\\\/2023\\\/10\\\/aa-20231006-32324817-32324816-adalet-bakani-tunc-basin-kuruluslarinin-temsilcileriyle-bir-araya-geldi-scaled-740x420.jpg\",\"articleSection\":[\"T\u00fcrkiye\"],\"inLanguage\":\"tr\",\"potentialAction\":[{\"@type\":\"CommentAction\",\"name\":\"Comment\",\"target\":[\"https:\\\/\\\/kibrisdakik.com\\\/?p=15184#respond\"]}]},{\"@type\":\"WebPage\",\"@id\":\"https:\\\/\\\/kibrisdakik.com\\\/?p=15184\",\"url\":\"https:\\\/\\\/kibrisdakik.com\\\/?p=15184\",\"name\":\"TC Adalet Bakan\u0131 Tun\u00e7: \u201cA\u0130HM\u2019in yarg\u0131 yetkisini kabul etmi\u015f bir \u00fclkeyiz. Bize \u00e7ifte standart uygulanmas\u0131n\u0131 istemiyoruz\u201d -\",\"isPartOf\":{\"@id\":\"https:\\\/\\\/kibrisdakik.com\\\/#website\"},\"primaryImageOfPage\":{\"@id\":\"https:\\\/\\\/kibrisdakik.com\\\/?p=15184#primaryimage\"},\"image\":{\"@id\":\"https:\\\/\\\/kibrisdakik.com\\\/?p=15184#primaryimage\"},\"thumbnailUrl\":\"https:\\\/\\\/kibrisdakik.com\\\/wp-content\\\/uploads\\\/2023\\\/10\\\/aa-20231006-32324817-32324816-adalet-bakani-tunc-basin-kuruluslarinin-temsilcileriyle-bir-araya-geldi-scaled-740x420.jpg\",\"datePublished\":\"2023-10-06T16:49:21+00:00\",\"author\":{\"@id\":\"https:\\\/\\\/kibrisdakik.com\\\/#\\\/schema\\\/person\\\/9cd9d437bbb44f72b73ba127e06d8e79\"},\"breadcrumb\":{\"@id\":\"https:\\\/\\\/kibrisdakik.com\\\/?p=15184#breadcrumb\"},\"inLanguage\":\"tr\",\"potentialAction\":[{\"@type\":\"ReadAction\",\"target\":[\"https:\\\/\\\/kibrisdakik.com\\\/?p=15184\"]}]},{\"@type\":\"ImageObject\",\"inLanguage\":\"tr\",\"@id\":\"https:\\\/\\\/kibrisdakik.com\\\/?p=15184#primaryimage\",\"url\":\"https:\\\/\\\/kibrisdakik.com\\\/wp-content\\\/uploads\\\/2023\\\/10\\\/aa-20231006-32324817-32324816-adalet-bakani-tunc-basin-kuruluslarinin-temsilcileriyle-bir-araya-geldi-scaled-740x420.jpg\",\"contentUrl\":\"https:\\\/\\\/kibrisdakik.com\\\/wp-content\\\/uploads\\\/2023\\\/10\\\/aa-20231006-32324817-32324816-adalet-bakani-tunc-basin-kuruluslarinin-temsilcileriyle-bir-araya-geldi-scaled-740x420.jpg\",\"width\":2560,\"height\":1752},{\"@type\":\"BreadcrumbList\",\"@id\":\"https:\\\/\\\/kibrisdakik.com\\\/?p=15184#breadcrumb\",\"itemListElement\":[{\"@type\":\"ListItem\",\"position\":1,\"name\":\"Home\",\"item\":\"https:\\\/\\\/kibrisdakik.com\\\/\"},{\"@type\":\"ListItem\",\"position\":2,\"name\":\"TC Adalet Bakan\u0131 Tun\u00e7: \u201cA\u0130HM\u2019in yarg\u0131 yetkisini kabul etmi\u015f bir \u00fclkeyiz. Bize \u00e7ifte standart uygulanmas\u0131n\u0131 istemiyoruz\u201d\"}]},{\"@type\":\"WebSite\",\"@id\":\"https:\\\/\\\/kibrisdakik.com\\\/#website\",\"url\":\"https:\\\/\\\/kibrisdakik.com\\\/\",\"name\":\"\",\"description\":\"Tam vaktinde haber\",\"potentialAction\":[{\"@type\":\"SearchAction\",\"target\":{\"@type\":\"EntryPoint\",\"urlTemplate\":\"https:\\\/\\\/kibrisdakik.com\\\/?s={search_term_string}\"},\"query-input\":{\"@type\":\"PropertyValueSpecification\",\"valueRequired\":true,\"valueName\":\"search_term_string\"}}],\"inLanguage\":\"tr\"},{\"@type\":\"Person\",\"@id\":\"https:\\\/\\\/kibrisdakik.com\\\/#\\\/schema\\\/person\\\/9cd9d437bbb44f72b73ba127e06d8e79\",\"name\":\"admin\",\"image\":{\"@type\":\"ImageObject\",\"inLanguage\":\"tr\",\"@id\":\"https:\\\/\\\/secure.gravatar.com\\\/avatar\\\/ccc17943b9d660506c869530f897617f7cb1c21a4bf30023f252596d83e1f007?s=96&d=mm&r=g\",\"url\":\"https:\\\/\\\/secure.gravatar.com\\\/avatar\\\/ccc17943b9d660506c869530f897617f7cb1c21a4bf30023f252596d83e1f007?s=96&d=mm&r=g\",\"contentUrl\":\"https:\\\/\\\/secure.gravatar.com\\\/avatar\\\/ccc17943b9d660506c869530f897617f7cb1c21a4bf30023f252596d83e1f007?s=96&d=mm&r=g\",\"caption\":\"admin\"},\"sameAs\":[\"https:\\\/\\\/kibrisdakik.com\"],\"url\":\"https:\\\/\\\/kibrisdakik.com\\\/?author=1\"}]}<\/script>\n<!-- \/ Yoast SEO plugin. -->","yoast_head_json":{"title":"TC Adalet Bakan\u0131 Tun\u00e7: \u201cA\u0130HM\u2019in yarg\u0131 yetkisini kabul etmi\u015f bir \u00fclkeyiz. Bize \u00e7ifte standart uygulanmas\u0131n\u0131 istemiyoruz\u201d -","robots":{"index":"index","follow":"follow","max-snippet":"max-snippet:-1","max-image-preview":"max-image-preview:large","max-video-preview":"max-video-preview:-1"},"canonical":"https:\/\/kibrisdakik.com\/?p=15184","og_locale":"tr_TR","og_type":"article","og_title":"TC Adalet Bakan\u0131 Tun\u00e7: \u201cA\u0130HM\u2019in yarg\u0131 yetkisini kabul etmi\u015f bir \u00fclkeyiz. Bize \u00e7ifte standart uygulanmas\u0131n\u0131 istemiyoruz\u201d -","og_description":"T\u00fcrkiye Adalet Bakan\u0131 Y\u0131lmaz Tun\u00e7, T\u00fcrkiye\u2019nin Avrupa \u0130nsan Haklar\u0131 Mahkemesi (A\u0130HM) kararlar\u0131n\u0131 yerine getirmeyen bir \u00fclkeymi\u015f gibi alg\u0131 olu\u015fturulmaya \u00e7al\u0131\u015f\u0131ld\u0131\u011f\u0131n\u0131 belirterek, \u201cBunun do\u011fru bir alg\u0131 olmad\u0131\u011f\u0131n\u0131 ifade etmek istiyoruz. A\u0130HM\u2019in yarg\u0131 yetkisini kabul etmi\u015f bir \u00fclkeyiz. T\u00fcrkiye olarak bize \u00e7ifte standart uygulanmas\u0131n\u0131 istemiyoruz. Bizim \u00f6ncelikli talebimiz bu.\u201d dedi. Tun\u00e7, bas\u0131n kurulu\u015flar\u0131n\u0131n Ankara temsilcileriyle G\u00f6lba\u015f\u0131 Hakimevi\u2019nde","og_url":"https:\/\/kibrisdakik.com\/?p=15184","article_published_time":"2023-10-06T16:49:21+00:00","og_image":[{"width":2560,"height":1752,"url":"https:\/\/kibrisdakik.com\/wp-content\/uploads\/2023\/10\/aa-20231006-32324817-32324816-adalet-bakani-tunc-basin-kuruluslarinin-temsilcileriyle-bir-araya-geldi-scaled-740x420.jpg","type":"image\/jpeg"}],"author":"admin","twitter_card":"summary_large_image","twitter_misc":{"Yazan:":"admin","Tahmini okuma s\u00fcresi":"8 dakika"},"schema":{"@context":"https:\/\/schema.org","@graph":[{"@type":"Article","@id":"https:\/\/kibrisdakik.com\/?p=15184#article","isPartOf":{"@id":"https:\/\/kibrisdakik.com\/?p=15184"},"author":{"name":"admin","@id":"https:\/\/kibrisdakik.com\/#\/schema\/person\/9cd9d437bbb44f72b73ba127e06d8e79"},"headline":"TC Adalet Bakan\u0131 Tun\u00e7: \u201cA\u0130HM\u2019in yarg\u0131 yetkisini kabul etmi\u015f bir \u00fclkeyiz. Bize \u00e7ifte standart uygulanmas\u0131n\u0131 istemiyoruz\u201d","datePublished":"2023-10-06T16:49:21+00:00","mainEntityOfPage":{"@id":"https:\/\/kibrisdakik.com\/?p=15184"},"wordCount":1561,"commentCount":0,"image":{"@id":"https:\/\/kibrisdakik.com\/?p=15184#primaryimage"},"thumbnailUrl":"https:\/\/kibrisdakik.com\/wp-content\/uploads\/2023\/10\/aa-20231006-32324817-32324816-adalet-bakani-tunc-basin-kuruluslarinin-temsilcileriyle-bir-araya-geldi-scaled-740x420.jpg","articleSection":["T\u00fcrkiye"],"inLanguage":"tr","potentialAction":[{"@type":"CommentAction","name":"Comment","target":["https:\/\/kibrisdakik.com\/?p=15184#respond"]}]},{"@type":"WebPage","@id":"https:\/\/kibrisdakik.com\/?p=15184","url":"https:\/\/kibrisdakik.com\/?p=15184","name":"TC Adalet Bakan\u0131 Tun\u00e7: \u201cA\u0130HM\u2019in yarg\u0131 yetkisini kabul etmi\u015f bir \u00fclkeyiz. Bize \u00e7ifte standart uygulanmas\u0131n\u0131 istemiyoruz\u201d -","isPartOf":{"@id":"https:\/\/kibrisdakik.com\/#website"},"primaryImageOfPage":{"@id":"https:\/\/kibrisdakik.com\/?p=15184#primaryimage"},"image":{"@id":"https:\/\/kibrisdakik.com\/?p=15184#primaryimage"},"thumbnailUrl":"https:\/\/kibrisdakik.com\/wp-content\/uploads\/2023\/10\/aa-20231006-32324817-32324816-adalet-bakani-tunc-basin-kuruluslarinin-temsilcileriyle-bir-araya-geldi-scaled-740x420.jpg","datePublished":"2023-10-06T16:49:21+00:00","author":{"@id":"https:\/\/kibrisdakik.com\/#\/schema\/person\/9cd9d437bbb44f72b73ba127e06d8e79"},"breadcrumb":{"@id":"https:\/\/kibrisdakik.com\/?p=15184#breadcrumb"},"inLanguage":"tr","potentialAction":[{"@type":"ReadAction","target":["https:\/\/kibrisdakik.com\/?p=15184"]}]},{"@type":"ImageObject","inLanguage":"tr","@id":"https:\/\/kibrisdakik.com\/?p=15184#primaryimage","url":"https:\/\/kibrisdakik.com\/wp-content\/uploads\/2023\/10\/aa-20231006-32324817-32324816-adalet-bakani-tunc-basin-kuruluslarinin-temsilcileriyle-bir-araya-geldi-scaled-740x420.jpg","contentUrl":"https:\/\/kibrisdakik.com\/wp-content\/uploads\/2023\/10\/aa-20231006-32324817-32324816-adalet-bakani-tunc-basin-kuruluslarinin-temsilcileriyle-bir-araya-geldi-scaled-740x420.jpg","width":2560,"height":1752},{"@type":"BreadcrumbList","@id":"https:\/\/kibrisdakik.com\/?p=15184#breadcrumb","itemListElement":[{"@type":"ListItem","position":1,"name":"Home","item":"https:\/\/kibrisdakik.com\/"},{"@type":"ListItem","position":2,"name":"TC Adalet Bakan\u0131 Tun\u00e7: \u201cA\u0130HM\u2019in yarg\u0131 yetkisini kabul etmi\u015f bir \u00fclkeyiz. Bize \u00e7ifte standart uygulanmas\u0131n\u0131 istemiyoruz\u201d"}]},{"@type":"WebSite","@id":"https:\/\/kibrisdakik.com\/#website","url":"https:\/\/kibrisdakik.com\/","name":"","description":"Tam vaktinde haber","potentialAction":[{"@type":"SearchAction","target":{"@type":"EntryPoint","urlTemplate":"https:\/\/kibrisdakik.com\/?s={search_term_string}"},"query-input":{"@type":"PropertyValueSpecification","valueRequired":true,"valueName":"search_term_string"}}],"inLanguage":"tr"},{"@type":"Person","@id":"https:\/\/kibrisdakik.com\/#\/schema\/person\/9cd9d437bbb44f72b73ba127e06d8e79","name":"admin","image":{"@type":"ImageObject","inLanguage":"tr","@id":"https:\/\/secure.gravatar.com\/avatar\/ccc17943b9d660506c869530f897617f7cb1c21a4bf30023f252596d83e1f007?s=96&d=mm&r=g","url":"https:\/\/secure.gravatar.com\/avatar\/ccc17943b9d660506c869530f897617f7cb1c21a4bf30023f252596d83e1f007?s=96&d=mm&r=g","contentUrl":"https:\/\/secure.gravatar.com\/avatar\/ccc17943b9d660506c869530f897617f7cb1c21a4bf30023f252596d83e1f007?s=96&d=mm&r=g","caption":"admin"},"sameAs":["https:\/\/kibrisdakik.com"],"url":"https:\/\/kibrisdakik.com\/?author=1"}]}},"_links":{"self":[{"href":"https:\/\/kibrisdakik.com\/index.php?rest_route=\/wp\/v2\/posts\/15184","targetHints":{"allow":["GET"]}}],"collection":[{"href":"https:\/\/kibrisdakik.com\/index.php?rest_route=\/wp\/v2\/posts"}],"about":[{"href":"https:\/\/kibrisdakik.com\/index.php?rest_route=\/wp\/v2\/types\/post"}],"author":[{"embeddable":true,"href":"https:\/\/kibrisdakik.com\/index.php?rest_route=\/wp\/v2\/users\/1"}],"replies":[{"embeddable":true,"href":"https:\/\/kibrisdakik.com\/index.php?rest_route=%2Fwp%2Fv2%2Fcomments&post=15184"}],"version-history":[{"count":0,"href":"https:\/\/kibrisdakik.com\/index.php?rest_route=\/wp\/v2\/posts\/15184\/revisions"}],"wp:featuredmedia":[{"embeddable":true,"href":"https:\/\/kibrisdakik.com\/index.php?rest_route=\/wp\/v2\/media\/15185"}],"wp:attachment":[{"href":"https:\/\/kibrisdakik.com\/index.php?rest_route=%2Fwp%2Fv2%2Fmedia&parent=15184"}],"wp:term":[{"taxonomy":"category","embeddable":true,"href":"https:\/\/kibrisdakik.com\/index.php?rest_route=%2Fwp%2Fv2%2Fcategories&post=15184"},{"taxonomy":"post_tag","embeddable":true,"href":"https:\/\/kibrisdakik.com\/index.php?rest_route=%2Fwp%2Fv2%2Ftags&post=15184"}],"curies":[{"name":"wp","href":"https:\/\/api.w.org\/{rel}","templated":true}]}}