{"id":15213,"date":"2023-10-07T11:56:15","date_gmt":"2023-10-07T11:56:15","guid":{"rendered":"https:\/\/kibrisdakik.com\/index.php\/2023\/10\/07\/4-guneskoy-nar-panayiri-torenle-basladi\/"},"modified":"2023-10-07T11:56:15","modified_gmt":"2023-10-07T11:56:15","slug":"4-guneskoy-nar-panayiri-torenle-basladi","status":"publish","type":"post","link":"https:\/\/kibrisdakik.com\/?p=15213","title":{"rendered":"4. G\u00fcne\u015fk\u00f6y Nar Panay\u0131r\u0131 t\u00f6renle ba\u015flad\u0131"},"content":{"rendered":"<p><\/p>\n<div>\n<div class=\"mariselle-image-container center\">\n                <img width=\"1600\" height=\"1066\" class=\"lazy-image\" alt=\"\" decoding=\"async\" loading=\"lazy\" sizes=\"auto, (max-width: 1600px) 100vw, 1600px\" src=\"https:\/\/brtk.net\/wp-content\/uploads\/2023\/10\/07\/tatar-nar-festivali-3-1.jpg?ver=6140ca0b840eecfbdd9fbed7acdbdf5e\" srcset=\"https:\/\/brtk.net\/wp-content\/uploads\/2023\/10\/07\/tatar-nar-festivali-3-1.jpg?ver=6140ca0b840eecfbdd9fbed7acdbdf5e 1600w, https:\/\/brtk.net\/wp-content\/uploads\/2023\/10\/07\/tatar-nar-festivali-3-1-300x200.jpg?ver=6140ca0b840eecfbdd9fbed7acdbdf5e 300w, https:\/\/brtk.net\/wp-content\/uploads\/2023\/10\/07\/tatar-nar-festivali-3-1-1024x682.jpg?ver=6140ca0b840eecfbdd9fbed7acdbdf5e 1024w, https:\/\/brtk.net\/wp-content\/uploads\/2023\/10\/07\/tatar-nar-festivali-3-1-768x512.jpg?ver=6140ca0b840eecfbdd9fbed7acdbdf5e 768w, https:\/\/brtk.net\/wp-content\/uploads\/2023\/10\/07\/tatar-nar-festivali-3-1-1536x1023.jpg?ver=e67c35dccd6e1cc561d89a23217e4baf 1536w\"\/>                            <\/div>\n<p>G\u00fcne\u015fk\u00f6y Muhtarl\u0131\u011f\u0131 taraf\u0131ndan d\u00fczenlenen 4. G\u00fcne\u015fk\u00f6y Geleneksel Nar Panay\u0131r\u0131 d\u00fczenlenen t\u00f6renle a\u00e7\u0131ld\u0131.<br \/>A\u00e7\u0131l\u0131\u015f t\u00f6reninde konu\u015fan G\u00fcne\u015fk\u00f6y Muhtar\u0131 Akay Darbaz, ama\u00e7lar\u0131n\u0131n \u00fcretimde nara gereken de\u011ferin verilmesi konusunda fark\u0131ndal\u0131k yaratmak oldu\u011funu kaydetti, imece usul\u00fc ile \u00e7ok g\u00fczel bir panay\u0131r organize ettiklerini anlatt\u0131.<\/p>\n<p>Lefko\u015fa T\u00fcrk Belediyesi Ba\u015fkan\u0131 Mehmet Harmanc\u0131 ile <a href=\"https:\/\/brtk.net\/\">CTP<\/a> G\u00fczelyurt Milletvekili Arma\u011fan Candan da s\u00f6z alarak panay\u0131r\u0131n verimli ve bereketli ge\u00e7mesini dilediler.<br \/>Cumhurba\u015fkan\u0131 <a href=\"https:\/\/brtk.net\/\" target=\"_blank\" rel=\"noopener\"><a href=\"https:\/\/brtk.net\/\" target=\"_blank\" rel=\"noopener\">Ersin <\/a><a href=\"https:\/\/brtk.net\/\"\/><a href=\"https:\/\/brtk.net\/\"\/><a href=\"https:\/\/brtk.net\/\"\/><a href=\"https:\/\/brtk.net\/\">Tatar<\/a> K\u0131br\u0131s T\u00fcrk halk\u0131n\u0131n \u00fclkenin her yerinden ve 1974 sonras\u0131nda anavatandan gelerek bu topraklarda birlikte m\u00fccadele etti\u011fini kaydetti, K\u0131br\u0131s T\u00fcrk\u00fcn\u00fcn her t\u00fcrl\u00fc ya\u015famsal faaliyetleriyle <a href=\"https:\/\/brtk.net\/\">KKTC<\/a>\u2019yi y\u00fcceltmek i\u00e7in beraber \u00e7al\u0131\u015fmalar\u0131n\u0131 y\u00fcr\u00fctt\u00fc\u011f\u00fcn\u00fc s\u00f6yledi.<\/p>\n<p>Farkl\u0131 d\u00fc\u015f\u00fcncelerde ve siyasi g\u00f6r\u00fc\u015fler olsa da herkesin ayn\u0131 m\u00fccadele i\u00e7inde oldu\u011funu belirten <a href=\"https:\/\/brtk.net\/\"\/><a href=\"https:\/\/brtk.net\/\"\/><a href=\"https:\/\/brtk.net\/\"\/><a href=\"https:\/\/brtk.net\/\">Tatar<\/a>, K\u0131br\u0131s T\u00fcrk\u00fcn\u00fcn m\u00fccadelesinin bu co\u011frafyada bar\u0131\u015f, huzur ve g\u00fcven i\u00e7inde ya\u015famak oldu\u011funu belirtti.<\/p>\n<div class=\"mariselle-image-container center\">\n                <img width=\"1600\" height=\"1066\" class=\"lazy-image\" alt=\"\" decoding=\"async\" loading=\"lazy\" sizes=\"auto, (max-width: 1600px) 100vw, 1600px\" src=\"https:\/\/brtk.net\/wp-content\/uploads\/2023\/10\/07\/dfjsldfj33.jpg?ver=07584cd845334f43cf42dafc96f9658b\" srcset=\"https:\/\/brtk.net\/wp-content\/uploads\/2023\/10\/07\/dfjsldfj33.jpg?ver=07584cd845334f43cf42dafc96f9658b 1600w, https:\/\/brtk.net\/wp-content\/uploads\/2023\/10\/07\/dfjsldfj33-300x200.jpg?ver=07584cd845334f43cf42dafc96f9658b 300w, https:\/\/brtk.net\/wp-content\/uploads\/2023\/10\/07\/dfjsldfj33-1024x682.jpg?ver=07584cd845334f43cf42dafc96f9658b 1024w, https:\/\/brtk.net\/wp-content\/uploads\/2023\/10\/07\/dfjsldfj33-768x512.jpg?ver=3e09f40d078d26279a26c2d04696b342 768w, https:\/\/brtk.net\/wp-content\/uploads\/2023\/10\/07\/dfjsldfj33-1536x1023.jpg?ver=3e09f40d078d26279a26c2d04696b342 1536w\"\/>                            <\/div>\n<p>Cumhurba\u015fkan\u0131 <a href=\"https:\/\/brtk.net\/\" target=\"_blank\" rel=\"noopener\"><a href=\"https:\/\/brtk.net\/\" target=\"_blank\" rel=\"noopener\">Ersin <\/a><a href=\"https:\/\/brtk.net\/\"\/><a href=\"https:\/\/brtk.net\/\"\/><a href=\"https:\/\/brtk.net\/\"\/><a href=\"https:\/\/brtk.net\/\">Tatar<\/a>\u2019\u0131n e\u015fi Sibel <a href=\"https:\/\/brtk.net\/\"\/><a href=\"https:\/\/brtk.net\/\"\/><a href=\"https:\/\/brtk.net\/\"\/><a href=\"https:\/\/brtk.net\/\">Tatar<\/a> da panay\u0131r\u0131n verimli ge\u00e7mesini dileyerek, Ak\u00e7ay k\u00f6y\u00fcnde hayata ge\u00e7irilen ipe\u011fin yeniden do\u011fu\u015fu projesi kapsam\u0131nda dokuma e\u011fitimlerinin ba\u015flad\u0131\u011f\u0131n\u0131 ve kat\u0131lmak isteyen kad\u0131nlar\u0131n kat\u0131labilece\u011fini s\u00f6yledi.<br \/>Sibel <a href=\"https:\/\/brtk.net\/\"\/><a href=\"https:\/\/brtk.net\/\"\/><a href=\"https:\/\/brtk.net\/\"\/><a href=\"https:\/\/brtk.net\/\">Tatar<\/a>, bu projeyi kad\u0131n\u0131 \u00fcretim hayat\u0131na katmak, \u00fclkede verimlili\u011fi art\u0131r\u0131p ekonominin g\u00fc\u00e7lenmesine katk\u0131 yapmak amac\u0131yla d\u00fczenlediklerini anlatarak, projenin ikinci aya\u011f\u0131n\u0131 da B\u00fcy\u00fckkonuk\u2019ta ger\u00e7ekle\u015ftireceklerini belirtti.<\/p>\n<p>Pazar ak\u015fam\u0131na kadar s\u00fcrecek panay\u0131rda stantlar kurularak Nar ve nar \u00fcr\u00fcnlerinin yan\u0131 s\u0131ra K\u0131br\u0131s\u2019 a \u00f6zg\u00fc el eme\u011fi \u00fcr\u00fcnler de sat\u0131\u015fa sunuldu.<br \/>Panay\u0131r, 3 g\u00fcn boyunca konser, tavla turnuvas\u0131, dans g\u00f6sterileri ve \u00e7e\u015fitli yar\u0131\u015fmalara ev sahipli\u011fi yapacak. <\/p>\n<div class=\"mariselle-image-container center\">\n                <img width=\"1600\" height=\"1066\" class=\"lazy-image\" alt=\"\" decoding=\"async\" loading=\"lazy\" sizes=\"auto, (max-width: 1600px) 100vw, 1600px\" src=\"https:\/\/brtk.net\/wp-content\/uploads\/2023\/10\/07\/asdaslksdsaks.jpg?ver=a48afb54d19e27216219143b59ab872a\" srcset=\"https:\/\/brtk.net\/wp-content\/uploads\/2023\/10\/07\/asdaslksdsaks.jpg?ver=a48afb54d19e27216219143b59ab872a 1600w, https:\/\/brtk.net\/wp-content\/uploads\/2023\/10\/07\/asdaslksdsaks-300x200.jpg?ver=a48afb54d19e27216219143b59ab872a 300w, https:\/\/brtk.net\/wp-content\/uploads\/2023\/10\/07\/asdaslksdsaks-1024x682.jpg?ver=a48afb54d19e27216219143b59ab872a 1024w, https:\/\/brtk.net\/wp-content\/uploads\/2023\/10\/07\/asdaslksdsaks-768x512.jpg?ver=84f6233f053a1224921a327c19ebfad2 768w, https:\/\/brtk.net\/wp-content\/uploads\/2023\/10\/07\/asdaslksdsaks-1536x1023.jpg?ver=84f6233f053a1224921a327c19ebfad2 1536w\"\/>                            <\/div>\n<\/p><\/div>\n<p><script async\n                    defer\n                    crossorigin=\"anonymous\"\n                    src=\"https:\/\/connect.facebook.net\/tr_TR\/sdk.js#xfbml=1&#038;version=v3.3\"\n            ><\/script><\/p>\n","protected":false},"excerpt":{"rendered":"<p>G\u00fcne\u015fk\u00f6y Muhtarl\u0131\u011f\u0131 taraf\u0131ndan d\u00fczenlenen 4. G\u00fcne\u015fk\u00f6y Geleneksel Nar Panay\u0131r\u0131 d\u00fczenlenen t\u00f6renle a\u00e7\u0131ld\u0131.A\u00e7\u0131l\u0131\u015f t\u00f6reninde konu\u015fan G\u00fcne\u015fk\u00f6y Muhtar\u0131 Akay Darbaz, ama\u00e7lar\u0131n\u0131n \u00fcretimde nara gereken de\u011ferin verilmesi konusunda fark\u0131ndal\u0131k yaratmak oldu\u011funu kaydetti, imece usul\u00fc ile \u00e7ok g\u00fczel bir panay\u0131r organize ettiklerini anlatt\u0131. Lefko\u015fa T\u00fcrk Belediyesi Ba\u015fkan\u0131 Mehmet Harmanc\u0131 ile CTP G\u00fczelyurt Milletvekili Arma\u011fan Candan da s\u00f6z alarak panay\u0131r\u0131n<\/p>\n","protected":false},"author":1,"featured_media":15214,"comment_status":"open","ping_status":"open","sticky":false,"template":"","format":"standard","meta":{"footnotes":""},"categories":[1],"tags":[],"class_list":["post-15213","post","type-post","status-publish","format-standard","has-post-thumbnail","hentry","category-gundem"],"yoast_head":"<!-- This site is optimized with the Yoast SEO plugin v27.5 - https:\/\/yoast.com\/product\/yoast-seo-wordpress\/ -->\n<title>4. G\u00fcne\u015fk\u00f6y Nar Panay\u0131r\u0131 t\u00f6renle ba\u015flad\u0131 -<\/title>\n<meta name=\"robots\" content=\"index, follow, max-snippet:-1, max-image-preview:large, max-video-preview:-1\" \/>\n<link rel=\"canonical\" href=\"https:\/\/kibrisdakik.com\/?p=15213\" \/>\n<meta property=\"og:locale\" content=\"tr_TR\" \/>\n<meta property=\"og:type\" content=\"article\" \/>\n<meta property=\"og:title\" content=\"4. G\u00fcne\u015fk\u00f6y Nar Panay\u0131r\u0131 t\u00f6renle ba\u015flad\u0131 -\" \/>\n<meta property=\"og:description\" content=\"G\u00fcne\u015fk\u00f6y Muhtarl\u0131\u011f\u0131 taraf\u0131ndan d\u00fczenlenen 4. G\u00fcne\u015fk\u00f6y Geleneksel Nar Panay\u0131r\u0131 d\u00fczenlenen t\u00f6renle a\u00e7\u0131ld\u0131.A\u00e7\u0131l\u0131\u015f t\u00f6reninde konu\u015fan G\u00fcne\u015fk\u00f6y Muhtar\u0131 Akay Darbaz, ama\u00e7lar\u0131n\u0131n \u00fcretimde nara gereken de\u011ferin verilmesi konusunda fark\u0131ndal\u0131k yaratmak oldu\u011funu kaydetti, imece usul\u00fc ile \u00e7ok g\u00fczel bir panay\u0131r organize ettiklerini anlatt\u0131. Lefko\u015fa T\u00fcrk Belediyesi Ba\u015fkan\u0131 Mehmet Harmanc\u0131 ile CTP G\u00fczelyurt Milletvekili Arma\u011fan Candan da s\u00f6z alarak panay\u0131r\u0131n\" \/>\n<meta property=\"og:url\" content=\"https:\/\/kibrisdakik.com\/?p=15213\" \/>\n<meta property=\"article:published_time\" content=\"2023-10-07T11:56:15+00:00\" \/>\n<meta property=\"og:image\" content=\"https:\/\/kibrisdakik.com\/wp-content\/uploads\/2023\/10\/dfjsldfj33-740x420.jpg\" \/>\n\t<meta property=\"og:image:width\" content=\"1600\" \/>\n\t<meta property=\"og:image:height\" content=\"1066\" \/>\n\t<meta property=\"og:image:type\" content=\"image\/jpeg\" \/>\n<meta name=\"author\" content=\"admin\" \/>\n<meta name=\"twitter:card\" content=\"summary_large_image\" \/>\n<meta name=\"twitter:label1\" content=\"Yazan:\" \/>\n\t<meta name=\"twitter:data1\" content=\"admin\" \/>\n\t<meta name=\"twitter:label2\" content=\"Tahmini okuma s\u00fcresi\" \/>\n\t<meta name=\"twitter:data2\" content=\"2 dakika\" \/>\n<script type=\"application\/ld+json\" class=\"yoast-schema-graph\">{\"@context\":\"https:\\\/\\\/schema.org\",\"@graph\":[{\"@type\":\"Article\",\"@id\":\"https:\\\/\\\/kibrisdakik.com\\\/?p=15213#article\",\"isPartOf\":{\"@id\":\"https:\\\/\\\/kibrisdakik.com\\\/?p=15213\"},\"author\":{\"name\":\"admin\",\"@id\":\"https:\\\/\\\/kibrisdakik.com\\\/#\\\/schema\\\/person\\\/9cd9d437bbb44f72b73ba127e06d8e79\"},\"headline\":\"4. G\u00fcne\u015fk\u00f6y Nar Panay\u0131r\u0131 t\u00f6renle ba\u015flad\u0131\",\"datePublished\":\"2023-10-07T11:56:15+00:00\",\"mainEntityOfPage\":{\"@id\":\"https:\\\/\\\/kibrisdakik.com\\\/?p=15213\"},\"wordCount\":352,\"commentCount\":0,\"image\":{\"@id\":\"https:\\\/\\\/kibrisdakik.com\\\/?p=15213#primaryimage\"},\"thumbnailUrl\":\"https:\\\/\\\/kibrisdakik.com\\\/wp-content\\\/uploads\\\/2023\\\/10\\\/dfjsldfj33-740x420.jpg\",\"articleSection\":[\"G\u00fcndem\"],\"inLanguage\":\"tr\",\"potentialAction\":[{\"@type\":\"CommentAction\",\"name\":\"Comment\",\"target\":[\"https:\\\/\\\/kibrisdakik.com\\\/?p=15213#respond\"]}]},{\"@type\":\"WebPage\",\"@id\":\"https:\\\/\\\/kibrisdakik.com\\\/?p=15213\",\"url\":\"https:\\\/\\\/kibrisdakik.com\\\/?p=15213\",\"name\":\"4. G\u00fcne\u015fk\u00f6y Nar Panay\u0131r\u0131 t\u00f6renle ba\u015flad\u0131 -\",\"isPartOf\":{\"@id\":\"https:\\\/\\\/kibrisdakik.com\\\/#website\"},\"primaryImageOfPage\":{\"@id\":\"https:\\\/\\\/kibrisdakik.com\\\/?p=15213#primaryimage\"},\"image\":{\"@id\":\"https:\\\/\\\/kibrisdakik.com\\\/?p=15213#primaryimage\"},\"thumbnailUrl\":\"https:\\\/\\\/kibrisdakik.com\\\/wp-content\\\/uploads\\\/2023\\\/10\\\/dfjsldfj33-740x420.jpg\",\"datePublished\":\"2023-10-07T11:56:15+00:00\",\"author\":{\"@id\":\"https:\\\/\\\/kibrisdakik.com\\\/#\\\/schema\\\/person\\\/9cd9d437bbb44f72b73ba127e06d8e79\"},\"breadcrumb\":{\"@id\":\"https:\\\/\\\/kibrisdakik.com\\\/?p=15213#breadcrumb\"},\"inLanguage\":\"tr\",\"potentialAction\":[{\"@type\":\"ReadAction\",\"target\":[\"https:\\\/\\\/kibrisdakik.com\\\/?p=15213\"]}]},{\"@type\":\"ImageObject\",\"inLanguage\":\"tr\",\"@id\":\"https:\\\/\\\/kibrisdakik.com\\\/?p=15213#primaryimage\",\"url\":\"https:\\\/\\\/kibrisdakik.com\\\/wp-content\\\/uploads\\\/2023\\\/10\\\/dfjsldfj33-740x420.jpg\",\"contentUrl\":\"https:\\\/\\\/kibrisdakik.com\\\/wp-content\\\/uploads\\\/2023\\\/10\\\/dfjsldfj33-740x420.jpg\",\"width\":1600,\"height\":1066},{\"@type\":\"BreadcrumbList\",\"@id\":\"https:\\\/\\\/kibrisdakik.com\\\/?p=15213#breadcrumb\",\"itemListElement\":[{\"@type\":\"ListItem\",\"position\":1,\"name\":\"Home\",\"item\":\"https:\\\/\\\/kibrisdakik.com\\\/\"},{\"@type\":\"ListItem\",\"position\":2,\"name\":\"4. G\u00fcne\u015fk\u00f6y Nar Panay\u0131r\u0131 t\u00f6renle ba\u015flad\u0131\"}]},{\"@type\":\"WebSite\",\"@id\":\"https:\\\/\\\/kibrisdakik.com\\\/#website\",\"url\":\"https:\\\/\\\/kibrisdakik.com\\\/\",\"name\":\"\",\"description\":\"Tam vaktinde haber\",\"potentialAction\":[{\"@type\":\"SearchAction\",\"target\":{\"@type\":\"EntryPoint\",\"urlTemplate\":\"https:\\\/\\\/kibrisdakik.com\\\/?s={search_term_string}\"},\"query-input\":{\"@type\":\"PropertyValueSpecification\",\"valueRequired\":true,\"valueName\":\"search_term_string\"}}],\"inLanguage\":\"tr\"},{\"@type\":\"Person\",\"@id\":\"https:\\\/\\\/kibrisdakik.com\\\/#\\\/schema\\\/person\\\/9cd9d437bbb44f72b73ba127e06d8e79\",\"name\":\"admin\",\"image\":{\"@type\":\"ImageObject\",\"inLanguage\":\"tr\",\"@id\":\"https:\\\/\\\/secure.gravatar.com\\\/avatar\\\/ccc17943b9d660506c869530f897617f7cb1c21a4bf30023f252596d83e1f007?s=96&d=mm&r=g\",\"url\":\"https:\\\/\\\/secure.gravatar.com\\\/avatar\\\/ccc17943b9d660506c869530f897617f7cb1c21a4bf30023f252596d83e1f007?s=96&d=mm&r=g\",\"contentUrl\":\"https:\\\/\\\/secure.gravatar.com\\\/avatar\\\/ccc17943b9d660506c869530f897617f7cb1c21a4bf30023f252596d83e1f007?s=96&d=mm&r=g\",\"caption\":\"admin\"},\"sameAs\":[\"https:\\\/\\\/kibrisdakik.com\"],\"url\":\"https:\\\/\\\/kibrisdakik.com\\\/?author=1\"}]}<\/script>\n<!-- \/ Yoast SEO plugin. -->","yoast_head_json":{"title":"4. G\u00fcne\u015fk\u00f6y Nar Panay\u0131r\u0131 t\u00f6renle ba\u015flad\u0131 -","robots":{"index":"index","follow":"follow","max-snippet":"max-snippet:-1","max-image-preview":"max-image-preview:large","max-video-preview":"max-video-preview:-1"},"canonical":"https:\/\/kibrisdakik.com\/?p=15213","og_locale":"tr_TR","og_type":"article","og_title":"4. G\u00fcne\u015fk\u00f6y Nar Panay\u0131r\u0131 t\u00f6renle ba\u015flad\u0131 -","og_description":"G\u00fcne\u015fk\u00f6y Muhtarl\u0131\u011f\u0131 taraf\u0131ndan d\u00fczenlenen 4. G\u00fcne\u015fk\u00f6y Geleneksel Nar Panay\u0131r\u0131 d\u00fczenlenen t\u00f6renle a\u00e7\u0131ld\u0131.A\u00e7\u0131l\u0131\u015f t\u00f6reninde konu\u015fan G\u00fcne\u015fk\u00f6y Muhtar\u0131 Akay Darbaz, ama\u00e7lar\u0131n\u0131n \u00fcretimde nara gereken de\u011ferin verilmesi konusunda fark\u0131ndal\u0131k yaratmak oldu\u011funu kaydetti, imece usul\u00fc ile \u00e7ok g\u00fczel bir panay\u0131r organize ettiklerini anlatt\u0131. Lefko\u015fa T\u00fcrk Belediyesi Ba\u015fkan\u0131 Mehmet Harmanc\u0131 ile CTP G\u00fczelyurt Milletvekili Arma\u011fan Candan da s\u00f6z alarak panay\u0131r\u0131n","og_url":"https:\/\/kibrisdakik.com\/?p=15213","article_published_time":"2023-10-07T11:56:15+00:00","og_image":[{"width":1600,"height":1066,"url":"https:\/\/kibrisdakik.com\/wp-content\/uploads\/2023\/10\/dfjsldfj33-740x420.jpg","type":"image\/jpeg"}],"author":"admin","twitter_card":"summary_large_image","twitter_misc":{"Yazan:":"admin","Tahmini okuma s\u00fcresi":"2 dakika"},"schema":{"@context":"https:\/\/schema.org","@graph":[{"@type":"Article","@id":"https:\/\/kibrisdakik.com\/?p=15213#article","isPartOf":{"@id":"https:\/\/kibrisdakik.com\/?p=15213"},"author":{"name":"admin","@id":"https:\/\/kibrisdakik.com\/#\/schema\/person\/9cd9d437bbb44f72b73ba127e06d8e79"},"headline":"4. G\u00fcne\u015fk\u00f6y Nar Panay\u0131r\u0131 t\u00f6renle ba\u015flad\u0131","datePublished":"2023-10-07T11:56:15+00:00","mainEntityOfPage":{"@id":"https:\/\/kibrisdakik.com\/?p=15213"},"wordCount":352,"commentCount":0,"image":{"@id":"https:\/\/kibrisdakik.com\/?p=15213#primaryimage"},"thumbnailUrl":"https:\/\/kibrisdakik.com\/wp-content\/uploads\/2023\/10\/dfjsldfj33-740x420.jpg","articleSection":["G\u00fcndem"],"inLanguage":"tr","potentialAction":[{"@type":"CommentAction","name":"Comment","target":["https:\/\/kibrisdakik.com\/?p=15213#respond"]}]},{"@type":"WebPage","@id":"https:\/\/kibrisdakik.com\/?p=15213","url":"https:\/\/kibrisdakik.com\/?p=15213","name":"4. G\u00fcne\u015fk\u00f6y Nar Panay\u0131r\u0131 t\u00f6renle ba\u015flad\u0131 -","isPartOf":{"@id":"https:\/\/kibrisdakik.com\/#website"},"primaryImageOfPage":{"@id":"https:\/\/kibrisdakik.com\/?p=15213#primaryimage"},"image":{"@id":"https:\/\/kibrisdakik.com\/?p=15213#primaryimage"},"thumbnailUrl":"https:\/\/kibrisdakik.com\/wp-content\/uploads\/2023\/10\/dfjsldfj33-740x420.jpg","datePublished":"2023-10-07T11:56:15+00:00","author":{"@id":"https:\/\/kibrisdakik.com\/#\/schema\/person\/9cd9d437bbb44f72b73ba127e06d8e79"},"breadcrumb":{"@id":"https:\/\/kibrisdakik.com\/?p=15213#breadcrumb"},"inLanguage":"tr","potentialAction":[{"@type":"ReadAction","target":["https:\/\/kibrisdakik.com\/?p=15213"]}]},{"@type":"ImageObject","inLanguage":"tr","@id":"https:\/\/kibrisdakik.com\/?p=15213#primaryimage","url":"https:\/\/kibrisdakik.com\/wp-content\/uploads\/2023\/10\/dfjsldfj33-740x420.jpg","contentUrl":"https:\/\/kibrisdakik.com\/wp-content\/uploads\/2023\/10\/dfjsldfj33-740x420.jpg","width":1600,"height":1066},{"@type":"BreadcrumbList","@id":"https:\/\/kibrisdakik.com\/?p=15213#breadcrumb","itemListElement":[{"@type":"ListItem","position":1,"name":"Home","item":"https:\/\/kibrisdakik.com\/"},{"@type":"ListItem","position":2,"name":"4. G\u00fcne\u015fk\u00f6y Nar Panay\u0131r\u0131 t\u00f6renle ba\u015flad\u0131"}]},{"@type":"WebSite","@id":"https:\/\/kibrisdakik.com\/#website","url":"https:\/\/kibrisdakik.com\/","name":"","description":"Tam vaktinde haber","potentialAction":[{"@type":"SearchAction","target":{"@type":"EntryPoint","urlTemplate":"https:\/\/kibrisdakik.com\/?s={search_term_string}"},"query-input":{"@type":"PropertyValueSpecification","valueRequired":true,"valueName":"search_term_string"}}],"inLanguage":"tr"},{"@type":"Person","@id":"https:\/\/kibrisdakik.com\/#\/schema\/person\/9cd9d437bbb44f72b73ba127e06d8e79","name":"admin","image":{"@type":"ImageObject","inLanguage":"tr","@id":"https:\/\/secure.gravatar.com\/avatar\/ccc17943b9d660506c869530f897617f7cb1c21a4bf30023f252596d83e1f007?s=96&d=mm&r=g","url":"https:\/\/secure.gravatar.com\/avatar\/ccc17943b9d660506c869530f897617f7cb1c21a4bf30023f252596d83e1f007?s=96&d=mm&r=g","contentUrl":"https:\/\/secure.gravatar.com\/avatar\/ccc17943b9d660506c869530f897617f7cb1c21a4bf30023f252596d83e1f007?s=96&d=mm&r=g","caption":"admin"},"sameAs":["https:\/\/kibrisdakik.com"],"url":"https:\/\/kibrisdakik.com\/?author=1"}]}},"_links":{"self":[{"href":"https:\/\/kibrisdakik.com\/index.php?rest_route=\/wp\/v2\/posts\/15213","targetHints":{"allow":["GET"]}}],"collection":[{"href":"https:\/\/kibrisdakik.com\/index.php?rest_route=\/wp\/v2\/posts"}],"about":[{"href":"https:\/\/kibrisdakik.com\/index.php?rest_route=\/wp\/v2\/types\/post"}],"author":[{"embeddable":true,"href":"https:\/\/kibrisdakik.com\/index.php?rest_route=\/wp\/v2\/users\/1"}],"replies":[{"embeddable":true,"href":"https:\/\/kibrisdakik.com\/index.php?rest_route=%2Fwp%2Fv2%2Fcomments&post=15213"}],"version-history":[{"count":0,"href":"https:\/\/kibrisdakik.com\/index.php?rest_route=\/wp\/v2\/posts\/15213\/revisions"}],"wp:featuredmedia":[{"embeddable":true,"href":"https:\/\/kibrisdakik.com\/index.php?rest_route=\/wp\/v2\/media\/15214"}],"wp:attachment":[{"href":"https:\/\/kibrisdakik.com\/index.php?rest_route=%2Fwp%2Fv2%2Fmedia&parent=15213"}],"wp:term":[{"taxonomy":"category","embeddable":true,"href":"https:\/\/kibrisdakik.com\/index.php?rest_route=%2Fwp%2Fv2%2Fcategories&post=15213"},{"taxonomy":"post_tag","embeddable":true,"href":"https:\/\/kibrisdakik.com\/index.php?rest_route=%2Fwp%2Fv2%2Ftags&post=15213"}],"curies":[{"name":"wp","href":"https:\/\/api.w.org\/{rel}","templated":true}]}}