{"id":15237,"date":"2023-10-07T19:28:40","date_gmt":"2023-10-07T19:28:40","guid":{"rendered":"https:\/\/kibrisdakik.com\/index.php\/2023\/10\/07\/tc-msb-terorle-mucadele-azim-ve-kararlilikla-devam-edecek-operasyonda-etkisiz-hale-getirilen-terorist-sayisi-58e-yukseldi\/"},"modified":"2023-10-07T19:28:40","modified_gmt":"2023-10-07T19:28:40","slug":"tc-msb-terorle-mucadele-azim-ve-kararlilikla-devam-edecek-operasyonda-etkisiz-hale-getirilen-terorist-sayisi-58e-yukseldi","status":"publish","type":"post","link":"https:\/\/kibrisdakik.com\/?p=15237","title":{"rendered":"TC MSB: Ter\u00f6rle m\u00fccadele azim ve kararl\u0131l\u0131kla devam edecek. Operasyonda etkisiz hale getirilen ter\u00f6rist say\u0131s\u0131 58\u2019e y\u00fckseldi"},"content":{"rendered":"<p><\/p>\n<div>\n<div class=\"mariselle-image-container center\">\n                <img width=\"750\" height=\"464\" class=\"lazy-image\" alt=\"\" decoding=\"async\" loading=\"lazy\" sizes=\"auto, (max-width: 750px) 100vw, 750px\" src=\"https:\/\/brtk.net\/wp-content\/uploads\/2023\/10\/07\/msb-750x464-1.jpg?ver=328e4f977a3108102a49db5f7558c640\" srcset=\"https:\/\/brtk.net\/wp-content\/uploads\/2023\/10\/07\/msb-750x464-1.jpg?ver=328e4f977a3108102a49db5f7558c640 750w, https:\/\/brtk.net\/wp-content\/uploads\/2023\/10\/07\/msb-750x464-1-300x186.jpg?ver=328e4f977a3108102a49db5f7558c640 300w\"\/>                            <\/div>\n<p>\nT\u00fcrk Silahl\u0131 Kuvvetleri\u2019nin, d\u00fcn gece Suriye\u2019nin kuzeyinde ger\u00e7ekle\u015ftirdi\u011fi operasyonda etkisiz hale getirilen ter\u00f6rist say\u0131s\u0131 58\u2019e y\u00fckseldi.<\/p>\n<p>Milli Savunma Bakanl\u0131\u011f\u0131, Suriye\u2019nin kuzeyinde F\u0131rat Kalkan\u0131, Zeytin Dal\u0131 ve Bar\u0131\u015f P\u0131nar\u0131 b\u00f6lgelerindeki PKK\/YPG\u2019li ter\u00f6ristlere ait hedeflerin gece boyunca ate\u015f destek vas\u0131talar\u0131yla g\u00fc\u00e7l\u00fc \u015fekilde vuruldu\u011funu aktard\u0131.<\/p>\n<p>Ger\u00e7ekle\u015ftirilen operasyonda etkisiz hale getirilen ter\u00f6rist say\u0131s\u0131 58\u2019e y\u00fckseldi. Bakanl\u0131k harekata ili\u015fkin g\u00f6r\u00fcnt\u00fcleri de payla\u015ft\u0131. G\u00f6r\u00fcnt\u00fclerde, ter\u00f6r \u00f6rg\u00fct\u00fcne ait hedeflerin vurulma anlar\u0131 yer ald\u0131.<\/p>\n<p>Ter\u00f6r \u00f6rg\u00fct\u00fc PKK\/YPG ve di\u011fer ter\u00f6rist unsurlar\u0131 etkisiz hale getirmek amac\u0131yla, Suriye\u2019deki ter\u00f6r hedeflerine d\u00fcn saat 22.00\u2019de hava harekat\u0131 d\u00fczenlendi.<\/p>\n<p>Milli Savunma Bakanl\u0131\u011f\u0131, hava harekatlar\u0131yla i\u00e7erisinde sorumlu d\u00fczeyde ter\u00f6ristlerin de bulundu\u011fu de\u011ferlendirilen s\u00f6zde karargah, bar\u0131nak ve depolardan olu\u015fan 15 hedefin imha edildi\u011fini a\u00e7\u0131klad\u0131.<\/p>\n<p>Harekatlarda azami oranda yerli ve milli m\u00fchimmat kullan\u0131larak \u00e7ok say\u0131da ter\u00f6rist etkisiz hale getirildi\u011fi vurgulanan a\u00e7\u0131klamada, \u201cAsil milletimizin ba\u011fr\u0131ndan \u00e7\u0131kan T\u00fcrk Silahl\u0131 Kuvvetleri, ge\u00e7mi\u015fte oldu\u011fu gibi bug\u00fcn de \u00fclkemizin ve milletimizin beka ve g\u00fcvenli\u011fi i\u00e7in ter\u00f6rle m\u00fccadeleye tek bir ter\u00f6rist kalmay\u0131ncaya kadar azim ve kararl\u0131l\u0131kla devam edecektir. Bu harekat s\u0131ras\u0131nda masum sivillerin, dost unsurlar\u0131n, tarihi ve k\u00fclt\u00fcrel varl\u0131klar ile \u00e7evrenin zarar g\u00f6rmemesi i\u00e7in her t\u00fcrl\u00fc tedbir al\u0131nm\u0131\u015ft\u0131r.\u201d \u0130fadeleri yer ald\u0131.<\/p>\n<\/p><\/div>\n<p><script async\n                    defer\n                    crossorigin=\"anonymous\"\n                    src=\"https:\/\/connect.facebook.net\/tr_TR\/sdk.js#xfbml=1&#038;version=v3.3\"\n            ><\/script><\/p>\n","protected":false},"excerpt":{"rendered":"<p>T\u00fcrk Silahl\u0131 Kuvvetleri\u2019nin, d\u00fcn gece Suriye\u2019nin kuzeyinde ger\u00e7ekle\u015ftirdi\u011fi operasyonda etkisiz hale getirilen ter\u00f6rist say\u0131s\u0131 58\u2019e y\u00fckseldi. Milli Savunma Bakanl\u0131\u011f\u0131, Suriye\u2019nin kuzeyinde F\u0131rat Kalkan\u0131, Zeytin Dal\u0131 ve Bar\u0131\u015f P\u0131nar\u0131 b\u00f6lgelerindeki PKK\/YPG\u2019li ter\u00f6ristlere ait hedeflerin gece boyunca ate\u015f destek vas\u0131talar\u0131yla g\u00fc\u00e7l\u00fc \u015fekilde vuruldu\u011funu aktard\u0131. Ger\u00e7ekle\u015ftirilen operasyonda etkisiz hale getirilen ter\u00f6rist say\u0131s\u0131 58\u2019e y\u00fckseldi. Bakanl\u0131k harekata ili\u015fkin g\u00f6r\u00fcnt\u00fcleri<\/p>\n","protected":false},"author":1,"featured_media":15238,"comment_status":"open","ping_status":"open","sticky":false,"template":"","format":"standard","meta":{"footnotes":""},"categories":[86],"tags":[],"class_list":["post-15237","post","type-post","status-publish","format-standard","has-post-thumbnail","hentry","category-turkiye"],"yoast_head":"<!-- This site is optimized with the Yoast SEO plugin v27.5 - https:\/\/yoast.com\/product\/yoast-seo-wordpress\/ -->\n<title>TC MSB: Ter\u00f6rle m\u00fccadele azim ve kararl\u0131l\u0131kla devam edecek. Operasyonda etkisiz hale getirilen ter\u00f6rist say\u0131s\u0131 58\u2019e y\u00fckseldi -<\/title>\n<meta name=\"robots\" content=\"index, follow, max-snippet:-1, max-image-preview:large, max-video-preview:-1\" \/>\n<link rel=\"canonical\" href=\"https:\/\/kibrisdakik.com\/?p=15237\" \/>\n<meta property=\"og:locale\" content=\"tr_TR\" \/>\n<meta property=\"og:type\" content=\"article\" \/>\n<meta property=\"og:title\" content=\"TC MSB: Ter\u00f6rle m\u00fccadele azim ve kararl\u0131l\u0131kla devam edecek. Operasyonda etkisiz hale getirilen ter\u00f6rist say\u0131s\u0131 58\u2019e y\u00fckseldi -\" \/>\n<meta property=\"og:description\" content=\"T\u00fcrk Silahl\u0131 Kuvvetleri\u2019nin, d\u00fcn gece Suriye\u2019nin kuzeyinde ger\u00e7ekle\u015ftirdi\u011fi operasyonda etkisiz hale getirilen ter\u00f6rist say\u0131s\u0131 58\u2019e y\u00fckseldi. Milli Savunma Bakanl\u0131\u011f\u0131, Suriye\u2019nin kuzeyinde F\u0131rat Kalkan\u0131, Zeytin Dal\u0131 ve Bar\u0131\u015f P\u0131nar\u0131 b\u00f6lgelerindeki PKK\/YPG\u2019li ter\u00f6ristlere ait hedeflerin gece boyunca ate\u015f destek vas\u0131talar\u0131yla g\u00fc\u00e7l\u00fc \u015fekilde vuruldu\u011funu aktard\u0131. Ger\u00e7ekle\u015ftirilen operasyonda etkisiz hale getirilen ter\u00f6rist say\u0131s\u0131 58\u2019e y\u00fckseldi. Bakanl\u0131k harekata ili\u015fkin g\u00f6r\u00fcnt\u00fcleri\" \/>\n<meta property=\"og:url\" content=\"https:\/\/kibrisdakik.com\/?p=15237\" \/>\n<meta property=\"article:published_time\" content=\"2023-10-07T19:28:40+00:00\" \/>\n<meta property=\"og:image\" content=\"https:\/\/kibrisdakik.com\/wp-content\/uploads\/2023\/10\/msb-750x464-1-740x420.jpg\" \/>\n\t<meta property=\"og:image:width\" content=\"750\" \/>\n\t<meta property=\"og:image:height\" content=\"464\" \/>\n\t<meta property=\"og:image:type\" content=\"image\/jpeg\" \/>\n<meta name=\"author\" content=\"admin\" \/>\n<meta name=\"twitter:card\" content=\"summary_large_image\" \/>\n<meta name=\"twitter:label1\" content=\"Yazan:\" \/>\n\t<meta name=\"twitter:data1\" content=\"admin\" \/>\n\t<meta name=\"twitter:label2\" content=\"Tahmini okuma s\u00fcresi\" \/>\n\t<meta name=\"twitter:data2\" content=\"1 dakika\" \/>\n<script type=\"application\/ld+json\" class=\"yoast-schema-graph\">{\"@context\":\"https:\\\/\\\/schema.org\",\"@graph\":[{\"@type\":\"Article\",\"@id\":\"https:\\\/\\\/kibrisdakik.com\\\/?p=15237#article\",\"isPartOf\":{\"@id\":\"https:\\\/\\\/kibrisdakik.com\\\/?p=15237\"},\"author\":{\"name\":\"admin\",\"@id\":\"https:\\\/\\\/kibrisdakik.com\\\/#\\\/schema\\\/person\\\/9cd9d437bbb44f72b73ba127e06d8e79\"},\"headline\":\"TC MSB: Ter\u00f6rle m\u00fccadele azim ve kararl\u0131l\u0131kla devam edecek. Operasyonda etkisiz hale getirilen ter\u00f6rist say\u0131s\u0131 58\u2019e y\u00fckseldi\",\"datePublished\":\"2023-10-07T19:28:40+00:00\",\"mainEntityOfPage\":{\"@id\":\"https:\\\/\\\/kibrisdakik.com\\\/?p=15237\"},\"wordCount\":295,\"commentCount\":0,\"image\":{\"@id\":\"https:\\\/\\\/kibrisdakik.com\\\/?p=15237#primaryimage\"},\"thumbnailUrl\":\"https:\\\/\\\/kibrisdakik.com\\\/wp-content\\\/uploads\\\/2023\\\/10\\\/msb-750x464-1-740x420.jpg\",\"articleSection\":[\"T\u00fcrkiye\"],\"inLanguage\":\"tr\",\"potentialAction\":[{\"@type\":\"CommentAction\",\"name\":\"Comment\",\"target\":[\"https:\\\/\\\/kibrisdakik.com\\\/?p=15237#respond\"]}]},{\"@type\":\"WebPage\",\"@id\":\"https:\\\/\\\/kibrisdakik.com\\\/?p=15237\",\"url\":\"https:\\\/\\\/kibrisdakik.com\\\/?p=15237\",\"name\":\"TC MSB: Ter\u00f6rle m\u00fccadele azim ve kararl\u0131l\u0131kla devam edecek. Operasyonda etkisiz hale getirilen ter\u00f6rist say\u0131s\u0131 58\u2019e y\u00fckseldi -\",\"isPartOf\":{\"@id\":\"https:\\\/\\\/kibrisdakik.com\\\/#website\"},\"primaryImageOfPage\":{\"@id\":\"https:\\\/\\\/kibrisdakik.com\\\/?p=15237#primaryimage\"},\"image\":{\"@id\":\"https:\\\/\\\/kibrisdakik.com\\\/?p=15237#primaryimage\"},\"thumbnailUrl\":\"https:\\\/\\\/kibrisdakik.com\\\/wp-content\\\/uploads\\\/2023\\\/10\\\/msb-750x464-1-740x420.jpg\",\"datePublished\":\"2023-10-07T19:28:40+00:00\",\"author\":{\"@id\":\"https:\\\/\\\/kibrisdakik.com\\\/#\\\/schema\\\/person\\\/9cd9d437bbb44f72b73ba127e06d8e79\"},\"breadcrumb\":{\"@id\":\"https:\\\/\\\/kibrisdakik.com\\\/?p=15237#breadcrumb\"},\"inLanguage\":\"tr\",\"potentialAction\":[{\"@type\":\"ReadAction\",\"target\":[\"https:\\\/\\\/kibrisdakik.com\\\/?p=15237\"]}]},{\"@type\":\"ImageObject\",\"inLanguage\":\"tr\",\"@id\":\"https:\\\/\\\/kibrisdakik.com\\\/?p=15237#primaryimage\",\"url\":\"https:\\\/\\\/kibrisdakik.com\\\/wp-content\\\/uploads\\\/2023\\\/10\\\/msb-750x464-1-740x420.jpg\",\"contentUrl\":\"https:\\\/\\\/kibrisdakik.com\\\/wp-content\\\/uploads\\\/2023\\\/10\\\/msb-750x464-1-740x420.jpg\",\"width\":750,\"height\":464},{\"@type\":\"BreadcrumbList\",\"@id\":\"https:\\\/\\\/kibrisdakik.com\\\/?p=15237#breadcrumb\",\"itemListElement\":[{\"@type\":\"ListItem\",\"position\":1,\"name\":\"Home\",\"item\":\"https:\\\/\\\/kibrisdakik.com\\\/\"},{\"@type\":\"ListItem\",\"position\":2,\"name\":\"TC MSB: Ter\u00f6rle m\u00fccadele azim ve kararl\u0131l\u0131kla devam edecek. Operasyonda etkisiz hale getirilen ter\u00f6rist say\u0131s\u0131 58\u2019e y\u00fckseldi\"}]},{\"@type\":\"WebSite\",\"@id\":\"https:\\\/\\\/kibrisdakik.com\\\/#website\",\"url\":\"https:\\\/\\\/kibrisdakik.com\\\/\",\"name\":\"\",\"description\":\"Tam vaktinde haber\",\"potentialAction\":[{\"@type\":\"SearchAction\",\"target\":{\"@type\":\"EntryPoint\",\"urlTemplate\":\"https:\\\/\\\/kibrisdakik.com\\\/?s={search_term_string}\"},\"query-input\":{\"@type\":\"PropertyValueSpecification\",\"valueRequired\":true,\"valueName\":\"search_term_string\"}}],\"inLanguage\":\"tr\"},{\"@type\":\"Person\",\"@id\":\"https:\\\/\\\/kibrisdakik.com\\\/#\\\/schema\\\/person\\\/9cd9d437bbb44f72b73ba127e06d8e79\",\"name\":\"admin\",\"image\":{\"@type\":\"ImageObject\",\"inLanguage\":\"tr\",\"@id\":\"https:\\\/\\\/secure.gravatar.com\\\/avatar\\\/ccc17943b9d660506c869530f897617f7cb1c21a4bf30023f252596d83e1f007?s=96&d=mm&r=g\",\"url\":\"https:\\\/\\\/secure.gravatar.com\\\/avatar\\\/ccc17943b9d660506c869530f897617f7cb1c21a4bf30023f252596d83e1f007?s=96&d=mm&r=g\",\"contentUrl\":\"https:\\\/\\\/secure.gravatar.com\\\/avatar\\\/ccc17943b9d660506c869530f897617f7cb1c21a4bf30023f252596d83e1f007?s=96&d=mm&r=g\",\"caption\":\"admin\"},\"sameAs\":[\"https:\\\/\\\/kibrisdakik.com\"],\"url\":\"https:\\\/\\\/kibrisdakik.com\\\/?author=1\"}]}<\/script>\n<!-- \/ Yoast SEO plugin. -->","yoast_head_json":{"title":"TC MSB: Ter\u00f6rle m\u00fccadele azim ve kararl\u0131l\u0131kla devam edecek. Operasyonda etkisiz hale getirilen ter\u00f6rist say\u0131s\u0131 58\u2019e y\u00fckseldi -","robots":{"index":"index","follow":"follow","max-snippet":"max-snippet:-1","max-image-preview":"max-image-preview:large","max-video-preview":"max-video-preview:-1"},"canonical":"https:\/\/kibrisdakik.com\/?p=15237","og_locale":"tr_TR","og_type":"article","og_title":"TC MSB: Ter\u00f6rle m\u00fccadele azim ve kararl\u0131l\u0131kla devam edecek. Operasyonda etkisiz hale getirilen ter\u00f6rist say\u0131s\u0131 58\u2019e y\u00fckseldi -","og_description":"T\u00fcrk Silahl\u0131 Kuvvetleri\u2019nin, d\u00fcn gece Suriye\u2019nin kuzeyinde ger\u00e7ekle\u015ftirdi\u011fi operasyonda etkisiz hale getirilen ter\u00f6rist say\u0131s\u0131 58\u2019e y\u00fckseldi. Milli Savunma Bakanl\u0131\u011f\u0131, Suriye\u2019nin kuzeyinde F\u0131rat Kalkan\u0131, Zeytin Dal\u0131 ve Bar\u0131\u015f P\u0131nar\u0131 b\u00f6lgelerindeki PKK\/YPG\u2019li ter\u00f6ristlere ait hedeflerin gece boyunca ate\u015f destek vas\u0131talar\u0131yla g\u00fc\u00e7l\u00fc \u015fekilde vuruldu\u011funu aktard\u0131. Ger\u00e7ekle\u015ftirilen operasyonda etkisiz hale getirilen ter\u00f6rist say\u0131s\u0131 58\u2019e y\u00fckseldi. Bakanl\u0131k harekata ili\u015fkin g\u00f6r\u00fcnt\u00fcleri","og_url":"https:\/\/kibrisdakik.com\/?p=15237","article_published_time":"2023-10-07T19:28:40+00:00","og_image":[{"width":750,"height":464,"url":"https:\/\/kibrisdakik.com\/wp-content\/uploads\/2023\/10\/msb-750x464-1-740x420.jpg","type":"image\/jpeg"}],"author":"admin","twitter_card":"summary_large_image","twitter_misc":{"Yazan:":"admin","Tahmini okuma s\u00fcresi":"1 dakika"},"schema":{"@context":"https:\/\/schema.org","@graph":[{"@type":"Article","@id":"https:\/\/kibrisdakik.com\/?p=15237#article","isPartOf":{"@id":"https:\/\/kibrisdakik.com\/?p=15237"},"author":{"name":"admin","@id":"https:\/\/kibrisdakik.com\/#\/schema\/person\/9cd9d437bbb44f72b73ba127e06d8e79"},"headline":"TC MSB: Ter\u00f6rle m\u00fccadele azim ve kararl\u0131l\u0131kla devam edecek. Operasyonda etkisiz hale getirilen ter\u00f6rist say\u0131s\u0131 58\u2019e y\u00fckseldi","datePublished":"2023-10-07T19:28:40+00:00","mainEntityOfPage":{"@id":"https:\/\/kibrisdakik.com\/?p=15237"},"wordCount":295,"commentCount":0,"image":{"@id":"https:\/\/kibrisdakik.com\/?p=15237#primaryimage"},"thumbnailUrl":"https:\/\/kibrisdakik.com\/wp-content\/uploads\/2023\/10\/msb-750x464-1-740x420.jpg","articleSection":["T\u00fcrkiye"],"inLanguage":"tr","potentialAction":[{"@type":"CommentAction","name":"Comment","target":["https:\/\/kibrisdakik.com\/?p=15237#respond"]}]},{"@type":"WebPage","@id":"https:\/\/kibrisdakik.com\/?p=15237","url":"https:\/\/kibrisdakik.com\/?p=15237","name":"TC MSB: Ter\u00f6rle m\u00fccadele azim ve kararl\u0131l\u0131kla devam edecek. Operasyonda etkisiz hale getirilen ter\u00f6rist say\u0131s\u0131 58\u2019e y\u00fckseldi -","isPartOf":{"@id":"https:\/\/kibrisdakik.com\/#website"},"primaryImageOfPage":{"@id":"https:\/\/kibrisdakik.com\/?p=15237#primaryimage"},"image":{"@id":"https:\/\/kibrisdakik.com\/?p=15237#primaryimage"},"thumbnailUrl":"https:\/\/kibrisdakik.com\/wp-content\/uploads\/2023\/10\/msb-750x464-1-740x420.jpg","datePublished":"2023-10-07T19:28:40+00:00","author":{"@id":"https:\/\/kibrisdakik.com\/#\/schema\/person\/9cd9d437bbb44f72b73ba127e06d8e79"},"breadcrumb":{"@id":"https:\/\/kibrisdakik.com\/?p=15237#breadcrumb"},"inLanguage":"tr","potentialAction":[{"@type":"ReadAction","target":["https:\/\/kibrisdakik.com\/?p=15237"]}]},{"@type":"ImageObject","inLanguage":"tr","@id":"https:\/\/kibrisdakik.com\/?p=15237#primaryimage","url":"https:\/\/kibrisdakik.com\/wp-content\/uploads\/2023\/10\/msb-750x464-1-740x420.jpg","contentUrl":"https:\/\/kibrisdakik.com\/wp-content\/uploads\/2023\/10\/msb-750x464-1-740x420.jpg","width":750,"height":464},{"@type":"BreadcrumbList","@id":"https:\/\/kibrisdakik.com\/?p=15237#breadcrumb","itemListElement":[{"@type":"ListItem","position":1,"name":"Home","item":"https:\/\/kibrisdakik.com\/"},{"@type":"ListItem","position":2,"name":"TC MSB: Ter\u00f6rle m\u00fccadele azim ve kararl\u0131l\u0131kla devam edecek. Operasyonda etkisiz hale getirilen ter\u00f6rist say\u0131s\u0131 58\u2019e y\u00fckseldi"}]},{"@type":"WebSite","@id":"https:\/\/kibrisdakik.com\/#website","url":"https:\/\/kibrisdakik.com\/","name":"","description":"Tam vaktinde haber","potentialAction":[{"@type":"SearchAction","target":{"@type":"EntryPoint","urlTemplate":"https:\/\/kibrisdakik.com\/?s={search_term_string}"},"query-input":{"@type":"PropertyValueSpecification","valueRequired":true,"valueName":"search_term_string"}}],"inLanguage":"tr"},{"@type":"Person","@id":"https:\/\/kibrisdakik.com\/#\/schema\/person\/9cd9d437bbb44f72b73ba127e06d8e79","name":"admin","image":{"@type":"ImageObject","inLanguage":"tr","@id":"https:\/\/secure.gravatar.com\/avatar\/ccc17943b9d660506c869530f897617f7cb1c21a4bf30023f252596d83e1f007?s=96&d=mm&r=g","url":"https:\/\/secure.gravatar.com\/avatar\/ccc17943b9d660506c869530f897617f7cb1c21a4bf30023f252596d83e1f007?s=96&d=mm&r=g","contentUrl":"https:\/\/secure.gravatar.com\/avatar\/ccc17943b9d660506c869530f897617f7cb1c21a4bf30023f252596d83e1f007?s=96&d=mm&r=g","caption":"admin"},"sameAs":["https:\/\/kibrisdakik.com"],"url":"https:\/\/kibrisdakik.com\/?author=1"}]}},"_links":{"self":[{"href":"https:\/\/kibrisdakik.com\/index.php?rest_route=\/wp\/v2\/posts\/15237","targetHints":{"allow":["GET"]}}],"collection":[{"href":"https:\/\/kibrisdakik.com\/index.php?rest_route=\/wp\/v2\/posts"}],"about":[{"href":"https:\/\/kibrisdakik.com\/index.php?rest_route=\/wp\/v2\/types\/post"}],"author":[{"embeddable":true,"href":"https:\/\/kibrisdakik.com\/index.php?rest_route=\/wp\/v2\/users\/1"}],"replies":[{"embeddable":true,"href":"https:\/\/kibrisdakik.com\/index.php?rest_route=%2Fwp%2Fv2%2Fcomments&post=15237"}],"version-history":[{"count":0,"href":"https:\/\/kibrisdakik.com\/index.php?rest_route=\/wp\/v2\/posts\/15237\/revisions"}],"wp:featuredmedia":[{"embeddable":true,"href":"https:\/\/kibrisdakik.com\/index.php?rest_route=\/wp\/v2\/media\/15238"}],"wp:attachment":[{"href":"https:\/\/kibrisdakik.com\/index.php?rest_route=%2Fwp%2Fv2%2Fmedia&parent=15237"}],"wp:term":[{"taxonomy":"category","embeddable":true,"href":"https:\/\/kibrisdakik.com\/index.php?rest_route=%2Fwp%2Fv2%2Fcategories&post=15237"},{"taxonomy":"post_tag","embeddable":true,"href":"https:\/\/kibrisdakik.com\/index.php?rest_route=%2Fwp%2Fv2%2Ftags&post=15237"}],"curies":[{"name":"wp","href":"https:\/\/api.w.org\/{rel}","templated":true}]}}